{"id":31437,"date":"2022-03-11T14:20:13","date_gmt":"2022-03-11T17:20:13","guid":{"rendered":"https:\/\/marcelolopes.jor.br\/?p=31437"},"modified":"2022-03-11T17:53:28","modified_gmt":"2022-03-11T20:53:28","slug":"policia-militar-prende-3-homens-e-apreende-2-adolescentes-em-operacao-em-sereno","status":"publish","type":"post","link":"https:\/\/marcelolopes.jor.br\/site\/2022\/03\/11\/policia-militar-prende-3-homens-e-apreende-2-adolescentes-em-operacao-em-sereno\/","title":{"rendered":"Pol\u00edcias Militar e Civil prendem 3 e apreendem 2 adolescentes em Sereno"},"content":{"rendered":"<p style=\"text-align: justify;\">Durante apoio a uma opera\u00e7\u00e3o da Pol\u00edcia Civil realizada na manh\u00e3 desta sexta-feira, 11 de mar\u00e7o, em Sereno, distrito de Cataguases, a Pol\u00edcia Militar prendeu tr\u00eas homens e apreendeu dois adolescentes, al\u00e9m de drogas, arma de fogo artesanal, celulares e at\u00e9 um notebook sem proced\u00eancia.<!--more--><\/p>\n<p style=\"text-align: justify;\">Na noite da \u00faltima quarta-feira, 9, foi registrado um roubo naquele distrito, sendo os suspeitos identificados. No come\u00e7o desta manh\u00e3, os militares localizaram e abordaram tr\u00eas dos supostos autores em Sereno. Com eles foram encontrados um rev\u00f3lver artesanal, drogas diversas, aparelhos celulares e um notebook, todos de proced\u00eancia duvidosa, al\u00e9m de um fac\u00e3o. Todo o material foi apreendido, o suspeito maior de idade, foi preso e os dois adolescentes apreendidos.<\/p>\n<p style=\"text-align: justify;\">Ainda em Sereno, logo ap\u00f3s esta pris\u00e3o, uma equipe da PM que percorria o distrito deparou com um homem correndo ap\u00f3s ver a aproxima\u00e7\u00e3o da viatura. Os militares conseguiram abord\u00e1-lo, mas nada de il\u00edcito estava em seu poder. Por\u00e9m, na resid\u00eancia dele, foram encontrados material para embalar drogas, cigarros contrabandeados, c\u00e2meras de seguran\u00e7a, entre outros materiais sem proced\u00eancia, que foram apreendidos e ele preso.<\/p>\n<p style=\"text-align: justify;\">Todos eles e os materiais apreendidos foram encaminhados para a Delegacia de Pol\u00edcia Civil de Cataguases onde est\u00e3o sendo tomadas as medidas administrativas.<\/p>\n<p><img loading=\"lazy\" decoding=\"async\" class=\"aligncenter wp-image-31439 size-full\" src=\"https:\/\/marcelolopes.jor.br\/site\/wp-content\/uploads\/2022\/03\/Sereno-crime1.jpg\" alt=\"\" width=\"700\" height=\"610\" srcset=\"https:\/\/marcelolopes.jor.br\/site\/wp-content\/uploads\/2022\/03\/Sereno-crime1.jpg 700w, https:\/\/marcelolopes.jor.br\/site\/wp-content\/uploads\/2022\/03\/Sereno-crime1-300x261.jpg 300w\" sizes=\"auto, (max-width: 700px) 100vw, 700px\" \/><\/p>\n<p>Fotos: Pol\u00edcia Militar &#8211; divulga\u00e7\u00e3o<\/p>\n<div class=\"jqrsu69f5db2ddbf7d\" ><br><\/div><style type=\"text\/css\">\r\n@media screen and (min-width: 1201px) {\r\n.jqrsu69f5db2ddbf7d {\r\ndisplay: block;\r\n}\r\n}\r\n@media screen and (min-width: 993px) and (max-width: 1200px) {\r\n.jqrsu69f5db2ddbf7d {\r\ndisplay: block;\r\n}\r\n}\r\n@media screen and (min-width: 769px) and (max-width: 992px) {\r\n.jqrsu69f5db2ddbf7d {\r\ndisplay: block;\r\n}\r\n}\r\n@media screen and (min-width: 768px) and (max-width: 768px) {\r\n.jqrsu69f5db2ddbf7d {\r\ndisplay: block;\r\n}\r\n}\r\n@media screen and (max-width: 767px) {\r\n.jqrsu69f5db2ddbf7d {\r\ndisplay: block;\r\n}\r\n}\r\n<\/style>\r\n<div class=\"fvfmo69f5db2de1d2b\" ><div id=\"div_destino\"><\/div>\r\n<script src=\"https:\/\/cdn.snsrsv.com\/sdk.js\"><\/script>\r\n<script >\r\n      new sdk(\"464030C30061EA8BE065000000000001\") \r\n          .appendTo(\"div_destino\")\r\n          .disableStyle(true) \r\n          .setCacheBusterMacro(\"%%CACHEBUSTER%%\")\r\n          .setSize(\"800\",\"214\")\r\n          .setClickMacro(\"%%CLICK_URL_ESC%%\") \r\n          .setReferrerUrlMacro(\"%%REFERRER_URL_ESC%%\") \r\n          .start(); \r\n<\/script><\/div><style type=\"text\/css\">\r\n@media screen and (min-width: 1201px) {\r\n.fvfmo69f5db2de1d2b {\r\ndisplay: block;\r\n}\r\n}\r\n@media screen and (min-width: 993px) and (max-width: 1200px) {\r\n.fvfmo69f5db2de1d2b {\r\ndisplay: block;\r\n}\r\n}\r\n@media screen and (min-width: 769px) and (max-width: 992px) {\r\n.fvfmo69f5db2de1d2b {\r\ndisplay: block;\r\n}\r\n}\r\n@media screen and (min-width: 768px) and (max-width: 768px) {\r\n.fvfmo69f5db2de1d2b {\r\ndisplay: block;\r\n}\r\n}\r\n@media screen and (max-width: 767px) {\r\n.fvfmo69f5db2de1d2b {\r\ndisplay: block;\r\n}\r\n}\r\n<\/style>\r\n","protected":false},"excerpt":{"rendered":"<p>Durante apoio a uma opera\u00e7\u00e3o da Pol\u00edcia Civil realizada na manh\u00e3 desta sexta-feira, 11 de mar\u00e7o, em Sereno, distrito de Cataguases, a Pol\u00edcia Militar prendeu tr\u00eas homens e apreendeu dois adolescentes, al\u00e9m de drogas, arma de fogo artesanal, celulares e<\/p>\n<p class=\"link-more\"><a class=\"more-link\" href=\"https:\/\/marcelolopes.jor.br\/site\/2022\/03\/11\/policia-militar-prende-3-homens-e-apreende-2-adolescentes-em-operacao-em-sereno\/\">Leia mais <span class=\"screen-reader-text\">Pol\u00edcias Militar e Civil prendem 3 e apreendem 2 adolescentes em Sereno<\/span><\/a><\/p>\n","protected":false},"author":2,"featured_media":31440,"comment_status":"open","ping_status":"open","sticky":false,"template":"","format":"standard","meta":{"footnotes":""},"categories":[1],"tags":[5619,110,1004,85],"class_list":["post-31437","post","type-post","status-publish","format-standard","has-post-thumbnail","hentry","category-noticias","tag-operacao-em-sereno","tag-policia-militar","tag-prisao-em-flagrante","tag-sereno","thumb-below-title"],"yoast_head":"<!-- This site is optimized with the Yoast SEO plugin v27.4 - https:\/\/yoast.com\/product\/yoast-seo-wordpress\/ -->\n<title>Pol\u00edcias Militar e Civil prendem 3 e apreendem 2 adolescentes em Sereno | Marcelo Lopes<\/title>\n<meta name=\"robots\" content=\"index, follow, max-snippet:-1, max-image-preview:large, max-video-preview:-1\" \/>\n<link rel=\"canonical\" href=\"https:\/\/marcelolopes.jor.br\/site\/2022\/03\/11\/policia-militar-prende-3-homens-e-apreende-2-adolescentes-em-operacao-em-sereno\/\" \/>\n<meta property=\"og:locale\" content=\"pt_BR\" \/>\n<meta property=\"og:type\" content=\"article\" \/>\n<meta property=\"og:title\" content=\"Pol\u00edcias Militar e Civil prendem 3 e apreendem 2 adolescentes em Sereno | Marcelo Lopes\" \/>\n<meta property=\"og:description\" content=\"Durante apoio a uma opera\u00e7\u00e3o da Pol\u00edcia Civil realizada na manh\u00e3 desta sexta-feira, 11 de mar\u00e7o, em Sereno, distrito de Cataguases, a Pol\u00edcia Militar prendeu tr\u00eas homens e apreendeu dois adolescentes, al\u00e9m de drogas, arma de fogo artesanal, celulares eLeia mais Pol\u00edcias Militar e Civil prendem 3 e apreendem 2 adolescentes em Sereno\" \/>\n<meta property=\"og:url\" content=\"https:\/\/marcelolopes.jor.br\/site\/2022\/03\/11\/policia-militar-prende-3-homens-e-apreende-2-adolescentes-em-operacao-em-sereno\/\" \/>\n<meta property=\"og:site_name\" content=\"Marcelo Lopes\" \/>\n<meta property=\"article:publisher\" content=\"https:\/\/www.facebook.com\/sitedomarcelolopes\" \/>\n<meta property=\"article:published_time\" content=\"2022-03-11T17:20:13+00:00\" \/>\n<meta property=\"article:modified_time\" content=\"2022-03-11T20:53:28+00:00\" \/>\n<meta property=\"og:image\" content=\"https:\/\/marcelolopes.jor.br\/site\/wp-content\/uploads\/2022\/03\/Sereno-crime.jpg\" \/>\n\t<meta property=\"og:image:width\" content=\"800\" \/>\n\t<meta property=\"og:image:height\" content=\"503\" \/>\n\t<meta property=\"og:image:type\" content=\"image\/jpeg\" \/>\n<meta name=\"author\" content=\"Marcelo Lopes\" \/>\n<meta name=\"twitter:card\" content=\"summary_large_image\" \/>\n<meta name=\"twitter:label1\" content=\"Escrito por\" \/>\n\t<meta name=\"twitter:data1\" content=\"Marcelo Lopes\" \/>\n\t<meta name=\"twitter:label2\" content=\"Est. tempo de leitura\" \/>\n\t<meta name=\"twitter:data2\" content=\"1 minuto\" \/>\n<script type=\"application\/ld+json\" class=\"yoast-schema-graph\">{\"@context\":\"https:\\\/\\\/schema.org\",\"@graph\":[{\"@type\":\"NewsArticle\",\"@id\":\"https:\\\/\\\/marcelolopes.jor.br\\\/site\\\/2022\\\/03\\\/11\\\/policia-militar-prende-3-homens-e-apreende-2-adolescentes-em-operacao-em-sereno\\\/#article\",\"isPartOf\":{\"@id\":\"https:\\\/\\\/marcelolopes.jor.br\\\/site\\\/2022\\\/03\\\/11\\\/policia-militar-prende-3-homens-e-apreende-2-adolescentes-em-operacao-em-sereno\\\/\"},\"author\":{\"name\":\"Marcelo Lopes\",\"@id\":\"https:\\\/\\\/marcelolopes.jor.br\\\/site\\\/#\\\/schema\\\/person\\\/3e7216a35c34d8fdf952b31da3d1f89f\"},\"headline\":\"Pol\u00edcias Militar e Civil prendem 3 e apreendem 2 adolescentes em Sereno\",\"datePublished\":\"2022-03-11T17:20:13+00:00\",\"dateModified\":\"2022-03-11T20:53:28+00:00\",\"mainEntityOfPage\":{\"@id\":\"https:\\\/\\\/marcelolopes.jor.br\\\/site\\\/2022\\\/03\\\/11\\\/policia-militar-prende-3-homens-e-apreende-2-adolescentes-em-operacao-em-sereno\\\/\"},\"wordCount\":244,\"commentCount\":0,\"publisher\":{\"@id\":\"https:\\\/\\\/marcelolopes.jor.br\\\/site\\\/#organization\"},\"image\":{\"@id\":\"https:\\\/\\\/marcelolopes.jor.br\\\/site\\\/2022\\\/03\\\/11\\\/policia-militar-prende-3-homens-e-apreende-2-adolescentes-em-operacao-em-sereno\\\/#primaryimage\"},\"thumbnailUrl\":\"https:\\\/\\\/marcelolopes.jor.br\\\/site\\\/wp-content\\\/uploads\\\/2022\\\/03\\\/Sereno-crime.jpg\",\"keywords\":[\"opera\u00e7\u00e3o em Sereno\",\"pol\u00edcia militar\",\"pris\u00e3o em flagrante\",\"Sereno\"],\"articleSection\":[\"Not\u00edcias\"],\"inLanguage\":\"pt-BR\",\"potentialAction\":[{\"@type\":\"CommentAction\",\"name\":\"Comment\",\"target\":[\"https:\\\/\\\/marcelolopes.jor.br\\\/site\\\/2022\\\/03\\\/11\\\/policia-militar-prende-3-homens-e-apreende-2-adolescentes-em-operacao-em-sereno\\\/#respond\"]}]},{\"@type\":\"WebPage\",\"@id\":\"https:\\\/\\\/marcelolopes.jor.br\\\/site\\\/2022\\\/03\\\/11\\\/policia-militar-prende-3-homens-e-apreende-2-adolescentes-em-operacao-em-sereno\\\/\",\"url\":\"https:\\\/\\\/marcelolopes.jor.br\\\/site\\\/2022\\\/03\\\/11\\\/policia-militar-prende-3-homens-e-apreende-2-adolescentes-em-operacao-em-sereno\\\/\",\"name\":\"Pol\u00edcias Militar e Civil prendem 3 e apreendem 2 adolescentes em Sereno | Marcelo Lopes\",\"isPartOf\":{\"@id\":\"https:\\\/\\\/marcelolopes.jor.br\\\/site\\\/#website\"},\"primaryImageOfPage\":{\"@id\":\"https:\\\/\\\/marcelolopes.jor.br\\\/site\\\/2022\\\/03\\\/11\\\/policia-militar-prende-3-homens-e-apreende-2-adolescentes-em-operacao-em-sereno\\\/#primaryimage\"},\"image\":{\"@id\":\"https:\\\/\\\/marcelolopes.jor.br\\\/site\\\/2022\\\/03\\\/11\\\/policia-militar-prende-3-homens-e-apreende-2-adolescentes-em-operacao-em-sereno\\\/#primaryimage\"},\"thumbnailUrl\":\"https:\\\/\\\/marcelolopes.jor.br\\\/site\\\/wp-content\\\/uploads\\\/2022\\\/03\\\/Sereno-crime.jpg\",\"datePublished\":\"2022-03-11T17:20:13+00:00\",\"dateModified\":\"2022-03-11T20:53:28+00:00\",\"breadcrumb\":{\"@id\":\"https:\\\/\\\/marcelolopes.jor.br\\\/site\\\/2022\\\/03\\\/11\\\/policia-militar-prende-3-homens-e-apreende-2-adolescentes-em-operacao-em-sereno\\\/#breadcrumb\"},\"inLanguage\":\"pt-BR\",\"potentialAction\":[{\"@type\":\"ReadAction\",\"target\":[\"https:\\\/\\\/marcelolopes.jor.br\\\/site\\\/2022\\\/03\\\/11\\\/policia-militar-prende-3-homens-e-apreende-2-adolescentes-em-operacao-em-sereno\\\/\"]}]},{\"@type\":\"ImageObject\",\"inLanguage\":\"pt-BR\",\"@id\":\"https:\\\/\\\/marcelolopes.jor.br\\\/site\\\/2022\\\/03\\\/11\\\/policia-militar-prende-3-homens-e-apreende-2-adolescentes-em-operacao-em-sereno\\\/#primaryimage\",\"url\":\"https:\\\/\\\/marcelolopes.jor.br\\\/site\\\/wp-content\\\/uploads\\\/2022\\\/03\\\/Sereno-crime.jpg\",\"contentUrl\":\"https:\\\/\\\/marcelolopes.jor.br\\\/site\\\/wp-content\\\/uploads\\\/2022\\\/03\\\/Sereno-crime.jpg\",\"width\":800,\"height\":503},{\"@type\":\"BreadcrumbList\",\"@id\":\"https:\\\/\\\/marcelolopes.jor.br\\\/site\\\/2022\\\/03\\\/11\\\/policia-militar-prende-3-homens-e-apreende-2-adolescentes-em-operacao-em-sereno\\\/#breadcrumb\",\"itemListElement\":[{\"@type\":\"ListItem\",\"position\":1,\"name\":\"Home\",\"item\":\"https:\\\/\\\/marcelolopes.jor.br\\\/site\\\/\"},{\"@type\":\"ListItem\",\"position\":2,\"name\":\"Pol\u00edcias Militar e Civil prendem 3 e apreendem 2 adolescentes em Sereno\"}]},{\"@type\":\"WebSite\",\"@id\":\"https:\\\/\\\/marcelolopes.jor.br\\\/site\\\/#website\",\"url\":\"https:\\\/\\\/marcelolopes.jor.br\\\/site\\\/\",\"name\":\"Marcelo Lopes\",\"description\":\"Not\u00edcias de Cataguases e Regi\u00e3o\",\"publisher\":{\"@id\":\"https:\\\/\\\/marcelolopes.jor.br\\\/site\\\/#organization\"},\"potentialAction\":[{\"@type\":\"SearchAction\",\"target\":{\"@type\":\"EntryPoint\",\"urlTemplate\":\"https:\\\/\\\/marcelolopes.jor.br\\\/site\\\/?s={search_term_string}\"},\"query-input\":{\"@type\":\"PropertyValueSpecification\",\"valueRequired\":true,\"valueName\":\"search_term_string\"}}],\"inLanguage\":\"pt-BR\"},{\"@type\":\"Organization\",\"@id\":\"https:\\\/\\\/marcelolopes.jor.br\\\/site\\\/#organization\",\"name\":\"Site do Marcelo Lopes\",\"url\":\"https:\\\/\\\/marcelolopes.jor.br\\\/site\\\/\",\"logo\":{\"@type\":\"ImageObject\",\"inLanguage\":\"pt-BR\",\"@id\":\"https:\\\/\\\/marcelolopes.jor.br\\\/site\\\/#\\\/schema\\\/logo\\\/image\\\/\",\"url\":\"https:\\\/\\\/marcelolopes.jor.br\\\/site\\\/wp-content\\\/uploads\\\/2024\\\/11\\\/logo-1.png\",\"contentUrl\":\"https:\\\/\\\/marcelolopes.jor.br\\\/site\\\/wp-content\\\/uploads\\\/2024\\\/11\\\/logo-1.png\",\"width\":475,\"height\":80,\"caption\":\"Site do Marcelo Lopes\"},\"image\":{\"@id\":\"https:\\\/\\\/marcelolopes.jor.br\\\/site\\\/#\\\/schema\\\/logo\\\/image\\\/\"},\"sameAs\":[\"https:\\\/\\\/www.facebook.com\\\/sitedomarcelolopes\",\"https:\\\/\\\/www.instagram.com\\\/sitedomarcelolopes\\\/\",\"https:\\\/\\\/www.linkedin.com\\\/company\\\/site-do-marcelo-lopes\\\/\",\"https:\\\/\\\/www.youtube.com\\\/user\\\/marcelolopes957\"]},{\"@type\":\"Person\",\"@id\":\"https:\\\/\\\/marcelolopes.jor.br\\\/site\\\/#\\\/schema\\\/person\\\/3e7216a35c34d8fdf952b31da3d1f89f\",\"name\":\"Marcelo Lopes\",\"sameAs\":[\"http:\\\/\\\/www.marcelolopes.jor.br\"],\"url\":\"https:\\\/\\\/marcelolopes.jor.br\\\/site\\\/author\\\/marcelo\\\/\"}]}<\/script>\n<!-- \/ Yoast SEO plugin. -->","yoast_head_json":{"title":"Pol\u00edcias Militar e Civil prendem 3 e apreendem 2 adolescentes em Sereno | Marcelo Lopes","robots":{"index":"index","follow":"follow","max-snippet":"max-snippet:-1","max-image-preview":"max-image-preview:large","max-video-preview":"max-video-preview:-1"},"canonical":"https:\/\/marcelolopes.jor.br\/site\/2022\/03\/11\/policia-militar-prende-3-homens-e-apreende-2-adolescentes-em-operacao-em-sereno\/","og_locale":"pt_BR","og_type":"article","og_title":"Pol\u00edcias Militar e Civil prendem 3 e apreendem 2 adolescentes em Sereno | Marcelo Lopes","og_description":"Durante apoio a uma opera\u00e7\u00e3o da Pol\u00edcia Civil realizada na manh\u00e3 desta sexta-feira, 11 de mar\u00e7o, em Sereno, distrito de Cataguases, a Pol\u00edcia Militar prendeu tr\u00eas homens e apreendeu dois adolescentes, al\u00e9m de drogas, arma de fogo artesanal, celulares eLeia mais Pol\u00edcias Militar e Civil prendem 3 e apreendem 2 adolescentes em Sereno","og_url":"https:\/\/marcelolopes.jor.br\/site\/2022\/03\/11\/policia-militar-prende-3-homens-e-apreende-2-adolescentes-em-operacao-em-sereno\/","og_site_name":"Marcelo Lopes","article_publisher":"https:\/\/www.facebook.com\/sitedomarcelolopes","article_published_time":"2022-03-11T17:20:13+00:00","article_modified_time":"2022-03-11T20:53:28+00:00","og_image":[{"width":800,"height":503,"url":"https:\/\/marcelolopes.jor.br\/site\/wp-content\/uploads\/2022\/03\/Sereno-crime.jpg","type":"image\/jpeg"}],"author":"Marcelo Lopes","twitter_card":"summary_large_image","twitter_misc":{"Escrito por":"Marcelo Lopes","Est. tempo de leitura":"1 minuto"},"schema":{"@context":"https:\/\/schema.org","@graph":[{"@type":"NewsArticle","@id":"https:\/\/marcelolopes.jor.br\/site\/2022\/03\/11\/policia-militar-prende-3-homens-e-apreende-2-adolescentes-em-operacao-em-sereno\/#article","isPartOf":{"@id":"https:\/\/marcelolopes.jor.br\/site\/2022\/03\/11\/policia-militar-prende-3-homens-e-apreende-2-adolescentes-em-operacao-em-sereno\/"},"author":{"name":"Marcelo Lopes","@id":"https:\/\/marcelolopes.jor.br\/site\/#\/schema\/person\/3e7216a35c34d8fdf952b31da3d1f89f"},"headline":"Pol\u00edcias Militar e Civil prendem 3 e apreendem 2 adolescentes em Sereno","datePublished":"2022-03-11T17:20:13+00:00","dateModified":"2022-03-11T20:53:28+00:00","mainEntityOfPage":{"@id":"https:\/\/marcelolopes.jor.br\/site\/2022\/03\/11\/policia-militar-prende-3-homens-e-apreende-2-adolescentes-em-operacao-em-sereno\/"},"wordCount":244,"commentCount":0,"publisher":{"@id":"https:\/\/marcelolopes.jor.br\/site\/#organization"},"image":{"@id":"https:\/\/marcelolopes.jor.br\/site\/2022\/03\/11\/policia-militar-prende-3-homens-e-apreende-2-adolescentes-em-operacao-em-sereno\/#primaryimage"},"thumbnailUrl":"https:\/\/marcelolopes.jor.br\/site\/wp-content\/uploads\/2022\/03\/Sereno-crime.jpg","keywords":["opera\u00e7\u00e3o em Sereno","pol\u00edcia militar","pris\u00e3o em flagrante","Sereno"],"articleSection":["Not\u00edcias"],"inLanguage":"pt-BR","potentialAction":[{"@type":"CommentAction","name":"Comment","target":["https:\/\/marcelolopes.jor.br\/site\/2022\/03\/11\/policia-militar-prende-3-homens-e-apreende-2-adolescentes-em-operacao-em-sereno\/#respond"]}]},{"@type":"WebPage","@id":"https:\/\/marcelolopes.jor.br\/site\/2022\/03\/11\/policia-militar-prende-3-homens-e-apreende-2-adolescentes-em-operacao-em-sereno\/","url":"https:\/\/marcelolopes.jor.br\/site\/2022\/03\/11\/policia-militar-prende-3-homens-e-apreende-2-adolescentes-em-operacao-em-sereno\/","name":"Pol\u00edcias Militar e Civil prendem 3 e apreendem 2 adolescentes em Sereno | Marcelo Lopes","isPartOf":{"@id":"https:\/\/marcelolopes.jor.br\/site\/#website"},"primaryImageOfPage":{"@id":"https:\/\/marcelolopes.jor.br\/site\/2022\/03\/11\/policia-militar-prende-3-homens-e-apreende-2-adolescentes-em-operacao-em-sereno\/#primaryimage"},"image":{"@id":"https:\/\/marcelolopes.jor.br\/site\/2022\/03\/11\/policia-militar-prende-3-homens-e-apreende-2-adolescentes-em-operacao-em-sereno\/#primaryimage"},"thumbnailUrl":"https:\/\/marcelolopes.jor.br\/site\/wp-content\/uploads\/2022\/03\/Sereno-crime.jpg","datePublished":"2022-03-11T17:20:13+00:00","dateModified":"2022-03-11T20:53:28+00:00","breadcrumb":{"@id":"https:\/\/marcelolopes.jor.br\/site\/2022\/03\/11\/policia-militar-prende-3-homens-e-apreende-2-adolescentes-em-operacao-em-sereno\/#breadcrumb"},"inLanguage":"pt-BR","potentialAction":[{"@type":"ReadAction","target":["https:\/\/marcelolopes.jor.br\/site\/2022\/03\/11\/policia-militar-prende-3-homens-e-apreende-2-adolescentes-em-operacao-em-sereno\/"]}]},{"@type":"ImageObject","inLanguage":"pt-BR","@id":"https:\/\/marcelolopes.jor.br\/site\/2022\/03\/11\/policia-militar-prende-3-homens-e-apreende-2-adolescentes-em-operacao-em-sereno\/#primaryimage","url":"https:\/\/marcelolopes.jor.br\/site\/wp-content\/uploads\/2022\/03\/Sereno-crime.jpg","contentUrl":"https:\/\/marcelolopes.jor.br\/site\/wp-content\/uploads\/2022\/03\/Sereno-crime.jpg","width":800,"height":503},{"@type":"BreadcrumbList","@id":"https:\/\/marcelolopes.jor.br\/site\/2022\/03\/11\/policia-militar-prende-3-homens-e-apreende-2-adolescentes-em-operacao-em-sereno\/#breadcrumb","itemListElement":[{"@type":"ListItem","position":1,"name":"Home","item":"https:\/\/marcelolopes.jor.br\/site\/"},{"@type":"ListItem","position":2,"name":"Pol\u00edcias Militar e Civil prendem 3 e apreendem 2 adolescentes em Sereno"}]},{"@type":"WebSite","@id":"https:\/\/marcelolopes.jor.br\/site\/#website","url":"https:\/\/marcelolopes.jor.br\/site\/","name":"Marcelo Lopes","description":"Not\u00edcias de Cataguases e Regi\u00e3o","publisher":{"@id":"https:\/\/marcelolopes.jor.br\/site\/#organization"},"potentialAction":[{"@type":"SearchAction","target":{"@type":"EntryPoint","urlTemplate":"https:\/\/marcelolopes.jor.br\/site\/?s={search_term_string}"},"query-input":{"@type":"PropertyValueSpecification","valueRequired":true,"valueName":"search_term_string"}}],"inLanguage":"pt-BR"},{"@type":"Organization","@id":"https:\/\/marcelolopes.jor.br\/site\/#organization","name":"Site do Marcelo Lopes","url":"https:\/\/marcelolopes.jor.br\/site\/","logo":{"@type":"ImageObject","inLanguage":"pt-BR","@id":"https:\/\/marcelolopes.jor.br\/site\/#\/schema\/logo\/image\/","url":"https:\/\/marcelolopes.jor.br\/site\/wp-content\/uploads\/2024\/11\/logo-1.png","contentUrl":"https:\/\/marcelolopes.jor.br\/site\/wp-content\/uploads\/2024\/11\/logo-1.png","width":475,"height":80,"caption":"Site do Marcelo Lopes"},"image":{"@id":"https:\/\/marcelolopes.jor.br\/site\/#\/schema\/logo\/image\/"},"sameAs":["https:\/\/www.facebook.com\/sitedomarcelolopes","https:\/\/www.instagram.com\/sitedomarcelolopes\/","https:\/\/www.linkedin.com\/company\/site-do-marcelo-lopes\/","https:\/\/www.youtube.com\/user\/marcelolopes957"]},{"@type":"Person","@id":"https:\/\/marcelolopes.jor.br\/site\/#\/schema\/person\/3e7216a35c34d8fdf952b31da3d1f89f","name":"Marcelo Lopes","sameAs":["http:\/\/www.marcelolopes.jor.br"],"url":"https:\/\/marcelolopes.jor.br\/site\/author\/marcelo\/"}]}},"wps_subtitle":"Tamb\u00e9m foram apreendidas arma de fogo, drogas e celulares e notebook sem proced\u00eancia.","_links":{"self":[{"href":"https:\/\/marcelolopes.jor.br\/site\/wp-json\/wp\/v2\/posts\/31437","targetHints":{"allow":["GET"]}}],"collection":[{"href":"https:\/\/marcelolopes.jor.br\/site\/wp-json\/wp\/v2\/posts"}],"about":[{"href":"https:\/\/marcelolopes.jor.br\/site\/wp-json\/wp\/v2\/types\/post"}],"author":[{"embeddable":true,"href":"https:\/\/marcelolopes.jor.br\/site\/wp-json\/wp\/v2\/users\/2"}],"replies":[{"embeddable":true,"href":"https:\/\/marcelolopes.jor.br\/site\/wp-json\/wp\/v2\/comments?post=31437"}],"version-history":[{"count":0,"href":"https:\/\/marcelolopes.jor.br\/site\/wp-json\/wp\/v2\/posts\/31437\/revisions"}],"wp:featuredmedia":[{"embeddable":true,"href":"https:\/\/marcelolopes.jor.br\/site\/wp-json\/wp\/v2\/media\/31440"}],"wp:attachment":[{"href":"https:\/\/marcelolopes.jor.br\/site\/wp-json\/wp\/v2\/media?parent=31437"}],"wp:term":[{"taxonomy":"category","embeddable":true,"href":"https:\/\/marcelolopes.jor.br\/site\/wp-json\/wp\/v2\/categories?post=31437"},{"taxonomy":"post_tag","embeddable":true,"href":"https:\/\/marcelolopes.jor.br\/site\/wp-json\/wp\/v2\/tags?post=31437"}],"curies":[{"name":"wp","href":"https:\/\/api.w.org\/{rel}","templated":true}]}}