{"id":31291,"date":"2022-03-06T10:35:37","date_gmt":"2022-03-06T13:35:37","guid":{"rendered":"https:\/\/marcelolopes.jor.br\/?p=31291"},"modified":"2022-03-06T10:35:37","modified_gmt":"2022-03-06T13:35:37","slug":"dupla-rouba-taxi-e-abandona-o-veiculo-pouco-depois","status":"publish","type":"post","link":"https:\/\/marcelolopes.jor.br\/site\/2022\/03\/06\/dupla-rouba-taxi-e-abandona-o-veiculo-pouco-depois\/","title":{"rendered":"Dupla rouba t\u00e1xi e abandona o ve\u00edculo pouco depois"},"content":{"rendered":"<p style=\"text-align: justify;\">Um taxista de Cataguases teve seu autom\u00f3vel roubado no in\u00edcio da madrugada deste domingo, 6 de mar\u00e7o, por dois homens. Eles contrataram a corrida na Pra\u00e7a Santa Rita e, quando estavam pr\u00f3ximos de uma concession\u00e1ria de ve\u00edculos na Vila Minalda, anunciaram o roubo. Ele foi deixado na rua pelos marginais sem ferimentos.<!--more--><\/p>\n<p style=\"text-align: justify;\">A v\u00edtima informou aos militares que os autores seguiram em dire\u00e7\u00e3o a Leopoldina, e a Pol\u00edcia Militar deu in\u00edcio a uma opera\u00e7\u00e3o de cerco e bloqueio, ao mesmo tempo que fazia buscas nas imedia\u00e7\u00f5es. Por volta das duas horas da madrugada uma das equipes policiais encontrou o autom\u00f3vel abandonado em uma rua do Bairro Dico Leite.<\/p>\n<p style=\"text-align: justify;\">De acordo com tenente Vin\u00edcius Marinato, comandante do policiamento em Cataguases, um dos autores foi identificado, mas ainda n\u00e3o localizado. As buscas prosseguem e o ve\u00edculo foi devolvido ao propriet\u00e1rio.<\/p>\n<p>Foto: Fast Mag<\/p>\n<div class=\"zqreq69f750771bed1\" ><br><\/div><style type=\"text\/css\">\r\n@media screen and (min-width: 1201px) {\r\n.zqreq69f750771bed1 {\r\ndisplay: block;\r\n}\r\n}\r\n@media screen and (min-width: 993px) and (max-width: 1200px) {\r\n.zqreq69f750771bed1 {\r\ndisplay: block;\r\n}\r\n}\r\n@media screen and (min-width: 769px) and (max-width: 992px) {\r\n.zqreq69f750771bed1 {\r\ndisplay: block;\r\n}\r\n}\r\n@media screen and (min-width: 768px) and (max-width: 768px) {\r\n.zqreq69f750771bed1 {\r\ndisplay: block;\r\n}\r\n}\r\n@media screen and (max-width: 767px) {\r\n.zqreq69f750771bed1 {\r\ndisplay: block;\r\n}\r\n}\r\n<\/style>\r\n<div class=\"xjapm69f7507721a33\" ><div id=\"div_destino\"><\/div>\r\n<script src=\"https:\/\/cdn.snsrsv.com\/sdk.js\"><\/script>\r\n<script >\r\n      new sdk(\"464030C30061EA8BE065000000000001\") \r\n          .appendTo(\"div_destino\")\r\n          .disableStyle(true) \r\n          .setCacheBusterMacro(\"%%CACHEBUSTER%%\")\r\n          .setSize(\"800\",\"214\")\r\n          .setClickMacro(\"%%CLICK_URL_ESC%%\") \r\n          .setReferrerUrlMacro(\"%%REFERRER_URL_ESC%%\") \r\n          .start(); \r\n<\/script><\/div><style type=\"text\/css\">\r\n@media screen and (min-width: 1201px) {\r\n.xjapm69f7507721a33 {\r\ndisplay: block;\r\n}\r\n}\r\n@media screen and (min-width: 993px) and (max-width: 1200px) {\r\n.xjapm69f7507721a33 {\r\ndisplay: block;\r\n}\r\n}\r\n@media screen and (min-width: 769px) and (max-width: 992px) {\r\n.xjapm69f7507721a33 {\r\ndisplay: block;\r\n}\r\n}\r\n@media screen and (min-width: 768px) and (max-width: 768px) {\r\n.xjapm69f7507721a33 {\r\ndisplay: block;\r\n}\r\n}\r\n@media screen and (max-width: 767px) {\r\n.xjapm69f7507721a33 {\r\ndisplay: block;\r\n}\r\n}\r\n<\/style>\r\n","protected":false},"excerpt":{"rendered":"<p>Um taxista de Cataguases teve seu autom\u00f3vel roubado no in\u00edcio da madrugada deste domingo, 6 de mar\u00e7o, por dois homens. Eles contrataram a corrida na Pra\u00e7a Santa Rita e, quando estavam pr\u00f3ximos de uma concession\u00e1ria de ve\u00edculos na Vila Minalda,<\/p>\n<p class=\"link-more\"><a class=\"more-link\" href=\"https:\/\/marcelolopes.jor.br\/site\/2022\/03\/06\/dupla-rouba-taxi-e-abandona-o-veiculo-pouco-depois\/\">Leia mais <span class=\"screen-reader-text\">Dupla rouba t\u00e1xi e abandona o ve\u00edculo pouco depois<\/span><\/a><\/p>\n","protected":false},"author":2,"featured_media":31294,"comment_status":"open","ping_status":"open","sticky":false,"template":"","format":"standard","meta":{"footnotes":""},"categories":[1],"tags":[101,91,92,3197],"class_list":["post-31291","post","type-post","status-publish","format-standard","has-post-thumbnail","hentry","category-noticias","tag-roubo","tag-taxi","tag-taxista","tag-veiculo-encontrado","thumb-below-title"],"yoast_head":"<!-- This site is optimized with the Yoast SEO plugin v27.4 - https:\/\/yoast.com\/product\/yoast-seo-wordpress\/ -->\n<title>Dupla rouba t\u00e1xi e abandona o ve\u00edculo pouco depois | Marcelo Lopes<\/title>\n<meta name=\"robots\" content=\"index, follow, max-snippet:-1, max-image-preview:large, max-video-preview:-1\" \/>\n<link rel=\"canonical\" href=\"https:\/\/marcelolopes.jor.br\/site\/2022\/03\/06\/dupla-rouba-taxi-e-abandona-o-veiculo-pouco-depois\/\" \/>\n<meta property=\"og:locale\" content=\"pt_BR\" \/>\n<meta property=\"og:type\" content=\"article\" \/>\n<meta property=\"og:title\" content=\"Dupla rouba t\u00e1xi e abandona o ve\u00edculo pouco depois | Marcelo Lopes\" \/>\n<meta property=\"og:description\" content=\"Um taxista de Cataguases teve seu autom\u00f3vel roubado no in\u00edcio da madrugada deste domingo, 6 de mar\u00e7o, por dois homens. Eles contrataram a corrida na Pra\u00e7a Santa Rita e, quando estavam pr\u00f3ximos de uma concession\u00e1ria de ve\u00edculos na Vila Minalda,Leia mais Dupla rouba t\u00e1xi e abandona o ve\u00edculo pouco depois\" \/>\n<meta property=\"og:url\" content=\"https:\/\/marcelolopes.jor.br\/site\/2022\/03\/06\/dupla-rouba-taxi-e-abandona-o-veiculo-pouco-depois\/\" \/>\n<meta property=\"og:site_name\" content=\"Marcelo Lopes\" \/>\n<meta property=\"article:publisher\" content=\"https:\/\/www.facebook.com\/sitedomarcelolopes\" \/>\n<meta property=\"article:published_time\" content=\"2022-03-06T13:35:37+00:00\" \/>\n<meta property=\"og:image\" content=\"https:\/\/marcelolopes.jor.br\/site\/wp-content\/uploads\/2022\/03\/taxi-letrero.jpeg\" \/>\n\t<meta property=\"og:image:width\" content=\"800\" \/>\n\t<meta property=\"og:image:height\" content=\"450\" \/>\n\t<meta property=\"og:image:type\" content=\"image\/jpeg\" \/>\n<meta name=\"author\" content=\"Marcelo Lopes\" \/>\n<meta name=\"twitter:card\" content=\"summary_large_image\" \/>\n<meta name=\"twitter:label1\" content=\"Escrito por\" \/>\n\t<meta name=\"twitter:data1\" content=\"Marcelo Lopes\" \/>\n\t<meta name=\"twitter:label2\" content=\"Est. tempo de leitura\" \/>\n\t<meta name=\"twitter:data2\" content=\"1 minuto\" \/>\n<script type=\"application\/ld+json\" class=\"yoast-schema-graph\">{\"@context\":\"https:\\\/\\\/schema.org\",\"@graph\":[{\"@type\":\"NewsArticle\",\"@id\":\"https:\\\/\\\/marcelolopes.jor.br\\\/site\\\/2022\\\/03\\\/06\\\/dupla-rouba-taxi-e-abandona-o-veiculo-pouco-depois\\\/#article\",\"isPartOf\":{\"@id\":\"https:\\\/\\\/marcelolopes.jor.br\\\/site\\\/2022\\\/03\\\/06\\\/dupla-rouba-taxi-e-abandona-o-veiculo-pouco-depois\\\/\"},\"author\":{\"name\":\"Marcelo Lopes\",\"@id\":\"https:\\\/\\\/marcelolopes.jor.br\\\/site\\\/#\\\/schema\\\/person\\\/3e7216a35c34d8fdf952b31da3d1f89f\"},\"headline\":\"Dupla rouba t\u00e1xi e abandona o ve\u00edculo pouco depois\",\"datePublished\":\"2022-03-06T13:35:37+00:00\",\"mainEntityOfPage\":{\"@id\":\"https:\\\/\\\/marcelolopes.jor.br\\\/site\\\/2022\\\/03\\\/06\\\/dupla-rouba-taxi-e-abandona-o-veiculo-pouco-depois\\\/\"},\"wordCount\":169,\"commentCount\":0,\"publisher\":{\"@id\":\"https:\\\/\\\/marcelolopes.jor.br\\\/site\\\/#organization\"},\"image\":{\"@id\":\"https:\\\/\\\/marcelolopes.jor.br\\\/site\\\/2022\\\/03\\\/06\\\/dupla-rouba-taxi-e-abandona-o-veiculo-pouco-depois\\\/#primaryimage\"},\"thumbnailUrl\":\"https:\\\/\\\/marcelolopes.jor.br\\\/site\\\/wp-content\\\/uploads\\\/2022\\\/03\\\/taxi-letrero.jpeg\",\"keywords\":[\"roubo\",\"t\u00e1xi\",\"taxista\",\"ve\u00edculo encontrado\"],\"articleSection\":[\"Not\u00edcias\"],\"inLanguage\":\"pt-BR\",\"potentialAction\":[{\"@type\":\"CommentAction\",\"name\":\"Comment\",\"target\":[\"https:\\\/\\\/marcelolopes.jor.br\\\/site\\\/2022\\\/03\\\/06\\\/dupla-rouba-taxi-e-abandona-o-veiculo-pouco-depois\\\/#respond\"]}]},{\"@type\":\"WebPage\",\"@id\":\"https:\\\/\\\/marcelolopes.jor.br\\\/site\\\/2022\\\/03\\\/06\\\/dupla-rouba-taxi-e-abandona-o-veiculo-pouco-depois\\\/\",\"url\":\"https:\\\/\\\/marcelolopes.jor.br\\\/site\\\/2022\\\/03\\\/06\\\/dupla-rouba-taxi-e-abandona-o-veiculo-pouco-depois\\\/\",\"name\":\"Dupla rouba t\u00e1xi e abandona o ve\u00edculo pouco depois | Marcelo Lopes\",\"isPartOf\":{\"@id\":\"https:\\\/\\\/marcelolopes.jor.br\\\/site\\\/#website\"},\"primaryImageOfPage\":{\"@id\":\"https:\\\/\\\/marcelolopes.jor.br\\\/site\\\/2022\\\/03\\\/06\\\/dupla-rouba-taxi-e-abandona-o-veiculo-pouco-depois\\\/#primaryimage\"},\"image\":{\"@id\":\"https:\\\/\\\/marcelolopes.jor.br\\\/site\\\/2022\\\/03\\\/06\\\/dupla-rouba-taxi-e-abandona-o-veiculo-pouco-depois\\\/#primaryimage\"},\"thumbnailUrl\":\"https:\\\/\\\/marcelolopes.jor.br\\\/site\\\/wp-content\\\/uploads\\\/2022\\\/03\\\/taxi-letrero.jpeg\",\"datePublished\":\"2022-03-06T13:35:37+00:00\",\"breadcrumb\":{\"@id\":\"https:\\\/\\\/marcelolopes.jor.br\\\/site\\\/2022\\\/03\\\/06\\\/dupla-rouba-taxi-e-abandona-o-veiculo-pouco-depois\\\/#breadcrumb\"},\"inLanguage\":\"pt-BR\",\"potentialAction\":[{\"@type\":\"ReadAction\",\"target\":[\"https:\\\/\\\/marcelolopes.jor.br\\\/site\\\/2022\\\/03\\\/06\\\/dupla-rouba-taxi-e-abandona-o-veiculo-pouco-depois\\\/\"]}]},{\"@type\":\"ImageObject\",\"inLanguage\":\"pt-BR\",\"@id\":\"https:\\\/\\\/marcelolopes.jor.br\\\/site\\\/2022\\\/03\\\/06\\\/dupla-rouba-taxi-e-abandona-o-veiculo-pouco-depois\\\/#primaryimage\",\"url\":\"https:\\\/\\\/marcelolopes.jor.br\\\/site\\\/wp-content\\\/uploads\\\/2022\\\/03\\\/taxi-letrero.jpeg\",\"contentUrl\":\"https:\\\/\\\/marcelolopes.jor.br\\\/site\\\/wp-content\\\/uploads\\\/2022\\\/03\\\/taxi-letrero.jpeg\",\"width\":800,\"height\":450},{\"@type\":\"BreadcrumbList\",\"@id\":\"https:\\\/\\\/marcelolopes.jor.br\\\/site\\\/2022\\\/03\\\/06\\\/dupla-rouba-taxi-e-abandona-o-veiculo-pouco-depois\\\/#breadcrumb\",\"itemListElement\":[{\"@type\":\"ListItem\",\"position\":1,\"name\":\"Home\",\"item\":\"https:\\\/\\\/marcelolopes.jor.br\\\/site\\\/\"},{\"@type\":\"ListItem\",\"position\":2,\"name\":\"Dupla rouba t\u00e1xi e abandona o ve\u00edculo pouco depois\"}]},{\"@type\":\"WebSite\",\"@id\":\"https:\\\/\\\/marcelolopes.jor.br\\\/site\\\/#website\",\"url\":\"https:\\\/\\\/marcelolopes.jor.br\\\/site\\\/\",\"name\":\"Marcelo Lopes\",\"description\":\"Not\u00edcias de Cataguases e Regi\u00e3o\",\"publisher\":{\"@id\":\"https:\\\/\\\/marcelolopes.jor.br\\\/site\\\/#organization\"},\"potentialAction\":[{\"@type\":\"SearchAction\",\"target\":{\"@type\":\"EntryPoint\",\"urlTemplate\":\"https:\\\/\\\/marcelolopes.jor.br\\\/site\\\/?s={search_term_string}\"},\"query-input\":{\"@type\":\"PropertyValueSpecification\",\"valueRequired\":true,\"valueName\":\"search_term_string\"}}],\"inLanguage\":\"pt-BR\"},{\"@type\":\"Organization\",\"@id\":\"https:\\\/\\\/marcelolopes.jor.br\\\/site\\\/#organization\",\"name\":\"Site do Marcelo Lopes\",\"url\":\"https:\\\/\\\/marcelolopes.jor.br\\\/site\\\/\",\"logo\":{\"@type\":\"ImageObject\",\"inLanguage\":\"pt-BR\",\"@id\":\"https:\\\/\\\/marcelolopes.jor.br\\\/site\\\/#\\\/schema\\\/logo\\\/image\\\/\",\"url\":\"https:\\\/\\\/marcelolopes.jor.br\\\/site\\\/wp-content\\\/uploads\\\/2024\\\/11\\\/logo-1.png\",\"contentUrl\":\"https:\\\/\\\/marcelolopes.jor.br\\\/site\\\/wp-content\\\/uploads\\\/2024\\\/11\\\/logo-1.png\",\"width\":475,\"height\":80,\"caption\":\"Site do Marcelo Lopes\"},\"image\":{\"@id\":\"https:\\\/\\\/marcelolopes.jor.br\\\/site\\\/#\\\/schema\\\/logo\\\/image\\\/\"},\"sameAs\":[\"https:\\\/\\\/www.facebook.com\\\/sitedomarcelolopes\",\"https:\\\/\\\/www.instagram.com\\\/sitedomarcelolopes\\\/\",\"https:\\\/\\\/www.linkedin.com\\\/company\\\/site-do-marcelo-lopes\\\/\",\"https:\\\/\\\/www.youtube.com\\\/user\\\/marcelolopes957\"]},{\"@type\":\"Person\",\"@id\":\"https:\\\/\\\/marcelolopes.jor.br\\\/site\\\/#\\\/schema\\\/person\\\/3e7216a35c34d8fdf952b31da3d1f89f\",\"name\":\"Marcelo Lopes\",\"sameAs\":[\"http:\\\/\\\/www.marcelolopes.jor.br\"],\"url\":\"https:\\\/\\\/marcelolopes.jor.br\\\/site\\\/author\\\/marcelo\\\/\"}]}<\/script>\n<!-- \/ Yoast SEO plugin. -->","yoast_head_json":{"title":"Dupla rouba t\u00e1xi e abandona o ve\u00edculo pouco depois | Marcelo Lopes","robots":{"index":"index","follow":"follow","max-snippet":"max-snippet:-1","max-image-preview":"max-image-preview:large","max-video-preview":"max-video-preview:-1"},"canonical":"https:\/\/marcelolopes.jor.br\/site\/2022\/03\/06\/dupla-rouba-taxi-e-abandona-o-veiculo-pouco-depois\/","og_locale":"pt_BR","og_type":"article","og_title":"Dupla rouba t\u00e1xi e abandona o ve\u00edculo pouco depois | Marcelo Lopes","og_description":"Um taxista de Cataguases teve seu autom\u00f3vel roubado no in\u00edcio da madrugada deste domingo, 6 de mar\u00e7o, por dois homens. Eles contrataram a corrida na Pra\u00e7a Santa Rita e, quando estavam pr\u00f3ximos de uma concession\u00e1ria de ve\u00edculos na Vila Minalda,Leia mais Dupla rouba t\u00e1xi e abandona o ve\u00edculo pouco depois","og_url":"https:\/\/marcelolopes.jor.br\/site\/2022\/03\/06\/dupla-rouba-taxi-e-abandona-o-veiculo-pouco-depois\/","og_site_name":"Marcelo Lopes","article_publisher":"https:\/\/www.facebook.com\/sitedomarcelolopes","article_published_time":"2022-03-06T13:35:37+00:00","og_image":[{"width":800,"height":450,"url":"https:\/\/marcelolopes.jor.br\/site\/wp-content\/uploads\/2022\/03\/taxi-letrero.jpeg","type":"image\/jpeg"}],"author":"Marcelo Lopes","twitter_card":"summary_large_image","twitter_misc":{"Escrito por":"Marcelo Lopes","Est. tempo de leitura":"1 minuto"},"schema":{"@context":"https:\/\/schema.org","@graph":[{"@type":"NewsArticle","@id":"https:\/\/marcelolopes.jor.br\/site\/2022\/03\/06\/dupla-rouba-taxi-e-abandona-o-veiculo-pouco-depois\/#article","isPartOf":{"@id":"https:\/\/marcelolopes.jor.br\/site\/2022\/03\/06\/dupla-rouba-taxi-e-abandona-o-veiculo-pouco-depois\/"},"author":{"name":"Marcelo Lopes","@id":"https:\/\/marcelolopes.jor.br\/site\/#\/schema\/person\/3e7216a35c34d8fdf952b31da3d1f89f"},"headline":"Dupla rouba t\u00e1xi e abandona o ve\u00edculo pouco depois","datePublished":"2022-03-06T13:35:37+00:00","mainEntityOfPage":{"@id":"https:\/\/marcelolopes.jor.br\/site\/2022\/03\/06\/dupla-rouba-taxi-e-abandona-o-veiculo-pouco-depois\/"},"wordCount":169,"commentCount":0,"publisher":{"@id":"https:\/\/marcelolopes.jor.br\/site\/#organization"},"image":{"@id":"https:\/\/marcelolopes.jor.br\/site\/2022\/03\/06\/dupla-rouba-taxi-e-abandona-o-veiculo-pouco-depois\/#primaryimage"},"thumbnailUrl":"https:\/\/marcelolopes.jor.br\/site\/wp-content\/uploads\/2022\/03\/taxi-letrero.jpeg","keywords":["roubo","t\u00e1xi","taxista","ve\u00edculo encontrado"],"articleSection":["Not\u00edcias"],"inLanguage":"pt-BR","potentialAction":[{"@type":"CommentAction","name":"Comment","target":["https:\/\/marcelolopes.jor.br\/site\/2022\/03\/06\/dupla-rouba-taxi-e-abandona-o-veiculo-pouco-depois\/#respond"]}]},{"@type":"WebPage","@id":"https:\/\/marcelolopes.jor.br\/site\/2022\/03\/06\/dupla-rouba-taxi-e-abandona-o-veiculo-pouco-depois\/","url":"https:\/\/marcelolopes.jor.br\/site\/2022\/03\/06\/dupla-rouba-taxi-e-abandona-o-veiculo-pouco-depois\/","name":"Dupla rouba t\u00e1xi e abandona o ve\u00edculo pouco depois | Marcelo Lopes","isPartOf":{"@id":"https:\/\/marcelolopes.jor.br\/site\/#website"},"primaryImageOfPage":{"@id":"https:\/\/marcelolopes.jor.br\/site\/2022\/03\/06\/dupla-rouba-taxi-e-abandona-o-veiculo-pouco-depois\/#primaryimage"},"image":{"@id":"https:\/\/marcelolopes.jor.br\/site\/2022\/03\/06\/dupla-rouba-taxi-e-abandona-o-veiculo-pouco-depois\/#primaryimage"},"thumbnailUrl":"https:\/\/marcelolopes.jor.br\/site\/wp-content\/uploads\/2022\/03\/taxi-letrero.jpeg","datePublished":"2022-03-06T13:35:37+00:00","breadcrumb":{"@id":"https:\/\/marcelolopes.jor.br\/site\/2022\/03\/06\/dupla-rouba-taxi-e-abandona-o-veiculo-pouco-depois\/#breadcrumb"},"inLanguage":"pt-BR","potentialAction":[{"@type":"ReadAction","target":["https:\/\/marcelolopes.jor.br\/site\/2022\/03\/06\/dupla-rouba-taxi-e-abandona-o-veiculo-pouco-depois\/"]}]},{"@type":"ImageObject","inLanguage":"pt-BR","@id":"https:\/\/marcelolopes.jor.br\/site\/2022\/03\/06\/dupla-rouba-taxi-e-abandona-o-veiculo-pouco-depois\/#primaryimage","url":"https:\/\/marcelolopes.jor.br\/site\/wp-content\/uploads\/2022\/03\/taxi-letrero.jpeg","contentUrl":"https:\/\/marcelolopes.jor.br\/site\/wp-content\/uploads\/2022\/03\/taxi-letrero.jpeg","width":800,"height":450},{"@type":"BreadcrumbList","@id":"https:\/\/marcelolopes.jor.br\/site\/2022\/03\/06\/dupla-rouba-taxi-e-abandona-o-veiculo-pouco-depois\/#breadcrumb","itemListElement":[{"@type":"ListItem","position":1,"name":"Home","item":"https:\/\/marcelolopes.jor.br\/site\/"},{"@type":"ListItem","position":2,"name":"Dupla rouba t\u00e1xi e abandona o ve\u00edculo pouco depois"}]},{"@type":"WebSite","@id":"https:\/\/marcelolopes.jor.br\/site\/#website","url":"https:\/\/marcelolopes.jor.br\/site\/","name":"Marcelo Lopes","description":"Not\u00edcias de Cataguases e Regi\u00e3o","publisher":{"@id":"https:\/\/marcelolopes.jor.br\/site\/#organization"},"potentialAction":[{"@type":"SearchAction","target":{"@type":"EntryPoint","urlTemplate":"https:\/\/marcelolopes.jor.br\/site\/?s={search_term_string}"},"query-input":{"@type":"PropertyValueSpecification","valueRequired":true,"valueName":"search_term_string"}}],"inLanguage":"pt-BR"},{"@type":"Organization","@id":"https:\/\/marcelolopes.jor.br\/site\/#organization","name":"Site do Marcelo Lopes","url":"https:\/\/marcelolopes.jor.br\/site\/","logo":{"@type":"ImageObject","inLanguage":"pt-BR","@id":"https:\/\/marcelolopes.jor.br\/site\/#\/schema\/logo\/image\/","url":"https:\/\/marcelolopes.jor.br\/site\/wp-content\/uploads\/2024\/11\/logo-1.png","contentUrl":"https:\/\/marcelolopes.jor.br\/site\/wp-content\/uploads\/2024\/11\/logo-1.png","width":475,"height":80,"caption":"Site do Marcelo Lopes"},"image":{"@id":"https:\/\/marcelolopes.jor.br\/site\/#\/schema\/logo\/image\/"},"sameAs":["https:\/\/www.facebook.com\/sitedomarcelolopes","https:\/\/www.instagram.com\/sitedomarcelolopes\/","https:\/\/www.linkedin.com\/company\/site-do-marcelo-lopes\/","https:\/\/www.youtube.com\/user\/marcelolopes957"]},{"@type":"Person","@id":"https:\/\/marcelolopes.jor.br\/site\/#\/schema\/person\/3e7216a35c34d8fdf952b31da3d1f89f","name":"Marcelo Lopes","sameAs":["http:\/\/www.marcelolopes.jor.br"],"url":"https:\/\/marcelolopes.jor.br\/site\/author\/marcelo\/"}]}},"wps_subtitle":"O taxista foi deixado no meio da rua e nada sofreu.","_links":{"self":[{"href":"https:\/\/marcelolopes.jor.br\/site\/wp-json\/wp\/v2\/posts\/31291","targetHints":{"allow":["GET"]}}],"collection":[{"href":"https:\/\/marcelolopes.jor.br\/site\/wp-json\/wp\/v2\/posts"}],"about":[{"href":"https:\/\/marcelolopes.jor.br\/site\/wp-json\/wp\/v2\/types\/post"}],"author":[{"embeddable":true,"href":"https:\/\/marcelolopes.jor.br\/site\/wp-json\/wp\/v2\/users\/2"}],"replies":[{"embeddable":true,"href":"https:\/\/marcelolopes.jor.br\/site\/wp-json\/wp\/v2\/comments?post=31291"}],"version-history":[{"count":0,"href":"https:\/\/marcelolopes.jor.br\/site\/wp-json\/wp\/v2\/posts\/31291\/revisions"}],"wp:featuredmedia":[{"embeddable":true,"href":"https:\/\/marcelolopes.jor.br\/site\/wp-json\/wp\/v2\/media\/31294"}],"wp:attachment":[{"href":"https:\/\/marcelolopes.jor.br\/site\/wp-json\/wp\/v2\/media?parent=31291"}],"wp:term":[{"taxonomy":"category","embeddable":true,"href":"https:\/\/marcelolopes.jor.br\/site\/wp-json\/wp\/v2\/categories?post=31291"},{"taxonomy":"post_tag","embeddable":true,"href":"https:\/\/marcelolopes.jor.br\/site\/wp-json\/wp\/v2\/tags?post=31291"}],"curies":[{"name":"wp","href":"https:\/\/api.w.org\/{rel}","templated":true}]}}