{"id":31273,"date":"2022-03-05T12:00:49","date_gmt":"2022-03-05T15:00:49","guid":{"rendered":"https:\/\/marcelolopes.jor.br\/?p=31273"},"modified":"2022-08-03T17:01:49","modified_gmt":"2022-08-03T20:01:49","slug":"uso-de-mascara-ao-ar-livre-nao-sera-mais-obrigatorio-em-minas-gerais","status":"publish","type":"post","link":"https:\/\/marcelolopes.jor.br\/site\/2022\/03\/05\/uso-de-mascara-ao-ar-livre-nao-sera-mais-obrigatorio-em-minas-gerais\/","title":{"rendered":"Uso de m\u00e1scara ao ar livre n\u00e3o ser\u00e1 mais obrigat\u00f3rio em Minas Gerais"},"content":{"rendered":"<p style=\"text-align: justify;\">Item obrigat\u00f3rio desde o in\u00edcio da pandemia de COVID-19, em mar\u00e7o de 2020, as m\u00e1scaras podem deixar de ser uso obrigat\u00f3rio em Minas Gerais. Segundo F\u00e1bio Baccheretti, secret\u00e1rio de Estado de Sa\u00fade, a expectativa \u00e9 de que o uso do equipamento n\u00e3o seja mais obrigat\u00f3rio ao ar livre em todo territ\u00f3rio mineiro j\u00e1 a partir da pr\u00f3xima semana.<!--more--><\/p>\n<p style=\"text-align: justify;\">\u201cA expectativa nossa \u00e9 de que na semana que vem a gente tome essa decis\u00e3o, n\u00e3o acredito que passe do meio do m\u00eas que a gente j\u00e1 desobrigue o uso de m\u00e1scara em locais abertos. Desde novembro, veio a \u00d4micron, estamos esperando o v\u00edrus circular menos, fica mais seguro a gente tomar essa decis\u00e3o&#8221;, afirmou Baccheretti, durante entrevista coletiva na sexta-feira, 4 de mar\u00e7o, durante visita \u00e0 Santa Casa de Belo Horizonte, o maior hospital do SUS no estado e um dos maiores do pa\u00eds.<\/p>\n<p style=\"text-align: justify;\">Segundo dados do governo de Minas, o estado tem 86,11% da popula\u00e7\u00e3o de cinco anos ou mais imunizada com a primeira dose da vacina contra a Covid-19 e 81,02% com a segunda ou com a dose \u00fanica. A cobertura da dose de refor\u00e7o \u00e9 de 42,98%.<\/p>\n<p style=\"text-align: justify;\">Fonte: Jornal Estado de Minas | Foto: Marco Evangelista &#8211; Imprensa MG<\/p>\n<div class=\"drkta69f7278bd738d\" ><br><\/div><style type=\"text\/css\">\r\n@media screen and (min-width: 1201px) {\r\n.drkta69f7278bd738d {\r\ndisplay: block;\r\n}\r\n}\r\n@media screen and (min-width: 993px) and (max-width: 1200px) {\r\n.drkta69f7278bd738d {\r\ndisplay: block;\r\n}\r\n}\r\n@media screen and (min-width: 769px) and (max-width: 992px) {\r\n.drkta69f7278bd738d {\r\ndisplay: block;\r\n}\r\n}\r\n@media screen and (min-width: 768px) and (max-width: 768px) {\r\n.drkta69f7278bd738d {\r\ndisplay: block;\r\n}\r\n}\r\n@media screen and (max-width: 767px) {\r\n.drkta69f7278bd738d {\r\ndisplay: block;\r\n}\r\n}\r\n<\/style>\r\n<div class=\"vlrkf69f7278bdd9cc\" ><div id=\"div_destino\"><\/div>\r\n<script src=\"https:\/\/cdn.snsrsv.com\/sdk.js\"><\/script>\r\n<script >\r\n      new sdk(\"464030C30061EA8BE065000000000001\") \r\n          .appendTo(\"div_destino\")\r\n          .disableStyle(true) \r\n          .setCacheBusterMacro(\"%%CACHEBUSTER%%\")\r\n          .setSize(\"800\",\"214\")\r\n          .setClickMacro(\"%%CLICK_URL_ESC%%\") \r\n          .setReferrerUrlMacro(\"%%REFERRER_URL_ESC%%\") \r\n          .start(); \r\n<\/script><\/div><style type=\"text\/css\">\r\n@media screen and (min-width: 1201px) {\r\n.vlrkf69f7278bdd9cc {\r\ndisplay: block;\r\n}\r\n}\r\n@media screen and (min-width: 993px) and (max-width: 1200px) {\r\n.vlrkf69f7278bdd9cc {\r\ndisplay: block;\r\n}\r\n}\r\n@media screen and (min-width: 769px) and (max-width: 992px) {\r\n.vlrkf69f7278bdd9cc {\r\ndisplay: block;\r\n}\r\n}\r\n@media screen and (min-width: 768px) and (max-width: 768px) {\r\n.vlrkf69f7278bdd9cc {\r\ndisplay: block;\r\n}\r\n}\r\n@media screen and (max-width: 767px) {\r\n.vlrkf69f7278bdd9cc {\r\ndisplay: block;\r\n}\r\n}\r\n<\/style>\r\n","protected":false},"excerpt":{"rendered":"<p>Item obrigat\u00f3rio desde o in\u00edcio da pandemia de COVID-19, em mar\u00e7o de 2020, as m\u00e1scaras podem deixar de ser uso obrigat\u00f3rio em Minas Gerais. Segundo F\u00e1bio Baccheretti, secret\u00e1rio de Estado de Sa\u00fade, a expectativa \u00e9 de que o uso do<\/p>\n<p class=\"link-more\"><a class=\"more-link\" href=\"https:\/\/marcelolopes.jor.br\/site\/2022\/03\/05\/uso-de-mascara-ao-ar-livre-nao-sera-mais-obrigatorio-em-minas-gerais\/\">Leia mais <span class=\"screen-reader-text\">Uso de m\u00e1scara ao ar livre n\u00e3o ser\u00e1 mais obrigat\u00f3rio em Minas Gerais<\/span><\/a><\/p>\n","protected":false},"author":2,"featured_media":31275,"comment_status":"open","ping_status":"open","sticky":false,"template":"","format":"standard","meta":{"footnotes":""},"categories":[1],"tags":[5581,2236,2265,5582],"class_list":["post-31273","post","type-post","status-publish","format-standard","has-post-thumbnail","hentry","category-noticias","tag-ar-livre","tag-mascara-cirurgica","tag-mascaras","tag-prevencao-a-covid-19","thumb-below-title"],"yoast_head":"<!-- This site is optimized with the Yoast SEO plugin v27.4 - https:\/\/yoast.com\/product\/yoast-seo-wordpress\/ -->\n<title>Uso de m\u00e1scara ao ar<\/title>\n<meta name=\"description\" content=\"Uso de m\u00e1scara ao ar livre n\u00e3o ser\u00e1 mais obrigat\u00f3rio em Minas Gerais. Medida deve ser oficializada j\u00e1 na pr\u00f3xima semana pelo governo mineiro.\" \/>\n<meta name=\"robots\" content=\"index, follow, max-snippet:-1, max-image-preview:large, max-video-preview:-1\" \/>\n<link rel=\"canonical\" href=\"https:\/\/marcelolopes.jor.br\/site\/2022\/03\/05\/uso-de-mascara-ao-ar-livre-nao-sera-mais-obrigatorio-em-minas-gerais\/\" \/>\n<meta property=\"og:locale\" content=\"pt_BR\" \/>\n<meta property=\"og:type\" content=\"article\" \/>\n<meta property=\"og:title\" content=\"Uso de m\u00e1scara ao ar\" \/>\n<meta property=\"og:description\" content=\"Uso de m\u00e1scara ao ar livre n\u00e3o ser\u00e1 mais obrigat\u00f3rio em Minas Gerais. Medida deve ser oficializada j\u00e1 na pr\u00f3xima semana pelo governo mineiro.\" \/>\n<meta property=\"og:url\" content=\"https:\/\/marcelolopes.jor.br\/site\/2022\/03\/05\/uso-de-mascara-ao-ar-livre-nao-sera-mais-obrigatorio-em-minas-gerais\/\" \/>\n<meta property=\"og:site_name\" content=\"Marcelo Lopes\" \/>\n<meta property=\"article:publisher\" content=\"https:\/\/www.facebook.com\/sitedomarcelolopes\" \/>\n<meta property=\"article:published_time\" content=\"2022-03-05T15:00:49+00:00\" \/>\n<meta property=\"article:modified_time\" content=\"2022-08-03T20:01:49+00:00\" \/>\n<meta property=\"og:image\" content=\"https:\/\/marcelolopes.jor.br\/site\/wp-content\/uploads\/2022\/03\/vr2_Santa-Casa-Marco-Evangelista-Imprensa-MG-17.jpeg\" \/>\n\t<meta property=\"og:image:width\" content=\"800\" \/>\n\t<meta property=\"og:image:height\" content=\"463\" \/>\n\t<meta property=\"og:image:type\" content=\"image\/jpeg\" \/>\n<meta name=\"author\" content=\"Marcelo Lopes\" \/>\n<meta name=\"twitter:card\" content=\"summary_large_image\" \/>\n<meta name=\"twitter:label1\" content=\"Escrito por\" \/>\n\t<meta name=\"twitter:data1\" content=\"Marcelo Lopes\" \/>\n\t<meta name=\"twitter:label2\" content=\"Est. tempo de leitura\" \/>\n\t<meta name=\"twitter:data2\" content=\"1 minuto\" \/>\n<script type=\"application\/ld+json\" class=\"yoast-schema-graph\">{\"@context\":\"https:\\\/\\\/schema.org\",\"@graph\":[{\"@type\":\"NewsArticle\",\"@id\":\"https:\\\/\\\/marcelolopes.jor.br\\\/site\\\/2022\\\/03\\\/05\\\/uso-de-mascara-ao-ar-livre-nao-sera-mais-obrigatorio-em-minas-gerais\\\/#article\",\"isPartOf\":{\"@id\":\"https:\\\/\\\/marcelolopes.jor.br\\\/site\\\/2022\\\/03\\\/05\\\/uso-de-mascara-ao-ar-livre-nao-sera-mais-obrigatorio-em-minas-gerais\\\/\"},\"author\":{\"name\":\"Marcelo Lopes\",\"@id\":\"https:\\\/\\\/marcelolopes.jor.br\\\/site\\\/#\\\/schema\\\/person\\\/3e7216a35c34d8fdf952b31da3d1f89f\"},\"headline\":\"Uso de m\u00e1scara ao ar livre n\u00e3o ser\u00e1 mais obrigat\u00f3rio em Minas Gerais\",\"datePublished\":\"2022-03-05T15:00:49+00:00\",\"dateModified\":\"2022-08-03T20:01:49+00:00\",\"mainEntityOfPage\":{\"@id\":\"https:\\\/\\\/marcelolopes.jor.br\\\/site\\\/2022\\\/03\\\/05\\\/uso-de-mascara-ao-ar-livre-nao-sera-mais-obrigatorio-em-minas-gerais\\\/\"},\"wordCount\":229,\"commentCount\":0,\"publisher\":{\"@id\":\"https:\\\/\\\/marcelolopes.jor.br\\\/site\\\/#organization\"},\"image\":{\"@id\":\"https:\\\/\\\/marcelolopes.jor.br\\\/site\\\/2022\\\/03\\\/05\\\/uso-de-mascara-ao-ar-livre-nao-sera-mais-obrigatorio-em-minas-gerais\\\/#primaryimage\"},\"thumbnailUrl\":\"https:\\\/\\\/marcelolopes.jor.br\\\/site\\\/wp-content\\\/uploads\\\/2022\\\/03\\\/vr2_Santa-Casa-Marco-Evangelista-Imprensa-MG-17.jpeg\",\"keywords\":[\"ar livre\",\"m\u00e1scara cir\u00fargica\",\"m\u00e1scaras\",\"preven\u00e7\u00e3o \u00e0 covid-19\"],\"articleSection\":[\"Not\u00edcias\"],\"inLanguage\":\"pt-BR\",\"potentialAction\":[{\"@type\":\"CommentAction\",\"name\":\"Comment\",\"target\":[\"https:\\\/\\\/marcelolopes.jor.br\\\/site\\\/2022\\\/03\\\/05\\\/uso-de-mascara-ao-ar-livre-nao-sera-mais-obrigatorio-em-minas-gerais\\\/#respond\"]}]},{\"@type\":\"WebPage\",\"@id\":\"https:\\\/\\\/marcelolopes.jor.br\\\/site\\\/2022\\\/03\\\/05\\\/uso-de-mascara-ao-ar-livre-nao-sera-mais-obrigatorio-em-minas-gerais\\\/\",\"url\":\"https:\\\/\\\/marcelolopes.jor.br\\\/site\\\/2022\\\/03\\\/05\\\/uso-de-mascara-ao-ar-livre-nao-sera-mais-obrigatorio-em-minas-gerais\\\/\",\"name\":\"Uso de m\u00e1scara ao ar\",\"isPartOf\":{\"@id\":\"https:\\\/\\\/marcelolopes.jor.br\\\/site\\\/#website\"},\"primaryImageOfPage\":{\"@id\":\"https:\\\/\\\/marcelolopes.jor.br\\\/site\\\/2022\\\/03\\\/05\\\/uso-de-mascara-ao-ar-livre-nao-sera-mais-obrigatorio-em-minas-gerais\\\/#primaryimage\"},\"image\":{\"@id\":\"https:\\\/\\\/marcelolopes.jor.br\\\/site\\\/2022\\\/03\\\/05\\\/uso-de-mascara-ao-ar-livre-nao-sera-mais-obrigatorio-em-minas-gerais\\\/#primaryimage\"},\"thumbnailUrl\":\"https:\\\/\\\/marcelolopes.jor.br\\\/site\\\/wp-content\\\/uploads\\\/2022\\\/03\\\/vr2_Santa-Casa-Marco-Evangelista-Imprensa-MG-17.jpeg\",\"datePublished\":\"2022-03-05T15:00:49+00:00\",\"dateModified\":\"2022-08-03T20:01:49+00:00\",\"description\":\"Uso de m\u00e1scara ao ar livre n\u00e3o ser\u00e1 mais obrigat\u00f3rio em Minas Gerais. Medida deve ser oficializada j\u00e1 na pr\u00f3xima semana pelo governo mineiro.\",\"breadcrumb\":{\"@id\":\"https:\\\/\\\/marcelolopes.jor.br\\\/site\\\/2022\\\/03\\\/05\\\/uso-de-mascara-ao-ar-livre-nao-sera-mais-obrigatorio-em-minas-gerais\\\/#breadcrumb\"},\"inLanguage\":\"pt-BR\",\"potentialAction\":[{\"@type\":\"ReadAction\",\"target\":[\"https:\\\/\\\/marcelolopes.jor.br\\\/site\\\/2022\\\/03\\\/05\\\/uso-de-mascara-ao-ar-livre-nao-sera-mais-obrigatorio-em-minas-gerais\\\/\"]}]},{\"@type\":\"ImageObject\",\"inLanguage\":\"pt-BR\",\"@id\":\"https:\\\/\\\/marcelolopes.jor.br\\\/site\\\/2022\\\/03\\\/05\\\/uso-de-mascara-ao-ar-livre-nao-sera-mais-obrigatorio-em-minas-gerais\\\/#primaryimage\",\"url\":\"https:\\\/\\\/marcelolopes.jor.br\\\/site\\\/wp-content\\\/uploads\\\/2022\\\/03\\\/vr2_Santa-Casa-Marco-Evangelista-Imprensa-MG-17.jpeg\",\"contentUrl\":\"https:\\\/\\\/marcelolopes.jor.br\\\/site\\\/wp-content\\\/uploads\\\/2022\\\/03\\\/vr2_Santa-Casa-Marco-Evangelista-Imprensa-MG-17.jpeg\",\"width\":800,\"height\":463,\"caption\":\"Uso de m\u00e1scara ao ar\"},{\"@type\":\"BreadcrumbList\",\"@id\":\"https:\\\/\\\/marcelolopes.jor.br\\\/site\\\/2022\\\/03\\\/05\\\/uso-de-mascara-ao-ar-livre-nao-sera-mais-obrigatorio-em-minas-gerais\\\/#breadcrumb\",\"itemListElement\":[{\"@type\":\"ListItem\",\"position\":1,\"name\":\"Home\",\"item\":\"https:\\\/\\\/marcelolopes.jor.br\\\/site\\\/\"},{\"@type\":\"ListItem\",\"position\":2,\"name\":\"Uso de m\u00e1scara ao ar livre n\u00e3o ser\u00e1 mais obrigat\u00f3rio em Minas Gerais\"}]},{\"@type\":\"WebSite\",\"@id\":\"https:\\\/\\\/marcelolopes.jor.br\\\/site\\\/#website\",\"url\":\"https:\\\/\\\/marcelolopes.jor.br\\\/site\\\/\",\"name\":\"Marcelo Lopes\",\"description\":\"Not\u00edcias de Cataguases e Regi\u00e3o\",\"publisher\":{\"@id\":\"https:\\\/\\\/marcelolopes.jor.br\\\/site\\\/#organization\"},\"potentialAction\":[{\"@type\":\"SearchAction\",\"target\":{\"@type\":\"EntryPoint\",\"urlTemplate\":\"https:\\\/\\\/marcelolopes.jor.br\\\/site\\\/?s={search_term_string}\"},\"query-input\":{\"@type\":\"PropertyValueSpecification\",\"valueRequired\":true,\"valueName\":\"search_term_string\"}}],\"inLanguage\":\"pt-BR\"},{\"@type\":\"Organization\",\"@id\":\"https:\\\/\\\/marcelolopes.jor.br\\\/site\\\/#organization\",\"name\":\"Site do Marcelo Lopes\",\"url\":\"https:\\\/\\\/marcelolopes.jor.br\\\/site\\\/\",\"logo\":{\"@type\":\"ImageObject\",\"inLanguage\":\"pt-BR\",\"@id\":\"https:\\\/\\\/marcelolopes.jor.br\\\/site\\\/#\\\/schema\\\/logo\\\/image\\\/\",\"url\":\"https:\\\/\\\/marcelolopes.jor.br\\\/site\\\/wp-content\\\/uploads\\\/2024\\\/11\\\/logo-1.png\",\"contentUrl\":\"https:\\\/\\\/marcelolopes.jor.br\\\/site\\\/wp-content\\\/uploads\\\/2024\\\/11\\\/logo-1.png\",\"width\":475,\"height\":80,\"caption\":\"Site do Marcelo Lopes\"},\"image\":{\"@id\":\"https:\\\/\\\/marcelolopes.jor.br\\\/site\\\/#\\\/schema\\\/logo\\\/image\\\/\"},\"sameAs\":[\"https:\\\/\\\/www.facebook.com\\\/sitedomarcelolopes\",\"https:\\\/\\\/www.instagram.com\\\/sitedomarcelolopes\\\/\",\"https:\\\/\\\/www.linkedin.com\\\/company\\\/site-do-marcelo-lopes\\\/\",\"https:\\\/\\\/www.youtube.com\\\/user\\\/marcelolopes957\"]},{\"@type\":\"Person\",\"@id\":\"https:\\\/\\\/marcelolopes.jor.br\\\/site\\\/#\\\/schema\\\/person\\\/3e7216a35c34d8fdf952b31da3d1f89f\",\"name\":\"Marcelo Lopes\",\"sameAs\":[\"http:\\\/\\\/www.marcelolopes.jor.br\"],\"url\":\"https:\\\/\\\/marcelolopes.jor.br\\\/site\\\/author\\\/marcelo\\\/\"}]}<\/script>\n<!-- \/ Yoast SEO plugin. -->","yoast_head_json":{"title":"Uso de m\u00e1scara ao ar","description":"Uso de m\u00e1scara ao ar livre n\u00e3o ser\u00e1 mais obrigat\u00f3rio em Minas Gerais. Medida deve ser oficializada j\u00e1 na pr\u00f3xima semana pelo governo mineiro.","robots":{"index":"index","follow":"follow","max-snippet":"max-snippet:-1","max-image-preview":"max-image-preview:large","max-video-preview":"max-video-preview:-1"},"canonical":"https:\/\/marcelolopes.jor.br\/site\/2022\/03\/05\/uso-de-mascara-ao-ar-livre-nao-sera-mais-obrigatorio-em-minas-gerais\/","og_locale":"pt_BR","og_type":"article","og_title":"Uso de m\u00e1scara ao ar","og_description":"Uso de m\u00e1scara ao ar livre n\u00e3o ser\u00e1 mais obrigat\u00f3rio em Minas Gerais. Medida deve ser oficializada j\u00e1 na pr\u00f3xima semana pelo governo mineiro.","og_url":"https:\/\/marcelolopes.jor.br\/site\/2022\/03\/05\/uso-de-mascara-ao-ar-livre-nao-sera-mais-obrigatorio-em-minas-gerais\/","og_site_name":"Marcelo Lopes","article_publisher":"https:\/\/www.facebook.com\/sitedomarcelolopes","article_published_time":"2022-03-05T15:00:49+00:00","article_modified_time":"2022-08-03T20:01:49+00:00","og_image":[{"width":800,"height":463,"url":"https:\/\/marcelolopes.jor.br\/site\/wp-content\/uploads\/2022\/03\/vr2_Santa-Casa-Marco-Evangelista-Imprensa-MG-17.jpeg","type":"image\/jpeg"}],"author":"Marcelo Lopes","twitter_card":"summary_large_image","twitter_misc":{"Escrito por":"Marcelo Lopes","Est. tempo de leitura":"1 minuto"},"schema":{"@context":"https:\/\/schema.org","@graph":[{"@type":"NewsArticle","@id":"https:\/\/marcelolopes.jor.br\/site\/2022\/03\/05\/uso-de-mascara-ao-ar-livre-nao-sera-mais-obrigatorio-em-minas-gerais\/#article","isPartOf":{"@id":"https:\/\/marcelolopes.jor.br\/site\/2022\/03\/05\/uso-de-mascara-ao-ar-livre-nao-sera-mais-obrigatorio-em-minas-gerais\/"},"author":{"name":"Marcelo Lopes","@id":"https:\/\/marcelolopes.jor.br\/site\/#\/schema\/person\/3e7216a35c34d8fdf952b31da3d1f89f"},"headline":"Uso de m\u00e1scara ao ar livre n\u00e3o ser\u00e1 mais obrigat\u00f3rio em Minas Gerais","datePublished":"2022-03-05T15:00:49+00:00","dateModified":"2022-08-03T20:01:49+00:00","mainEntityOfPage":{"@id":"https:\/\/marcelolopes.jor.br\/site\/2022\/03\/05\/uso-de-mascara-ao-ar-livre-nao-sera-mais-obrigatorio-em-minas-gerais\/"},"wordCount":229,"commentCount":0,"publisher":{"@id":"https:\/\/marcelolopes.jor.br\/site\/#organization"},"image":{"@id":"https:\/\/marcelolopes.jor.br\/site\/2022\/03\/05\/uso-de-mascara-ao-ar-livre-nao-sera-mais-obrigatorio-em-minas-gerais\/#primaryimage"},"thumbnailUrl":"https:\/\/marcelolopes.jor.br\/site\/wp-content\/uploads\/2022\/03\/vr2_Santa-Casa-Marco-Evangelista-Imprensa-MG-17.jpeg","keywords":["ar livre","m\u00e1scara cir\u00fargica","m\u00e1scaras","preven\u00e7\u00e3o \u00e0 covid-19"],"articleSection":["Not\u00edcias"],"inLanguage":"pt-BR","potentialAction":[{"@type":"CommentAction","name":"Comment","target":["https:\/\/marcelolopes.jor.br\/site\/2022\/03\/05\/uso-de-mascara-ao-ar-livre-nao-sera-mais-obrigatorio-em-minas-gerais\/#respond"]}]},{"@type":"WebPage","@id":"https:\/\/marcelolopes.jor.br\/site\/2022\/03\/05\/uso-de-mascara-ao-ar-livre-nao-sera-mais-obrigatorio-em-minas-gerais\/","url":"https:\/\/marcelolopes.jor.br\/site\/2022\/03\/05\/uso-de-mascara-ao-ar-livre-nao-sera-mais-obrigatorio-em-minas-gerais\/","name":"Uso de m\u00e1scara ao ar","isPartOf":{"@id":"https:\/\/marcelolopes.jor.br\/site\/#website"},"primaryImageOfPage":{"@id":"https:\/\/marcelolopes.jor.br\/site\/2022\/03\/05\/uso-de-mascara-ao-ar-livre-nao-sera-mais-obrigatorio-em-minas-gerais\/#primaryimage"},"image":{"@id":"https:\/\/marcelolopes.jor.br\/site\/2022\/03\/05\/uso-de-mascara-ao-ar-livre-nao-sera-mais-obrigatorio-em-minas-gerais\/#primaryimage"},"thumbnailUrl":"https:\/\/marcelolopes.jor.br\/site\/wp-content\/uploads\/2022\/03\/vr2_Santa-Casa-Marco-Evangelista-Imprensa-MG-17.jpeg","datePublished":"2022-03-05T15:00:49+00:00","dateModified":"2022-08-03T20:01:49+00:00","description":"Uso de m\u00e1scara ao ar livre n\u00e3o ser\u00e1 mais obrigat\u00f3rio em Minas Gerais. Medida deve ser oficializada j\u00e1 na pr\u00f3xima semana pelo governo mineiro.","breadcrumb":{"@id":"https:\/\/marcelolopes.jor.br\/site\/2022\/03\/05\/uso-de-mascara-ao-ar-livre-nao-sera-mais-obrigatorio-em-minas-gerais\/#breadcrumb"},"inLanguage":"pt-BR","potentialAction":[{"@type":"ReadAction","target":["https:\/\/marcelolopes.jor.br\/site\/2022\/03\/05\/uso-de-mascara-ao-ar-livre-nao-sera-mais-obrigatorio-em-minas-gerais\/"]}]},{"@type":"ImageObject","inLanguage":"pt-BR","@id":"https:\/\/marcelolopes.jor.br\/site\/2022\/03\/05\/uso-de-mascara-ao-ar-livre-nao-sera-mais-obrigatorio-em-minas-gerais\/#primaryimage","url":"https:\/\/marcelolopes.jor.br\/site\/wp-content\/uploads\/2022\/03\/vr2_Santa-Casa-Marco-Evangelista-Imprensa-MG-17.jpeg","contentUrl":"https:\/\/marcelolopes.jor.br\/site\/wp-content\/uploads\/2022\/03\/vr2_Santa-Casa-Marco-Evangelista-Imprensa-MG-17.jpeg","width":800,"height":463,"caption":"Uso de m\u00e1scara ao ar"},{"@type":"BreadcrumbList","@id":"https:\/\/marcelolopes.jor.br\/site\/2022\/03\/05\/uso-de-mascara-ao-ar-livre-nao-sera-mais-obrigatorio-em-minas-gerais\/#breadcrumb","itemListElement":[{"@type":"ListItem","position":1,"name":"Home","item":"https:\/\/marcelolopes.jor.br\/site\/"},{"@type":"ListItem","position":2,"name":"Uso de m\u00e1scara ao ar livre n\u00e3o ser\u00e1 mais obrigat\u00f3rio em Minas Gerais"}]},{"@type":"WebSite","@id":"https:\/\/marcelolopes.jor.br\/site\/#website","url":"https:\/\/marcelolopes.jor.br\/site\/","name":"Marcelo Lopes","description":"Not\u00edcias de Cataguases e Regi\u00e3o","publisher":{"@id":"https:\/\/marcelolopes.jor.br\/site\/#organization"},"potentialAction":[{"@type":"SearchAction","target":{"@type":"EntryPoint","urlTemplate":"https:\/\/marcelolopes.jor.br\/site\/?s={search_term_string}"},"query-input":{"@type":"PropertyValueSpecification","valueRequired":true,"valueName":"search_term_string"}}],"inLanguage":"pt-BR"},{"@type":"Organization","@id":"https:\/\/marcelolopes.jor.br\/site\/#organization","name":"Site do Marcelo Lopes","url":"https:\/\/marcelolopes.jor.br\/site\/","logo":{"@type":"ImageObject","inLanguage":"pt-BR","@id":"https:\/\/marcelolopes.jor.br\/site\/#\/schema\/logo\/image\/","url":"https:\/\/marcelolopes.jor.br\/site\/wp-content\/uploads\/2024\/11\/logo-1.png","contentUrl":"https:\/\/marcelolopes.jor.br\/site\/wp-content\/uploads\/2024\/11\/logo-1.png","width":475,"height":80,"caption":"Site do Marcelo Lopes"},"image":{"@id":"https:\/\/marcelolopes.jor.br\/site\/#\/schema\/logo\/image\/"},"sameAs":["https:\/\/www.facebook.com\/sitedomarcelolopes","https:\/\/www.instagram.com\/sitedomarcelolopes\/","https:\/\/www.linkedin.com\/company\/site-do-marcelo-lopes\/","https:\/\/www.youtube.com\/user\/marcelolopes957"]},{"@type":"Person","@id":"https:\/\/marcelolopes.jor.br\/site\/#\/schema\/person\/3e7216a35c34d8fdf952b31da3d1f89f","name":"Marcelo Lopes","sameAs":["http:\/\/www.marcelolopes.jor.br"],"url":"https:\/\/marcelolopes.jor.br\/site\/author\/marcelo\/"}]}},"wps_subtitle":"Medida deve ser oficializada j\u00e1 na pr\u00f3xima semana pelo governo mineiro.","_links":{"self":[{"href":"https:\/\/marcelolopes.jor.br\/site\/wp-json\/wp\/v2\/posts\/31273","targetHints":{"allow":["GET"]}}],"collection":[{"href":"https:\/\/marcelolopes.jor.br\/site\/wp-json\/wp\/v2\/posts"}],"about":[{"href":"https:\/\/marcelolopes.jor.br\/site\/wp-json\/wp\/v2\/types\/post"}],"author":[{"embeddable":true,"href":"https:\/\/marcelolopes.jor.br\/site\/wp-json\/wp\/v2\/users\/2"}],"replies":[{"embeddable":true,"href":"https:\/\/marcelolopes.jor.br\/site\/wp-json\/wp\/v2\/comments?post=31273"}],"version-history":[{"count":0,"href":"https:\/\/marcelolopes.jor.br\/site\/wp-json\/wp\/v2\/posts\/31273\/revisions"}],"wp:featuredmedia":[{"embeddable":true,"href":"https:\/\/marcelolopes.jor.br\/site\/wp-json\/wp\/v2\/media\/31275"}],"wp:attachment":[{"href":"https:\/\/marcelolopes.jor.br\/site\/wp-json\/wp\/v2\/media?parent=31273"}],"wp:term":[{"taxonomy":"category","embeddable":true,"href":"https:\/\/marcelolopes.jor.br\/site\/wp-json\/wp\/v2\/categories?post=31273"},{"taxonomy":"post_tag","embeddable":true,"href":"https:\/\/marcelolopes.jor.br\/site\/wp-json\/wp\/v2\/tags?post=31273"}],"curies":[{"name":"wp","href":"https:\/\/api.w.org\/{rel}","templated":true}]}}