{"id":3120,"date":"2019-07-03T12:00:27","date_gmt":"2019-07-03T15:00:27","guid":{"rendered":"https:\/\/marcelolopes.jor.br\/?p=3120"},"modified":"2019-07-03T13:35:49","modified_gmt":"2019-07-03T16:35:49","slug":"pm-faz-operacao-em-astolfo-dutra-e-regiao-e-prende-tres-suspeitos","status":"publish","type":"post","link":"https:\/\/marcelolopes.jor.br\/site\/2019\/07\/03\/pm-faz-operacao-em-astolfo-dutra-e-regiao-e-prende-tres-suspeitos\/","title":{"rendered":"PM faz opera\u00e7\u00e3o em Astolfo Dutra e regi\u00e3o e prende suspeitos"},"content":{"rendered":"<p style=\"text-align: left;\">A Pol\u00edcia Militar prendeu na noite desta ter\u00e7a-feira, 02 de julho, dois homens suspeitos de envolvimento com o tr\u00e1fico de drogas. Um terceiro, que estava em pris\u00e3o domiciliar, os militares pediram a regress\u00e3o de sua pena. As pris\u00f5es aconteceram em decorr\u00eancia de uma opera\u00e7\u00e3o realizada pelos militares na regi\u00e3o de Astolfo Dutra e, conforme informou o tenente Weslley, que esteve \u00e0 frente da a\u00e7\u00e3o, o objetivo foi o combate ao crime assegurando que o trabalho vai prosseguir visando garantir a seguran\u00e7a do cidad\u00e3o.<!--more--><\/p>\n<p style=\"text-align: justify;\">Os militares agiram em diversos pontos da regi\u00e3o, sendo que na noite desta ter\u00e7a-feira, 02, prenderam um homem de 30 anos de idade no trevo que d\u00e1 acesso a Sobral Pinto, distrito de Astolfo Dutra. Suspeito de estar envolvido com o tr\u00e1fico de drogas, conforme destacou aquele comandante, havia contra ele um mandado de pris\u00e3o, revelou o militar.<\/p>\n<p style=\"text-align: justify;\">No dia anterior, 1\u00ba de julho, a equipe de policiais militares localizou um homem de 24 anos, que estava em pris\u00e3o domiciliar tamb\u00e9m por tr\u00e1fico de drogas. Ele foi abordado pela PM na rodovia que d\u00e1 acesso a Astolfo Dutra e dever\u00e1 voltar a cumprir pena em regime fechado por descumprir a regra da pris\u00e3o domiciliar. Naquele mesmo dia, policiais militares de Itamarati de Minas prenderam outro foragido da justi\u00e7a, com mandado de pris\u00e3o em aberto por envolvimento com drogas. Todos os presos foram levados para a Delegacia de Pol\u00edcia Civil e na sequ\u00eancia conduzidos para o pres\u00eddio onde permanecem \u00e0 disposi\u00e7\u00e3o da justi\u00e7a.<\/p>\n<p><em>Fonte e foto: Pol\u00edcia Militar de Minas Gerais<\/em><\/p>\n<div class=\"xybls69f70b40acaa7\" ><br><\/div><style type=\"text\/css\">\r\n@media screen and (min-width: 1201px) {\r\n.xybls69f70b40acaa7 {\r\ndisplay: block;\r\n}\r\n}\r\n@media screen and (min-width: 993px) and (max-width: 1200px) {\r\n.xybls69f70b40acaa7 {\r\ndisplay: block;\r\n}\r\n}\r\n@media screen and (min-width: 769px) and (max-width: 992px) {\r\n.xybls69f70b40acaa7 {\r\ndisplay: block;\r\n}\r\n}\r\n@media screen and (min-width: 768px) and (max-width: 768px) {\r\n.xybls69f70b40acaa7 {\r\ndisplay: block;\r\n}\r\n}\r\n@media screen and (max-width: 767px) {\r\n.xybls69f70b40acaa7 {\r\ndisplay: block;\r\n}\r\n}\r\n<\/style>\r\n<div class=\"rwqdz69f70b40b2743\" ><div id=\"div_destino\"><\/div>\r\n<script src=\"https:\/\/cdn.snsrsv.com\/sdk.js\"><\/script>\r\n<script >\r\n      new sdk(\"464030C30061EA8BE065000000000001\") \r\n          .appendTo(\"div_destino\")\r\n          .disableStyle(true) \r\n          .setCacheBusterMacro(\"%%CACHEBUSTER%%\")\r\n          .setSize(\"800\",\"214\")\r\n          .setClickMacro(\"%%CLICK_URL_ESC%%\") \r\n          .setReferrerUrlMacro(\"%%REFERRER_URL_ESC%%\") \r\n          .start(); \r\n<\/script><\/div><style type=\"text\/css\">\r\n@media screen and (min-width: 1201px) {\r\n.rwqdz69f70b40b2743 {\r\ndisplay: block;\r\n}\r\n}\r\n@media screen and (min-width: 993px) and (max-width: 1200px) {\r\n.rwqdz69f70b40b2743 {\r\ndisplay: block;\r\n}\r\n}\r\n@media screen and (min-width: 769px) and (max-width: 992px) {\r\n.rwqdz69f70b40b2743 {\r\ndisplay: block;\r\n}\r\n}\r\n@media screen and (min-width: 768px) and (max-width: 768px) {\r\n.rwqdz69f70b40b2743 {\r\ndisplay: block;\r\n}\r\n}\r\n@media screen and (max-width: 767px) {\r\n.rwqdz69f70b40b2743 {\r\ndisplay: block;\r\n}\r\n}\r\n<\/style>\r\n","protected":false},"excerpt":{"rendered":"<p>A Pol\u00edcia Militar prendeu na noite desta ter\u00e7a-feira, 02 de julho, dois homens suspeitos de envolvimento com o tr\u00e1fico de drogas. Um terceiro, que estava em pris\u00e3o domiciliar, os militares pediram a regress\u00e3o de sua pena. As pris\u00f5es aconteceram em<\/p>\n<p class=\"link-more\"><a class=\"more-link\" href=\"https:\/\/marcelolopes.jor.br\/site\/2019\/07\/03\/pm-faz-operacao-em-astolfo-dutra-e-regiao-e-prende-tres-suspeitos\/\">Leia mais <span class=\"screen-reader-text\">PM faz opera\u00e7\u00e3o em Astolfo Dutra e regi\u00e3o e prende suspeitos<\/span><\/a><\/p>\n","protected":false},"author":2,"featured_media":3122,"comment_status":"open","ping_status":"open","sticky":false,"template":"","format":"standard","meta":{"footnotes":""},"categories":[1],"tags":[253,428,110,77],"class_list":["post-3120","post","type-post","status-publish","format-standard","has-post-thumbnail","hentry","category-noticias","tag-mandado-de-prisao","tag-operacao","tag-policia-militar","tag-prisao","thumb-below-title"],"yoast_head":"<!-- This site is optimized with the Yoast SEO plugin v27.4 - https:\/\/yoast.com\/product\/yoast-seo-wordpress\/ -->\n<title>PM faz opera\u00e7\u00e3o em Astolfo Dutra e regi\u00e3o e prende suspeitos | Marcelo Lopes<\/title>\n<meta name=\"robots\" content=\"index, follow, max-snippet:-1, max-image-preview:large, max-video-preview:-1\" \/>\n<link rel=\"canonical\" href=\"https:\/\/marcelolopes.jor.br\/site\/2019\/07\/03\/pm-faz-operacao-em-astolfo-dutra-e-regiao-e-prende-tres-suspeitos\/\" \/>\n<meta property=\"og:locale\" content=\"pt_BR\" \/>\n<meta property=\"og:type\" content=\"article\" \/>\n<meta property=\"og:title\" content=\"PM faz opera\u00e7\u00e3o em Astolfo Dutra e regi\u00e3o e prende suspeitos | Marcelo Lopes\" \/>\n<meta property=\"og:description\" content=\"A Pol\u00edcia Militar prendeu na noite desta ter\u00e7a-feira, 02 de julho, dois homens suspeitos de envolvimento com o tr\u00e1fico de drogas. Um terceiro, que estava em pris\u00e3o domiciliar, os militares pediram a regress\u00e3o de sua pena. As pris\u00f5es aconteceram emLeia mais PM faz opera\u00e7\u00e3o em Astolfo Dutra e regi\u00e3o e prende suspeitos\" \/>\n<meta property=\"og:url\" content=\"https:\/\/marcelolopes.jor.br\/site\/2019\/07\/03\/pm-faz-operacao-em-astolfo-dutra-e-regiao-e-prende-tres-suspeitos\/\" \/>\n<meta property=\"og:site_name\" content=\"Marcelo Lopes\" \/>\n<meta property=\"article:publisher\" content=\"https:\/\/www.facebook.com\/sitedomarcelolopes\" \/>\n<meta property=\"article:published_time\" content=\"2019-07-03T15:00:27+00:00\" \/>\n<meta property=\"article:modified_time\" content=\"2019-07-03T16:35:49+00:00\" \/>\n<meta property=\"og:image\" content=\"https:\/\/marcelolopes.jor.br\/site\/wp-content\/uploads\/2019\/07\/WhatsApp-Image-2019-07-03-at-10.00.23.jpeg\" \/>\n\t<meta property=\"og:image:width\" content=\"851\" \/>\n\t<meta property=\"og:image:height\" content=\"597\" \/>\n\t<meta property=\"og:image:type\" content=\"image\/jpeg\" \/>\n<meta name=\"author\" content=\"Marcelo Lopes\" \/>\n<meta name=\"twitter:card\" content=\"summary_large_image\" \/>\n<meta name=\"twitter:label1\" content=\"Escrito por\" \/>\n\t<meta name=\"twitter:data1\" content=\"Marcelo Lopes\" \/>\n\t<meta name=\"twitter:label2\" content=\"Est. tempo de leitura\" \/>\n\t<meta name=\"twitter:data2\" content=\"1 minuto\" \/>\n<script type=\"application\/ld+json\" class=\"yoast-schema-graph\">{\"@context\":\"https:\\\/\\\/schema.org\",\"@graph\":[{\"@type\":\"NewsArticle\",\"@id\":\"https:\\\/\\\/marcelolopes.jor.br\\\/site\\\/2019\\\/07\\\/03\\\/pm-faz-operacao-em-astolfo-dutra-e-regiao-e-prende-tres-suspeitos\\\/#article\",\"isPartOf\":{\"@id\":\"https:\\\/\\\/marcelolopes.jor.br\\\/site\\\/2019\\\/07\\\/03\\\/pm-faz-operacao-em-astolfo-dutra-e-regiao-e-prende-tres-suspeitos\\\/\"},\"author\":{\"name\":\"Marcelo Lopes\",\"@id\":\"https:\\\/\\\/marcelolopes.jor.br\\\/site\\\/#\\\/schema\\\/person\\\/3e7216a35c34d8fdf952b31da3d1f89f\"},\"headline\":\"PM faz opera\u00e7\u00e3o em Astolfo Dutra e regi\u00e3o e prende suspeitos\",\"datePublished\":\"2019-07-03T15:00:27+00:00\",\"dateModified\":\"2019-07-03T16:35:49+00:00\",\"mainEntityOfPage\":{\"@id\":\"https:\\\/\\\/marcelolopes.jor.br\\\/site\\\/2019\\\/07\\\/03\\\/pm-faz-operacao-em-astolfo-dutra-e-regiao-e-prende-tres-suspeitos\\\/\"},\"wordCount\":287,\"commentCount\":0,\"publisher\":{\"@id\":\"https:\\\/\\\/marcelolopes.jor.br\\\/site\\\/#organization\"},\"image\":{\"@id\":\"https:\\\/\\\/marcelolopes.jor.br\\\/site\\\/2019\\\/07\\\/03\\\/pm-faz-operacao-em-astolfo-dutra-e-regiao-e-prende-tres-suspeitos\\\/#primaryimage\"},\"thumbnailUrl\":\"https:\\\/\\\/marcelolopes.jor.br\\\/site\\\/wp-content\\\/uploads\\\/2019\\\/07\\\/WhatsApp-Image-2019-07-03-at-10.00.23.jpeg\",\"keywords\":[\"mandado de pris\u00e3o\",\"opera\u00e7\u00e3o\",\"pol\u00edcia militar\",\"pris\u00e3o\"],\"articleSection\":[\"Not\u00edcias\"],\"inLanguage\":\"pt-BR\",\"potentialAction\":[{\"@type\":\"CommentAction\",\"name\":\"Comment\",\"target\":[\"https:\\\/\\\/marcelolopes.jor.br\\\/site\\\/2019\\\/07\\\/03\\\/pm-faz-operacao-em-astolfo-dutra-e-regiao-e-prende-tres-suspeitos\\\/#respond\"]}]},{\"@type\":\"WebPage\",\"@id\":\"https:\\\/\\\/marcelolopes.jor.br\\\/site\\\/2019\\\/07\\\/03\\\/pm-faz-operacao-em-astolfo-dutra-e-regiao-e-prende-tres-suspeitos\\\/\",\"url\":\"https:\\\/\\\/marcelolopes.jor.br\\\/site\\\/2019\\\/07\\\/03\\\/pm-faz-operacao-em-astolfo-dutra-e-regiao-e-prende-tres-suspeitos\\\/\",\"name\":\"PM faz opera\u00e7\u00e3o em Astolfo Dutra e regi\u00e3o e prende suspeitos | Marcelo Lopes\",\"isPartOf\":{\"@id\":\"https:\\\/\\\/marcelolopes.jor.br\\\/site\\\/#website\"},\"primaryImageOfPage\":{\"@id\":\"https:\\\/\\\/marcelolopes.jor.br\\\/site\\\/2019\\\/07\\\/03\\\/pm-faz-operacao-em-astolfo-dutra-e-regiao-e-prende-tres-suspeitos\\\/#primaryimage\"},\"image\":{\"@id\":\"https:\\\/\\\/marcelolopes.jor.br\\\/site\\\/2019\\\/07\\\/03\\\/pm-faz-operacao-em-astolfo-dutra-e-regiao-e-prende-tres-suspeitos\\\/#primaryimage\"},\"thumbnailUrl\":\"https:\\\/\\\/marcelolopes.jor.br\\\/site\\\/wp-content\\\/uploads\\\/2019\\\/07\\\/WhatsApp-Image-2019-07-03-at-10.00.23.jpeg\",\"datePublished\":\"2019-07-03T15:00:27+00:00\",\"dateModified\":\"2019-07-03T16:35:49+00:00\",\"breadcrumb\":{\"@id\":\"https:\\\/\\\/marcelolopes.jor.br\\\/site\\\/2019\\\/07\\\/03\\\/pm-faz-operacao-em-astolfo-dutra-e-regiao-e-prende-tres-suspeitos\\\/#breadcrumb\"},\"inLanguage\":\"pt-BR\",\"potentialAction\":[{\"@type\":\"ReadAction\",\"target\":[\"https:\\\/\\\/marcelolopes.jor.br\\\/site\\\/2019\\\/07\\\/03\\\/pm-faz-operacao-em-astolfo-dutra-e-regiao-e-prende-tres-suspeitos\\\/\"]}]},{\"@type\":\"ImageObject\",\"inLanguage\":\"pt-BR\",\"@id\":\"https:\\\/\\\/marcelolopes.jor.br\\\/site\\\/2019\\\/07\\\/03\\\/pm-faz-operacao-em-astolfo-dutra-e-regiao-e-prende-tres-suspeitos\\\/#primaryimage\",\"url\":\"https:\\\/\\\/marcelolopes.jor.br\\\/site\\\/wp-content\\\/uploads\\\/2019\\\/07\\\/WhatsApp-Image-2019-07-03-at-10.00.23.jpeg\",\"contentUrl\":\"https:\\\/\\\/marcelolopes.jor.br\\\/site\\\/wp-content\\\/uploads\\\/2019\\\/07\\\/WhatsApp-Image-2019-07-03-at-10.00.23.jpeg\",\"width\":851,\"height\":597},{\"@type\":\"BreadcrumbList\",\"@id\":\"https:\\\/\\\/marcelolopes.jor.br\\\/site\\\/2019\\\/07\\\/03\\\/pm-faz-operacao-em-astolfo-dutra-e-regiao-e-prende-tres-suspeitos\\\/#breadcrumb\",\"itemListElement\":[{\"@type\":\"ListItem\",\"position\":1,\"name\":\"Home\",\"item\":\"https:\\\/\\\/marcelolopes.jor.br\\\/site\\\/\"},{\"@type\":\"ListItem\",\"position\":2,\"name\":\"PM faz opera\u00e7\u00e3o em Astolfo Dutra e regi\u00e3o e prende suspeitos\"}]},{\"@type\":\"WebSite\",\"@id\":\"https:\\\/\\\/marcelolopes.jor.br\\\/site\\\/#website\",\"url\":\"https:\\\/\\\/marcelolopes.jor.br\\\/site\\\/\",\"name\":\"Marcelo Lopes\",\"description\":\"Not\u00edcias de Cataguases e Regi\u00e3o\",\"publisher\":{\"@id\":\"https:\\\/\\\/marcelolopes.jor.br\\\/site\\\/#organization\"},\"potentialAction\":[{\"@type\":\"SearchAction\",\"target\":{\"@type\":\"EntryPoint\",\"urlTemplate\":\"https:\\\/\\\/marcelolopes.jor.br\\\/site\\\/?s={search_term_string}\"},\"query-input\":{\"@type\":\"PropertyValueSpecification\",\"valueRequired\":true,\"valueName\":\"search_term_string\"}}],\"inLanguage\":\"pt-BR\"},{\"@type\":\"Organization\",\"@id\":\"https:\\\/\\\/marcelolopes.jor.br\\\/site\\\/#organization\",\"name\":\"Site do Marcelo Lopes\",\"url\":\"https:\\\/\\\/marcelolopes.jor.br\\\/site\\\/\",\"logo\":{\"@type\":\"ImageObject\",\"inLanguage\":\"pt-BR\",\"@id\":\"https:\\\/\\\/marcelolopes.jor.br\\\/site\\\/#\\\/schema\\\/logo\\\/image\\\/\",\"url\":\"https:\\\/\\\/marcelolopes.jor.br\\\/site\\\/wp-content\\\/uploads\\\/2024\\\/11\\\/logo-1.png\",\"contentUrl\":\"https:\\\/\\\/marcelolopes.jor.br\\\/site\\\/wp-content\\\/uploads\\\/2024\\\/11\\\/logo-1.png\",\"width\":475,\"height\":80,\"caption\":\"Site do Marcelo Lopes\"},\"image\":{\"@id\":\"https:\\\/\\\/marcelolopes.jor.br\\\/site\\\/#\\\/schema\\\/logo\\\/image\\\/\"},\"sameAs\":[\"https:\\\/\\\/www.facebook.com\\\/sitedomarcelolopes\",\"https:\\\/\\\/www.instagram.com\\\/sitedomarcelolopes\\\/\",\"https:\\\/\\\/www.linkedin.com\\\/company\\\/site-do-marcelo-lopes\\\/\",\"https:\\\/\\\/www.youtube.com\\\/user\\\/marcelolopes957\"]},{\"@type\":\"Person\",\"@id\":\"https:\\\/\\\/marcelolopes.jor.br\\\/site\\\/#\\\/schema\\\/person\\\/3e7216a35c34d8fdf952b31da3d1f89f\",\"name\":\"Marcelo Lopes\",\"sameAs\":[\"http:\\\/\\\/www.marcelolopes.jor.br\"],\"url\":\"https:\\\/\\\/marcelolopes.jor.br\\\/site\\\/author\\\/marcelo\\\/\"}]}<\/script>\n<!-- \/ Yoast SEO plugin. -->","yoast_head_json":{"title":"PM faz opera\u00e7\u00e3o em Astolfo Dutra e regi\u00e3o e prende suspeitos | Marcelo Lopes","robots":{"index":"index","follow":"follow","max-snippet":"max-snippet:-1","max-image-preview":"max-image-preview:large","max-video-preview":"max-video-preview:-1"},"canonical":"https:\/\/marcelolopes.jor.br\/site\/2019\/07\/03\/pm-faz-operacao-em-astolfo-dutra-e-regiao-e-prende-tres-suspeitos\/","og_locale":"pt_BR","og_type":"article","og_title":"PM faz opera\u00e7\u00e3o em Astolfo Dutra e regi\u00e3o e prende suspeitos | Marcelo Lopes","og_description":"A Pol\u00edcia Militar prendeu na noite desta ter\u00e7a-feira, 02 de julho, dois homens suspeitos de envolvimento com o tr\u00e1fico de drogas. Um terceiro, que estava em pris\u00e3o domiciliar, os militares pediram a regress\u00e3o de sua pena. As pris\u00f5es aconteceram emLeia mais PM faz opera\u00e7\u00e3o em Astolfo Dutra e regi\u00e3o e prende suspeitos","og_url":"https:\/\/marcelolopes.jor.br\/site\/2019\/07\/03\/pm-faz-operacao-em-astolfo-dutra-e-regiao-e-prende-tres-suspeitos\/","og_site_name":"Marcelo Lopes","article_publisher":"https:\/\/www.facebook.com\/sitedomarcelolopes","article_published_time":"2019-07-03T15:00:27+00:00","article_modified_time":"2019-07-03T16:35:49+00:00","og_image":[{"width":851,"height":597,"url":"https:\/\/marcelolopes.jor.br\/site\/wp-content\/uploads\/2019\/07\/WhatsApp-Image-2019-07-03-at-10.00.23.jpeg","type":"image\/jpeg"}],"author":"Marcelo Lopes","twitter_card":"summary_large_image","twitter_misc":{"Escrito por":"Marcelo Lopes","Est. tempo de leitura":"1 minuto"},"schema":{"@context":"https:\/\/schema.org","@graph":[{"@type":"NewsArticle","@id":"https:\/\/marcelolopes.jor.br\/site\/2019\/07\/03\/pm-faz-operacao-em-astolfo-dutra-e-regiao-e-prende-tres-suspeitos\/#article","isPartOf":{"@id":"https:\/\/marcelolopes.jor.br\/site\/2019\/07\/03\/pm-faz-operacao-em-astolfo-dutra-e-regiao-e-prende-tres-suspeitos\/"},"author":{"name":"Marcelo Lopes","@id":"https:\/\/marcelolopes.jor.br\/site\/#\/schema\/person\/3e7216a35c34d8fdf952b31da3d1f89f"},"headline":"PM faz opera\u00e7\u00e3o em Astolfo Dutra e regi\u00e3o e prende suspeitos","datePublished":"2019-07-03T15:00:27+00:00","dateModified":"2019-07-03T16:35:49+00:00","mainEntityOfPage":{"@id":"https:\/\/marcelolopes.jor.br\/site\/2019\/07\/03\/pm-faz-operacao-em-astolfo-dutra-e-regiao-e-prende-tres-suspeitos\/"},"wordCount":287,"commentCount":0,"publisher":{"@id":"https:\/\/marcelolopes.jor.br\/site\/#organization"},"image":{"@id":"https:\/\/marcelolopes.jor.br\/site\/2019\/07\/03\/pm-faz-operacao-em-astolfo-dutra-e-regiao-e-prende-tres-suspeitos\/#primaryimage"},"thumbnailUrl":"https:\/\/marcelolopes.jor.br\/site\/wp-content\/uploads\/2019\/07\/WhatsApp-Image-2019-07-03-at-10.00.23.jpeg","keywords":["mandado de pris\u00e3o","opera\u00e7\u00e3o","pol\u00edcia militar","pris\u00e3o"],"articleSection":["Not\u00edcias"],"inLanguage":"pt-BR","potentialAction":[{"@type":"CommentAction","name":"Comment","target":["https:\/\/marcelolopes.jor.br\/site\/2019\/07\/03\/pm-faz-operacao-em-astolfo-dutra-e-regiao-e-prende-tres-suspeitos\/#respond"]}]},{"@type":"WebPage","@id":"https:\/\/marcelolopes.jor.br\/site\/2019\/07\/03\/pm-faz-operacao-em-astolfo-dutra-e-regiao-e-prende-tres-suspeitos\/","url":"https:\/\/marcelolopes.jor.br\/site\/2019\/07\/03\/pm-faz-operacao-em-astolfo-dutra-e-regiao-e-prende-tres-suspeitos\/","name":"PM faz opera\u00e7\u00e3o em Astolfo Dutra e regi\u00e3o e prende suspeitos | Marcelo Lopes","isPartOf":{"@id":"https:\/\/marcelolopes.jor.br\/site\/#website"},"primaryImageOfPage":{"@id":"https:\/\/marcelolopes.jor.br\/site\/2019\/07\/03\/pm-faz-operacao-em-astolfo-dutra-e-regiao-e-prende-tres-suspeitos\/#primaryimage"},"image":{"@id":"https:\/\/marcelolopes.jor.br\/site\/2019\/07\/03\/pm-faz-operacao-em-astolfo-dutra-e-regiao-e-prende-tres-suspeitos\/#primaryimage"},"thumbnailUrl":"https:\/\/marcelolopes.jor.br\/site\/wp-content\/uploads\/2019\/07\/WhatsApp-Image-2019-07-03-at-10.00.23.jpeg","datePublished":"2019-07-03T15:00:27+00:00","dateModified":"2019-07-03T16:35:49+00:00","breadcrumb":{"@id":"https:\/\/marcelolopes.jor.br\/site\/2019\/07\/03\/pm-faz-operacao-em-astolfo-dutra-e-regiao-e-prende-tres-suspeitos\/#breadcrumb"},"inLanguage":"pt-BR","potentialAction":[{"@type":"ReadAction","target":["https:\/\/marcelolopes.jor.br\/site\/2019\/07\/03\/pm-faz-operacao-em-astolfo-dutra-e-regiao-e-prende-tres-suspeitos\/"]}]},{"@type":"ImageObject","inLanguage":"pt-BR","@id":"https:\/\/marcelolopes.jor.br\/site\/2019\/07\/03\/pm-faz-operacao-em-astolfo-dutra-e-regiao-e-prende-tres-suspeitos\/#primaryimage","url":"https:\/\/marcelolopes.jor.br\/site\/wp-content\/uploads\/2019\/07\/WhatsApp-Image-2019-07-03-at-10.00.23.jpeg","contentUrl":"https:\/\/marcelolopes.jor.br\/site\/wp-content\/uploads\/2019\/07\/WhatsApp-Image-2019-07-03-at-10.00.23.jpeg","width":851,"height":597},{"@type":"BreadcrumbList","@id":"https:\/\/marcelolopes.jor.br\/site\/2019\/07\/03\/pm-faz-operacao-em-astolfo-dutra-e-regiao-e-prende-tres-suspeitos\/#breadcrumb","itemListElement":[{"@type":"ListItem","position":1,"name":"Home","item":"https:\/\/marcelolopes.jor.br\/site\/"},{"@type":"ListItem","position":2,"name":"PM faz opera\u00e7\u00e3o em Astolfo Dutra e regi\u00e3o e prende suspeitos"}]},{"@type":"WebSite","@id":"https:\/\/marcelolopes.jor.br\/site\/#website","url":"https:\/\/marcelolopes.jor.br\/site\/","name":"Marcelo Lopes","description":"Not\u00edcias de Cataguases e Regi\u00e3o","publisher":{"@id":"https:\/\/marcelolopes.jor.br\/site\/#organization"},"potentialAction":[{"@type":"SearchAction","target":{"@type":"EntryPoint","urlTemplate":"https:\/\/marcelolopes.jor.br\/site\/?s={search_term_string}"},"query-input":{"@type":"PropertyValueSpecification","valueRequired":true,"valueName":"search_term_string"}}],"inLanguage":"pt-BR"},{"@type":"Organization","@id":"https:\/\/marcelolopes.jor.br\/site\/#organization","name":"Site do Marcelo Lopes","url":"https:\/\/marcelolopes.jor.br\/site\/","logo":{"@type":"ImageObject","inLanguage":"pt-BR","@id":"https:\/\/marcelolopes.jor.br\/site\/#\/schema\/logo\/image\/","url":"https:\/\/marcelolopes.jor.br\/site\/wp-content\/uploads\/2024\/11\/logo-1.png","contentUrl":"https:\/\/marcelolopes.jor.br\/site\/wp-content\/uploads\/2024\/11\/logo-1.png","width":475,"height":80,"caption":"Site do Marcelo Lopes"},"image":{"@id":"https:\/\/marcelolopes.jor.br\/site\/#\/schema\/logo\/image\/"},"sameAs":["https:\/\/www.facebook.com\/sitedomarcelolopes","https:\/\/www.instagram.com\/sitedomarcelolopes\/","https:\/\/www.linkedin.com\/company\/site-do-marcelo-lopes\/","https:\/\/www.youtube.com\/user\/marcelolopes957"]},{"@type":"Person","@id":"https:\/\/marcelolopes.jor.br\/site\/#\/schema\/person\/3e7216a35c34d8fdf952b31da3d1f89f","name":"Marcelo Lopes","sameAs":["http:\/\/www.marcelolopes.jor.br"],"url":"https:\/\/marcelolopes.jor.br\/site\/author\/marcelo\/"}]}},"wps_subtitle":"Opera\u00e7\u00e3o come\u00e7ou na segunda-feira, 1\u00ba, e segue em andamento. Objetivo \u00e9 dar seguran\u00e7a \u00e0 popula\u00e7\u00e3o.","_links":{"self":[{"href":"https:\/\/marcelolopes.jor.br\/site\/wp-json\/wp\/v2\/posts\/3120","targetHints":{"allow":["GET"]}}],"collection":[{"href":"https:\/\/marcelolopes.jor.br\/site\/wp-json\/wp\/v2\/posts"}],"about":[{"href":"https:\/\/marcelolopes.jor.br\/site\/wp-json\/wp\/v2\/types\/post"}],"author":[{"embeddable":true,"href":"https:\/\/marcelolopes.jor.br\/site\/wp-json\/wp\/v2\/users\/2"}],"replies":[{"embeddable":true,"href":"https:\/\/marcelolopes.jor.br\/site\/wp-json\/wp\/v2\/comments?post=3120"}],"version-history":[{"count":0,"href":"https:\/\/marcelolopes.jor.br\/site\/wp-json\/wp\/v2\/posts\/3120\/revisions"}],"wp:featuredmedia":[{"embeddable":true,"href":"https:\/\/marcelolopes.jor.br\/site\/wp-json\/wp\/v2\/media\/3122"}],"wp:attachment":[{"href":"https:\/\/marcelolopes.jor.br\/site\/wp-json\/wp\/v2\/media?parent=3120"}],"wp:term":[{"taxonomy":"category","embeddable":true,"href":"https:\/\/marcelolopes.jor.br\/site\/wp-json\/wp\/v2\/categories?post=3120"},{"taxonomy":"post_tag","embeddable":true,"href":"https:\/\/marcelolopes.jor.br\/site\/wp-json\/wp\/v2\/tags?post=3120"}],"curies":[{"name":"wp","href":"https:\/\/api.w.org\/{rel}","templated":true}]}}