{"id":31074,"date":"2022-02-23T16:23:58","date_gmt":"2022-02-23T19:23:58","guid":{"rendered":"https:\/\/marcelolopes.jor.br\/?p=31074"},"modified":"2022-02-23T16:24:08","modified_gmt":"2022-02-23T19:24:08","slug":"forcas-de-seguranca-pressionam-governo-de-minas-por-recomposicao-salarial","status":"publish","type":"post","link":"https:\/\/marcelolopes.jor.br\/site\/2022\/02\/23\/forcas-de-seguranca-pressionam-governo-de-minas-por-recomposicao-salarial\/","title":{"rendered":"For\u00e7as de seguran\u00e7a pressionam governo de Minas por recomposi\u00e7\u00e3o salarial"},"content":{"rendered":"<p style=\"text-align: justify;\">As for\u00e7as de seguran\u00e7a de Minas Gerais formadas pelas Pol\u00edcias Militar, Civil e Penal, Corpo de Bombeiros e agentes socioeducativos est\u00e3o em greve desde a \u00faltima segunda-feira, 21 de fevereiro, por reajuste salarial. Os policiais pressionam para que o governo envie, ao Legislativo estadual, um projeto de lei para concretizar a recomposi\u00e7\u00e3o dos vencimentos.<!--more--><\/p>\n<p style=\"text-align: justify;\">Em novembro de 2019, representantes das for\u00e7as de seguran\u00e7a, integrantes do governo estadual e deputados assinaram acordo sobre a recomposi\u00e7\u00e3o salarial. O pacto previa a reposi\u00e7\u00e3o das perdas inflacion\u00e1rias em tr\u00eas parcelas: 13% foram repostos em julho de 2020; em setembro de 2021, seriam acrescidos mais 12%; a \u00faltima parcela, tamb\u00e9m de 12%, estava prevista para setembro deste ano.<\/p>\n<p style=\"text-align: justify;\">Apesar disso, alegando inconstitucionalidade, Zema vetou o segundo e o terceiro reajustes. Apenas a primeira fatia, de 13%, entrou na conta dos agentes. O projeto que tratava do tema foi o mesmo a receber emenda estendendo a reposi\u00e7\u00e3o salarial a todos os servidores. Quando barrou o aumento geral, o governador tamb\u00e9m retirou do texto as parcelas prometidas \u00e0s pol\u00edcias para 2021 e 2022.<\/p>\n<h3 style=\"text-align: justify;\">Situa\u00e7\u00e3o em Cataguases<\/h3>\n<p style=\"text-align: justify;\">Com a paralisa\u00e7\u00e3o em andamento os reflexos dela junto \u00e0 popula\u00e7\u00e3o de Cataguases come\u00e7am a serem sentidos. Este, pelo menos, \u00e9 o resultado da apura\u00e7\u00e3o feita pelo Site do Marcelo Lopes junto \u00e0s for\u00e7as de seguran\u00e7a do munic\u00edpio nesta quarta-feira, 23. A Pol\u00edcia Militar est\u00e1 operando normalmente, inclusive com atendimento ao p\u00fablico. A Pol\u00edcia Civil reduziu para dez vistorias por dia em ve\u00edculos, al\u00e9m de atuar somente em investiga\u00e7\u00f5es com r\u00e9u preso, flagrante, viol\u00eancia dom\u00e9stica e crimes violentos. No pres\u00eddio de Cataguases todos os policiais penais ocupam os postos fixos da unidade. Por\u00e9m, est\u00e3o sendo efetuadas apenas escoltas judici\u00e1ria e de emerg\u00eancia e seguindo o que determina o Regulamento e Normas de Procedimentos do Sistema Prisional &#8211; ReMP &#8211; para cada procedimento.<\/p>\n<p>Fonte: Estado de Minas | Foto: Jornal da Cidade<\/p>\n<div class=\"meduw69f703c396603\" ><br><\/div><style type=\"text\/css\">\r\n@media screen and (min-width: 1201px) {\r\n.meduw69f703c396603 {\r\ndisplay: block;\r\n}\r\n}\r\n@media screen and (min-width: 993px) and (max-width: 1200px) {\r\n.meduw69f703c396603 {\r\ndisplay: block;\r\n}\r\n}\r\n@media screen and (min-width: 769px) and (max-width: 992px) {\r\n.meduw69f703c396603 {\r\ndisplay: block;\r\n}\r\n}\r\n@media screen and (min-width: 768px) and (max-width: 768px) {\r\n.meduw69f703c396603 {\r\ndisplay: block;\r\n}\r\n}\r\n@media screen and (max-width: 767px) {\r\n.meduw69f703c396603 {\r\ndisplay: block;\r\n}\r\n}\r\n<\/style>\r\n<div class=\"ituyl69f703c39b731\" ><div id=\"div_destino\"><\/div>\r\n<script src=\"https:\/\/cdn.snsrsv.com\/sdk.js\"><\/script>\r\n<script >\r\n      new sdk(\"464030C30061EA8BE065000000000001\") \r\n          .appendTo(\"div_destino\")\r\n          .disableStyle(true) \r\n          .setCacheBusterMacro(\"%%CACHEBUSTER%%\")\r\n          .setSize(\"800\",\"214\")\r\n          .setClickMacro(\"%%CLICK_URL_ESC%%\") \r\n          .setReferrerUrlMacro(\"%%REFERRER_URL_ESC%%\") \r\n          .start(); \r\n<\/script><\/div><style type=\"text\/css\">\r\n@media screen and (min-width: 1201px) {\r\n.ituyl69f703c39b731 {\r\ndisplay: block;\r\n}\r\n}\r\n@media screen and (min-width: 993px) and (max-width: 1200px) {\r\n.ituyl69f703c39b731 {\r\ndisplay: block;\r\n}\r\n}\r\n@media screen and (min-width: 769px) and (max-width: 992px) {\r\n.ituyl69f703c39b731 {\r\ndisplay: block;\r\n}\r\n}\r\n@media screen and (min-width: 768px) and (max-width: 768px) {\r\n.ituyl69f703c39b731 {\r\ndisplay: block;\r\n}\r\n}\r\n@media screen and (max-width: 767px) {\r\n.ituyl69f703c39b731 {\r\ndisplay: block;\r\n}\r\n}\r\n<\/style>\r\n","protected":false},"excerpt":{"rendered":"<p>As for\u00e7as de seguran\u00e7a de Minas Gerais formadas pelas Pol\u00edcias Militar, Civil e Penal, Corpo de Bombeiros e agentes socioeducativos est\u00e3o em greve desde a \u00faltima segunda-feira, 21 de fevereiro, por reajuste salarial. Os policiais pressionam para que o governo<\/p>\n<p class=\"link-more\"><a class=\"more-link\" href=\"https:\/\/marcelolopes.jor.br\/site\/2022\/02\/23\/forcas-de-seguranca-pressionam-governo-de-minas-por-recomposicao-salarial\/\">Leia mais <span class=\"screen-reader-text\">For\u00e7as de seguran\u00e7a pressionam governo de Minas por recomposi\u00e7\u00e3o salarial<\/span><\/a><\/p>\n","protected":false},"author":2,"featured_media":31076,"comment_status":"open","ping_status":"open","sticky":false,"template":"","format":"standard","meta":{"footnotes":""},"categories":[1],"tags":[3895,933,247,5539],"class_list":["post-31074","post","type-post","status-publish","format-standard","has-post-thumbnail","hentry","category-noticias","tag-forcas-de-seguranca","tag-governo-de-minas","tag-greve","tag-recomposicao-salarial","thumb-below-title"],"yoast_head":"<!-- This site is optimized with the Yoast SEO plugin v27.4 - https:\/\/yoast.com\/product\/yoast-seo-wordpress\/ -->\n<title>For\u00e7as de seguran\u00e7a pressionam governo de Minas por recomposi\u00e7\u00e3o salarial | Marcelo Lopes<\/title>\n<meta name=\"robots\" content=\"index, follow, max-snippet:-1, max-image-preview:large, max-video-preview:-1\" \/>\n<link rel=\"canonical\" href=\"https:\/\/marcelolopes.jor.br\/site\/2022\/02\/23\/forcas-de-seguranca-pressionam-governo-de-minas-por-recomposicao-salarial\/\" \/>\n<meta property=\"og:locale\" content=\"pt_BR\" \/>\n<meta property=\"og:type\" content=\"article\" \/>\n<meta property=\"og:title\" content=\"For\u00e7as de seguran\u00e7a pressionam governo de Minas por recomposi\u00e7\u00e3o salarial | Marcelo Lopes\" \/>\n<meta property=\"og:description\" content=\"As for\u00e7as de seguran\u00e7a de Minas Gerais formadas pelas Pol\u00edcias Militar, Civil e Penal, Corpo de Bombeiros e agentes socioeducativos est\u00e3o em greve desde a \u00faltima segunda-feira, 21 de fevereiro, por reajuste salarial. Os policiais pressionam para que o governoLeia mais For\u00e7as de seguran\u00e7a pressionam governo de Minas por recomposi\u00e7\u00e3o salarial\" \/>\n<meta property=\"og:url\" content=\"https:\/\/marcelolopes.jor.br\/site\/2022\/02\/23\/forcas-de-seguranca-pressionam-governo-de-minas-por-recomposicao-salarial\/\" \/>\n<meta property=\"og:site_name\" content=\"Marcelo Lopes\" \/>\n<meta property=\"article:publisher\" content=\"https:\/\/www.facebook.com\/sitedomarcelolopes\" \/>\n<meta property=\"article:published_time\" content=\"2022-02-23T19:23:58+00:00\" \/>\n<meta property=\"article:modified_time\" content=\"2022-02-23T19:24:08+00:00\" \/>\n<meta property=\"og:image\" content=\"https:\/\/marcelolopes.jor.br\/site\/wp-content\/uploads\/2022\/02\/forcas-de-seguranca-1-750x605-1.jpeg\" \/>\n\t<meta property=\"og:image:width\" content=\"750\" \/>\n\t<meta property=\"og:image:height\" content=\"605\" \/>\n\t<meta property=\"og:image:type\" content=\"image\/jpeg\" \/>\n<meta name=\"author\" content=\"Marcelo Lopes\" \/>\n<meta name=\"twitter:card\" content=\"summary_large_image\" \/>\n<meta name=\"twitter:label1\" content=\"Escrito por\" \/>\n\t<meta name=\"twitter:data1\" content=\"Marcelo Lopes\" \/>\n\t<meta name=\"twitter:label2\" content=\"Est. tempo de leitura\" \/>\n\t<meta name=\"twitter:data2\" content=\"2 minutos\" \/>\n<script type=\"application\/ld+json\" class=\"yoast-schema-graph\">{\"@context\":\"https:\\\/\\\/schema.org\",\"@graph\":[{\"@type\":\"NewsArticle\",\"@id\":\"https:\\\/\\\/marcelolopes.jor.br\\\/site\\\/2022\\\/02\\\/23\\\/forcas-de-seguranca-pressionam-governo-de-minas-por-recomposicao-salarial\\\/#article\",\"isPartOf\":{\"@id\":\"https:\\\/\\\/marcelolopes.jor.br\\\/site\\\/2022\\\/02\\\/23\\\/forcas-de-seguranca-pressionam-governo-de-minas-por-recomposicao-salarial\\\/\"},\"author\":{\"name\":\"Marcelo Lopes\",\"@id\":\"https:\\\/\\\/marcelolopes.jor.br\\\/site\\\/#\\\/schema\\\/person\\\/3e7216a35c34d8fdf952b31da3d1f89f\"},\"headline\":\"For\u00e7as de seguran\u00e7a pressionam governo de Minas por recomposi\u00e7\u00e3o salarial\",\"datePublished\":\"2022-02-23T19:23:58+00:00\",\"dateModified\":\"2022-02-23T19:24:08+00:00\",\"mainEntityOfPage\":{\"@id\":\"https:\\\/\\\/marcelolopes.jor.br\\\/site\\\/2022\\\/02\\\/23\\\/forcas-de-seguranca-pressionam-governo-de-minas-por-recomposicao-salarial\\\/\"},\"wordCount\":346,\"commentCount\":0,\"publisher\":{\"@id\":\"https:\\\/\\\/marcelolopes.jor.br\\\/site\\\/#organization\"},\"image\":{\"@id\":\"https:\\\/\\\/marcelolopes.jor.br\\\/site\\\/2022\\\/02\\\/23\\\/forcas-de-seguranca-pressionam-governo-de-minas-por-recomposicao-salarial\\\/#primaryimage\"},\"thumbnailUrl\":\"https:\\\/\\\/marcelolopes.jor.br\\\/site\\\/wp-content\\\/uploads\\\/2022\\\/02\\\/forcas-de-seguranca-1-750x605-1.jpeg\",\"keywords\":[\"for\u00e7as de seguran\u00e7a\",\"governo de Minas\",\"greve\",\"recomposi\u00e7\u00e3o salarial\"],\"articleSection\":[\"Not\u00edcias\"],\"inLanguage\":\"pt-BR\",\"potentialAction\":[{\"@type\":\"CommentAction\",\"name\":\"Comment\",\"target\":[\"https:\\\/\\\/marcelolopes.jor.br\\\/site\\\/2022\\\/02\\\/23\\\/forcas-de-seguranca-pressionam-governo-de-minas-por-recomposicao-salarial\\\/#respond\"]}]},{\"@type\":\"WebPage\",\"@id\":\"https:\\\/\\\/marcelolopes.jor.br\\\/site\\\/2022\\\/02\\\/23\\\/forcas-de-seguranca-pressionam-governo-de-minas-por-recomposicao-salarial\\\/\",\"url\":\"https:\\\/\\\/marcelolopes.jor.br\\\/site\\\/2022\\\/02\\\/23\\\/forcas-de-seguranca-pressionam-governo-de-minas-por-recomposicao-salarial\\\/\",\"name\":\"For\u00e7as de seguran\u00e7a pressionam governo de Minas por recomposi\u00e7\u00e3o salarial | Marcelo Lopes\",\"isPartOf\":{\"@id\":\"https:\\\/\\\/marcelolopes.jor.br\\\/site\\\/#website\"},\"primaryImageOfPage\":{\"@id\":\"https:\\\/\\\/marcelolopes.jor.br\\\/site\\\/2022\\\/02\\\/23\\\/forcas-de-seguranca-pressionam-governo-de-minas-por-recomposicao-salarial\\\/#primaryimage\"},\"image\":{\"@id\":\"https:\\\/\\\/marcelolopes.jor.br\\\/site\\\/2022\\\/02\\\/23\\\/forcas-de-seguranca-pressionam-governo-de-minas-por-recomposicao-salarial\\\/#primaryimage\"},\"thumbnailUrl\":\"https:\\\/\\\/marcelolopes.jor.br\\\/site\\\/wp-content\\\/uploads\\\/2022\\\/02\\\/forcas-de-seguranca-1-750x605-1.jpeg\",\"datePublished\":\"2022-02-23T19:23:58+00:00\",\"dateModified\":\"2022-02-23T19:24:08+00:00\",\"breadcrumb\":{\"@id\":\"https:\\\/\\\/marcelolopes.jor.br\\\/site\\\/2022\\\/02\\\/23\\\/forcas-de-seguranca-pressionam-governo-de-minas-por-recomposicao-salarial\\\/#breadcrumb\"},\"inLanguage\":\"pt-BR\",\"potentialAction\":[{\"@type\":\"ReadAction\",\"target\":[\"https:\\\/\\\/marcelolopes.jor.br\\\/site\\\/2022\\\/02\\\/23\\\/forcas-de-seguranca-pressionam-governo-de-minas-por-recomposicao-salarial\\\/\"]}]},{\"@type\":\"ImageObject\",\"inLanguage\":\"pt-BR\",\"@id\":\"https:\\\/\\\/marcelolopes.jor.br\\\/site\\\/2022\\\/02\\\/23\\\/forcas-de-seguranca-pressionam-governo-de-minas-por-recomposicao-salarial\\\/#primaryimage\",\"url\":\"https:\\\/\\\/marcelolopes.jor.br\\\/site\\\/wp-content\\\/uploads\\\/2022\\\/02\\\/forcas-de-seguranca-1-750x605-1.jpeg\",\"contentUrl\":\"https:\\\/\\\/marcelolopes.jor.br\\\/site\\\/wp-content\\\/uploads\\\/2022\\\/02\\\/forcas-de-seguranca-1-750x605-1.jpeg\",\"width\":750,\"height\":605},{\"@type\":\"BreadcrumbList\",\"@id\":\"https:\\\/\\\/marcelolopes.jor.br\\\/site\\\/2022\\\/02\\\/23\\\/forcas-de-seguranca-pressionam-governo-de-minas-por-recomposicao-salarial\\\/#breadcrumb\",\"itemListElement\":[{\"@type\":\"ListItem\",\"position\":1,\"name\":\"Home\",\"item\":\"https:\\\/\\\/marcelolopes.jor.br\\\/site\\\/\"},{\"@type\":\"ListItem\",\"position\":2,\"name\":\"For\u00e7as de seguran\u00e7a pressionam governo de Minas por recomposi\u00e7\u00e3o salarial\"}]},{\"@type\":\"WebSite\",\"@id\":\"https:\\\/\\\/marcelolopes.jor.br\\\/site\\\/#website\",\"url\":\"https:\\\/\\\/marcelolopes.jor.br\\\/site\\\/\",\"name\":\"Marcelo Lopes\",\"description\":\"Not\u00edcias de Cataguases e Regi\u00e3o\",\"publisher\":{\"@id\":\"https:\\\/\\\/marcelolopes.jor.br\\\/site\\\/#organization\"},\"potentialAction\":[{\"@type\":\"SearchAction\",\"target\":{\"@type\":\"EntryPoint\",\"urlTemplate\":\"https:\\\/\\\/marcelolopes.jor.br\\\/site\\\/?s={search_term_string}\"},\"query-input\":{\"@type\":\"PropertyValueSpecification\",\"valueRequired\":true,\"valueName\":\"search_term_string\"}}],\"inLanguage\":\"pt-BR\"},{\"@type\":\"Organization\",\"@id\":\"https:\\\/\\\/marcelolopes.jor.br\\\/site\\\/#organization\",\"name\":\"Site do Marcelo Lopes\",\"url\":\"https:\\\/\\\/marcelolopes.jor.br\\\/site\\\/\",\"logo\":{\"@type\":\"ImageObject\",\"inLanguage\":\"pt-BR\",\"@id\":\"https:\\\/\\\/marcelolopes.jor.br\\\/site\\\/#\\\/schema\\\/logo\\\/image\\\/\",\"url\":\"https:\\\/\\\/marcelolopes.jor.br\\\/site\\\/wp-content\\\/uploads\\\/2024\\\/11\\\/logo-1.png\",\"contentUrl\":\"https:\\\/\\\/marcelolopes.jor.br\\\/site\\\/wp-content\\\/uploads\\\/2024\\\/11\\\/logo-1.png\",\"width\":475,\"height\":80,\"caption\":\"Site do Marcelo Lopes\"},\"image\":{\"@id\":\"https:\\\/\\\/marcelolopes.jor.br\\\/site\\\/#\\\/schema\\\/logo\\\/image\\\/\"},\"sameAs\":[\"https:\\\/\\\/www.facebook.com\\\/sitedomarcelolopes\",\"https:\\\/\\\/www.instagram.com\\\/sitedomarcelolopes\\\/\",\"https:\\\/\\\/www.linkedin.com\\\/company\\\/site-do-marcelo-lopes\\\/\",\"https:\\\/\\\/www.youtube.com\\\/user\\\/marcelolopes957\"]},{\"@type\":\"Person\",\"@id\":\"https:\\\/\\\/marcelolopes.jor.br\\\/site\\\/#\\\/schema\\\/person\\\/3e7216a35c34d8fdf952b31da3d1f89f\",\"name\":\"Marcelo Lopes\",\"sameAs\":[\"http:\\\/\\\/www.marcelolopes.jor.br\"],\"url\":\"https:\\\/\\\/marcelolopes.jor.br\\\/site\\\/author\\\/marcelo\\\/\"}]}<\/script>\n<!-- \/ Yoast SEO plugin. -->","yoast_head_json":{"title":"For\u00e7as de seguran\u00e7a pressionam governo de Minas por recomposi\u00e7\u00e3o salarial | Marcelo Lopes","robots":{"index":"index","follow":"follow","max-snippet":"max-snippet:-1","max-image-preview":"max-image-preview:large","max-video-preview":"max-video-preview:-1"},"canonical":"https:\/\/marcelolopes.jor.br\/site\/2022\/02\/23\/forcas-de-seguranca-pressionam-governo-de-minas-por-recomposicao-salarial\/","og_locale":"pt_BR","og_type":"article","og_title":"For\u00e7as de seguran\u00e7a pressionam governo de Minas por recomposi\u00e7\u00e3o salarial | Marcelo Lopes","og_description":"As for\u00e7as de seguran\u00e7a de Minas Gerais formadas pelas Pol\u00edcias Militar, Civil e Penal, Corpo de Bombeiros e agentes socioeducativos est\u00e3o em greve desde a \u00faltima segunda-feira, 21 de fevereiro, por reajuste salarial. Os policiais pressionam para que o governoLeia mais For\u00e7as de seguran\u00e7a pressionam governo de Minas por recomposi\u00e7\u00e3o salarial","og_url":"https:\/\/marcelolopes.jor.br\/site\/2022\/02\/23\/forcas-de-seguranca-pressionam-governo-de-minas-por-recomposicao-salarial\/","og_site_name":"Marcelo Lopes","article_publisher":"https:\/\/www.facebook.com\/sitedomarcelolopes","article_published_time":"2022-02-23T19:23:58+00:00","article_modified_time":"2022-02-23T19:24:08+00:00","og_image":[{"width":750,"height":605,"url":"https:\/\/marcelolopes.jor.br\/site\/wp-content\/uploads\/2022\/02\/forcas-de-seguranca-1-750x605-1.jpeg","type":"image\/jpeg"}],"author":"Marcelo Lopes","twitter_card":"summary_large_image","twitter_misc":{"Escrito por":"Marcelo Lopes","Est. tempo de leitura":"2 minutos"},"schema":{"@context":"https:\/\/schema.org","@graph":[{"@type":"NewsArticle","@id":"https:\/\/marcelolopes.jor.br\/site\/2022\/02\/23\/forcas-de-seguranca-pressionam-governo-de-minas-por-recomposicao-salarial\/#article","isPartOf":{"@id":"https:\/\/marcelolopes.jor.br\/site\/2022\/02\/23\/forcas-de-seguranca-pressionam-governo-de-minas-por-recomposicao-salarial\/"},"author":{"name":"Marcelo Lopes","@id":"https:\/\/marcelolopes.jor.br\/site\/#\/schema\/person\/3e7216a35c34d8fdf952b31da3d1f89f"},"headline":"For\u00e7as de seguran\u00e7a pressionam governo de Minas por recomposi\u00e7\u00e3o salarial","datePublished":"2022-02-23T19:23:58+00:00","dateModified":"2022-02-23T19:24:08+00:00","mainEntityOfPage":{"@id":"https:\/\/marcelolopes.jor.br\/site\/2022\/02\/23\/forcas-de-seguranca-pressionam-governo-de-minas-por-recomposicao-salarial\/"},"wordCount":346,"commentCount":0,"publisher":{"@id":"https:\/\/marcelolopes.jor.br\/site\/#organization"},"image":{"@id":"https:\/\/marcelolopes.jor.br\/site\/2022\/02\/23\/forcas-de-seguranca-pressionam-governo-de-minas-por-recomposicao-salarial\/#primaryimage"},"thumbnailUrl":"https:\/\/marcelolopes.jor.br\/site\/wp-content\/uploads\/2022\/02\/forcas-de-seguranca-1-750x605-1.jpeg","keywords":["for\u00e7as de seguran\u00e7a","governo de Minas","greve","recomposi\u00e7\u00e3o salarial"],"articleSection":["Not\u00edcias"],"inLanguage":"pt-BR","potentialAction":[{"@type":"CommentAction","name":"Comment","target":["https:\/\/marcelolopes.jor.br\/site\/2022\/02\/23\/forcas-de-seguranca-pressionam-governo-de-minas-por-recomposicao-salarial\/#respond"]}]},{"@type":"WebPage","@id":"https:\/\/marcelolopes.jor.br\/site\/2022\/02\/23\/forcas-de-seguranca-pressionam-governo-de-minas-por-recomposicao-salarial\/","url":"https:\/\/marcelolopes.jor.br\/site\/2022\/02\/23\/forcas-de-seguranca-pressionam-governo-de-minas-por-recomposicao-salarial\/","name":"For\u00e7as de seguran\u00e7a pressionam governo de Minas por recomposi\u00e7\u00e3o salarial | Marcelo Lopes","isPartOf":{"@id":"https:\/\/marcelolopes.jor.br\/site\/#website"},"primaryImageOfPage":{"@id":"https:\/\/marcelolopes.jor.br\/site\/2022\/02\/23\/forcas-de-seguranca-pressionam-governo-de-minas-por-recomposicao-salarial\/#primaryimage"},"image":{"@id":"https:\/\/marcelolopes.jor.br\/site\/2022\/02\/23\/forcas-de-seguranca-pressionam-governo-de-minas-por-recomposicao-salarial\/#primaryimage"},"thumbnailUrl":"https:\/\/marcelolopes.jor.br\/site\/wp-content\/uploads\/2022\/02\/forcas-de-seguranca-1-750x605-1.jpeg","datePublished":"2022-02-23T19:23:58+00:00","dateModified":"2022-02-23T19:24:08+00:00","breadcrumb":{"@id":"https:\/\/marcelolopes.jor.br\/site\/2022\/02\/23\/forcas-de-seguranca-pressionam-governo-de-minas-por-recomposicao-salarial\/#breadcrumb"},"inLanguage":"pt-BR","potentialAction":[{"@type":"ReadAction","target":["https:\/\/marcelolopes.jor.br\/site\/2022\/02\/23\/forcas-de-seguranca-pressionam-governo-de-minas-por-recomposicao-salarial\/"]}]},{"@type":"ImageObject","inLanguage":"pt-BR","@id":"https:\/\/marcelolopes.jor.br\/site\/2022\/02\/23\/forcas-de-seguranca-pressionam-governo-de-minas-por-recomposicao-salarial\/#primaryimage","url":"https:\/\/marcelolopes.jor.br\/site\/wp-content\/uploads\/2022\/02\/forcas-de-seguranca-1-750x605-1.jpeg","contentUrl":"https:\/\/marcelolopes.jor.br\/site\/wp-content\/uploads\/2022\/02\/forcas-de-seguranca-1-750x605-1.jpeg","width":750,"height":605},{"@type":"BreadcrumbList","@id":"https:\/\/marcelolopes.jor.br\/site\/2022\/02\/23\/forcas-de-seguranca-pressionam-governo-de-minas-por-recomposicao-salarial\/#breadcrumb","itemListElement":[{"@type":"ListItem","position":1,"name":"Home","item":"https:\/\/marcelolopes.jor.br\/site\/"},{"@type":"ListItem","position":2,"name":"For\u00e7as de seguran\u00e7a pressionam governo de Minas por recomposi\u00e7\u00e3o salarial"}]},{"@type":"WebSite","@id":"https:\/\/marcelolopes.jor.br\/site\/#website","url":"https:\/\/marcelolopes.jor.br\/site\/","name":"Marcelo Lopes","description":"Not\u00edcias de Cataguases e Regi\u00e3o","publisher":{"@id":"https:\/\/marcelolopes.jor.br\/site\/#organization"},"potentialAction":[{"@type":"SearchAction","target":{"@type":"EntryPoint","urlTemplate":"https:\/\/marcelolopes.jor.br\/site\/?s={search_term_string}"},"query-input":{"@type":"PropertyValueSpecification","valueRequired":true,"valueName":"search_term_string"}}],"inLanguage":"pt-BR"},{"@type":"Organization","@id":"https:\/\/marcelolopes.jor.br\/site\/#organization","name":"Site do Marcelo Lopes","url":"https:\/\/marcelolopes.jor.br\/site\/","logo":{"@type":"ImageObject","inLanguage":"pt-BR","@id":"https:\/\/marcelolopes.jor.br\/site\/#\/schema\/logo\/image\/","url":"https:\/\/marcelolopes.jor.br\/site\/wp-content\/uploads\/2024\/11\/logo-1.png","contentUrl":"https:\/\/marcelolopes.jor.br\/site\/wp-content\/uploads\/2024\/11\/logo-1.png","width":475,"height":80,"caption":"Site do Marcelo Lopes"},"image":{"@id":"https:\/\/marcelolopes.jor.br\/site\/#\/schema\/logo\/image\/"},"sameAs":["https:\/\/www.facebook.com\/sitedomarcelolopes","https:\/\/www.instagram.com\/sitedomarcelolopes\/","https:\/\/www.linkedin.com\/company\/site-do-marcelo-lopes\/","https:\/\/www.youtube.com\/user\/marcelolopes957"]},{"@type":"Person","@id":"https:\/\/marcelolopes.jor.br\/site\/#\/schema\/person\/3e7216a35c34d8fdf952b31da3d1f89f","name":"Marcelo Lopes","sameAs":["http:\/\/www.marcelolopes.jor.br"],"url":"https:\/\/marcelolopes.jor.br\/site\/author\/marcelo\/"}]}},"wps_subtitle":"Governador teria quebrado pacto firmado em 2019 com a categoria.","_links":{"self":[{"href":"https:\/\/marcelolopes.jor.br\/site\/wp-json\/wp\/v2\/posts\/31074","targetHints":{"allow":["GET"]}}],"collection":[{"href":"https:\/\/marcelolopes.jor.br\/site\/wp-json\/wp\/v2\/posts"}],"about":[{"href":"https:\/\/marcelolopes.jor.br\/site\/wp-json\/wp\/v2\/types\/post"}],"author":[{"embeddable":true,"href":"https:\/\/marcelolopes.jor.br\/site\/wp-json\/wp\/v2\/users\/2"}],"replies":[{"embeddable":true,"href":"https:\/\/marcelolopes.jor.br\/site\/wp-json\/wp\/v2\/comments?post=31074"}],"version-history":[{"count":0,"href":"https:\/\/marcelolopes.jor.br\/site\/wp-json\/wp\/v2\/posts\/31074\/revisions"}],"wp:featuredmedia":[{"embeddable":true,"href":"https:\/\/marcelolopes.jor.br\/site\/wp-json\/wp\/v2\/media\/31076"}],"wp:attachment":[{"href":"https:\/\/marcelolopes.jor.br\/site\/wp-json\/wp\/v2\/media?parent=31074"}],"wp:term":[{"taxonomy":"category","embeddable":true,"href":"https:\/\/marcelolopes.jor.br\/site\/wp-json\/wp\/v2\/categories?post=31074"},{"taxonomy":"post_tag","embeddable":true,"href":"https:\/\/marcelolopes.jor.br\/site\/wp-json\/wp\/v2\/tags?post=31074"}],"curies":[{"name":"wp","href":"https:\/\/api.w.org\/{rel}","templated":true}]}}