{"id":31020,"date":"2022-02-21T18:34:03","date_gmt":"2022-02-21T21:34:03","guid":{"rendered":"https:\/\/marcelolopes.jor.br\/?p=31020"},"modified":"2023-02-04T11:58:24","modified_gmt":"2023-02-04T14:58:24","slug":"carnaval-sera-feriado-em-cataguases-determina-novo-decreto","status":"publish","type":"post","link":"https:\/\/marcelolopes.jor.br\/site\/2022\/02\/21\/carnaval-sera-feriado-em-cataguases-determina-novo-decreto\/","title":{"rendered":"Carnaval ser\u00e1 feriado em Cataguases, determina novo decreto"},"content":{"rendered":"<p style=\"text-align: justify;\">O prefeito de Cataguases, Jos\u00e9 Henriques divulgou nesta tarde de segunda-feira, 21 de fevereiro, decreto n\u00famero 5.537\/2022, tornando ponto facultativo os dias de carnaval em Cataguases. Desta forma fica revogado o decreto n\u00famero 5.524\/2022, publicado no jornal oficial do munic\u00edpio &#8211; <a href=\"http:\/\/www.cataguases.mg.gov.br\"><strong><span style=\"color: #800000;\">Cataguases<\/span><\/strong><\/a> &#8211; em 13 de fevereiro de 2022. Portanto, dias 28 de fevereiro, 1\u00ba e 2 de mar\u00e7o, ser\u00e3o ponto facultativo nas reparti\u00e7\u00f5es p\u00fablicas municipais.<!--more--><\/p>\n<p style=\"text-align: justify;\">Mais cedo, este Site havia divulgado o decreto anterior que extinguia o ponto facultativo, com base na publica\u00e7\u00e3o oficial do munic\u00edpio ocorrida dia 13 \u00faltimo. Antes disso, no dia 2 deste mesmo m\u00eas, foi divulgado aqui, pela primeira vez, esta informa\u00e7\u00e3o ap\u00f3s entrevistar o prefeito Jos\u00e9 Henriques. Atento a esta importante data do calend\u00e1rio brasileiro, em 26 de novembro de 2021, saiu na frente e informou que Cataguases n\u00e3o iria realizar os festejos carnavalescos por causa da Covid-19. Hoje, no meio da tarde, o Site recebeu c\u00f3pia do novo decreto mantendo o feriado de Carnaval no munic\u00edpio.<\/p>\n<p style=\"text-align: justify;\">O prefeito Jos\u00e9 Henriques disse que resolveu manter o feriado de Carnaval ap\u00f3s ouvir a \u00e1rea t\u00e9cnica da Secretaria Municipal de Sa\u00fade. Conforme revelou, aquele setor vem registrando uma queda di\u00e1ria do n\u00famero de casos de Covid-19 no munic\u00edpio e a campanha de vacina\u00e7\u00e3o infantil segue dentro de seu cronograma. \u201cO setor de Sa\u00fade nos tranquilizou dizendo que superamos a nova onda da Covid-19 no munic\u00edpio. Desta forma decidimos manter o feriado de Carnaval\u201d, afirmou. &#8220;Apenas recomendamos a todos &#8211; completa o prefeito &#8211; que mantenham os cuidados sanit\u00e1rios como uso de \u00e1lcool em gel e de m\u00e1scaras e evitem aglomera\u00e7\u00f5es.\u201d<\/p>\n<div class=\"feypj69f743c61b084\" ><br><\/div><style type=\"text\/css\">\r\n@media screen and (min-width: 1201px) {\r\n.feypj69f743c61b084 {\r\ndisplay: block;\r\n}\r\n}\r\n@media screen and (min-width: 993px) and (max-width: 1200px) {\r\n.feypj69f743c61b084 {\r\ndisplay: block;\r\n}\r\n}\r\n@media screen and (min-width: 769px) and (max-width: 992px) {\r\n.feypj69f743c61b084 {\r\ndisplay: block;\r\n}\r\n}\r\n@media screen and (min-width: 768px) and (max-width: 768px) {\r\n.feypj69f743c61b084 {\r\ndisplay: block;\r\n}\r\n}\r\n@media screen and (max-width: 767px) {\r\n.feypj69f743c61b084 {\r\ndisplay: block;\r\n}\r\n}\r\n<\/style>\r\n<div class=\"oblah69f743c621eee\" ><div id=\"div_destino\"><\/div>\r\n<script src=\"https:\/\/cdn.snsrsv.com\/sdk.js\"><\/script>\r\n<script >\r\n      new sdk(\"464030C30061EA8BE065000000000001\") \r\n          .appendTo(\"div_destino\")\r\n          .disableStyle(true) \r\n          .setCacheBusterMacro(\"%%CACHEBUSTER%%\")\r\n          .setSize(\"800\",\"214\")\r\n          .setClickMacro(\"%%CLICK_URL_ESC%%\") \r\n          .setReferrerUrlMacro(\"%%REFERRER_URL_ESC%%\") \r\n          .start(); \r\n<\/script><\/div><style type=\"text\/css\">\r\n@media screen and (min-width: 1201px) {\r\n.oblah69f743c621eee {\r\ndisplay: block;\r\n}\r\n}\r\n@media screen and (min-width: 993px) and (max-width: 1200px) {\r\n.oblah69f743c621eee {\r\ndisplay: block;\r\n}\r\n}\r\n@media screen and (min-width: 769px) and (max-width: 992px) {\r\n.oblah69f743c621eee {\r\ndisplay: block;\r\n}\r\n}\r\n@media screen and (min-width: 768px) and (max-width: 768px) {\r\n.oblah69f743c621eee {\r\ndisplay: block;\r\n}\r\n}\r\n@media screen and (max-width: 767px) {\r\n.oblah69f743c621eee {\r\ndisplay: block;\r\n}\r\n}\r\n<\/style>\r\n","protected":false},"excerpt":{"rendered":"<p>O prefeito de Cataguases, Jos\u00e9 Henriques divulgou nesta tarde de segunda-feira, 21 de fevereiro, decreto n\u00famero 5.537\/2022, tornando ponto facultativo os dias de carnaval em Cataguases. Desta forma fica revogado o decreto n\u00famero 5.524\/2022, publicado no jornal oficial do munic\u00edpio<\/p>\n<p class=\"link-more\"><a class=\"more-link\" href=\"https:\/\/marcelolopes.jor.br\/site\/2022\/02\/21\/carnaval-sera-feriado-em-cataguases-determina-novo-decreto\/\">Leia mais <span class=\"screen-reader-text\">Carnaval ser\u00e1 feriado em Cataguases, determina novo decreto<\/span><\/a><\/p>\n","protected":false},"author":2,"featured_media":4415,"comment_status":"open","ping_status":"open","sticky":false,"template":"","format":"standard","meta":{"footnotes":""},"categories":[1],"tags":[5102,335,2274,3590],"class_list":["post-31020","post","type-post","status-publish","format-standard","has-post-thumbnail","hentry","category-noticias","tag-carnaval-2022","tag-decreto","tag-decreto-municipal","tag-feriado-de-carnaval","thumb-below-title"],"yoast_head":"<!-- This site is optimized with the Yoast SEO plugin v27.4 - https:\/\/yoast.com\/product\/yoast-seo-wordpress\/ -->\n<title>Carnaval ser\u00e1 feriado em Cataguases, determina novo decreto<\/title>\n<meta name=\"description\" content=\"Carnaval ser\u00e1 feriado em Cataguases, determina novo decreto. Prefeito segue a mais recente orienta\u00e7\u00e3o da Secretaria de Sa\u00fade.\" \/>\n<meta name=\"robots\" content=\"index, follow, max-snippet:-1, max-image-preview:large, max-video-preview:-1\" \/>\n<link rel=\"canonical\" href=\"https:\/\/marcelolopes.jor.br\/site\/2022\/02\/21\/carnaval-sera-feriado-em-cataguases-determina-novo-decreto\/\" \/>\n<meta property=\"og:locale\" content=\"pt_BR\" \/>\n<meta property=\"og:type\" content=\"article\" \/>\n<meta property=\"og:title\" content=\"Carnaval ser\u00e1 feriado em Cataguases, determina novo decreto\" \/>\n<meta property=\"og:description\" content=\"Carnaval ser\u00e1 feriado em Cataguases, determina novo decreto. Prefeito segue a mais recente orienta\u00e7\u00e3o da Secretaria de Sa\u00fade.\" \/>\n<meta property=\"og:url\" content=\"https:\/\/marcelolopes.jor.br\/site\/2022\/02\/21\/carnaval-sera-feriado-em-cataguases-determina-novo-decreto\/\" \/>\n<meta property=\"og:site_name\" content=\"Marcelo Lopes\" \/>\n<meta property=\"article:publisher\" content=\"https:\/\/www.facebook.com\/sitedomarcelolopes\" \/>\n<meta property=\"article:published_time\" content=\"2022-02-21T21:34:03+00:00\" \/>\n<meta property=\"article:modified_time\" content=\"2023-02-04T14:58:24+00:00\" \/>\n<meta property=\"og:image\" content=\"https:\/\/marcelolopes.jor.br\/site\/wp-content\/uploads\/2019\/08\/Prefeitura-de-Cataguases-Foto-Marcelo-Lopes.jpg\" \/>\n\t<meta property=\"og:image:width\" content=\"600\" \/>\n\t<meta property=\"og:image:height\" content=\"404\" \/>\n\t<meta property=\"og:image:type\" content=\"image\/jpeg\" \/>\n<meta name=\"author\" content=\"Marcelo Lopes\" \/>\n<meta name=\"twitter:card\" content=\"summary_large_image\" \/>\n<meta name=\"twitter:label1\" content=\"Escrito por\" \/>\n\t<meta name=\"twitter:data1\" content=\"Marcelo Lopes\" \/>\n\t<meta name=\"twitter:label2\" content=\"Est. tempo de leitura\" \/>\n\t<meta name=\"twitter:data2\" content=\"1 minuto\" \/>\n<script type=\"application\/ld+json\" class=\"yoast-schema-graph\">{\"@context\":\"https:\\\/\\\/schema.org\",\"@graph\":[{\"@type\":\"NewsArticle\",\"@id\":\"https:\\\/\\\/marcelolopes.jor.br\\\/site\\\/2022\\\/02\\\/21\\\/carnaval-sera-feriado-em-cataguases-determina-novo-decreto\\\/#article\",\"isPartOf\":{\"@id\":\"https:\\\/\\\/marcelolopes.jor.br\\\/site\\\/2022\\\/02\\\/21\\\/carnaval-sera-feriado-em-cataguases-determina-novo-decreto\\\/\"},\"author\":{\"name\":\"Marcelo Lopes\",\"@id\":\"https:\\\/\\\/marcelolopes.jor.br\\\/site\\\/#\\\/schema\\\/person\\\/3e7216a35c34d8fdf952b31da3d1f89f\"},\"headline\":\"Carnaval ser\u00e1 feriado em Cataguases, determina novo decreto\",\"datePublished\":\"2022-02-21T21:34:03+00:00\",\"dateModified\":\"2023-02-04T14:58:24+00:00\",\"mainEntityOfPage\":{\"@id\":\"https:\\\/\\\/marcelolopes.jor.br\\\/site\\\/2022\\\/02\\\/21\\\/carnaval-sera-feriado-em-cataguases-determina-novo-decreto\\\/\"},\"wordCount\":288,\"commentCount\":0,\"publisher\":{\"@id\":\"https:\\\/\\\/marcelolopes.jor.br\\\/site\\\/#organization\"},\"image\":{\"@id\":\"https:\\\/\\\/marcelolopes.jor.br\\\/site\\\/2022\\\/02\\\/21\\\/carnaval-sera-feriado-em-cataguases-determina-novo-decreto\\\/#primaryimage\"},\"thumbnailUrl\":\"https:\\\/\\\/marcelolopes.jor.br\\\/site\\\/wp-content\\\/uploads\\\/2019\\\/08\\\/Prefeitura-de-Cataguases-Foto-Marcelo-Lopes.jpg\",\"keywords\":[\"Carnaval 2022\",\"decreto\",\"decreto municipal\",\"feriado de carnaval\"],\"articleSection\":[\"Not\u00edcias\"],\"inLanguage\":\"pt-BR\",\"potentialAction\":[{\"@type\":\"CommentAction\",\"name\":\"Comment\",\"target\":[\"https:\\\/\\\/marcelolopes.jor.br\\\/site\\\/2022\\\/02\\\/21\\\/carnaval-sera-feriado-em-cataguases-determina-novo-decreto\\\/#respond\"]}]},{\"@type\":\"WebPage\",\"@id\":\"https:\\\/\\\/marcelolopes.jor.br\\\/site\\\/2022\\\/02\\\/21\\\/carnaval-sera-feriado-em-cataguases-determina-novo-decreto\\\/\",\"url\":\"https:\\\/\\\/marcelolopes.jor.br\\\/site\\\/2022\\\/02\\\/21\\\/carnaval-sera-feriado-em-cataguases-determina-novo-decreto\\\/\",\"name\":\"Carnaval ser\u00e1 feriado em Cataguases, determina novo decreto\",\"isPartOf\":{\"@id\":\"https:\\\/\\\/marcelolopes.jor.br\\\/site\\\/#website\"},\"primaryImageOfPage\":{\"@id\":\"https:\\\/\\\/marcelolopes.jor.br\\\/site\\\/2022\\\/02\\\/21\\\/carnaval-sera-feriado-em-cataguases-determina-novo-decreto\\\/#primaryimage\"},\"image\":{\"@id\":\"https:\\\/\\\/marcelolopes.jor.br\\\/site\\\/2022\\\/02\\\/21\\\/carnaval-sera-feriado-em-cataguases-determina-novo-decreto\\\/#primaryimage\"},\"thumbnailUrl\":\"https:\\\/\\\/marcelolopes.jor.br\\\/site\\\/wp-content\\\/uploads\\\/2019\\\/08\\\/Prefeitura-de-Cataguases-Foto-Marcelo-Lopes.jpg\",\"datePublished\":\"2022-02-21T21:34:03+00:00\",\"dateModified\":\"2023-02-04T14:58:24+00:00\",\"description\":\"Carnaval ser\u00e1 feriado em Cataguases, determina novo decreto. Prefeito segue a mais recente orienta\u00e7\u00e3o da Secretaria de Sa\u00fade.\",\"breadcrumb\":{\"@id\":\"https:\\\/\\\/marcelolopes.jor.br\\\/site\\\/2022\\\/02\\\/21\\\/carnaval-sera-feriado-em-cataguases-determina-novo-decreto\\\/#breadcrumb\"},\"inLanguage\":\"pt-BR\",\"potentialAction\":[{\"@type\":\"ReadAction\",\"target\":[\"https:\\\/\\\/marcelolopes.jor.br\\\/site\\\/2022\\\/02\\\/21\\\/carnaval-sera-feriado-em-cataguases-determina-novo-decreto\\\/\"]}]},{\"@type\":\"ImageObject\",\"inLanguage\":\"pt-BR\",\"@id\":\"https:\\\/\\\/marcelolopes.jor.br\\\/site\\\/2022\\\/02\\\/21\\\/carnaval-sera-feriado-em-cataguases-determina-novo-decreto\\\/#primaryimage\",\"url\":\"https:\\\/\\\/marcelolopes.jor.br\\\/site\\\/wp-content\\\/uploads\\\/2019\\\/08\\\/Prefeitura-de-Cataguases-Foto-Marcelo-Lopes.jpg\",\"contentUrl\":\"https:\\\/\\\/marcelolopes.jor.br\\\/site\\\/wp-content\\\/uploads\\\/2019\\\/08\\\/Prefeitura-de-Cataguases-Foto-Marcelo-Lopes.jpg\",\"width\":600,\"height\":404,\"caption\":\"Carnaval ser\u00e1 feriado em\"},{\"@type\":\"BreadcrumbList\",\"@id\":\"https:\\\/\\\/marcelolopes.jor.br\\\/site\\\/2022\\\/02\\\/21\\\/carnaval-sera-feriado-em-cataguases-determina-novo-decreto\\\/#breadcrumb\",\"itemListElement\":[{\"@type\":\"ListItem\",\"position\":1,\"name\":\"Home\",\"item\":\"https:\\\/\\\/marcelolopes.jor.br\\\/site\\\/\"},{\"@type\":\"ListItem\",\"position\":2,\"name\":\"Carnaval ser\u00e1 feriado em Cataguases, determina novo decreto\"}]},{\"@type\":\"WebSite\",\"@id\":\"https:\\\/\\\/marcelolopes.jor.br\\\/site\\\/#website\",\"url\":\"https:\\\/\\\/marcelolopes.jor.br\\\/site\\\/\",\"name\":\"Marcelo Lopes\",\"description\":\"Not\u00edcias de Cataguases e Regi\u00e3o\",\"publisher\":{\"@id\":\"https:\\\/\\\/marcelolopes.jor.br\\\/site\\\/#organization\"},\"potentialAction\":[{\"@type\":\"SearchAction\",\"target\":{\"@type\":\"EntryPoint\",\"urlTemplate\":\"https:\\\/\\\/marcelolopes.jor.br\\\/site\\\/?s={search_term_string}\"},\"query-input\":{\"@type\":\"PropertyValueSpecification\",\"valueRequired\":true,\"valueName\":\"search_term_string\"}}],\"inLanguage\":\"pt-BR\"},{\"@type\":\"Organization\",\"@id\":\"https:\\\/\\\/marcelolopes.jor.br\\\/site\\\/#organization\",\"name\":\"Site do Marcelo Lopes\",\"url\":\"https:\\\/\\\/marcelolopes.jor.br\\\/site\\\/\",\"logo\":{\"@type\":\"ImageObject\",\"inLanguage\":\"pt-BR\",\"@id\":\"https:\\\/\\\/marcelolopes.jor.br\\\/site\\\/#\\\/schema\\\/logo\\\/image\\\/\",\"url\":\"https:\\\/\\\/marcelolopes.jor.br\\\/site\\\/wp-content\\\/uploads\\\/2024\\\/11\\\/logo-1.png\",\"contentUrl\":\"https:\\\/\\\/marcelolopes.jor.br\\\/site\\\/wp-content\\\/uploads\\\/2024\\\/11\\\/logo-1.png\",\"width\":475,\"height\":80,\"caption\":\"Site do Marcelo Lopes\"},\"image\":{\"@id\":\"https:\\\/\\\/marcelolopes.jor.br\\\/site\\\/#\\\/schema\\\/logo\\\/image\\\/\"},\"sameAs\":[\"https:\\\/\\\/www.facebook.com\\\/sitedomarcelolopes\",\"https:\\\/\\\/www.instagram.com\\\/sitedomarcelolopes\\\/\",\"https:\\\/\\\/www.linkedin.com\\\/company\\\/site-do-marcelo-lopes\\\/\",\"https:\\\/\\\/www.youtube.com\\\/user\\\/marcelolopes957\"]},{\"@type\":\"Person\",\"@id\":\"https:\\\/\\\/marcelolopes.jor.br\\\/site\\\/#\\\/schema\\\/person\\\/3e7216a35c34d8fdf952b31da3d1f89f\",\"name\":\"Marcelo Lopes\",\"sameAs\":[\"http:\\\/\\\/www.marcelolopes.jor.br\"],\"url\":\"https:\\\/\\\/marcelolopes.jor.br\\\/site\\\/author\\\/marcelo\\\/\"}]}<\/script>\n<!-- \/ Yoast SEO plugin. -->","yoast_head_json":{"title":"Carnaval ser\u00e1 feriado em Cataguases, determina novo decreto","description":"Carnaval ser\u00e1 feriado em Cataguases, determina novo decreto. Prefeito segue a mais recente orienta\u00e7\u00e3o da Secretaria de Sa\u00fade.","robots":{"index":"index","follow":"follow","max-snippet":"max-snippet:-1","max-image-preview":"max-image-preview:large","max-video-preview":"max-video-preview:-1"},"canonical":"https:\/\/marcelolopes.jor.br\/site\/2022\/02\/21\/carnaval-sera-feriado-em-cataguases-determina-novo-decreto\/","og_locale":"pt_BR","og_type":"article","og_title":"Carnaval ser\u00e1 feriado em Cataguases, determina novo decreto","og_description":"Carnaval ser\u00e1 feriado em Cataguases, determina novo decreto. Prefeito segue a mais recente orienta\u00e7\u00e3o da Secretaria de Sa\u00fade.","og_url":"https:\/\/marcelolopes.jor.br\/site\/2022\/02\/21\/carnaval-sera-feriado-em-cataguases-determina-novo-decreto\/","og_site_name":"Marcelo Lopes","article_publisher":"https:\/\/www.facebook.com\/sitedomarcelolopes","article_published_time":"2022-02-21T21:34:03+00:00","article_modified_time":"2023-02-04T14:58:24+00:00","og_image":[{"width":600,"height":404,"url":"https:\/\/marcelolopes.jor.br\/site\/wp-content\/uploads\/2019\/08\/Prefeitura-de-Cataguases-Foto-Marcelo-Lopes.jpg","type":"image\/jpeg"}],"author":"Marcelo Lopes","twitter_card":"summary_large_image","twitter_misc":{"Escrito por":"Marcelo Lopes","Est. tempo de leitura":"1 minuto"},"schema":{"@context":"https:\/\/schema.org","@graph":[{"@type":"NewsArticle","@id":"https:\/\/marcelolopes.jor.br\/site\/2022\/02\/21\/carnaval-sera-feriado-em-cataguases-determina-novo-decreto\/#article","isPartOf":{"@id":"https:\/\/marcelolopes.jor.br\/site\/2022\/02\/21\/carnaval-sera-feriado-em-cataguases-determina-novo-decreto\/"},"author":{"name":"Marcelo Lopes","@id":"https:\/\/marcelolopes.jor.br\/site\/#\/schema\/person\/3e7216a35c34d8fdf952b31da3d1f89f"},"headline":"Carnaval ser\u00e1 feriado em Cataguases, determina novo decreto","datePublished":"2022-02-21T21:34:03+00:00","dateModified":"2023-02-04T14:58:24+00:00","mainEntityOfPage":{"@id":"https:\/\/marcelolopes.jor.br\/site\/2022\/02\/21\/carnaval-sera-feriado-em-cataguases-determina-novo-decreto\/"},"wordCount":288,"commentCount":0,"publisher":{"@id":"https:\/\/marcelolopes.jor.br\/site\/#organization"},"image":{"@id":"https:\/\/marcelolopes.jor.br\/site\/2022\/02\/21\/carnaval-sera-feriado-em-cataguases-determina-novo-decreto\/#primaryimage"},"thumbnailUrl":"https:\/\/marcelolopes.jor.br\/site\/wp-content\/uploads\/2019\/08\/Prefeitura-de-Cataguases-Foto-Marcelo-Lopes.jpg","keywords":["Carnaval 2022","decreto","decreto municipal","feriado de carnaval"],"articleSection":["Not\u00edcias"],"inLanguage":"pt-BR","potentialAction":[{"@type":"CommentAction","name":"Comment","target":["https:\/\/marcelolopes.jor.br\/site\/2022\/02\/21\/carnaval-sera-feriado-em-cataguases-determina-novo-decreto\/#respond"]}]},{"@type":"WebPage","@id":"https:\/\/marcelolopes.jor.br\/site\/2022\/02\/21\/carnaval-sera-feriado-em-cataguases-determina-novo-decreto\/","url":"https:\/\/marcelolopes.jor.br\/site\/2022\/02\/21\/carnaval-sera-feriado-em-cataguases-determina-novo-decreto\/","name":"Carnaval ser\u00e1 feriado em Cataguases, determina novo decreto","isPartOf":{"@id":"https:\/\/marcelolopes.jor.br\/site\/#website"},"primaryImageOfPage":{"@id":"https:\/\/marcelolopes.jor.br\/site\/2022\/02\/21\/carnaval-sera-feriado-em-cataguases-determina-novo-decreto\/#primaryimage"},"image":{"@id":"https:\/\/marcelolopes.jor.br\/site\/2022\/02\/21\/carnaval-sera-feriado-em-cataguases-determina-novo-decreto\/#primaryimage"},"thumbnailUrl":"https:\/\/marcelolopes.jor.br\/site\/wp-content\/uploads\/2019\/08\/Prefeitura-de-Cataguases-Foto-Marcelo-Lopes.jpg","datePublished":"2022-02-21T21:34:03+00:00","dateModified":"2023-02-04T14:58:24+00:00","description":"Carnaval ser\u00e1 feriado em Cataguases, determina novo decreto. Prefeito segue a mais recente orienta\u00e7\u00e3o da Secretaria de Sa\u00fade.","breadcrumb":{"@id":"https:\/\/marcelolopes.jor.br\/site\/2022\/02\/21\/carnaval-sera-feriado-em-cataguases-determina-novo-decreto\/#breadcrumb"},"inLanguage":"pt-BR","potentialAction":[{"@type":"ReadAction","target":["https:\/\/marcelolopes.jor.br\/site\/2022\/02\/21\/carnaval-sera-feriado-em-cataguases-determina-novo-decreto\/"]}]},{"@type":"ImageObject","inLanguage":"pt-BR","@id":"https:\/\/marcelolopes.jor.br\/site\/2022\/02\/21\/carnaval-sera-feriado-em-cataguases-determina-novo-decreto\/#primaryimage","url":"https:\/\/marcelolopes.jor.br\/site\/wp-content\/uploads\/2019\/08\/Prefeitura-de-Cataguases-Foto-Marcelo-Lopes.jpg","contentUrl":"https:\/\/marcelolopes.jor.br\/site\/wp-content\/uploads\/2019\/08\/Prefeitura-de-Cataguases-Foto-Marcelo-Lopes.jpg","width":600,"height":404,"caption":"Carnaval ser\u00e1 feriado em"},{"@type":"BreadcrumbList","@id":"https:\/\/marcelolopes.jor.br\/site\/2022\/02\/21\/carnaval-sera-feriado-em-cataguases-determina-novo-decreto\/#breadcrumb","itemListElement":[{"@type":"ListItem","position":1,"name":"Home","item":"https:\/\/marcelolopes.jor.br\/site\/"},{"@type":"ListItem","position":2,"name":"Carnaval ser\u00e1 feriado em Cataguases, determina novo decreto"}]},{"@type":"WebSite","@id":"https:\/\/marcelolopes.jor.br\/site\/#website","url":"https:\/\/marcelolopes.jor.br\/site\/","name":"Marcelo Lopes","description":"Not\u00edcias de Cataguases e Regi\u00e3o","publisher":{"@id":"https:\/\/marcelolopes.jor.br\/site\/#organization"},"potentialAction":[{"@type":"SearchAction","target":{"@type":"EntryPoint","urlTemplate":"https:\/\/marcelolopes.jor.br\/site\/?s={search_term_string}"},"query-input":{"@type":"PropertyValueSpecification","valueRequired":true,"valueName":"search_term_string"}}],"inLanguage":"pt-BR"},{"@type":"Organization","@id":"https:\/\/marcelolopes.jor.br\/site\/#organization","name":"Site do Marcelo Lopes","url":"https:\/\/marcelolopes.jor.br\/site\/","logo":{"@type":"ImageObject","inLanguage":"pt-BR","@id":"https:\/\/marcelolopes.jor.br\/site\/#\/schema\/logo\/image\/","url":"https:\/\/marcelolopes.jor.br\/site\/wp-content\/uploads\/2024\/11\/logo-1.png","contentUrl":"https:\/\/marcelolopes.jor.br\/site\/wp-content\/uploads\/2024\/11\/logo-1.png","width":475,"height":80,"caption":"Site do Marcelo Lopes"},"image":{"@id":"https:\/\/marcelolopes.jor.br\/site\/#\/schema\/logo\/image\/"},"sameAs":["https:\/\/www.facebook.com\/sitedomarcelolopes","https:\/\/www.instagram.com\/sitedomarcelolopes\/","https:\/\/www.linkedin.com\/company\/site-do-marcelo-lopes\/","https:\/\/www.youtube.com\/user\/marcelolopes957"]},{"@type":"Person","@id":"https:\/\/marcelolopes.jor.br\/site\/#\/schema\/person\/3e7216a35c34d8fdf952b31da3d1f89f","name":"Marcelo Lopes","sameAs":["http:\/\/www.marcelolopes.jor.br"],"url":"https:\/\/marcelolopes.jor.br\/site\/author\/marcelo\/"}]}},"wps_subtitle":"Prefeito segue a mais recente orienta\u00e7\u00e3o da Secretaria de Sa\u00fade.","_links":{"self":[{"href":"https:\/\/marcelolopes.jor.br\/site\/wp-json\/wp\/v2\/posts\/31020","targetHints":{"allow":["GET"]}}],"collection":[{"href":"https:\/\/marcelolopes.jor.br\/site\/wp-json\/wp\/v2\/posts"}],"about":[{"href":"https:\/\/marcelolopes.jor.br\/site\/wp-json\/wp\/v2\/types\/post"}],"author":[{"embeddable":true,"href":"https:\/\/marcelolopes.jor.br\/site\/wp-json\/wp\/v2\/users\/2"}],"replies":[{"embeddable":true,"href":"https:\/\/marcelolopes.jor.br\/site\/wp-json\/wp\/v2\/comments?post=31020"}],"version-history":[{"count":0,"href":"https:\/\/marcelolopes.jor.br\/site\/wp-json\/wp\/v2\/posts\/31020\/revisions"}],"wp:featuredmedia":[{"embeddable":true,"href":"https:\/\/marcelolopes.jor.br\/site\/wp-json\/wp\/v2\/media\/4415"}],"wp:attachment":[{"href":"https:\/\/marcelolopes.jor.br\/site\/wp-json\/wp\/v2\/media?parent=31020"}],"wp:term":[{"taxonomy":"category","embeddable":true,"href":"https:\/\/marcelolopes.jor.br\/site\/wp-json\/wp\/v2\/categories?post=31020"},{"taxonomy":"post_tag","embeddable":true,"href":"https:\/\/marcelolopes.jor.br\/site\/wp-json\/wp\/v2\/tags?post=31020"}],"curies":[{"name":"wp","href":"https:\/\/api.w.org\/{rel}","templated":true}]}}