{"id":30998,"date":"2022-02-20T22:30:33","date_gmt":"2022-02-21T01:30:33","guid":{"rendered":"https:\/\/marcelolopes.jor.br\/?p=30998"},"modified":"2023-02-15T09:00:50","modified_gmt":"2023-02-15T12:00:50","slug":"pm-prende-rapaz-suspeito-de-assassinar-homem-no-bairro-paraiso","status":"publish","type":"post","link":"https:\/\/marcelolopes.jor.br\/site\/2022\/02\/20\/pm-prende-rapaz-suspeito-de-assassinar-homem-no-bairro-paraiso\/","title":{"rendered":"PM prende rapaz suspeito de assassinar homem no Bairro Para\u00edso"},"content":{"rendered":"<p style=\"text-align: justify;\">A Pol\u00edcia Militar prendeu nesta noite de domingo, 20 de fevereiro, um jovem de 23 anos de idade. Ele \u00e9 acusado de ter assassinado um homem de 45 anos, em dezembro do ano passado, no Bairro Para\u00edso, em Cataguases. A justi\u00e7a havia expedido um mandado de pris\u00e3o contra ele.<!--more--><\/p>\n<p style=\"text-align: justify;\">Nesta noite, durante uma opera\u00e7\u00e3o de repress\u00e3o qualificada a crimes contra a vida em Cataguases, ele foi localizado e capturado em uma rua da Vila Tereza. Com ele os militares encontraram dentro do ve\u00edculo que dirigia uma bucha de maconha. A PM tamb\u00e9m informou que o rapaz n\u00e3o possui Carteira de Habilita\u00e7\u00e3o.<\/p>\n<p><img loading=\"lazy\" decoding=\"async\" class=\"aligncenter wp-image-31000\" src=\"https:\/\/marcelolopes.jor.br\/site\/wp-content\/uploads\/2022\/02\/Carro-apreendido-300x206.jpg\" alt=\"PM prende rapaz suspeito\" width=\"700\" height=\"480\" srcset=\"https:\/\/marcelolopes.jor.br\/site\/wp-content\/uploads\/2022\/02\/Carro-apreendido-300x206.jpg 300w, https:\/\/marcelolopes.jor.br\/site\/wp-content\/uploads\/2022\/02\/Carro-apreendido-768x527.jpg 768w, https:\/\/marcelolopes.jor.br\/site\/wp-content\/uploads\/2022\/02\/Carro-apreendido.jpg 800w\" sizes=\"auto, (max-width: 700px) 100vw, 700px\" \/><\/p>\n<h3 style=\"text-align: justify;\">O crime<\/h3>\n<p style=\"text-align: justify;\">Segundo a Pol\u00edcia Militar, o jovem preso teria assassinado Cl\u00e1udio Roberto Valadares, de 45 anos, no dia 14 de dezembro do ano passado. Ele foi atingido no abd\u00f4men por um disparo de arma de fogo. O motivo divulgado \u00e0 \u00e9poca foi o fato de que Cl\u00e1udio o teria responsabilizado pelo furto de varas de ferro que seriam utilizadas em sua obra.<span class=\"Apple-converted-space\">\u00a0<\/span><\/p>\n<p>Foto: Pol\u00edcia Militar &#8211; Divulga\u00e7\u00e3o<\/p>\n<div class=\"rpblx69f5c843e4185\" ><br><\/div><style type=\"text\/css\">\r\n@media screen and (min-width: 1201px) {\r\n.rpblx69f5c843e4185 {\r\ndisplay: block;\r\n}\r\n}\r\n@media screen and (min-width: 993px) and (max-width: 1200px) {\r\n.rpblx69f5c843e4185 {\r\ndisplay: block;\r\n}\r\n}\r\n@media screen and (min-width: 769px) and (max-width: 992px) {\r\n.rpblx69f5c843e4185 {\r\ndisplay: block;\r\n}\r\n}\r\n@media screen and (min-width: 768px) and (max-width: 768px) {\r\n.rpblx69f5c843e4185 {\r\ndisplay: block;\r\n}\r\n}\r\n@media screen and (max-width: 767px) {\r\n.rpblx69f5c843e4185 {\r\ndisplay: block;\r\n}\r\n}\r\n<\/style>\r\n<div class=\"lfftc69f5c843e8ae3\" ><div id=\"div_destino\"><\/div>\r\n<script src=\"https:\/\/cdn.snsrsv.com\/sdk.js\"><\/script>\r\n<script >\r\n      new sdk(\"464030C30061EA8BE065000000000001\") \r\n          .appendTo(\"div_destino\")\r\n          .disableStyle(true) \r\n          .setCacheBusterMacro(\"%%CACHEBUSTER%%\")\r\n          .setSize(\"800\",\"214\")\r\n          .setClickMacro(\"%%CLICK_URL_ESC%%\") \r\n          .setReferrerUrlMacro(\"%%REFERRER_URL_ESC%%\") \r\n          .start(); \r\n<\/script><\/div><style type=\"text\/css\">\r\n@media screen and (min-width: 1201px) {\r\n.lfftc69f5c843e8ae3 {\r\ndisplay: block;\r\n}\r\n}\r\n@media screen and (min-width: 993px) and (max-width: 1200px) {\r\n.lfftc69f5c843e8ae3 {\r\ndisplay: block;\r\n}\r\n}\r\n@media screen and (min-width: 769px) and (max-width: 992px) {\r\n.lfftc69f5c843e8ae3 {\r\ndisplay: block;\r\n}\r\n}\r\n@media screen and (min-width: 768px) and (max-width: 768px) {\r\n.lfftc69f5c843e8ae3 {\r\ndisplay: block;\r\n}\r\n}\r\n@media screen and (max-width: 767px) {\r\n.lfftc69f5c843e8ae3 {\r\ndisplay: block;\r\n}\r\n}\r\n<\/style>\r\n","protected":false},"excerpt":{"rendered":"<p>A Pol\u00edcia Militar prendeu nesta noite de domingo, 20 de fevereiro, um jovem de 23 anos de idade. Ele \u00e9 acusado de ter assassinado um homem de 45 anos, em dezembro do ano passado, no Bairro Para\u00edso, em Cataguases. A<\/p>\n<p class=\"link-more\"><a class=\"more-link\" href=\"https:\/\/marcelolopes.jor.br\/site\/2022\/02\/20\/pm-prende-rapaz-suspeito-de-assassinar-homem-no-bairro-paraiso\/\">Leia mais <span class=\"screen-reader-text\">PM prende rapaz suspeito de assassinar homem no Bairro Para\u00edso<\/span><\/a><\/p>\n","protected":false},"author":2,"featured_media":31001,"comment_status":"open","ping_status":"open","sticky":false,"template":"","format":"standard","meta":{"footnotes":""},"categories":[1],"tags":[2719,245,253,942],"class_list":["post-30998","post","type-post","status-publish","format-standard","has-post-thumbnail","hentry","category-noticias","tag-foragido-da-justica","tag-homicidio","tag-mandado-de-prisao","tag-operacao-policial","thumb-below-title"],"yoast_head":"<!-- This site is optimized with the Yoast SEO plugin v27.4 - https:\/\/yoast.com\/product\/yoast-seo-wordpress\/ -->\n<title>PM prende rapaz suspeito de assassinar homem no Bairro Para\u00edso<\/title>\n<meta name=\"description\" content=\"PM prende rapaz suspeito de assassinar homem no Bairro Para\u00edso. Ele n\u00e3o tem carteira de habilita\u00e7\u00e3o e uma bucha de maconha foi apreendida.\" \/>\n<meta name=\"robots\" content=\"index, follow, max-snippet:-1, max-image-preview:large, max-video-preview:-1\" \/>\n<link rel=\"canonical\" href=\"https:\/\/marcelolopes.jor.br\/site\/2022\/02\/20\/pm-prende-rapaz-suspeito-de-assassinar-homem-no-bairro-paraiso\/\" \/>\n<meta property=\"og:locale\" content=\"pt_BR\" \/>\n<meta property=\"og:type\" content=\"article\" \/>\n<meta property=\"og:title\" content=\"PM prende rapaz suspeito de assassinar homem no Bairro Para\u00edso\" \/>\n<meta property=\"og:description\" content=\"PM prende rapaz suspeito de assassinar homem no Bairro Para\u00edso. Ele n\u00e3o tem carteira de habilita\u00e7\u00e3o e uma bucha de maconha foi apreendida.\" \/>\n<meta property=\"og:url\" content=\"https:\/\/marcelolopes.jor.br\/site\/2022\/02\/20\/pm-prende-rapaz-suspeito-de-assassinar-homem-no-bairro-paraiso\/\" \/>\n<meta property=\"og:site_name\" content=\"Marcelo Lopes\" \/>\n<meta property=\"article:publisher\" content=\"https:\/\/www.facebook.com\/sitedomarcelolopes\" \/>\n<meta property=\"article:published_time\" content=\"2022-02-21T01:30:33+00:00\" \/>\n<meta property=\"article:modified_time\" content=\"2023-02-15T12:00:50+00:00\" \/>\n<meta property=\"og:image\" content=\"https:\/\/marcelolopes.jor.br\/site\/wp-content\/uploads\/2022\/02\/droga-maconha.jpg\" \/>\n\t<meta property=\"og:image:width\" content=\"800\" \/>\n\t<meta property=\"og:image:height\" content=\"588\" \/>\n\t<meta property=\"og:image:type\" content=\"image\/jpeg\" \/>\n<meta name=\"author\" content=\"Marcelo Lopes\" \/>\n<meta name=\"twitter:card\" content=\"summary_large_image\" \/>\n<meta name=\"twitter:label1\" content=\"Escrito por\" \/>\n\t<meta name=\"twitter:data1\" content=\"Marcelo Lopes\" \/>\n\t<meta name=\"twitter:label2\" content=\"Est. tempo de leitura\" \/>\n\t<meta name=\"twitter:data2\" content=\"1 minuto\" \/>\n<script type=\"application\/ld+json\" class=\"yoast-schema-graph\">{\"@context\":\"https:\\\/\\\/schema.org\",\"@graph\":[{\"@type\":\"NewsArticle\",\"@id\":\"https:\\\/\\\/marcelolopes.jor.br\\\/site\\\/2022\\\/02\\\/20\\\/pm-prende-rapaz-suspeito-de-assassinar-homem-no-bairro-paraiso\\\/#article\",\"isPartOf\":{\"@id\":\"https:\\\/\\\/marcelolopes.jor.br\\\/site\\\/2022\\\/02\\\/20\\\/pm-prende-rapaz-suspeito-de-assassinar-homem-no-bairro-paraiso\\\/\"},\"author\":{\"name\":\"Marcelo Lopes\",\"@id\":\"https:\\\/\\\/marcelolopes.jor.br\\\/site\\\/#\\\/schema\\\/person\\\/3e7216a35c34d8fdf952b31da3d1f89f\"},\"headline\":\"PM prende rapaz suspeito de assassinar homem no Bairro Para\u00edso\",\"datePublished\":\"2022-02-21T01:30:33+00:00\",\"dateModified\":\"2023-02-15T12:00:50+00:00\",\"mainEntityOfPage\":{\"@id\":\"https:\\\/\\\/marcelolopes.jor.br\\\/site\\\/2022\\\/02\\\/20\\\/pm-prende-rapaz-suspeito-de-assassinar-homem-no-bairro-paraiso\\\/\"},\"wordCount\":189,\"commentCount\":0,\"publisher\":{\"@id\":\"https:\\\/\\\/marcelolopes.jor.br\\\/site\\\/#organization\"},\"image\":{\"@id\":\"https:\\\/\\\/marcelolopes.jor.br\\\/site\\\/2022\\\/02\\\/20\\\/pm-prende-rapaz-suspeito-de-assassinar-homem-no-bairro-paraiso\\\/#primaryimage\"},\"thumbnailUrl\":\"https:\\\/\\\/marcelolopes.jor.br\\\/site\\\/wp-content\\\/uploads\\\/2022\\\/02\\\/droga-maconha.jpg\",\"keywords\":[\"foragido da justi\u00e7a\",\"homic\u00eddio\",\"mandado de pris\u00e3o\",\"opera\u00e7\u00e3o policial\"],\"articleSection\":[\"Not\u00edcias\"],\"inLanguage\":\"pt-BR\",\"potentialAction\":[{\"@type\":\"CommentAction\",\"name\":\"Comment\",\"target\":[\"https:\\\/\\\/marcelolopes.jor.br\\\/site\\\/2022\\\/02\\\/20\\\/pm-prende-rapaz-suspeito-de-assassinar-homem-no-bairro-paraiso\\\/#respond\"]}]},{\"@type\":\"WebPage\",\"@id\":\"https:\\\/\\\/marcelolopes.jor.br\\\/site\\\/2022\\\/02\\\/20\\\/pm-prende-rapaz-suspeito-de-assassinar-homem-no-bairro-paraiso\\\/\",\"url\":\"https:\\\/\\\/marcelolopes.jor.br\\\/site\\\/2022\\\/02\\\/20\\\/pm-prende-rapaz-suspeito-de-assassinar-homem-no-bairro-paraiso\\\/\",\"name\":\"PM prende rapaz suspeito de assassinar homem no Bairro Para\u00edso\",\"isPartOf\":{\"@id\":\"https:\\\/\\\/marcelolopes.jor.br\\\/site\\\/#website\"},\"primaryImageOfPage\":{\"@id\":\"https:\\\/\\\/marcelolopes.jor.br\\\/site\\\/2022\\\/02\\\/20\\\/pm-prende-rapaz-suspeito-de-assassinar-homem-no-bairro-paraiso\\\/#primaryimage\"},\"image\":{\"@id\":\"https:\\\/\\\/marcelolopes.jor.br\\\/site\\\/2022\\\/02\\\/20\\\/pm-prende-rapaz-suspeito-de-assassinar-homem-no-bairro-paraiso\\\/#primaryimage\"},\"thumbnailUrl\":\"https:\\\/\\\/marcelolopes.jor.br\\\/site\\\/wp-content\\\/uploads\\\/2022\\\/02\\\/droga-maconha.jpg\",\"datePublished\":\"2022-02-21T01:30:33+00:00\",\"dateModified\":\"2023-02-15T12:00:50+00:00\",\"description\":\"PM prende rapaz suspeito de assassinar homem no Bairro Para\u00edso. Ele n\u00e3o tem carteira de habilita\u00e7\u00e3o e uma bucha de maconha foi apreendida.\",\"breadcrumb\":{\"@id\":\"https:\\\/\\\/marcelolopes.jor.br\\\/site\\\/2022\\\/02\\\/20\\\/pm-prende-rapaz-suspeito-de-assassinar-homem-no-bairro-paraiso\\\/#breadcrumb\"},\"inLanguage\":\"pt-BR\",\"potentialAction\":[{\"@type\":\"ReadAction\",\"target\":[\"https:\\\/\\\/marcelolopes.jor.br\\\/site\\\/2022\\\/02\\\/20\\\/pm-prende-rapaz-suspeito-de-assassinar-homem-no-bairro-paraiso\\\/\"]}]},{\"@type\":\"ImageObject\",\"inLanguage\":\"pt-BR\",\"@id\":\"https:\\\/\\\/marcelolopes.jor.br\\\/site\\\/2022\\\/02\\\/20\\\/pm-prende-rapaz-suspeito-de-assassinar-homem-no-bairro-paraiso\\\/#primaryimage\",\"url\":\"https:\\\/\\\/marcelolopes.jor.br\\\/site\\\/wp-content\\\/uploads\\\/2022\\\/02\\\/droga-maconha.jpg\",\"contentUrl\":\"https:\\\/\\\/marcelolopes.jor.br\\\/site\\\/wp-content\\\/uploads\\\/2022\\\/02\\\/droga-maconha.jpg\",\"width\":800,\"height\":588,\"caption\":\"PM prende rapaz suspeito\"},{\"@type\":\"BreadcrumbList\",\"@id\":\"https:\\\/\\\/marcelolopes.jor.br\\\/site\\\/2022\\\/02\\\/20\\\/pm-prende-rapaz-suspeito-de-assassinar-homem-no-bairro-paraiso\\\/#breadcrumb\",\"itemListElement\":[{\"@type\":\"ListItem\",\"position\":1,\"name\":\"Home\",\"item\":\"https:\\\/\\\/marcelolopes.jor.br\\\/site\\\/\"},{\"@type\":\"ListItem\",\"position\":2,\"name\":\"PM prende rapaz suspeito de assassinar homem no Bairro Para\u00edso\"}]},{\"@type\":\"WebSite\",\"@id\":\"https:\\\/\\\/marcelolopes.jor.br\\\/site\\\/#website\",\"url\":\"https:\\\/\\\/marcelolopes.jor.br\\\/site\\\/\",\"name\":\"Marcelo Lopes\",\"description\":\"Not\u00edcias de Cataguases e Regi\u00e3o\",\"publisher\":{\"@id\":\"https:\\\/\\\/marcelolopes.jor.br\\\/site\\\/#organization\"},\"potentialAction\":[{\"@type\":\"SearchAction\",\"target\":{\"@type\":\"EntryPoint\",\"urlTemplate\":\"https:\\\/\\\/marcelolopes.jor.br\\\/site\\\/?s={search_term_string}\"},\"query-input\":{\"@type\":\"PropertyValueSpecification\",\"valueRequired\":true,\"valueName\":\"search_term_string\"}}],\"inLanguage\":\"pt-BR\"},{\"@type\":\"Organization\",\"@id\":\"https:\\\/\\\/marcelolopes.jor.br\\\/site\\\/#organization\",\"name\":\"Site do Marcelo Lopes\",\"url\":\"https:\\\/\\\/marcelolopes.jor.br\\\/site\\\/\",\"logo\":{\"@type\":\"ImageObject\",\"inLanguage\":\"pt-BR\",\"@id\":\"https:\\\/\\\/marcelolopes.jor.br\\\/site\\\/#\\\/schema\\\/logo\\\/image\\\/\",\"url\":\"https:\\\/\\\/marcelolopes.jor.br\\\/site\\\/wp-content\\\/uploads\\\/2024\\\/11\\\/logo-1.png\",\"contentUrl\":\"https:\\\/\\\/marcelolopes.jor.br\\\/site\\\/wp-content\\\/uploads\\\/2024\\\/11\\\/logo-1.png\",\"width\":475,\"height\":80,\"caption\":\"Site do Marcelo Lopes\"},\"image\":{\"@id\":\"https:\\\/\\\/marcelolopes.jor.br\\\/site\\\/#\\\/schema\\\/logo\\\/image\\\/\"},\"sameAs\":[\"https:\\\/\\\/www.facebook.com\\\/sitedomarcelolopes\",\"https:\\\/\\\/www.instagram.com\\\/sitedomarcelolopes\\\/\",\"https:\\\/\\\/www.linkedin.com\\\/company\\\/site-do-marcelo-lopes\\\/\",\"https:\\\/\\\/www.youtube.com\\\/user\\\/marcelolopes957\"]},{\"@type\":\"Person\",\"@id\":\"https:\\\/\\\/marcelolopes.jor.br\\\/site\\\/#\\\/schema\\\/person\\\/3e7216a35c34d8fdf952b31da3d1f89f\",\"name\":\"Marcelo Lopes\",\"sameAs\":[\"http:\\\/\\\/www.marcelolopes.jor.br\"],\"url\":\"https:\\\/\\\/marcelolopes.jor.br\\\/site\\\/author\\\/marcelo\\\/\"}]}<\/script>\n<!-- \/ Yoast SEO plugin. -->","yoast_head_json":{"title":"PM prende rapaz suspeito de assassinar homem no Bairro Para\u00edso","description":"PM prende rapaz suspeito de assassinar homem no Bairro Para\u00edso. Ele n\u00e3o tem carteira de habilita\u00e7\u00e3o e uma bucha de maconha foi apreendida.","robots":{"index":"index","follow":"follow","max-snippet":"max-snippet:-1","max-image-preview":"max-image-preview:large","max-video-preview":"max-video-preview:-1"},"canonical":"https:\/\/marcelolopes.jor.br\/site\/2022\/02\/20\/pm-prende-rapaz-suspeito-de-assassinar-homem-no-bairro-paraiso\/","og_locale":"pt_BR","og_type":"article","og_title":"PM prende rapaz suspeito de assassinar homem no Bairro Para\u00edso","og_description":"PM prende rapaz suspeito de assassinar homem no Bairro Para\u00edso. Ele n\u00e3o tem carteira de habilita\u00e7\u00e3o e uma bucha de maconha foi apreendida.","og_url":"https:\/\/marcelolopes.jor.br\/site\/2022\/02\/20\/pm-prende-rapaz-suspeito-de-assassinar-homem-no-bairro-paraiso\/","og_site_name":"Marcelo Lopes","article_publisher":"https:\/\/www.facebook.com\/sitedomarcelolopes","article_published_time":"2022-02-21T01:30:33+00:00","article_modified_time":"2023-02-15T12:00:50+00:00","og_image":[{"width":800,"height":588,"url":"https:\/\/marcelolopes.jor.br\/site\/wp-content\/uploads\/2022\/02\/droga-maconha.jpg","type":"image\/jpeg"}],"author":"Marcelo Lopes","twitter_card":"summary_large_image","twitter_misc":{"Escrito por":"Marcelo Lopes","Est. tempo de leitura":"1 minuto"},"schema":{"@context":"https:\/\/schema.org","@graph":[{"@type":"NewsArticle","@id":"https:\/\/marcelolopes.jor.br\/site\/2022\/02\/20\/pm-prende-rapaz-suspeito-de-assassinar-homem-no-bairro-paraiso\/#article","isPartOf":{"@id":"https:\/\/marcelolopes.jor.br\/site\/2022\/02\/20\/pm-prende-rapaz-suspeito-de-assassinar-homem-no-bairro-paraiso\/"},"author":{"name":"Marcelo Lopes","@id":"https:\/\/marcelolopes.jor.br\/site\/#\/schema\/person\/3e7216a35c34d8fdf952b31da3d1f89f"},"headline":"PM prende rapaz suspeito de assassinar homem no Bairro Para\u00edso","datePublished":"2022-02-21T01:30:33+00:00","dateModified":"2023-02-15T12:00:50+00:00","mainEntityOfPage":{"@id":"https:\/\/marcelolopes.jor.br\/site\/2022\/02\/20\/pm-prende-rapaz-suspeito-de-assassinar-homem-no-bairro-paraiso\/"},"wordCount":189,"commentCount":0,"publisher":{"@id":"https:\/\/marcelolopes.jor.br\/site\/#organization"},"image":{"@id":"https:\/\/marcelolopes.jor.br\/site\/2022\/02\/20\/pm-prende-rapaz-suspeito-de-assassinar-homem-no-bairro-paraiso\/#primaryimage"},"thumbnailUrl":"https:\/\/marcelolopes.jor.br\/site\/wp-content\/uploads\/2022\/02\/droga-maconha.jpg","keywords":["foragido da justi\u00e7a","homic\u00eddio","mandado de pris\u00e3o","opera\u00e7\u00e3o policial"],"articleSection":["Not\u00edcias"],"inLanguage":"pt-BR","potentialAction":[{"@type":"CommentAction","name":"Comment","target":["https:\/\/marcelolopes.jor.br\/site\/2022\/02\/20\/pm-prende-rapaz-suspeito-de-assassinar-homem-no-bairro-paraiso\/#respond"]}]},{"@type":"WebPage","@id":"https:\/\/marcelolopes.jor.br\/site\/2022\/02\/20\/pm-prende-rapaz-suspeito-de-assassinar-homem-no-bairro-paraiso\/","url":"https:\/\/marcelolopes.jor.br\/site\/2022\/02\/20\/pm-prende-rapaz-suspeito-de-assassinar-homem-no-bairro-paraiso\/","name":"PM prende rapaz suspeito de assassinar homem no Bairro Para\u00edso","isPartOf":{"@id":"https:\/\/marcelolopes.jor.br\/site\/#website"},"primaryImageOfPage":{"@id":"https:\/\/marcelolopes.jor.br\/site\/2022\/02\/20\/pm-prende-rapaz-suspeito-de-assassinar-homem-no-bairro-paraiso\/#primaryimage"},"image":{"@id":"https:\/\/marcelolopes.jor.br\/site\/2022\/02\/20\/pm-prende-rapaz-suspeito-de-assassinar-homem-no-bairro-paraiso\/#primaryimage"},"thumbnailUrl":"https:\/\/marcelolopes.jor.br\/site\/wp-content\/uploads\/2022\/02\/droga-maconha.jpg","datePublished":"2022-02-21T01:30:33+00:00","dateModified":"2023-02-15T12:00:50+00:00","description":"PM prende rapaz suspeito de assassinar homem no Bairro Para\u00edso. Ele n\u00e3o tem carteira de habilita\u00e7\u00e3o e uma bucha de maconha foi apreendida.","breadcrumb":{"@id":"https:\/\/marcelolopes.jor.br\/site\/2022\/02\/20\/pm-prende-rapaz-suspeito-de-assassinar-homem-no-bairro-paraiso\/#breadcrumb"},"inLanguage":"pt-BR","potentialAction":[{"@type":"ReadAction","target":["https:\/\/marcelolopes.jor.br\/site\/2022\/02\/20\/pm-prende-rapaz-suspeito-de-assassinar-homem-no-bairro-paraiso\/"]}]},{"@type":"ImageObject","inLanguage":"pt-BR","@id":"https:\/\/marcelolopes.jor.br\/site\/2022\/02\/20\/pm-prende-rapaz-suspeito-de-assassinar-homem-no-bairro-paraiso\/#primaryimage","url":"https:\/\/marcelolopes.jor.br\/site\/wp-content\/uploads\/2022\/02\/droga-maconha.jpg","contentUrl":"https:\/\/marcelolopes.jor.br\/site\/wp-content\/uploads\/2022\/02\/droga-maconha.jpg","width":800,"height":588,"caption":"PM prende rapaz suspeito"},{"@type":"BreadcrumbList","@id":"https:\/\/marcelolopes.jor.br\/site\/2022\/02\/20\/pm-prende-rapaz-suspeito-de-assassinar-homem-no-bairro-paraiso\/#breadcrumb","itemListElement":[{"@type":"ListItem","position":1,"name":"Home","item":"https:\/\/marcelolopes.jor.br\/site\/"},{"@type":"ListItem","position":2,"name":"PM prende rapaz suspeito de assassinar homem no Bairro Para\u00edso"}]},{"@type":"WebSite","@id":"https:\/\/marcelolopes.jor.br\/site\/#website","url":"https:\/\/marcelolopes.jor.br\/site\/","name":"Marcelo Lopes","description":"Not\u00edcias de Cataguases e Regi\u00e3o","publisher":{"@id":"https:\/\/marcelolopes.jor.br\/site\/#organization"},"potentialAction":[{"@type":"SearchAction","target":{"@type":"EntryPoint","urlTemplate":"https:\/\/marcelolopes.jor.br\/site\/?s={search_term_string}"},"query-input":{"@type":"PropertyValueSpecification","valueRequired":true,"valueName":"search_term_string"}}],"inLanguage":"pt-BR"},{"@type":"Organization","@id":"https:\/\/marcelolopes.jor.br\/site\/#organization","name":"Site do Marcelo Lopes","url":"https:\/\/marcelolopes.jor.br\/site\/","logo":{"@type":"ImageObject","inLanguage":"pt-BR","@id":"https:\/\/marcelolopes.jor.br\/site\/#\/schema\/logo\/image\/","url":"https:\/\/marcelolopes.jor.br\/site\/wp-content\/uploads\/2024\/11\/logo-1.png","contentUrl":"https:\/\/marcelolopes.jor.br\/site\/wp-content\/uploads\/2024\/11\/logo-1.png","width":475,"height":80,"caption":"Site do Marcelo Lopes"},"image":{"@id":"https:\/\/marcelolopes.jor.br\/site\/#\/schema\/logo\/image\/"},"sameAs":["https:\/\/www.facebook.com\/sitedomarcelolopes","https:\/\/www.instagram.com\/sitedomarcelolopes\/","https:\/\/www.linkedin.com\/company\/site-do-marcelo-lopes\/","https:\/\/www.youtube.com\/user\/marcelolopes957"]},{"@type":"Person","@id":"https:\/\/marcelolopes.jor.br\/site\/#\/schema\/person\/3e7216a35c34d8fdf952b31da3d1f89f","name":"Marcelo Lopes","sameAs":["http:\/\/www.marcelolopes.jor.br"],"url":"https:\/\/marcelolopes.jor.br\/site\/author\/marcelo\/"}]}},"wps_subtitle":"Ele n\u00e3o tem carteira de habilita\u00e7\u00e3o e uma bucha de maconha foi apreendida.","_links":{"self":[{"href":"https:\/\/marcelolopes.jor.br\/site\/wp-json\/wp\/v2\/posts\/30998","targetHints":{"allow":["GET"]}}],"collection":[{"href":"https:\/\/marcelolopes.jor.br\/site\/wp-json\/wp\/v2\/posts"}],"about":[{"href":"https:\/\/marcelolopes.jor.br\/site\/wp-json\/wp\/v2\/types\/post"}],"author":[{"embeddable":true,"href":"https:\/\/marcelolopes.jor.br\/site\/wp-json\/wp\/v2\/users\/2"}],"replies":[{"embeddable":true,"href":"https:\/\/marcelolopes.jor.br\/site\/wp-json\/wp\/v2\/comments?post=30998"}],"version-history":[{"count":0,"href":"https:\/\/marcelolopes.jor.br\/site\/wp-json\/wp\/v2\/posts\/30998\/revisions"}],"wp:featuredmedia":[{"embeddable":true,"href":"https:\/\/marcelolopes.jor.br\/site\/wp-json\/wp\/v2\/media\/31001"}],"wp:attachment":[{"href":"https:\/\/marcelolopes.jor.br\/site\/wp-json\/wp\/v2\/media?parent=30998"}],"wp:term":[{"taxonomy":"category","embeddable":true,"href":"https:\/\/marcelolopes.jor.br\/site\/wp-json\/wp\/v2\/categories?post=30998"},{"taxonomy":"post_tag","embeddable":true,"href":"https:\/\/marcelolopes.jor.br\/site\/wp-json\/wp\/v2\/tags?post=30998"}],"curies":[{"name":"wp","href":"https:\/\/api.w.org\/{rel}","templated":true}]}}