{"id":30956,"date":"2022-02-19T10:00:17","date_gmt":"2022-02-19T13:00:17","guid":{"rendered":"https:\/\/marcelolopes.jor.br\/?p=30956"},"modified":"2022-02-19T09:10:12","modified_gmt":"2022-02-19T12:10:12","slug":"prf-apreende-adolescente-com-drogas-dentro-de-onibus-em-muriae","status":"publish","type":"post","link":"https:\/\/marcelolopes.jor.br\/site\/2022\/02\/19\/prf-apreende-adolescente-com-drogas-dentro-de-onibus-em-muriae\/","title":{"rendered":"PRF apreende adolescente com drogas dentro de \u00f4nibus, em Muria\u00e9"},"content":{"rendered":"<p style=\"text-align: justify;\">Um adolescente de 17 anos de idade, passageiro de um \u00f4nibus que fazia linha interestadual, foi preso em Muria\u00e9, ap\u00f3s ser flagrado com coca\u00edna escondida em uma mochila. A droga foi localizada durante uma abordagem da Pol\u00edcia Rodovi\u00e1ria Federal na noite desta sexta-feira, 18 de fevereiro.<!--more--><\/p>\n<p style=\"text-align: justify;\">De acordo com a PRF, os agentes da PRF realizavam uma fiscaliza\u00e7\u00e3o de rotina na altura do km 707 da rodovia BR-116 quando foi abordado um \u00f4nibus que seguia do Rio de Janeiro com destino a Vit\u00f3ria da Conquista, Bahia.<\/p>\n<p style=\"text-align: justify;\">Durante a verifica\u00e7\u00e3o dos documentos dos passageiros do ve\u00edculo, um adolescente de 17 anos demonstrou-se muito incomodado e nervoso com a presen\u00e7a policial. Por meio da revista no interior da mochila que ele carregava, os agentes encontraram 101 papelotes de coca\u00edna.<\/p>\n<p style=\"text-align: justify;\">Segundo a PRF, o jovem informou que pegou a droga na cidade do Rio de Janeiro e as entregaria em Muria\u00e9. Ele foi apreendido em flagrante, conforme preceitua o Estatuto da Crian\u00e7a e do Adolescente e a ocorr\u00eancia encaminhada para a Delegacia de Pol\u00edcia Civil de Muria\u00e9 onde foram tomadas as demais provid\u00eancias.<\/p>\n<p>Fonte: O Vigilante Online | Foto: R\u00e1dio Muria\u00e9<\/p>\n<div class=\"rrbdt69f5f12aba3df\" ><br><\/div><style type=\"text\/css\">\r\n@media screen and (min-width: 1201px) {\r\n.rrbdt69f5f12aba3df {\r\ndisplay: block;\r\n}\r\n}\r\n@media screen and (min-width: 993px) and (max-width: 1200px) {\r\n.rrbdt69f5f12aba3df {\r\ndisplay: block;\r\n}\r\n}\r\n@media screen and (min-width: 769px) and (max-width: 992px) {\r\n.rrbdt69f5f12aba3df {\r\ndisplay: block;\r\n}\r\n}\r\n@media screen and (min-width: 768px) and (max-width: 768px) {\r\n.rrbdt69f5f12aba3df {\r\ndisplay: block;\r\n}\r\n}\r\n@media screen and (max-width: 767px) {\r\n.rrbdt69f5f12aba3df {\r\ndisplay: block;\r\n}\r\n}\r\n<\/style>\r\n<div class=\"wseze69f5f12ac051a\" ><div id=\"div_destino\"><\/div>\r\n<script src=\"https:\/\/cdn.snsrsv.com\/sdk.js\"><\/script>\r\n<script >\r\n      new sdk(\"464030C30061EA8BE065000000000001\") \r\n          .appendTo(\"div_destino\")\r\n          .disableStyle(true) \r\n          .setCacheBusterMacro(\"%%CACHEBUSTER%%\")\r\n          .setSize(\"800\",\"214\")\r\n          .setClickMacro(\"%%CLICK_URL_ESC%%\") \r\n          .setReferrerUrlMacro(\"%%REFERRER_URL_ESC%%\") \r\n          .start(); \r\n<\/script><\/div><style type=\"text\/css\">\r\n@media screen and (min-width: 1201px) {\r\n.wseze69f5f12ac051a {\r\ndisplay: block;\r\n}\r\n}\r\n@media screen and (min-width: 993px) and (max-width: 1200px) {\r\n.wseze69f5f12ac051a {\r\ndisplay: block;\r\n}\r\n}\r\n@media screen and (min-width: 769px) and (max-width: 992px) {\r\n.wseze69f5f12ac051a {\r\ndisplay: block;\r\n}\r\n}\r\n@media screen and (min-width: 768px) and (max-width: 768px) {\r\n.wseze69f5f12ac051a {\r\ndisplay: block;\r\n}\r\n}\r\n@media screen and (max-width: 767px) {\r\n.wseze69f5f12ac051a {\r\ndisplay: block;\r\n}\r\n}\r\n<\/style>\r\n","protected":false},"excerpt":{"rendered":"<p>Um adolescente de 17 anos de idade, passageiro de um \u00f4nibus que fazia linha interestadual, foi preso em Muria\u00e9, ap\u00f3s ser flagrado com coca\u00edna escondida em uma mochila. A droga foi localizada durante uma abordagem da Pol\u00edcia Rodovi\u00e1ria Federal na<\/p>\n<p class=\"link-more\"><a class=\"more-link\" href=\"https:\/\/marcelolopes.jor.br\/site\/2022\/02\/19\/prf-apreende-adolescente-com-drogas-dentro-de-onibus-em-muriae\/\">Leia mais <span class=\"screen-reader-text\">PRF apreende adolescente com drogas dentro de \u00f4nibus, em Muria\u00e9<\/span><\/a><\/p>\n","protected":false},"author":2,"featured_media":30958,"comment_status":"open","ping_status":"open","sticky":false,"template":"","format":"standard","meta":{"footnotes":""},"categories":[1],"tags":[246,2678,5509,2365],"class_list":["post-30956","post","type-post","status-publish","format-standard","has-post-thumbnail","hentry","category-noticias","tag-adolescente","tag-apreensao-de-drogas","tag-passageiro-de-onibus","tag-prf-muriae","thumb-below-title"],"yoast_head":"<!-- This site is optimized with the Yoast SEO plugin v27.4 - https:\/\/yoast.com\/product\/yoast-seo-wordpress\/ -->\n<title>PRF apreende adolescente com drogas dentro de \u00f4nibus, em Muria\u00e9 | Marcelo Lopes<\/title>\n<meta name=\"robots\" content=\"index, follow, max-snippet:-1, max-image-preview:large, max-video-preview:-1\" \/>\n<link rel=\"canonical\" href=\"https:\/\/marcelolopes.jor.br\/site\/2022\/02\/19\/prf-apreende-adolescente-com-drogas-dentro-de-onibus-em-muriae\/\" \/>\n<meta property=\"og:locale\" content=\"pt_BR\" \/>\n<meta property=\"og:type\" content=\"article\" \/>\n<meta property=\"og:title\" content=\"PRF apreende adolescente com drogas dentro de \u00f4nibus, em Muria\u00e9 | Marcelo Lopes\" \/>\n<meta property=\"og:description\" content=\"Um adolescente de 17 anos de idade, passageiro de um \u00f4nibus que fazia linha interestadual, foi preso em Muria\u00e9, ap\u00f3s ser flagrado com coca\u00edna escondida em uma mochila. A droga foi localizada durante uma abordagem da Pol\u00edcia Rodovi\u00e1ria Federal naLeia mais PRF apreende adolescente com drogas dentro de \u00f4nibus, em Muria\u00e9\" \/>\n<meta property=\"og:url\" content=\"https:\/\/marcelolopes.jor.br\/site\/2022\/02\/19\/prf-apreende-adolescente-com-drogas-dentro-de-onibus-em-muriae\/\" \/>\n<meta property=\"og:site_name\" content=\"Marcelo Lopes\" \/>\n<meta property=\"article:publisher\" content=\"https:\/\/www.facebook.com\/sitedomarcelolopes\" \/>\n<meta property=\"article:published_time\" content=\"2022-02-19T13:00:17+00:00\" \/>\n<meta property=\"og:image\" content=\"https:\/\/marcelolopes.jor.br\/site\/wp-content\/uploads\/2022\/02\/f7100a153fbebc8465f8e2df962b90d0.jpeg\" \/>\n\t<meta property=\"og:image:width\" content=\"700\" \/>\n\t<meta property=\"og:image:height\" content=\"525\" \/>\n\t<meta property=\"og:image:type\" content=\"image\/jpeg\" \/>\n<meta name=\"author\" content=\"Marcelo Lopes\" \/>\n<meta name=\"twitter:card\" content=\"summary_large_image\" \/>\n<meta name=\"twitter:label1\" content=\"Escrito por\" \/>\n\t<meta name=\"twitter:data1\" content=\"Marcelo Lopes\" \/>\n\t<meta name=\"twitter:label2\" content=\"Est. tempo de leitura\" \/>\n\t<meta name=\"twitter:data2\" content=\"1 minuto\" \/>\n<script type=\"application\/ld+json\" class=\"yoast-schema-graph\">{\"@context\":\"https:\\\/\\\/schema.org\",\"@graph\":[{\"@type\":\"NewsArticle\",\"@id\":\"https:\\\/\\\/marcelolopes.jor.br\\\/site\\\/2022\\\/02\\\/19\\\/prf-apreende-adolescente-com-drogas-dentro-de-onibus-em-muriae\\\/#article\",\"isPartOf\":{\"@id\":\"https:\\\/\\\/marcelolopes.jor.br\\\/site\\\/2022\\\/02\\\/19\\\/prf-apreende-adolescente-com-drogas-dentro-de-onibus-em-muriae\\\/\"},\"author\":{\"name\":\"Marcelo Lopes\",\"@id\":\"https:\\\/\\\/marcelolopes.jor.br\\\/site\\\/#\\\/schema\\\/person\\\/3e7216a35c34d8fdf952b31da3d1f89f\"},\"headline\":\"PRF apreende adolescente com drogas dentro de \u00f4nibus, em Muria\u00e9\",\"datePublished\":\"2022-02-19T13:00:17+00:00\",\"mainEntityOfPage\":{\"@id\":\"https:\\\/\\\/marcelolopes.jor.br\\\/site\\\/2022\\\/02\\\/19\\\/prf-apreende-adolescente-com-drogas-dentro-de-onibus-em-muriae\\\/\"},\"wordCount\":207,\"commentCount\":0,\"publisher\":{\"@id\":\"https:\\\/\\\/marcelolopes.jor.br\\\/site\\\/#organization\"},\"image\":{\"@id\":\"https:\\\/\\\/marcelolopes.jor.br\\\/site\\\/2022\\\/02\\\/19\\\/prf-apreende-adolescente-com-drogas-dentro-de-onibus-em-muriae\\\/#primaryimage\"},\"thumbnailUrl\":\"https:\\\/\\\/marcelolopes.jor.br\\\/site\\\/wp-content\\\/uploads\\\/2022\\\/02\\\/f7100a153fbebc8465f8e2df962b90d0.jpeg\",\"keywords\":[\"adolescente\",\"apreens\u00e3o de drogas\",\"passageiro de \u00f4nibus\",\"PRF-Muria\u00e9\"],\"articleSection\":[\"Not\u00edcias\"],\"inLanguage\":\"pt-BR\",\"potentialAction\":[{\"@type\":\"CommentAction\",\"name\":\"Comment\",\"target\":[\"https:\\\/\\\/marcelolopes.jor.br\\\/site\\\/2022\\\/02\\\/19\\\/prf-apreende-adolescente-com-drogas-dentro-de-onibus-em-muriae\\\/#respond\"]}]},{\"@type\":\"WebPage\",\"@id\":\"https:\\\/\\\/marcelolopes.jor.br\\\/site\\\/2022\\\/02\\\/19\\\/prf-apreende-adolescente-com-drogas-dentro-de-onibus-em-muriae\\\/\",\"url\":\"https:\\\/\\\/marcelolopes.jor.br\\\/site\\\/2022\\\/02\\\/19\\\/prf-apreende-adolescente-com-drogas-dentro-de-onibus-em-muriae\\\/\",\"name\":\"PRF apreende adolescente com drogas dentro de \u00f4nibus, em Muria\u00e9 | Marcelo Lopes\",\"isPartOf\":{\"@id\":\"https:\\\/\\\/marcelolopes.jor.br\\\/site\\\/#website\"},\"primaryImageOfPage\":{\"@id\":\"https:\\\/\\\/marcelolopes.jor.br\\\/site\\\/2022\\\/02\\\/19\\\/prf-apreende-adolescente-com-drogas-dentro-de-onibus-em-muriae\\\/#primaryimage\"},\"image\":{\"@id\":\"https:\\\/\\\/marcelolopes.jor.br\\\/site\\\/2022\\\/02\\\/19\\\/prf-apreende-adolescente-com-drogas-dentro-de-onibus-em-muriae\\\/#primaryimage\"},\"thumbnailUrl\":\"https:\\\/\\\/marcelolopes.jor.br\\\/site\\\/wp-content\\\/uploads\\\/2022\\\/02\\\/f7100a153fbebc8465f8e2df962b90d0.jpeg\",\"datePublished\":\"2022-02-19T13:00:17+00:00\",\"breadcrumb\":{\"@id\":\"https:\\\/\\\/marcelolopes.jor.br\\\/site\\\/2022\\\/02\\\/19\\\/prf-apreende-adolescente-com-drogas-dentro-de-onibus-em-muriae\\\/#breadcrumb\"},\"inLanguage\":\"pt-BR\",\"potentialAction\":[{\"@type\":\"ReadAction\",\"target\":[\"https:\\\/\\\/marcelolopes.jor.br\\\/site\\\/2022\\\/02\\\/19\\\/prf-apreende-adolescente-com-drogas-dentro-de-onibus-em-muriae\\\/\"]}]},{\"@type\":\"ImageObject\",\"inLanguage\":\"pt-BR\",\"@id\":\"https:\\\/\\\/marcelolopes.jor.br\\\/site\\\/2022\\\/02\\\/19\\\/prf-apreende-adolescente-com-drogas-dentro-de-onibus-em-muriae\\\/#primaryimage\",\"url\":\"https:\\\/\\\/marcelolopes.jor.br\\\/site\\\/wp-content\\\/uploads\\\/2022\\\/02\\\/f7100a153fbebc8465f8e2df962b90d0.jpeg\",\"contentUrl\":\"https:\\\/\\\/marcelolopes.jor.br\\\/site\\\/wp-content\\\/uploads\\\/2022\\\/02\\\/f7100a153fbebc8465f8e2df962b90d0.jpeg\",\"width\":700,\"height\":525},{\"@type\":\"BreadcrumbList\",\"@id\":\"https:\\\/\\\/marcelolopes.jor.br\\\/site\\\/2022\\\/02\\\/19\\\/prf-apreende-adolescente-com-drogas-dentro-de-onibus-em-muriae\\\/#breadcrumb\",\"itemListElement\":[{\"@type\":\"ListItem\",\"position\":1,\"name\":\"Home\",\"item\":\"https:\\\/\\\/marcelolopes.jor.br\\\/site\\\/\"},{\"@type\":\"ListItem\",\"position\":2,\"name\":\"PRF apreende adolescente com drogas dentro de \u00f4nibus, em Muria\u00e9\"}]},{\"@type\":\"WebSite\",\"@id\":\"https:\\\/\\\/marcelolopes.jor.br\\\/site\\\/#website\",\"url\":\"https:\\\/\\\/marcelolopes.jor.br\\\/site\\\/\",\"name\":\"Marcelo Lopes\",\"description\":\"Not\u00edcias de Cataguases e Regi\u00e3o\",\"publisher\":{\"@id\":\"https:\\\/\\\/marcelolopes.jor.br\\\/site\\\/#organization\"},\"potentialAction\":[{\"@type\":\"SearchAction\",\"target\":{\"@type\":\"EntryPoint\",\"urlTemplate\":\"https:\\\/\\\/marcelolopes.jor.br\\\/site\\\/?s={search_term_string}\"},\"query-input\":{\"@type\":\"PropertyValueSpecification\",\"valueRequired\":true,\"valueName\":\"search_term_string\"}}],\"inLanguage\":\"pt-BR\"},{\"@type\":\"Organization\",\"@id\":\"https:\\\/\\\/marcelolopes.jor.br\\\/site\\\/#organization\",\"name\":\"Site do Marcelo Lopes\",\"url\":\"https:\\\/\\\/marcelolopes.jor.br\\\/site\\\/\",\"logo\":{\"@type\":\"ImageObject\",\"inLanguage\":\"pt-BR\",\"@id\":\"https:\\\/\\\/marcelolopes.jor.br\\\/site\\\/#\\\/schema\\\/logo\\\/image\\\/\",\"url\":\"https:\\\/\\\/marcelolopes.jor.br\\\/site\\\/wp-content\\\/uploads\\\/2024\\\/11\\\/logo-1.png\",\"contentUrl\":\"https:\\\/\\\/marcelolopes.jor.br\\\/site\\\/wp-content\\\/uploads\\\/2024\\\/11\\\/logo-1.png\",\"width\":475,\"height\":80,\"caption\":\"Site do Marcelo Lopes\"},\"image\":{\"@id\":\"https:\\\/\\\/marcelolopes.jor.br\\\/site\\\/#\\\/schema\\\/logo\\\/image\\\/\"},\"sameAs\":[\"https:\\\/\\\/www.facebook.com\\\/sitedomarcelolopes\",\"https:\\\/\\\/www.instagram.com\\\/sitedomarcelolopes\\\/\",\"https:\\\/\\\/www.linkedin.com\\\/company\\\/site-do-marcelo-lopes\\\/\",\"https:\\\/\\\/www.youtube.com\\\/user\\\/marcelolopes957\"]},{\"@type\":\"Person\",\"@id\":\"https:\\\/\\\/marcelolopes.jor.br\\\/site\\\/#\\\/schema\\\/person\\\/3e7216a35c34d8fdf952b31da3d1f89f\",\"name\":\"Marcelo Lopes\",\"sameAs\":[\"http:\\\/\\\/www.marcelolopes.jor.br\"],\"url\":\"https:\\\/\\\/marcelolopes.jor.br\\\/site\\\/author\\\/marcelo\\\/\"}]}<\/script>\n<!-- \/ Yoast SEO plugin. -->","yoast_head_json":{"title":"PRF apreende adolescente com drogas dentro de \u00f4nibus, em Muria\u00e9 | Marcelo Lopes","robots":{"index":"index","follow":"follow","max-snippet":"max-snippet:-1","max-image-preview":"max-image-preview:large","max-video-preview":"max-video-preview:-1"},"canonical":"https:\/\/marcelolopes.jor.br\/site\/2022\/02\/19\/prf-apreende-adolescente-com-drogas-dentro-de-onibus-em-muriae\/","og_locale":"pt_BR","og_type":"article","og_title":"PRF apreende adolescente com drogas dentro de \u00f4nibus, em Muria\u00e9 | Marcelo Lopes","og_description":"Um adolescente de 17 anos de idade, passageiro de um \u00f4nibus que fazia linha interestadual, foi preso em Muria\u00e9, ap\u00f3s ser flagrado com coca\u00edna escondida em uma mochila. A droga foi localizada durante uma abordagem da Pol\u00edcia Rodovi\u00e1ria Federal naLeia mais PRF apreende adolescente com drogas dentro de \u00f4nibus, em Muria\u00e9","og_url":"https:\/\/marcelolopes.jor.br\/site\/2022\/02\/19\/prf-apreende-adolescente-com-drogas-dentro-de-onibus-em-muriae\/","og_site_name":"Marcelo Lopes","article_publisher":"https:\/\/www.facebook.com\/sitedomarcelolopes","article_published_time":"2022-02-19T13:00:17+00:00","og_image":[{"width":700,"height":525,"url":"https:\/\/marcelolopes.jor.br\/site\/wp-content\/uploads\/2022\/02\/f7100a153fbebc8465f8e2df962b90d0.jpeg","type":"image\/jpeg"}],"author":"Marcelo Lopes","twitter_card":"summary_large_image","twitter_misc":{"Escrito por":"Marcelo Lopes","Est. tempo de leitura":"1 minuto"},"schema":{"@context":"https:\/\/schema.org","@graph":[{"@type":"NewsArticle","@id":"https:\/\/marcelolopes.jor.br\/site\/2022\/02\/19\/prf-apreende-adolescente-com-drogas-dentro-de-onibus-em-muriae\/#article","isPartOf":{"@id":"https:\/\/marcelolopes.jor.br\/site\/2022\/02\/19\/prf-apreende-adolescente-com-drogas-dentro-de-onibus-em-muriae\/"},"author":{"name":"Marcelo Lopes","@id":"https:\/\/marcelolopes.jor.br\/site\/#\/schema\/person\/3e7216a35c34d8fdf952b31da3d1f89f"},"headline":"PRF apreende adolescente com drogas dentro de \u00f4nibus, em Muria\u00e9","datePublished":"2022-02-19T13:00:17+00:00","mainEntityOfPage":{"@id":"https:\/\/marcelolopes.jor.br\/site\/2022\/02\/19\/prf-apreende-adolescente-com-drogas-dentro-de-onibus-em-muriae\/"},"wordCount":207,"commentCount":0,"publisher":{"@id":"https:\/\/marcelolopes.jor.br\/site\/#organization"},"image":{"@id":"https:\/\/marcelolopes.jor.br\/site\/2022\/02\/19\/prf-apreende-adolescente-com-drogas-dentro-de-onibus-em-muriae\/#primaryimage"},"thumbnailUrl":"https:\/\/marcelolopes.jor.br\/site\/wp-content\/uploads\/2022\/02\/f7100a153fbebc8465f8e2df962b90d0.jpeg","keywords":["adolescente","apreens\u00e3o de drogas","passageiro de \u00f4nibus","PRF-Muria\u00e9"],"articleSection":["Not\u00edcias"],"inLanguage":"pt-BR","potentialAction":[{"@type":"CommentAction","name":"Comment","target":["https:\/\/marcelolopes.jor.br\/site\/2022\/02\/19\/prf-apreende-adolescente-com-drogas-dentro-de-onibus-em-muriae\/#respond"]}]},{"@type":"WebPage","@id":"https:\/\/marcelolopes.jor.br\/site\/2022\/02\/19\/prf-apreende-adolescente-com-drogas-dentro-de-onibus-em-muriae\/","url":"https:\/\/marcelolopes.jor.br\/site\/2022\/02\/19\/prf-apreende-adolescente-com-drogas-dentro-de-onibus-em-muriae\/","name":"PRF apreende adolescente com drogas dentro de \u00f4nibus, em Muria\u00e9 | Marcelo Lopes","isPartOf":{"@id":"https:\/\/marcelolopes.jor.br\/site\/#website"},"primaryImageOfPage":{"@id":"https:\/\/marcelolopes.jor.br\/site\/2022\/02\/19\/prf-apreende-adolescente-com-drogas-dentro-de-onibus-em-muriae\/#primaryimage"},"image":{"@id":"https:\/\/marcelolopes.jor.br\/site\/2022\/02\/19\/prf-apreende-adolescente-com-drogas-dentro-de-onibus-em-muriae\/#primaryimage"},"thumbnailUrl":"https:\/\/marcelolopes.jor.br\/site\/wp-content\/uploads\/2022\/02\/f7100a153fbebc8465f8e2df962b90d0.jpeg","datePublished":"2022-02-19T13:00:17+00:00","breadcrumb":{"@id":"https:\/\/marcelolopes.jor.br\/site\/2022\/02\/19\/prf-apreende-adolescente-com-drogas-dentro-de-onibus-em-muriae\/#breadcrumb"},"inLanguage":"pt-BR","potentialAction":[{"@type":"ReadAction","target":["https:\/\/marcelolopes.jor.br\/site\/2022\/02\/19\/prf-apreende-adolescente-com-drogas-dentro-de-onibus-em-muriae\/"]}]},{"@type":"ImageObject","inLanguage":"pt-BR","@id":"https:\/\/marcelolopes.jor.br\/site\/2022\/02\/19\/prf-apreende-adolescente-com-drogas-dentro-de-onibus-em-muriae\/#primaryimage","url":"https:\/\/marcelolopes.jor.br\/site\/wp-content\/uploads\/2022\/02\/f7100a153fbebc8465f8e2df962b90d0.jpeg","contentUrl":"https:\/\/marcelolopes.jor.br\/site\/wp-content\/uploads\/2022\/02\/f7100a153fbebc8465f8e2df962b90d0.jpeg","width":700,"height":525},{"@type":"BreadcrumbList","@id":"https:\/\/marcelolopes.jor.br\/site\/2022\/02\/19\/prf-apreende-adolescente-com-drogas-dentro-de-onibus-em-muriae\/#breadcrumb","itemListElement":[{"@type":"ListItem","position":1,"name":"Home","item":"https:\/\/marcelolopes.jor.br\/site\/"},{"@type":"ListItem","position":2,"name":"PRF apreende adolescente com drogas dentro de \u00f4nibus, em Muria\u00e9"}]},{"@type":"WebSite","@id":"https:\/\/marcelolopes.jor.br\/site\/#website","url":"https:\/\/marcelolopes.jor.br\/site\/","name":"Marcelo Lopes","description":"Not\u00edcias de Cataguases e Regi\u00e3o","publisher":{"@id":"https:\/\/marcelolopes.jor.br\/site\/#organization"},"potentialAction":[{"@type":"SearchAction","target":{"@type":"EntryPoint","urlTemplate":"https:\/\/marcelolopes.jor.br\/site\/?s={search_term_string}"},"query-input":{"@type":"PropertyValueSpecification","valueRequired":true,"valueName":"search_term_string"}}],"inLanguage":"pt-BR"},{"@type":"Organization","@id":"https:\/\/marcelolopes.jor.br\/site\/#organization","name":"Site do Marcelo Lopes","url":"https:\/\/marcelolopes.jor.br\/site\/","logo":{"@type":"ImageObject","inLanguage":"pt-BR","@id":"https:\/\/marcelolopes.jor.br\/site\/#\/schema\/logo\/image\/","url":"https:\/\/marcelolopes.jor.br\/site\/wp-content\/uploads\/2024\/11\/logo-1.png","contentUrl":"https:\/\/marcelolopes.jor.br\/site\/wp-content\/uploads\/2024\/11\/logo-1.png","width":475,"height":80,"caption":"Site do Marcelo Lopes"},"image":{"@id":"https:\/\/marcelolopes.jor.br\/site\/#\/schema\/logo\/image\/"},"sameAs":["https:\/\/www.facebook.com\/sitedomarcelolopes","https:\/\/www.instagram.com\/sitedomarcelolopes\/","https:\/\/www.linkedin.com\/company\/site-do-marcelo-lopes\/","https:\/\/www.youtube.com\/user\/marcelolopes957"]},{"@type":"Person","@id":"https:\/\/marcelolopes.jor.br\/site\/#\/schema\/person\/3e7216a35c34d8fdf952b31da3d1f89f","name":"Marcelo Lopes","sameAs":["http:\/\/www.marcelolopes.jor.br"],"url":"https:\/\/marcelolopes.jor.br\/site\/author\/marcelo\/"}]}},"wps_subtitle":"Ele tem 17 anos de idade e transportava 101 papelotes de coca\u00edna.","_links":{"self":[{"href":"https:\/\/marcelolopes.jor.br\/site\/wp-json\/wp\/v2\/posts\/30956","targetHints":{"allow":["GET"]}}],"collection":[{"href":"https:\/\/marcelolopes.jor.br\/site\/wp-json\/wp\/v2\/posts"}],"about":[{"href":"https:\/\/marcelolopes.jor.br\/site\/wp-json\/wp\/v2\/types\/post"}],"author":[{"embeddable":true,"href":"https:\/\/marcelolopes.jor.br\/site\/wp-json\/wp\/v2\/users\/2"}],"replies":[{"embeddable":true,"href":"https:\/\/marcelolopes.jor.br\/site\/wp-json\/wp\/v2\/comments?post=30956"}],"version-history":[{"count":0,"href":"https:\/\/marcelolopes.jor.br\/site\/wp-json\/wp\/v2\/posts\/30956\/revisions"}],"wp:featuredmedia":[{"embeddable":true,"href":"https:\/\/marcelolopes.jor.br\/site\/wp-json\/wp\/v2\/media\/30958"}],"wp:attachment":[{"href":"https:\/\/marcelolopes.jor.br\/site\/wp-json\/wp\/v2\/media?parent=30956"}],"wp:term":[{"taxonomy":"category","embeddable":true,"href":"https:\/\/marcelolopes.jor.br\/site\/wp-json\/wp\/v2\/categories?post=30956"},{"taxonomy":"post_tag","embeddable":true,"href":"https:\/\/marcelolopes.jor.br\/site\/wp-json\/wp\/v2\/tags?post=30956"}],"curies":[{"name":"wp","href":"https:\/\/api.w.org\/{rel}","templated":true}]}}