{"id":30952,"date":"2022-02-18T22:56:31","date_gmt":"2022-02-19T01:56:31","guid":{"rendered":"https:\/\/marcelolopes.jor.br\/?p=30952"},"modified":"2023-05-29T18:51:40","modified_gmt":"2023-05-29T21:51:40","slug":"rapaz-e-preso-no-onibus-em-que-viajava-com-maconha-na-mala","status":"publish","type":"post","link":"https:\/\/marcelolopes.jor.br\/site\/2022\/02\/18\/rapaz-e-preso-no-onibus-em-que-viajava-com-maconha-na-mala\/","title":{"rendered":"Rapaz \u00e9 preso no \u00f4nibus em que viajava com maconha na mala"},"content":{"rendered":"<p style=\"text-align: justify;\">A Pol\u00edcia Militar prendeu em flagrante, \u00e0s 21h30min desta sexta-feira, 18 de fevereiro, um rapaz de 18 anos de idade, por tr\u00e1fico de drogas. Ele viajava em um \u00f4nibus da Via\u00e7\u00e3o Rio Doce.<!--more--><\/p>\n<p style=\"text-align: justify;\">De acordo com o registro oficial da Pol\u00edcia Militar, durante o andamento da opera\u00e7\u00e3o Batida Policial, militares receberam informa\u00e7\u00f5es de que um indiv\u00edduo estaria trazendo drogas do Rio de Janeiro para Mira\u00ed.<span class=\"Apple-converted-space\">\u00a0<\/span><\/p>\n<p style=\"text-align: justify;\">Os militares sargentos Andrade, Santoro, Alexssandro e Thiago, al\u00e9m dos cabos Jean Pierre, Assis e Gavioli, sob o comando do Tenente Vin\u00edcius Marinato, abordaram o \u00f4nibus em que o suspeito estaria na Avenida Nicolau Siervi, altura do n\u00famero 1534, na Vila Minalda.<\/p>\n<p style=\"text-align: justify;\">Ao entrarem no ve\u00edculo, identificaram o suspeito e durante vistoria em sua bagagem, foi encontrado um tablete com 250 gramas de maconha, que foi apreendido juntamente com o aparelho celular do suspeito. Em seguida o \u00f4nibus foi liberado e o rapaz levado \u00e0 Delegacia de Pol\u00edcia Civil de Leopoldina para os procedimentos administrativos.<\/p>\n<p style=\"text-align: justify;\">Foto: Pol\u00edcia Militar &#8211; divulga\u00e7\u00e3o<\/p>\n<div class=\"cacwu69f5db3f6b352\" ><br><\/div><style type=\"text\/css\">\r\n@media screen and (min-width: 1201px) {\r\n.cacwu69f5db3f6b352 {\r\ndisplay: block;\r\n}\r\n}\r\n@media screen and (min-width: 993px) and (max-width: 1200px) {\r\n.cacwu69f5db3f6b352 {\r\ndisplay: block;\r\n}\r\n}\r\n@media screen and (min-width: 769px) and (max-width: 992px) {\r\n.cacwu69f5db3f6b352 {\r\ndisplay: block;\r\n}\r\n}\r\n@media screen and (min-width: 768px) and (max-width: 768px) {\r\n.cacwu69f5db3f6b352 {\r\ndisplay: block;\r\n}\r\n}\r\n@media screen and (max-width: 767px) {\r\n.cacwu69f5db3f6b352 {\r\ndisplay: block;\r\n}\r\n}\r\n<\/style>\r\n<div class=\"sksor69f5db3f70353\" ><div id=\"div_destino\"><\/div>\r\n<script src=\"https:\/\/cdn.snsrsv.com\/sdk.js\"><\/script>\r\n<script >\r\n      new sdk(\"464030C30061EA8BE065000000000001\") \r\n          .appendTo(\"div_destino\")\r\n          .disableStyle(true) \r\n          .setCacheBusterMacro(\"%%CACHEBUSTER%%\")\r\n          .setSize(\"800\",\"214\")\r\n          .setClickMacro(\"%%CLICK_URL_ESC%%\") \r\n          .setReferrerUrlMacro(\"%%REFERRER_URL_ESC%%\") \r\n          .start(); \r\n<\/script><\/div><style type=\"text\/css\">\r\n@media screen and (min-width: 1201px) {\r\n.sksor69f5db3f70353 {\r\ndisplay: block;\r\n}\r\n}\r\n@media screen and (min-width: 993px) and (max-width: 1200px) {\r\n.sksor69f5db3f70353 {\r\ndisplay: block;\r\n}\r\n}\r\n@media screen and (min-width: 769px) and (max-width: 992px) {\r\n.sksor69f5db3f70353 {\r\ndisplay: block;\r\n}\r\n}\r\n@media screen and (min-width: 768px) and (max-width: 768px) {\r\n.sksor69f5db3f70353 {\r\ndisplay: block;\r\n}\r\n}\r\n@media screen and (max-width: 767px) {\r\n.sksor69f5db3f70353 {\r\ndisplay: block;\r\n}\r\n}\r\n<\/style>\r\n","protected":false},"excerpt":{"rendered":"<p>A Pol\u00edcia Militar prendeu em flagrante, \u00e0s 21h30min desta sexta-feira, 18 de fevereiro, um rapaz de 18 anos de idade, por tr\u00e1fico de drogas. Ele viajava em um \u00f4nibus da Via\u00e7\u00e3o Rio Doce.<\/p>\n","protected":false},"author":2,"featured_media":30954,"comment_status":"open","ping_status":"open","sticky":false,"template":"","format":"standard","meta":{"footnotes":""},"categories":[1],"tags":[3278,942,5508,1586],"class_list":["post-30952","post","type-post","status-publish","format-standard","has-post-thumbnail","hentry","category-noticias","tag-combate-ao-trafico","tag-operacao-policial","tag-preso-no-onibus","tag-traficante","thumb-below-title"],"yoast_head":"<!-- This site is optimized with the Yoast SEO plugin v27.4 - https:\/\/yoast.com\/product\/yoast-seo-wordpress\/ -->\n<title>Rapaz \u00e9 preso no \u00f4nibus em que viajava com maconha na mala<\/title>\n<meta name=\"description\" content=\"Rapaz \u00e9 preso no \u00f4nibus em que viajava com maconha na mala. Ele vinha do Rio de Janeiro com destino a Mira\u00ed\" \/>\n<meta name=\"robots\" content=\"index, follow, max-snippet:-1, max-image-preview:large, max-video-preview:-1\" \/>\n<link rel=\"canonical\" href=\"https:\/\/marcelolopes.jor.br\/site\/2022\/02\/18\/rapaz-e-preso-no-onibus-em-que-viajava-com-maconha-na-mala\/\" \/>\n<meta property=\"og:locale\" content=\"pt_BR\" \/>\n<meta property=\"og:type\" content=\"article\" \/>\n<meta property=\"og:title\" content=\"Rapaz \u00e9 preso no \u00f4nibus em que viajava com maconha na mala\" \/>\n<meta property=\"og:description\" content=\"Rapaz \u00e9 preso no \u00f4nibus em que viajava com maconha na mala. Ele vinha do Rio de Janeiro com destino a Mira\u00ed\" \/>\n<meta property=\"og:url\" content=\"https:\/\/marcelolopes.jor.br\/site\/2022\/02\/18\/rapaz-e-preso-no-onibus-em-que-viajava-com-maconha-na-mala\/\" \/>\n<meta property=\"og:site_name\" content=\"Marcelo Lopes\" \/>\n<meta property=\"article:publisher\" content=\"https:\/\/www.facebook.com\/sitedomarcelolopes\" \/>\n<meta property=\"article:published_time\" content=\"2022-02-19T01:56:31+00:00\" \/>\n<meta property=\"article:modified_time\" content=\"2023-05-29T21:51:40+00:00\" \/>\n<meta property=\"og:image\" content=\"https:\/\/marcelolopes.jor.br\/site\/wp-content\/uploads\/2022\/02\/WhatsApp-Image-2022-02-18-at-22.29.27.jpeg\" \/>\n\t<meta property=\"og:image:width\" content=\"800\" \/>\n\t<meta property=\"og:image:height\" content=\"491\" \/>\n\t<meta property=\"og:image:type\" content=\"image\/jpeg\" \/>\n<meta name=\"author\" content=\"Marcelo Lopes\" \/>\n<meta name=\"twitter:card\" content=\"summary_large_image\" \/>\n<meta name=\"twitter:label1\" content=\"Escrito por\" \/>\n\t<meta name=\"twitter:data1\" content=\"Marcelo Lopes\" \/>\n\t<meta name=\"twitter:label2\" content=\"Est. tempo de leitura\" \/>\n\t<meta name=\"twitter:data2\" content=\"1 minuto\" \/>\n<script type=\"application\/ld+json\" class=\"yoast-schema-graph\">{\"@context\":\"https:\\\/\\\/schema.org\",\"@graph\":[{\"@type\":\"NewsArticle\",\"@id\":\"https:\\\/\\\/marcelolopes.jor.br\\\/site\\\/2022\\\/02\\\/18\\\/rapaz-e-preso-no-onibus-em-que-viajava-com-maconha-na-mala\\\/#article\",\"isPartOf\":{\"@id\":\"https:\\\/\\\/marcelolopes.jor.br\\\/site\\\/2022\\\/02\\\/18\\\/rapaz-e-preso-no-onibus-em-que-viajava-com-maconha-na-mala\\\/\"},\"author\":{\"name\":\"Marcelo Lopes\",\"@id\":\"https:\\\/\\\/marcelolopes.jor.br\\\/site\\\/#\\\/schema\\\/person\\\/3e7216a35c34d8fdf952b31da3d1f89f\"},\"headline\":\"Rapaz \u00e9 preso no \u00f4nibus em que viajava com maconha na mala\",\"datePublished\":\"2022-02-19T01:56:31+00:00\",\"dateModified\":\"2023-05-29T21:51:40+00:00\",\"mainEntityOfPage\":{\"@id\":\"https:\\\/\\\/marcelolopes.jor.br\\\/site\\\/2022\\\/02\\\/18\\\/rapaz-e-preso-no-onibus-em-que-viajava-com-maconha-na-mala\\\/\"},\"wordCount\":186,\"commentCount\":0,\"publisher\":{\"@id\":\"https:\\\/\\\/marcelolopes.jor.br\\\/site\\\/#organization\"},\"image\":{\"@id\":\"https:\\\/\\\/marcelolopes.jor.br\\\/site\\\/2022\\\/02\\\/18\\\/rapaz-e-preso-no-onibus-em-que-viajava-com-maconha-na-mala\\\/#primaryimage\"},\"thumbnailUrl\":\"https:\\\/\\\/marcelolopes.jor.br\\\/site\\\/wp-content\\\/uploads\\\/2022\\\/02\\\/WhatsApp-Image-2022-02-18-at-22.29.27.jpeg\",\"keywords\":[\"combate ao tr\u00e1fico\",\"opera\u00e7\u00e3o policial\",\"preso no \u00f4nibus\",\"traficante\"],\"articleSection\":[\"Not\u00edcias\"],\"inLanguage\":\"pt-BR\",\"potentialAction\":[{\"@type\":\"CommentAction\",\"name\":\"Comment\",\"target\":[\"https:\\\/\\\/marcelolopes.jor.br\\\/site\\\/2022\\\/02\\\/18\\\/rapaz-e-preso-no-onibus-em-que-viajava-com-maconha-na-mala\\\/#respond\"]}]},{\"@type\":\"WebPage\",\"@id\":\"https:\\\/\\\/marcelolopes.jor.br\\\/site\\\/2022\\\/02\\\/18\\\/rapaz-e-preso-no-onibus-em-que-viajava-com-maconha-na-mala\\\/\",\"url\":\"https:\\\/\\\/marcelolopes.jor.br\\\/site\\\/2022\\\/02\\\/18\\\/rapaz-e-preso-no-onibus-em-que-viajava-com-maconha-na-mala\\\/\",\"name\":\"Rapaz \u00e9 preso no \u00f4nibus em que viajava com maconha na mala\",\"isPartOf\":{\"@id\":\"https:\\\/\\\/marcelolopes.jor.br\\\/site\\\/#website\"},\"primaryImageOfPage\":{\"@id\":\"https:\\\/\\\/marcelolopes.jor.br\\\/site\\\/2022\\\/02\\\/18\\\/rapaz-e-preso-no-onibus-em-que-viajava-com-maconha-na-mala\\\/#primaryimage\"},\"image\":{\"@id\":\"https:\\\/\\\/marcelolopes.jor.br\\\/site\\\/2022\\\/02\\\/18\\\/rapaz-e-preso-no-onibus-em-que-viajava-com-maconha-na-mala\\\/#primaryimage\"},\"thumbnailUrl\":\"https:\\\/\\\/marcelolopes.jor.br\\\/site\\\/wp-content\\\/uploads\\\/2022\\\/02\\\/WhatsApp-Image-2022-02-18-at-22.29.27.jpeg\",\"datePublished\":\"2022-02-19T01:56:31+00:00\",\"dateModified\":\"2023-05-29T21:51:40+00:00\",\"description\":\"Rapaz \u00e9 preso no \u00f4nibus em que viajava com maconha na mala. Ele vinha do Rio de Janeiro com destino a Mira\u00ed\",\"breadcrumb\":{\"@id\":\"https:\\\/\\\/marcelolopes.jor.br\\\/site\\\/2022\\\/02\\\/18\\\/rapaz-e-preso-no-onibus-em-que-viajava-com-maconha-na-mala\\\/#breadcrumb\"},\"inLanguage\":\"pt-BR\",\"potentialAction\":[{\"@type\":\"ReadAction\",\"target\":[\"https:\\\/\\\/marcelolopes.jor.br\\\/site\\\/2022\\\/02\\\/18\\\/rapaz-e-preso-no-onibus-em-que-viajava-com-maconha-na-mala\\\/\"]}]},{\"@type\":\"ImageObject\",\"inLanguage\":\"pt-BR\",\"@id\":\"https:\\\/\\\/marcelolopes.jor.br\\\/site\\\/2022\\\/02\\\/18\\\/rapaz-e-preso-no-onibus-em-que-viajava-com-maconha-na-mala\\\/#primaryimage\",\"url\":\"https:\\\/\\\/marcelolopes.jor.br\\\/site\\\/wp-content\\\/uploads\\\/2022\\\/02\\\/WhatsApp-Image-2022-02-18-at-22.29.27.jpeg\",\"contentUrl\":\"https:\\\/\\\/marcelolopes.jor.br\\\/site\\\/wp-content\\\/uploads\\\/2022\\\/02\\\/WhatsApp-Image-2022-02-18-at-22.29.27.jpeg\",\"width\":800,\"height\":491,\"caption\":\"Rapaz \u00e9 preso no\"},{\"@type\":\"BreadcrumbList\",\"@id\":\"https:\\\/\\\/marcelolopes.jor.br\\\/site\\\/2022\\\/02\\\/18\\\/rapaz-e-preso-no-onibus-em-que-viajava-com-maconha-na-mala\\\/#breadcrumb\",\"itemListElement\":[{\"@type\":\"ListItem\",\"position\":1,\"name\":\"Home\",\"item\":\"https:\\\/\\\/marcelolopes.jor.br\\\/site\\\/\"},{\"@type\":\"ListItem\",\"position\":2,\"name\":\"Rapaz \u00e9 preso no \u00f4nibus em que viajava com maconha na mala\"}]},{\"@type\":\"WebSite\",\"@id\":\"https:\\\/\\\/marcelolopes.jor.br\\\/site\\\/#website\",\"url\":\"https:\\\/\\\/marcelolopes.jor.br\\\/site\\\/\",\"name\":\"Marcelo Lopes\",\"description\":\"Not\u00edcias de Cataguases e Regi\u00e3o\",\"publisher\":{\"@id\":\"https:\\\/\\\/marcelolopes.jor.br\\\/site\\\/#organization\"},\"potentialAction\":[{\"@type\":\"SearchAction\",\"target\":{\"@type\":\"EntryPoint\",\"urlTemplate\":\"https:\\\/\\\/marcelolopes.jor.br\\\/site\\\/?s={search_term_string}\"},\"query-input\":{\"@type\":\"PropertyValueSpecification\",\"valueRequired\":true,\"valueName\":\"search_term_string\"}}],\"inLanguage\":\"pt-BR\"},{\"@type\":\"Organization\",\"@id\":\"https:\\\/\\\/marcelolopes.jor.br\\\/site\\\/#organization\",\"name\":\"Site do Marcelo Lopes\",\"url\":\"https:\\\/\\\/marcelolopes.jor.br\\\/site\\\/\",\"logo\":{\"@type\":\"ImageObject\",\"inLanguage\":\"pt-BR\",\"@id\":\"https:\\\/\\\/marcelolopes.jor.br\\\/site\\\/#\\\/schema\\\/logo\\\/image\\\/\",\"url\":\"https:\\\/\\\/marcelolopes.jor.br\\\/site\\\/wp-content\\\/uploads\\\/2024\\\/11\\\/logo-1.png\",\"contentUrl\":\"https:\\\/\\\/marcelolopes.jor.br\\\/site\\\/wp-content\\\/uploads\\\/2024\\\/11\\\/logo-1.png\",\"width\":475,\"height\":80,\"caption\":\"Site do Marcelo Lopes\"},\"image\":{\"@id\":\"https:\\\/\\\/marcelolopes.jor.br\\\/site\\\/#\\\/schema\\\/logo\\\/image\\\/\"},\"sameAs\":[\"https:\\\/\\\/www.facebook.com\\\/sitedomarcelolopes\",\"https:\\\/\\\/www.instagram.com\\\/sitedomarcelolopes\\\/\",\"https:\\\/\\\/www.linkedin.com\\\/company\\\/site-do-marcelo-lopes\\\/\",\"https:\\\/\\\/www.youtube.com\\\/user\\\/marcelolopes957\"]},{\"@type\":\"Person\",\"@id\":\"https:\\\/\\\/marcelolopes.jor.br\\\/site\\\/#\\\/schema\\\/person\\\/3e7216a35c34d8fdf952b31da3d1f89f\",\"name\":\"Marcelo Lopes\",\"sameAs\":[\"http:\\\/\\\/www.marcelolopes.jor.br\"],\"url\":\"https:\\\/\\\/marcelolopes.jor.br\\\/site\\\/author\\\/marcelo\\\/\"}]}<\/script>\n<!-- \/ Yoast SEO plugin. -->","yoast_head_json":{"title":"Rapaz \u00e9 preso no \u00f4nibus em que viajava com maconha na mala","description":"Rapaz \u00e9 preso no \u00f4nibus em que viajava com maconha na mala. Ele vinha do Rio de Janeiro com destino a Mira\u00ed","robots":{"index":"index","follow":"follow","max-snippet":"max-snippet:-1","max-image-preview":"max-image-preview:large","max-video-preview":"max-video-preview:-1"},"canonical":"https:\/\/marcelolopes.jor.br\/site\/2022\/02\/18\/rapaz-e-preso-no-onibus-em-que-viajava-com-maconha-na-mala\/","og_locale":"pt_BR","og_type":"article","og_title":"Rapaz \u00e9 preso no \u00f4nibus em que viajava com maconha na mala","og_description":"Rapaz \u00e9 preso no \u00f4nibus em que viajava com maconha na mala. Ele vinha do Rio de Janeiro com destino a Mira\u00ed","og_url":"https:\/\/marcelolopes.jor.br\/site\/2022\/02\/18\/rapaz-e-preso-no-onibus-em-que-viajava-com-maconha-na-mala\/","og_site_name":"Marcelo Lopes","article_publisher":"https:\/\/www.facebook.com\/sitedomarcelolopes","article_published_time":"2022-02-19T01:56:31+00:00","article_modified_time":"2023-05-29T21:51:40+00:00","og_image":[{"width":800,"height":491,"url":"https:\/\/marcelolopes.jor.br\/site\/wp-content\/uploads\/2022\/02\/WhatsApp-Image-2022-02-18-at-22.29.27.jpeg","type":"image\/jpeg"}],"author":"Marcelo Lopes","twitter_card":"summary_large_image","twitter_misc":{"Escrito por":"Marcelo Lopes","Est. tempo de leitura":"1 minuto"},"schema":{"@context":"https:\/\/schema.org","@graph":[{"@type":"NewsArticle","@id":"https:\/\/marcelolopes.jor.br\/site\/2022\/02\/18\/rapaz-e-preso-no-onibus-em-que-viajava-com-maconha-na-mala\/#article","isPartOf":{"@id":"https:\/\/marcelolopes.jor.br\/site\/2022\/02\/18\/rapaz-e-preso-no-onibus-em-que-viajava-com-maconha-na-mala\/"},"author":{"name":"Marcelo Lopes","@id":"https:\/\/marcelolopes.jor.br\/site\/#\/schema\/person\/3e7216a35c34d8fdf952b31da3d1f89f"},"headline":"Rapaz \u00e9 preso no \u00f4nibus em que viajava com maconha na mala","datePublished":"2022-02-19T01:56:31+00:00","dateModified":"2023-05-29T21:51:40+00:00","mainEntityOfPage":{"@id":"https:\/\/marcelolopes.jor.br\/site\/2022\/02\/18\/rapaz-e-preso-no-onibus-em-que-viajava-com-maconha-na-mala\/"},"wordCount":186,"commentCount":0,"publisher":{"@id":"https:\/\/marcelolopes.jor.br\/site\/#organization"},"image":{"@id":"https:\/\/marcelolopes.jor.br\/site\/2022\/02\/18\/rapaz-e-preso-no-onibus-em-que-viajava-com-maconha-na-mala\/#primaryimage"},"thumbnailUrl":"https:\/\/marcelolopes.jor.br\/site\/wp-content\/uploads\/2022\/02\/WhatsApp-Image-2022-02-18-at-22.29.27.jpeg","keywords":["combate ao tr\u00e1fico","opera\u00e7\u00e3o policial","preso no \u00f4nibus","traficante"],"articleSection":["Not\u00edcias"],"inLanguage":"pt-BR","potentialAction":[{"@type":"CommentAction","name":"Comment","target":["https:\/\/marcelolopes.jor.br\/site\/2022\/02\/18\/rapaz-e-preso-no-onibus-em-que-viajava-com-maconha-na-mala\/#respond"]}]},{"@type":"WebPage","@id":"https:\/\/marcelolopes.jor.br\/site\/2022\/02\/18\/rapaz-e-preso-no-onibus-em-que-viajava-com-maconha-na-mala\/","url":"https:\/\/marcelolopes.jor.br\/site\/2022\/02\/18\/rapaz-e-preso-no-onibus-em-que-viajava-com-maconha-na-mala\/","name":"Rapaz \u00e9 preso no \u00f4nibus em que viajava com maconha na mala","isPartOf":{"@id":"https:\/\/marcelolopes.jor.br\/site\/#website"},"primaryImageOfPage":{"@id":"https:\/\/marcelolopes.jor.br\/site\/2022\/02\/18\/rapaz-e-preso-no-onibus-em-que-viajava-com-maconha-na-mala\/#primaryimage"},"image":{"@id":"https:\/\/marcelolopes.jor.br\/site\/2022\/02\/18\/rapaz-e-preso-no-onibus-em-que-viajava-com-maconha-na-mala\/#primaryimage"},"thumbnailUrl":"https:\/\/marcelolopes.jor.br\/site\/wp-content\/uploads\/2022\/02\/WhatsApp-Image-2022-02-18-at-22.29.27.jpeg","datePublished":"2022-02-19T01:56:31+00:00","dateModified":"2023-05-29T21:51:40+00:00","description":"Rapaz \u00e9 preso no \u00f4nibus em que viajava com maconha na mala. Ele vinha do Rio de Janeiro com destino a Mira\u00ed","breadcrumb":{"@id":"https:\/\/marcelolopes.jor.br\/site\/2022\/02\/18\/rapaz-e-preso-no-onibus-em-que-viajava-com-maconha-na-mala\/#breadcrumb"},"inLanguage":"pt-BR","potentialAction":[{"@type":"ReadAction","target":["https:\/\/marcelolopes.jor.br\/site\/2022\/02\/18\/rapaz-e-preso-no-onibus-em-que-viajava-com-maconha-na-mala\/"]}]},{"@type":"ImageObject","inLanguage":"pt-BR","@id":"https:\/\/marcelolopes.jor.br\/site\/2022\/02\/18\/rapaz-e-preso-no-onibus-em-que-viajava-com-maconha-na-mala\/#primaryimage","url":"https:\/\/marcelolopes.jor.br\/site\/wp-content\/uploads\/2022\/02\/WhatsApp-Image-2022-02-18-at-22.29.27.jpeg","contentUrl":"https:\/\/marcelolopes.jor.br\/site\/wp-content\/uploads\/2022\/02\/WhatsApp-Image-2022-02-18-at-22.29.27.jpeg","width":800,"height":491,"caption":"Rapaz \u00e9 preso no"},{"@type":"BreadcrumbList","@id":"https:\/\/marcelolopes.jor.br\/site\/2022\/02\/18\/rapaz-e-preso-no-onibus-em-que-viajava-com-maconha-na-mala\/#breadcrumb","itemListElement":[{"@type":"ListItem","position":1,"name":"Home","item":"https:\/\/marcelolopes.jor.br\/site\/"},{"@type":"ListItem","position":2,"name":"Rapaz \u00e9 preso no \u00f4nibus em que viajava com maconha na mala"}]},{"@type":"WebSite","@id":"https:\/\/marcelolopes.jor.br\/site\/#website","url":"https:\/\/marcelolopes.jor.br\/site\/","name":"Marcelo Lopes","description":"Not\u00edcias de Cataguases e Regi\u00e3o","publisher":{"@id":"https:\/\/marcelolopes.jor.br\/site\/#organization"},"potentialAction":[{"@type":"SearchAction","target":{"@type":"EntryPoint","urlTemplate":"https:\/\/marcelolopes.jor.br\/site\/?s={search_term_string}"},"query-input":{"@type":"PropertyValueSpecification","valueRequired":true,"valueName":"search_term_string"}}],"inLanguage":"pt-BR"},{"@type":"Organization","@id":"https:\/\/marcelolopes.jor.br\/site\/#organization","name":"Site do Marcelo Lopes","url":"https:\/\/marcelolopes.jor.br\/site\/","logo":{"@type":"ImageObject","inLanguage":"pt-BR","@id":"https:\/\/marcelolopes.jor.br\/site\/#\/schema\/logo\/image\/","url":"https:\/\/marcelolopes.jor.br\/site\/wp-content\/uploads\/2024\/11\/logo-1.png","contentUrl":"https:\/\/marcelolopes.jor.br\/site\/wp-content\/uploads\/2024\/11\/logo-1.png","width":475,"height":80,"caption":"Site do Marcelo Lopes"},"image":{"@id":"https:\/\/marcelolopes.jor.br\/site\/#\/schema\/logo\/image\/"},"sameAs":["https:\/\/www.facebook.com\/sitedomarcelolopes","https:\/\/www.instagram.com\/sitedomarcelolopes\/","https:\/\/www.linkedin.com\/company\/site-do-marcelo-lopes\/","https:\/\/www.youtube.com\/user\/marcelolopes957"]},{"@type":"Person","@id":"https:\/\/marcelolopes.jor.br\/site\/#\/schema\/person\/3e7216a35c34d8fdf952b31da3d1f89f","name":"Marcelo Lopes","sameAs":["http:\/\/www.marcelolopes.jor.br"],"url":"https:\/\/marcelolopes.jor.br\/site\/author\/marcelo\/"}]}},"wps_subtitle":"Ele vinha do Rio de Janeiro com destino a Mira\u00ed","_links":{"self":[{"href":"https:\/\/marcelolopes.jor.br\/site\/wp-json\/wp\/v2\/posts\/30952","targetHints":{"allow":["GET"]}}],"collection":[{"href":"https:\/\/marcelolopes.jor.br\/site\/wp-json\/wp\/v2\/posts"}],"about":[{"href":"https:\/\/marcelolopes.jor.br\/site\/wp-json\/wp\/v2\/types\/post"}],"author":[{"embeddable":true,"href":"https:\/\/marcelolopes.jor.br\/site\/wp-json\/wp\/v2\/users\/2"}],"replies":[{"embeddable":true,"href":"https:\/\/marcelolopes.jor.br\/site\/wp-json\/wp\/v2\/comments?post=30952"}],"version-history":[{"count":0,"href":"https:\/\/marcelolopes.jor.br\/site\/wp-json\/wp\/v2\/posts\/30952\/revisions"}],"wp:featuredmedia":[{"embeddable":true,"href":"https:\/\/marcelolopes.jor.br\/site\/wp-json\/wp\/v2\/media\/30954"}],"wp:attachment":[{"href":"https:\/\/marcelolopes.jor.br\/site\/wp-json\/wp\/v2\/media?parent=30952"}],"wp:term":[{"taxonomy":"category","embeddable":true,"href":"https:\/\/marcelolopes.jor.br\/site\/wp-json\/wp\/v2\/categories?post=30952"},{"taxonomy":"post_tag","embeddable":true,"href":"https:\/\/marcelolopes.jor.br\/site\/wp-json\/wp\/v2\/tags?post=30952"}],"curies":[{"name":"wp","href":"https:\/\/api.w.org\/{rel}","templated":true}]}}