{"id":30931,"date":"2022-02-18T12:00:09","date_gmt":"2022-02-18T15:00:09","guid":{"rendered":"https:\/\/marcelolopes.jor.br\/?p=30931"},"modified":"2022-02-18T10:31:52","modified_gmt":"2022-02-18T13:31:52","slug":"dois-homens-sao-assassinados-a-tiros-em-muriae","status":"publish","type":"post","link":"https:\/\/marcelolopes.jor.br\/site\/2022\/02\/18\/dois-homens-sao-assassinados-a-tiros-em-muriae\/","title":{"rendered":"Dois homens s\u00e3o assassinados a tiros em Muria\u00e9"},"content":{"rendered":"<p style=\"text-align: justify;\">Dois homens foram assassinados a tiros na noite desta quinta-feira, 17 de fevereiro, no bairro Marambaia, na Rua Teot\u00f4nio Santos, pr\u00f3ximo a pracinha ali existente. <!--more--><\/p>\n<p style=\"text-align: justify;\">Segundo informa\u00e7\u00f5es apuradas com a Pol\u00edcia Militar, as v\u00edtimas foram identificadas como Daniel Gon\u00e7alves da Silva, de 33 anos, e Fernando de Lourdes Machado de Souza, de 31.<\/p>\n<p style=\"text-align: justify;\">Uma equipe do Servi\u00e7o de Atendimento M\u00f3vel de Urg\u00eancia &#8211; SAMU &#8211; foi acionada e chegou a resgatar Fernando com vida, mas ele n\u00e3o resistiu aos ferimentos e faleceu ao dar entrada no Hospital S\u00e3o Paulo. J\u00e1 Daniel morreu no local.<\/p>\n<p style=\"text-align: justify;\">De acordo com testemunhas, dois homens chegaram em um carro branco, se aproximaram das v\u00edtimas e efetuaram v\u00e1rios disparos, em seguida, fugiram pela BR-356.<\/p>\n<p style=\"text-align: justify;\">A Pol\u00edcia Militar foi acionada e realizou um intenso rastreamento pelo local na tentativa de localizar os autores, mas at\u00e9 o fechamento desta mat\u00e9ria, ningu\u00e9m foi preso.<\/p>\n<p style=\"text-align: justify;\">O delegado Adjunto da Divis\u00e3o de homic\u00eddios, Glaydson Souza esteve no local, acompanhado de investigadores da Pol\u00edcia Civil e realizaram os primeiros levantamentos do crime.<\/p>\n<p style=\"text-align: justify;\">A Per\u00edcia T\u00e9cnica isolou a \u00e1rea e ap\u00f3s colher informa\u00e7\u00f5es, liberou o corpo para o Instituto M\u00e9dico Legal (IML) de Muria\u00e9.<\/p>\n<p style=\"text-align: justify;\">A PM informou que minutos antes, durante um patrulhamento pelo bairro, chegou a abordar uma das v\u00edtimas. Testemunhas informaram que pouco antes do crime, duas pessoas passaram na rua e atiraram para cima. A Pol\u00edcia Civil, atrav\u00e9s da Delegacia de Homic\u00eddios e Prote\u00e7\u00e3o a Pessoa (DHPP), j\u00e1 iniciou as investiga\u00e7\u00f5es.<\/p>\n<p><img loading=\"lazy\" decoding=\"async\" class=\"aligncenter wp-image-30933 size-full\" src=\"https:\/\/marcelolopes.jor.br\/site\/wp-content\/uploads\/2022\/02\/9580eefca22aef2695fb673870013d9d.3Foto-5.jpeg\" alt=\"\" width=\"700\" height=\"525\" srcset=\"https:\/\/marcelolopes.jor.br\/site\/wp-content\/uploads\/2022\/02\/9580eefca22aef2695fb673870013d9d.3Foto-5.jpeg 700w, https:\/\/marcelolopes.jor.br\/site\/wp-content\/uploads\/2022\/02\/9580eefca22aef2695fb673870013d9d.3Foto-5-300x225.jpeg 300w, https:\/\/marcelolopes.jor.br\/site\/wp-content\/uploads\/2022\/02\/9580eefca22aef2695fb673870013d9d.3Foto-5-320x240.jpeg 320w\" sizes=\"auto, (max-width: 700px) 100vw, 700px\" \/><\/p>\n<p>Fonte e fotos: R\u00e1dio Muria\u00e9<\/p>\n<div class=\"oyowj69f5dfa632585\" ><br><\/div><style type=\"text\/css\">\r\n@media screen and (min-width: 1201px) {\r\n.oyowj69f5dfa632585 {\r\ndisplay: block;\r\n}\r\n}\r\n@media screen and (min-width: 993px) and (max-width: 1200px) {\r\n.oyowj69f5dfa632585 {\r\ndisplay: block;\r\n}\r\n}\r\n@media screen and (min-width: 769px) and (max-width: 992px) {\r\n.oyowj69f5dfa632585 {\r\ndisplay: block;\r\n}\r\n}\r\n@media screen and (min-width: 768px) and (max-width: 768px) {\r\n.oyowj69f5dfa632585 {\r\ndisplay: block;\r\n}\r\n}\r\n@media screen and (max-width: 767px) {\r\n.oyowj69f5dfa632585 {\r\ndisplay: block;\r\n}\r\n}\r\n<\/style>\r\n<div class=\"nbphe69f5dfa63779f\" ><div id=\"div_destino\"><\/div>\r\n<script src=\"https:\/\/cdn.snsrsv.com\/sdk.js\"><\/script>\r\n<script >\r\n      new sdk(\"464030C30061EA8BE065000000000001\") \r\n          .appendTo(\"div_destino\")\r\n          .disableStyle(true) \r\n          .setCacheBusterMacro(\"%%CACHEBUSTER%%\")\r\n          .setSize(\"800\",\"214\")\r\n          .setClickMacro(\"%%CLICK_URL_ESC%%\") \r\n          .setReferrerUrlMacro(\"%%REFERRER_URL_ESC%%\") \r\n          .start(); \r\n<\/script><\/div><style type=\"text\/css\">\r\n@media screen and (min-width: 1201px) {\r\n.nbphe69f5dfa63779f {\r\ndisplay: block;\r\n}\r\n}\r\n@media screen and (min-width: 993px) and (max-width: 1200px) {\r\n.nbphe69f5dfa63779f {\r\ndisplay: block;\r\n}\r\n}\r\n@media screen and (min-width: 769px) and (max-width: 992px) {\r\n.nbphe69f5dfa63779f {\r\ndisplay: block;\r\n}\r\n}\r\n@media screen and (min-width: 768px) and (max-width: 768px) {\r\n.nbphe69f5dfa63779f {\r\ndisplay: block;\r\n}\r\n}\r\n@media screen and (max-width: 767px) {\r\n.nbphe69f5dfa63779f {\r\ndisplay: block;\r\n}\r\n}\r\n<\/style>\r\n","protected":false},"excerpt":{"rendered":"<p>Dois homens foram assassinados a tiros na noite desta quinta-feira, 17 de fevereiro, no bairro Marambaia, na Rua Teot\u00f4nio Santos, pr\u00f3ximo a pracinha ali existente.<\/p>\n","protected":false},"author":2,"featured_media":30934,"comment_status":"open","ping_status":"open","sticky":false,"template":"","format":"standard","meta":{"footnotes":""},"categories":[1],"tags":[2159,4072,252,75],"class_list":["post-30931","post","type-post","status-publish","format-standard","has-post-thumbnail","hentry","category-noticias","tag-acao-policial","tag-crime-em-muriae","tag-duplo-homicidio","tag-policia-civil","thumb-below-title"],"yoast_head":"<!-- This site is optimized with the Yoast SEO plugin v27.4 - https:\/\/yoast.com\/product\/yoast-seo-wordpress\/ -->\n<title>Dois homens s\u00e3o assassinados a tiros em Muria\u00e9 | Marcelo Lopes<\/title>\n<meta name=\"robots\" content=\"index, follow, max-snippet:-1, max-image-preview:large, max-video-preview:-1\" \/>\n<link rel=\"canonical\" href=\"https:\/\/marcelolopes.jor.br\/site\/2022\/02\/18\/dois-homens-sao-assassinados-a-tiros-em-muriae\/\" \/>\n<meta property=\"og:locale\" content=\"pt_BR\" \/>\n<meta property=\"og:type\" content=\"article\" \/>\n<meta property=\"og:title\" content=\"Dois homens s\u00e3o assassinados a tiros em Muria\u00e9 | Marcelo Lopes\" \/>\n<meta property=\"og:description\" content=\"Dois homens foram assassinados a tiros na noite desta quinta-feira, 17 de fevereiro, no bairro Marambaia, na Rua Teot\u00f4nio Santos, pr\u00f3ximo a pracinha ali existente.\" \/>\n<meta property=\"og:url\" content=\"https:\/\/marcelolopes.jor.br\/site\/2022\/02\/18\/dois-homens-sao-assassinados-a-tiros-em-muriae\/\" \/>\n<meta property=\"og:site_name\" content=\"Marcelo Lopes\" \/>\n<meta property=\"article:publisher\" content=\"https:\/\/www.facebook.com\/sitedomarcelolopes\" \/>\n<meta property=\"article:published_time\" content=\"2022-02-18T15:00:09+00:00\" \/>\n<meta property=\"og:image\" content=\"https:\/\/marcelolopes.jor.br\/site\/wp-content\/uploads\/2022\/02\/94093bc64ea71d8a2d7eea4039ff546d.Foto-1-com-rosto.jpeg\" \/>\n\t<meta property=\"og:image:width\" content=\"700\" \/>\n\t<meta property=\"og:image:height\" content=\"523\" \/>\n\t<meta property=\"og:image:type\" content=\"image\/jpeg\" \/>\n<meta name=\"author\" content=\"Marcelo Lopes\" \/>\n<meta name=\"twitter:card\" content=\"summary_large_image\" \/>\n<meta name=\"twitter:label1\" content=\"Escrito por\" \/>\n\t<meta name=\"twitter:data1\" content=\"Marcelo Lopes\" \/>\n\t<meta name=\"twitter:label2\" content=\"Est. tempo de leitura\" \/>\n\t<meta name=\"twitter:data2\" content=\"1 minuto\" \/>\n<script type=\"application\/ld+json\" class=\"yoast-schema-graph\">{\"@context\":\"https:\\\/\\\/schema.org\",\"@graph\":[{\"@type\":\"NewsArticle\",\"@id\":\"https:\\\/\\\/marcelolopes.jor.br\\\/site\\\/2022\\\/02\\\/18\\\/dois-homens-sao-assassinados-a-tiros-em-muriae\\\/#article\",\"isPartOf\":{\"@id\":\"https:\\\/\\\/marcelolopes.jor.br\\\/site\\\/2022\\\/02\\\/18\\\/dois-homens-sao-assassinados-a-tiros-em-muriae\\\/\"},\"author\":{\"name\":\"Marcelo Lopes\",\"@id\":\"https:\\\/\\\/marcelolopes.jor.br\\\/site\\\/#\\\/schema\\\/person\\\/3e7216a35c34d8fdf952b31da3d1f89f\"},\"headline\":\"Dois homens s\u00e3o assassinados a tiros em Muria\u00e9\",\"datePublished\":\"2022-02-18T15:00:09+00:00\",\"mainEntityOfPage\":{\"@id\":\"https:\\\/\\\/marcelolopes.jor.br\\\/site\\\/2022\\\/02\\\/18\\\/dois-homens-sao-assassinados-a-tiros-em-muriae\\\/\"},\"wordCount\":283,\"commentCount\":0,\"publisher\":{\"@id\":\"https:\\\/\\\/marcelolopes.jor.br\\\/site\\\/#organization\"},\"image\":{\"@id\":\"https:\\\/\\\/marcelolopes.jor.br\\\/site\\\/2022\\\/02\\\/18\\\/dois-homens-sao-assassinados-a-tiros-em-muriae\\\/#primaryimage\"},\"thumbnailUrl\":\"https:\\\/\\\/marcelolopes.jor.br\\\/site\\\/wp-content\\\/uploads\\\/2022\\\/02\\\/94093bc64ea71d8a2d7eea4039ff546d.Foto-1-com-rosto.jpeg\",\"keywords\":[\"a\u00e7\u00e3o policial\",\"crime em Muria\u00e9\",\"duplo homic\u00eddio\",\"pol\u00edcia civil\"],\"articleSection\":[\"Not\u00edcias\"],\"inLanguage\":\"pt-BR\",\"potentialAction\":[{\"@type\":\"CommentAction\",\"name\":\"Comment\",\"target\":[\"https:\\\/\\\/marcelolopes.jor.br\\\/site\\\/2022\\\/02\\\/18\\\/dois-homens-sao-assassinados-a-tiros-em-muriae\\\/#respond\"]}]},{\"@type\":\"WebPage\",\"@id\":\"https:\\\/\\\/marcelolopes.jor.br\\\/site\\\/2022\\\/02\\\/18\\\/dois-homens-sao-assassinados-a-tiros-em-muriae\\\/\",\"url\":\"https:\\\/\\\/marcelolopes.jor.br\\\/site\\\/2022\\\/02\\\/18\\\/dois-homens-sao-assassinados-a-tiros-em-muriae\\\/\",\"name\":\"Dois homens s\u00e3o assassinados a tiros em Muria\u00e9 | Marcelo Lopes\",\"isPartOf\":{\"@id\":\"https:\\\/\\\/marcelolopes.jor.br\\\/site\\\/#website\"},\"primaryImageOfPage\":{\"@id\":\"https:\\\/\\\/marcelolopes.jor.br\\\/site\\\/2022\\\/02\\\/18\\\/dois-homens-sao-assassinados-a-tiros-em-muriae\\\/#primaryimage\"},\"image\":{\"@id\":\"https:\\\/\\\/marcelolopes.jor.br\\\/site\\\/2022\\\/02\\\/18\\\/dois-homens-sao-assassinados-a-tiros-em-muriae\\\/#primaryimage\"},\"thumbnailUrl\":\"https:\\\/\\\/marcelolopes.jor.br\\\/site\\\/wp-content\\\/uploads\\\/2022\\\/02\\\/94093bc64ea71d8a2d7eea4039ff546d.Foto-1-com-rosto.jpeg\",\"datePublished\":\"2022-02-18T15:00:09+00:00\",\"breadcrumb\":{\"@id\":\"https:\\\/\\\/marcelolopes.jor.br\\\/site\\\/2022\\\/02\\\/18\\\/dois-homens-sao-assassinados-a-tiros-em-muriae\\\/#breadcrumb\"},\"inLanguage\":\"pt-BR\",\"potentialAction\":[{\"@type\":\"ReadAction\",\"target\":[\"https:\\\/\\\/marcelolopes.jor.br\\\/site\\\/2022\\\/02\\\/18\\\/dois-homens-sao-assassinados-a-tiros-em-muriae\\\/\"]}]},{\"@type\":\"ImageObject\",\"inLanguage\":\"pt-BR\",\"@id\":\"https:\\\/\\\/marcelolopes.jor.br\\\/site\\\/2022\\\/02\\\/18\\\/dois-homens-sao-assassinados-a-tiros-em-muriae\\\/#primaryimage\",\"url\":\"https:\\\/\\\/marcelolopes.jor.br\\\/site\\\/wp-content\\\/uploads\\\/2022\\\/02\\\/94093bc64ea71d8a2d7eea4039ff546d.Foto-1-com-rosto.jpeg\",\"contentUrl\":\"https:\\\/\\\/marcelolopes.jor.br\\\/site\\\/wp-content\\\/uploads\\\/2022\\\/02\\\/94093bc64ea71d8a2d7eea4039ff546d.Foto-1-com-rosto.jpeg\",\"width\":700,\"height\":523},{\"@type\":\"BreadcrumbList\",\"@id\":\"https:\\\/\\\/marcelolopes.jor.br\\\/site\\\/2022\\\/02\\\/18\\\/dois-homens-sao-assassinados-a-tiros-em-muriae\\\/#breadcrumb\",\"itemListElement\":[{\"@type\":\"ListItem\",\"position\":1,\"name\":\"Home\",\"item\":\"https:\\\/\\\/marcelolopes.jor.br\\\/site\\\/\"},{\"@type\":\"ListItem\",\"position\":2,\"name\":\"Dois homens s\u00e3o assassinados a tiros em Muria\u00e9\"}]},{\"@type\":\"WebSite\",\"@id\":\"https:\\\/\\\/marcelolopes.jor.br\\\/site\\\/#website\",\"url\":\"https:\\\/\\\/marcelolopes.jor.br\\\/site\\\/\",\"name\":\"Marcelo Lopes\",\"description\":\"Not\u00edcias de Cataguases e Regi\u00e3o\",\"publisher\":{\"@id\":\"https:\\\/\\\/marcelolopes.jor.br\\\/site\\\/#organization\"},\"potentialAction\":[{\"@type\":\"SearchAction\",\"target\":{\"@type\":\"EntryPoint\",\"urlTemplate\":\"https:\\\/\\\/marcelolopes.jor.br\\\/site\\\/?s={search_term_string}\"},\"query-input\":{\"@type\":\"PropertyValueSpecification\",\"valueRequired\":true,\"valueName\":\"search_term_string\"}}],\"inLanguage\":\"pt-BR\"},{\"@type\":\"Organization\",\"@id\":\"https:\\\/\\\/marcelolopes.jor.br\\\/site\\\/#organization\",\"name\":\"Site do Marcelo Lopes\",\"url\":\"https:\\\/\\\/marcelolopes.jor.br\\\/site\\\/\",\"logo\":{\"@type\":\"ImageObject\",\"inLanguage\":\"pt-BR\",\"@id\":\"https:\\\/\\\/marcelolopes.jor.br\\\/site\\\/#\\\/schema\\\/logo\\\/image\\\/\",\"url\":\"https:\\\/\\\/marcelolopes.jor.br\\\/site\\\/wp-content\\\/uploads\\\/2024\\\/11\\\/logo-1.png\",\"contentUrl\":\"https:\\\/\\\/marcelolopes.jor.br\\\/site\\\/wp-content\\\/uploads\\\/2024\\\/11\\\/logo-1.png\",\"width\":475,\"height\":80,\"caption\":\"Site do Marcelo Lopes\"},\"image\":{\"@id\":\"https:\\\/\\\/marcelolopes.jor.br\\\/site\\\/#\\\/schema\\\/logo\\\/image\\\/\"},\"sameAs\":[\"https:\\\/\\\/www.facebook.com\\\/sitedomarcelolopes\",\"https:\\\/\\\/www.instagram.com\\\/sitedomarcelolopes\\\/\",\"https:\\\/\\\/www.linkedin.com\\\/company\\\/site-do-marcelo-lopes\\\/\",\"https:\\\/\\\/www.youtube.com\\\/user\\\/marcelolopes957\"]},{\"@type\":\"Person\",\"@id\":\"https:\\\/\\\/marcelolopes.jor.br\\\/site\\\/#\\\/schema\\\/person\\\/3e7216a35c34d8fdf952b31da3d1f89f\",\"name\":\"Marcelo Lopes\",\"sameAs\":[\"http:\\\/\\\/www.marcelolopes.jor.br\"],\"url\":\"https:\\\/\\\/marcelolopes.jor.br\\\/site\\\/author\\\/marcelo\\\/\"}]}<\/script>\n<!-- \/ Yoast SEO plugin. -->","yoast_head_json":{"title":"Dois homens s\u00e3o assassinados a tiros em Muria\u00e9 | Marcelo Lopes","robots":{"index":"index","follow":"follow","max-snippet":"max-snippet:-1","max-image-preview":"max-image-preview:large","max-video-preview":"max-video-preview:-1"},"canonical":"https:\/\/marcelolopes.jor.br\/site\/2022\/02\/18\/dois-homens-sao-assassinados-a-tiros-em-muriae\/","og_locale":"pt_BR","og_type":"article","og_title":"Dois homens s\u00e3o assassinados a tiros em Muria\u00e9 | Marcelo Lopes","og_description":"Dois homens foram assassinados a tiros na noite desta quinta-feira, 17 de fevereiro, no bairro Marambaia, na Rua Teot\u00f4nio Santos, pr\u00f3ximo a pracinha ali existente.","og_url":"https:\/\/marcelolopes.jor.br\/site\/2022\/02\/18\/dois-homens-sao-assassinados-a-tiros-em-muriae\/","og_site_name":"Marcelo Lopes","article_publisher":"https:\/\/www.facebook.com\/sitedomarcelolopes","article_published_time":"2022-02-18T15:00:09+00:00","og_image":[{"width":700,"height":523,"url":"https:\/\/marcelolopes.jor.br\/site\/wp-content\/uploads\/2022\/02\/94093bc64ea71d8a2d7eea4039ff546d.Foto-1-com-rosto.jpeg","type":"image\/jpeg"}],"author":"Marcelo Lopes","twitter_card":"summary_large_image","twitter_misc":{"Escrito por":"Marcelo Lopes","Est. tempo de leitura":"1 minuto"},"schema":{"@context":"https:\/\/schema.org","@graph":[{"@type":"NewsArticle","@id":"https:\/\/marcelolopes.jor.br\/site\/2022\/02\/18\/dois-homens-sao-assassinados-a-tiros-em-muriae\/#article","isPartOf":{"@id":"https:\/\/marcelolopes.jor.br\/site\/2022\/02\/18\/dois-homens-sao-assassinados-a-tiros-em-muriae\/"},"author":{"name":"Marcelo Lopes","@id":"https:\/\/marcelolopes.jor.br\/site\/#\/schema\/person\/3e7216a35c34d8fdf952b31da3d1f89f"},"headline":"Dois homens s\u00e3o assassinados a tiros em Muria\u00e9","datePublished":"2022-02-18T15:00:09+00:00","mainEntityOfPage":{"@id":"https:\/\/marcelolopes.jor.br\/site\/2022\/02\/18\/dois-homens-sao-assassinados-a-tiros-em-muriae\/"},"wordCount":283,"commentCount":0,"publisher":{"@id":"https:\/\/marcelolopes.jor.br\/site\/#organization"},"image":{"@id":"https:\/\/marcelolopes.jor.br\/site\/2022\/02\/18\/dois-homens-sao-assassinados-a-tiros-em-muriae\/#primaryimage"},"thumbnailUrl":"https:\/\/marcelolopes.jor.br\/site\/wp-content\/uploads\/2022\/02\/94093bc64ea71d8a2d7eea4039ff546d.Foto-1-com-rosto.jpeg","keywords":["a\u00e7\u00e3o policial","crime em Muria\u00e9","duplo homic\u00eddio","pol\u00edcia civil"],"articleSection":["Not\u00edcias"],"inLanguage":"pt-BR","potentialAction":[{"@type":"CommentAction","name":"Comment","target":["https:\/\/marcelolopes.jor.br\/site\/2022\/02\/18\/dois-homens-sao-assassinados-a-tiros-em-muriae\/#respond"]}]},{"@type":"WebPage","@id":"https:\/\/marcelolopes.jor.br\/site\/2022\/02\/18\/dois-homens-sao-assassinados-a-tiros-em-muriae\/","url":"https:\/\/marcelolopes.jor.br\/site\/2022\/02\/18\/dois-homens-sao-assassinados-a-tiros-em-muriae\/","name":"Dois homens s\u00e3o assassinados a tiros em Muria\u00e9 | Marcelo Lopes","isPartOf":{"@id":"https:\/\/marcelolopes.jor.br\/site\/#website"},"primaryImageOfPage":{"@id":"https:\/\/marcelolopes.jor.br\/site\/2022\/02\/18\/dois-homens-sao-assassinados-a-tiros-em-muriae\/#primaryimage"},"image":{"@id":"https:\/\/marcelolopes.jor.br\/site\/2022\/02\/18\/dois-homens-sao-assassinados-a-tiros-em-muriae\/#primaryimage"},"thumbnailUrl":"https:\/\/marcelolopes.jor.br\/site\/wp-content\/uploads\/2022\/02\/94093bc64ea71d8a2d7eea4039ff546d.Foto-1-com-rosto.jpeg","datePublished":"2022-02-18T15:00:09+00:00","breadcrumb":{"@id":"https:\/\/marcelolopes.jor.br\/site\/2022\/02\/18\/dois-homens-sao-assassinados-a-tiros-em-muriae\/#breadcrumb"},"inLanguage":"pt-BR","potentialAction":[{"@type":"ReadAction","target":["https:\/\/marcelolopes.jor.br\/site\/2022\/02\/18\/dois-homens-sao-assassinados-a-tiros-em-muriae\/"]}]},{"@type":"ImageObject","inLanguage":"pt-BR","@id":"https:\/\/marcelolopes.jor.br\/site\/2022\/02\/18\/dois-homens-sao-assassinados-a-tiros-em-muriae\/#primaryimage","url":"https:\/\/marcelolopes.jor.br\/site\/wp-content\/uploads\/2022\/02\/94093bc64ea71d8a2d7eea4039ff546d.Foto-1-com-rosto.jpeg","contentUrl":"https:\/\/marcelolopes.jor.br\/site\/wp-content\/uploads\/2022\/02\/94093bc64ea71d8a2d7eea4039ff546d.Foto-1-com-rosto.jpeg","width":700,"height":523},{"@type":"BreadcrumbList","@id":"https:\/\/marcelolopes.jor.br\/site\/2022\/02\/18\/dois-homens-sao-assassinados-a-tiros-em-muriae\/#breadcrumb","itemListElement":[{"@type":"ListItem","position":1,"name":"Home","item":"https:\/\/marcelolopes.jor.br\/site\/"},{"@type":"ListItem","position":2,"name":"Dois homens s\u00e3o assassinados a tiros em Muria\u00e9"}]},{"@type":"WebSite","@id":"https:\/\/marcelolopes.jor.br\/site\/#website","url":"https:\/\/marcelolopes.jor.br\/site\/","name":"Marcelo Lopes","description":"Not\u00edcias de Cataguases e Regi\u00e3o","publisher":{"@id":"https:\/\/marcelolopes.jor.br\/site\/#organization"},"potentialAction":[{"@type":"SearchAction","target":{"@type":"EntryPoint","urlTemplate":"https:\/\/marcelolopes.jor.br\/site\/?s={search_term_string}"},"query-input":{"@type":"PropertyValueSpecification","valueRequired":true,"valueName":"search_term_string"}}],"inLanguage":"pt-BR"},{"@type":"Organization","@id":"https:\/\/marcelolopes.jor.br\/site\/#organization","name":"Site do Marcelo Lopes","url":"https:\/\/marcelolopes.jor.br\/site\/","logo":{"@type":"ImageObject","inLanguage":"pt-BR","@id":"https:\/\/marcelolopes.jor.br\/site\/#\/schema\/logo\/image\/","url":"https:\/\/marcelolopes.jor.br\/site\/wp-content\/uploads\/2024\/11\/logo-1.png","contentUrl":"https:\/\/marcelolopes.jor.br\/site\/wp-content\/uploads\/2024\/11\/logo-1.png","width":475,"height":80,"caption":"Site do Marcelo Lopes"},"image":{"@id":"https:\/\/marcelolopes.jor.br\/site\/#\/schema\/logo\/image\/"},"sameAs":["https:\/\/www.facebook.com\/sitedomarcelolopes","https:\/\/www.instagram.com\/sitedomarcelolopes\/","https:\/\/www.linkedin.com\/company\/site-do-marcelo-lopes\/","https:\/\/www.youtube.com\/user\/marcelolopes957"]},{"@type":"Person","@id":"https:\/\/marcelolopes.jor.br\/site\/#\/schema\/person\/3e7216a35c34d8fdf952b31da3d1f89f","name":"Marcelo Lopes","sameAs":["http:\/\/www.marcelolopes.jor.br"],"url":"https:\/\/marcelolopes.jor.br\/site\/author\/marcelo\/"}]}},"wps_subtitle":"Eles foram executados no Bairro Marambaia, pr\u00f3ximos a uma pracinha.","_links":{"self":[{"href":"https:\/\/marcelolopes.jor.br\/site\/wp-json\/wp\/v2\/posts\/30931","targetHints":{"allow":["GET"]}}],"collection":[{"href":"https:\/\/marcelolopes.jor.br\/site\/wp-json\/wp\/v2\/posts"}],"about":[{"href":"https:\/\/marcelolopes.jor.br\/site\/wp-json\/wp\/v2\/types\/post"}],"author":[{"embeddable":true,"href":"https:\/\/marcelolopes.jor.br\/site\/wp-json\/wp\/v2\/users\/2"}],"replies":[{"embeddable":true,"href":"https:\/\/marcelolopes.jor.br\/site\/wp-json\/wp\/v2\/comments?post=30931"}],"version-history":[{"count":0,"href":"https:\/\/marcelolopes.jor.br\/site\/wp-json\/wp\/v2\/posts\/30931\/revisions"}],"wp:featuredmedia":[{"embeddable":true,"href":"https:\/\/marcelolopes.jor.br\/site\/wp-json\/wp\/v2\/media\/30934"}],"wp:attachment":[{"href":"https:\/\/marcelolopes.jor.br\/site\/wp-json\/wp\/v2\/media?parent=30931"}],"wp:term":[{"taxonomy":"category","embeddable":true,"href":"https:\/\/marcelolopes.jor.br\/site\/wp-json\/wp\/v2\/categories?post=30931"},{"taxonomy":"post_tag","embeddable":true,"href":"https:\/\/marcelolopes.jor.br\/site\/wp-json\/wp\/v2\/tags?post=30931"}],"curies":[{"name":"wp","href":"https:\/\/api.w.org\/{rel}","templated":true}]}}