{"id":30715,"date":"2022-02-11T19:00:47","date_gmt":"2022-02-11T22:00:47","guid":{"rendered":"https:\/\/marcelolopes.jor.br\/?p=30715"},"modified":"2022-02-11T18:27:29","modified_gmt":"2022-02-11T21:27:29","slug":"covid-19-prefeitura-lanca-novo-decreto-com-restricoes-mais-brandas","status":"publish","type":"post","link":"https:\/\/marcelolopes.jor.br\/site\/2022\/02\/11\/covid-19-prefeitura-lanca-novo-decreto-com-restricoes-mais-brandas\/","title":{"rendered":"Covid-19: Prefeitura lan\u00e7a novo decreto com restri\u00e7\u00f5es mais brandas"},"content":{"rendered":"<p style=\"text-align: justify;\">O prefeito de Cataguases, Jos\u00e9 Henriques baixou decreto &#8211; n\u00famero 5348-T &#8211; atualizando o funcionamento de diversos servi\u00e7os no munic\u00edpio. As medidas s\u00e3o mais brandas do que as que estiveram em vigor at\u00e9 ontem, 10 de fevereiro. Assim, a partir da pr\u00f3xima segunda-feira, 14, data em que o decreto entra em vigor, as restri\u00e7\u00f5es ser\u00e3o menores exceto para o Carnaval, j\u00e1 que o novo texto legal pro\u00edbe qualquer tipo de manifesta\u00e7\u00e3o carnavalesca em via p\u00fablica.<!--more--><\/p>\n<p style=\"text-align: justify;\">As novas regras foram viabilizadas ap\u00f3s reuni\u00e3o do Comit\u00ea Covid realizada na tarde da \u00faltima quinta-feira, 10. De acordo com os t\u00e9cnicos em sa\u00fade, os n\u00fameros da pandemia em Cataguases come\u00e7am a cair, indicando que o pior j\u00e1 passou. Veja, abaixo, os principais itens do novo decreto:<\/p>\n<p style=\"text-align: justify;\">&#8211; Academias de gin\u00e1stica v\u00e3o funcionar com no m\u00e1ximo 80% de sua capacidade;<\/p>\n<p style=\"text-align: justify;\">&#8211; Restaurantes, bares e similares ter\u00e3o ocupa\u00e7\u00e3o m\u00e1xima de 500 pessoas, respeitando o distanciamento linear entre mesas de 1,5 metro, sendo que nos estabelecimentos em que \u00e9 poss\u00edvel realizar o controle de acesso dos usu\u00e1rios, fica permitido o consumo em p\u00e9, desde que o empreendedor permita a entrada ao interior do estabelecimento somente de usu\u00e1rios que estejam com passaporte vacinal completo. Nos demais estabelecimentos, onde n\u00e3o seja poss\u00edvel realizar tal controle, fica vedado o consumo por pessoas que n\u00e3o estejam sentadas ou no entorno de tambores;<\/p>\n<p style=\"text-align: justify;\">&#8211; Est\u00e1 permitida a realiza\u00e7\u00e3o de m\u00fasica ao vivo, bem como o uso de pista de dan\u00e7a ou similar apenas para os estabelecimentos que realizem controle de acesso de clientes, exigindo comprova\u00e7\u00e3o de vacina\u00e7\u00e3o, com ciclo vacinal completo, mediante autoriza\u00e7\u00e3o pr\u00e9via da Fiscaliza\u00e7\u00e3o de Posturas;<\/p>\n<p style=\"text-align: justify;\">&#8211; Permitida a realiza\u00e7\u00e3o de cultos religiosos no interior dos templos, com lota\u00e7\u00e3o m\u00e1xima de 80% da capacidade do local, obedecido o distanciamento linear de 1,5 metro entre os fi\u00e9is, com apresenta\u00e7\u00e3o obrigat\u00f3ria de passaporte sanit\u00e1rio comprovando ciclo vacinal completo;<\/p>\n<p style=\"text-align: justify;\">&#8211; Est\u00e1 permitida a realiza\u00e7\u00e3o de festas e eventos p\u00fablicos e privados com a ocupa\u00e7\u00e3o m\u00e1xima de 80% da capacidade autorizada pelo Auto de Vistoria do Corpo de Bombeiros, com apresenta\u00e7\u00e3o obrigat\u00f3ria de passaporte sanit\u00e1rio comprovando ciclo vacinal completo. Os estabelecimentos que descumprirem as regras acima, al\u00e9m da multa, ficar\u00e3o interditados por sessenta dias sem possibilidade de formaliza\u00e7\u00e3o de Termo de Ajustamento de Conduta;<\/p>\n<p style=\"text-align: justify;\">&#8211; Fica permitido o funcionamento dos cinemas e similares com a ocupa\u00e7\u00e3o m\u00e1xima de 80% da capacidade autorizada pelo Auto de Vistoria do Corpo de Bombeiros, com apresenta\u00e7\u00e3o obrigat\u00f3ria de passaporte sanit\u00e1rio comprovando ciclo vacinal completo;<\/p>\n<p style=\"text-align: justify;\">&#8211; Clubes de recrea\u00e7\u00e3o e lazer com uso norteado pelo Protocolo Sanit\u00e1rio do Programa Minas Consciente podem funcionar com apresenta\u00e7\u00e3o obrigat\u00f3ria de passaporte sanit\u00e1rio comprovando ciclo vacinal completo;<\/p>\n<p style=\"text-align: justify;\">&#8211; A Feira de Artesanato pode funcionar, bem como os servi\u00e7os de hotelaria que est\u00e3o liberados com 100% da capacidade de cada estabelecimento;<\/p>\n<p style=\"text-align: justify;\">&#8211; Est\u00e1 autorizada a renova\u00e7\u00e3o gradual do passe livre, a partir desta data, atrav\u00e9s da Secretaria Municipal de Assist\u00eancia Social;<\/p>\n<p style=\"text-align: justify;\">&#8211; O servi\u00e7o de vel\u00f3rio pode funcionar sem restri\u00e7\u00e3o de hor\u00e1rio e com lota\u00e7\u00e3o m\u00e1xima de uma pessoa a cada cinco metros quadrados de \u00e1rea de livre circula\u00e7\u00e3o no interior da Capela Mortu\u00e1ria, com a obrigatoriedade do uso de m\u00e1scara. Fica vedada a realiza\u00e7\u00e3o de vel\u00f3rio de pessoas suspeitas ou diagnosticadas com Covid-19.<\/p>\n<p>Veja o novo decreto na \u00edntegra abaixo.<\/p>\n<p><a href=\"https:\/\/marcelolopes.jor.br\/site\/wp-content\/uploads\/2022\/02\/DECRETO-5348-T-CATAGUASES.pdf\">DECRETO 5348-T &#8211; CATAGUASES<\/a><\/p>\n<div class=\"fnkyp69f5fa374590e\" ><br><\/div><style type=\"text\/css\">\r\n@media screen and (min-width: 1201px) {\r\n.fnkyp69f5fa374590e {\r\ndisplay: block;\r\n}\r\n}\r\n@media screen and (min-width: 993px) and (max-width: 1200px) {\r\n.fnkyp69f5fa374590e {\r\ndisplay: block;\r\n}\r\n}\r\n@media screen and (min-width: 769px) and (max-width: 992px) {\r\n.fnkyp69f5fa374590e {\r\ndisplay: block;\r\n}\r\n}\r\n@media screen and (min-width: 768px) and (max-width: 768px) {\r\n.fnkyp69f5fa374590e {\r\ndisplay: block;\r\n}\r\n}\r\n@media screen and (max-width: 767px) {\r\n.fnkyp69f5fa374590e {\r\ndisplay: block;\r\n}\r\n}\r\n<\/style>\r\n<div class=\"ecyfb69f5fa374b784\" ><div id=\"div_destino\"><\/div>\r\n<script src=\"https:\/\/cdn.snsrsv.com\/sdk.js\"><\/script>\r\n<script >\r\n      new sdk(\"464030C30061EA8BE065000000000001\") \r\n          .appendTo(\"div_destino\")\r\n          .disableStyle(true) \r\n          .setCacheBusterMacro(\"%%CACHEBUSTER%%\")\r\n          .setSize(\"800\",\"214\")\r\n          .setClickMacro(\"%%CLICK_URL_ESC%%\") \r\n          .setReferrerUrlMacro(\"%%REFERRER_URL_ESC%%\") \r\n          .start(); \r\n<\/script><\/div><style type=\"text\/css\">\r\n@media screen and (min-width: 1201px) {\r\n.ecyfb69f5fa374b784 {\r\ndisplay: block;\r\n}\r\n}\r\n@media screen and (min-width: 993px) and (max-width: 1200px) {\r\n.ecyfb69f5fa374b784 {\r\ndisplay: block;\r\n}\r\n}\r\n@media screen and (min-width: 769px) and (max-width: 992px) {\r\n.ecyfb69f5fa374b784 {\r\ndisplay: block;\r\n}\r\n}\r\n@media screen and (min-width: 768px) and (max-width: 768px) {\r\n.ecyfb69f5fa374b784 {\r\ndisplay: block;\r\n}\r\n}\r\n@media screen and (max-width: 767px) {\r\n.ecyfb69f5fa374b784 {\r\ndisplay: block;\r\n}\r\n}\r\n<\/style>\r\n","protected":false},"excerpt":{"rendered":"<p>O prefeito de Cataguases, Jos\u00e9 Henriques baixou decreto &#8211; n\u00famero 5348-T &#8211; atualizando o funcionamento de diversos servi\u00e7os no munic\u00edpio. As medidas s\u00e3o mais brandas do que as que estiveram em vigor at\u00e9 ontem, 10 de fevereiro. Assim, a partir<\/p>\n<p class=\"link-more\"><a class=\"more-link\" href=\"https:\/\/marcelolopes.jor.br\/site\/2022\/02\/11\/covid-19-prefeitura-lanca-novo-decreto-com-restricoes-mais-brandas\/\">Leia mais <span class=\"screen-reader-text\">Covid-19: Prefeitura lan\u00e7a novo decreto com restri\u00e7\u00f5es mais brandas<\/span><\/a><\/p>\n","protected":false},"author":2,"featured_media":16401,"comment_status":"open","ping_status":"open","sticky":false,"template":"","format":"standard","meta":{"footnotes":""},"categories":[1],"tags":[4133,2251,2488,1868],"class_list":["post-30715","post","type-post","status-publish","format-standard","has-post-thumbnail","hentry","category-noticias","tag-combate-a-covid-19","tag-coronavirus-decreto","tag-novo-decreto","tag-prefeitura-de-cataguases","thumb-below-title"],"yoast_head":"<!-- This site is optimized with the Yoast SEO plugin v27.4 - https:\/\/yoast.com\/product\/yoast-seo-wordpress\/ -->\n<title>Covid-19: Prefeitura lan\u00e7a novo decreto com restri\u00e7\u00f5es mais brandas | Marcelo Lopes<\/title>\n<meta name=\"robots\" content=\"index, follow, max-snippet:-1, max-image-preview:large, max-video-preview:-1\" \/>\n<link rel=\"canonical\" href=\"https:\/\/marcelolopes.jor.br\/site\/2022\/02\/11\/covid-19-prefeitura-lanca-novo-decreto-com-restricoes-mais-brandas\/\" \/>\n<meta property=\"og:locale\" content=\"pt_BR\" \/>\n<meta property=\"og:type\" content=\"article\" \/>\n<meta property=\"og:title\" content=\"Covid-19: Prefeitura lan\u00e7a novo decreto com restri\u00e7\u00f5es mais brandas | Marcelo Lopes\" \/>\n<meta property=\"og:description\" content=\"O prefeito de Cataguases, Jos\u00e9 Henriques baixou decreto &#8211; n\u00famero 5348-T &#8211; atualizando o funcionamento de diversos servi\u00e7os no munic\u00edpio. As medidas s\u00e3o mais brandas do que as que estiveram em vigor at\u00e9 ontem, 10 de fevereiro. Assim, a partirLeia mais Covid-19: Prefeitura lan\u00e7a novo decreto com restri\u00e7\u00f5es mais brandas\" \/>\n<meta property=\"og:url\" content=\"https:\/\/marcelolopes.jor.br\/site\/2022\/02\/11\/covid-19-prefeitura-lanca-novo-decreto-com-restricoes-mais-brandas\/\" \/>\n<meta property=\"og:site_name\" content=\"Marcelo Lopes\" \/>\n<meta property=\"article:publisher\" content=\"https:\/\/www.facebook.com\/sitedomarcelolopes\" \/>\n<meta property=\"article:published_time\" content=\"2022-02-11T22:00:47+00:00\" \/>\n<meta property=\"og:image\" content=\"https:\/\/marcelolopes.jor.br\/site\/wp-content\/uploads\/2020\/08\/Vista-a\u00e9rea-de-Cataguases.jpg\" \/>\n\t<meta property=\"og:image:width\" content=\"2208\" \/>\n\t<meta property=\"og:image:height\" content=\"1242\" \/>\n\t<meta property=\"og:image:type\" content=\"image\/jpeg\" \/>\n<meta name=\"author\" content=\"Marcelo Lopes\" \/>\n<meta name=\"twitter:card\" content=\"summary_large_image\" \/>\n<meta name=\"twitter:label1\" content=\"Escrito por\" \/>\n\t<meta name=\"twitter:data1\" content=\"Marcelo Lopes\" \/>\n\t<meta name=\"twitter:label2\" content=\"Est. tempo de leitura\" \/>\n\t<meta name=\"twitter:data2\" content=\"3 minutos\" \/>\n<script type=\"application\/ld+json\" class=\"yoast-schema-graph\">{\"@context\":\"https:\\\/\\\/schema.org\",\"@graph\":[{\"@type\":\"NewsArticle\",\"@id\":\"https:\\\/\\\/marcelolopes.jor.br\\\/site\\\/2022\\\/02\\\/11\\\/covid-19-prefeitura-lanca-novo-decreto-com-restricoes-mais-brandas\\\/#article\",\"isPartOf\":{\"@id\":\"https:\\\/\\\/marcelolopes.jor.br\\\/site\\\/2022\\\/02\\\/11\\\/covid-19-prefeitura-lanca-novo-decreto-com-restricoes-mais-brandas\\\/\"},\"author\":{\"name\":\"Marcelo Lopes\",\"@id\":\"https:\\\/\\\/marcelolopes.jor.br\\\/site\\\/#\\\/schema\\\/person\\\/3e7216a35c34d8fdf952b31da3d1f89f\"},\"headline\":\"Covid-19: Prefeitura lan\u00e7a novo decreto com restri\u00e7\u00f5es mais brandas\",\"datePublished\":\"2022-02-11T22:00:47+00:00\",\"mainEntityOfPage\":{\"@id\":\"https:\\\/\\\/marcelolopes.jor.br\\\/site\\\/2022\\\/02\\\/11\\\/covid-19-prefeitura-lanca-novo-decreto-com-restricoes-mais-brandas\\\/\"},\"wordCount\":619,\"commentCount\":0,\"publisher\":{\"@id\":\"https:\\\/\\\/marcelolopes.jor.br\\\/site\\\/#organization\"},\"image\":{\"@id\":\"https:\\\/\\\/marcelolopes.jor.br\\\/site\\\/2022\\\/02\\\/11\\\/covid-19-prefeitura-lanca-novo-decreto-com-restricoes-mais-brandas\\\/#primaryimage\"},\"thumbnailUrl\":\"https:\\\/\\\/marcelolopes.jor.br\\\/site\\\/wp-content\\\/uploads\\\/2020\\\/08\\\/Vista-a\u00e9rea-de-Cataguases.jpg\",\"keywords\":[\"combate a covid-19\",\"coronav\u00edrus. decreto\",\"novo decreto\",\"Prefeitura de Cataguases\"],\"articleSection\":[\"Not\u00edcias\"],\"inLanguage\":\"pt-BR\",\"potentialAction\":[{\"@type\":\"CommentAction\",\"name\":\"Comment\",\"target\":[\"https:\\\/\\\/marcelolopes.jor.br\\\/site\\\/2022\\\/02\\\/11\\\/covid-19-prefeitura-lanca-novo-decreto-com-restricoes-mais-brandas\\\/#respond\"]}]},{\"@type\":\"WebPage\",\"@id\":\"https:\\\/\\\/marcelolopes.jor.br\\\/site\\\/2022\\\/02\\\/11\\\/covid-19-prefeitura-lanca-novo-decreto-com-restricoes-mais-brandas\\\/\",\"url\":\"https:\\\/\\\/marcelolopes.jor.br\\\/site\\\/2022\\\/02\\\/11\\\/covid-19-prefeitura-lanca-novo-decreto-com-restricoes-mais-brandas\\\/\",\"name\":\"Covid-19: Prefeitura lan\u00e7a novo decreto com restri\u00e7\u00f5es mais brandas | Marcelo Lopes\",\"isPartOf\":{\"@id\":\"https:\\\/\\\/marcelolopes.jor.br\\\/site\\\/#website\"},\"primaryImageOfPage\":{\"@id\":\"https:\\\/\\\/marcelolopes.jor.br\\\/site\\\/2022\\\/02\\\/11\\\/covid-19-prefeitura-lanca-novo-decreto-com-restricoes-mais-brandas\\\/#primaryimage\"},\"image\":{\"@id\":\"https:\\\/\\\/marcelolopes.jor.br\\\/site\\\/2022\\\/02\\\/11\\\/covid-19-prefeitura-lanca-novo-decreto-com-restricoes-mais-brandas\\\/#primaryimage\"},\"thumbnailUrl\":\"https:\\\/\\\/marcelolopes.jor.br\\\/site\\\/wp-content\\\/uploads\\\/2020\\\/08\\\/Vista-a\u00e9rea-de-Cataguases.jpg\",\"datePublished\":\"2022-02-11T22:00:47+00:00\",\"breadcrumb\":{\"@id\":\"https:\\\/\\\/marcelolopes.jor.br\\\/site\\\/2022\\\/02\\\/11\\\/covid-19-prefeitura-lanca-novo-decreto-com-restricoes-mais-brandas\\\/#breadcrumb\"},\"inLanguage\":\"pt-BR\",\"potentialAction\":[{\"@type\":\"ReadAction\",\"target\":[\"https:\\\/\\\/marcelolopes.jor.br\\\/site\\\/2022\\\/02\\\/11\\\/covid-19-prefeitura-lanca-novo-decreto-com-restricoes-mais-brandas\\\/\"]}]},{\"@type\":\"ImageObject\",\"inLanguage\":\"pt-BR\",\"@id\":\"https:\\\/\\\/marcelolopes.jor.br\\\/site\\\/2022\\\/02\\\/11\\\/covid-19-prefeitura-lanca-novo-decreto-com-restricoes-mais-brandas\\\/#primaryimage\",\"url\":\"https:\\\/\\\/marcelolopes.jor.br\\\/site\\\/wp-content\\\/uploads\\\/2020\\\/08\\\/Vista-a\u00e9rea-de-Cataguases.jpg\",\"contentUrl\":\"https:\\\/\\\/marcelolopes.jor.br\\\/site\\\/wp-content\\\/uploads\\\/2020\\\/08\\\/Vista-a\u00e9rea-de-Cataguases.jpg\",\"width\":2208,\"height\":1242,\"caption\":\"Prefeitura lan\u00e7a site que\"},{\"@type\":\"BreadcrumbList\",\"@id\":\"https:\\\/\\\/marcelolopes.jor.br\\\/site\\\/2022\\\/02\\\/11\\\/covid-19-prefeitura-lanca-novo-decreto-com-restricoes-mais-brandas\\\/#breadcrumb\",\"itemListElement\":[{\"@type\":\"ListItem\",\"position\":1,\"name\":\"Home\",\"item\":\"https:\\\/\\\/marcelolopes.jor.br\\\/site\\\/\"},{\"@type\":\"ListItem\",\"position\":2,\"name\":\"Covid-19: Prefeitura lan\u00e7a novo decreto com restri\u00e7\u00f5es mais brandas\"}]},{\"@type\":\"WebSite\",\"@id\":\"https:\\\/\\\/marcelolopes.jor.br\\\/site\\\/#website\",\"url\":\"https:\\\/\\\/marcelolopes.jor.br\\\/site\\\/\",\"name\":\"Marcelo Lopes\",\"description\":\"Not\u00edcias de Cataguases e Regi\u00e3o\",\"publisher\":{\"@id\":\"https:\\\/\\\/marcelolopes.jor.br\\\/site\\\/#organization\"},\"potentialAction\":[{\"@type\":\"SearchAction\",\"target\":{\"@type\":\"EntryPoint\",\"urlTemplate\":\"https:\\\/\\\/marcelolopes.jor.br\\\/site\\\/?s={search_term_string}\"},\"query-input\":{\"@type\":\"PropertyValueSpecification\",\"valueRequired\":true,\"valueName\":\"search_term_string\"}}],\"inLanguage\":\"pt-BR\"},{\"@type\":\"Organization\",\"@id\":\"https:\\\/\\\/marcelolopes.jor.br\\\/site\\\/#organization\",\"name\":\"Site do Marcelo Lopes\",\"url\":\"https:\\\/\\\/marcelolopes.jor.br\\\/site\\\/\",\"logo\":{\"@type\":\"ImageObject\",\"inLanguage\":\"pt-BR\",\"@id\":\"https:\\\/\\\/marcelolopes.jor.br\\\/site\\\/#\\\/schema\\\/logo\\\/image\\\/\",\"url\":\"https:\\\/\\\/marcelolopes.jor.br\\\/site\\\/wp-content\\\/uploads\\\/2024\\\/11\\\/logo-1.png\",\"contentUrl\":\"https:\\\/\\\/marcelolopes.jor.br\\\/site\\\/wp-content\\\/uploads\\\/2024\\\/11\\\/logo-1.png\",\"width\":475,\"height\":80,\"caption\":\"Site do Marcelo Lopes\"},\"image\":{\"@id\":\"https:\\\/\\\/marcelolopes.jor.br\\\/site\\\/#\\\/schema\\\/logo\\\/image\\\/\"},\"sameAs\":[\"https:\\\/\\\/www.facebook.com\\\/sitedomarcelolopes\",\"https:\\\/\\\/www.instagram.com\\\/sitedomarcelolopes\\\/\",\"https:\\\/\\\/www.linkedin.com\\\/company\\\/site-do-marcelo-lopes\\\/\",\"https:\\\/\\\/www.youtube.com\\\/user\\\/marcelolopes957\"]},{\"@type\":\"Person\",\"@id\":\"https:\\\/\\\/marcelolopes.jor.br\\\/site\\\/#\\\/schema\\\/person\\\/3e7216a35c34d8fdf952b31da3d1f89f\",\"name\":\"Marcelo Lopes\",\"sameAs\":[\"http:\\\/\\\/www.marcelolopes.jor.br\"],\"url\":\"https:\\\/\\\/marcelolopes.jor.br\\\/site\\\/author\\\/marcelo\\\/\"}]}<\/script>\n<!-- \/ Yoast SEO plugin. -->","yoast_head_json":{"title":"Covid-19: Prefeitura lan\u00e7a novo decreto com restri\u00e7\u00f5es mais brandas | Marcelo Lopes","robots":{"index":"index","follow":"follow","max-snippet":"max-snippet:-1","max-image-preview":"max-image-preview:large","max-video-preview":"max-video-preview:-1"},"canonical":"https:\/\/marcelolopes.jor.br\/site\/2022\/02\/11\/covid-19-prefeitura-lanca-novo-decreto-com-restricoes-mais-brandas\/","og_locale":"pt_BR","og_type":"article","og_title":"Covid-19: Prefeitura lan\u00e7a novo decreto com restri\u00e7\u00f5es mais brandas | Marcelo Lopes","og_description":"O prefeito de Cataguases, Jos\u00e9 Henriques baixou decreto &#8211; n\u00famero 5348-T &#8211; atualizando o funcionamento de diversos servi\u00e7os no munic\u00edpio. As medidas s\u00e3o mais brandas do que as que estiveram em vigor at\u00e9 ontem, 10 de fevereiro. Assim, a partirLeia mais Covid-19: Prefeitura lan\u00e7a novo decreto com restri\u00e7\u00f5es mais brandas","og_url":"https:\/\/marcelolopes.jor.br\/site\/2022\/02\/11\/covid-19-prefeitura-lanca-novo-decreto-com-restricoes-mais-brandas\/","og_site_name":"Marcelo Lopes","article_publisher":"https:\/\/www.facebook.com\/sitedomarcelolopes","article_published_time":"2022-02-11T22:00:47+00:00","og_image":[{"width":2208,"height":1242,"url":"https:\/\/marcelolopes.jor.br\/site\/wp-content\/uploads\/2020\/08\/Vista-a\u00e9rea-de-Cataguases.jpg","type":"image\/jpeg"}],"author":"Marcelo Lopes","twitter_card":"summary_large_image","twitter_misc":{"Escrito por":"Marcelo Lopes","Est. tempo de leitura":"3 minutos"},"schema":{"@context":"https:\/\/schema.org","@graph":[{"@type":"NewsArticle","@id":"https:\/\/marcelolopes.jor.br\/site\/2022\/02\/11\/covid-19-prefeitura-lanca-novo-decreto-com-restricoes-mais-brandas\/#article","isPartOf":{"@id":"https:\/\/marcelolopes.jor.br\/site\/2022\/02\/11\/covid-19-prefeitura-lanca-novo-decreto-com-restricoes-mais-brandas\/"},"author":{"name":"Marcelo Lopes","@id":"https:\/\/marcelolopes.jor.br\/site\/#\/schema\/person\/3e7216a35c34d8fdf952b31da3d1f89f"},"headline":"Covid-19: Prefeitura lan\u00e7a novo decreto com restri\u00e7\u00f5es mais brandas","datePublished":"2022-02-11T22:00:47+00:00","mainEntityOfPage":{"@id":"https:\/\/marcelolopes.jor.br\/site\/2022\/02\/11\/covid-19-prefeitura-lanca-novo-decreto-com-restricoes-mais-brandas\/"},"wordCount":619,"commentCount":0,"publisher":{"@id":"https:\/\/marcelolopes.jor.br\/site\/#organization"},"image":{"@id":"https:\/\/marcelolopes.jor.br\/site\/2022\/02\/11\/covid-19-prefeitura-lanca-novo-decreto-com-restricoes-mais-brandas\/#primaryimage"},"thumbnailUrl":"https:\/\/marcelolopes.jor.br\/site\/wp-content\/uploads\/2020\/08\/Vista-a\u00e9rea-de-Cataguases.jpg","keywords":["combate a covid-19","coronav\u00edrus. decreto","novo decreto","Prefeitura de Cataguases"],"articleSection":["Not\u00edcias"],"inLanguage":"pt-BR","potentialAction":[{"@type":"CommentAction","name":"Comment","target":["https:\/\/marcelolopes.jor.br\/site\/2022\/02\/11\/covid-19-prefeitura-lanca-novo-decreto-com-restricoes-mais-brandas\/#respond"]}]},{"@type":"WebPage","@id":"https:\/\/marcelolopes.jor.br\/site\/2022\/02\/11\/covid-19-prefeitura-lanca-novo-decreto-com-restricoes-mais-brandas\/","url":"https:\/\/marcelolopes.jor.br\/site\/2022\/02\/11\/covid-19-prefeitura-lanca-novo-decreto-com-restricoes-mais-brandas\/","name":"Covid-19: Prefeitura lan\u00e7a novo decreto com restri\u00e7\u00f5es mais brandas | Marcelo Lopes","isPartOf":{"@id":"https:\/\/marcelolopes.jor.br\/site\/#website"},"primaryImageOfPage":{"@id":"https:\/\/marcelolopes.jor.br\/site\/2022\/02\/11\/covid-19-prefeitura-lanca-novo-decreto-com-restricoes-mais-brandas\/#primaryimage"},"image":{"@id":"https:\/\/marcelolopes.jor.br\/site\/2022\/02\/11\/covid-19-prefeitura-lanca-novo-decreto-com-restricoes-mais-brandas\/#primaryimage"},"thumbnailUrl":"https:\/\/marcelolopes.jor.br\/site\/wp-content\/uploads\/2020\/08\/Vista-a\u00e9rea-de-Cataguases.jpg","datePublished":"2022-02-11T22:00:47+00:00","breadcrumb":{"@id":"https:\/\/marcelolopes.jor.br\/site\/2022\/02\/11\/covid-19-prefeitura-lanca-novo-decreto-com-restricoes-mais-brandas\/#breadcrumb"},"inLanguage":"pt-BR","potentialAction":[{"@type":"ReadAction","target":["https:\/\/marcelolopes.jor.br\/site\/2022\/02\/11\/covid-19-prefeitura-lanca-novo-decreto-com-restricoes-mais-brandas\/"]}]},{"@type":"ImageObject","inLanguage":"pt-BR","@id":"https:\/\/marcelolopes.jor.br\/site\/2022\/02\/11\/covid-19-prefeitura-lanca-novo-decreto-com-restricoes-mais-brandas\/#primaryimage","url":"https:\/\/marcelolopes.jor.br\/site\/wp-content\/uploads\/2020\/08\/Vista-a\u00e9rea-de-Cataguases.jpg","contentUrl":"https:\/\/marcelolopes.jor.br\/site\/wp-content\/uploads\/2020\/08\/Vista-a\u00e9rea-de-Cataguases.jpg","width":2208,"height":1242,"caption":"Prefeitura lan\u00e7a site que"},{"@type":"BreadcrumbList","@id":"https:\/\/marcelolopes.jor.br\/site\/2022\/02\/11\/covid-19-prefeitura-lanca-novo-decreto-com-restricoes-mais-brandas\/#breadcrumb","itemListElement":[{"@type":"ListItem","position":1,"name":"Home","item":"https:\/\/marcelolopes.jor.br\/site\/"},{"@type":"ListItem","position":2,"name":"Covid-19: Prefeitura lan\u00e7a novo decreto com restri\u00e7\u00f5es mais brandas"}]},{"@type":"WebSite","@id":"https:\/\/marcelolopes.jor.br\/site\/#website","url":"https:\/\/marcelolopes.jor.br\/site\/","name":"Marcelo Lopes","description":"Not\u00edcias de Cataguases e Regi\u00e3o","publisher":{"@id":"https:\/\/marcelolopes.jor.br\/site\/#organization"},"potentialAction":[{"@type":"SearchAction","target":{"@type":"EntryPoint","urlTemplate":"https:\/\/marcelolopes.jor.br\/site\/?s={search_term_string}"},"query-input":{"@type":"PropertyValueSpecification","valueRequired":true,"valueName":"search_term_string"}}],"inLanguage":"pt-BR"},{"@type":"Organization","@id":"https:\/\/marcelolopes.jor.br\/site\/#organization","name":"Site do Marcelo Lopes","url":"https:\/\/marcelolopes.jor.br\/site\/","logo":{"@type":"ImageObject","inLanguage":"pt-BR","@id":"https:\/\/marcelolopes.jor.br\/site\/#\/schema\/logo\/image\/","url":"https:\/\/marcelolopes.jor.br\/site\/wp-content\/uploads\/2024\/11\/logo-1.png","contentUrl":"https:\/\/marcelolopes.jor.br\/site\/wp-content\/uploads\/2024\/11\/logo-1.png","width":475,"height":80,"caption":"Site do Marcelo Lopes"},"image":{"@id":"https:\/\/marcelolopes.jor.br\/site\/#\/schema\/logo\/image\/"},"sameAs":["https:\/\/www.facebook.com\/sitedomarcelolopes","https:\/\/www.instagram.com\/sitedomarcelolopes\/","https:\/\/www.linkedin.com\/company\/site-do-marcelo-lopes\/","https:\/\/www.youtube.com\/user\/marcelolopes957"]},{"@type":"Person","@id":"https:\/\/marcelolopes.jor.br\/site\/#\/schema\/person\/3e7216a35c34d8fdf952b31da3d1f89f","name":"Marcelo Lopes","sameAs":["http:\/\/www.marcelolopes.jor.br"],"url":"https:\/\/marcelolopes.jor.br\/site\/author\/marcelo\/"}]}},"wps_subtitle":"Novas regras entram em vigor na pr\u00f3xima segunda-feira, 14 de fevereiro.","_links":{"self":[{"href":"https:\/\/marcelolopes.jor.br\/site\/wp-json\/wp\/v2\/posts\/30715","targetHints":{"allow":["GET"]}}],"collection":[{"href":"https:\/\/marcelolopes.jor.br\/site\/wp-json\/wp\/v2\/posts"}],"about":[{"href":"https:\/\/marcelolopes.jor.br\/site\/wp-json\/wp\/v2\/types\/post"}],"author":[{"embeddable":true,"href":"https:\/\/marcelolopes.jor.br\/site\/wp-json\/wp\/v2\/users\/2"}],"replies":[{"embeddable":true,"href":"https:\/\/marcelolopes.jor.br\/site\/wp-json\/wp\/v2\/comments?post=30715"}],"version-history":[{"count":0,"href":"https:\/\/marcelolopes.jor.br\/site\/wp-json\/wp\/v2\/posts\/30715\/revisions"}],"wp:featuredmedia":[{"embeddable":true,"href":"https:\/\/marcelolopes.jor.br\/site\/wp-json\/wp\/v2\/media\/16401"}],"wp:attachment":[{"href":"https:\/\/marcelolopes.jor.br\/site\/wp-json\/wp\/v2\/media?parent=30715"}],"wp:term":[{"taxonomy":"category","embeddable":true,"href":"https:\/\/marcelolopes.jor.br\/site\/wp-json\/wp\/v2\/categories?post=30715"},{"taxonomy":"post_tag","embeddable":true,"href":"https:\/\/marcelolopes.jor.br\/site\/wp-json\/wp\/v2\/tags?post=30715"}],"curies":[{"name":"wp","href":"https:\/\/api.w.org\/{rel}","templated":true}]}}