{"id":30506,"date":"2022-02-03T12:00:26","date_gmt":"2022-02-03T15:00:26","guid":{"rendered":"https:\/\/marcelolopes.jor.br\/?p=30506"},"modified":"2023-02-07T14:03:11","modified_gmt":"2023-02-07T17:03:11","slug":"ministerio-publico-pede-afastamento-de-vereador-em-muriae","status":"publish","type":"post","link":"https:\/\/marcelolopes.jor.br\/site\/2022\/02\/03\/ministerio-publico-pede-afastamento-de-vereador-em-muriae\/","title":{"rendered":"Minist\u00e9rio P\u00fablico pede afastamento de vereador em Muria\u00e9"},"content":{"rendered":"<p style=\"text-align: justify;\">O <a href=\"http:\/\/www.mp.mg.gov.br\"><strong><span style=\"color: #800000;\">Minist\u00e9rio P\u00fablico de Minas Gerais<\/span><\/strong><\/a> (MPMG) ajuizou A\u00e7\u00e3o Civil P\u00fablica por ato de improbidade administrativa com pedido de afastamento cautelar contra um vereador de Muria\u00e9. A a\u00e7\u00e3o aponta que, entre fevereiro de 2014 a janeiro de 2016, o agente pol\u00edtico exigiu, diretamente, no exerc\u00edcio do cargo, vantagens indevidas \u00e0 ent\u00e3o assessora da Diretoria Legislativa da C\u00e2mara de Vereadores.<!--more--><\/p>\n<p style=\"text-align: justify;\">A opera\u00e7\u00e3o aconteceu no dia 12 de novembro em Muria\u00e9. \u00c0 \u00e9poca, foram alvos das dilig\u00eancias cinco vereadores em exerc\u00edcio, tr\u00eas ex-vereadores, seis postos de gasolina, tr\u00eas construtoras e 12 empres\u00e1rios. Os levantamentos feitos at\u00e9 aquele dia apontavam que mais de R$ 12 milh\u00f5es foram girados de forma il\u00edcita, atrav\u00e9s das a\u00e7\u00f5es criminosas.Foram expedidos 40 mandados de busca e um mandado de pris\u00e3o cumprido.<\/p>\n<p style=\"text-align: justify;\">Durante as investiga\u00e7\u00f5es, foi apurado que a ex-assessora foi coagida a repassar mensalmente mais da metade dos seus vencimentos ao parlamentar, que a obrigou a contrair um empr\u00e9stimo de R$ 8 mil, parcelados em 36 meses. Ela revelou que foi obrigada a repassar R$ 5 mil ao vereador. Em \u00e1udio obtido durante as investiga\u00e7\u00f5es o agente chega, diante da resist\u00eancia da ex-assessora, a exigir, ainda que indiretamente, determinado valor em dinheiro, coagindo-a ao repasse mensal a ele.<\/p>\n<p style=\"text-align: justify;\">O Minist\u00e9rio P\u00fablico informou tamb\u00e9m que foi apurado, apesar de ela n\u00e3o ter sido nomeada diretamente pelo vereador, este confirmou que a indicou para o cargo, demonstrando que \u201ca nomea\u00e7\u00e3o se deu ao arrepio dos princ\u00edpios que devem nortear o manuseio de verbas p\u00fablicas, visando t\u00e3o somente o enriquecimento il\u00edcito do parlamentar\u201d.<\/p>\n<p style=\"text-align: justify;\">Na a\u00e7\u00e3o, al\u00e9m do afastamento cautelar do vereador do exerc\u00edcio do cargo pelo prazo de 90 dias, o MP requer \u00e0 Justi\u00e7a a condena\u00e7\u00e3o dele \u00e0s san\u00e7\u00f5es previstas na Lei de Improbidade Administrativa: perda dos valores acrescidos ilicitamente ao patrim\u00f4nio, perda da fun\u00e7\u00e3o p\u00fablica, suspens\u00e3o dos direitos pol\u00edticos por 14 anos, pagamento de multa civil e proibi\u00e7\u00e3o de contratar com o poder p\u00fablico, al\u00e9m do pagamento de repara\u00e7\u00e3o pelo dano moral coletivo no valor de R$500 mil.<\/p>\n<p style=\"text-align: justify;\">Fonte: MPMG | Foto: Radio Muria\u00e9<\/p>\n<div class=\"vlonu69f5db4cbd5e4\" ><br><\/div><style type=\"text\/css\">\r\n@media screen and (min-width: 1201px) {\r\n.vlonu69f5db4cbd5e4 {\r\ndisplay: block;\r\n}\r\n}\r\n@media screen and (min-width: 993px) and (max-width: 1200px) {\r\n.vlonu69f5db4cbd5e4 {\r\ndisplay: block;\r\n}\r\n}\r\n@media screen and (min-width: 769px) and (max-width: 992px) {\r\n.vlonu69f5db4cbd5e4 {\r\ndisplay: block;\r\n}\r\n}\r\n@media screen and (min-width: 768px) and (max-width: 768px) {\r\n.vlonu69f5db4cbd5e4 {\r\ndisplay: block;\r\n}\r\n}\r\n@media screen and (max-width: 767px) {\r\n.vlonu69f5db4cbd5e4 {\r\ndisplay: block;\r\n}\r\n}\r\n<\/style>\r\n<div class=\"hssww69f5db4cc321f\" ><div id=\"div_destino\"><\/div>\r\n<script src=\"https:\/\/cdn.snsrsv.com\/sdk.js\"><\/script>\r\n<script >\r\n      new sdk(\"464030C30061EA8BE065000000000001\") \r\n          .appendTo(\"div_destino\")\r\n          .disableStyle(true) \r\n          .setCacheBusterMacro(\"%%CACHEBUSTER%%\")\r\n          .setSize(\"800\",\"214\")\r\n          .setClickMacro(\"%%CLICK_URL_ESC%%\") \r\n          .setReferrerUrlMacro(\"%%REFERRER_URL_ESC%%\") \r\n          .start(); \r\n<\/script><\/div><style type=\"text\/css\">\r\n@media screen and (min-width: 1201px) {\r\n.hssww69f5db4cc321f {\r\ndisplay: block;\r\n}\r\n}\r\n@media screen and (min-width: 993px) and (max-width: 1200px) {\r\n.hssww69f5db4cc321f {\r\ndisplay: block;\r\n}\r\n}\r\n@media screen and (min-width: 769px) and (max-width: 992px) {\r\n.hssww69f5db4cc321f {\r\ndisplay: block;\r\n}\r\n}\r\n@media screen and (min-width: 768px) and (max-width: 768px) {\r\n.hssww69f5db4cc321f {\r\ndisplay: block;\r\n}\r\n}\r\n@media screen and (max-width: 767px) {\r\n.hssww69f5db4cc321f {\r\ndisplay: block;\r\n}\r\n}\r\n<\/style>\r\n","protected":false},"excerpt":{"rendered":"<p>O Minist\u00e9rio P\u00fablico de Minas Gerais (MPMG) ajuizou A\u00e7\u00e3o Civil P\u00fablica por ato de improbidade administrativa com pedido de afastamento cautelar contra um vereador de Muria\u00e9. A a\u00e7\u00e3o aponta que, entre fevereiro de 2014 a janeiro de 2016, o agente<\/p>\n<p class=\"link-more\"><a class=\"more-link\" href=\"https:\/\/marcelolopes.jor.br\/site\/2022\/02\/03\/ministerio-publico-pede-afastamento-de-vereador-em-muriae\/\">Leia mais <span class=\"screen-reader-text\">Minist\u00e9rio P\u00fablico pede afastamento de vereador em Muria\u00e9<\/span><\/a><\/p>\n","protected":false},"author":2,"featured_media":30508,"comment_status":"open","ping_status":"open","sticky":false,"template":"","format":"standard","meta":{"footnotes":""},"categories":[1],"tags":[3147,71,5015,4797,5442],"class_list":["post-30506","post","type-post","status-publish","format-standard","has-post-thumbnail","hentry","category-noticias","tag-gaeco","tag-ministerio-publico","tag-operacao-catarse","tag-vereador-de-muriae","tag-vereador-preso","thumb-below-title"],"yoast_head":"<!-- This site is optimized with the Yoast SEO plugin v27.4 - https:\/\/yoast.com\/product\/yoast-seo-wordpress\/ -->\n<title>Minist\u00e9rio P\u00fablico pede afastamento de vereador em Muria\u00e9<\/title>\n<meta name=\"description\" content=\"Minist\u00e9rio P\u00fablico pede afastamento de vereador em Muria\u00e9. Ele \u00e9 alvo da opera\u00e7\u00e3o &quot;Catarse\u201d que teve in\u00edcio em novembro de 2021.\" \/>\n<meta name=\"robots\" content=\"index, follow, max-snippet:-1, max-image-preview:large, max-video-preview:-1\" \/>\n<link rel=\"canonical\" href=\"https:\/\/marcelolopes.jor.br\/site\/2022\/02\/03\/ministerio-publico-pede-afastamento-de-vereador-em-muriae\/\" \/>\n<meta property=\"og:locale\" content=\"pt_BR\" \/>\n<meta property=\"og:type\" content=\"article\" \/>\n<meta property=\"og:title\" content=\"Minist\u00e9rio P\u00fablico pede afastamento de vereador em Muria\u00e9\" \/>\n<meta property=\"og:description\" content=\"Minist\u00e9rio P\u00fablico pede afastamento de vereador em Muria\u00e9. Ele \u00e9 alvo da opera\u00e7\u00e3o &quot;Catarse\u201d que teve in\u00edcio em novembro de 2021.\" \/>\n<meta property=\"og:url\" content=\"https:\/\/marcelolopes.jor.br\/site\/2022\/02\/03\/ministerio-publico-pede-afastamento-de-vereador-em-muriae\/\" \/>\n<meta property=\"og:site_name\" content=\"Marcelo Lopes\" \/>\n<meta property=\"article:publisher\" content=\"https:\/\/www.facebook.com\/sitedomarcelolopes\" \/>\n<meta property=\"article:published_time\" content=\"2022-02-03T15:00:26+00:00\" \/>\n<meta property=\"article:modified_time\" content=\"2023-02-07T17:03:11+00:00\" \/>\n<meta property=\"og:image\" content=\"https:\/\/marcelolopes.jor.br\/site\/wp-content\/uploads\/2022\/02\/8d2e528696885253d9b3ad5d0a7556ca.Gaeco-1.jpeg\" \/>\n\t<meta property=\"og:image:width\" content=\"700\" \/>\n\t<meta property=\"og:image:height\" content=\"525\" \/>\n\t<meta property=\"og:image:type\" content=\"image\/jpeg\" \/>\n<meta name=\"author\" content=\"Marcelo Lopes\" \/>\n<meta name=\"twitter:card\" content=\"summary_large_image\" \/>\n<meta name=\"twitter:label1\" content=\"Escrito por\" \/>\n\t<meta name=\"twitter:data1\" content=\"Marcelo Lopes\" \/>\n\t<meta name=\"twitter:label2\" content=\"Est. tempo de leitura\" \/>\n\t<meta name=\"twitter:data2\" content=\"2 minutos\" \/>\n<script type=\"application\/ld+json\" class=\"yoast-schema-graph\">{\"@context\":\"https:\\\/\\\/schema.org\",\"@graph\":[{\"@type\":\"NewsArticle\",\"@id\":\"https:\\\/\\\/marcelolopes.jor.br\\\/site\\\/2022\\\/02\\\/03\\\/ministerio-publico-pede-afastamento-de-vereador-em-muriae\\\/#article\",\"isPartOf\":{\"@id\":\"https:\\\/\\\/marcelolopes.jor.br\\\/site\\\/2022\\\/02\\\/03\\\/ministerio-publico-pede-afastamento-de-vereador-em-muriae\\\/\"},\"author\":{\"name\":\"Marcelo Lopes\",\"@id\":\"https:\\\/\\\/marcelolopes.jor.br\\\/site\\\/#\\\/schema\\\/person\\\/3e7216a35c34d8fdf952b31da3d1f89f\"},\"headline\":\"Minist\u00e9rio P\u00fablico pede afastamento de vereador em Muria\u00e9\",\"datePublished\":\"2022-02-03T15:00:26+00:00\",\"dateModified\":\"2023-02-07T17:03:11+00:00\",\"mainEntityOfPage\":{\"@id\":\"https:\\\/\\\/marcelolopes.jor.br\\\/site\\\/2022\\\/02\\\/03\\\/ministerio-publico-pede-afastamento-de-vereador-em-muriae\\\/\"},\"wordCount\":379,\"commentCount\":0,\"publisher\":{\"@id\":\"https:\\\/\\\/marcelolopes.jor.br\\\/site\\\/#organization\"},\"image\":{\"@id\":\"https:\\\/\\\/marcelolopes.jor.br\\\/site\\\/2022\\\/02\\\/03\\\/ministerio-publico-pede-afastamento-de-vereador-em-muriae\\\/#primaryimage\"},\"thumbnailUrl\":\"https:\\\/\\\/marcelolopes.jor.br\\\/site\\\/wp-content\\\/uploads\\\/2022\\\/02\\\/8d2e528696885253d9b3ad5d0a7556ca.Gaeco-1.jpeg\",\"keywords\":[\"Gaeco\",\"Minist\u00e9rio P\u00fablico\",\"Opera\u00e7\u00e3o Catarse\",\"vereador de Muria\u00e9\",\"vereador preso\"],\"articleSection\":[\"Not\u00edcias\"],\"inLanguage\":\"pt-BR\",\"potentialAction\":[{\"@type\":\"CommentAction\",\"name\":\"Comment\",\"target\":[\"https:\\\/\\\/marcelolopes.jor.br\\\/site\\\/2022\\\/02\\\/03\\\/ministerio-publico-pede-afastamento-de-vereador-em-muriae\\\/#respond\"]}]},{\"@type\":\"WebPage\",\"@id\":\"https:\\\/\\\/marcelolopes.jor.br\\\/site\\\/2022\\\/02\\\/03\\\/ministerio-publico-pede-afastamento-de-vereador-em-muriae\\\/\",\"url\":\"https:\\\/\\\/marcelolopes.jor.br\\\/site\\\/2022\\\/02\\\/03\\\/ministerio-publico-pede-afastamento-de-vereador-em-muriae\\\/\",\"name\":\"Minist\u00e9rio P\u00fablico pede afastamento de vereador em Muria\u00e9\",\"isPartOf\":{\"@id\":\"https:\\\/\\\/marcelolopes.jor.br\\\/site\\\/#website\"},\"primaryImageOfPage\":{\"@id\":\"https:\\\/\\\/marcelolopes.jor.br\\\/site\\\/2022\\\/02\\\/03\\\/ministerio-publico-pede-afastamento-de-vereador-em-muriae\\\/#primaryimage\"},\"image\":{\"@id\":\"https:\\\/\\\/marcelolopes.jor.br\\\/site\\\/2022\\\/02\\\/03\\\/ministerio-publico-pede-afastamento-de-vereador-em-muriae\\\/#primaryimage\"},\"thumbnailUrl\":\"https:\\\/\\\/marcelolopes.jor.br\\\/site\\\/wp-content\\\/uploads\\\/2022\\\/02\\\/8d2e528696885253d9b3ad5d0a7556ca.Gaeco-1.jpeg\",\"datePublished\":\"2022-02-03T15:00:26+00:00\",\"dateModified\":\"2023-02-07T17:03:11+00:00\",\"description\":\"Minist\u00e9rio P\u00fablico pede afastamento de vereador em Muria\u00e9. Ele \u00e9 alvo da opera\u00e7\u00e3o \\\"Catarse\u201d que teve in\u00edcio em novembro de 2021.\",\"breadcrumb\":{\"@id\":\"https:\\\/\\\/marcelolopes.jor.br\\\/site\\\/2022\\\/02\\\/03\\\/ministerio-publico-pede-afastamento-de-vereador-em-muriae\\\/#breadcrumb\"},\"inLanguage\":\"pt-BR\",\"potentialAction\":[{\"@type\":\"ReadAction\",\"target\":[\"https:\\\/\\\/marcelolopes.jor.br\\\/site\\\/2022\\\/02\\\/03\\\/ministerio-publico-pede-afastamento-de-vereador-em-muriae\\\/\"]}]},{\"@type\":\"ImageObject\",\"inLanguage\":\"pt-BR\",\"@id\":\"https:\\\/\\\/marcelolopes.jor.br\\\/site\\\/2022\\\/02\\\/03\\\/ministerio-publico-pede-afastamento-de-vereador-em-muriae\\\/#primaryimage\",\"url\":\"https:\\\/\\\/marcelolopes.jor.br\\\/site\\\/wp-content\\\/uploads\\\/2022\\\/02\\\/8d2e528696885253d9b3ad5d0a7556ca.Gaeco-1.jpeg\",\"contentUrl\":\"https:\\\/\\\/marcelolopes.jor.br\\\/site\\\/wp-content\\\/uploads\\\/2022\\\/02\\\/8d2e528696885253d9b3ad5d0a7556ca.Gaeco-1.jpeg\",\"width\":700,\"height\":525,\"caption\":\"Minist\u00e9rio P\u00fablico pede afastamento\"},{\"@type\":\"BreadcrumbList\",\"@id\":\"https:\\\/\\\/marcelolopes.jor.br\\\/site\\\/2022\\\/02\\\/03\\\/ministerio-publico-pede-afastamento-de-vereador-em-muriae\\\/#breadcrumb\",\"itemListElement\":[{\"@type\":\"ListItem\",\"position\":1,\"name\":\"Home\",\"item\":\"https:\\\/\\\/marcelolopes.jor.br\\\/site\\\/\"},{\"@type\":\"ListItem\",\"position\":2,\"name\":\"Minist\u00e9rio P\u00fablico pede afastamento de vereador em Muria\u00e9\"}]},{\"@type\":\"WebSite\",\"@id\":\"https:\\\/\\\/marcelolopes.jor.br\\\/site\\\/#website\",\"url\":\"https:\\\/\\\/marcelolopes.jor.br\\\/site\\\/\",\"name\":\"Marcelo Lopes\",\"description\":\"Not\u00edcias de Cataguases e Regi\u00e3o\",\"publisher\":{\"@id\":\"https:\\\/\\\/marcelolopes.jor.br\\\/site\\\/#organization\"},\"potentialAction\":[{\"@type\":\"SearchAction\",\"target\":{\"@type\":\"EntryPoint\",\"urlTemplate\":\"https:\\\/\\\/marcelolopes.jor.br\\\/site\\\/?s={search_term_string}\"},\"query-input\":{\"@type\":\"PropertyValueSpecification\",\"valueRequired\":true,\"valueName\":\"search_term_string\"}}],\"inLanguage\":\"pt-BR\"},{\"@type\":\"Organization\",\"@id\":\"https:\\\/\\\/marcelolopes.jor.br\\\/site\\\/#organization\",\"name\":\"Site do Marcelo Lopes\",\"url\":\"https:\\\/\\\/marcelolopes.jor.br\\\/site\\\/\",\"logo\":{\"@type\":\"ImageObject\",\"inLanguage\":\"pt-BR\",\"@id\":\"https:\\\/\\\/marcelolopes.jor.br\\\/site\\\/#\\\/schema\\\/logo\\\/image\\\/\",\"url\":\"https:\\\/\\\/marcelolopes.jor.br\\\/site\\\/wp-content\\\/uploads\\\/2024\\\/11\\\/logo-1.png\",\"contentUrl\":\"https:\\\/\\\/marcelolopes.jor.br\\\/site\\\/wp-content\\\/uploads\\\/2024\\\/11\\\/logo-1.png\",\"width\":475,\"height\":80,\"caption\":\"Site do Marcelo Lopes\"},\"image\":{\"@id\":\"https:\\\/\\\/marcelolopes.jor.br\\\/site\\\/#\\\/schema\\\/logo\\\/image\\\/\"},\"sameAs\":[\"https:\\\/\\\/www.facebook.com\\\/sitedomarcelolopes\",\"https:\\\/\\\/www.instagram.com\\\/sitedomarcelolopes\\\/\",\"https:\\\/\\\/www.linkedin.com\\\/company\\\/site-do-marcelo-lopes\\\/\",\"https:\\\/\\\/www.youtube.com\\\/user\\\/marcelolopes957\"]},{\"@type\":\"Person\",\"@id\":\"https:\\\/\\\/marcelolopes.jor.br\\\/site\\\/#\\\/schema\\\/person\\\/3e7216a35c34d8fdf952b31da3d1f89f\",\"name\":\"Marcelo Lopes\",\"sameAs\":[\"http:\\\/\\\/www.marcelolopes.jor.br\"],\"url\":\"https:\\\/\\\/marcelolopes.jor.br\\\/site\\\/author\\\/marcelo\\\/\"}]}<\/script>\n<!-- \/ Yoast SEO plugin. -->","yoast_head_json":{"title":"Minist\u00e9rio P\u00fablico pede afastamento de vereador em Muria\u00e9","description":"Minist\u00e9rio P\u00fablico pede afastamento de vereador em Muria\u00e9. Ele \u00e9 alvo da opera\u00e7\u00e3o \"Catarse\u201d que teve in\u00edcio em novembro de 2021.","robots":{"index":"index","follow":"follow","max-snippet":"max-snippet:-1","max-image-preview":"max-image-preview:large","max-video-preview":"max-video-preview:-1"},"canonical":"https:\/\/marcelolopes.jor.br\/site\/2022\/02\/03\/ministerio-publico-pede-afastamento-de-vereador-em-muriae\/","og_locale":"pt_BR","og_type":"article","og_title":"Minist\u00e9rio P\u00fablico pede afastamento de vereador em Muria\u00e9","og_description":"Minist\u00e9rio P\u00fablico pede afastamento de vereador em Muria\u00e9. Ele \u00e9 alvo da opera\u00e7\u00e3o \"Catarse\u201d que teve in\u00edcio em novembro de 2021.","og_url":"https:\/\/marcelolopes.jor.br\/site\/2022\/02\/03\/ministerio-publico-pede-afastamento-de-vereador-em-muriae\/","og_site_name":"Marcelo Lopes","article_publisher":"https:\/\/www.facebook.com\/sitedomarcelolopes","article_published_time":"2022-02-03T15:00:26+00:00","article_modified_time":"2023-02-07T17:03:11+00:00","og_image":[{"width":700,"height":525,"url":"https:\/\/marcelolopes.jor.br\/site\/wp-content\/uploads\/2022\/02\/8d2e528696885253d9b3ad5d0a7556ca.Gaeco-1.jpeg","type":"image\/jpeg"}],"author":"Marcelo Lopes","twitter_card":"summary_large_image","twitter_misc":{"Escrito por":"Marcelo Lopes","Est. tempo de leitura":"2 minutos"},"schema":{"@context":"https:\/\/schema.org","@graph":[{"@type":"NewsArticle","@id":"https:\/\/marcelolopes.jor.br\/site\/2022\/02\/03\/ministerio-publico-pede-afastamento-de-vereador-em-muriae\/#article","isPartOf":{"@id":"https:\/\/marcelolopes.jor.br\/site\/2022\/02\/03\/ministerio-publico-pede-afastamento-de-vereador-em-muriae\/"},"author":{"name":"Marcelo Lopes","@id":"https:\/\/marcelolopes.jor.br\/site\/#\/schema\/person\/3e7216a35c34d8fdf952b31da3d1f89f"},"headline":"Minist\u00e9rio P\u00fablico pede afastamento de vereador em Muria\u00e9","datePublished":"2022-02-03T15:00:26+00:00","dateModified":"2023-02-07T17:03:11+00:00","mainEntityOfPage":{"@id":"https:\/\/marcelolopes.jor.br\/site\/2022\/02\/03\/ministerio-publico-pede-afastamento-de-vereador-em-muriae\/"},"wordCount":379,"commentCount":0,"publisher":{"@id":"https:\/\/marcelolopes.jor.br\/site\/#organization"},"image":{"@id":"https:\/\/marcelolopes.jor.br\/site\/2022\/02\/03\/ministerio-publico-pede-afastamento-de-vereador-em-muriae\/#primaryimage"},"thumbnailUrl":"https:\/\/marcelolopes.jor.br\/site\/wp-content\/uploads\/2022\/02\/8d2e528696885253d9b3ad5d0a7556ca.Gaeco-1.jpeg","keywords":["Gaeco","Minist\u00e9rio P\u00fablico","Opera\u00e7\u00e3o Catarse","vereador de Muria\u00e9","vereador preso"],"articleSection":["Not\u00edcias"],"inLanguage":"pt-BR","potentialAction":[{"@type":"CommentAction","name":"Comment","target":["https:\/\/marcelolopes.jor.br\/site\/2022\/02\/03\/ministerio-publico-pede-afastamento-de-vereador-em-muriae\/#respond"]}]},{"@type":"WebPage","@id":"https:\/\/marcelolopes.jor.br\/site\/2022\/02\/03\/ministerio-publico-pede-afastamento-de-vereador-em-muriae\/","url":"https:\/\/marcelolopes.jor.br\/site\/2022\/02\/03\/ministerio-publico-pede-afastamento-de-vereador-em-muriae\/","name":"Minist\u00e9rio P\u00fablico pede afastamento de vereador em Muria\u00e9","isPartOf":{"@id":"https:\/\/marcelolopes.jor.br\/site\/#website"},"primaryImageOfPage":{"@id":"https:\/\/marcelolopes.jor.br\/site\/2022\/02\/03\/ministerio-publico-pede-afastamento-de-vereador-em-muriae\/#primaryimage"},"image":{"@id":"https:\/\/marcelolopes.jor.br\/site\/2022\/02\/03\/ministerio-publico-pede-afastamento-de-vereador-em-muriae\/#primaryimage"},"thumbnailUrl":"https:\/\/marcelolopes.jor.br\/site\/wp-content\/uploads\/2022\/02\/8d2e528696885253d9b3ad5d0a7556ca.Gaeco-1.jpeg","datePublished":"2022-02-03T15:00:26+00:00","dateModified":"2023-02-07T17:03:11+00:00","description":"Minist\u00e9rio P\u00fablico pede afastamento de vereador em Muria\u00e9. Ele \u00e9 alvo da opera\u00e7\u00e3o \"Catarse\u201d que teve in\u00edcio em novembro de 2021.","breadcrumb":{"@id":"https:\/\/marcelolopes.jor.br\/site\/2022\/02\/03\/ministerio-publico-pede-afastamento-de-vereador-em-muriae\/#breadcrumb"},"inLanguage":"pt-BR","potentialAction":[{"@type":"ReadAction","target":["https:\/\/marcelolopes.jor.br\/site\/2022\/02\/03\/ministerio-publico-pede-afastamento-de-vereador-em-muriae\/"]}]},{"@type":"ImageObject","inLanguage":"pt-BR","@id":"https:\/\/marcelolopes.jor.br\/site\/2022\/02\/03\/ministerio-publico-pede-afastamento-de-vereador-em-muriae\/#primaryimage","url":"https:\/\/marcelolopes.jor.br\/site\/wp-content\/uploads\/2022\/02\/8d2e528696885253d9b3ad5d0a7556ca.Gaeco-1.jpeg","contentUrl":"https:\/\/marcelolopes.jor.br\/site\/wp-content\/uploads\/2022\/02\/8d2e528696885253d9b3ad5d0a7556ca.Gaeco-1.jpeg","width":700,"height":525,"caption":"Minist\u00e9rio P\u00fablico pede afastamento"},{"@type":"BreadcrumbList","@id":"https:\/\/marcelolopes.jor.br\/site\/2022\/02\/03\/ministerio-publico-pede-afastamento-de-vereador-em-muriae\/#breadcrumb","itemListElement":[{"@type":"ListItem","position":1,"name":"Home","item":"https:\/\/marcelolopes.jor.br\/site\/"},{"@type":"ListItem","position":2,"name":"Minist\u00e9rio P\u00fablico pede afastamento de vereador em Muria\u00e9"}]},{"@type":"WebSite","@id":"https:\/\/marcelolopes.jor.br\/site\/#website","url":"https:\/\/marcelolopes.jor.br\/site\/","name":"Marcelo Lopes","description":"Not\u00edcias de Cataguases e Regi\u00e3o","publisher":{"@id":"https:\/\/marcelolopes.jor.br\/site\/#organization"},"potentialAction":[{"@type":"SearchAction","target":{"@type":"EntryPoint","urlTemplate":"https:\/\/marcelolopes.jor.br\/site\/?s={search_term_string}"},"query-input":{"@type":"PropertyValueSpecification","valueRequired":true,"valueName":"search_term_string"}}],"inLanguage":"pt-BR"},{"@type":"Organization","@id":"https:\/\/marcelolopes.jor.br\/site\/#organization","name":"Site do Marcelo Lopes","url":"https:\/\/marcelolopes.jor.br\/site\/","logo":{"@type":"ImageObject","inLanguage":"pt-BR","@id":"https:\/\/marcelolopes.jor.br\/site\/#\/schema\/logo\/image\/","url":"https:\/\/marcelolopes.jor.br\/site\/wp-content\/uploads\/2024\/11\/logo-1.png","contentUrl":"https:\/\/marcelolopes.jor.br\/site\/wp-content\/uploads\/2024\/11\/logo-1.png","width":475,"height":80,"caption":"Site do Marcelo Lopes"},"image":{"@id":"https:\/\/marcelolopes.jor.br\/site\/#\/schema\/logo\/image\/"},"sameAs":["https:\/\/www.facebook.com\/sitedomarcelolopes","https:\/\/www.instagram.com\/sitedomarcelolopes\/","https:\/\/www.linkedin.com\/company\/site-do-marcelo-lopes\/","https:\/\/www.youtube.com\/user\/marcelolopes957"]},{"@type":"Person","@id":"https:\/\/marcelolopes.jor.br\/site\/#\/schema\/person\/3e7216a35c34d8fdf952b31da3d1f89f","name":"Marcelo Lopes","sameAs":["http:\/\/www.marcelolopes.jor.br"],"url":"https:\/\/marcelolopes.jor.br\/site\/author\/marcelo\/"}]}},"wps_subtitle":"Ele \u00e9 alvo da opera\u00e7\u00e3o \"Catarse\u201d que teve in\u00edcio em novembro de 2021.","_links":{"self":[{"href":"https:\/\/marcelolopes.jor.br\/site\/wp-json\/wp\/v2\/posts\/30506","targetHints":{"allow":["GET"]}}],"collection":[{"href":"https:\/\/marcelolopes.jor.br\/site\/wp-json\/wp\/v2\/posts"}],"about":[{"href":"https:\/\/marcelolopes.jor.br\/site\/wp-json\/wp\/v2\/types\/post"}],"author":[{"embeddable":true,"href":"https:\/\/marcelolopes.jor.br\/site\/wp-json\/wp\/v2\/users\/2"}],"replies":[{"embeddable":true,"href":"https:\/\/marcelolopes.jor.br\/site\/wp-json\/wp\/v2\/comments?post=30506"}],"version-history":[{"count":0,"href":"https:\/\/marcelolopes.jor.br\/site\/wp-json\/wp\/v2\/posts\/30506\/revisions"}],"wp:featuredmedia":[{"embeddable":true,"href":"https:\/\/marcelolopes.jor.br\/site\/wp-json\/wp\/v2\/media\/30508"}],"wp:attachment":[{"href":"https:\/\/marcelolopes.jor.br\/site\/wp-json\/wp\/v2\/media?parent=30506"}],"wp:term":[{"taxonomy":"category","embeddable":true,"href":"https:\/\/marcelolopes.jor.br\/site\/wp-json\/wp\/v2\/categories?post=30506"},{"taxonomy":"post_tag","embeddable":true,"href":"https:\/\/marcelolopes.jor.br\/site\/wp-json\/wp\/v2\/tags?post=30506"}],"curies":[{"name":"wp","href":"https:\/\/api.w.org\/{rel}","templated":true}]}}