{"id":30371,"date":"2022-01-27T20:00:39","date_gmt":"2022-01-27T23:00:39","guid":{"rendered":"https:\/\/marcelolopes.jor.br\/?p=30371"},"modified":"2022-11-30T14:10:19","modified_gmt":"2022-11-30T17:10:19","slug":"gaeco-prende-assaltante-condenado-que-estava-foragido-em-guidoval","status":"publish","type":"post","link":"https:\/\/marcelolopes.jor.br\/site\/2022\/01\/27\/gaeco-prende-assaltante-condenado-que-estava-foragido-em-guidoval\/","title":{"rendered":"Gaeco prende assaltante condenado que estava foragido em Guidoval"},"content":{"rendered":"<p style=\"text-align: justify;\">O <a href=\"http:\/\/www.mp.mg.gov.br\"><strong><span style=\"color: #800000;\">Minist\u00e9rio P\u00fablico de Minas Gerais (MPMG)<\/span><\/strong><\/a> deflagrou hoje, 27 de janeiro, a opera\u00e7\u00e3o Hom\u00f4nimo. A a\u00e7\u00e3o, desencadeada pelos Grupos de Atua\u00e7\u00e3o Especial de Combate ao Crime Organizado (Gaecos) da Zona da Mata \u2013 unidade Visconde do Rio Branco \u2013 e do Rio de Janeiro e pelo 21\u00ba Batalh\u00e3o da Pol\u00edcia Militar de Minas Gerais, com sede em Ub\u00e1, teve como objetivo prender um foragido da Justi\u00e7a, condenado a 62 anos de pris\u00e3o, pela pr\u00e1tica de assaltos violentos no estado do Rio de Janeiro.<!--more--><\/p>\n<p style=\"text-align: justify;\">Ap\u00f3s intenso trabalho investigativo realizado pelo Gaeco, o foragido, de alta periculosidade, foi localizado e preso no munic\u00edpio de Guidoval, onde residia na casa de familiares, levando uma vida sem suspeitas.<\/p>\n<p style=\"text-align: justify;\">O criminoso atuava invadindo resid\u00eancias, onde amarrava as v\u00edtimas e as mantinha sob amea\u00e7a com arma de fogo, enquanto comparsas roubavam bens e valores como ve\u00edculos, computadores, dinheiro e joias.<\/p>\n<p style=\"text-align: justify;\">A opera\u00e7\u00e3o contou com a participa\u00e7\u00e3o de promotores de Justi\u00e7a, servidores do Minist\u00e9rio P\u00fablico e policiais militares.<\/p>\n<p>Fonte: Minist\u00e9rio P\u00fablico de Minas Gerais | Foto: Ribeir\u00e3o das Neves.net<\/p>\n<div class=\"wgjmf69f5db4c476ff\" ><br><\/div><style type=\"text\/css\">\r\n@media screen and (min-width: 1201px) {\r\n.wgjmf69f5db4c476ff {\r\ndisplay: block;\r\n}\r\n}\r\n@media screen and (min-width: 993px) and (max-width: 1200px) {\r\n.wgjmf69f5db4c476ff {\r\ndisplay: block;\r\n}\r\n}\r\n@media screen and (min-width: 769px) and (max-width: 992px) {\r\n.wgjmf69f5db4c476ff {\r\ndisplay: block;\r\n}\r\n}\r\n@media screen and (min-width: 768px) and (max-width: 768px) {\r\n.wgjmf69f5db4c476ff {\r\ndisplay: block;\r\n}\r\n}\r\n@media screen and (max-width: 767px) {\r\n.wgjmf69f5db4c476ff {\r\ndisplay: block;\r\n}\r\n}\r\n<\/style>\r\n<div class=\"rvnfh69f5db4c4d93a\" ><div id=\"div_destino\"><\/div>\r\n<script src=\"https:\/\/cdn.snsrsv.com\/sdk.js\"><\/script>\r\n<script >\r\n      new sdk(\"464030C30061EA8BE065000000000001\") \r\n          .appendTo(\"div_destino\")\r\n          .disableStyle(true) \r\n          .setCacheBusterMacro(\"%%CACHEBUSTER%%\")\r\n          .setSize(\"800\",\"214\")\r\n          .setClickMacro(\"%%CLICK_URL_ESC%%\") \r\n          .setReferrerUrlMacro(\"%%REFERRER_URL_ESC%%\") \r\n          .start(); \r\n<\/script><\/div><style type=\"text\/css\">\r\n@media screen and (min-width: 1201px) {\r\n.rvnfh69f5db4c4d93a {\r\ndisplay: block;\r\n}\r\n}\r\n@media screen and (min-width: 993px) and (max-width: 1200px) {\r\n.rvnfh69f5db4c4d93a {\r\ndisplay: block;\r\n}\r\n}\r\n@media screen and (min-width: 769px) and (max-width: 992px) {\r\n.rvnfh69f5db4c4d93a {\r\ndisplay: block;\r\n}\r\n}\r\n@media screen and (min-width: 768px) and (max-width: 768px) {\r\n.rvnfh69f5db4c4d93a {\r\ndisplay: block;\r\n}\r\n}\r\n@media screen and (max-width: 767px) {\r\n.rvnfh69f5db4c4d93a {\r\ndisplay: block;\r\n}\r\n}\r\n<\/style>\r\n","protected":false},"excerpt":{"rendered":"<p>O Minist\u00e9rio P\u00fablico de Minas Gerais (MPMG) deflagrou hoje, 27 de janeiro, a opera\u00e7\u00e3o Hom\u00f4nimo. A a\u00e7\u00e3o, desencadeada pelos Grupos de Atua\u00e7\u00e3o Especial de Combate ao Crime Organizado (Gaecos) da Zona da Mata \u2013 unidade Visconde do Rio Branco \u2013<\/p>\n<p class=\"link-more\"><a class=\"more-link\" href=\"https:\/\/marcelolopes.jor.br\/site\/2022\/01\/27\/gaeco-prende-assaltante-condenado-que-estava-foragido-em-guidoval\/\">Leia mais <span class=\"screen-reader-text\">Gaeco prende assaltante condenado que estava foragido em Guidoval<\/span><\/a><\/p>\n","protected":false},"author":2,"featured_media":30374,"comment_status":"open","ping_status":"open","sticky":false,"template":"","format":"standard","meta":{"footnotes":""},"categories":[1],"tags":[2719,3147,71,110],"class_list":["post-30371","post","type-post","status-publish","format-standard","has-post-thumbnail","hentry","category-noticias","tag-foragido-da-justica","tag-gaeco","tag-ministerio-publico","tag-policia-militar","thumb-below-title"],"yoast_head":"<!-- This site is optimized with the Yoast SEO plugin v27.4 - https:\/\/yoast.com\/product\/yoast-seo-wordpress\/ -->\n<title>Gaeco prende assaltante condenado que estava foragido em Gui<\/title>\n<meta name=\"description\" content=\"Gaeco prende assaltante condenado que estava foragido em Guidoval. Ele est\u00e1 condenado a 62 anos de pris\u00e3o por crimes no Rio de Janeiro.\" \/>\n<meta name=\"robots\" content=\"index, follow, max-snippet:-1, max-image-preview:large, max-video-preview:-1\" \/>\n<link rel=\"canonical\" href=\"https:\/\/marcelolopes.jor.br\/site\/2022\/01\/27\/gaeco-prende-assaltante-condenado-que-estava-foragido-em-guidoval\/\" \/>\n<meta property=\"og:locale\" content=\"pt_BR\" \/>\n<meta property=\"og:type\" content=\"article\" \/>\n<meta property=\"og:title\" content=\"Gaeco prende assaltante condenado que estava foragido em Gui\" \/>\n<meta property=\"og:description\" content=\"Gaeco prende assaltante condenado que estava foragido em Guidoval. Ele est\u00e1 condenado a 62 anos de pris\u00e3o por crimes no Rio de Janeiro.\" \/>\n<meta property=\"og:url\" content=\"https:\/\/marcelolopes.jor.br\/site\/2022\/01\/27\/gaeco-prende-assaltante-condenado-que-estava-foragido-em-guidoval\/\" \/>\n<meta property=\"og:site_name\" content=\"Marcelo Lopes\" \/>\n<meta property=\"article:publisher\" content=\"https:\/\/www.facebook.com\/sitedomarcelolopes\" \/>\n<meta property=\"article:published_time\" content=\"2022-01-27T23:00:39+00:00\" \/>\n<meta property=\"article:modified_time\" content=\"2022-11-30T17:10:19+00:00\" \/>\n<meta property=\"og:image\" content=\"https:\/\/marcelolopes.jor.br\/site\/wp-content\/uploads\/2022\/01\/gaeco.jpeg\" \/>\n\t<meta property=\"og:image:width\" content=\"1080\" \/>\n\t<meta property=\"og:image:height\" content=\"600\" \/>\n\t<meta property=\"og:image:type\" content=\"image\/jpeg\" \/>\n<meta name=\"author\" content=\"Marcelo Lopes\" \/>\n<meta name=\"twitter:card\" content=\"summary_large_image\" \/>\n<meta name=\"twitter:label1\" content=\"Escrito por\" \/>\n\t<meta name=\"twitter:data1\" content=\"Marcelo Lopes\" \/>\n\t<meta name=\"twitter:label2\" content=\"Est. tempo de leitura\" \/>\n\t<meta name=\"twitter:data2\" content=\"1 minuto\" \/>\n<script type=\"application\/ld+json\" class=\"yoast-schema-graph\">{\"@context\":\"https:\\\/\\\/schema.org\",\"@graph\":[{\"@type\":\"NewsArticle\",\"@id\":\"https:\\\/\\\/marcelolopes.jor.br\\\/site\\\/2022\\\/01\\\/27\\\/gaeco-prende-assaltante-condenado-que-estava-foragido-em-guidoval\\\/#article\",\"isPartOf\":{\"@id\":\"https:\\\/\\\/marcelolopes.jor.br\\\/site\\\/2022\\\/01\\\/27\\\/gaeco-prende-assaltante-condenado-que-estava-foragido-em-guidoval\\\/\"},\"author\":{\"name\":\"Marcelo Lopes\",\"@id\":\"https:\\\/\\\/marcelolopes.jor.br\\\/site\\\/#\\\/schema\\\/person\\\/3e7216a35c34d8fdf952b31da3d1f89f\"},\"headline\":\"Gaeco prende assaltante condenado que estava foragido em Guidoval\",\"datePublished\":\"2022-01-27T23:00:39+00:00\",\"dateModified\":\"2022-11-30T17:10:19+00:00\",\"mainEntityOfPage\":{\"@id\":\"https:\\\/\\\/marcelolopes.jor.br\\\/site\\\/2022\\\/01\\\/27\\\/gaeco-prende-assaltante-condenado-que-estava-foragido-em-guidoval\\\/\"},\"wordCount\":202,\"commentCount\":0,\"publisher\":{\"@id\":\"https:\\\/\\\/marcelolopes.jor.br\\\/site\\\/#organization\"},\"image\":{\"@id\":\"https:\\\/\\\/marcelolopes.jor.br\\\/site\\\/2022\\\/01\\\/27\\\/gaeco-prende-assaltante-condenado-que-estava-foragido-em-guidoval\\\/#primaryimage\"},\"thumbnailUrl\":\"https:\\\/\\\/marcelolopes.jor.br\\\/site\\\/wp-content\\\/uploads\\\/2022\\\/01\\\/gaeco.jpeg\",\"keywords\":[\"foragido da justi\u00e7a\",\"Gaeco\",\"Minist\u00e9rio P\u00fablico\",\"pol\u00edcia militar\"],\"articleSection\":[\"Not\u00edcias\"],\"inLanguage\":\"pt-BR\",\"potentialAction\":[{\"@type\":\"CommentAction\",\"name\":\"Comment\",\"target\":[\"https:\\\/\\\/marcelolopes.jor.br\\\/site\\\/2022\\\/01\\\/27\\\/gaeco-prende-assaltante-condenado-que-estava-foragido-em-guidoval\\\/#respond\"]}]},{\"@type\":\"WebPage\",\"@id\":\"https:\\\/\\\/marcelolopes.jor.br\\\/site\\\/2022\\\/01\\\/27\\\/gaeco-prende-assaltante-condenado-que-estava-foragido-em-guidoval\\\/\",\"url\":\"https:\\\/\\\/marcelolopes.jor.br\\\/site\\\/2022\\\/01\\\/27\\\/gaeco-prende-assaltante-condenado-que-estava-foragido-em-guidoval\\\/\",\"name\":\"Gaeco prende assaltante condenado que estava foragido em Gui\",\"isPartOf\":{\"@id\":\"https:\\\/\\\/marcelolopes.jor.br\\\/site\\\/#website\"},\"primaryImageOfPage\":{\"@id\":\"https:\\\/\\\/marcelolopes.jor.br\\\/site\\\/2022\\\/01\\\/27\\\/gaeco-prende-assaltante-condenado-que-estava-foragido-em-guidoval\\\/#primaryimage\"},\"image\":{\"@id\":\"https:\\\/\\\/marcelolopes.jor.br\\\/site\\\/2022\\\/01\\\/27\\\/gaeco-prende-assaltante-condenado-que-estava-foragido-em-guidoval\\\/#primaryimage\"},\"thumbnailUrl\":\"https:\\\/\\\/marcelolopes.jor.br\\\/site\\\/wp-content\\\/uploads\\\/2022\\\/01\\\/gaeco.jpeg\",\"datePublished\":\"2022-01-27T23:00:39+00:00\",\"dateModified\":\"2022-11-30T17:10:19+00:00\",\"description\":\"Gaeco prende assaltante condenado que estava foragido em Guidoval. Ele est\u00e1 condenado a 62 anos de pris\u00e3o por crimes no Rio de Janeiro.\",\"breadcrumb\":{\"@id\":\"https:\\\/\\\/marcelolopes.jor.br\\\/site\\\/2022\\\/01\\\/27\\\/gaeco-prende-assaltante-condenado-que-estava-foragido-em-guidoval\\\/#breadcrumb\"},\"inLanguage\":\"pt-BR\",\"potentialAction\":[{\"@type\":\"ReadAction\",\"target\":[\"https:\\\/\\\/marcelolopes.jor.br\\\/site\\\/2022\\\/01\\\/27\\\/gaeco-prende-assaltante-condenado-que-estava-foragido-em-guidoval\\\/\"]}]},{\"@type\":\"ImageObject\",\"inLanguage\":\"pt-BR\",\"@id\":\"https:\\\/\\\/marcelolopes.jor.br\\\/site\\\/2022\\\/01\\\/27\\\/gaeco-prende-assaltante-condenado-que-estava-foragido-em-guidoval\\\/#primaryimage\",\"url\":\"https:\\\/\\\/marcelolopes.jor.br\\\/site\\\/wp-content\\\/uploads\\\/2022\\\/01\\\/gaeco.jpeg\",\"contentUrl\":\"https:\\\/\\\/marcelolopes.jor.br\\\/site\\\/wp-content\\\/uploads\\\/2022\\\/01\\\/gaeco.jpeg\",\"width\":1080,\"height\":600,\"caption\":\"Gaeco prende assaltante condenado\"},{\"@type\":\"BreadcrumbList\",\"@id\":\"https:\\\/\\\/marcelolopes.jor.br\\\/site\\\/2022\\\/01\\\/27\\\/gaeco-prende-assaltante-condenado-que-estava-foragido-em-guidoval\\\/#breadcrumb\",\"itemListElement\":[{\"@type\":\"ListItem\",\"position\":1,\"name\":\"Home\",\"item\":\"https:\\\/\\\/marcelolopes.jor.br\\\/site\\\/\"},{\"@type\":\"ListItem\",\"position\":2,\"name\":\"Gaeco prende assaltante condenado que estava foragido em Guidoval\"}]},{\"@type\":\"WebSite\",\"@id\":\"https:\\\/\\\/marcelolopes.jor.br\\\/site\\\/#website\",\"url\":\"https:\\\/\\\/marcelolopes.jor.br\\\/site\\\/\",\"name\":\"Marcelo Lopes\",\"description\":\"Not\u00edcias de Cataguases e Regi\u00e3o\",\"publisher\":{\"@id\":\"https:\\\/\\\/marcelolopes.jor.br\\\/site\\\/#organization\"},\"potentialAction\":[{\"@type\":\"SearchAction\",\"target\":{\"@type\":\"EntryPoint\",\"urlTemplate\":\"https:\\\/\\\/marcelolopes.jor.br\\\/site\\\/?s={search_term_string}\"},\"query-input\":{\"@type\":\"PropertyValueSpecification\",\"valueRequired\":true,\"valueName\":\"search_term_string\"}}],\"inLanguage\":\"pt-BR\"},{\"@type\":\"Organization\",\"@id\":\"https:\\\/\\\/marcelolopes.jor.br\\\/site\\\/#organization\",\"name\":\"Site do Marcelo Lopes\",\"url\":\"https:\\\/\\\/marcelolopes.jor.br\\\/site\\\/\",\"logo\":{\"@type\":\"ImageObject\",\"inLanguage\":\"pt-BR\",\"@id\":\"https:\\\/\\\/marcelolopes.jor.br\\\/site\\\/#\\\/schema\\\/logo\\\/image\\\/\",\"url\":\"https:\\\/\\\/marcelolopes.jor.br\\\/site\\\/wp-content\\\/uploads\\\/2024\\\/11\\\/logo-1.png\",\"contentUrl\":\"https:\\\/\\\/marcelolopes.jor.br\\\/site\\\/wp-content\\\/uploads\\\/2024\\\/11\\\/logo-1.png\",\"width\":475,\"height\":80,\"caption\":\"Site do Marcelo Lopes\"},\"image\":{\"@id\":\"https:\\\/\\\/marcelolopes.jor.br\\\/site\\\/#\\\/schema\\\/logo\\\/image\\\/\"},\"sameAs\":[\"https:\\\/\\\/www.facebook.com\\\/sitedomarcelolopes\",\"https:\\\/\\\/www.instagram.com\\\/sitedomarcelolopes\\\/\",\"https:\\\/\\\/www.linkedin.com\\\/company\\\/site-do-marcelo-lopes\\\/\",\"https:\\\/\\\/www.youtube.com\\\/user\\\/marcelolopes957\"]},{\"@type\":\"Person\",\"@id\":\"https:\\\/\\\/marcelolopes.jor.br\\\/site\\\/#\\\/schema\\\/person\\\/3e7216a35c34d8fdf952b31da3d1f89f\",\"name\":\"Marcelo Lopes\",\"sameAs\":[\"http:\\\/\\\/www.marcelolopes.jor.br\"],\"url\":\"https:\\\/\\\/marcelolopes.jor.br\\\/site\\\/author\\\/marcelo\\\/\"}]}<\/script>\n<!-- \/ Yoast SEO plugin. -->","yoast_head_json":{"title":"Gaeco prende assaltante condenado que estava foragido em Gui","description":"Gaeco prende assaltante condenado que estava foragido em Guidoval. Ele est\u00e1 condenado a 62 anos de pris\u00e3o por crimes no Rio de Janeiro.","robots":{"index":"index","follow":"follow","max-snippet":"max-snippet:-1","max-image-preview":"max-image-preview:large","max-video-preview":"max-video-preview:-1"},"canonical":"https:\/\/marcelolopes.jor.br\/site\/2022\/01\/27\/gaeco-prende-assaltante-condenado-que-estava-foragido-em-guidoval\/","og_locale":"pt_BR","og_type":"article","og_title":"Gaeco prende assaltante condenado que estava foragido em Gui","og_description":"Gaeco prende assaltante condenado que estava foragido em Guidoval. Ele est\u00e1 condenado a 62 anos de pris\u00e3o por crimes no Rio de Janeiro.","og_url":"https:\/\/marcelolopes.jor.br\/site\/2022\/01\/27\/gaeco-prende-assaltante-condenado-que-estava-foragido-em-guidoval\/","og_site_name":"Marcelo Lopes","article_publisher":"https:\/\/www.facebook.com\/sitedomarcelolopes","article_published_time":"2022-01-27T23:00:39+00:00","article_modified_time":"2022-11-30T17:10:19+00:00","og_image":[{"width":1080,"height":600,"url":"https:\/\/marcelolopes.jor.br\/site\/wp-content\/uploads\/2022\/01\/gaeco.jpeg","type":"image\/jpeg"}],"author":"Marcelo Lopes","twitter_card":"summary_large_image","twitter_misc":{"Escrito por":"Marcelo Lopes","Est. tempo de leitura":"1 minuto"},"schema":{"@context":"https:\/\/schema.org","@graph":[{"@type":"NewsArticle","@id":"https:\/\/marcelolopes.jor.br\/site\/2022\/01\/27\/gaeco-prende-assaltante-condenado-que-estava-foragido-em-guidoval\/#article","isPartOf":{"@id":"https:\/\/marcelolopes.jor.br\/site\/2022\/01\/27\/gaeco-prende-assaltante-condenado-que-estava-foragido-em-guidoval\/"},"author":{"name":"Marcelo Lopes","@id":"https:\/\/marcelolopes.jor.br\/site\/#\/schema\/person\/3e7216a35c34d8fdf952b31da3d1f89f"},"headline":"Gaeco prende assaltante condenado que estava foragido em Guidoval","datePublished":"2022-01-27T23:00:39+00:00","dateModified":"2022-11-30T17:10:19+00:00","mainEntityOfPage":{"@id":"https:\/\/marcelolopes.jor.br\/site\/2022\/01\/27\/gaeco-prende-assaltante-condenado-que-estava-foragido-em-guidoval\/"},"wordCount":202,"commentCount":0,"publisher":{"@id":"https:\/\/marcelolopes.jor.br\/site\/#organization"},"image":{"@id":"https:\/\/marcelolopes.jor.br\/site\/2022\/01\/27\/gaeco-prende-assaltante-condenado-que-estava-foragido-em-guidoval\/#primaryimage"},"thumbnailUrl":"https:\/\/marcelolopes.jor.br\/site\/wp-content\/uploads\/2022\/01\/gaeco.jpeg","keywords":["foragido da justi\u00e7a","Gaeco","Minist\u00e9rio P\u00fablico","pol\u00edcia militar"],"articleSection":["Not\u00edcias"],"inLanguage":"pt-BR","potentialAction":[{"@type":"CommentAction","name":"Comment","target":["https:\/\/marcelolopes.jor.br\/site\/2022\/01\/27\/gaeco-prende-assaltante-condenado-que-estava-foragido-em-guidoval\/#respond"]}]},{"@type":"WebPage","@id":"https:\/\/marcelolopes.jor.br\/site\/2022\/01\/27\/gaeco-prende-assaltante-condenado-que-estava-foragido-em-guidoval\/","url":"https:\/\/marcelolopes.jor.br\/site\/2022\/01\/27\/gaeco-prende-assaltante-condenado-que-estava-foragido-em-guidoval\/","name":"Gaeco prende assaltante condenado que estava foragido em Gui","isPartOf":{"@id":"https:\/\/marcelolopes.jor.br\/site\/#website"},"primaryImageOfPage":{"@id":"https:\/\/marcelolopes.jor.br\/site\/2022\/01\/27\/gaeco-prende-assaltante-condenado-que-estava-foragido-em-guidoval\/#primaryimage"},"image":{"@id":"https:\/\/marcelolopes.jor.br\/site\/2022\/01\/27\/gaeco-prende-assaltante-condenado-que-estava-foragido-em-guidoval\/#primaryimage"},"thumbnailUrl":"https:\/\/marcelolopes.jor.br\/site\/wp-content\/uploads\/2022\/01\/gaeco.jpeg","datePublished":"2022-01-27T23:00:39+00:00","dateModified":"2022-11-30T17:10:19+00:00","description":"Gaeco prende assaltante condenado que estava foragido em Guidoval. Ele est\u00e1 condenado a 62 anos de pris\u00e3o por crimes no Rio de Janeiro.","breadcrumb":{"@id":"https:\/\/marcelolopes.jor.br\/site\/2022\/01\/27\/gaeco-prende-assaltante-condenado-que-estava-foragido-em-guidoval\/#breadcrumb"},"inLanguage":"pt-BR","potentialAction":[{"@type":"ReadAction","target":["https:\/\/marcelolopes.jor.br\/site\/2022\/01\/27\/gaeco-prende-assaltante-condenado-que-estava-foragido-em-guidoval\/"]}]},{"@type":"ImageObject","inLanguage":"pt-BR","@id":"https:\/\/marcelolopes.jor.br\/site\/2022\/01\/27\/gaeco-prende-assaltante-condenado-que-estava-foragido-em-guidoval\/#primaryimage","url":"https:\/\/marcelolopes.jor.br\/site\/wp-content\/uploads\/2022\/01\/gaeco.jpeg","contentUrl":"https:\/\/marcelolopes.jor.br\/site\/wp-content\/uploads\/2022\/01\/gaeco.jpeg","width":1080,"height":600,"caption":"Gaeco prende assaltante condenado"},{"@type":"BreadcrumbList","@id":"https:\/\/marcelolopes.jor.br\/site\/2022\/01\/27\/gaeco-prende-assaltante-condenado-que-estava-foragido-em-guidoval\/#breadcrumb","itemListElement":[{"@type":"ListItem","position":1,"name":"Home","item":"https:\/\/marcelolopes.jor.br\/site\/"},{"@type":"ListItem","position":2,"name":"Gaeco prende assaltante condenado que estava foragido em Guidoval"}]},{"@type":"WebSite","@id":"https:\/\/marcelolopes.jor.br\/site\/#website","url":"https:\/\/marcelolopes.jor.br\/site\/","name":"Marcelo Lopes","description":"Not\u00edcias de Cataguases e Regi\u00e3o","publisher":{"@id":"https:\/\/marcelolopes.jor.br\/site\/#organization"},"potentialAction":[{"@type":"SearchAction","target":{"@type":"EntryPoint","urlTemplate":"https:\/\/marcelolopes.jor.br\/site\/?s={search_term_string}"},"query-input":{"@type":"PropertyValueSpecification","valueRequired":true,"valueName":"search_term_string"}}],"inLanguage":"pt-BR"},{"@type":"Organization","@id":"https:\/\/marcelolopes.jor.br\/site\/#organization","name":"Site do Marcelo Lopes","url":"https:\/\/marcelolopes.jor.br\/site\/","logo":{"@type":"ImageObject","inLanguage":"pt-BR","@id":"https:\/\/marcelolopes.jor.br\/site\/#\/schema\/logo\/image\/","url":"https:\/\/marcelolopes.jor.br\/site\/wp-content\/uploads\/2024\/11\/logo-1.png","contentUrl":"https:\/\/marcelolopes.jor.br\/site\/wp-content\/uploads\/2024\/11\/logo-1.png","width":475,"height":80,"caption":"Site do Marcelo Lopes"},"image":{"@id":"https:\/\/marcelolopes.jor.br\/site\/#\/schema\/logo\/image\/"},"sameAs":["https:\/\/www.facebook.com\/sitedomarcelolopes","https:\/\/www.instagram.com\/sitedomarcelolopes\/","https:\/\/www.linkedin.com\/company\/site-do-marcelo-lopes\/","https:\/\/www.youtube.com\/user\/marcelolopes957"]},{"@type":"Person","@id":"https:\/\/marcelolopes.jor.br\/site\/#\/schema\/person\/3e7216a35c34d8fdf952b31da3d1f89f","name":"Marcelo Lopes","sameAs":["http:\/\/www.marcelolopes.jor.br"],"url":"https:\/\/marcelolopes.jor.br\/site\/author\/marcelo\/"}]}},"wps_subtitle":"Ele est\u00e1 condenado a 62 anos de pris\u00e3o por crimes no Rio de Janeiro.","_links":{"self":[{"href":"https:\/\/marcelolopes.jor.br\/site\/wp-json\/wp\/v2\/posts\/30371","targetHints":{"allow":["GET"]}}],"collection":[{"href":"https:\/\/marcelolopes.jor.br\/site\/wp-json\/wp\/v2\/posts"}],"about":[{"href":"https:\/\/marcelolopes.jor.br\/site\/wp-json\/wp\/v2\/types\/post"}],"author":[{"embeddable":true,"href":"https:\/\/marcelolopes.jor.br\/site\/wp-json\/wp\/v2\/users\/2"}],"replies":[{"embeddable":true,"href":"https:\/\/marcelolopes.jor.br\/site\/wp-json\/wp\/v2\/comments?post=30371"}],"version-history":[{"count":0,"href":"https:\/\/marcelolopes.jor.br\/site\/wp-json\/wp\/v2\/posts\/30371\/revisions"}],"wp:featuredmedia":[{"embeddable":true,"href":"https:\/\/marcelolopes.jor.br\/site\/wp-json\/wp\/v2\/media\/30374"}],"wp:attachment":[{"href":"https:\/\/marcelolopes.jor.br\/site\/wp-json\/wp\/v2\/media?parent=30371"}],"wp:term":[{"taxonomy":"category","embeddable":true,"href":"https:\/\/marcelolopes.jor.br\/site\/wp-json\/wp\/v2\/categories?post=30371"},{"taxonomy":"post_tag","embeddable":true,"href":"https:\/\/marcelolopes.jor.br\/site\/wp-json\/wp\/v2\/tags?post=30371"}],"curies":[{"name":"wp","href":"https:\/\/api.w.org\/{rel}","templated":true}]}}