{"id":3027,"date":"2019-07-01T20:00:51","date_gmt":"2019-07-01T23:00:51","guid":{"rendered":"https:\/\/marcelolopes.jor.br\/?p=3027"},"modified":"2019-07-01T17:08:39","modified_gmt":"2019-07-01T20:08:39","slug":"if-sudeste-em-cataguases-abre-vagas-para-quatro-cursos-profissionalizantes","status":"publish","type":"post","link":"https:\/\/marcelolopes.jor.br\/site\/2019\/07\/01\/if-sudeste-em-cataguases-abre-vagas-para-quatro-cursos-profissionalizantes\/","title":{"rendered":"IF Sudeste em Cataguases abre vagas para quatro cursos profissionalizantes"},"content":{"rendered":"<p style=\"text-align: justify;\">O campus avan\u00e7ado do IF Sudeste em Cataguases est\u00e1 abrindo inscri\u00e7\u00f5es para quatro cursos profissionalizantes na modalidade Forma\u00e7\u00e3o Inicial e Continuada, com in\u00edcio das aulas neste segundo semestre de 2019. Os cursos ofertados s\u00e3o: Operador de Computador; Montador e Reparador de Computadores; Assistente Administrativo e Promotor de Vendas. De acordo com o Edital n\u00ba 03\/2019, de 27 de junho de 2019, h\u00e1 trinta vagas em cada modalidade e as aulas v\u00e3o acontecer \u00e0 tarde ou \u00e0 noite, conforme o curso escolhido que \u00e9 gratuito.<!--more--><\/p>\n<p style=\"text-align: justify;\">Ainda conforme o Edital os cursos tem por objetivo a capacita\u00e7\u00e3o, o aperfei\u00e7oamento, a especializa\u00e7\u00e3o e a atualiza\u00e7\u00e3o em todos os n\u00edveis de ensino, nas \u00e1reas da Educa\u00e7\u00e3o Profissional e Tecnol\u00f3gica. Na pr\u00e1tica visam a qualificar e requalificar trabalhadores, preparando-os para que se dediquem a um tipo de atividade profissional a fim de promover seu ingresso e\/ou reingresso no mercado de trabalho; Ampliar as compet\u00eancias profissionais de trabalhadores e despertar nos cidad\u00e3os o interesse para o reingresso na escola, em cursos e\u00a0programas que promovam a eleva\u00e7\u00e3o de escolaridade e o aumento da consci\u00eancia socioambiental.<\/p>\n<p style=\"text-align: justify;\">Cada um dos quatro cursos ter\u00e1 carga hor\u00e1ria de 160 horas, com aulas tr\u00eas vezes por semana e ser\u00e3o ministradas na sede do IF Sudeste, que ocupa um andar inteiro do Col\u00e9gio Cataguases. As aulas ter\u00e3o in\u00edcio no dia 30 de julho de 2019, com previs\u00e3o de t\u00e9rmino no m\u00eas de dezembro de 2019. Os interessados devem se inscrever a partir desta segunda-feira, 1\u00ba de julho, at\u00e9 o dia 19 deste mesmo m\u00eas na sala da Secretaria do IF Sudeste MG, no segundo pavimento do Col\u00e9gio Cataguases, no hor\u00e1rio de 13h \u00e0s 16h e de 18h \u00e0s 21h.<\/p>\n<p style=\"text-align: justify;\">Poder\u00e3o inscrever-se os interessados que contemplem os requisitos m\u00ednimos de escolaridade conforme mostra a figura abaixo. Eles dever\u00e3o entregar o requerimento de inscri\u00e7\u00e3o, devidamente preenchido, optando por somente um dos turnos oferecidos. Esse requerimento dever\u00e1 ser assinado pelo candidato (caso maior de idade) ou pai, ou m\u00e3e, ou representante legal. No entanto, para efetivar a inscri\u00e7\u00e3o ser\u00e1 preciso apresentar os seguintes documentos acompanhados dos originais:<br \/>\n&#8211; Documento de Identidade com foto;<br \/>\n&#8211; Cadastro de Pessoa F\u00edsica (CPF) ou protocolo provis\u00f3rio;<br \/>\n&#8211; Declara\u00e7\u00e3o de estar cursando o Ensino Fundamental II, ou Certificado de Conclus\u00e3o, acompanhado de Hist\u00f3rico Escolar, para quem j\u00e1 concluiu o Ensino Fundamental II (para inscri\u00e7\u00e3o no curso OPERADOR DE COMPUTADOR); Declara\u00e7\u00e3o de estar cursando o Ensino M\u00e9dio, ou Certificado de Conclus\u00e3o, acompanhado de Hist\u00f3rico Escolar, para quem j\u00e1 concluiu o Ensino M\u00e9dio (para inscri\u00e7\u00e3o no curso ASSISTENTE ADMINISTRATIVO, MONTADOR E REPARADOR DE COMPUTADORES e PROMOTOR DE VENDAS).<\/p>\n<p><img loading=\"lazy\" decoding=\"async\" class=\"aligncenter wp-image-3034\" src=\"https:\/\/marcelolopes.jor.br\/site\/wp-content\/uploads\/2019\/07\/Captura-de-Tela-2019-07-01-\u00e0s-15.43.03-300x133.png\" alt=\"\" width=\"500\" height=\"221\" srcset=\"https:\/\/marcelolopes.jor.br\/site\/wp-content\/uploads\/2019\/07\/Captura-de-Tela-2019-07-01-\u00e0s-15.43.03-300x133.png 300w, https:\/\/marcelolopes.jor.br\/site\/wp-content\/uploads\/2019\/07\/Captura-de-Tela-2019-07-01-\u00e0s-15.43.03-768x340.png 768w, https:\/\/marcelolopes.jor.br\/site\/wp-content\/uploads\/2019\/07\/Captura-de-Tela-2019-07-01-\u00e0s-15.43.03-1024x453.png 1024w, https:\/\/marcelolopes.jor.br\/site\/wp-content\/uploads\/2019\/07\/Captura-de-Tela-2019-07-01-\u00e0s-15.43.03.png 1055w\" sizes=\"auto, (max-width: 500px) 100vw, 500px\" \/><\/p>\n<p style=\"text-align: justify;\">As vagas ser\u00e3o preenchidas por ordem de inscri\u00e7\u00e3o que \u00e9 determinada pela ordem de chegada dos candidatos \u00e0 sala da<br \/>\nSecretaria do Campus Avan\u00e7ado Cataguases do IF Sudeste MG entre os dias 01 julho de 2019 a 19 de julho de 2019. O Edital tamb\u00e9m esclarece que os cursos somente ser\u00e3o ofertados se o n\u00famero de inscri\u00e7\u00e3o atingir o m\u00ednimo de 70% do n\u00famero total de vagas ofertadas. Caso o n\u00famero de inscritos seja superior ao n\u00famero de vagas, os candidatos que se inscreverem ap\u00f3s os 30 primeiros, entrar\u00e3o em uma lista de espera e ser\u00e3o convocados, na ordem de inscri\u00e7\u00e3o, caso haja desist\u00eancia no curso. A lista de espera ser\u00e1 limitada em 30 vagas por turno. &#8220;Poder\u00e3o ser realizadas novas chamadas at\u00e9 30 dias ap\u00f3s o in\u00edcio das aulas&#8221;, informa o Edital.<\/p>\n<p style=\"text-align: justify;\">O resultado provis\u00f3rio ser\u00e1 divulgado no site do Campus Avan\u00e7ado Cataguases do IF Sudeste MG, no dia 22 de julho de 2019. J\u00e1 o resultado definitivo ser\u00e1 divulgado no dia 25 no mesmo local. D\u00favidas sobre este Edital o interessado dever\u00e1 entrar em contato, seguinte e-mail: <a href=\"mailto:secretaria.cataguases@ifsudestemg.edu.br\">secretaria.cataguases@ifsudestemg.edu.br<\/a> ou pelos telefones (32) 3421-1013 e 9 8469-7528.<\/p>\n<div class=\"llfhk69f7278a5ec1b\" ><br><\/div><style type=\"text\/css\">\r\n@media screen and (min-width: 1201px) {\r\n.llfhk69f7278a5ec1b {\r\ndisplay: block;\r\n}\r\n}\r\n@media screen and (min-width: 993px) and (max-width: 1200px) {\r\n.llfhk69f7278a5ec1b {\r\ndisplay: block;\r\n}\r\n}\r\n@media screen and (min-width: 769px) and (max-width: 992px) {\r\n.llfhk69f7278a5ec1b {\r\ndisplay: block;\r\n}\r\n}\r\n@media screen and (min-width: 768px) and (max-width: 768px) {\r\n.llfhk69f7278a5ec1b {\r\ndisplay: block;\r\n}\r\n}\r\n@media screen and (max-width: 767px) {\r\n.llfhk69f7278a5ec1b {\r\ndisplay: block;\r\n}\r\n}\r\n<\/style>\r\n<div class=\"virtj69f7278a64fa7\" ><div id=\"div_destino\"><\/div>\r\n<script src=\"https:\/\/cdn.snsrsv.com\/sdk.js\"><\/script>\r\n<script >\r\n      new sdk(\"464030C30061EA8BE065000000000001\") \r\n          .appendTo(\"div_destino\")\r\n          .disableStyle(true) \r\n          .setCacheBusterMacro(\"%%CACHEBUSTER%%\")\r\n          .setSize(\"800\",\"214\")\r\n          .setClickMacro(\"%%CLICK_URL_ESC%%\") \r\n          .setReferrerUrlMacro(\"%%REFERRER_URL_ESC%%\") \r\n          .start(); \r\n<\/script><\/div><style type=\"text\/css\">\r\n@media screen and (min-width: 1201px) {\r\n.virtj69f7278a64fa7 {\r\ndisplay: block;\r\n}\r\n}\r\n@media screen and (min-width: 993px) and (max-width: 1200px) {\r\n.virtj69f7278a64fa7 {\r\ndisplay: block;\r\n}\r\n}\r\n@media screen and (min-width: 769px) and (max-width: 992px) {\r\n.virtj69f7278a64fa7 {\r\ndisplay: block;\r\n}\r\n}\r\n@media screen and (min-width: 768px) and (max-width: 768px) {\r\n.virtj69f7278a64fa7 {\r\ndisplay: block;\r\n}\r\n}\r\n@media screen and (max-width: 767px) {\r\n.virtj69f7278a64fa7 {\r\ndisplay: block;\r\n}\r\n}\r\n<\/style>\r\n","protected":false},"excerpt":{"rendered":"<p>O campus avan\u00e7ado do IF Sudeste em Cataguases est\u00e1 abrindo inscri\u00e7\u00f5es para quatro cursos profissionalizantes na modalidade Forma\u00e7\u00e3o Inicial e Continuada, com in\u00edcio das aulas neste segundo semestre de 2019. Os cursos ofertados s\u00e3o: Operador de Computador; Montador e Reparador<\/p>\n<p class=\"link-more\"><a class=\"more-link\" href=\"https:\/\/marcelolopes.jor.br\/site\/2019\/07\/01\/if-sudeste-em-cataguases-abre-vagas-para-quatro-cursos-profissionalizantes\/\">Leia mais <span class=\"screen-reader-text\">IF Sudeste em Cataguases abre vagas para quatro cursos profissionalizantes<\/span><\/a><\/p>\n","protected":false},"author":2,"featured_media":3029,"comment_status":"open","ping_status":"open","sticky":false,"template":"","format":"standard","meta":{"footnotes":""},"categories":[1],"tags":[675,674,66,676],"class_list":["post-3027","post","type-post","status-publish","format-standard","has-post-thumbnail","hentry","category-noticias","tag-curso-gratuito","tag-curso-profissionalizante","tag-if-sudeste","tag-mercado-de-trabalho","thumb-below-title"],"yoast_head":"<!-- This site is optimized with the Yoast SEO plugin v27.4 - https:\/\/yoast.com\/product\/yoast-seo-wordpress\/ -->\n<title>IF Sudeste em Cataguases abre vagas para quatro cursos profissionalizantes | Marcelo Lopes<\/title>\n<meta name=\"robots\" content=\"index, follow, max-snippet:-1, max-image-preview:large, max-video-preview:-1\" \/>\n<link rel=\"canonical\" href=\"https:\/\/marcelolopes.jor.br\/site\/2019\/07\/01\/if-sudeste-em-cataguases-abre-vagas-para-quatro-cursos-profissionalizantes\/\" \/>\n<meta property=\"og:locale\" content=\"pt_BR\" \/>\n<meta property=\"og:type\" content=\"article\" \/>\n<meta property=\"og:title\" content=\"IF Sudeste em Cataguases abre vagas para quatro cursos profissionalizantes | Marcelo Lopes\" \/>\n<meta property=\"og:description\" content=\"O campus avan\u00e7ado do IF Sudeste em Cataguases est\u00e1 abrindo inscri\u00e7\u00f5es para quatro cursos profissionalizantes na modalidade Forma\u00e7\u00e3o Inicial e Continuada, com in\u00edcio das aulas neste segundo semestre de 2019. Os cursos ofertados s\u00e3o: Operador de Computador; Montador e ReparadorLeia mais IF Sudeste em Cataguases abre vagas para quatro cursos profissionalizantes\" \/>\n<meta property=\"og:url\" content=\"https:\/\/marcelolopes.jor.br\/site\/2019\/07\/01\/if-sudeste-em-cataguases-abre-vagas-para-quatro-cursos-profissionalizantes\/\" \/>\n<meta property=\"og:site_name\" content=\"Marcelo Lopes\" \/>\n<meta property=\"article:publisher\" content=\"https:\/\/www.facebook.com\/sitedomarcelolopes\" \/>\n<meta property=\"article:published_time\" content=\"2019-07-01T23:00:51+00:00\" \/>\n<meta property=\"og:image\" content=\"https:\/\/marcelolopes.jor.br\/site\/wp-content\/uploads\/2019\/07\/Figura-1-Colegio-Cataguases-projeto-de-Oscar-Niemeye.png\" \/>\n\t<meta property=\"og:image:width\" content=\"698\" \/>\n\t<meta property=\"og:image:height\" content=\"503\" \/>\n\t<meta property=\"og:image:type\" content=\"image\/png\" \/>\n<meta name=\"author\" content=\"Marcelo Lopes\" \/>\n<meta name=\"twitter:card\" content=\"summary_large_image\" \/>\n<meta name=\"twitter:label1\" content=\"Escrito por\" \/>\n\t<meta name=\"twitter:data1\" content=\"Marcelo Lopes\" \/>\n\t<meta name=\"twitter:label2\" content=\"Est. tempo de leitura\" \/>\n\t<meta name=\"twitter:data2\" content=\"3 minutos\" \/>\n<script type=\"application\/ld+json\" class=\"yoast-schema-graph\">{\"@context\":\"https:\\\/\\\/schema.org\",\"@graph\":[{\"@type\":\"NewsArticle\",\"@id\":\"https:\\\/\\\/marcelolopes.jor.br\\\/site\\\/2019\\\/07\\\/01\\\/if-sudeste-em-cataguases-abre-vagas-para-quatro-cursos-profissionalizantes\\\/#article\",\"isPartOf\":{\"@id\":\"https:\\\/\\\/marcelolopes.jor.br\\\/site\\\/2019\\\/07\\\/01\\\/if-sudeste-em-cataguases-abre-vagas-para-quatro-cursos-profissionalizantes\\\/\"},\"author\":{\"name\":\"Marcelo Lopes\",\"@id\":\"https:\\\/\\\/marcelolopes.jor.br\\\/site\\\/#\\\/schema\\\/person\\\/3e7216a35c34d8fdf952b31da3d1f89f\"},\"headline\":\"IF Sudeste em Cataguases abre vagas para quatro cursos profissionalizantes\",\"datePublished\":\"2019-07-01T23:00:51+00:00\",\"mainEntityOfPage\":{\"@id\":\"https:\\\/\\\/marcelolopes.jor.br\\\/site\\\/2019\\\/07\\\/01\\\/if-sudeste-em-cataguases-abre-vagas-para-quatro-cursos-profissionalizantes\\\/\"},\"wordCount\":671,\"commentCount\":0,\"publisher\":{\"@id\":\"https:\\\/\\\/marcelolopes.jor.br\\\/site\\\/#organization\"},\"image\":{\"@id\":\"https:\\\/\\\/marcelolopes.jor.br\\\/site\\\/2019\\\/07\\\/01\\\/if-sudeste-em-cataguases-abre-vagas-para-quatro-cursos-profissionalizantes\\\/#primaryimage\"},\"thumbnailUrl\":\"https:\\\/\\\/marcelolopes.jor.br\\\/site\\\/wp-content\\\/uploads\\\/2019\\\/07\\\/Figura-1-Colegio-Cataguases-projeto-de-Oscar-Niemeye.png\",\"keywords\":[\"curso gratuito\",\"curso profissionalizante\",\"IF Sudeste\",\"mercado de trabalho\"],\"articleSection\":[\"Not\u00edcias\"],\"inLanguage\":\"pt-BR\",\"potentialAction\":[{\"@type\":\"CommentAction\",\"name\":\"Comment\",\"target\":[\"https:\\\/\\\/marcelolopes.jor.br\\\/site\\\/2019\\\/07\\\/01\\\/if-sudeste-em-cataguases-abre-vagas-para-quatro-cursos-profissionalizantes\\\/#respond\"]}]},{\"@type\":\"WebPage\",\"@id\":\"https:\\\/\\\/marcelolopes.jor.br\\\/site\\\/2019\\\/07\\\/01\\\/if-sudeste-em-cataguases-abre-vagas-para-quatro-cursos-profissionalizantes\\\/\",\"url\":\"https:\\\/\\\/marcelolopes.jor.br\\\/site\\\/2019\\\/07\\\/01\\\/if-sudeste-em-cataguases-abre-vagas-para-quatro-cursos-profissionalizantes\\\/\",\"name\":\"IF Sudeste em Cataguases abre vagas para quatro cursos profissionalizantes | Marcelo Lopes\",\"isPartOf\":{\"@id\":\"https:\\\/\\\/marcelolopes.jor.br\\\/site\\\/#website\"},\"primaryImageOfPage\":{\"@id\":\"https:\\\/\\\/marcelolopes.jor.br\\\/site\\\/2019\\\/07\\\/01\\\/if-sudeste-em-cataguases-abre-vagas-para-quatro-cursos-profissionalizantes\\\/#primaryimage\"},\"image\":{\"@id\":\"https:\\\/\\\/marcelolopes.jor.br\\\/site\\\/2019\\\/07\\\/01\\\/if-sudeste-em-cataguases-abre-vagas-para-quatro-cursos-profissionalizantes\\\/#primaryimage\"},\"thumbnailUrl\":\"https:\\\/\\\/marcelolopes.jor.br\\\/site\\\/wp-content\\\/uploads\\\/2019\\\/07\\\/Figura-1-Colegio-Cataguases-projeto-de-Oscar-Niemeye.png\",\"datePublished\":\"2019-07-01T23:00:51+00:00\",\"breadcrumb\":{\"@id\":\"https:\\\/\\\/marcelolopes.jor.br\\\/site\\\/2019\\\/07\\\/01\\\/if-sudeste-em-cataguases-abre-vagas-para-quatro-cursos-profissionalizantes\\\/#breadcrumb\"},\"inLanguage\":\"pt-BR\",\"potentialAction\":[{\"@type\":\"ReadAction\",\"target\":[\"https:\\\/\\\/marcelolopes.jor.br\\\/site\\\/2019\\\/07\\\/01\\\/if-sudeste-em-cataguases-abre-vagas-para-quatro-cursos-profissionalizantes\\\/\"]}]},{\"@type\":\"ImageObject\",\"inLanguage\":\"pt-BR\",\"@id\":\"https:\\\/\\\/marcelolopes.jor.br\\\/site\\\/2019\\\/07\\\/01\\\/if-sudeste-em-cataguases-abre-vagas-para-quatro-cursos-profissionalizantes\\\/#primaryimage\",\"url\":\"https:\\\/\\\/marcelolopes.jor.br\\\/site\\\/wp-content\\\/uploads\\\/2019\\\/07\\\/Figura-1-Colegio-Cataguases-projeto-de-Oscar-Niemeye.png\",\"contentUrl\":\"https:\\\/\\\/marcelolopes.jor.br\\\/site\\\/wp-content\\\/uploads\\\/2019\\\/07\\\/Figura-1-Colegio-Cataguases-projeto-de-Oscar-Niemeye.png\",\"width\":698,\"height\":503},{\"@type\":\"BreadcrumbList\",\"@id\":\"https:\\\/\\\/marcelolopes.jor.br\\\/site\\\/2019\\\/07\\\/01\\\/if-sudeste-em-cataguases-abre-vagas-para-quatro-cursos-profissionalizantes\\\/#breadcrumb\",\"itemListElement\":[{\"@type\":\"ListItem\",\"position\":1,\"name\":\"Home\",\"item\":\"https:\\\/\\\/marcelolopes.jor.br\\\/site\\\/\"},{\"@type\":\"ListItem\",\"position\":2,\"name\":\"IF Sudeste em Cataguases abre vagas para quatro cursos profissionalizantes\"}]},{\"@type\":\"WebSite\",\"@id\":\"https:\\\/\\\/marcelolopes.jor.br\\\/site\\\/#website\",\"url\":\"https:\\\/\\\/marcelolopes.jor.br\\\/site\\\/\",\"name\":\"Marcelo Lopes\",\"description\":\"Not\u00edcias de Cataguases e Regi\u00e3o\",\"publisher\":{\"@id\":\"https:\\\/\\\/marcelolopes.jor.br\\\/site\\\/#organization\"},\"potentialAction\":[{\"@type\":\"SearchAction\",\"target\":{\"@type\":\"EntryPoint\",\"urlTemplate\":\"https:\\\/\\\/marcelolopes.jor.br\\\/site\\\/?s={search_term_string}\"},\"query-input\":{\"@type\":\"PropertyValueSpecification\",\"valueRequired\":true,\"valueName\":\"search_term_string\"}}],\"inLanguage\":\"pt-BR\"},{\"@type\":\"Organization\",\"@id\":\"https:\\\/\\\/marcelolopes.jor.br\\\/site\\\/#organization\",\"name\":\"Site do Marcelo Lopes\",\"url\":\"https:\\\/\\\/marcelolopes.jor.br\\\/site\\\/\",\"logo\":{\"@type\":\"ImageObject\",\"inLanguage\":\"pt-BR\",\"@id\":\"https:\\\/\\\/marcelolopes.jor.br\\\/site\\\/#\\\/schema\\\/logo\\\/image\\\/\",\"url\":\"https:\\\/\\\/marcelolopes.jor.br\\\/site\\\/wp-content\\\/uploads\\\/2024\\\/11\\\/logo-1.png\",\"contentUrl\":\"https:\\\/\\\/marcelolopes.jor.br\\\/site\\\/wp-content\\\/uploads\\\/2024\\\/11\\\/logo-1.png\",\"width\":475,\"height\":80,\"caption\":\"Site do Marcelo Lopes\"},\"image\":{\"@id\":\"https:\\\/\\\/marcelolopes.jor.br\\\/site\\\/#\\\/schema\\\/logo\\\/image\\\/\"},\"sameAs\":[\"https:\\\/\\\/www.facebook.com\\\/sitedomarcelolopes\",\"https:\\\/\\\/www.instagram.com\\\/sitedomarcelolopes\\\/\",\"https:\\\/\\\/www.linkedin.com\\\/company\\\/site-do-marcelo-lopes\\\/\",\"https:\\\/\\\/www.youtube.com\\\/user\\\/marcelolopes957\"]},{\"@type\":\"Person\",\"@id\":\"https:\\\/\\\/marcelolopes.jor.br\\\/site\\\/#\\\/schema\\\/person\\\/3e7216a35c34d8fdf952b31da3d1f89f\",\"name\":\"Marcelo Lopes\",\"sameAs\":[\"http:\\\/\\\/www.marcelolopes.jor.br\"],\"url\":\"https:\\\/\\\/marcelolopes.jor.br\\\/site\\\/author\\\/marcelo\\\/\"}]}<\/script>\n<!-- \/ Yoast SEO plugin. -->","yoast_head_json":{"title":"IF Sudeste em Cataguases abre vagas para quatro cursos profissionalizantes | Marcelo Lopes","robots":{"index":"index","follow":"follow","max-snippet":"max-snippet:-1","max-image-preview":"max-image-preview:large","max-video-preview":"max-video-preview:-1"},"canonical":"https:\/\/marcelolopes.jor.br\/site\/2019\/07\/01\/if-sudeste-em-cataguases-abre-vagas-para-quatro-cursos-profissionalizantes\/","og_locale":"pt_BR","og_type":"article","og_title":"IF Sudeste em Cataguases abre vagas para quatro cursos profissionalizantes | Marcelo Lopes","og_description":"O campus avan\u00e7ado do IF Sudeste em Cataguases est\u00e1 abrindo inscri\u00e7\u00f5es para quatro cursos profissionalizantes na modalidade Forma\u00e7\u00e3o Inicial e Continuada, com in\u00edcio das aulas neste segundo semestre de 2019. Os cursos ofertados s\u00e3o: Operador de Computador; Montador e ReparadorLeia mais IF Sudeste em Cataguases abre vagas para quatro cursos profissionalizantes","og_url":"https:\/\/marcelolopes.jor.br\/site\/2019\/07\/01\/if-sudeste-em-cataguases-abre-vagas-para-quatro-cursos-profissionalizantes\/","og_site_name":"Marcelo Lopes","article_publisher":"https:\/\/www.facebook.com\/sitedomarcelolopes","article_published_time":"2019-07-01T23:00:51+00:00","og_image":[{"width":698,"height":503,"url":"https:\/\/marcelolopes.jor.br\/site\/wp-content\/uploads\/2019\/07\/Figura-1-Colegio-Cataguases-projeto-de-Oscar-Niemeye.png","type":"image\/png"}],"author":"Marcelo Lopes","twitter_card":"summary_large_image","twitter_misc":{"Escrito por":"Marcelo Lopes","Est. tempo de leitura":"3 minutos"},"schema":{"@context":"https:\/\/schema.org","@graph":[{"@type":"NewsArticle","@id":"https:\/\/marcelolopes.jor.br\/site\/2019\/07\/01\/if-sudeste-em-cataguases-abre-vagas-para-quatro-cursos-profissionalizantes\/#article","isPartOf":{"@id":"https:\/\/marcelolopes.jor.br\/site\/2019\/07\/01\/if-sudeste-em-cataguases-abre-vagas-para-quatro-cursos-profissionalizantes\/"},"author":{"name":"Marcelo Lopes","@id":"https:\/\/marcelolopes.jor.br\/site\/#\/schema\/person\/3e7216a35c34d8fdf952b31da3d1f89f"},"headline":"IF Sudeste em Cataguases abre vagas para quatro cursos profissionalizantes","datePublished":"2019-07-01T23:00:51+00:00","mainEntityOfPage":{"@id":"https:\/\/marcelolopes.jor.br\/site\/2019\/07\/01\/if-sudeste-em-cataguases-abre-vagas-para-quatro-cursos-profissionalizantes\/"},"wordCount":671,"commentCount":0,"publisher":{"@id":"https:\/\/marcelolopes.jor.br\/site\/#organization"},"image":{"@id":"https:\/\/marcelolopes.jor.br\/site\/2019\/07\/01\/if-sudeste-em-cataguases-abre-vagas-para-quatro-cursos-profissionalizantes\/#primaryimage"},"thumbnailUrl":"https:\/\/marcelolopes.jor.br\/site\/wp-content\/uploads\/2019\/07\/Figura-1-Colegio-Cataguases-projeto-de-Oscar-Niemeye.png","keywords":["curso gratuito","curso profissionalizante","IF Sudeste","mercado de trabalho"],"articleSection":["Not\u00edcias"],"inLanguage":"pt-BR","potentialAction":[{"@type":"CommentAction","name":"Comment","target":["https:\/\/marcelolopes.jor.br\/site\/2019\/07\/01\/if-sudeste-em-cataguases-abre-vagas-para-quatro-cursos-profissionalizantes\/#respond"]}]},{"@type":"WebPage","@id":"https:\/\/marcelolopes.jor.br\/site\/2019\/07\/01\/if-sudeste-em-cataguases-abre-vagas-para-quatro-cursos-profissionalizantes\/","url":"https:\/\/marcelolopes.jor.br\/site\/2019\/07\/01\/if-sudeste-em-cataguases-abre-vagas-para-quatro-cursos-profissionalizantes\/","name":"IF Sudeste em Cataguases abre vagas para quatro cursos profissionalizantes | Marcelo Lopes","isPartOf":{"@id":"https:\/\/marcelolopes.jor.br\/site\/#website"},"primaryImageOfPage":{"@id":"https:\/\/marcelolopes.jor.br\/site\/2019\/07\/01\/if-sudeste-em-cataguases-abre-vagas-para-quatro-cursos-profissionalizantes\/#primaryimage"},"image":{"@id":"https:\/\/marcelolopes.jor.br\/site\/2019\/07\/01\/if-sudeste-em-cataguases-abre-vagas-para-quatro-cursos-profissionalizantes\/#primaryimage"},"thumbnailUrl":"https:\/\/marcelolopes.jor.br\/site\/wp-content\/uploads\/2019\/07\/Figura-1-Colegio-Cataguases-projeto-de-Oscar-Niemeye.png","datePublished":"2019-07-01T23:00:51+00:00","breadcrumb":{"@id":"https:\/\/marcelolopes.jor.br\/site\/2019\/07\/01\/if-sudeste-em-cataguases-abre-vagas-para-quatro-cursos-profissionalizantes\/#breadcrumb"},"inLanguage":"pt-BR","potentialAction":[{"@type":"ReadAction","target":["https:\/\/marcelolopes.jor.br\/site\/2019\/07\/01\/if-sudeste-em-cataguases-abre-vagas-para-quatro-cursos-profissionalizantes\/"]}]},{"@type":"ImageObject","inLanguage":"pt-BR","@id":"https:\/\/marcelolopes.jor.br\/site\/2019\/07\/01\/if-sudeste-em-cataguases-abre-vagas-para-quatro-cursos-profissionalizantes\/#primaryimage","url":"https:\/\/marcelolopes.jor.br\/site\/wp-content\/uploads\/2019\/07\/Figura-1-Colegio-Cataguases-projeto-de-Oscar-Niemeye.png","contentUrl":"https:\/\/marcelolopes.jor.br\/site\/wp-content\/uploads\/2019\/07\/Figura-1-Colegio-Cataguases-projeto-de-Oscar-Niemeye.png","width":698,"height":503},{"@type":"BreadcrumbList","@id":"https:\/\/marcelolopes.jor.br\/site\/2019\/07\/01\/if-sudeste-em-cataguases-abre-vagas-para-quatro-cursos-profissionalizantes\/#breadcrumb","itemListElement":[{"@type":"ListItem","position":1,"name":"Home","item":"https:\/\/marcelolopes.jor.br\/site\/"},{"@type":"ListItem","position":2,"name":"IF Sudeste em Cataguases abre vagas para quatro cursos profissionalizantes"}]},{"@type":"WebSite","@id":"https:\/\/marcelolopes.jor.br\/site\/#website","url":"https:\/\/marcelolopes.jor.br\/site\/","name":"Marcelo Lopes","description":"Not\u00edcias de Cataguases e Regi\u00e3o","publisher":{"@id":"https:\/\/marcelolopes.jor.br\/site\/#organization"},"potentialAction":[{"@type":"SearchAction","target":{"@type":"EntryPoint","urlTemplate":"https:\/\/marcelolopes.jor.br\/site\/?s={search_term_string}"},"query-input":{"@type":"PropertyValueSpecification","valueRequired":true,"valueName":"search_term_string"}}],"inLanguage":"pt-BR"},{"@type":"Organization","@id":"https:\/\/marcelolopes.jor.br\/site\/#organization","name":"Site do Marcelo Lopes","url":"https:\/\/marcelolopes.jor.br\/site\/","logo":{"@type":"ImageObject","inLanguage":"pt-BR","@id":"https:\/\/marcelolopes.jor.br\/site\/#\/schema\/logo\/image\/","url":"https:\/\/marcelolopes.jor.br\/site\/wp-content\/uploads\/2024\/11\/logo-1.png","contentUrl":"https:\/\/marcelolopes.jor.br\/site\/wp-content\/uploads\/2024\/11\/logo-1.png","width":475,"height":80,"caption":"Site do Marcelo Lopes"},"image":{"@id":"https:\/\/marcelolopes.jor.br\/site\/#\/schema\/logo\/image\/"},"sameAs":["https:\/\/www.facebook.com\/sitedomarcelolopes","https:\/\/www.instagram.com\/sitedomarcelolopes\/","https:\/\/www.linkedin.com\/company\/site-do-marcelo-lopes\/","https:\/\/www.youtube.com\/user\/marcelolopes957"]},{"@type":"Person","@id":"https:\/\/marcelolopes.jor.br\/site\/#\/schema\/person\/3e7216a35c34d8fdf952b31da3d1f89f","name":"Marcelo Lopes","sameAs":["http:\/\/www.marcelolopes.jor.br"],"url":"https:\/\/marcelolopes.jor.br\/site\/author\/marcelo\/"}]}},"wps_subtitle":"Os cursos s\u00e3o gratuitos e s\u00e3o direcionados para aqueles com ensino fundamental completo ou n\u00e3o.","_links":{"self":[{"href":"https:\/\/marcelolopes.jor.br\/site\/wp-json\/wp\/v2\/posts\/3027","targetHints":{"allow":["GET"]}}],"collection":[{"href":"https:\/\/marcelolopes.jor.br\/site\/wp-json\/wp\/v2\/posts"}],"about":[{"href":"https:\/\/marcelolopes.jor.br\/site\/wp-json\/wp\/v2\/types\/post"}],"author":[{"embeddable":true,"href":"https:\/\/marcelolopes.jor.br\/site\/wp-json\/wp\/v2\/users\/2"}],"replies":[{"embeddable":true,"href":"https:\/\/marcelolopes.jor.br\/site\/wp-json\/wp\/v2\/comments?post=3027"}],"version-history":[{"count":0,"href":"https:\/\/marcelolopes.jor.br\/site\/wp-json\/wp\/v2\/posts\/3027\/revisions"}],"wp:featuredmedia":[{"embeddable":true,"href":"https:\/\/marcelolopes.jor.br\/site\/wp-json\/wp\/v2\/media\/3029"}],"wp:attachment":[{"href":"https:\/\/marcelolopes.jor.br\/site\/wp-json\/wp\/v2\/media?parent=3027"}],"wp:term":[{"taxonomy":"category","embeddable":true,"href":"https:\/\/marcelolopes.jor.br\/site\/wp-json\/wp\/v2\/categories?post=3027"},{"taxonomy":"post_tag","embeddable":true,"href":"https:\/\/marcelolopes.jor.br\/site\/wp-json\/wp\/v2\/tags?post=3027"}],"curies":[{"name":"wp","href":"https:\/\/api.w.org\/{rel}","templated":true}]}}