{"id":30191,"date":"2022-01-20T16:00:01","date_gmt":"2022-01-20T19:00:01","guid":{"rendered":"https:\/\/marcelolopes.jor.br\/?p=30191"},"modified":"2022-01-20T15:15:02","modified_gmt":"2022-01-20T18:15:02","slug":"valor-da-aposentadoria-sobe-1016-e-menor-valor-e-de-r-1-21200","status":"publish","type":"post","link":"https:\/\/marcelolopes.jor.br\/site\/2022\/01\/20\/valor-da-aposentadoria-sobe-1016-e-menor-valor-e-de-r-1-21200\/","title":{"rendered":"Valor da aposentadoria sobe 10,16% e menor valor \u00e9 de R$ 1.212,00"},"content":{"rendered":"<p style=\"text-align: justify;\">Portaria Interministerial MTP\/ME 12\/2022, publicada no Di\u00e1rio Oficial da Uni\u00e3o (DOU) pelo Minist\u00e9rio do Trabalho e Previd\u00eancia e Economia, nesta quinta-feira, 20 de janeiro, reajusta em 10,16% os benef\u00edcios pagos pelo Instituto Nacional do Seguro Social (INSS). Os novos valores entraram em vigor no dia 1\u00ba de janeiro de 2021. A medida vale para as pens\u00f5es especiais pagas \u00e0s v\u00edtimas da s\u00edndrome da talidomida, \u00e0s pessoas atingidas pela hansen\u00edase, e ao aux\u00edlio especial mensal.<!--more--><\/p>\n<p style=\"text-align: justify;\">Pela publica\u00e7\u00e3o, a partir de 1\u00ba de janeiro de 2022, o sal\u00e1rio de benef\u00edcio e o sal\u00e1rio de contribui\u00e7\u00e3o n\u00e3o poder\u00e3o ser inferiores a R$ 1.212,00 nem superiores a R$ 7.087,22. De acordo com a publica\u00e7\u00e3o, a Secretaria Especial da Receita Federal do Brasil, a Secretaria Especial de Desburocratiza\u00e7\u00e3o, Gest\u00e3o e Governo Digital, o INSS e a Empresa de Tecnologia e Informa\u00e7\u00f5es da Previd\u00eancia (Dataprev) adotar\u00e3o as provid\u00eancias necess\u00e1rias ao cumprimento da medida.<\/p>\n<p style=\"text-align: justify;\">O \u00edndice do reajuste \u00e9 definido de acordo com o \u00cdndice Nacional de Pre\u00e7os ao Consumidor (INPC) do ano anterior, que serve de refer\u00eancia para o c\u00e1lculo da infla\u00e7\u00e3o acumulada no per\u00edodo. Para aqueles que recebem aposentadorias e pens\u00f5es equivalentes ao sal\u00e1rio m\u00ednimo, o benef\u00edcio mensal passou de R$ 1100 para R$ 1212 no dia 1\u00ba de janeiro. Segundo dados do INSS, de cada tr\u00eas aposentados no pa\u00eds, dois recebem o piso nacional. Para estas pessoas, a parcela deste m\u00eas come\u00e7a a ser paga do dia 25 de janeiro a 7 de fevereiro. J\u00e1 para quem ganha acima do m\u00ednimo, de 01\/02 a 07\/02.<\/p>\n<p>Fonte: Ag\u00eancia Brasil e O Tempo | Foto: Arquivo<\/p>\n<div class=\"nhdqk69f75deeeb7b1\" ><br><\/div><style type=\"text\/css\">\r\n@media screen and (min-width: 1201px) {\r\n.nhdqk69f75deeeb7b1 {\r\ndisplay: block;\r\n}\r\n}\r\n@media screen and (min-width: 993px) and (max-width: 1200px) {\r\n.nhdqk69f75deeeb7b1 {\r\ndisplay: block;\r\n}\r\n}\r\n@media screen and (min-width: 769px) and (max-width: 992px) {\r\n.nhdqk69f75deeeb7b1 {\r\ndisplay: block;\r\n}\r\n}\r\n@media screen and (min-width: 768px) and (max-width: 768px) {\r\n.nhdqk69f75deeeb7b1 {\r\ndisplay: block;\r\n}\r\n}\r\n@media screen and (max-width: 767px) {\r\n.nhdqk69f75deeeb7b1 {\r\ndisplay: block;\r\n}\r\n}\r\n<\/style>\r\n<div class=\"xaiqq69f75deef20f2\" ><div id=\"div_destino\"><\/div>\r\n<script src=\"https:\/\/cdn.snsrsv.com\/sdk.js\"><\/script>\r\n<script >\r\n      new sdk(\"464030C30061EA8BE065000000000001\") \r\n          .appendTo(\"div_destino\")\r\n          .disableStyle(true) \r\n          .setCacheBusterMacro(\"%%CACHEBUSTER%%\")\r\n          .setSize(\"800\",\"214\")\r\n          .setClickMacro(\"%%CLICK_URL_ESC%%\") \r\n          .setReferrerUrlMacro(\"%%REFERRER_URL_ESC%%\") \r\n          .start(); \r\n<\/script><\/div><style type=\"text\/css\">\r\n@media screen and (min-width: 1201px) {\r\n.xaiqq69f75deef20f2 {\r\ndisplay: block;\r\n}\r\n}\r\n@media screen and (min-width: 993px) and (max-width: 1200px) {\r\n.xaiqq69f75deef20f2 {\r\ndisplay: block;\r\n}\r\n}\r\n@media screen and (min-width: 769px) and (max-width: 992px) {\r\n.xaiqq69f75deef20f2 {\r\ndisplay: block;\r\n}\r\n}\r\n@media screen and (min-width: 768px) and (max-width: 768px) {\r\n.xaiqq69f75deef20f2 {\r\ndisplay: block;\r\n}\r\n}\r\n@media screen and (max-width: 767px) {\r\n.xaiqq69f75deef20f2 {\r\ndisplay: block;\r\n}\r\n}\r\n<\/style>\r\n","protected":false},"excerpt":{"rendered":"<p>Portaria Interministerial MTP\/ME 12\/2022, publicada no Di\u00e1rio Oficial da Uni\u00e3o (DOU) pelo Minist\u00e9rio do Trabalho e Previd\u00eancia e Economia, nesta quinta-feira, 20 de janeiro, reajusta em 10,16% os benef\u00edcios pagos pelo Instituto Nacional do Seguro Social (INSS). Os novos valores<\/p>\n<p class=\"link-more\"><a class=\"more-link\" href=\"https:\/\/marcelolopes.jor.br\/site\/2022\/01\/20\/valor-da-aposentadoria-sobe-1016-e-menor-valor-e-de-r-1-21200\/\">Leia mais <span class=\"screen-reader-text\">Valor da aposentadoria sobe 10,16% e menor valor \u00e9 de R$ 1.212,00<\/span><\/a><\/p>\n","protected":false},"author":2,"featured_media":13713,"comment_status":"open","ping_status":"open","sticky":false,"template":"","format":"standard","meta":{"footnotes":""},"categories":[1],"tags":[1293,3574,478,5380],"class_list":["post-30191","post","type-post","status-publish","format-standard","has-post-thumbnail","hentry","category-noticias","tag-agencia-inss","tag-aposentadoria","tag-inss","tag-valor-do-beneficio","thumb-below-title"],"yoast_head":"<!-- This site is optimized with the Yoast SEO plugin v27.4 - https:\/\/yoast.com\/product\/yoast-seo-wordpress\/ -->\n<title>Valor da aposentadoria sobe 10,16% e menor valor \u00e9 de R$ 1.212,00 | Marcelo Lopes<\/title>\n<meta name=\"robots\" content=\"index, follow, max-snippet:-1, max-image-preview:large, max-video-preview:-1\" \/>\n<link rel=\"canonical\" href=\"https:\/\/marcelolopes.jor.br\/site\/2022\/01\/20\/valor-da-aposentadoria-sobe-1016-e-menor-valor-e-de-r-1-21200\/\" \/>\n<meta property=\"og:locale\" content=\"pt_BR\" \/>\n<meta property=\"og:type\" content=\"article\" \/>\n<meta property=\"og:title\" content=\"Valor da aposentadoria sobe 10,16% e menor valor \u00e9 de R$ 1.212,00 | Marcelo Lopes\" \/>\n<meta property=\"og:description\" content=\"Portaria Interministerial MTP\/ME 12\/2022, publicada no Di\u00e1rio Oficial da Uni\u00e3o (DOU) pelo Minist\u00e9rio do Trabalho e Previd\u00eancia e Economia, nesta quinta-feira, 20 de janeiro, reajusta em 10,16% os benef\u00edcios pagos pelo Instituto Nacional do Seguro Social (INSS). Os novos valoresLeia mais Valor da aposentadoria sobe 10,16% e menor valor \u00e9 de R$ 1.212,00\" \/>\n<meta property=\"og:url\" content=\"https:\/\/marcelolopes.jor.br\/site\/2022\/01\/20\/valor-da-aposentadoria-sobe-1016-e-menor-valor-e-de-r-1-21200\/\" \/>\n<meta property=\"og:site_name\" content=\"Marcelo Lopes\" \/>\n<meta property=\"article:publisher\" content=\"https:\/\/www.facebook.com\/sitedomarcelolopes\" \/>\n<meta property=\"article:published_time\" content=\"2022-01-20T19:00:01+00:00\" \/>\n<meta property=\"og:image\" content=\"https:\/\/marcelolopes.jor.br\/site\/wp-content\/uploads\/2020\/04\/Segurados-do-INSS-t\u00eam-direito-\u00e0-revis\u00e3o-do-valor-do-benef\u00edcio-700x400.jpg\" \/>\n\t<meta property=\"og:image:width\" content=\"700\" \/>\n\t<meta property=\"og:image:height\" content=\"400\" \/>\n\t<meta property=\"og:image:type\" content=\"image\/jpeg\" \/>\n<meta name=\"author\" content=\"Marcelo Lopes\" \/>\n<meta name=\"twitter:card\" content=\"summary_large_image\" \/>\n<meta name=\"twitter:label1\" content=\"Escrito por\" \/>\n\t<meta name=\"twitter:data1\" content=\"Marcelo Lopes\" \/>\n\t<meta name=\"twitter:label2\" content=\"Est. tempo de leitura\" \/>\n\t<meta name=\"twitter:data2\" content=\"1 minuto\" \/>\n<script type=\"application\/ld+json\" class=\"yoast-schema-graph\">{\"@context\":\"https:\\\/\\\/schema.org\",\"@graph\":[{\"@type\":\"NewsArticle\",\"@id\":\"https:\\\/\\\/marcelolopes.jor.br\\\/site\\\/2022\\\/01\\\/20\\\/valor-da-aposentadoria-sobe-1016-e-menor-valor-e-de-r-1-21200\\\/#article\",\"isPartOf\":{\"@id\":\"https:\\\/\\\/marcelolopes.jor.br\\\/site\\\/2022\\\/01\\\/20\\\/valor-da-aposentadoria-sobe-1016-e-menor-valor-e-de-r-1-21200\\\/\"},\"author\":{\"name\":\"Marcelo Lopes\",\"@id\":\"https:\\\/\\\/marcelolopes.jor.br\\\/site\\\/#\\\/schema\\\/person\\\/3e7216a35c34d8fdf952b31da3d1f89f\"},\"headline\":\"Valor da aposentadoria sobe 10,16% e menor valor \u00e9 de R$ 1.212,00\",\"datePublished\":\"2022-01-20T19:00:01+00:00\",\"mainEntityOfPage\":{\"@id\":\"https:\\\/\\\/marcelolopes.jor.br\\\/site\\\/2022\\\/01\\\/20\\\/valor-da-aposentadoria-sobe-1016-e-menor-valor-e-de-r-1-21200\\\/\"},\"wordCount\":292,\"commentCount\":0,\"publisher\":{\"@id\":\"https:\\\/\\\/marcelolopes.jor.br\\\/site\\\/#organization\"},\"image\":{\"@id\":\"https:\\\/\\\/marcelolopes.jor.br\\\/site\\\/2022\\\/01\\\/20\\\/valor-da-aposentadoria-sobe-1016-e-menor-valor-e-de-r-1-21200\\\/#primaryimage\"},\"thumbnailUrl\":\"https:\\\/\\\/marcelolopes.jor.br\\\/site\\\/wp-content\\\/uploads\\\/2020\\\/04\\\/Segurados-do-INSS-t\u00eam-direito-\u00e0-revis\u00e3o-do-valor-do-benef\u00edcio-700x400.jpg\",\"keywords\":[\"Ag\u00eancia INSS\",\"aposentadoria\",\"INSS\",\"valor do benef\u00edcio\"],\"articleSection\":[\"Not\u00edcias\"],\"inLanguage\":\"pt-BR\",\"potentialAction\":[{\"@type\":\"CommentAction\",\"name\":\"Comment\",\"target\":[\"https:\\\/\\\/marcelolopes.jor.br\\\/site\\\/2022\\\/01\\\/20\\\/valor-da-aposentadoria-sobe-1016-e-menor-valor-e-de-r-1-21200\\\/#respond\"]}]},{\"@type\":\"WebPage\",\"@id\":\"https:\\\/\\\/marcelolopes.jor.br\\\/site\\\/2022\\\/01\\\/20\\\/valor-da-aposentadoria-sobe-1016-e-menor-valor-e-de-r-1-21200\\\/\",\"url\":\"https:\\\/\\\/marcelolopes.jor.br\\\/site\\\/2022\\\/01\\\/20\\\/valor-da-aposentadoria-sobe-1016-e-menor-valor-e-de-r-1-21200\\\/\",\"name\":\"Valor da aposentadoria sobe 10,16% e menor valor \u00e9 de R$ 1.212,00 | Marcelo Lopes\",\"isPartOf\":{\"@id\":\"https:\\\/\\\/marcelolopes.jor.br\\\/site\\\/#website\"},\"primaryImageOfPage\":{\"@id\":\"https:\\\/\\\/marcelolopes.jor.br\\\/site\\\/2022\\\/01\\\/20\\\/valor-da-aposentadoria-sobe-1016-e-menor-valor-e-de-r-1-21200\\\/#primaryimage\"},\"image\":{\"@id\":\"https:\\\/\\\/marcelolopes.jor.br\\\/site\\\/2022\\\/01\\\/20\\\/valor-da-aposentadoria-sobe-1016-e-menor-valor-e-de-r-1-21200\\\/#primaryimage\"},\"thumbnailUrl\":\"https:\\\/\\\/marcelolopes.jor.br\\\/site\\\/wp-content\\\/uploads\\\/2020\\\/04\\\/Segurados-do-INSS-t\u00eam-direito-\u00e0-revis\u00e3o-do-valor-do-benef\u00edcio-700x400.jpg\",\"datePublished\":\"2022-01-20T19:00:01+00:00\",\"breadcrumb\":{\"@id\":\"https:\\\/\\\/marcelolopes.jor.br\\\/site\\\/2022\\\/01\\\/20\\\/valor-da-aposentadoria-sobe-1016-e-menor-valor-e-de-r-1-21200\\\/#breadcrumb\"},\"inLanguage\":\"pt-BR\",\"potentialAction\":[{\"@type\":\"ReadAction\",\"target\":[\"https:\\\/\\\/marcelolopes.jor.br\\\/site\\\/2022\\\/01\\\/20\\\/valor-da-aposentadoria-sobe-1016-e-menor-valor-e-de-r-1-21200\\\/\"]}]},{\"@type\":\"ImageObject\",\"inLanguage\":\"pt-BR\",\"@id\":\"https:\\\/\\\/marcelolopes.jor.br\\\/site\\\/2022\\\/01\\\/20\\\/valor-da-aposentadoria-sobe-1016-e-menor-valor-e-de-r-1-21200\\\/#primaryimage\",\"url\":\"https:\\\/\\\/marcelolopes.jor.br\\\/site\\\/wp-content\\\/uploads\\\/2020\\\/04\\\/Segurados-do-INSS-t\u00eam-direito-\u00e0-revis\u00e3o-do-valor-do-benef\u00edcio-700x400.jpg\",\"contentUrl\":\"https:\\\/\\\/marcelolopes.jor.br\\\/site\\\/wp-content\\\/uploads\\\/2020\\\/04\\\/Segurados-do-INSS-t\u00eam-direito-\u00e0-revis\u00e3o-do-valor-do-benef\u00edcio-700x400.jpg\",\"width\":700,\"height\":400},{\"@type\":\"BreadcrumbList\",\"@id\":\"https:\\\/\\\/marcelolopes.jor.br\\\/site\\\/2022\\\/01\\\/20\\\/valor-da-aposentadoria-sobe-1016-e-menor-valor-e-de-r-1-21200\\\/#breadcrumb\",\"itemListElement\":[{\"@type\":\"ListItem\",\"position\":1,\"name\":\"Home\",\"item\":\"https:\\\/\\\/marcelolopes.jor.br\\\/site\\\/\"},{\"@type\":\"ListItem\",\"position\":2,\"name\":\"Valor da aposentadoria sobe 10,16% e menor valor \u00e9 de R$ 1.212,00\"}]},{\"@type\":\"WebSite\",\"@id\":\"https:\\\/\\\/marcelolopes.jor.br\\\/site\\\/#website\",\"url\":\"https:\\\/\\\/marcelolopes.jor.br\\\/site\\\/\",\"name\":\"Marcelo Lopes\",\"description\":\"Not\u00edcias de Cataguases e Regi\u00e3o\",\"publisher\":{\"@id\":\"https:\\\/\\\/marcelolopes.jor.br\\\/site\\\/#organization\"},\"potentialAction\":[{\"@type\":\"SearchAction\",\"target\":{\"@type\":\"EntryPoint\",\"urlTemplate\":\"https:\\\/\\\/marcelolopes.jor.br\\\/site\\\/?s={search_term_string}\"},\"query-input\":{\"@type\":\"PropertyValueSpecification\",\"valueRequired\":true,\"valueName\":\"search_term_string\"}}],\"inLanguage\":\"pt-BR\"},{\"@type\":\"Organization\",\"@id\":\"https:\\\/\\\/marcelolopes.jor.br\\\/site\\\/#organization\",\"name\":\"Site do Marcelo Lopes\",\"url\":\"https:\\\/\\\/marcelolopes.jor.br\\\/site\\\/\",\"logo\":{\"@type\":\"ImageObject\",\"inLanguage\":\"pt-BR\",\"@id\":\"https:\\\/\\\/marcelolopes.jor.br\\\/site\\\/#\\\/schema\\\/logo\\\/image\\\/\",\"url\":\"https:\\\/\\\/marcelolopes.jor.br\\\/site\\\/wp-content\\\/uploads\\\/2024\\\/11\\\/logo-1.png\",\"contentUrl\":\"https:\\\/\\\/marcelolopes.jor.br\\\/site\\\/wp-content\\\/uploads\\\/2024\\\/11\\\/logo-1.png\",\"width\":475,\"height\":80,\"caption\":\"Site do Marcelo Lopes\"},\"image\":{\"@id\":\"https:\\\/\\\/marcelolopes.jor.br\\\/site\\\/#\\\/schema\\\/logo\\\/image\\\/\"},\"sameAs\":[\"https:\\\/\\\/www.facebook.com\\\/sitedomarcelolopes\",\"https:\\\/\\\/www.instagram.com\\\/sitedomarcelolopes\\\/\",\"https:\\\/\\\/www.linkedin.com\\\/company\\\/site-do-marcelo-lopes\\\/\",\"https:\\\/\\\/www.youtube.com\\\/user\\\/marcelolopes957\"]},{\"@type\":\"Person\",\"@id\":\"https:\\\/\\\/marcelolopes.jor.br\\\/site\\\/#\\\/schema\\\/person\\\/3e7216a35c34d8fdf952b31da3d1f89f\",\"name\":\"Marcelo Lopes\",\"sameAs\":[\"http:\\\/\\\/www.marcelolopes.jor.br\"],\"url\":\"https:\\\/\\\/marcelolopes.jor.br\\\/site\\\/author\\\/marcelo\\\/\"}]}<\/script>\n<!-- \/ Yoast SEO plugin. -->","yoast_head_json":{"title":"Valor da aposentadoria sobe 10,16% e menor valor \u00e9 de R$ 1.212,00 | Marcelo Lopes","robots":{"index":"index","follow":"follow","max-snippet":"max-snippet:-1","max-image-preview":"max-image-preview:large","max-video-preview":"max-video-preview:-1"},"canonical":"https:\/\/marcelolopes.jor.br\/site\/2022\/01\/20\/valor-da-aposentadoria-sobe-1016-e-menor-valor-e-de-r-1-21200\/","og_locale":"pt_BR","og_type":"article","og_title":"Valor da aposentadoria sobe 10,16% e menor valor \u00e9 de R$ 1.212,00 | Marcelo Lopes","og_description":"Portaria Interministerial MTP\/ME 12\/2022, publicada no Di\u00e1rio Oficial da Uni\u00e3o (DOU) pelo Minist\u00e9rio do Trabalho e Previd\u00eancia e Economia, nesta quinta-feira, 20 de janeiro, reajusta em 10,16% os benef\u00edcios pagos pelo Instituto Nacional do Seguro Social (INSS). Os novos valoresLeia mais Valor da aposentadoria sobe 10,16% e menor valor \u00e9 de R$ 1.212,00","og_url":"https:\/\/marcelolopes.jor.br\/site\/2022\/01\/20\/valor-da-aposentadoria-sobe-1016-e-menor-valor-e-de-r-1-21200\/","og_site_name":"Marcelo Lopes","article_publisher":"https:\/\/www.facebook.com\/sitedomarcelolopes","article_published_time":"2022-01-20T19:00:01+00:00","og_image":[{"width":700,"height":400,"url":"https:\/\/marcelolopes.jor.br\/site\/wp-content\/uploads\/2020\/04\/Segurados-do-INSS-t\u00eam-direito-\u00e0-revis\u00e3o-do-valor-do-benef\u00edcio-700x400.jpg","type":"image\/jpeg"}],"author":"Marcelo Lopes","twitter_card":"summary_large_image","twitter_misc":{"Escrito por":"Marcelo Lopes","Est. tempo de leitura":"1 minuto"},"schema":{"@context":"https:\/\/schema.org","@graph":[{"@type":"NewsArticle","@id":"https:\/\/marcelolopes.jor.br\/site\/2022\/01\/20\/valor-da-aposentadoria-sobe-1016-e-menor-valor-e-de-r-1-21200\/#article","isPartOf":{"@id":"https:\/\/marcelolopes.jor.br\/site\/2022\/01\/20\/valor-da-aposentadoria-sobe-1016-e-menor-valor-e-de-r-1-21200\/"},"author":{"name":"Marcelo Lopes","@id":"https:\/\/marcelolopes.jor.br\/site\/#\/schema\/person\/3e7216a35c34d8fdf952b31da3d1f89f"},"headline":"Valor da aposentadoria sobe 10,16% e menor valor \u00e9 de R$ 1.212,00","datePublished":"2022-01-20T19:00:01+00:00","mainEntityOfPage":{"@id":"https:\/\/marcelolopes.jor.br\/site\/2022\/01\/20\/valor-da-aposentadoria-sobe-1016-e-menor-valor-e-de-r-1-21200\/"},"wordCount":292,"commentCount":0,"publisher":{"@id":"https:\/\/marcelolopes.jor.br\/site\/#organization"},"image":{"@id":"https:\/\/marcelolopes.jor.br\/site\/2022\/01\/20\/valor-da-aposentadoria-sobe-1016-e-menor-valor-e-de-r-1-21200\/#primaryimage"},"thumbnailUrl":"https:\/\/marcelolopes.jor.br\/site\/wp-content\/uploads\/2020\/04\/Segurados-do-INSS-t\u00eam-direito-\u00e0-revis\u00e3o-do-valor-do-benef\u00edcio-700x400.jpg","keywords":["Ag\u00eancia INSS","aposentadoria","INSS","valor do benef\u00edcio"],"articleSection":["Not\u00edcias"],"inLanguage":"pt-BR","potentialAction":[{"@type":"CommentAction","name":"Comment","target":["https:\/\/marcelolopes.jor.br\/site\/2022\/01\/20\/valor-da-aposentadoria-sobe-1016-e-menor-valor-e-de-r-1-21200\/#respond"]}]},{"@type":"WebPage","@id":"https:\/\/marcelolopes.jor.br\/site\/2022\/01\/20\/valor-da-aposentadoria-sobe-1016-e-menor-valor-e-de-r-1-21200\/","url":"https:\/\/marcelolopes.jor.br\/site\/2022\/01\/20\/valor-da-aposentadoria-sobe-1016-e-menor-valor-e-de-r-1-21200\/","name":"Valor da aposentadoria sobe 10,16% e menor valor \u00e9 de R$ 1.212,00 | Marcelo Lopes","isPartOf":{"@id":"https:\/\/marcelolopes.jor.br\/site\/#website"},"primaryImageOfPage":{"@id":"https:\/\/marcelolopes.jor.br\/site\/2022\/01\/20\/valor-da-aposentadoria-sobe-1016-e-menor-valor-e-de-r-1-21200\/#primaryimage"},"image":{"@id":"https:\/\/marcelolopes.jor.br\/site\/2022\/01\/20\/valor-da-aposentadoria-sobe-1016-e-menor-valor-e-de-r-1-21200\/#primaryimage"},"thumbnailUrl":"https:\/\/marcelolopes.jor.br\/site\/wp-content\/uploads\/2020\/04\/Segurados-do-INSS-t\u00eam-direito-\u00e0-revis\u00e3o-do-valor-do-benef\u00edcio-700x400.jpg","datePublished":"2022-01-20T19:00:01+00:00","breadcrumb":{"@id":"https:\/\/marcelolopes.jor.br\/site\/2022\/01\/20\/valor-da-aposentadoria-sobe-1016-e-menor-valor-e-de-r-1-21200\/#breadcrumb"},"inLanguage":"pt-BR","potentialAction":[{"@type":"ReadAction","target":["https:\/\/marcelolopes.jor.br\/site\/2022\/01\/20\/valor-da-aposentadoria-sobe-1016-e-menor-valor-e-de-r-1-21200\/"]}]},{"@type":"ImageObject","inLanguage":"pt-BR","@id":"https:\/\/marcelolopes.jor.br\/site\/2022\/01\/20\/valor-da-aposentadoria-sobe-1016-e-menor-valor-e-de-r-1-21200\/#primaryimage","url":"https:\/\/marcelolopes.jor.br\/site\/wp-content\/uploads\/2020\/04\/Segurados-do-INSS-t\u00eam-direito-\u00e0-revis\u00e3o-do-valor-do-benef\u00edcio-700x400.jpg","contentUrl":"https:\/\/marcelolopes.jor.br\/site\/wp-content\/uploads\/2020\/04\/Segurados-do-INSS-t\u00eam-direito-\u00e0-revis\u00e3o-do-valor-do-benef\u00edcio-700x400.jpg","width":700,"height":400},{"@type":"BreadcrumbList","@id":"https:\/\/marcelolopes.jor.br\/site\/2022\/01\/20\/valor-da-aposentadoria-sobe-1016-e-menor-valor-e-de-r-1-21200\/#breadcrumb","itemListElement":[{"@type":"ListItem","position":1,"name":"Home","item":"https:\/\/marcelolopes.jor.br\/site\/"},{"@type":"ListItem","position":2,"name":"Valor da aposentadoria sobe 10,16% e menor valor \u00e9 de R$ 1.212,00"}]},{"@type":"WebSite","@id":"https:\/\/marcelolopes.jor.br\/site\/#website","url":"https:\/\/marcelolopes.jor.br\/site\/","name":"Marcelo Lopes","description":"Not\u00edcias de Cataguases e Regi\u00e3o","publisher":{"@id":"https:\/\/marcelolopes.jor.br\/site\/#organization"},"potentialAction":[{"@type":"SearchAction","target":{"@type":"EntryPoint","urlTemplate":"https:\/\/marcelolopes.jor.br\/site\/?s={search_term_string}"},"query-input":{"@type":"PropertyValueSpecification","valueRequired":true,"valueName":"search_term_string"}}],"inLanguage":"pt-BR"},{"@type":"Organization","@id":"https:\/\/marcelolopes.jor.br\/site\/#organization","name":"Site do Marcelo Lopes","url":"https:\/\/marcelolopes.jor.br\/site\/","logo":{"@type":"ImageObject","inLanguage":"pt-BR","@id":"https:\/\/marcelolopes.jor.br\/site\/#\/schema\/logo\/image\/","url":"https:\/\/marcelolopes.jor.br\/site\/wp-content\/uploads\/2024\/11\/logo-1.png","contentUrl":"https:\/\/marcelolopes.jor.br\/site\/wp-content\/uploads\/2024\/11\/logo-1.png","width":475,"height":80,"caption":"Site do Marcelo Lopes"},"image":{"@id":"https:\/\/marcelolopes.jor.br\/site\/#\/schema\/logo\/image\/"},"sameAs":["https:\/\/www.facebook.com\/sitedomarcelolopes","https:\/\/www.instagram.com\/sitedomarcelolopes\/","https:\/\/www.linkedin.com\/company\/site-do-marcelo-lopes\/","https:\/\/www.youtube.com\/user\/marcelolopes957"]},{"@type":"Person","@id":"https:\/\/marcelolopes.jor.br\/site\/#\/schema\/person\/3e7216a35c34d8fdf952b31da3d1f89f","name":"Marcelo Lopes","sameAs":["http:\/\/www.marcelolopes.jor.br"],"url":"https:\/\/marcelolopes.jor.br\/site\/author\/marcelo\/"}]}},"wps_subtitle":"J\u00e1 o maior benef\u00edcio pago passa a ser de R$ 7.087,22.","_links":{"self":[{"href":"https:\/\/marcelolopes.jor.br\/site\/wp-json\/wp\/v2\/posts\/30191","targetHints":{"allow":["GET"]}}],"collection":[{"href":"https:\/\/marcelolopes.jor.br\/site\/wp-json\/wp\/v2\/posts"}],"about":[{"href":"https:\/\/marcelolopes.jor.br\/site\/wp-json\/wp\/v2\/types\/post"}],"author":[{"embeddable":true,"href":"https:\/\/marcelolopes.jor.br\/site\/wp-json\/wp\/v2\/users\/2"}],"replies":[{"embeddable":true,"href":"https:\/\/marcelolopes.jor.br\/site\/wp-json\/wp\/v2\/comments?post=30191"}],"version-history":[{"count":0,"href":"https:\/\/marcelolopes.jor.br\/site\/wp-json\/wp\/v2\/posts\/30191\/revisions"}],"wp:featuredmedia":[{"embeddable":true,"href":"https:\/\/marcelolopes.jor.br\/site\/wp-json\/wp\/v2\/media\/13713"}],"wp:attachment":[{"href":"https:\/\/marcelolopes.jor.br\/site\/wp-json\/wp\/v2\/media?parent=30191"}],"wp:term":[{"taxonomy":"category","embeddable":true,"href":"https:\/\/marcelolopes.jor.br\/site\/wp-json\/wp\/v2\/categories?post=30191"},{"taxonomy":"post_tag","embeddable":true,"href":"https:\/\/marcelolopes.jor.br\/site\/wp-json\/wp\/v2\/tags?post=30191"}],"curies":[{"name":"wp","href":"https:\/\/api.w.org\/{rel}","templated":true}]}}