{"id":30136,"date":"2022-01-17T21:40:58","date_gmt":"2022-01-18T00:40:58","guid":{"rendered":"https:\/\/marcelolopes.jor.br\/?p=30136"},"modified":"2022-10-26T19:03:14","modified_gmt":"2022-10-26T22:03:14","slug":"homem-morre-eletrocutado-na-zona-rural-de-dona-euzebia","status":"publish","type":"post","link":"https:\/\/marcelolopes.jor.br\/site\/2022\/01\/17\/homem-morre-eletrocutado-na-zona-rural-de-dona-euzebia\/","title":{"rendered":"Homem morre eletrocutado na zona rural de Dona Euz\u00e9bia"},"content":{"rendered":"<p style=\"text-align: justify;\">Um homem identificado como Jos\u00e9 H\u00e9lio Neves Machado, 61 anos, morreu eletrocutado na tarde desta segunda-feira, 17 de janeiro, enquanto fazia reparos na rede el\u00e9trica em um poste na zona rural de Dona Euz\u00e9bia, localidade conhecida como Graminha.<!--more--><\/p>\n<p style=\"text-align: justify;\"><img loading=\"lazy\" decoding=\"async\" class=\"alignleft wp-image-30139\" src=\"https:\/\/marcelolopes.jor.br\/site\/wp-content\/uploads\/2022\/01\/IMG_0202-248x300.jpg\" alt=\"Homem morre eletrocutado na\" width=\"200\" height=\"242\" srcset=\"https:\/\/marcelolopes.jor.br\/site\/wp-content\/uploads\/2022\/01\/IMG_0202-248x300.jpg 248w, https:\/\/marcelolopes.jor.br\/site\/wp-content\/uploads\/2022\/01\/IMG_0202-768x929.jpg 768w, https:\/\/marcelolopes.jor.br\/site\/wp-content\/uploads\/2022\/01\/IMG_0202.jpg 783w\" sizes=\"auto, (max-width: 200px) 100vw, 200px\" \/>De acordo com as informa\u00e7\u00f5es preliminares, Jos\u00e9 H\u00e9lio (foto ao lado) era eletricista aposentado e fazia servi\u00e7o particular para um sitiante quando foi eletrocutado. As causas do acidente ser\u00e3o investigadas pela Pol\u00edcia Civil de Minas Gerais.<\/p>\n<p style=\"text-align: justify;\">Uma equipe da Energisa foi chamada e desligou a energia el\u00e9trica no local. A Brigada Municipal do Corpo de Bombeiros de Astolfo Dutra tamb\u00e9m foi acionada para resgatar a v\u00edtima, assim como a Per\u00edcia T\u00e9cnica da Pol\u00edcia Civil que ap\u00f3s realizar seu trabalho de praxe liberou o corpo para a funer\u00e1ria.<\/p>\n<p style=\"text-align: justify;\">A Pol\u00edcia Militar tamb\u00e9m compareceu no local para prestar apoio \u00e0 equipe da Brigada Municipal do Corpo de Bombeiros que assumiu o registro da ocorr\u00eancia.<\/p>\n<p>Fotos: Brigada Municipal Astolfo Dutra e Redes sociais<\/p>\n<div class=\"jaovx69f5b20871e02\" ><br><\/div><style type=\"text\/css\">\r\n@media screen and (min-width: 1201px) {\r\n.jaovx69f5b20871e02 {\r\ndisplay: block;\r\n}\r\n}\r\n@media screen and (min-width: 993px) and (max-width: 1200px) {\r\n.jaovx69f5b20871e02 {\r\ndisplay: block;\r\n}\r\n}\r\n@media screen and (min-width: 769px) and (max-width: 992px) {\r\n.jaovx69f5b20871e02 {\r\ndisplay: block;\r\n}\r\n}\r\n@media screen and (min-width: 768px) and (max-width: 768px) {\r\n.jaovx69f5b20871e02 {\r\ndisplay: block;\r\n}\r\n}\r\n@media screen and (max-width: 767px) {\r\n.jaovx69f5b20871e02 {\r\ndisplay: block;\r\n}\r\n}\r\n<\/style>\r\n<div class=\"vhhyy69f5b2087946e\" ><div id=\"div_destino\"><\/div>\r\n<script src=\"https:\/\/cdn.snsrsv.com\/sdk.js\"><\/script>\r\n<script >\r\n      new sdk(\"464030C30061EA8BE065000000000001\") \r\n          .appendTo(\"div_destino\")\r\n          .disableStyle(true) \r\n          .setCacheBusterMacro(\"%%CACHEBUSTER%%\")\r\n          .setSize(\"800\",\"214\")\r\n          .setClickMacro(\"%%CLICK_URL_ESC%%\") \r\n          .setReferrerUrlMacro(\"%%REFERRER_URL_ESC%%\") \r\n          .start(); \r\n<\/script><\/div><style type=\"text\/css\">\r\n@media screen and (min-width: 1201px) {\r\n.vhhyy69f5b2087946e {\r\ndisplay: block;\r\n}\r\n}\r\n@media screen and (min-width: 993px) and (max-width: 1200px) {\r\n.vhhyy69f5b2087946e {\r\ndisplay: block;\r\n}\r\n}\r\n@media screen and (min-width: 769px) and (max-width: 992px) {\r\n.vhhyy69f5b2087946e {\r\ndisplay: block;\r\n}\r\n}\r\n@media screen and (min-width: 768px) and (max-width: 768px) {\r\n.vhhyy69f5b2087946e {\r\ndisplay: block;\r\n}\r\n}\r\n@media screen and (max-width: 767px) {\r\n.vhhyy69f5b2087946e {\r\ndisplay: block;\r\n}\r\n}\r\n<\/style>\r\n","protected":false},"excerpt":{"rendered":"<p>Um homem identificado como Jos\u00e9 H\u00e9lio Neves Machado, 61 anos, morreu eletrocutado na tarde desta segunda-feira, 17 de janeiro, enquanto fazia reparos na rede el\u00e9trica em um poste na zona rural de Dona Euz\u00e9bia, localidade conhecida como Graminha.<\/p>\n","protected":false},"author":2,"featured_media":30138,"comment_status":"open","ping_status":"open","sticky":false,"template":"","format":"standard","meta":{"footnotes":""},"categories":[1],"tags":[388,5371,228,102],"class_list":["post-30136","post","type-post","status-publish","format-standard","has-post-thumbnail","hentry","category-noticias","tag-dona-euzebia","tag-eletrocutado","tag-morte","tag-zona-rural","thumb-below-title"],"yoast_head":"<!-- This site is optimized with the Yoast SEO plugin v27.4 - https:\/\/yoast.com\/product\/yoast-seo-wordpress\/ -->\n<title>Homem morre eletrocutado na zona rural de Dona Euz\u00e9bia<\/title>\n<meta name=\"description\" content=\"Homem morre eletrocutado na zona rural de Dona Euz\u00e9bia. Ele trabalhava em um poste quando recebeu uma descarga el\u00e9trica.\" \/>\n<meta name=\"robots\" content=\"index, follow, max-snippet:-1, max-image-preview:large, max-video-preview:-1\" \/>\n<link rel=\"canonical\" href=\"https:\/\/marcelolopes.jor.br\/site\/2022\/01\/17\/homem-morre-eletrocutado-na-zona-rural-de-dona-euzebia\/\" \/>\n<meta property=\"og:locale\" content=\"pt_BR\" \/>\n<meta property=\"og:type\" content=\"article\" \/>\n<meta property=\"og:title\" content=\"Homem morre eletrocutado na zona rural de Dona Euz\u00e9bia\" \/>\n<meta property=\"og:description\" content=\"Homem morre eletrocutado na zona rural de Dona Euz\u00e9bia. Ele trabalhava em um poste quando recebeu uma descarga el\u00e9trica.\" \/>\n<meta property=\"og:url\" content=\"https:\/\/marcelolopes.jor.br\/site\/2022\/01\/17\/homem-morre-eletrocutado-na-zona-rural-de-dona-euzebia\/\" \/>\n<meta property=\"og:site_name\" content=\"Marcelo Lopes\" \/>\n<meta property=\"article:publisher\" content=\"https:\/\/www.facebook.com\/sitedomarcelolopes\" \/>\n<meta property=\"article:published_time\" content=\"2022-01-18T00:40:58+00:00\" \/>\n<meta property=\"article:modified_time\" content=\"2022-10-26T22:03:14+00:00\" \/>\n<meta property=\"og:image\" content=\"https:\/\/marcelolopes.jor.br\/site\/wp-content\/uploads\/2022\/01\/Brigada-Astolfo-Dutra.jpg\" \/>\n\t<meta property=\"og:image:width\" content=\"800\" \/>\n\t<meta property=\"og:image:height\" content=\"513\" \/>\n\t<meta property=\"og:image:type\" content=\"image\/jpeg\" \/>\n<meta name=\"author\" content=\"Marcelo Lopes\" \/>\n<meta name=\"twitter:card\" content=\"summary_large_image\" \/>\n<meta name=\"twitter:label1\" content=\"Escrito por\" \/>\n\t<meta name=\"twitter:data1\" content=\"Marcelo Lopes\" \/>\n\t<meta name=\"twitter:label2\" content=\"Est. tempo de leitura\" \/>\n\t<meta name=\"twitter:data2\" content=\"1 minuto\" \/>\n<script type=\"application\/ld+json\" class=\"yoast-schema-graph\">{\"@context\":\"https:\\\/\\\/schema.org\",\"@graph\":[{\"@type\":\"NewsArticle\",\"@id\":\"https:\\\/\\\/marcelolopes.jor.br\\\/site\\\/2022\\\/01\\\/17\\\/homem-morre-eletrocutado-na-zona-rural-de-dona-euzebia\\\/#article\",\"isPartOf\":{\"@id\":\"https:\\\/\\\/marcelolopes.jor.br\\\/site\\\/2022\\\/01\\\/17\\\/homem-morre-eletrocutado-na-zona-rural-de-dona-euzebia\\\/\"},\"author\":{\"name\":\"Marcelo Lopes\",\"@id\":\"https:\\\/\\\/marcelolopes.jor.br\\\/site\\\/#\\\/schema\\\/person\\\/3e7216a35c34d8fdf952b31da3d1f89f\"},\"headline\":\"Homem morre eletrocutado na zona rural de Dona Euz\u00e9bia\",\"datePublished\":\"2022-01-18T00:40:58+00:00\",\"dateModified\":\"2022-10-26T22:03:14+00:00\",\"mainEntityOfPage\":{\"@id\":\"https:\\\/\\\/marcelolopes.jor.br\\\/site\\\/2022\\\/01\\\/17\\\/homem-morre-eletrocutado-na-zona-rural-de-dona-euzebia\\\/\"},\"wordCount\":184,\"commentCount\":0,\"publisher\":{\"@id\":\"https:\\\/\\\/marcelolopes.jor.br\\\/site\\\/#organization\"},\"image\":{\"@id\":\"https:\\\/\\\/marcelolopes.jor.br\\\/site\\\/2022\\\/01\\\/17\\\/homem-morre-eletrocutado-na-zona-rural-de-dona-euzebia\\\/#primaryimage\"},\"thumbnailUrl\":\"https:\\\/\\\/marcelolopes.jor.br\\\/site\\\/wp-content\\\/uploads\\\/2022\\\/01\\\/Brigada-Astolfo-Dutra.jpg\",\"keywords\":[\"Dona Euz\u00e9bia\",\"eletrocutado\",\"morte\",\"zona rural\"],\"articleSection\":[\"Not\u00edcias\"],\"inLanguage\":\"pt-BR\",\"potentialAction\":[{\"@type\":\"CommentAction\",\"name\":\"Comment\",\"target\":[\"https:\\\/\\\/marcelolopes.jor.br\\\/site\\\/2022\\\/01\\\/17\\\/homem-morre-eletrocutado-na-zona-rural-de-dona-euzebia\\\/#respond\"]}]},{\"@type\":\"WebPage\",\"@id\":\"https:\\\/\\\/marcelolopes.jor.br\\\/site\\\/2022\\\/01\\\/17\\\/homem-morre-eletrocutado-na-zona-rural-de-dona-euzebia\\\/\",\"url\":\"https:\\\/\\\/marcelolopes.jor.br\\\/site\\\/2022\\\/01\\\/17\\\/homem-morre-eletrocutado-na-zona-rural-de-dona-euzebia\\\/\",\"name\":\"Homem morre eletrocutado na zona rural de Dona Euz\u00e9bia\",\"isPartOf\":{\"@id\":\"https:\\\/\\\/marcelolopes.jor.br\\\/site\\\/#website\"},\"primaryImageOfPage\":{\"@id\":\"https:\\\/\\\/marcelolopes.jor.br\\\/site\\\/2022\\\/01\\\/17\\\/homem-morre-eletrocutado-na-zona-rural-de-dona-euzebia\\\/#primaryimage\"},\"image\":{\"@id\":\"https:\\\/\\\/marcelolopes.jor.br\\\/site\\\/2022\\\/01\\\/17\\\/homem-morre-eletrocutado-na-zona-rural-de-dona-euzebia\\\/#primaryimage\"},\"thumbnailUrl\":\"https:\\\/\\\/marcelolopes.jor.br\\\/site\\\/wp-content\\\/uploads\\\/2022\\\/01\\\/Brigada-Astolfo-Dutra.jpg\",\"datePublished\":\"2022-01-18T00:40:58+00:00\",\"dateModified\":\"2022-10-26T22:03:14+00:00\",\"description\":\"Homem morre eletrocutado na zona rural de Dona Euz\u00e9bia. Ele trabalhava em um poste quando recebeu uma descarga el\u00e9trica.\",\"breadcrumb\":{\"@id\":\"https:\\\/\\\/marcelolopes.jor.br\\\/site\\\/2022\\\/01\\\/17\\\/homem-morre-eletrocutado-na-zona-rural-de-dona-euzebia\\\/#breadcrumb\"},\"inLanguage\":\"pt-BR\",\"potentialAction\":[{\"@type\":\"ReadAction\",\"target\":[\"https:\\\/\\\/marcelolopes.jor.br\\\/site\\\/2022\\\/01\\\/17\\\/homem-morre-eletrocutado-na-zona-rural-de-dona-euzebia\\\/\"]}]},{\"@type\":\"ImageObject\",\"inLanguage\":\"pt-BR\",\"@id\":\"https:\\\/\\\/marcelolopes.jor.br\\\/site\\\/2022\\\/01\\\/17\\\/homem-morre-eletrocutado-na-zona-rural-de-dona-euzebia\\\/#primaryimage\",\"url\":\"https:\\\/\\\/marcelolopes.jor.br\\\/site\\\/wp-content\\\/uploads\\\/2022\\\/01\\\/Brigada-Astolfo-Dutra.jpg\",\"contentUrl\":\"https:\\\/\\\/marcelolopes.jor.br\\\/site\\\/wp-content\\\/uploads\\\/2022\\\/01\\\/Brigada-Astolfo-Dutra.jpg\",\"width\":800,\"height\":513,\"caption\":\"Homem morre eletrocutado na\"},{\"@type\":\"BreadcrumbList\",\"@id\":\"https:\\\/\\\/marcelolopes.jor.br\\\/site\\\/2022\\\/01\\\/17\\\/homem-morre-eletrocutado-na-zona-rural-de-dona-euzebia\\\/#breadcrumb\",\"itemListElement\":[{\"@type\":\"ListItem\",\"position\":1,\"name\":\"Home\",\"item\":\"https:\\\/\\\/marcelolopes.jor.br\\\/site\\\/\"},{\"@type\":\"ListItem\",\"position\":2,\"name\":\"Homem morre eletrocutado na zona rural de Dona Euz\u00e9bia\"}]},{\"@type\":\"WebSite\",\"@id\":\"https:\\\/\\\/marcelolopes.jor.br\\\/site\\\/#website\",\"url\":\"https:\\\/\\\/marcelolopes.jor.br\\\/site\\\/\",\"name\":\"Marcelo Lopes\",\"description\":\"Not\u00edcias de Cataguases e Regi\u00e3o\",\"publisher\":{\"@id\":\"https:\\\/\\\/marcelolopes.jor.br\\\/site\\\/#organization\"},\"potentialAction\":[{\"@type\":\"SearchAction\",\"target\":{\"@type\":\"EntryPoint\",\"urlTemplate\":\"https:\\\/\\\/marcelolopes.jor.br\\\/site\\\/?s={search_term_string}\"},\"query-input\":{\"@type\":\"PropertyValueSpecification\",\"valueRequired\":true,\"valueName\":\"search_term_string\"}}],\"inLanguage\":\"pt-BR\"},{\"@type\":\"Organization\",\"@id\":\"https:\\\/\\\/marcelolopes.jor.br\\\/site\\\/#organization\",\"name\":\"Site do Marcelo Lopes\",\"url\":\"https:\\\/\\\/marcelolopes.jor.br\\\/site\\\/\",\"logo\":{\"@type\":\"ImageObject\",\"inLanguage\":\"pt-BR\",\"@id\":\"https:\\\/\\\/marcelolopes.jor.br\\\/site\\\/#\\\/schema\\\/logo\\\/image\\\/\",\"url\":\"https:\\\/\\\/marcelolopes.jor.br\\\/site\\\/wp-content\\\/uploads\\\/2024\\\/11\\\/logo-1.png\",\"contentUrl\":\"https:\\\/\\\/marcelolopes.jor.br\\\/site\\\/wp-content\\\/uploads\\\/2024\\\/11\\\/logo-1.png\",\"width\":475,\"height\":80,\"caption\":\"Site do Marcelo Lopes\"},\"image\":{\"@id\":\"https:\\\/\\\/marcelolopes.jor.br\\\/site\\\/#\\\/schema\\\/logo\\\/image\\\/\"},\"sameAs\":[\"https:\\\/\\\/www.facebook.com\\\/sitedomarcelolopes\",\"https:\\\/\\\/www.instagram.com\\\/sitedomarcelolopes\\\/\",\"https:\\\/\\\/www.linkedin.com\\\/company\\\/site-do-marcelo-lopes\\\/\",\"https:\\\/\\\/www.youtube.com\\\/user\\\/marcelolopes957\"]},{\"@type\":\"Person\",\"@id\":\"https:\\\/\\\/marcelolopes.jor.br\\\/site\\\/#\\\/schema\\\/person\\\/3e7216a35c34d8fdf952b31da3d1f89f\",\"name\":\"Marcelo Lopes\",\"sameAs\":[\"http:\\\/\\\/www.marcelolopes.jor.br\"],\"url\":\"https:\\\/\\\/marcelolopes.jor.br\\\/site\\\/author\\\/marcelo\\\/\"}]}<\/script>\n<!-- \/ Yoast SEO plugin. -->","yoast_head_json":{"title":"Homem morre eletrocutado na zona rural de Dona Euz\u00e9bia","description":"Homem morre eletrocutado na zona rural de Dona Euz\u00e9bia. Ele trabalhava em um poste quando recebeu uma descarga el\u00e9trica.","robots":{"index":"index","follow":"follow","max-snippet":"max-snippet:-1","max-image-preview":"max-image-preview:large","max-video-preview":"max-video-preview:-1"},"canonical":"https:\/\/marcelolopes.jor.br\/site\/2022\/01\/17\/homem-morre-eletrocutado-na-zona-rural-de-dona-euzebia\/","og_locale":"pt_BR","og_type":"article","og_title":"Homem morre eletrocutado na zona rural de Dona Euz\u00e9bia","og_description":"Homem morre eletrocutado na zona rural de Dona Euz\u00e9bia. Ele trabalhava em um poste quando recebeu uma descarga el\u00e9trica.","og_url":"https:\/\/marcelolopes.jor.br\/site\/2022\/01\/17\/homem-morre-eletrocutado-na-zona-rural-de-dona-euzebia\/","og_site_name":"Marcelo Lopes","article_publisher":"https:\/\/www.facebook.com\/sitedomarcelolopes","article_published_time":"2022-01-18T00:40:58+00:00","article_modified_time":"2022-10-26T22:03:14+00:00","og_image":[{"width":800,"height":513,"url":"https:\/\/marcelolopes.jor.br\/site\/wp-content\/uploads\/2022\/01\/Brigada-Astolfo-Dutra.jpg","type":"image\/jpeg"}],"author":"Marcelo Lopes","twitter_card":"summary_large_image","twitter_misc":{"Escrito por":"Marcelo Lopes","Est. tempo de leitura":"1 minuto"},"schema":{"@context":"https:\/\/schema.org","@graph":[{"@type":"NewsArticle","@id":"https:\/\/marcelolopes.jor.br\/site\/2022\/01\/17\/homem-morre-eletrocutado-na-zona-rural-de-dona-euzebia\/#article","isPartOf":{"@id":"https:\/\/marcelolopes.jor.br\/site\/2022\/01\/17\/homem-morre-eletrocutado-na-zona-rural-de-dona-euzebia\/"},"author":{"name":"Marcelo Lopes","@id":"https:\/\/marcelolopes.jor.br\/site\/#\/schema\/person\/3e7216a35c34d8fdf952b31da3d1f89f"},"headline":"Homem morre eletrocutado na zona rural de Dona Euz\u00e9bia","datePublished":"2022-01-18T00:40:58+00:00","dateModified":"2022-10-26T22:03:14+00:00","mainEntityOfPage":{"@id":"https:\/\/marcelolopes.jor.br\/site\/2022\/01\/17\/homem-morre-eletrocutado-na-zona-rural-de-dona-euzebia\/"},"wordCount":184,"commentCount":0,"publisher":{"@id":"https:\/\/marcelolopes.jor.br\/site\/#organization"},"image":{"@id":"https:\/\/marcelolopes.jor.br\/site\/2022\/01\/17\/homem-morre-eletrocutado-na-zona-rural-de-dona-euzebia\/#primaryimage"},"thumbnailUrl":"https:\/\/marcelolopes.jor.br\/site\/wp-content\/uploads\/2022\/01\/Brigada-Astolfo-Dutra.jpg","keywords":["Dona Euz\u00e9bia","eletrocutado","morte","zona rural"],"articleSection":["Not\u00edcias"],"inLanguage":"pt-BR","potentialAction":[{"@type":"CommentAction","name":"Comment","target":["https:\/\/marcelolopes.jor.br\/site\/2022\/01\/17\/homem-morre-eletrocutado-na-zona-rural-de-dona-euzebia\/#respond"]}]},{"@type":"WebPage","@id":"https:\/\/marcelolopes.jor.br\/site\/2022\/01\/17\/homem-morre-eletrocutado-na-zona-rural-de-dona-euzebia\/","url":"https:\/\/marcelolopes.jor.br\/site\/2022\/01\/17\/homem-morre-eletrocutado-na-zona-rural-de-dona-euzebia\/","name":"Homem morre eletrocutado na zona rural de Dona Euz\u00e9bia","isPartOf":{"@id":"https:\/\/marcelolopes.jor.br\/site\/#website"},"primaryImageOfPage":{"@id":"https:\/\/marcelolopes.jor.br\/site\/2022\/01\/17\/homem-morre-eletrocutado-na-zona-rural-de-dona-euzebia\/#primaryimage"},"image":{"@id":"https:\/\/marcelolopes.jor.br\/site\/2022\/01\/17\/homem-morre-eletrocutado-na-zona-rural-de-dona-euzebia\/#primaryimage"},"thumbnailUrl":"https:\/\/marcelolopes.jor.br\/site\/wp-content\/uploads\/2022\/01\/Brigada-Astolfo-Dutra.jpg","datePublished":"2022-01-18T00:40:58+00:00","dateModified":"2022-10-26T22:03:14+00:00","description":"Homem morre eletrocutado na zona rural de Dona Euz\u00e9bia. Ele trabalhava em um poste quando recebeu uma descarga el\u00e9trica.","breadcrumb":{"@id":"https:\/\/marcelolopes.jor.br\/site\/2022\/01\/17\/homem-morre-eletrocutado-na-zona-rural-de-dona-euzebia\/#breadcrumb"},"inLanguage":"pt-BR","potentialAction":[{"@type":"ReadAction","target":["https:\/\/marcelolopes.jor.br\/site\/2022\/01\/17\/homem-morre-eletrocutado-na-zona-rural-de-dona-euzebia\/"]}]},{"@type":"ImageObject","inLanguage":"pt-BR","@id":"https:\/\/marcelolopes.jor.br\/site\/2022\/01\/17\/homem-morre-eletrocutado-na-zona-rural-de-dona-euzebia\/#primaryimage","url":"https:\/\/marcelolopes.jor.br\/site\/wp-content\/uploads\/2022\/01\/Brigada-Astolfo-Dutra.jpg","contentUrl":"https:\/\/marcelolopes.jor.br\/site\/wp-content\/uploads\/2022\/01\/Brigada-Astolfo-Dutra.jpg","width":800,"height":513,"caption":"Homem morre eletrocutado na"},{"@type":"BreadcrumbList","@id":"https:\/\/marcelolopes.jor.br\/site\/2022\/01\/17\/homem-morre-eletrocutado-na-zona-rural-de-dona-euzebia\/#breadcrumb","itemListElement":[{"@type":"ListItem","position":1,"name":"Home","item":"https:\/\/marcelolopes.jor.br\/site\/"},{"@type":"ListItem","position":2,"name":"Homem morre eletrocutado na zona rural de Dona Euz\u00e9bia"}]},{"@type":"WebSite","@id":"https:\/\/marcelolopes.jor.br\/site\/#website","url":"https:\/\/marcelolopes.jor.br\/site\/","name":"Marcelo Lopes","description":"Not\u00edcias de Cataguases e Regi\u00e3o","publisher":{"@id":"https:\/\/marcelolopes.jor.br\/site\/#organization"},"potentialAction":[{"@type":"SearchAction","target":{"@type":"EntryPoint","urlTemplate":"https:\/\/marcelolopes.jor.br\/site\/?s={search_term_string}"},"query-input":{"@type":"PropertyValueSpecification","valueRequired":true,"valueName":"search_term_string"}}],"inLanguage":"pt-BR"},{"@type":"Organization","@id":"https:\/\/marcelolopes.jor.br\/site\/#organization","name":"Site do Marcelo Lopes","url":"https:\/\/marcelolopes.jor.br\/site\/","logo":{"@type":"ImageObject","inLanguage":"pt-BR","@id":"https:\/\/marcelolopes.jor.br\/site\/#\/schema\/logo\/image\/","url":"https:\/\/marcelolopes.jor.br\/site\/wp-content\/uploads\/2024\/11\/logo-1.png","contentUrl":"https:\/\/marcelolopes.jor.br\/site\/wp-content\/uploads\/2024\/11\/logo-1.png","width":475,"height":80,"caption":"Site do Marcelo Lopes"},"image":{"@id":"https:\/\/marcelolopes.jor.br\/site\/#\/schema\/logo\/image\/"},"sameAs":["https:\/\/www.facebook.com\/sitedomarcelolopes","https:\/\/www.instagram.com\/sitedomarcelolopes\/","https:\/\/www.linkedin.com\/company\/site-do-marcelo-lopes\/","https:\/\/www.youtube.com\/user\/marcelolopes957"]},{"@type":"Person","@id":"https:\/\/marcelolopes.jor.br\/site\/#\/schema\/person\/3e7216a35c34d8fdf952b31da3d1f89f","name":"Marcelo Lopes","sameAs":["http:\/\/www.marcelolopes.jor.br"],"url":"https:\/\/marcelolopes.jor.br\/site\/author\/marcelo\/"}]}},"wps_subtitle":"Ele trabalhava em um poste quando recebeu uma descarga el\u00e9trica.","_links":{"self":[{"href":"https:\/\/marcelolopes.jor.br\/site\/wp-json\/wp\/v2\/posts\/30136","targetHints":{"allow":["GET"]}}],"collection":[{"href":"https:\/\/marcelolopes.jor.br\/site\/wp-json\/wp\/v2\/posts"}],"about":[{"href":"https:\/\/marcelolopes.jor.br\/site\/wp-json\/wp\/v2\/types\/post"}],"author":[{"embeddable":true,"href":"https:\/\/marcelolopes.jor.br\/site\/wp-json\/wp\/v2\/users\/2"}],"replies":[{"embeddable":true,"href":"https:\/\/marcelolopes.jor.br\/site\/wp-json\/wp\/v2\/comments?post=30136"}],"version-history":[{"count":0,"href":"https:\/\/marcelolopes.jor.br\/site\/wp-json\/wp\/v2\/posts\/30136\/revisions"}],"wp:featuredmedia":[{"embeddable":true,"href":"https:\/\/marcelolopes.jor.br\/site\/wp-json\/wp\/v2\/media\/30138"}],"wp:attachment":[{"href":"https:\/\/marcelolopes.jor.br\/site\/wp-json\/wp\/v2\/media?parent=30136"}],"wp:term":[{"taxonomy":"category","embeddable":true,"href":"https:\/\/marcelolopes.jor.br\/site\/wp-json\/wp\/v2\/categories?post=30136"},{"taxonomy":"post_tag","embeddable":true,"href":"https:\/\/marcelolopes.jor.br\/site\/wp-json\/wp\/v2\/tags?post=30136"}],"curies":[{"name":"wp","href":"https:\/\/api.w.org\/{rel}","templated":true}]}}