{"id":30092,"date":"2022-01-16T16:00:41","date_gmt":"2022-01-16T19:00:41","guid":{"rendered":"https:\/\/marcelolopes.jor.br\/?p=30092"},"modified":"2022-01-16T11:46:47","modified_gmt":"2022-01-16T14:46:47","slug":"santana-de-cataguases-cancela-os-eventos-oficiais-do-carnaval-2022","status":"publish","type":"post","link":"https:\/\/marcelolopes.jor.br\/site\/2022\/01\/16\/santana-de-cataguases-cancela-os-eventos-oficiais-do-carnaval-2022\/","title":{"rendered":"Santana de Cataguases cancela os eventos oficiais do Carnaval 2022"},"content":{"rendered":"<p style=\"text-align: justify;\">A Prefeitura de Santana de Cataguases cancelou os festejos oficiais do Carnaval 2022. Comunicado neste sentido foi divulgado na sexta-feira, 14 de janeiro. O motivo \u00e9 o aumento dos casos de Covid-19 naquele munic\u00edpio, explicou o texto que voc\u00ea l\u00ea na \u00edntegra ao final desta mat\u00e9ria. A prefeitura justificou tamb\u00e9m a decis\u00e3o alegando que \u00e9 &#8220;miss\u00e3o do poder p\u00fablico priorizar o bem-estar de seus cidad\u00e3os e proteger a sa\u00fade de todos\u201d.<!--more--><\/p>\n<p style=\"text-align: justify;\">Santana de Cataguases realiza um dos eventos carnavalescos mais concorridos da regi\u00e3o. O Bloco da Farinha sai duas vezes durante o Reinado de Momo (domingo e ter\u00e7a-feira de Carnaval) quando milhares de pessoas tomam as ruas daquela cidade. Al\u00e9m de muita m\u00fasica e descontra\u00e7\u00e3o, o Bloco ficou famoso porque a farinha \u00e9 a atra\u00e7\u00e3o principal, pois \u00e9 imposs\u00edvel participar dele sem ser atingido pelo produto que \u00e9 arremessado aleatoriamente pelos pr\u00f3prios participantes.<\/p>\n<p style=\"text-align: justify;\">De acordo com a prefeitura \u201cfoi uma decis\u00e3o dif\u00edcil devido a diferen\u00e7as de opini\u00f5es, mas devemos ser cautelosos com esta pandemia. Estamos vivenciando novamente um aumento de casos em nossa cidade. Devemos ter prud\u00eancia e sabedoria\u201d, acrescenta o comunicado, reiterando em seguida a &#8220;import\u00e2ncia cultural ou mesmo econ\u00f4mica dessas festividades, mas n\u00e3o podemos nos responsabilizar pelo aumento do n\u00famero de pessoas infectadas com Covid-19.\u201d O texto tamb\u00e9m deixa claro que &#8220;alguns pequenos eventos que ainda acontecem na cidade s\u00e3o eleg\u00edveis ao protocolo do programa Minas Consciente.&#8221;<\/p>\n<p style=\"text-align: justify;\">Leia o comunicado oficial abaixo.<\/p>\n<p><img loading=\"lazy\" decoding=\"async\" class=\"aligncenter wp-image-30094\" src=\"https:\/\/marcelolopes.jor.br\/site\/wp-content\/uploads\/2022\/01\/269782737_1572166656482037_3663711858894552417_n-266x300.jpeg\" alt=\"\" width=\"700\" height=\"788\" srcset=\"https:\/\/marcelolopes.jor.br\/site\/wp-content\/uploads\/2022\/01\/269782737_1572166656482037_3663711858894552417_n-266x300.jpeg 266w, https:\/\/marcelolopes.jor.br\/site\/wp-content\/uploads\/2022\/01\/269782737_1572166656482037_3663711858894552417_n-910x1024.jpeg 910w, https:\/\/marcelolopes.jor.br\/site\/wp-content\/uploads\/2022\/01\/269782737_1572166656482037_3663711858894552417_n-768x865.jpeg 768w, https:\/\/marcelolopes.jor.br\/site\/wp-content\/uploads\/2022\/01\/269782737_1572166656482037_3663711858894552417_n-1066x1200.jpeg 1066w, https:\/\/marcelolopes.jor.br\/site\/wp-content\/uploads\/2022\/01\/269782737_1572166656482037_3663711858894552417_n.jpeg 1137w\" sizes=\"auto, (max-width: 700px) 100vw, 700px\" \/><\/p>\n<div class=\"zrwfa69f727ff06ab5\" ><br><\/div><style type=\"text\/css\">\r\n@media screen and (min-width: 1201px) {\r\n.zrwfa69f727ff06ab5 {\r\ndisplay: block;\r\n}\r\n}\r\n@media screen and (min-width: 993px) and (max-width: 1200px) {\r\n.zrwfa69f727ff06ab5 {\r\ndisplay: block;\r\n}\r\n}\r\n@media screen and (min-width: 769px) and (max-width: 992px) {\r\n.zrwfa69f727ff06ab5 {\r\ndisplay: block;\r\n}\r\n}\r\n@media screen and (min-width: 768px) and (max-width: 768px) {\r\n.zrwfa69f727ff06ab5 {\r\ndisplay: block;\r\n}\r\n}\r\n@media screen and (max-width: 767px) {\r\n.zrwfa69f727ff06ab5 {\r\ndisplay: block;\r\n}\r\n}\r\n<\/style>\r\n<div class=\"tbwnv69f727ff0c7c3\" ><div id=\"div_destino\"><\/div>\r\n<script src=\"https:\/\/cdn.snsrsv.com\/sdk.js\"><\/script>\r\n<script >\r\n      new sdk(\"464030C30061EA8BE065000000000001\") \r\n          .appendTo(\"div_destino\")\r\n          .disableStyle(true) \r\n          .setCacheBusterMacro(\"%%CACHEBUSTER%%\")\r\n          .setSize(\"800\",\"214\")\r\n          .setClickMacro(\"%%CLICK_URL_ESC%%\") \r\n          .setReferrerUrlMacro(\"%%REFERRER_URL_ESC%%\") \r\n          .start(); \r\n<\/script><\/div><style type=\"text\/css\">\r\n@media screen and (min-width: 1201px) {\r\n.tbwnv69f727ff0c7c3 {\r\ndisplay: block;\r\n}\r\n}\r\n@media screen and (min-width: 993px) and (max-width: 1200px) {\r\n.tbwnv69f727ff0c7c3 {\r\ndisplay: block;\r\n}\r\n}\r\n@media screen and (min-width: 769px) and (max-width: 992px) {\r\n.tbwnv69f727ff0c7c3 {\r\ndisplay: block;\r\n}\r\n}\r\n@media screen and (min-width: 768px) and (max-width: 768px) {\r\n.tbwnv69f727ff0c7c3 {\r\ndisplay: block;\r\n}\r\n}\r\n@media screen and (max-width: 767px) {\r\n.tbwnv69f727ff0c7c3 {\r\ndisplay: block;\r\n}\r\n}\r\n<\/style>\r\n","protected":false},"excerpt":{"rendered":"<p>A Prefeitura de Santana de Cataguases cancelou os festejos oficiais do Carnaval 2022. Comunicado neste sentido foi divulgado na sexta-feira, 14 de janeiro. O motivo \u00e9 o aumento dos casos de Covid-19 naquele munic\u00edpio, explicou o texto que voc\u00ea l\u00ea<\/p>\n<p class=\"link-more\"><a class=\"more-link\" href=\"https:\/\/marcelolopes.jor.br\/site\/2022\/01\/16\/santana-de-cataguases-cancela-os-eventos-oficiais-do-carnaval-2022\/\">Leia mais <span class=\"screen-reader-text\">Santana de Cataguases cancela os eventos oficiais do Carnaval 2022<\/span><\/a><\/p>\n","protected":false},"author":2,"featured_media":30095,"comment_status":"open","ping_status":"open","sticky":false,"template":"","format":"standard","meta":{"footnotes":""},"categories":[1],"tags":[2048,5318,5102,3927],"class_list":["post-30092","post","type-post","status-publish","format-standard","has-post-thumbnail","hentry","category-noticias","tag-bloco-da-farinha","tag-cancelamento-do-carnaval","tag-carnaval-2022","tag-prefeitura-de-santana-de-cataguases","thumb-below-title"],"yoast_head":"<!-- This site is optimized with the Yoast SEO plugin v27.4 - https:\/\/yoast.com\/product\/yoast-seo-wordpress\/ -->\n<title>Santana de Cataguases cancela os eventos oficiais do Carnaval 2022 | Marcelo Lopes<\/title>\n<meta name=\"robots\" content=\"index, follow, max-snippet:-1, max-image-preview:large, max-video-preview:-1\" \/>\n<link rel=\"canonical\" href=\"https:\/\/marcelolopes.jor.br\/site\/2022\/01\/16\/santana-de-cataguases-cancela-os-eventos-oficiais-do-carnaval-2022\/\" \/>\n<meta property=\"og:locale\" content=\"pt_BR\" \/>\n<meta property=\"og:type\" content=\"article\" \/>\n<meta property=\"og:title\" content=\"Santana de Cataguases cancela os eventos oficiais do Carnaval 2022 | Marcelo Lopes\" \/>\n<meta property=\"og:description\" content=\"A Prefeitura de Santana de Cataguases cancelou os festejos oficiais do Carnaval 2022. Comunicado neste sentido foi divulgado na sexta-feira, 14 de janeiro. O motivo \u00e9 o aumento dos casos de Covid-19 naquele munic\u00edpio, explicou o texto que voc\u00ea l\u00eaLeia mais Santana de Cataguases cancela os eventos oficiais do Carnaval 2022\" \/>\n<meta property=\"og:url\" content=\"https:\/\/marcelolopes.jor.br\/site\/2022\/01\/16\/santana-de-cataguases-cancela-os-eventos-oficiais-do-carnaval-2022\/\" \/>\n<meta property=\"og:site_name\" content=\"Marcelo Lopes\" \/>\n<meta property=\"article:publisher\" content=\"https:\/\/www.facebook.com\/sitedomarcelolopes\" \/>\n<meta property=\"article:published_time\" content=\"2022-01-16T19:00:41+00:00\" \/>\n<meta property=\"og:image\" content=\"https:\/\/marcelolopes.jor.br\/site\/wp-content\/uploads\/2022\/01\/Praca-em-Santana.jpg\" \/>\n\t<meta property=\"og:image:width\" content=\"1341\" \/>\n\t<meta property=\"og:image:height\" content=\"709\" \/>\n\t<meta property=\"og:image:type\" content=\"image\/jpeg\" \/>\n<meta name=\"author\" content=\"Marcelo Lopes\" \/>\n<meta name=\"twitter:card\" content=\"summary_large_image\" \/>\n<meta name=\"twitter:label1\" content=\"Escrito por\" \/>\n\t<meta name=\"twitter:data1\" content=\"Marcelo Lopes\" \/>\n\t<meta name=\"twitter:label2\" content=\"Est. tempo de leitura\" \/>\n\t<meta name=\"twitter:data2\" content=\"1 minuto\" \/>\n<script type=\"application\/ld+json\" class=\"yoast-schema-graph\">{\"@context\":\"https:\\\/\\\/schema.org\",\"@graph\":[{\"@type\":\"NewsArticle\",\"@id\":\"https:\\\/\\\/marcelolopes.jor.br\\\/site\\\/2022\\\/01\\\/16\\\/santana-de-cataguases-cancela-os-eventos-oficiais-do-carnaval-2022\\\/#article\",\"isPartOf\":{\"@id\":\"https:\\\/\\\/marcelolopes.jor.br\\\/site\\\/2022\\\/01\\\/16\\\/santana-de-cataguases-cancela-os-eventos-oficiais-do-carnaval-2022\\\/\"},\"author\":{\"name\":\"Marcelo Lopes\",\"@id\":\"https:\\\/\\\/marcelolopes.jor.br\\\/site\\\/#\\\/schema\\\/person\\\/3e7216a35c34d8fdf952b31da3d1f89f\"},\"headline\":\"Santana de Cataguases cancela os eventos oficiais do Carnaval 2022\",\"datePublished\":\"2022-01-16T19:00:41+00:00\",\"mainEntityOfPage\":{\"@id\":\"https:\\\/\\\/marcelolopes.jor.br\\\/site\\\/2022\\\/01\\\/16\\\/santana-de-cataguases-cancela-os-eventos-oficiais-do-carnaval-2022\\\/\"},\"wordCount\":264,\"commentCount\":0,\"publisher\":{\"@id\":\"https:\\\/\\\/marcelolopes.jor.br\\\/site\\\/#organization\"},\"image\":{\"@id\":\"https:\\\/\\\/marcelolopes.jor.br\\\/site\\\/2022\\\/01\\\/16\\\/santana-de-cataguases-cancela-os-eventos-oficiais-do-carnaval-2022\\\/#primaryimage\"},\"thumbnailUrl\":\"https:\\\/\\\/marcelolopes.jor.br\\\/site\\\/wp-content\\\/uploads\\\/2022\\\/01\\\/Praca-em-Santana.jpg\",\"keywords\":[\"Bloco da Farinha\",\"cancelamento do carnaval\",\"Carnaval 2022\",\"prefeitura de Santana de Cataguases\"],\"articleSection\":[\"Not\u00edcias\"],\"inLanguage\":\"pt-BR\",\"potentialAction\":[{\"@type\":\"CommentAction\",\"name\":\"Comment\",\"target\":[\"https:\\\/\\\/marcelolopes.jor.br\\\/site\\\/2022\\\/01\\\/16\\\/santana-de-cataguases-cancela-os-eventos-oficiais-do-carnaval-2022\\\/#respond\"]}]},{\"@type\":\"WebPage\",\"@id\":\"https:\\\/\\\/marcelolopes.jor.br\\\/site\\\/2022\\\/01\\\/16\\\/santana-de-cataguases-cancela-os-eventos-oficiais-do-carnaval-2022\\\/\",\"url\":\"https:\\\/\\\/marcelolopes.jor.br\\\/site\\\/2022\\\/01\\\/16\\\/santana-de-cataguases-cancela-os-eventos-oficiais-do-carnaval-2022\\\/\",\"name\":\"Santana de Cataguases cancela os eventos oficiais do Carnaval 2022 | Marcelo Lopes\",\"isPartOf\":{\"@id\":\"https:\\\/\\\/marcelolopes.jor.br\\\/site\\\/#website\"},\"primaryImageOfPage\":{\"@id\":\"https:\\\/\\\/marcelolopes.jor.br\\\/site\\\/2022\\\/01\\\/16\\\/santana-de-cataguases-cancela-os-eventos-oficiais-do-carnaval-2022\\\/#primaryimage\"},\"image\":{\"@id\":\"https:\\\/\\\/marcelolopes.jor.br\\\/site\\\/2022\\\/01\\\/16\\\/santana-de-cataguases-cancela-os-eventos-oficiais-do-carnaval-2022\\\/#primaryimage\"},\"thumbnailUrl\":\"https:\\\/\\\/marcelolopes.jor.br\\\/site\\\/wp-content\\\/uploads\\\/2022\\\/01\\\/Praca-em-Santana.jpg\",\"datePublished\":\"2022-01-16T19:00:41+00:00\",\"breadcrumb\":{\"@id\":\"https:\\\/\\\/marcelolopes.jor.br\\\/site\\\/2022\\\/01\\\/16\\\/santana-de-cataguases-cancela-os-eventos-oficiais-do-carnaval-2022\\\/#breadcrumb\"},\"inLanguage\":\"pt-BR\",\"potentialAction\":[{\"@type\":\"ReadAction\",\"target\":[\"https:\\\/\\\/marcelolopes.jor.br\\\/site\\\/2022\\\/01\\\/16\\\/santana-de-cataguases-cancela-os-eventos-oficiais-do-carnaval-2022\\\/\"]}]},{\"@type\":\"ImageObject\",\"inLanguage\":\"pt-BR\",\"@id\":\"https:\\\/\\\/marcelolopes.jor.br\\\/site\\\/2022\\\/01\\\/16\\\/santana-de-cataguases-cancela-os-eventos-oficiais-do-carnaval-2022\\\/#primaryimage\",\"url\":\"https:\\\/\\\/marcelolopes.jor.br\\\/site\\\/wp-content\\\/uploads\\\/2022\\\/01\\\/Praca-em-Santana.jpg\",\"contentUrl\":\"https:\\\/\\\/marcelolopes.jor.br\\\/site\\\/wp-content\\\/uploads\\\/2022\\\/01\\\/Praca-em-Santana.jpg\",\"width\":1341,\"height\":709},{\"@type\":\"BreadcrumbList\",\"@id\":\"https:\\\/\\\/marcelolopes.jor.br\\\/site\\\/2022\\\/01\\\/16\\\/santana-de-cataguases-cancela-os-eventos-oficiais-do-carnaval-2022\\\/#breadcrumb\",\"itemListElement\":[{\"@type\":\"ListItem\",\"position\":1,\"name\":\"Home\",\"item\":\"https:\\\/\\\/marcelolopes.jor.br\\\/site\\\/\"},{\"@type\":\"ListItem\",\"position\":2,\"name\":\"Santana de Cataguases cancela os eventos oficiais do Carnaval 2022\"}]},{\"@type\":\"WebSite\",\"@id\":\"https:\\\/\\\/marcelolopes.jor.br\\\/site\\\/#website\",\"url\":\"https:\\\/\\\/marcelolopes.jor.br\\\/site\\\/\",\"name\":\"Marcelo Lopes\",\"description\":\"Not\u00edcias de Cataguases e Regi\u00e3o\",\"publisher\":{\"@id\":\"https:\\\/\\\/marcelolopes.jor.br\\\/site\\\/#organization\"},\"potentialAction\":[{\"@type\":\"SearchAction\",\"target\":{\"@type\":\"EntryPoint\",\"urlTemplate\":\"https:\\\/\\\/marcelolopes.jor.br\\\/site\\\/?s={search_term_string}\"},\"query-input\":{\"@type\":\"PropertyValueSpecification\",\"valueRequired\":true,\"valueName\":\"search_term_string\"}}],\"inLanguage\":\"pt-BR\"},{\"@type\":\"Organization\",\"@id\":\"https:\\\/\\\/marcelolopes.jor.br\\\/site\\\/#organization\",\"name\":\"Site do Marcelo Lopes\",\"url\":\"https:\\\/\\\/marcelolopes.jor.br\\\/site\\\/\",\"logo\":{\"@type\":\"ImageObject\",\"inLanguage\":\"pt-BR\",\"@id\":\"https:\\\/\\\/marcelolopes.jor.br\\\/site\\\/#\\\/schema\\\/logo\\\/image\\\/\",\"url\":\"https:\\\/\\\/marcelolopes.jor.br\\\/site\\\/wp-content\\\/uploads\\\/2024\\\/11\\\/logo-1.png\",\"contentUrl\":\"https:\\\/\\\/marcelolopes.jor.br\\\/site\\\/wp-content\\\/uploads\\\/2024\\\/11\\\/logo-1.png\",\"width\":475,\"height\":80,\"caption\":\"Site do Marcelo Lopes\"},\"image\":{\"@id\":\"https:\\\/\\\/marcelolopes.jor.br\\\/site\\\/#\\\/schema\\\/logo\\\/image\\\/\"},\"sameAs\":[\"https:\\\/\\\/www.facebook.com\\\/sitedomarcelolopes\",\"https:\\\/\\\/www.instagram.com\\\/sitedomarcelolopes\\\/\",\"https:\\\/\\\/www.linkedin.com\\\/company\\\/site-do-marcelo-lopes\\\/\",\"https:\\\/\\\/www.youtube.com\\\/user\\\/marcelolopes957\"]},{\"@type\":\"Person\",\"@id\":\"https:\\\/\\\/marcelolopes.jor.br\\\/site\\\/#\\\/schema\\\/person\\\/3e7216a35c34d8fdf952b31da3d1f89f\",\"name\":\"Marcelo Lopes\",\"sameAs\":[\"http:\\\/\\\/www.marcelolopes.jor.br\"],\"url\":\"https:\\\/\\\/marcelolopes.jor.br\\\/site\\\/author\\\/marcelo\\\/\"}]}<\/script>\n<!-- \/ Yoast SEO plugin. -->","yoast_head_json":{"title":"Santana de Cataguases cancela os eventos oficiais do Carnaval 2022 | Marcelo Lopes","robots":{"index":"index","follow":"follow","max-snippet":"max-snippet:-1","max-image-preview":"max-image-preview:large","max-video-preview":"max-video-preview:-1"},"canonical":"https:\/\/marcelolopes.jor.br\/site\/2022\/01\/16\/santana-de-cataguases-cancela-os-eventos-oficiais-do-carnaval-2022\/","og_locale":"pt_BR","og_type":"article","og_title":"Santana de Cataguases cancela os eventos oficiais do Carnaval 2022 | Marcelo Lopes","og_description":"A Prefeitura de Santana de Cataguases cancelou os festejos oficiais do Carnaval 2022. Comunicado neste sentido foi divulgado na sexta-feira, 14 de janeiro. O motivo \u00e9 o aumento dos casos de Covid-19 naquele munic\u00edpio, explicou o texto que voc\u00ea l\u00eaLeia mais Santana de Cataguases cancela os eventos oficiais do Carnaval 2022","og_url":"https:\/\/marcelolopes.jor.br\/site\/2022\/01\/16\/santana-de-cataguases-cancela-os-eventos-oficiais-do-carnaval-2022\/","og_site_name":"Marcelo Lopes","article_publisher":"https:\/\/www.facebook.com\/sitedomarcelolopes","article_published_time":"2022-01-16T19:00:41+00:00","og_image":[{"width":1341,"height":709,"url":"https:\/\/marcelolopes.jor.br\/site\/wp-content\/uploads\/2022\/01\/Praca-em-Santana.jpg","type":"image\/jpeg"}],"author":"Marcelo Lopes","twitter_card":"summary_large_image","twitter_misc":{"Escrito por":"Marcelo Lopes","Est. tempo de leitura":"1 minuto"},"schema":{"@context":"https:\/\/schema.org","@graph":[{"@type":"NewsArticle","@id":"https:\/\/marcelolopes.jor.br\/site\/2022\/01\/16\/santana-de-cataguases-cancela-os-eventos-oficiais-do-carnaval-2022\/#article","isPartOf":{"@id":"https:\/\/marcelolopes.jor.br\/site\/2022\/01\/16\/santana-de-cataguases-cancela-os-eventos-oficiais-do-carnaval-2022\/"},"author":{"name":"Marcelo Lopes","@id":"https:\/\/marcelolopes.jor.br\/site\/#\/schema\/person\/3e7216a35c34d8fdf952b31da3d1f89f"},"headline":"Santana de Cataguases cancela os eventos oficiais do Carnaval 2022","datePublished":"2022-01-16T19:00:41+00:00","mainEntityOfPage":{"@id":"https:\/\/marcelolopes.jor.br\/site\/2022\/01\/16\/santana-de-cataguases-cancela-os-eventos-oficiais-do-carnaval-2022\/"},"wordCount":264,"commentCount":0,"publisher":{"@id":"https:\/\/marcelolopes.jor.br\/site\/#organization"},"image":{"@id":"https:\/\/marcelolopes.jor.br\/site\/2022\/01\/16\/santana-de-cataguases-cancela-os-eventos-oficiais-do-carnaval-2022\/#primaryimage"},"thumbnailUrl":"https:\/\/marcelolopes.jor.br\/site\/wp-content\/uploads\/2022\/01\/Praca-em-Santana.jpg","keywords":["Bloco da Farinha","cancelamento do carnaval","Carnaval 2022","prefeitura de Santana de Cataguases"],"articleSection":["Not\u00edcias"],"inLanguage":"pt-BR","potentialAction":[{"@type":"CommentAction","name":"Comment","target":["https:\/\/marcelolopes.jor.br\/site\/2022\/01\/16\/santana-de-cataguases-cancela-os-eventos-oficiais-do-carnaval-2022\/#respond"]}]},{"@type":"WebPage","@id":"https:\/\/marcelolopes.jor.br\/site\/2022\/01\/16\/santana-de-cataguases-cancela-os-eventos-oficiais-do-carnaval-2022\/","url":"https:\/\/marcelolopes.jor.br\/site\/2022\/01\/16\/santana-de-cataguases-cancela-os-eventos-oficiais-do-carnaval-2022\/","name":"Santana de Cataguases cancela os eventos oficiais do Carnaval 2022 | Marcelo Lopes","isPartOf":{"@id":"https:\/\/marcelolopes.jor.br\/site\/#website"},"primaryImageOfPage":{"@id":"https:\/\/marcelolopes.jor.br\/site\/2022\/01\/16\/santana-de-cataguases-cancela-os-eventos-oficiais-do-carnaval-2022\/#primaryimage"},"image":{"@id":"https:\/\/marcelolopes.jor.br\/site\/2022\/01\/16\/santana-de-cataguases-cancela-os-eventos-oficiais-do-carnaval-2022\/#primaryimage"},"thumbnailUrl":"https:\/\/marcelolopes.jor.br\/site\/wp-content\/uploads\/2022\/01\/Praca-em-Santana.jpg","datePublished":"2022-01-16T19:00:41+00:00","breadcrumb":{"@id":"https:\/\/marcelolopes.jor.br\/site\/2022\/01\/16\/santana-de-cataguases-cancela-os-eventos-oficiais-do-carnaval-2022\/#breadcrumb"},"inLanguage":"pt-BR","potentialAction":[{"@type":"ReadAction","target":["https:\/\/marcelolopes.jor.br\/site\/2022\/01\/16\/santana-de-cataguases-cancela-os-eventos-oficiais-do-carnaval-2022\/"]}]},{"@type":"ImageObject","inLanguage":"pt-BR","@id":"https:\/\/marcelolopes.jor.br\/site\/2022\/01\/16\/santana-de-cataguases-cancela-os-eventos-oficiais-do-carnaval-2022\/#primaryimage","url":"https:\/\/marcelolopes.jor.br\/site\/wp-content\/uploads\/2022\/01\/Praca-em-Santana.jpg","contentUrl":"https:\/\/marcelolopes.jor.br\/site\/wp-content\/uploads\/2022\/01\/Praca-em-Santana.jpg","width":1341,"height":709},{"@type":"BreadcrumbList","@id":"https:\/\/marcelolopes.jor.br\/site\/2022\/01\/16\/santana-de-cataguases-cancela-os-eventos-oficiais-do-carnaval-2022\/#breadcrumb","itemListElement":[{"@type":"ListItem","position":1,"name":"Home","item":"https:\/\/marcelolopes.jor.br\/site\/"},{"@type":"ListItem","position":2,"name":"Santana de Cataguases cancela os eventos oficiais do Carnaval 2022"}]},{"@type":"WebSite","@id":"https:\/\/marcelolopes.jor.br\/site\/#website","url":"https:\/\/marcelolopes.jor.br\/site\/","name":"Marcelo Lopes","description":"Not\u00edcias de Cataguases e Regi\u00e3o","publisher":{"@id":"https:\/\/marcelolopes.jor.br\/site\/#organization"},"potentialAction":[{"@type":"SearchAction","target":{"@type":"EntryPoint","urlTemplate":"https:\/\/marcelolopes.jor.br\/site\/?s={search_term_string}"},"query-input":{"@type":"PropertyValueSpecification","valueRequired":true,"valueName":"search_term_string"}}],"inLanguage":"pt-BR"},{"@type":"Organization","@id":"https:\/\/marcelolopes.jor.br\/site\/#organization","name":"Site do Marcelo Lopes","url":"https:\/\/marcelolopes.jor.br\/site\/","logo":{"@type":"ImageObject","inLanguage":"pt-BR","@id":"https:\/\/marcelolopes.jor.br\/site\/#\/schema\/logo\/image\/","url":"https:\/\/marcelolopes.jor.br\/site\/wp-content\/uploads\/2024\/11\/logo-1.png","contentUrl":"https:\/\/marcelolopes.jor.br\/site\/wp-content\/uploads\/2024\/11\/logo-1.png","width":475,"height":80,"caption":"Site do Marcelo Lopes"},"image":{"@id":"https:\/\/marcelolopes.jor.br\/site\/#\/schema\/logo\/image\/"},"sameAs":["https:\/\/www.facebook.com\/sitedomarcelolopes","https:\/\/www.instagram.com\/sitedomarcelolopes\/","https:\/\/www.linkedin.com\/company\/site-do-marcelo-lopes\/","https:\/\/www.youtube.com\/user\/marcelolopes957"]},{"@type":"Person","@id":"https:\/\/marcelolopes.jor.br\/site\/#\/schema\/person\/3e7216a35c34d8fdf952b31da3d1f89f","name":"Marcelo Lopes","sameAs":["http:\/\/www.marcelolopes.jor.br"],"url":"https:\/\/marcelolopes.jor.br\/site\/author\/marcelo\/"}]}},"wps_subtitle":"Decis\u00e3o foi publicada na \u00faltima sexta-feira, 14 de janeiro.","_links":{"self":[{"href":"https:\/\/marcelolopes.jor.br\/site\/wp-json\/wp\/v2\/posts\/30092","targetHints":{"allow":["GET"]}}],"collection":[{"href":"https:\/\/marcelolopes.jor.br\/site\/wp-json\/wp\/v2\/posts"}],"about":[{"href":"https:\/\/marcelolopes.jor.br\/site\/wp-json\/wp\/v2\/types\/post"}],"author":[{"embeddable":true,"href":"https:\/\/marcelolopes.jor.br\/site\/wp-json\/wp\/v2\/users\/2"}],"replies":[{"embeddable":true,"href":"https:\/\/marcelolopes.jor.br\/site\/wp-json\/wp\/v2\/comments?post=30092"}],"version-history":[{"count":0,"href":"https:\/\/marcelolopes.jor.br\/site\/wp-json\/wp\/v2\/posts\/30092\/revisions"}],"wp:featuredmedia":[{"embeddable":true,"href":"https:\/\/marcelolopes.jor.br\/site\/wp-json\/wp\/v2\/media\/30095"}],"wp:attachment":[{"href":"https:\/\/marcelolopes.jor.br\/site\/wp-json\/wp\/v2\/media?parent=30092"}],"wp:term":[{"taxonomy":"category","embeddable":true,"href":"https:\/\/marcelolopes.jor.br\/site\/wp-json\/wp\/v2\/categories?post=30092"},{"taxonomy":"post_tag","embeddable":true,"href":"https:\/\/marcelolopes.jor.br\/site\/wp-json\/wp\/v2\/tags?post=30092"}],"curies":[{"name":"wp","href":"https:\/\/api.w.org\/{rel}","templated":true}]}}