{"id":30058,"date":"2022-01-15T10:09:33","date_gmt":"2022-01-15T13:09:33","guid":{"rendered":"https:\/\/marcelolopes.jor.br\/?p=30058"},"modified":"2022-01-15T13:24:13","modified_gmt":"2022-01-15T16:24:13","slug":"sargento-coelho-ex-instrutor-do-proerd-na-regiao-morre-em-acidente-de-moto","status":"publish","type":"post","link":"https:\/\/marcelolopes.jor.br\/site\/2022\/01\/15\/sargento-coelho-ex-instrutor-do-proerd-na-regiao-morre-em-acidente-de-moto\/","title":{"rendered":"Sargento Coelho, ex-instrutor do Proerd na regi\u00e3o, morre em acidente de moto"},"content":{"rendered":"<p style=\"text-align: justify;\">O policial militar reformado Sargento Coelho, que atuou no Programa Educacional de Resist\u00eancia \u00e0s Drogas e \u00e0 Viol\u00eancia (Proerd) de Leopoldina, morreu v\u00edtima de um acidente no munic\u00edpio de Delmiro Gouveia, em Alagoas, enquanto viajava a lazer em uma motocicleta. O acidente aconteceu na tarde desta sexta-feira, 14 de janeiro.<!--more--><\/p>\n<p style=\"text-align: justify;\"><img loading=\"lazy\" decoding=\"async\" class=\"aligncenter wp-image-30060\" src=\"https:\/\/marcelolopes.jor.br\/site\/wp-content\/uploads\/2022\/01\/IMG_0178-300x196.jpg\" alt=\"\" width=\"700\" height=\"457\" srcset=\"https:\/\/marcelolopes.jor.br\/site\/wp-content\/uploads\/2022\/01\/IMG_0178-300x196.jpg 300w, https:\/\/marcelolopes.jor.br\/site\/wp-content\/uploads\/2022\/01\/IMG_0178-768x502.jpg 768w, https:\/\/marcelolopes.jor.br\/site\/wp-content\/uploads\/2022\/01\/IMG_0178.jpg 900w\" sizes=\"auto, (max-width: 700px) 100vw, 700px\" \/>O Sargento Charles Henrique Coelho entrou para a Reserva Altiva da Pol\u00edcia Militar de Minas Gerais no final do ano passado depois de atuar por muitos anos pelo 21\u00ba Batalh\u00e3o da PM em Ub\u00e1, onde era instrutor do Proerd nos munic\u00edpios da regi\u00e3o. Ainda n\u00e3o h\u00e1 informa\u00e7\u00f5es sobre o vel\u00f3rio e seu funeral. O corpo deve chegar a Muria\u00e9 na manh\u00e3 deste domingo.<\/p>\n<p style=\"text-align: justify;\">Conforme as informa\u00e7\u00f5es divulgadas pelo rep\u00f3rter \u00cdtalo Tim\u00f3teo, o militar viajava na sua motocicleta quando, ao chegar no trevo que d\u00e1 acesso ao povoado Valha-me-Deus, distrito de Barragem Linda, no munic\u00edpio de Delmiro Gouveia, no Sert\u00e3o de Alagoas, foi surpreendido por um caminh\u00e3o ca\u00e7amba que n\u00e3o sinalizou corretamente e atravessou a pista, provocando o acidente. Com o impacto, Coelho morreu na hora.<\/p>\n<p style=\"text-align: justify;\">O corpo foi encaminhado ao Instituto M\u00e9dico Legal (IML) e n\u00e3o h\u00e1 informa\u00e7\u00f5es de quando ser\u00e1 feito o sepultamento. Al\u00e9m de ser entusiasta da juventude e da preocupa\u00e7\u00e3o com a sa\u00fade e futuro dos jovens, o ex-instrutor do Proerd tamb\u00e9m era apaixonado pelo motociclismo.<\/p>\n<p style=\"text-align: justify;\">Fonte e fotos: pa4|Oz\u00eddio Alves e O Vigilante Online<\/p>\n<div class=\"inwsv6a955f9e83125\" ><br><\/div><style type=\"text\/css\">\r\n@media screen and (min-width: 1201px) {\r\n.inwsv6a955f9e83125 {\r\ndisplay: block;\r\n}\r\n}\r\n@media screen and (min-width: 993px) and (max-width: 1200px) {\r\n.inwsv6a955f9e83125 {\r\ndisplay: block;\r\n}\r\n}\r\n@media screen and (min-width: 769px) and (max-width: 992px) {\r\n.inwsv6a955f9e83125 {\r\ndisplay: block;\r\n}\r\n}\r\n@media screen and (min-width: 768px) and (max-width: 768px) {\r\n.inwsv6a955f9e83125 {\r\ndisplay: block;\r\n}\r\n}\r\n@media screen and (max-width: 767px) {\r\n.inwsv6a955f9e83125 {\r\ndisplay: block;\r\n}\r\n}\r\n<\/style>\r\n<div class=\"mdskw6a955f9e88b73\" ><div id=\"div_destino\"><\/div>\r\n<script src=\"https:\/\/cdn.snsrsv.com\/sdk.js\"><\/script>\r\n<script >\r\n      new sdk(\"464030C30061EA8BE065000000000001\") \r\n          .appendTo(\"div_destino\")\r\n          .disableStyle(true) \r\n          .setCacheBusterMacro(\"%%CACHEBUSTER%%\")\r\n          .setSize(\"800\",\"214\")\r\n          .setClickMacro(\"%%CLICK_URL_ESC%%\") \r\n          .setReferrerUrlMacro(\"%%REFERRER_URL_ESC%%\") \r\n          .start(); \r\n<\/script><\/div><style type=\"text\/css\">\r\n@media screen and (min-width: 1201px) {\r\n.mdskw6a955f9e88b73 {\r\ndisplay: block;\r\n}\r\n}\r\n@media screen and (min-width: 993px) and (max-width: 1200px) {\r\n.mdskw6a955f9e88b73 {\r\ndisplay: block;\r\n}\r\n}\r\n@media screen and (min-width: 769px) and (max-width: 992px) {\r\n.mdskw6a955f9e88b73 {\r\ndisplay: block;\r\n}\r\n}\r\n@media screen and (min-width: 768px) and (max-width: 768px) {\r\n.mdskw6a955f9e88b73 {\r\ndisplay: block;\r\n}\r\n}\r\n@media screen and (max-width: 767px) {\r\n.mdskw6a955f9e88b73 {\r\ndisplay: block;\r\n}\r\n}\r\n<\/style>\r\n","protected":false},"excerpt":{"rendered":"<p>O policial militar reformado Sargento Coelho, que atuou no Programa Educacional de Resist\u00eancia \u00e0s Drogas e \u00e0 Viol\u00eancia (Proerd) de Leopoldina, morreu v\u00edtima de um acidente no munic\u00edpio de Delmiro Gouveia, em Alagoas, enquanto viajava a lazer em uma motocicleta.<\/p>\n<p class=\"link-more\"><a class=\"more-link\" href=\"https:\/\/marcelolopes.jor.br\/site\/2022\/01\/15\/sargento-coelho-ex-instrutor-do-proerd-na-regiao-morre-em-acidente-de-moto\/\">Leia mais <span class=\"screen-reader-text\">Sargento Coelho, ex-instrutor do Proerd na regi\u00e3o, morre em acidente de moto<\/span><\/a><\/p>\n","protected":false},"author":2,"featured_media":30061,"comment_status":"open","ping_status":"open","sticky":false,"template":"","format":"standard","meta":{"footnotes":""},"categories":[1],"tags":[],"class_list":["post-30058","post","type-post","status-publish","format-standard","has-post-thumbnail","hentry","category-noticias","thumb-below-title"],"yoast_head":"<!-- This site is optimized with the Yoast SEO plugin v28.3 - https:\/\/yoast.com\/product\/yoast-seo-wordpress\/ -->\n<title>Sargento Coelho, ex-instrutor do Proerd na regi\u00e3o, morre em acidente de moto | Marcelo Lopes<\/title>\n<meta name=\"robots\" content=\"index, follow, max-snippet:-1, max-image-preview:large, max-video-preview:-1\" \/>\n<link rel=\"canonical\" href=\"https:\/\/marcelolopes.jor.br\/site\/2022\/01\/15\/sargento-coelho-ex-instrutor-do-proerd-na-regiao-morre-em-acidente-de-moto\/\" \/>\n<meta property=\"og:locale\" content=\"pt_BR\" \/>\n<meta property=\"og:type\" content=\"article\" \/>\n<meta property=\"og:title\" content=\"Sargento Coelho, ex-instrutor do Proerd na regi\u00e3o, morre em acidente de moto | Marcelo Lopes\" \/>\n<meta property=\"og:description\" content=\"O policial militar reformado Sargento Coelho, que atuou no Programa Educacional de Resist\u00eancia \u00e0s Drogas e \u00e0 Viol\u00eancia (Proerd) de Leopoldina, morreu v\u00edtima de um acidente no munic\u00edpio de Delmiro Gouveia, em Alagoas, enquanto viajava a lazer em uma motocicleta.Leia mais Sargento Coelho, ex-instrutor do Proerd na regi\u00e3o, morre em acidente de moto\" \/>\n<meta property=\"og:url\" content=\"https:\/\/marcelolopes.jor.br\/site\/2022\/01\/15\/sargento-coelho-ex-instrutor-do-proerd-na-regiao-morre-em-acidente-de-moto\/\" \/>\n<meta property=\"og:site_name\" content=\"Marcelo Lopes\" \/>\n<meta property=\"article:publisher\" content=\"https:\/\/www.facebook.com\/sitedomarcelolopes\" \/>\n<meta property=\"article:published_time\" content=\"2022-01-15T13:09:33+00:00\" \/>\n<meta property=\"article:modified_time\" content=\"2022-01-15T16:24:13+00:00\" \/>\n<meta property=\"og:image\" content=\"https:\/\/marcelolopes.jor.br\/site\/wp-content\/uploads\/2022\/01\/WhatsApp-Image-2022-01-15-at-08.48.27.jpeg\" \/>\n\t<meta property=\"og:image:width\" content=\"900\" \/>\n\t<meta property=\"og:image:height\" content=\"521\" \/>\n\t<meta property=\"og:image:type\" content=\"image\/jpeg\" \/>\n<meta name=\"author\" content=\"Marcelo Lopes\" \/>\n<meta name=\"twitter:card\" content=\"summary_large_image\" \/>\n<meta name=\"twitter:label1\" content=\"Escrito por\" \/>\n\t<meta name=\"twitter:data1\" content=\"Marcelo Lopes\" \/>\n\t<meta name=\"twitter:label2\" content=\"Est. tempo de leitura\" \/>\n\t<meta name=\"twitter:data2\" content=\"1 minuto\" \/>\n<script type=\"application\/ld+json\" class=\"yoast-schema-graph\">{\"@context\":\"https:\\\/\\\/schema.org\",\"@graph\":[{\"@type\":\"NewsArticle\",\"@id\":\"https:\\\/\\\/marcelolopes.jor.br\\\/site\\\/2022\\\/01\\\/15\\\/sargento-coelho-ex-instrutor-do-proerd-na-regiao-morre-em-acidente-de-moto\\\/#article\",\"isPartOf\":{\"@id\":\"https:\\\/\\\/marcelolopes.jor.br\\\/site\\\/2022\\\/01\\\/15\\\/sargento-coelho-ex-instrutor-do-proerd-na-regiao-morre-em-acidente-de-moto\\\/\"},\"author\":{\"name\":\"Marcelo Lopes\",\"@id\":\"https:\\\/\\\/marcelolopes.jor.br\\\/site\\\/#\\\/schema\\\/person\\\/3e7216a35c34d8fdf952b31da3d1f89f\"},\"headline\":\"Sargento Coelho, ex-instrutor do Proerd na regi\u00e3o, morre em acidente de moto\",\"datePublished\":\"2022-01-15T13:09:33+00:00\",\"dateModified\":\"2022-01-15T16:24:13+00:00\",\"mainEntityOfPage\":{\"@id\":\"https:\\\/\\\/marcelolopes.jor.br\\\/site\\\/2022\\\/01\\\/15\\\/sargento-coelho-ex-instrutor-do-proerd-na-regiao-morre-em-acidente-de-moto\\\/\"},\"wordCount\":266,\"commentCount\":0,\"publisher\":{\"@id\":\"https:\\\/\\\/marcelolopes.jor.br\\\/site\\\/#organization\"},\"image\":{\"@id\":\"https:\\\/\\\/marcelolopes.jor.br\\\/site\\\/2022\\\/01\\\/15\\\/sargento-coelho-ex-instrutor-do-proerd-na-regiao-morre-em-acidente-de-moto\\\/#primaryimage\"},\"thumbnailUrl\":\"https:\\\/\\\/marcelolopes.jor.br\\\/site\\\/wp-content\\\/uploads\\\/2022\\\/01\\\/WhatsApp-Image-2022-01-15-at-08.48.27.jpeg\",\"articleSection\":[\"Not\u00edcias\"],\"inLanguage\":\"pt-BR\",\"potentialAction\":[{\"@type\":\"CommentAction\",\"name\":\"Comment\",\"target\":[\"https:\\\/\\\/marcelolopes.jor.br\\\/site\\\/2022\\\/01\\\/15\\\/sargento-coelho-ex-instrutor-do-proerd-na-regiao-morre-em-acidente-de-moto\\\/#respond\"]}]},{\"@type\":\"WebPage\",\"@id\":\"https:\\\/\\\/marcelolopes.jor.br\\\/site\\\/2022\\\/01\\\/15\\\/sargento-coelho-ex-instrutor-do-proerd-na-regiao-morre-em-acidente-de-moto\\\/\",\"url\":\"https:\\\/\\\/marcelolopes.jor.br\\\/site\\\/2022\\\/01\\\/15\\\/sargento-coelho-ex-instrutor-do-proerd-na-regiao-morre-em-acidente-de-moto\\\/\",\"name\":\"Sargento Coelho, ex-instrutor do Proerd na regi\u00e3o, morre em acidente de moto | Marcelo Lopes\",\"isPartOf\":{\"@id\":\"https:\\\/\\\/marcelolopes.jor.br\\\/site\\\/#website\"},\"primaryImageOfPage\":{\"@id\":\"https:\\\/\\\/marcelolopes.jor.br\\\/site\\\/2022\\\/01\\\/15\\\/sargento-coelho-ex-instrutor-do-proerd-na-regiao-morre-em-acidente-de-moto\\\/#primaryimage\"},\"image\":{\"@id\":\"https:\\\/\\\/marcelolopes.jor.br\\\/site\\\/2022\\\/01\\\/15\\\/sargento-coelho-ex-instrutor-do-proerd-na-regiao-morre-em-acidente-de-moto\\\/#primaryimage\"},\"thumbnailUrl\":\"https:\\\/\\\/marcelolopes.jor.br\\\/site\\\/wp-content\\\/uploads\\\/2022\\\/01\\\/WhatsApp-Image-2022-01-15-at-08.48.27.jpeg\",\"datePublished\":\"2022-01-15T13:09:33+00:00\",\"dateModified\":\"2022-01-15T16:24:13+00:00\",\"breadcrumb\":{\"@id\":\"https:\\\/\\\/marcelolopes.jor.br\\\/site\\\/2022\\\/01\\\/15\\\/sargento-coelho-ex-instrutor-do-proerd-na-regiao-morre-em-acidente-de-moto\\\/#breadcrumb\"},\"inLanguage\":\"pt-BR\",\"potentialAction\":[{\"@type\":\"ReadAction\",\"target\":[\"https:\\\/\\\/marcelolopes.jor.br\\\/site\\\/2022\\\/01\\\/15\\\/sargento-coelho-ex-instrutor-do-proerd-na-regiao-morre-em-acidente-de-moto\\\/\"]}]},{\"@type\":\"ImageObject\",\"inLanguage\":\"pt-BR\",\"@id\":\"https:\\\/\\\/marcelolopes.jor.br\\\/site\\\/2022\\\/01\\\/15\\\/sargento-coelho-ex-instrutor-do-proerd-na-regiao-morre-em-acidente-de-moto\\\/#primaryimage\",\"url\":\"https:\\\/\\\/marcelolopes.jor.br\\\/site\\\/wp-content\\\/uploads\\\/2022\\\/01\\\/WhatsApp-Image-2022-01-15-at-08.48.27.jpeg\",\"contentUrl\":\"https:\\\/\\\/marcelolopes.jor.br\\\/site\\\/wp-content\\\/uploads\\\/2022\\\/01\\\/WhatsApp-Image-2022-01-15-at-08.48.27.jpeg\",\"width\":900,\"height\":521},{\"@type\":\"BreadcrumbList\",\"@id\":\"https:\\\/\\\/marcelolopes.jor.br\\\/site\\\/2022\\\/01\\\/15\\\/sargento-coelho-ex-instrutor-do-proerd-na-regiao-morre-em-acidente-de-moto\\\/#breadcrumb\",\"itemListElement\":[{\"@type\":\"ListItem\",\"position\":1,\"name\":\"Home\",\"item\":\"https:\\\/\\\/marcelolopes.jor.br\\\/site\\\/\"},{\"@type\":\"ListItem\",\"position\":2,\"name\":\"Sargento Coelho, ex-instrutor do Proerd na regi\u00e3o, morre em acidente de moto\"}]},{\"@type\":\"WebSite\",\"@id\":\"https:\\\/\\\/marcelolopes.jor.br\\\/site\\\/#website\",\"url\":\"https:\\\/\\\/marcelolopes.jor.br\\\/site\\\/\",\"name\":\"Marcelo Lopes\",\"description\":\"Not\u00edcias de Cataguases e Regi\u00e3o\",\"publisher\":{\"@id\":\"https:\\\/\\\/marcelolopes.jor.br\\\/site\\\/#organization\"},\"potentialAction\":[{\"@type\":\"SearchAction\",\"target\":{\"@type\":\"EntryPoint\",\"urlTemplate\":\"https:\\\/\\\/marcelolopes.jor.br\\\/site\\\/?s={search_term_string}\"},\"query-input\":{\"@type\":\"PropertyValueSpecification\",\"valueRequired\":true,\"valueName\":\"search_term_string\"}}],\"inLanguage\":\"pt-BR\"},{\"@type\":\"Organization\",\"@id\":\"https:\\\/\\\/marcelolopes.jor.br\\\/site\\\/#organization\",\"name\":\"Site do Marcelo Lopes\",\"url\":\"https:\\\/\\\/marcelolopes.jor.br\\\/site\\\/\",\"logo\":{\"@type\":\"ImageObject\",\"inLanguage\":\"pt-BR\",\"@id\":\"https:\\\/\\\/marcelolopes.jor.br\\\/site\\\/#\\\/schema\\\/logo\\\/image\\\/\",\"url\":\"https:\\\/\\\/marcelolopes.jor.br\\\/site\\\/wp-content\\\/uploads\\\/2026\\\/07\\\/cropped-logo2026.png\",\"contentUrl\":\"https:\\\/\\\/marcelolopes.jor.br\\\/site\\\/wp-content\\\/uploads\\\/2026\\\/07\\\/cropped-logo2026.png\",\"width\":328,\"height\":96,\"caption\":\"Site do Marcelo Lopes\"},\"image\":{\"@id\":\"https:\\\/\\\/marcelolopes.jor.br\\\/site\\\/#\\\/schema\\\/logo\\\/image\\\/\"},\"sameAs\":[\"https:\\\/\\\/www.facebook.com\\\/sitedomarcelolopes\",\"https:\\\/\\\/www.instagram.com\\\/sitedomarcelolopes\\\/\",\"https:\\\/\\\/www.linkedin.com\\\/company\\\/site-do-marcelo-lopes\\\/\",\"https:\\\/\\\/www.youtube.com\\\/user\\\/marcelolopes957\"]},{\"@type\":\"Person\",\"@id\":\"https:\\\/\\\/marcelolopes.jor.br\\\/site\\\/#\\\/schema\\\/person\\\/3e7216a35c34d8fdf952b31da3d1f89f\",\"name\":\"Marcelo Lopes\",\"sameAs\":[\"http:\\\/\\\/www.marcelolopes.jor.br\"],\"url\":\"https:\\\/\\\/marcelolopes.jor.br\\\/site\\\/author\\\/marcelo\\\/\"}]}<\/script>\n<!-- \/ Yoast SEO plugin. -->","yoast_head_json":{"title":"Sargento Coelho, ex-instrutor do Proerd na regi\u00e3o, morre em acidente de moto | Marcelo Lopes","robots":{"index":"index","follow":"follow","max-snippet":"max-snippet:-1","max-image-preview":"max-image-preview:large","max-video-preview":"max-video-preview:-1"},"canonical":"https:\/\/marcelolopes.jor.br\/site\/2022\/01\/15\/sargento-coelho-ex-instrutor-do-proerd-na-regiao-morre-em-acidente-de-moto\/","og_locale":"pt_BR","og_type":"article","og_title":"Sargento Coelho, ex-instrutor do Proerd na regi\u00e3o, morre em acidente de moto | Marcelo Lopes","og_description":"O policial militar reformado Sargento Coelho, que atuou no Programa Educacional de Resist\u00eancia \u00e0s Drogas e \u00e0 Viol\u00eancia (Proerd) de Leopoldina, morreu v\u00edtima de um acidente no munic\u00edpio de Delmiro Gouveia, em Alagoas, enquanto viajava a lazer em uma motocicleta.Leia mais Sargento Coelho, ex-instrutor do Proerd na regi\u00e3o, morre em acidente de moto","og_url":"https:\/\/marcelolopes.jor.br\/site\/2022\/01\/15\/sargento-coelho-ex-instrutor-do-proerd-na-regiao-morre-em-acidente-de-moto\/","og_site_name":"Marcelo Lopes","article_publisher":"https:\/\/www.facebook.com\/sitedomarcelolopes","article_published_time":"2022-01-15T13:09:33+00:00","article_modified_time":"2022-01-15T16:24:13+00:00","og_image":[{"width":900,"height":521,"url":"https:\/\/marcelolopes.jor.br\/site\/wp-content\/uploads\/2022\/01\/WhatsApp-Image-2022-01-15-at-08.48.27.jpeg","type":"image\/jpeg"}],"author":"Marcelo Lopes","twitter_card":"summary_large_image","twitter_misc":{"Escrito por":"Marcelo Lopes","Est. tempo de leitura":"1 minuto"},"schema":{"@context":"https:\/\/schema.org","@graph":[{"@type":"NewsArticle","@id":"https:\/\/marcelolopes.jor.br\/site\/2022\/01\/15\/sargento-coelho-ex-instrutor-do-proerd-na-regiao-morre-em-acidente-de-moto\/#article","isPartOf":{"@id":"https:\/\/marcelolopes.jor.br\/site\/2022\/01\/15\/sargento-coelho-ex-instrutor-do-proerd-na-regiao-morre-em-acidente-de-moto\/"},"author":{"name":"Marcelo Lopes","@id":"https:\/\/marcelolopes.jor.br\/site\/#\/schema\/person\/3e7216a35c34d8fdf952b31da3d1f89f"},"headline":"Sargento Coelho, ex-instrutor do Proerd na regi\u00e3o, morre em acidente de moto","datePublished":"2022-01-15T13:09:33+00:00","dateModified":"2022-01-15T16:24:13+00:00","mainEntityOfPage":{"@id":"https:\/\/marcelolopes.jor.br\/site\/2022\/01\/15\/sargento-coelho-ex-instrutor-do-proerd-na-regiao-morre-em-acidente-de-moto\/"},"wordCount":266,"commentCount":0,"publisher":{"@id":"https:\/\/marcelolopes.jor.br\/site\/#organization"},"image":{"@id":"https:\/\/marcelolopes.jor.br\/site\/2022\/01\/15\/sargento-coelho-ex-instrutor-do-proerd-na-regiao-morre-em-acidente-de-moto\/#primaryimage"},"thumbnailUrl":"https:\/\/marcelolopes.jor.br\/site\/wp-content\/uploads\/2022\/01\/WhatsApp-Image-2022-01-15-at-08.48.27.jpeg","articleSection":["Not\u00edcias"],"inLanguage":"pt-BR","potentialAction":[{"@type":"CommentAction","name":"Comment","target":["https:\/\/marcelolopes.jor.br\/site\/2022\/01\/15\/sargento-coelho-ex-instrutor-do-proerd-na-regiao-morre-em-acidente-de-moto\/#respond"]}]},{"@type":"WebPage","@id":"https:\/\/marcelolopes.jor.br\/site\/2022\/01\/15\/sargento-coelho-ex-instrutor-do-proerd-na-regiao-morre-em-acidente-de-moto\/","url":"https:\/\/marcelolopes.jor.br\/site\/2022\/01\/15\/sargento-coelho-ex-instrutor-do-proerd-na-regiao-morre-em-acidente-de-moto\/","name":"Sargento Coelho, ex-instrutor do Proerd na regi\u00e3o, morre em acidente de moto | Marcelo Lopes","isPartOf":{"@id":"https:\/\/marcelolopes.jor.br\/site\/#website"},"primaryImageOfPage":{"@id":"https:\/\/marcelolopes.jor.br\/site\/2022\/01\/15\/sargento-coelho-ex-instrutor-do-proerd-na-regiao-morre-em-acidente-de-moto\/#primaryimage"},"image":{"@id":"https:\/\/marcelolopes.jor.br\/site\/2022\/01\/15\/sargento-coelho-ex-instrutor-do-proerd-na-regiao-morre-em-acidente-de-moto\/#primaryimage"},"thumbnailUrl":"https:\/\/marcelolopes.jor.br\/site\/wp-content\/uploads\/2022\/01\/WhatsApp-Image-2022-01-15-at-08.48.27.jpeg","datePublished":"2022-01-15T13:09:33+00:00","dateModified":"2022-01-15T16:24:13+00:00","breadcrumb":{"@id":"https:\/\/marcelolopes.jor.br\/site\/2022\/01\/15\/sargento-coelho-ex-instrutor-do-proerd-na-regiao-morre-em-acidente-de-moto\/#breadcrumb"},"inLanguage":"pt-BR","potentialAction":[{"@type":"ReadAction","target":["https:\/\/marcelolopes.jor.br\/site\/2022\/01\/15\/sargento-coelho-ex-instrutor-do-proerd-na-regiao-morre-em-acidente-de-moto\/"]}]},{"@type":"ImageObject","inLanguage":"pt-BR","@id":"https:\/\/marcelolopes.jor.br\/site\/2022\/01\/15\/sargento-coelho-ex-instrutor-do-proerd-na-regiao-morre-em-acidente-de-moto\/#primaryimage","url":"https:\/\/marcelolopes.jor.br\/site\/wp-content\/uploads\/2022\/01\/WhatsApp-Image-2022-01-15-at-08.48.27.jpeg","contentUrl":"https:\/\/marcelolopes.jor.br\/site\/wp-content\/uploads\/2022\/01\/WhatsApp-Image-2022-01-15-at-08.48.27.jpeg","width":900,"height":521},{"@type":"BreadcrumbList","@id":"https:\/\/marcelolopes.jor.br\/site\/2022\/01\/15\/sargento-coelho-ex-instrutor-do-proerd-na-regiao-morre-em-acidente-de-moto\/#breadcrumb","itemListElement":[{"@type":"ListItem","position":1,"name":"Home","item":"https:\/\/marcelolopes.jor.br\/site\/"},{"@type":"ListItem","position":2,"name":"Sargento Coelho, ex-instrutor do Proerd na regi\u00e3o, morre em acidente de moto"}]},{"@type":"WebSite","@id":"https:\/\/marcelolopes.jor.br\/site\/#website","url":"https:\/\/marcelolopes.jor.br\/site\/","name":"Marcelo Lopes","description":"Not\u00edcias de Cataguases e Regi\u00e3o","publisher":{"@id":"https:\/\/marcelolopes.jor.br\/site\/#organization"},"potentialAction":[{"@type":"SearchAction","target":{"@type":"EntryPoint","urlTemplate":"https:\/\/marcelolopes.jor.br\/site\/?s={search_term_string}"},"query-input":{"@type":"PropertyValueSpecification","valueRequired":true,"valueName":"search_term_string"}}],"inLanguage":"pt-BR"},{"@type":"Organization","@id":"https:\/\/marcelolopes.jor.br\/site\/#organization","name":"Site do Marcelo Lopes","url":"https:\/\/marcelolopes.jor.br\/site\/","logo":{"@type":"ImageObject","inLanguage":"pt-BR","@id":"https:\/\/marcelolopes.jor.br\/site\/#\/schema\/logo\/image\/","url":"https:\/\/marcelolopes.jor.br\/site\/wp-content\/uploads\/2026\/07\/cropped-logo2026.png","contentUrl":"https:\/\/marcelolopes.jor.br\/site\/wp-content\/uploads\/2026\/07\/cropped-logo2026.png","width":328,"height":96,"caption":"Site do Marcelo Lopes"},"image":{"@id":"https:\/\/marcelolopes.jor.br\/site\/#\/schema\/logo\/image\/"},"sameAs":["https:\/\/www.facebook.com\/sitedomarcelolopes","https:\/\/www.instagram.com\/sitedomarcelolopes\/","https:\/\/www.linkedin.com\/company\/site-do-marcelo-lopes\/","https:\/\/www.youtube.com\/user\/marcelolopes957"]},{"@type":"Person","@id":"https:\/\/marcelolopes.jor.br\/site\/#\/schema\/person\/3e7216a35c34d8fdf952b31da3d1f89f","name":"Marcelo Lopes","sameAs":["http:\/\/www.marcelolopes.jor.br"],"url":"https:\/\/marcelolopes.jor.br\/site\/author\/marcelo\/"}]}},"wps_subtitle":"Sua intensa atua\u00e7\u00e3o o tornou s\u00edmbolo do programa nos munic\u00edpios da regi\u00e3o.","_links":{"self":[{"href":"https:\/\/marcelolopes.jor.br\/site\/wp-json\/wp\/v2\/posts\/30058","targetHints":{"allow":["GET"]}}],"collection":[{"href":"https:\/\/marcelolopes.jor.br\/site\/wp-json\/wp\/v2\/posts"}],"about":[{"href":"https:\/\/marcelolopes.jor.br\/site\/wp-json\/wp\/v2\/types\/post"}],"author":[{"embeddable":true,"href":"https:\/\/marcelolopes.jor.br\/site\/wp-json\/wp\/v2\/users\/2"}],"replies":[{"embeddable":true,"href":"https:\/\/marcelolopes.jor.br\/site\/wp-json\/wp\/v2\/comments?post=30058"}],"version-history":[{"count":0,"href":"https:\/\/marcelolopes.jor.br\/site\/wp-json\/wp\/v2\/posts\/30058\/revisions"}],"wp:featuredmedia":[{"embeddable":true,"href":"https:\/\/marcelolopes.jor.br\/site\/wp-json\/wp\/v2\/media\/30061"}],"wp:attachment":[{"href":"https:\/\/marcelolopes.jor.br\/site\/wp-json\/wp\/v2\/media?parent=30058"}],"wp:term":[{"taxonomy":"category","embeddable":true,"href":"https:\/\/marcelolopes.jor.br\/site\/wp-json\/wp\/v2\/categories?post=30058"},{"taxonomy":"post_tag","embeddable":true,"href":"https:\/\/marcelolopes.jor.br\/site\/wp-json\/wp\/v2\/tags?post=30058"}],"curies":[{"name":"wp","href":"https:\/\/api.w.org\/{rel}","templated":true}]}}