{"id":30050,"date":"2022-01-14T20:00:18","date_gmt":"2022-01-14T23:00:18","guid":{"rendered":"https:\/\/marcelolopes.jor.br\/?p=30050"},"modified":"2022-01-14T16:17:05","modified_gmt":"2022-01-14T19:17:05","slug":"cratera-na-volta-da-ferradura-deve-comecar-a-ser-fechado-segunda-feira","status":"publish","type":"post","link":"https:\/\/marcelolopes.jor.br\/site\/2022\/01\/14\/cratera-na-volta-da-ferradura-deve-comecar-a-ser-fechado-segunda-feira\/","title":{"rendered":"Cratera na &#8220;Volta da Ferradura&#8221; deve come\u00e7ar a ser fechada segunda-feira"},"content":{"rendered":"<p style=\"text-align: justify;\">H\u00e1 mais de um m\u00eas moradores da regi\u00e3o da Volta da Ferradura, como \u00e9 conhecida aquele trecho da Avenida Nossa Senhora das Dores, em Cataguases, convive com uma cratera que j\u00e1 toma toda a largura daquela via p\u00fablica e tem aproximadamente 2,5 metros de profundidade, al\u00e9m de sofrerem com o abastecimento irregular de \u00e1gua e a interdi\u00e7\u00e3o do tr\u00e1fego de ve\u00edculos, causando preju\u00edzos aos estabelecimentos comerciais ali instalados.<!--more--><\/p>\n<p style=\"text-align: justify;\">O Site do Marcelo Lopes vem, desde ent\u00e3o, recebendo liga\u00e7\u00f5es e mensagens das pessoas que moram na regi\u00e3o e est\u00e3o sentindo na pele a falta de solu\u00e7\u00e3o para o problema que come\u00e7ou, segundo informou Rosilene Dias, a Rose do Chal\u00e9 do Celso, \u201cpequeno, um buraco com cerca de sessenta cent\u00edmetros\u201d. Como nada foi feito at\u00e9 agora, ele cresceu e hoje ocupa toda a largura da avenida. No come\u00e7o da tarde desta sexta-feira, 14, a reportagem do Site esteve l\u00e1 para apurar as responsabilidades e cobrar provid\u00eancias da Copasa e da Prefeitura de Cataguases.<\/p>\n<p style=\"text-align: justify;\">Antes de continuar <a href=\"https:\/\/youtu.be\/nBlzenfpafY\"><strong><span style=\"color: #800080;\">assista aqui o v\u00eddeo<\/span><\/strong><\/a> sobre a situa\u00e7\u00e3o do buraco.<\/p>\n<p style=\"text-align: justify;\">Em contato com a Copasa em Cataguases, a reportagem conversou com Caio C\u00e9sar Moreto da Silva, encarregado de sistema daquela estatal. Segundo explicou, \u201ca abertura da vala foi causada pelo rompimento da manilha pluvial. A Copasa foi comunicada sobre o ocorrido por meio da Catrans e, no mesmo dia, esteve no local constatando a situa\u00e7\u00e3o acima relatada. Em seguida &#8211; continua ele &#8211; comunicamos os \u00f3rg\u00e3os competentes e eu, Caio, por telefone, coloquei-me \u00e0 disposi\u00e7\u00e3o para parceria que se fizer necess\u00e1ria,\u201d explicou.<\/p>\n<p style=\"text-align: justify;\">J\u00e1 a prefeitura de Cataguases informou atrav\u00e9s de Carlos Pires J\u00fanior, Secret\u00e1rio Municipal de Servi\u00e7os Urbanos, que vai come\u00e7ar a obra de reparo naquela via p\u00fablica na pr\u00f3xima segunda-feira, 16 de janeiro. \u201cVamos fazer todo o servi\u00e7o e depois mandar parte da conta para a Copasa pagar porque a popula\u00e7\u00e3o local n\u00e3o pode mais conviver com aquela situa\u00e7\u00e3o, finalizou o secret\u00e1rio.<\/p>\n<p><img loading=\"lazy\" decoding=\"async\" class=\"aligncenter wp-image-30053\" src=\"https:\/\/marcelolopes.jor.br\/site\/wp-content\/uploads\/2022\/01\/IMG_0168-Large-300x169.jpeg\" alt=\"\" width=\"700\" height=\"394\" srcset=\"https:\/\/marcelolopes.jor.br\/site\/wp-content\/uploads\/2022\/01\/IMG_0168-Large-300x169.jpeg 300w, https:\/\/marcelolopes.jor.br\/site\/wp-content\/uploads\/2022\/01\/IMG_0168-Large-1024x576.jpeg 1024w, https:\/\/marcelolopes.jor.br\/site\/wp-content\/uploads\/2022\/01\/IMG_0168-Large-768x432.jpeg 768w, https:\/\/marcelolopes.jor.br\/site\/wp-content\/uploads\/2022\/01\/IMG_0168-Large-1200x675.jpeg 1200w, https:\/\/marcelolopes.jor.br\/site\/wp-content\/uploads\/2022\/01\/IMG_0168-Large.jpeg 1280w\" sizes=\"auto, (max-width: 700px) 100vw, 700px\" \/> <img loading=\"lazy\" decoding=\"async\" class=\"aligncenter wp-image-30054\" src=\"https:\/\/marcelolopes.jor.br\/site\/wp-content\/uploads\/2022\/01\/IMG_0165-Large-300x169.jpeg\" alt=\"\" width=\"700\" height=\"394\" srcset=\"https:\/\/marcelolopes.jor.br\/site\/wp-content\/uploads\/2022\/01\/IMG_0165-Large-300x169.jpeg 300w, https:\/\/marcelolopes.jor.br\/site\/wp-content\/uploads\/2022\/01\/IMG_0165-Large-1024x576.jpeg 1024w, https:\/\/marcelolopes.jor.br\/site\/wp-content\/uploads\/2022\/01\/IMG_0165-Large-768x432.jpeg 768w, https:\/\/marcelolopes.jor.br\/site\/wp-content\/uploads\/2022\/01\/IMG_0165-Large-1200x675.jpeg 1200w, https:\/\/marcelolopes.jor.br\/site\/wp-content\/uploads\/2022\/01\/IMG_0165-Large.jpeg 1280w\" sizes=\"auto, (max-width: 700px) 100vw, 700px\" \/><\/p>\n<div class=\"uqryv6a955f9e470f0\" ><br><\/div><style type=\"text\/css\">\r\n@media screen and (min-width: 1201px) {\r\n.uqryv6a955f9e470f0 {\r\ndisplay: block;\r\n}\r\n}\r\n@media screen and (min-width: 993px) and (max-width: 1200px) {\r\n.uqryv6a955f9e470f0 {\r\ndisplay: block;\r\n}\r\n}\r\n@media screen and (min-width: 769px) and (max-width: 992px) {\r\n.uqryv6a955f9e470f0 {\r\ndisplay: block;\r\n}\r\n}\r\n@media screen and (min-width: 768px) and (max-width: 768px) {\r\n.uqryv6a955f9e470f0 {\r\ndisplay: block;\r\n}\r\n}\r\n@media screen and (max-width: 767px) {\r\n.uqryv6a955f9e470f0 {\r\ndisplay: block;\r\n}\r\n}\r\n<\/style>\r\n<div class=\"lfutk6a955f9e4ce4a\" ><div id=\"div_destino\"><\/div>\r\n<script src=\"https:\/\/cdn.snsrsv.com\/sdk.js\"><\/script>\r\n<script >\r\n      new sdk(\"464030C30061EA8BE065000000000001\") \r\n          .appendTo(\"div_destino\")\r\n          .disableStyle(true) \r\n          .setCacheBusterMacro(\"%%CACHEBUSTER%%\")\r\n          .setSize(\"800\",\"214\")\r\n          .setClickMacro(\"%%CLICK_URL_ESC%%\") \r\n          .setReferrerUrlMacro(\"%%REFERRER_URL_ESC%%\") \r\n          .start(); \r\n<\/script><\/div><style type=\"text\/css\">\r\n@media screen and (min-width: 1201px) {\r\n.lfutk6a955f9e4ce4a {\r\ndisplay: block;\r\n}\r\n}\r\n@media screen and (min-width: 993px) and (max-width: 1200px) {\r\n.lfutk6a955f9e4ce4a {\r\ndisplay: block;\r\n}\r\n}\r\n@media screen and (min-width: 769px) and (max-width: 992px) {\r\n.lfutk6a955f9e4ce4a {\r\ndisplay: block;\r\n}\r\n}\r\n@media screen and (min-width: 768px) and (max-width: 768px) {\r\n.lfutk6a955f9e4ce4a {\r\ndisplay: block;\r\n}\r\n}\r\n@media screen and (max-width: 767px) {\r\n.lfutk6a955f9e4ce4a {\r\ndisplay: block;\r\n}\r\n}\r\n<\/style>\r\n","protected":false},"excerpt":{"rendered":"<p>H\u00e1 mais de um m\u00eas moradores da regi\u00e3o da Volta da Ferradura, como \u00e9 conhecida aquele trecho da Avenida Nossa Senhora das Dores, em Cataguases, convive com uma cratera que j\u00e1 toma toda a largura daquela via p\u00fablica e tem<\/p>\n<p class=\"link-more\"><a class=\"more-link\" href=\"https:\/\/marcelolopes.jor.br\/site\/2022\/01\/14\/cratera-na-volta-da-ferradura-deve-comecar-a-ser-fechado-segunda-feira\/\">Leia mais <span class=\"screen-reader-text\">Cratera na &#8220;Volta da Ferradura&#8221; deve come\u00e7ar a ser fechada segunda-feira<\/span><\/a><\/p>\n","protected":false},"author":2,"featured_media":30052,"comment_status":"open","ping_status":"open","sticky":false,"template":"","format":"standard","meta":{"footnotes":""},"categories":[1],"tags":[862,1929,1868,5363,5362],"class_list":["post-30050","post","type-post","status-publish","format-standard","has-post-thumbnail","hentry","category-noticias","tag-copasa","tag-cratera","tag-prefeitura-de-cataguases","tag-rede-pluvial","tag-volta-da-ferradura","thumb-below-title"],"yoast_head":"<!-- This site is optimized with the Yoast SEO plugin v28.3 - https:\/\/yoast.com\/product\/yoast-seo-wordpress\/ -->\n<title>Cratera na &quot;Volta da Ferradura&quot; deve come\u00e7ar a ser fechada segunda-feira | Marcelo Lopes<\/title>\n<meta name=\"robots\" content=\"index, follow, max-snippet:-1, max-image-preview:large, max-video-preview:-1\" \/>\n<link rel=\"canonical\" href=\"https:\/\/marcelolopes.jor.br\/site\/2022\/01\/14\/cratera-na-volta-da-ferradura-deve-comecar-a-ser-fechado-segunda-feira\/\" \/>\n<meta property=\"og:locale\" content=\"pt_BR\" \/>\n<meta property=\"og:type\" content=\"article\" \/>\n<meta property=\"og:title\" content=\"Cratera na &quot;Volta da Ferradura&quot; deve come\u00e7ar a ser fechada segunda-feira | Marcelo Lopes\" \/>\n<meta property=\"og:description\" content=\"H\u00e1 mais de um m\u00eas moradores da regi\u00e3o da Volta da Ferradura, como \u00e9 conhecida aquele trecho da Avenida Nossa Senhora das Dores, em Cataguases, convive com uma cratera que j\u00e1 toma toda a largura daquela via p\u00fablica e temLeia mais Cratera na &#8220;Volta da Ferradura&#8221; deve come\u00e7ar a ser fechada segunda-feira\" \/>\n<meta property=\"og:url\" content=\"https:\/\/marcelolopes.jor.br\/site\/2022\/01\/14\/cratera-na-volta-da-ferradura-deve-comecar-a-ser-fechado-segunda-feira\/\" \/>\n<meta property=\"og:site_name\" content=\"Marcelo Lopes\" \/>\n<meta property=\"article:publisher\" content=\"https:\/\/www.facebook.com\/sitedomarcelolopes\" \/>\n<meta property=\"article:published_time\" content=\"2022-01-14T23:00:18+00:00\" \/>\n<meta property=\"og:image\" content=\"https:\/\/marcelolopes.jor.br\/site\/wp-content\/uploads\/2022\/01\/Captura-de-Tela-2022-01-14-as-16.10.28.png\" \/>\n\t<meta property=\"og:image:width\" content=\"800\" \/>\n\t<meta property=\"og:image:height\" content=\"451\" \/>\n\t<meta property=\"og:image:type\" content=\"image\/png\" \/>\n<meta name=\"author\" content=\"Marcelo Lopes\" \/>\n<meta name=\"twitter:card\" content=\"summary_large_image\" \/>\n<meta name=\"twitter:label1\" content=\"Escrito por\" \/>\n\t<meta name=\"twitter:data1\" content=\"Marcelo Lopes\" \/>\n\t<meta name=\"twitter:label2\" content=\"Est. tempo de leitura\" \/>\n\t<meta name=\"twitter:data2\" content=\"2 minutos\" \/>\n<script type=\"application\/ld+json\" class=\"yoast-schema-graph\">{\"@context\":\"https:\\\/\\\/schema.org\",\"@graph\":[{\"@type\":\"NewsArticle\",\"@id\":\"https:\\\/\\\/marcelolopes.jor.br\\\/site\\\/2022\\\/01\\\/14\\\/cratera-na-volta-da-ferradura-deve-comecar-a-ser-fechado-segunda-feira\\\/#article\",\"isPartOf\":{\"@id\":\"https:\\\/\\\/marcelolopes.jor.br\\\/site\\\/2022\\\/01\\\/14\\\/cratera-na-volta-da-ferradura-deve-comecar-a-ser-fechado-segunda-feira\\\/\"},\"author\":{\"name\":\"Marcelo Lopes\",\"@id\":\"https:\\\/\\\/marcelolopes.jor.br\\\/site\\\/#\\\/schema\\\/person\\\/3e7216a35c34d8fdf952b31da3d1f89f\"},\"headline\":\"Cratera na &#8220;Volta da Ferradura&#8221; deve come\u00e7ar a ser fechada segunda-feira\",\"datePublished\":\"2022-01-14T23:00:18+00:00\",\"mainEntityOfPage\":{\"@id\":\"https:\\\/\\\/marcelolopes.jor.br\\\/site\\\/2022\\\/01\\\/14\\\/cratera-na-volta-da-ferradura-deve-comecar-a-ser-fechado-segunda-feira\\\/\"},\"wordCount\":359,\"commentCount\":0,\"publisher\":{\"@id\":\"https:\\\/\\\/marcelolopes.jor.br\\\/site\\\/#organization\"},\"image\":{\"@id\":\"https:\\\/\\\/marcelolopes.jor.br\\\/site\\\/2022\\\/01\\\/14\\\/cratera-na-volta-da-ferradura-deve-comecar-a-ser-fechado-segunda-feira\\\/#primaryimage\"},\"thumbnailUrl\":\"https:\\\/\\\/marcelolopes.jor.br\\\/site\\\/wp-content\\\/uploads\\\/2022\\\/01\\\/Captura-de-Tela-2022-01-14-as-16.10.28.png\",\"keywords\":[\"Copasa\",\"cratera\",\"Prefeitura de Cataguases\",\"rede pluvial\",\"volta da ferradura\"],\"articleSection\":[\"Not\u00edcias\"],\"inLanguage\":\"pt-BR\",\"potentialAction\":[{\"@type\":\"CommentAction\",\"name\":\"Comment\",\"target\":[\"https:\\\/\\\/marcelolopes.jor.br\\\/site\\\/2022\\\/01\\\/14\\\/cratera-na-volta-da-ferradura-deve-comecar-a-ser-fechado-segunda-feira\\\/#respond\"]}]},{\"@type\":\"WebPage\",\"@id\":\"https:\\\/\\\/marcelolopes.jor.br\\\/site\\\/2022\\\/01\\\/14\\\/cratera-na-volta-da-ferradura-deve-comecar-a-ser-fechado-segunda-feira\\\/\",\"url\":\"https:\\\/\\\/marcelolopes.jor.br\\\/site\\\/2022\\\/01\\\/14\\\/cratera-na-volta-da-ferradura-deve-comecar-a-ser-fechado-segunda-feira\\\/\",\"name\":\"Cratera na \\\"Volta da Ferradura\\\" deve come\u00e7ar a ser fechada segunda-feira | Marcelo Lopes\",\"isPartOf\":{\"@id\":\"https:\\\/\\\/marcelolopes.jor.br\\\/site\\\/#website\"},\"primaryImageOfPage\":{\"@id\":\"https:\\\/\\\/marcelolopes.jor.br\\\/site\\\/2022\\\/01\\\/14\\\/cratera-na-volta-da-ferradura-deve-comecar-a-ser-fechado-segunda-feira\\\/#primaryimage\"},\"image\":{\"@id\":\"https:\\\/\\\/marcelolopes.jor.br\\\/site\\\/2022\\\/01\\\/14\\\/cratera-na-volta-da-ferradura-deve-comecar-a-ser-fechado-segunda-feira\\\/#primaryimage\"},\"thumbnailUrl\":\"https:\\\/\\\/marcelolopes.jor.br\\\/site\\\/wp-content\\\/uploads\\\/2022\\\/01\\\/Captura-de-Tela-2022-01-14-as-16.10.28.png\",\"datePublished\":\"2022-01-14T23:00:18+00:00\",\"breadcrumb\":{\"@id\":\"https:\\\/\\\/marcelolopes.jor.br\\\/site\\\/2022\\\/01\\\/14\\\/cratera-na-volta-da-ferradura-deve-comecar-a-ser-fechado-segunda-feira\\\/#breadcrumb\"},\"inLanguage\":\"pt-BR\",\"potentialAction\":[{\"@type\":\"ReadAction\",\"target\":[\"https:\\\/\\\/marcelolopes.jor.br\\\/site\\\/2022\\\/01\\\/14\\\/cratera-na-volta-da-ferradura-deve-comecar-a-ser-fechado-segunda-feira\\\/\"]}]},{\"@type\":\"ImageObject\",\"inLanguage\":\"pt-BR\",\"@id\":\"https:\\\/\\\/marcelolopes.jor.br\\\/site\\\/2022\\\/01\\\/14\\\/cratera-na-volta-da-ferradura-deve-comecar-a-ser-fechado-segunda-feira\\\/#primaryimage\",\"url\":\"https:\\\/\\\/marcelolopes.jor.br\\\/site\\\/wp-content\\\/uploads\\\/2022\\\/01\\\/Captura-de-Tela-2022-01-14-as-16.10.28.png\",\"contentUrl\":\"https:\\\/\\\/marcelolopes.jor.br\\\/site\\\/wp-content\\\/uploads\\\/2022\\\/01\\\/Captura-de-Tela-2022-01-14-as-16.10.28.png\",\"width\":800,\"height\":451},{\"@type\":\"BreadcrumbList\",\"@id\":\"https:\\\/\\\/marcelolopes.jor.br\\\/site\\\/2022\\\/01\\\/14\\\/cratera-na-volta-da-ferradura-deve-comecar-a-ser-fechado-segunda-feira\\\/#breadcrumb\",\"itemListElement\":[{\"@type\":\"ListItem\",\"position\":1,\"name\":\"Home\",\"item\":\"https:\\\/\\\/marcelolopes.jor.br\\\/site\\\/\"},{\"@type\":\"ListItem\",\"position\":2,\"name\":\"Cratera na &#8220;Volta da Ferradura&#8221; deve come\u00e7ar a ser fechada segunda-feira\"}]},{\"@type\":\"WebSite\",\"@id\":\"https:\\\/\\\/marcelolopes.jor.br\\\/site\\\/#website\",\"url\":\"https:\\\/\\\/marcelolopes.jor.br\\\/site\\\/\",\"name\":\"Marcelo Lopes\",\"description\":\"Not\u00edcias de Cataguases e Regi\u00e3o\",\"publisher\":{\"@id\":\"https:\\\/\\\/marcelolopes.jor.br\\\/site\\\/#organization\"},\"potentialAction\":[{\"@type\":\"SearchAction\",\"target\":{\"@type\":\"EntryPoint\",\"urlTemplate\":\"https:\\\/\\\/marcelolopes.jor.br\\\/site\\\/?s={search_term_string}\"},\"query-input\":{\"@type\":\"PropertyValueSpecification\",\"valueRequired\":true,\"valueName\":\"search_term_string\"}}],\"inLanguage\":\"pt-BR\"},{\"@type\":\"Organization\",\"@id\":\"https:\\\/\\\/marcelolopes.jor.br\\\/site\\\/#organization\",\"name\":\"Site do Marcelo Lopes\",\"url\":\"https:\\\/\\\/marcelolopes.jor.br\\\/site\\\/\",\"logo\":{\"@type\":\"ImageObject\",\"inLanguage\":\"pt-BR\",\"@id\":\"https:\\\/\\\/marcelolopes.jor.br\\\/site\\\/#\\\/schema\\\/logo\\\/image\\\/\",\"url\":\"https:\\\/\\\/marcelolopes.jor.br\\\/site\\\/wp-content\\\/uploads\\\/2026\\\/07\\\/cropped-logo2026.png\",\"contentUrl\":\"https:\\\/\\\/marcelolopes.jor.br\\\/site\\\/wp-content\\\/uploads\\\/2026\\\/07\\\/cropped-logo2026.png\",\"width\":328,\"height\":96,\"caption\":\"Site do Marcelo Lopes\"},\"image\":{\"@id\":\"https:\\\/\\\/marcelolopes.jor.br\\\/site\\\/#\\\/schema\\\/logo\\\/image\\\/\"},\"sameAs\":[\"https:\\\/\\\/www.facebook.com\\\/sitedomarcelolopes\",\"https:\\\/\\\/www.instagram.com\\\/sitedomarcelolopes\\\/\",\"https:\\\/\\\/www.linkedin.com\\\/company\\\/site-do-marcelo-lopes\\\/\",\"https:\\\/\\\/www.youtube.com\\\/user\\\/marcelolopes957\"]},{\"@type\":\"Person\",\"@id\":\"https:\\\/\\\/marcelolopes.jor.br\\\/site\\\/#\\\/schema\\\/person\\\/3e7216a35c34d8fdf952b31da3d1f89f\",\"name\":\"Marcelo Lopes\",\"sameAs\":[\"http:\\\/\\\/www.marcelolopes.jor.br\"],\"url\":\"https:\\\/\\\/marcelolopes.jor.br\\\/site\\\/author\\\/marcelo\\\/\"}]}<\/script>\n<!-- \/ Yoast SEO plugin. -->","yoast_head_json":{"title":"Cratera na \"Volta da Ferradura\" deve come\u00e7ar a ser fechada segunda-feira | Marcelo Lopes","robots":{"index":"index","follow":"follow","max-snippet":"max-snippet:-1","max-image-preview":"max-image-preview:large","max-video-preview":"max-video-preview:-1"},"canonical":"https:\/\/marcelolopes.jor.br\/site\/2022\/01\/14\/cratera-na-volta-da-ferradura-deve-comecar-a-ser-fechado-segunda-feira\/","og_locale":"pt_BR","og_type":"article","og_title":"Cratera na \"Volta da Ferradura\" deve come\u00e7ar a ser fechada segunda-feira | Marcelo Lopes","og_description":"H\u00e1 mais de um m\u00eas moradores da regi\u00e3o da Volta da Ferradura, como \u00e9 conhecida aquele trecho da Avenida Nossa Senhora das Dores, em Cataguases, convive com uma cratera que j\u00e1 toma toda a largura daquela via p\u00fablica e temLeia mais Cratera na &#8220;Volta da Ferradura&#8221; deve come\u00e7ar a ser fechada segunda-feira","og_url":"https:\/\/marcelolopes.jor.br\/site\/2022\/01\/14\/cratera-na-volta-da-ferradura-deve-comecar-a-ser-fechado-segunda-feira\/","og_site_name":"Marcelo Lopes","article_publisher":"https:\/\/www.facebook.com\/sitedomarcelolopes","article_published_time":"2022-01-14T23:00:18+00:00","og_image":[{"width":800,"height":451,"url":"https:\/\/marcelolopes.jor.br\/site\/wp-content\/uploads\/2022\/01\/Captura-de-Tela-2022-01-14-as-16.10.28.png","type":"image\/png"}],"author":"Marcelo Lopes","twitter_card":"summary_large_image","twitter_misc":{"Escrito por":"Marcelo Lopes","Est. tempo de leitura":"2 minutos"},"schema":{"@context":"https:\/\/schema.org","@graph":[{"@type":"NewsArticle","@id":"https:\/\/marcelolopes.jor.br\/site\/2022\/01\/14\/cratera-na-volta-da-ferradura-deve-comecar-a-ser-fechado-segunda-feira\/#article","isPartOf":{"@id":"https:\/\/marcelolopes.jor.br\/site\/2022\/01\/14\/cratera-na-volta-da-ferradura-deve-comecar-a-ser-fechado-segunda-feira\/"},"author":{"name":"Marcelo Lopes","@id":"https:\/\/marcelolopes.jor.br\/site\/#\/schema\/person\/3e7216a35c34d8fdf952b31da3d1f89f"},"headline":"Cratera na &#8220;Volta da Ferradura&#8221; deve come\u00e7ar a ser fechada segunda-feira","datePublished":"2022-01-14T23:00:18+00:00","mainEntityOfPage":{"@id":"https:\/\/marcelolopes.jor.br\/site\/2022\/01\/14\/cratera-na-volta-da-ferradura-deve-comecar-a-ser-fechado-segunda-feira\/"},"wordCount":359,"commentCount":0,"publisher":{"@id":"https:\/\/marcelolopes.jor.br\/site\/#organization"},"image":{"@id":"https:\/\/marcelolopes.jor.br\/site\/2022\/01\/14\/cratera-na-volta-da-ferradura-deve-comecar-a-ser-fechado-segunda-feira\/#primaryimage"},"thumbnailUrl":"https:\/\/marcelolopes.jor.br\/site\/wp-content\/uploads\/2022\/01\/Captura-de-Tela-2022-01-14-as-16.10.28.png","keywords":["Copasa","cratera","Prefeitura de Cataguases","rede pluvial","volta da ferradura"],"articleSection":["Not\u00edcias"],"inLanguage":"pt-BR","potentialAction":[{"@type":"CommentAction","name":"Comment","target":["https:\/\/marcelolopes.jor.br\/site\/2022\/01\/14\/cratera-na-volta-da-ferradura-deve-comecar-a-ser-fechado-segunda-feira\/#respond"]}]},{"@type":"WebPage","@id":"https:\/\/marcelolopes.jor.br\/site\/2022\/01\/14\/cratera-na-volta-da-ferradura-deve-comecar-a-ser-fechado-segunda-feira\/","url":"https:\/\/marcelolopes.jor.br\/site\/2022\/01\/14\/cratera-na-volta-da-ferradura-deve-comecar-a-ser-fechado-segunda-feira\/","name":"Cratera na \"Volta da Ferradura\" deve come\u00e7ar a ser fechada segunda-feira | Marcelo Lopes","isPartOf":{"@id":"https:\/\/marcelolopes.jor.br\/site\/#website"},"primaryImageOfPage":{"@id":"https:\/\/marcelolopes.jor.br\/site\/2022\/01\/14\/cratera-na-volta-da-ferradura-deve-comecar-a-ser-fechado-segunda-feira\/#primaryimage"},"image":{"@id":"https:\/\/marcelolopes.jor.br\/site\/2022\/01\/14\/cratera-na-volta-da-ferradura-deve-comecar-a-ser-fechado-segunda-feira\/#primaryimage"},"thumbnailUrl":"https:\/\/marcelolopes.jor.br\/site\/wp-content\/uploads\/2022\/01\/Captura-de-Tela-2022-01-14-as-16.10.28.png","datePublished":"2022-01-14T23:00:18+00:00","breadcrumb":{"@id":"https:\/\/marcelolopes.jor.br\/site\/2022\/01\/14\/cratera-na-volta-da-ferradura-deve-comecar-a-ser-fechado-segunda-feira\/#breadcrumb"},"inLanguage":"pt-BR","potentialAction":[{"@type":"ReadAction","target":["https:\/\/marcelolopes.jor.br\/site\/2022\/01\/14\/cratera-na-volta-da-ferradura-deve-comecar-a-ser-fechado-segunda-feira\/"]}]},{"@type":"ImageObject","inLanguage":"pt-BR","@id":"https:\/\/marcelolopes.jor.br\/site\/2022\/01\/14\/cratera-na-volta-da-ferradura-deve-comecar-a-ser-fechado-segunda-feira\/#primaryimage","url":"https:\/\/marcelolopes.jor.br\/site\/wp-content\/uploads\/2022\/01\/Captura-de-Tela-2022-01-14-as-16.10.28.png","contentUrl":"https:\/\/marcelolopes.jor.br\/site\/wp-content\/uploads\/2022\/01\/Captura-de-Tela-2022-01-14-as-16.10.28.png","width":800,"height":451},{"@type":"BreadcrumbList","@id":"https:\/\/marcelolopes.jor.br\/site\/2022\/01\/14\/cratera-na-volta-da-ferradura-deve-comecar-a-ser-fechado-segunda-feira\/#breadcrumb","itemListElement":[{"@type":"ListItem","position":1,"name":"Home","item":"https:\/\/marcelolopes.jor.br\/site\/"},{"@type":"ListItem","position":2,"name":"Cratera na &#8220;Volta da Ferradura&#8221; deve come\u00e7ar a ser fechada segunda-feira"}]},{"@type":"WebSite","@id":"https:\/\/marcelolopes.jor.br\/site\/#website","url":"https:\/\/marcelolopes.jor.br\/site\/","name":"Marcelo Lopes","description":"Not\u00edcias de Cataguases e Regi\u00e3o","publisher":{"@id":"https:\/\/marcelolopes.jor.br\/site\/#organization"},"potentialAction":[{"@type":"SearchAction","target":{"@type":"EntryPoint","urlTemplate":"https:\/\/marcelolopes.jor.br\/site\/?s={search_term_string}"},"query-input":{"@type":"PropertyValueSpecification","valueRequired":true,"valueName":"search_term_string"}}],"inLanguage":"pt-BR"},{"@type":"Organization","@id":"https:\/\/marcelolopes.jor.br\/site\/#organization","name":"Site do Marcelo Lopes","url":"https:\/\/marcelolopes.jor.br\/site\/","logo":{"@type":"ImageObject","inLanguage":"pt-BR","@id":"https:\/\/marcelolopes.jor.br\/site\/#\/schema\/logo\/image\/","url":"https:\/\/marcelolopes.jor.br\/site\/wp-content\/uploads\/2026\/07\/cropped-logo2026.png","contentUrl":"https:\/\/marcelolopes.jor.br\/site\/wp-content\/uploads\/2026\/07\/cropped-logo2026.png","width":328,"height":96,"caption":"Site do Marcelo Lopes"},"image":{"@id":"https:\/\/marcelolopes.jor.br\/site\/#\/schema\/logo\/image\/"},"sameAs":["https:\/\/www.facebook.com\/sitedomarcelolopes","https:\/\/www.instagram.com\/sitedomarcelolopes\/","https:\/\/www.linkedin.com\/company\/site-do-marcelo-lopes\/","https:\/\/www.youtube.com\/user\/marcelolopes957"]},{"@type":"Person","@id":"https:\/\/marcelolopes.jor.br\/site\/#\/schema\/person\/3e7216a35c34d8fdf952b31da3d1f89f","name":"Marcelo Lopes","sameAs":["http:\/\/www.marcelolopes.jor.br"],"url":"https:\/\/marcelolopes.jor.br\/site\/author\/marcelo\/"}]}},"wps_subtitle":"Informa\u00e7\u00e3o \u00e9 da Prefeitura de Cataguases. Rua est\u00e1 interditada desde dezembro.","_links":{"self":[{"href":"https:\/\/marcelolopes.jor.br\/site\/wp-json\/wp\/v2\/posts\/30050","targetHints":{"allow":["GET"]}}],"collection":[{"href":"https:\/\/marcelolopes.jor.br\/site\/wp-json\/wp\/v2\/posts"}],"about":[{"href":"https:\/\/marcelolopes.jor.br\/site\/wp-json\/wp\/v2\/types\/post"}],"author":[{"embeddable":true,"href":"https:\/\/marcelolopes.jor.br\/site\/wp-json\/wp\/v2\/users\/2"}],"replies":[{"embeddable":true,"href":"https:\/\/marcelolopes.jor.br\/site\/wp-json\/wp\/v2\/comments?post=30050"}],"version-history":[{"count":0,"href":"https:\/\/marcelolopes.jor.br\/site\/wp-json\/wp\/v2\/posts\/30050\/revisions"}],"wp:featuredmedia":[{"embeddable":true,"href":"https:\/\/marcelolopes.jor.br\/site\/wp-json\/wp\/v2\/media\/30052"}],"wp:attachment":[{"href":"https:\/\/marcelolopes.jor.br\/site\/wp-json\/wp\/v2\/media?parent=30050"}],"wp:term":[{"taxonomy":"category","embeddable":true,"href":"https:\/\/marcelolopes.jor.br\/site\/wp-json\/wp\/v2\/categories?post=30050"},{"taxonomy":"post_tag","embeddable":true,"href":"https:\/\/marcelolopes.jor.br\/site\/wp-json\/wp\/v2\/tags?post=30050"}],"curies":[{"name":"wp","href":"https:\/\/api.w.org\/{rel}","templated":true}]}}