{"id":30035,"date":"2022-01-16T07:00:25","date_gmt":"2022-01-16T10:00:25","guid":{"rendered":"https:\/\/marcelolopes.jor.br\/?p=30035"},"modified":"2022-01-14T09:32:39","modified_gmt":"2022-01-14T12:32:39","slug":"auxilio-gas-vai-comecar-a-ser-pago-na-proxima-terca-feira-18","status":"publish","type":"post","link":"https:\/\/marcelolopes.jor.br\/site\/2022\/01\/16\/auxilio-gas-vai-comecar-a-ser-pago-na-proxima-terca-feira-18\/","title":{"rendered":"Aux\u00edlio G\u00e1s vai come\u00e7ar a ser pago na pr\u00f3xima ter\u00e7a-feira, 18."},"content":{"rendered":"<p style=\"text-align: justify;\">A Caixa Econ\u00f4mica Federal informou no dia 13 de janeiro, que o pagamento do Aux\u00edlio G\u00e1s, no valor de R$ 52, come\u00e7a na pr\u00f3xima ter\u00e7a-feira (18).<!--more--><\/p>\n<p style=\"text-align: justify;\">S\u00e3o ao menos 5,5 milh\u00f5es de benefici\u00e1rios que est\u00e3o no Aux\u00edlio Brasil.<\/p>\n<p style=\"text-align: justify;\">Para saber quando receber\u00e1, o benefici\u00e1rio precisa se atentar ao n\u00famero final no cart\u00e3o NIS.<\/p>\n<p style=\"text-align: justify;\">Recebem no dia 18 os benefici\u00e1rios com n\u00famero final 1. Os pagamentos seguem aos n\u00fameros seguintes at\u00e9 o dia 21 (sexta-feira).<\/p>\n<p>Na semana seguinte, recebem do dia 24 at\u00e9 28 os benefici\u00e1rios com n\u00fameros finais de 5 ao 9. Por fim, no dia 31 de janeiro, os dep\u00f3sitos ser\u00e3o feitos aos que t\u00eam n\u00famero final &#8220;zero&#8221;.<\/p>\n<p style=\"text-align: justify;\">O Aux\u00edlio G\u00e1s foi aprovado no Congresso Nacional e sancionado pelo presidente Jair Bolsonaro. O programa prev\u00ea pagamento de parte valor de um botij\u00e3o de g\u00e1s, que gira em torno de R$ 120.<\/p>\n<p style=\"text-align: justify;\">Fonte: O Tempo | Foto: Marcello Casal &#8211; Ag. Brasil<\/p>\n<div class=\"wkufj69f72ecfcd6d3\" ><br><\/div><style type=\"text\/css\">\r\n@media screen and (min-width: 1201px) {\r\n.wkufj69f72ecfcd6d3 {\r\ndisplay: block;\r\n}\r\n}\r\n@media screen and (min-width: 993px) and (max-width: 1200px) {\r\n.wkufj69f72ecfcd6d3 {\r\ndisplay: block;\r\n}\r\n}\r\n@media screen and (min-width: 769px) and (max-width: 992px) {\r\n.wkufj69f72ecfcd6d3 {\r\ndisplay: block;\r\n}\r\n}\r\n@media screen and (min-width: 768px) and (max-width: 768px) {\r\n.wkufj69f72ecfcd6d3 {\r\ndisplay: block;\r\n}\r\n}\r\n@media screen and (max-width: 767px) {\r\n.wkufj69f72ecfcd6d3 {\r\ndisplay: block;\r\n}\r\n}\r\n<\/style>\r\n<div class=\"klqvp69f72ecfd33ef\" ><div id=\"div_destino\"><\/div>\r\n<script src=\"https:\/\/cdn.snsrsv.com\/sdk.js\"><\/script>\r\n<script >\r\n      new sdk(\"464030C30061EA8BE065000000000001\") \r\n          .appendTo(\"div_destino\")\r\n          .disableStyle(true) \r\n          .setCacheBusterMacro(\"%%CACHEBUSTER%%\")\r\n          .setSize(\"800\",\"214\")\r\n          .setClickMacro(\"%%CLICK_URL_ESC%%\") \r\n          .setReferrerUrlMacro(\"%%REFERRER_URL_ESC%%\") \r\n          .start(); \r\n<\/script><\/div><style type=\"text\/css\">\r\n@media screen and (min-width: 1201px) {\r\n.klqvp69f72ecfd33ef {\r\ndisplay: block;\r\n}\r\n}\r\n@media screen and (min-width: 993px) and (max-width: 1200px) {\r\n.klqvp69f72ecfd33ef {\r\ndisplay: block;\r\n}\r\n}\r\n@media screen and (min-width: 769px) and (max-width: 992px) {\r\n.klqvp69f72ecfd33ef {\r\ndisplay: block;\r\n}\r\n}\r\n@media screen and (min-width: 768px) and (max-width: 768px) {\r\n.klqvp69f72ecfd33ef {\r\ndisplay: block;\r\n}\r\n}\r\n@media screen and (max-width: 767px) {\r\n.klqvp69f72ecfd33ef {\r\ndisplay: block;\r\n}\r\n}\r\n<\/style>\r\n","protected":false},"excerpt":{"rendered":"<p>A Caixa Econ\u00f4mica Federal informou no dia 13 de janeiro, que o pagamento do Aux\u00edlio G\u00e1s, no valor de R$ 52, come\u00e7a na pr\u00f3xima ter\u00e7a-feira (18).<\/p>\n","protected":false},"author":2,"featured_media":30037,"comment_status":"open","ping_status":"open","sticky":false,"template":"","format":"standard","meta":{"footnotes":""},"categories":[1],"tags":[4989,5132,2431,2818],"class_list":["post-30035","post","type-post","status-publish","format-standard","has-post-thumbnail","hentry","category-noticias","tag-auxilio-brasil","tag-auxilio-gas","tag-caixa-economica-federal","tag-familias-carentes","thumb-below-title"],"yoast_head":"<!-- This site is optimized with the Yoast SEO plugin v27.4 - https:\/\/yoast.com\/product\/yoast-seo-wordpress\/ -->\n<title>Aux\u00edlio G\u00e1s vai come\u00e7ar a ser pago na pr\u00f3xima ter\u00e7a-feira, 18. | Marcelo Lopes<\/title>\n<meta name=\"robots\" content=\"index, follow, max-snippet:-1, max-image-preview:large, max-video-preview:-1\" \/>\n<link rel=\"canonical\" href=\"https:\/\/marcelolopes.jor.br\/site\/2022\/01\/16\/auxilio-gas-vai-comecar-a-ser-pago-na-proxima-terca-feira-18\/\" \/>\n<meta property=\"og:locale\" content=\"pt_BR\" \/>\n<meta property=\"og:type\" content=\"article\" \/>\n<meta property=\"og:title\" content=\"Aux\u00edlio G\u00e1s vai come\u00e7ar a ser pago na pr\u00f3xima ter\u00e7a-feira, 18. | Marcelo Lopes\" \/>\n<meta property=\"og:description\" content=\"A Caixa Econ\u00f4mica Federal informou no dia 13 de janeiro, que o pagamento do Aux\u00edlio G\u00e1s, no valor de R$ 52, come\u00e7a na pr\u00f3xima ter\u00e7a-feira (18).\" \/>\n<meta property=\"og:url\" content=\"https:\/\/marcelolopes.jor.br\/site\/2022\/01\/16\/auxilio-gas-vai-comecar-a-ser-pago-na-proxima-terca-feira-18\/\" \/>\n<meta property=\"og:site_name\" content=\"Marcelo Lopes\" \/>\n<meta property=\"article:publisher\" content=\"https:\/\/www.facebook.com\/sitedomarcelolopes\" \/>\n<meta property=\"article:published_time\" content=\"2022-01-16T10:00:25+00:00\" \/>\n<meta property=\"og:image\" content=\"https:\/\/marcelolopes.jor.br\/site\/wp-content\/uploads\/2022\/01\/botijao_de_13_quilos_de_gas_de_cozinha_mcajr_abr_201120214528.jpeg\" \/>\n\t<meta property=\"og:image:width\" content=\"1170\" \/>\n\t<meta property=\"og:image:height\" content=\"700\" \/>\n\t<meta property=\"og:image:type\" content=\"image\/jpeg\" \/>\n<meta name=\"author\" content=\"Marcelo Lopes\" \/>\n<meta name=\"twitter:card\" content=\"summary_large_image\" \/>\n<meta name=\"twitter:label1\" content=\"Escrito por\" \/>\n\t<meta name=\"twitter:data1\" content=\"Marcelo Lopes\" \/>\n\t<meta name=\"twitter:label2\" content=\"Est. tempo de leitura\" \/>\n\t<meta name=\"twitter:data2\" content=\"1 minuto\" \/>\n<script type=\"application\/ld+json\" class=\"yoast-schema-graph\">{\"@context\":\"https:\\\/\\\/schema.org\",\"@graph\":[{\"@type\":\"NewsArticle\",\"@id\":\"https:\\\/\\\/marcelolopes.jor.br\\\/site\\\/2022\\\/01\\\/16\\\/auxilio-gas-vai-comecar-a-ser-pago-na-proxima-terca-feira-18\\\/#article\",\"isPartOf\":{\"@id\":\"https:\\\/\\\/marcelolopes.jor.br\\\/site\\\/2022\\\/01\\\/16\\\/auxilio-gas-vai-comecar-a-ser-pago-na-proxima-terca-feira-18\\\/\"},\"author\":{\"name\":\"Marcelo Lopes\",\"@id\":\"https:\\\/\\\/marcelolopes.jor.br\\\/site\\\/#\\\/schema\\\/person\\\/3e7216a35c34d8fdf952b31da3d1f89f\"},\"headline\":\"Aux\u00edlio G\u00e1s vai come\u00e7ar a ser pago na pr\u00f3xima ter\u00e7a-feira, 18.\",\"datePublished\":\"2022-01-16T10:00:25+00:00\",\"mainEntityOfPage\":{\"@id\":\"https:\\\/\\\/marcelolopes.jor.br\\\/site\\\/2022\\\/01\\\/16\\\/auxilio-gas-vai-comecar-a-ser-pago-na-proxima-terca-feira-18\\\/\"},\"wordCount\":180,\"commentCount\":0,\"publisher\":{\"@id\":\"https:\\\/\\\/marcelolopes.jor.br\\\/site\\\/#organization\"},\"image\":{\"@id\":\"https:\\\/\\\/marcelolopes.jor.br\\\/site\\\/2022\\\/01\\\/16\\\/auxilio-gas-vai-comecar-a-ser-pago-na-proxima-terca-feira-18\\\/#primaryimage\"},\"thumbnailUrl\":\"https:\\\/\\\/marcelolopes.jor.br\\\/site\\\/wp-content\\\/uploads\\\/2022\\\/01\\\/botijao_de_13_quilos_de_gas_de_cozinha_mcajr_abr_201120214528.jpeg\",\"keywords\":[\"Aux\u00edlio Brasil\",\"aux\u00edlio g\u00e1s\",\"Caixa Econ\u00f4mica Federal\",\"fam\u00edlias carentes\"],\"articleSection\":[\"Not\u00edcias\"],\"inLanguage\":\"pt-BR\",\"potentialAction\":[{\"@type\":\"CommentAction\",\"name\":\"Comment\",\"target\":[\"https:\\\/\\\/marcelolopes.jor.br\\\/site\\\/2022\\\/01\\\/16\\\/auxilio-gas-vai-comecar-a-ser-pago-na-proxima-terca-feira-18\\\/#respond\"]}]},{\"@type\":\"WebPage\",\"@id\":\"https:\\\/\\\/marcelolopes.jor.br\\\/site\\\/2022\\\/01\\\/16\\\/auxilio-gas-vai-comecar-a-ser-pago-na-proxima-terca-feira-18\\\/\",\"url\":\"https:\\\/\\\/marcelolopes.jor.br\\\/site\\\/2022\\\/01\\\/16\\\/auxilio-gas-vai-comecar-a-ser-pago-na-proxima-terca-feira-18\\\/\",\"name\":\"Aux\u00edlio G\u00e1s vai come\u00e7ar a ser pago na pr\u00f3xima ter\u00e7a-feira, 18. | Marcelo Lopes\",\"isPartOf\":{\"@id\":\"https:\\\/\\\/marcelolopes.jor.br\\\/site\\\/#website\"},\"primaryImageOfPage\":{\"@id\":\"https:\\\/\\\/marcelolopes.jor.br\\\/site\\\/2022\\\/01\\\/16\\\/auxilio-gas-vai-comecar-a-ser-pago-na-proxima-terca-feira-18\\\/#primaryimage\"},\"image\":{\"@id\":\"https:\\\/\\\/marcelolopes.jor.br\\\/site\\\/2022\\\/01\\\/16\\\/auxilio-gas-vai-comecar-a-ser-pago-na-proxima-terca-feira-18\\\/#primaryimage\"},\"thumbnailUrl\":\"https:\\\/\\\/marcelolopes.jor.br\\\/site\\\/wp-content\\\/uploads\\\/2022\\\/01\\\/botijao_de_13_quilos_de_gas_de_cozinha_mcajr_abr_201120214528.jpeg\",\"datePublished\":\"2022-01-16T10:00:25+00:00\",\"breadcrumb\":{\"@id\":\"https:\\\/\\\/marcelolopes.jor.br\\\/site\\\/2022\\\/01\\\/16\\\/auxilio-gas-vai-comecar-a-ser-pago-na-proxima-terca-feira-18\\\/#breadcrumb\"},\"inLanguage\":\"pt-BR\",\"potentialAction\":[{\"@type\":\"ReadAction\",\"target\":[\"https:\\\/\\\/marcelolopes.jor.br\\\/site\\\/2022\\\/01\\\/16\\\/auxilio-gas-vai-comecar-a-ser-pago-na-proxima-terca-feira-18\\\/\"]}]},{\"@type\":\"ImageObject\",\"inLanguage\":\"pt-BR\",\"@id\":\"https:\\\/\\\/marcelolopes.jor.br\\\/site\\\/2022\\\/01\\\/16\\\/auxilio-gas-vai-comecar-a-ser-pago-na-proxima-terca-feira-18\\\/#primaryimage\",\"url\":\"https:\\\/\\\/marcelolopes.jor.br\\\/site\\\/wp-content\\\/uploads\\\/2022\\\/01\\\/botijao_de_13_quilos_de_gas_de_cozinha_mcajr_abr_201120214528.jpeg\",\"contentUrl\":\"https:\\\/\\\/marcelolopes.jor.br\\\/site\\\/wp-content\\\/uploads\\\/2022\\\/01\\\/botijao_de_13_quilos_de_gas_de_cozinha_mcajr_abr_201120214528.jpeg\",\"width\":1170,\"height\":700,\"caption\":\"botij\u00e3o de 13 quilos de g\u00e1s de cozinha\"},{\"@type\":\"BreadcrumbList\",\"@id\":\"https:\\\/\\\/marcelolopes.jor.br\\\/site\\\/2022\\\/01\\\/16\\\/auxilio-gas-vai-comecar-a-ser-pago-na-proxima-terca-feira-18\\\/#breadcrumb\",\"itemListElement\":[{\"@type\":\"ListItem\",\"position\":1,\"name\":\"Home\",\"item\":\"https:\\\/\\\/marcelolopes.jor.br\\\/site\\\/\"},{\"@type\":\"ListItem\",\"position\":2,\"name\":\"Aux\u00edlio G\u00e1s vai come\u00e7ar a ser pago na pr\u00f3xima ter\u00e7a-feira, 18.\"}]},{\"@type\":\"WebSite\",\"@id\":\"https:\\\/\\\/marcelolopes.jor.br\\\/site\\\/#website\",\"url\":\"https:\\\/\\\/marcelolopes.jor.br\\\/site\\\/\",\"name\":\"Marcelo Lopes\",\"description\":\"Not\u00edcias de Cataguases e Regi\u00e3o\",\"publisher\":{\"@id\":\"https:\\\/\\\/marcelolopes.jor.br\\\/site\\\/#organization\"},\"potentialAction\":[{\"@type\":\"SearchAction\",\"target\":{\"@type\":\"EntryPoint\",\"urlTemplate\":\"https:\\\/\\\/marcelolopes.jor.br\\\/site\\\/?s={search_term_string}\"},\"query-input\":{\"@type\":\"PropertyValueSpecification\",\"valueRequired\":true,\"valueName\":\"search_term_string\"}}],\"inLanguage\":\"pt-BR\"},{\"@type\":\"Organization\",\"@id\":\"https:\\\/\\\/marcelolopes.jor.br\\\/site\\\/#organization\",\"name\":\"Site do Marcelo Lopes\",\"url\":\"https:\\\/\\\/marcelolopes.jor.br\\\/site\\\/\",\"logo\":{\"@type\":\"ImageObject\",\"inLanguage\":\"pt-BR\",\"@id\":\"https:\\\/\\\/marcelolopes.jor.br\\\/site\\\/#\\\/schema\\\/logo\\\/image\\\/\",\"url\":\"https:\\\/\\\/marcelolopes.jor.br\\\/site\\\/wp-content\\\/uploads\\\/2024\\\/11\\\/logo-1.png\",\"contentUrl\":\"https:\\\/\\\/marcelolopes.jor.br\\\/site\\\/wp-content\\\/uploads\\\/2024\\\/11\\\/logo-1.png\",\"width\":475,\"height\":80,\"caption\":\"Site do Marcelo Lopes\"},\"image\":{\"@id\":\"https:\\\/\\\/marcelolopes.jor.br\\\/site\\\/#\\\/schema\\\/logo\\\/image\\\/\"},\"sameAs\":[\"https:\\\/\\\/www.facebook.com\\\/sitedomarcelolopes\",\"https:\\\/\\\/www.instagram.com\\\/sitedomarcelolopes\\\/\",\"https:\\\/\\\/www.linkedin.com\\\/company\\\/site-do-marcelo-lopes\\\/\",\"https:\\\/\\\/www.youtube.com\\\/user\\\/marcelolopes957\"]},{\"@type\":\"Person\",\"@id\":\"https:\\\/\\\/marcelolopes.jor.br\\\/site\\\/#\\\/schema\\\/person\\\/3e7216a35c34d8fdf952b31da3d1f89f\",\"name\":\"Marcelo Lopes\",\"sameAs\":[\"http:\\\/\\\/www.marcelolopes.jor.br\"],\"url\":\"https:\\\/\\\/marcelolopes.jor.br\\\/site\\\/author\\\/marcelo\\\/\"}]}<\/script>\n<!-- \/ Yoast SEO plugin. -->","yoast_head_json":{"title":"Aux\u00edlio G\u00e1s vai come\u00e7ar a ser pago na pr\u00f3xima ter\u00e7a-feira, 18. | Marcelo Lopes","robots":{"index":"index","follow":"follow","max-snippet":"max-snippet:-1","max-image-preview":"max-image-preview:large","max-video-preview":"max-video-preview:-1"},"canonical":"https:\/\/marcelolopes.jor.br\/site\/2022\/01\/16\/auxilio-gas-vai-comecar-a-ser-pago-na-proxima-terca-feira-18\/","og_locale":"pt_BR","og_type":"article","og_title":"Aux\u00edlio G\u00e1s vai come\u00e7ar a ser pago na pr\u00f3xima ter\u00e7a-feira, 18. | Marcelo Lopes","og_description":"A Caixa Econ\u00f4mica Federal informou no dia 13 de janeiro, que o pagamento do Aux\u00edlio G\u00e1s, no valor de R$ 52, come\u00e7a na pr\u00f3xima ter\u00e7a-feira (18).","og_url":"https:\/\/marcelolopes.jor.br\/site\/2022\/01\/16\/auxilio-gas-vai-comecar-a-ser-pago-na-proxima-terca-feira-18\/","og_site_name":"Marcelo Lopes","article_publisher":"https:\/\/www.facebook.com\/sitedomarcelolopes","article_published_time":"2022-01-16T10:00:25+00:00","og_image":[{"width":1170,"height":700,"url":"https:\/\/marcelolopes.jor.br\/site\/wp-content\/uploads\/2022\/01\/botijao_de_13_quilos_de_gas_de_cozinha_mcajr_abr_201120214528.jpeg","type":"image\/jpeg"}],"author":"Marcelo Lopes","twitter_card":"summary_large_image","twitter_misc":{"Escrito por":"Marcelo Lopes","Est. tempo de leitura":"1 minuto"},"schema":{"@context":"https:\/\/schema.org","@graph":[{"@type":"NewsArticle","@id":"https:\/\/marcelolopes.jor.br\/site\/2022\/01\/16\/auxilio-gas-vai-comecar-a-ser-pago-na-proxima-terca-feira-18\/#article","isPartOf":{"@id":"https:\/\/marcelolopes.jor.br\/site\/2022\/01\/16\/auxilio-gas-vai-comecar-a-ser-pago-na-proxima-terca-feira-18\/"},"author":{"name":"Marcelo Lopes","@id":"https:\/\/marcelolopes.jor.br\/site\/#\/schema\/person\/3e7216a35c34d8fdf952b31da3d1f89f"},"headline":"Aux\u00edlio G\u00e1s vai come\u00e7ar a ser pago na pr\u00f3xima ter\u00e7a-feira, 18.","datePublished":"2022-01-16T10:00:25+00:00","mainEntityOfPage":{"@id":"https:\/\/marcelolopes.jor.br\/site\/2022\/01\/16\/auxilio-gas-vai-comecar-a-ser-pago-na-proxima-terca-feira-18\/"},"wordCount":180,"commentCount":0,"publisher":{"@id":"https:\/\/marcelolopes.jor.br\/site\/#organization"},"image":{"@id":"https:\/\/marcelolopes.jor.br\/site\/2022\/01\/16\/auxilio-gas-vai-comecar-a-ser-pago-na-proxima-terca-feira-18\/#primaryimage"},"thumbnailUrl":"https:\/\/marcelolopes.jor.br\/site\/wp-content\/uploads\/2022\/01\/botijao_de_13_quilos_de_gas_de_cozinha_mcajr_abr_201120214528.jpeg","keywords":["Aux\u00edlio Brasil","aux\u00edlio g\u00e1s","Caixa Econ\u00f4mica Federal","fam\u00edlias carentes"],"articleSection":["Not\u00edcias"],"inLanguage":"pt-BR","potentialAction":[{"@type":"CommentAction","name":"Comment","target":["https:\/\/marcelolopes.jor.br\/site\/2022\/01\/16\/auxilio-gas-vai-comecar-a-ser-pago-na-proxima-terca-feira-18\/#respond"]}]},{"@type":"WebPage","@id":"https:\/\/marcelolopes.jor.br\/site\/2022\/01\/16\/auxilio-gas-vai-comecar-a-ser-pago-na-proxima-terca-feira-18\/","url":"https:\/\/marcelolopes.jor.br\/site\/2022\/01\/16\/auxilio-gas-vai-comecar-a-ser-pago-na-proxima-terca-feira-18\/","name":"Aux\u00edlio G\u00e1s vai come\u00e7ar a ser pago na pr\u00f3xima ter\u00e7a-feira, 18. | Marcelo Lopes","isPartOf":{"@id":"https:\/\/marcelolopes.jor.br\/site\/#website"},"primaryImageOfPage":{"@id":"https:\/\/marcelolopes.jor.br\/site\/2022\/01\/16\/auxilio-gas-vai-comecar-a-ser-pago-na-proxima-terca-feira-18\/#primaryimage"},"image":{"@id":"https:\/\/marcelolopes.jor.br\/site\/2022\/01\/16\/auxilio-gas-vai-comecar-a-ser-pago-na-proxima-terca-feira-18\/#primaryimage"},"thumbnailUrl":"https:\/\/marcelolopes.jor.br\/site\/wp-content\/uploads\/2022\/01\/botijao_de_13_quilos_de_gas_de_cozinha_mcajr_abr_201120214528.jpeg","datePublished":"2022-01-16T10:00:25+00:00","breadcrumb":{"@id":"https:\/\/marcelolopes.jor.br\/site\/2022\/01\/16\/auxilio-gas-vai-comecar-a-ser-pago-na-proxima-terca-feira-18\/#breadcrumb"},"inLanguage":"pt-BR","potentialAction":[{"@type":"ReadAction","target":["https:\/\/marcelolopes.jor.br\/site\/2022\/01\/16\/auxilio-gas-vai-comecar-a-ser-pago-na-proxima-terca-feira-18\/"]}]},{"@type":"ImageObject","inLanguage":"pt-BR","@id":"https:\/\/marcelolopes.jor.br\/site\/2022\/01\/16\/auxilio-gas-vai-comecar-a-ser-pago-na-proxima-terca-feira-18\/#primaryimage","url":"https:\/\/marcelolopes.jor.br\/site\/wp-content\/uploads\/2022\/01\/botijao_de_13_quilos_de_gas_de_cozinha_mcajr_abr_201120214528.jpeg","contentUrl":"https:\/\/marcelolopes.jor.br\/site\/wp-content\/uploads\/2022\/01\/botijao_de_13_quilos_de_gas_de_cozinha_mcajr_abr_201120214528.jpeg","width":1170,"height":700,"caption":"botij\u00e3o de 13 quilos de g\u00e1s de cozinha"},{"@type":"BreadcrumbList","@id":"https:\/\/marcelolopes.jor.br\/site\/2022\/01\/16\/auxilio-gas-vai-comecar-a-ser-pago-na-proxima-terca-feira-18\/#breadcrumb","itemListElement":[{"@type":"ListItem","position":1,"name":"Home","item":"https:\/\/marcelolopes.jor.br\/site\/"},{"@type":"ListItem","position":2,"name":"Aux\u00edlio G\u00e1s vai come\u00e7ar a ser pago na pr\u00f3xima ter\u00e7a-feira, 18."}]},{"@type":"WebSite","@id":"https:\/\/marcelolopes.jor.br\/site\/#website","url":"https:\/\/marcelolopes.jor.br\/site\/","name":"Marcelo Lopes","description":"Not\u00edcias de Cataguases e Regi\u00e3o","publisher":{"@id":"https:\/\/marcelolopes.jor.br\/site\/#organization"},"potentialAction":[{"@type":"SearchAction","target":{"@type":"EntryPoint","urlTemplate":"https:\/\/marcelolopes.jor.br\/site\/?s={search_term_string}"},"query-input":{"@type":"PropertyValueSpecification","valueRequired":true,"valueName":"search_term_string"}}],"inLanguage":"pt-BR"},{"@type":"Organization","@id":"https:\/\/marcelolopes.jor.br\/site\/#organization","name":"Site do Marcelo Lopes","url":"https:\/\/marcelolopes.jor.br\/site\/","logo":{"@type":"ImageObject","inLanguage":"pt-BR","@id":"https:\/\/marcelolopes.jor.br\/site\/#\/schema\/logo\/image\/","url":"https:\/\/marcelolopes.jor.br\/site\/wp-content\/uploads\/2024\/11\/logo-1.png","contentUrl":"https:\/\/marcelolopes.jor.br\/site\/wp-content\/uploads\/2024\/11\/logo-1.png","width":475,"height":80,"caption":"Site do Marcelo Lopes"},"image":{"@id":"https:\/\/marcelolopes.jor.br\/site\/#\/schema\/logo\/image\/"},"sameAs":["https:\/\/www.facebook.com\/sitedomarcelolopes","https:\/\/www.instagram.com\/sitedomarcelolopes\/","https:\/\/www.linkedin.com\/company\/site-do-marcelo-lopes\/","https:\/\/www.youtube.com\/user\/marcelolopes957"]},{"@type":"Person","@id":"https:\/\/marcelolopes.jor.br\/site\/#\/schema\/person\/3e7216a35c34d8fdf952b31da3d1f89f","name":"Marcelo Lopes","sameAs":["http:\/\/www.marcelolopes.jor.br"],"url":"https:\/\/marcelolopes.jor.br\/site\/author\/marcelo\/"}]}},"wps_subtitle":"Valor ser\u00e1 de R$ 52 e deve beneficiar 5,5 milh\u00f5es de pessoas.","_links":{"self":[{"href":"https:\/\/marcelolopes.jor.br\/site\/wp-json\/wp\/v2\/posts\/30035","targetHints":{"allow":["GET"]}}],"collection":[{"href":"https:\/\/marcelolopes.jor.br\/site\/wp-json\/wp\/v2\/posts"}],"about":[{"href":"https:\/\/marcelolopes.jor.br\/site\/wp-json\/wp\/v2\/types\/post"}],"author":[{"embeddable":true,"href":"https:\/\/marcelolopes.jor.br\/site\/wp-json\/wp\/v2\/users\/2"}],"replies":[{"embeddable":true,"href":"https:\/\/marcelolopes.jor.br\/site\/wp-json\/wp\/v2\/comments?post=30035"}],"version-history":[{"count":0,"href":"https:\/\/marcelolopes.jor.br\/site\/wp-json\/wp\/v2\/posts\/30035\/revisions"}],"wp:featuredmedia":[{"embeddable":true,"href":"https:\/\/marcelolopes.jor.br\/site\/wp-json\/wp\/v2\/media\/30037"}],"wp:attachment":[{"href":"https:\/\/marcelolopes.jor.br\/site\/wp-json\/wp\/v2\/media?parent=30035"}],"wp:term":[{"taxonomy":"category","embeddable":true,"href":"https:\/\/marcelolopes.jor.br\/site\/wp-json\/wp\/v2\/categories?post=30035"},{"taxonomy":"post_tag","embeddable":true,"href":"https:\/\/marcelolopes.jor.br\/site\/wp-json\/wp\/v2\/tags?post=30035"}],"curies":[{"name":"wp","href":"https:\/\/api.w.org\/{rel}","templated":true}]}}