{"id":30003,"date":"2022-01-12T16:00:59","date_gmt":"2022-01-12T19:00:59","guid":{"rendered":"https:\/\/marcelolopes.jor.br\/?p=30003"},"modified":"2022-01-12T14:43:58","modified_gmt":"2022-01-12T17:43:58","slug":"cba-abre-inscricoes-para-seu-programa-de-estagio-2022","status":"publish","type":"post","link":"https:\/\/marcelolopes.jor.br\/site\/2022\/01\/12\/cba-abre-inscricoes-para-seu-programa-de-estagio-2022\/","title":{"rendered":"CBA abre inscri\u00e7\u00f5es para seu Programa de Est\u00e1gio 2022"},"content":{"rendered":"<p style=\"text-align: justify;\">A CBA &#8211; Companhia Brasileira de Alum\u00ednio (CBAV3) abre hoje, dia 12 de janeiro, as inscri\u00e7\u00f5es para seu Programa de Est\u00e1gio 2022 para as unidades de Alum\u00ednio (SP), S\u00e3o Paulo (SP), Itapissuma (PE), Po\u00e7os de Caldas (MG) e Mira\u00ed (MG). Interessados e interessadas poder\u00e3o se candidatar at\u00e9 14 de fevereiro na plataforma de recrutamento <a href=\"https:\/\/estagiocba.gupy.io\/\"><strong><span style=\"color: #800080;\">https:\/\/estagiocba.gupy.io\/<\/span><\/strong><\/a>. <!--more--><br \/>\nPara este ano, ser\u00e3o aproximadamente 70 vagas direcionadas a talentos cursando as \u00e1reas de Engenharias (Civil, Qu\u00edmica, Mec\u00e2nica, Produ\u00e7\u00e3o, El\u00e9trica, Metal\u00fargica, Mecatr\u00f4nica, de Minas e de Energia), Administra\u00e7\u00e3o, Economia, Log\u00edstica, Com\u00e9rcio Exterior, Psicologia e Direito. O programa tem dura\u00e7\u00e3o de dois anos. A Empresa, engajada no fortalecimento de uma cultura de valoriza\u00e7\u00e3o das pessoas, busca perfis diversos para ocupa\u00e7\u00e3o desses postos.<\/p>\n<p style=\"text-align: justify;\">\u201cNo \u00faltimo ano, tivemos 50% das candidaturas de mulheres e preenchemos as vagas com 51% delas. Tamb\u00e9m vimos um avan\u00e7o na ades\u00e3o de pessoas autodeclaradas negras, com defici\u00eancia e\/ou LGBTQIA+ em nossa base de inscritos. Na CBA, buscamos talentos de todos os perfis, dispostos a contribuir com o nosso prop\u00f3sito de transformar vidas por meio do alum\u00ednio e acreditamos que a pluralidade humana \u00e9 o caminho para nossa evolu\u00e7\u00e3o enquanto organiza\u00e7\u00e3o e sociedade\u201d, afirma L\u00facia Garcia, Gerente de DHO (Desenvolvimento Humano e Organizacional) da CBA.<\/p>\n<p style=\"text-align: justify;\">O processo seletivo ser\u00e1 100% online e tem apoio da Eureca. Ap\u00f3s a inscri\u00e7\u00e3o, os jovens ser\u00e3o submetidos \u00e0 etapa de avalia\u00e7\u00f5es digitais, em que receber\u00e3o testes personalizados e ser\u00e3o identificados de acordo com os perfis de maior ader\u00eancia aos Eixos de Cultura CBA e \u00e0s especificidades das oportunidades. Em seguida, candidatos e candidatas classificadas entrar\u00e3o na fase de painel (din\u00e2mica de grupo) e entrevistas, com a participa\u00e7\u00e3o do time de DHO e gestores da CBA. Em caso de aprova\u00e7\u00e3o, avan\u00e7am para etapas de direcionamento e contrata\u00e7\u00e3o. Os status de todas as fases seletivas podem ser consultados na plataforma, automatizando a din\u00e2mica de retornos e acompanhamento.<\/p>\n<p style=\"text-align: justify;\">Os candidatos e candidatas aprovados passar\u00e3o por um processo de integra\u00e7\u00e3o com atividades diferenciadas. Ao longo do programa, participar\u00e3o de uma s\u00e9rie de Oficinas de Desenvolvimento, que permitir\u00e3o o compartilhamento de suas impress\u00f5es e entendimentos a respeito dos valores, estrat\u00e9gias e objetivos conjuntos da CBA e de todos os seus empregados e empregadas. \u201cQueremos contribuir tamb\u00e9m com a transforma\u00e7\u00e3o destes talentos, atrav\u00e9s do desenvolvimento pessoal e profissional, bem como conhecer suas hist\u00f3rias de vida, experi\u00eancias, ideias e pontos de vista. Isso s\u00f3 enriquece a rela\u00e7\u00e3o de trabalho, al\u00e9m de fomentar a inova\u00e7\u00e3o e competitividade na Companhia. Vem pra CBA!\u201d, completa L\u00facia.<\/p>\n<p style=\"text-align: justify;\">Os est\u00e1gios ser\u00e3o remunerados e os selecionados receber\u00e3o benef\u00edcios como assist\u00eancia m\u00e9dica e odontol\u00f3gica, seguro de vida, cesta b\u00e1sica, refei\u00e7\u00e3o e transporte.<\/p>\n<p style=\"text-align: justify;\">Fonte: Assessoria de Comunica\u00e7\u00e3o CBA | Foto: Site do Marcelo Lopes<\/p>\n<div class=\"wejwv69f715a13b332\" ><br><\/div><style type=\"text\/css\">\r\n@media screen and (min-width: 1201px) {\r\n.wejwv69f715a13b332 {\r\ndisplay: block;\r\n}\r\n}\r\n@media screen and (min-width: 993px) and (max-width: 1200px) {\r\n.wejwv69f715a13b332 {\r\ndisplay: block;\r\n}\r\n}\r\n@media screen and (min-width: 769px) and (max-width: 992px) {\r\n.wejwv69f715a13b332 {\r\ndisplay: block;\r\n}\r\n}\r\n@media screen and (min-width: 768px) and (max-width: 768px) {\r\n.wejwv69f715a13b332 {\r\ndisplay: block;\r\n}\r\n}\r\n@media screen and (max-width: 767px) {\r\n.wejwv69f715a13b332 {\r\ndisplay: block;\r\n}\r\n}\r\n<\/style>\r\n<div class=\"enlmi69f715a140ccf\" ><div id=\"div_destino\"><\/div>\r\n<script src=\"https:\/\/cdn.snsrsv.com\/sdk.js\"><\/script>\r\n<script >\r\n      new sdk(\"464030C30061EA8BE065000000000001\") \r\n          .appendTo(\"div_destino\")\r\n          .disableStyle(true) \r\n          .setCacheBusterMacro(\"%%CACHEBUSTER%%\")\r\n          .setSize(\"800\",\"214\")\r\n          .setClickMacro(\"%%CLICK_URL_ESC%%\") \r\n          .setReferrerUrlMacro(\"%%REFERRER_URL_ESC%%\") \r\n          .start(); \r\n<\/script><\/div><style type=\"text\/css\">\r\n@media screen and (min-width: 1201px) {\r\n.enlmi69f715a140ccf {\r\ndisplay: block;\r\n}\r\n}\r\n@media screen and (min-width: 993px) and (max-width: 1200px) {\r\n.enlmi69f715a140ccf {\r\ndisplay: block;\r\n}\r\n}\r\n@media screen and (min-width: 769px) and (max-width: 992px) {\r\n.enlmi69f715a140ccf {\r\ndisplay: block;\r\n}\r\n}\r\n@media screen and (min-width: 768px) and (max-width: 768px) {\r\n.enlmi69f715a140ccf {\r\ndisplay: block;\r\n}\r\n}\r\n@media screen and (max-width: 767px) {\r\n.enlmi69f715a140ccf {\r\ndisplay: block;\r\n}\r\n}\r\n<\/style>\r\n","protected":false},"excerpt":{"rendered":"<p>A CBA &#8211; Companhia Brasileira de Alum\u00ednio (CBAV3) abre hoje, dia 12 de janeiro, as inscri\u00e7\u00f5es para seu Programa de Est\u00e1gio 2022 para as unidades de Alum\u00ednio (SP), S\u00e3o Paulo (SP), Itapissuma (PE), Po\u00e7os de Caldas (MG) e Mira\u00ed (MG).<\/p>\n<p class=\"link-more\"><a class=\"more-link\" href=\"https:\/\/marcelolopes.jor.br\/site\/2022\/01\/12\/cba-abre-inscricoes-para-seu-programa-de-estagio-2022\/\">Leia mais <span class=\"screen-reader-text\">CBA abre inscri\u00e7\u00f5es para seu Programa de Est\u00e1gio 2022<\/span><\/a><\/p>\n","protected":false},"author":2,"featured_media":30005,"comment_status":"open","ping_status":"open","sticky":false,"template":"","format":"standard","meta":{"footnotes":""},"categories":[1],"tags":[431,5349,699,2988],"class_list":["post-30003","post","type-post","status-publish","format-standard","has-post-thumbnail","hentry","category-noticias","tag-cba","tag-estagio-cba","tag-mineradora-cba","tag-novos-talentos","thumb-below-title"],"yoast_head":"<!-- This site is optimized with the Yoast SEO plugin v27.4 - https:\/\/yoast.com\/product\/yoast-seo-wordpress\/ -->\n<title>CBA abre inscri\u00e7\u00f5es para seu Programa de Est\u00e1gio 2022 | Marcelo Lopes<\/title>\n<meta name=\"robots\" content=\"index, follow, max-snippet:-1, max-image-preview:large, max-video-preview:-1\" \/>\n<link rel=\"canonical\" href=\"https:\/\/marcelolopes.jor.br\/site\/2022\/01\/12\/cba-abre-inscricoes-para-seu-programa-de-estagio-2022\/\" \/>\n<meta property=\"og:locale\" content=\"pt_BR\" \/>\n<meta property=\"og:type\" content=\"article\" \/>\n<meta property=\"og:title\" content=\"CBA abre inscri\u00e7\u00f5es para seu Programa de Est\u00e1gio 2022 | Marcelo Lopes\" \/>\n<meta property=\"og:description\" content=\"A CBA &#8211; Companhia Brasileira de Alum\u00ednio (CBAV3) abre hoje, dia 12 de janeiro, as inscri\u00e7\u00f5es para seu Programa de Est\u00e1gio 2022 para as unidades de Alum\u00ednio (SP), S\u00e3o Paulo (SP), Itapissuma (PE), Po\u00e7os de Caldas (MG) e Mira\u00ed (MG).Leia mais CBA abre inscri\u00e7\u00f5es para seu Programa de Est\u00e1gio 2022\" \/>\n<meta property=\"og:url\" content=\"https:\/\/marcelolopes.jor.br\/site\/2022\/01\/12\/cba-abre-inscricoes-para-seu-programa-de-estagio-2022\/\" \/>\n<meta property=\"og:site_name\" content=\"Marcelo Lopes\" \/>\n<meta property=\"article:publisher\" content=\"https:\/\/www.facebook.com\/sitedomarcelolopes\" \/>\n<meta property=\"article:published_time\" content=\"2022-01-12T19:00:59+00:00\" \/>\n<meta property=\"og:image\" content=\"https:\/\/marcelolopes.jor.br\/site\/wp-content\/uploads\/2022\/01\/Estagio.jpg\" \/>\n\t<meta property=\"og:image:width\" content=\"800\" \/>\n\t<meta property=\"og:image:height\" content=\"521\" \/>\n\t<meta property=\"og:image:type\" content=\"image\/jpeg\" \/>\n<meta name=\"author\" content=\"Marcelo Lopes\" \/>\n<meta name=\"twitter:card\" content=\"summary_large_image\" \/>\n<meta name=\"twitter:label1\" content=\"Escrito por\" \/>\n\t<meta name=\"twitter:data1\" content=\"Marcelo Lopes\" \/>\n\t<meta name=\"twitter:label2\" content=\"Est. tempo de leitura\" \/>\n\t<meta name=\"twitter:data2\" content=\"3 minutos\" \/>\n<script type=\"application\/ld+json\" class=\"yoast-schema-graph\">{\"@context\":\"https:\\\/\\\/schema.org\",\"@graph\":[{\"@type\":\"NewsArticle\",\"@id\":\"https:\\\/\\\/marcelolopes.jor.br\\\/site\\\/2022\\\/01\\\/12\\\/cba-abre-inscricoes-para-seu-programa-de-estagio-2022\\\/#article\",\"isPartOf\":{\"@id\":\"https:\\\/\\\/marcelolopes.jor.br\\\/site\\\/2022\\\/01\\\/12\\\/cba-abre-inscricoes-para-seu-programa-de-estagio-2022\\\/\"},\"author\":{\"name\":\"Marcelo Lopes\",\"@id\":\"https:\\\/\\\/marcelolopes.jor.br\\\/site\\\/#\\\/schema\\\/person\\\/3e7216a35c34d8fdf952b31da3d1f89f\"},\"headline\":\"CBA abre inscri\u00e7\u00f5es para seu Programa de Est\u00e1gio 2022\",\"datePublished\":\"2022-01-12T19:00:59+00:00\",\"mainEntityOfPage\":{\"@id\":\"https:\\\/\\\/marcelolopes.jor.br\\\/site\\\/2022\\\/01\\\/12\\\/cba-abre-inscricoes-para-seu-programa-de-estagio-2022\\\/\"},\"wordCount\":514,\"commentCount\":0,\"publisher\":{\"@id\":\"https:\\\/\\\/marcelolopes.jor.br\\\/site\\\/#organization\"},\"image\":{\"@id\":\"https:\\\/\\\/marcelolopes.jor.br\\\/site\\\/2022\\\/01\\\/12\\\/cba-abre-inscricoes-para-seu-programa-de-estagio-2022\\\/#primaryimage\"},\"thumbnailUrl\":\"https:\\\/\\\/marcelolopes.jor.br\\\/site\\\/wp-content\\\/uploads\\\/2022\\\/01\\\/Estagio.jpg\",\"keywords\":[\"CBA\",\"est\u00e1gio CBA\",\"Mineradora CBA\",\"novos talentos\"],\"articleSection\":[\"Not\u00edcias\"],\"inLanguage\":\"pt-BR\",\"potentialAction\":[{\"@type\":\"CommentAction\",\"name\":\"Comment\",\"target\":[\"https:\\\/\\\/marcelolopes.jor.br\\\/site\\\/2022\\\/01\\\/12\\\/cba-abre-inscricoes-para-seu-programa-de-estagio-2022\\\/#respond\"]}]},{\"@type\":\"WebPage\",\"@id\":\"https:\\\/\\\/marcelolopes.jor.br\\\/site\\\/2022\\\/01\\\/12\\\/cba-abre-inscricoes-para-seu-programa-de-estagio-2022\\\/\",\"url\":\"https:\\\/\\\/marcelolopes.jor.br\\\/site\\\/2022\\\/01\\\/12\\\/cba-abre-inscricoes-para-seu-programa-de-estagio-2022\\\/\",\"name\":\"CBA abre inscri\u00e7\u00f5es para seu Programa de Est\u00e1gio 2022 | Marcelo Lopes\",\"isPartOf\":{\"@id\":\"https:\\\/\\\/marcelolopes.jor.br\\\/site\\\/#website\"},\"primaryImageOfPage\":{\"@id\":\"https:\\\/\\\/marcelolopes.jor.br\\\/site\\\/2022\\\/01\\\/12\\\/cba-abre-inscricoes-para-seu-programa-de-estagio-2022\\\/#primaryimage\"},\"image\":{\"@id\":\"https:\\\/\\\/marcelolopes.jor.br\\\/site\\\/2022\\\/01\\\/12\\\/cba-abre-inscricoes-para-seu-programa-de-estagio-2022\\\/#primaryimage\"},\"thumbnailUrl\":\"https:\\\/\\\/marcelolopes.jor.br\\\/site\\\/wp-content\\\/uploads\\\/2022\\\/01\\\/Estagio.jpg\",\"datePublished\":\"2022-01-12T19:00:59+00:00\",\"breadcrumb\":{\"@id\":\"https:\\\/\\\/marcelolopes.jor.br\\\/site\\\/2022\\\/01\\\/12\\\/cba-abre-inscricoes-para-seu-programa-de-estagio-2022\\\/#breadcrumb\"},\"inLanguage\":\"pt-BR\",\"potentialAction\":[{\"@type\":\"ReadAction\",\"target\":[\"https:\\\/\\\/marcelolopes.jor.br\\\/site\\\/2022\\\/01\\\/12\\\/cba-abre-inscricoes-para-seu-programa-de-estagio-2022\\\/\"]}]},{\"@type\":\"ImageObject\",\"inLanguage\":\"pt-BR\",\"@id\":\"https:\\\/\\\/marcelolopes.jor.br\\\/site\\\/2022\\\/01\\\/12\\\/cba-abre-inscricoes-para-seu-programa-de-estagio-2022\\\/#primaryimage\",\"url\":\"https:\\\/\\\/marcelolopes.jor.br\\\/site\\\/wp-content\\\/uploads\\\/2022\\\/01\\\/Estagio.jpg\",\"contentUrl\":\"https:\\\/\\\/marcelolopes.jor.br\\\/site\\\/wp-content\\\/uploads\\\/2022\\\/01\\\/Estagio.jpg\",\"width\":800,\"height\":521},{\"@type\":\"BreadcrumbList\",\"@id\":\"https:\\\/\\\/marcelolopes.jor.br\\\/site\\\/2022\\\/01\\\/12\\\/cba-abre-inscricoes-para-seu-programa-de-estagio-2022\\\/#breadcrumb\",\"itemListElement\":[{\"@type\":\"ListItem\",\"position\":1,\"name\":\"Home\",\"item\":\"https:\\\/\\\/marcelolopes.jor.br\\\/site\\\/\"},{\"@type\":\"ListItem\",\"position\":2,\"name\":\"CBA abre inscri\u00e7\u00f5es para seu Programa de Est\u00e1gio 2022\"}]},{\"@type\":\"WebSite\",\"@id\":\"https:\\\/\\\/marcelolopes.jor.br\\\/site\\\/#website\",\"url\":\"https:\\\/\\\/marcelolopes.jor.br\\\/site\\\/\",\"name\":\"Marcelo Lopes\",\"description\":\"Not\u00edcias de Cataguases e Regi\u00e3o\",\"publisher\":{\"@id\":\"https:\\\/\\\/marcelolopes.jor.br\\\/site\\\/#organization\"},\"potentialAction\":[{\"@type\":\"SearchAction\",\"target\":{\"@type\":\"EntryPoint\",\"urlTemplate\":\"https:\\\/\\\/marcelolopes.jor.br\\\/site\\\/?s={search_term_string}\"},\"query-input\":{\"@type\":\"PropertyValueSpecification\",\"valueRequired\":true,\"valueName\":\"search_term_string\"}}],\"inLanguage\":\"pt-BR\"},{\"@type\":\"Organization\",\"@id\":\"https:\\\/\\\/marcelolopes.jor.br\\\/site\\\/#organization\",\"name\":\"Site do Marcelo Lopes\",\"url\":\"https:\\\/\\\/marcelolopes.jor.br\\\/site\\\/\",\"logo\":{\"@type\":\"ImageObject\",\"inLanguage\":\"pt-BR\",\"@id\":\"https:\\\/\\\/marcelolopes.jor.br\\\/site\\\/#\\\/schema\\\/logo\\\/image\\\/\",\"url\":\"https:\\\/\\\/marcelolopes.jor.br\\\/site\\\/wp-content\\\/uploads\\\/2024\\\/11\\\/logo-1.png\",\"contentUrl\":\"https:\\\/\\\/marcelolopes.jor.br\\\/site\\\/wp-content\\\/uploads\\\/2024\\\/11\\\/logo-1.png\",\"width\":475,\"height\":80,\"caption\":\"Site do Marcelo Lopes\"},\"image\":{\"@id\":\"https:\\\/\\\/marcelolopes.jor.br\\\/site\\\/#\\\/schema\\\/logo\\\/image\\\/\"},\"sameAs\":[\"https:\\\/\\\/www.facebook.com\\\/sitedomarcelolopes\",\"https:\\\/\\\/www.instagram.com\\\/sitedomarcelolopes\\\/\",\"https:\\\/\\\/www.linkedin.com\\\/company\\\/site-do-marcelo-lopes\\\/\",\"https:\\\/\\\/www.youtube.com\\\/user\\\/marcelolopes957\"]},{\"@type\":\"Person\",\"@id\":\"https:\\\/\\\/marcelolopes.jor.br\\\/site\\\/#\\\/schema\\\/person\\\/3e7216a35c34d8fdf952b31da3d1f89f\",\"name\":\"Marcelo Lopes\",\"sameAs\":[\"http:\\\/\\\/www.marcelolopes.jor.br\"],\"url\":\"https:\\\/\\\/marcelolopes.jor.br\\\/site\\\/author\\\/marcelo\\\/\"}]}<\/script>\n<!-- \/ Yoast SEO plugin. -->","yoast_head_json":{"title":"CBA abre inscri\u00e7\u00f5es para seu Programa de Est\u00e1gio 2022 | Marcelo Lopes","robots":{"index":"index","follow":"follow","max-snippet":"max-snippet:-1","max-image-preview":"max-image-preview:large","max-video-preview":"max-video-preview:-1"},"canonical":"https:\/\/marcelolopes.jor.br\/site\/2022\/01\/12\/cba-abre-inscricoes-para-seu-programa-de-estagio-2022\/","og_locale":"pt_BR","og_type":"article","og_title":"CBA abre inscri\u00e7\u00f5es para seu Programa de Est\u00e1gio 2022 | Marcelo Lopes","og_description":"A CBA &#8211; Companhia Brasileira de Alum\u00ednio (CBAV3) abre hoje, dia 12 de janeiro, as inscri\u00e7\u00f5es para seu Programa de Est\u00e1gio 2022 para as unidades de Alum\u00ednio (SP), S\u00e3o Paulo (SP), Itapissuma (PE), Po\u00e7os de Caldas (MG) e Mira\u00ed (MG).Leia mais CBA abre inscri\u00e7\u00f5es para seu Programa de Est\u00e1gio 2022","og_url":"https:\/\/marcelolopes.jor.br\/site\/2022\/01\/12\/cba-abre-inscricoes-para-seu-programa-de-estagio-2022\/","og_site_name":"Marcelo Lopes","article_publisher":"https:\/\/www.facebook.com\/sitedomarcelolopes","article_published_time":"2022-01-12T19:00:59+00:00","og_image":[{"width":800,"height":521,"url":"https:\/\/marcelolopes.jor.br\/site\/wp-content\/uploads\/2022\/01\/Estagio.jpg","type":"image\/jpeg"}],"author":"Marcelo Lopes","twitter_card":"summary_large_image","twitter_misc":{"Escrito por":"Marcelo Lopes","Est. tempo de leitura":"3 minutos"},"schema":{"@context":"https:\/\/schema.org","@graph":[{"@type":"NewsArticle","@id":"https:\/\/marcelolopes.jor.br\/site\/2022\/01\/12\/cba-abre-inscricoes-para-seu-programa-de-estagio-2022\/#article","isPartOf":{"@id":"https:\/\/marcelolopes.jor.br\/site\/2022\/01\/12\/cba-abre-inscricoes-para-seu-programa-de-estagio-2022\/"},"author":{"name":"Marcelo Lopes","@id":"https:\/\/marcelolopes.jor.br\/site\/#\/schema\/person\/3e7216a35c34d8fdf952b31da3d1f89f"},"headline":"CBA abre inscri\u00e7\u00f5es para seu Programa de Est\u00e1gio 2022","datePublished":"2022-01-12T19:00:59+00:00","mainEntityOfPage":{"@id":"https:\/\/marcelolopes.jor.br\/site\/2022\/01\/12\/cba-abre-inscricoes-para-seu-programa-de-estagio-2022\/"},"wordCount":514,"commentCount":0,"publisher":{"@id":"https:\/\/marcelolopes.jor.br\/site\/#organization"},"image":{"@id":"https:\/\/marcelolopes.jor.br\/site\/2022\/01\/12\/cba-abre-inscricoes-para-seu-programa-de-estagio-2022\/#primaryimage"},"thumbnailUrl":"https:\/\/marcelolopes.jor.br\/site\/wp-content\/uploads\/2022\/01\/Estagio.jpg","keywords":["CBA","est\u00e1gio CBA","Mineradora CBA","novos talentos"],"articleSection":["Not\u00edcias"],"inLanguage":"pt-BR","potentialAction":[{"@type":"CommentAction","name":"Comment","target":["https:\/\/marcelolopes.jor.br\/site\/2022\/01\/12\/cba-abre-inscricoes-para-seu-programa-de-estagio-2022\/#respond"]}]},{"@type":"WebPage","@id":"https:\/\/marcelolopes.jor.br\/site\/2022\/01\/12\/cba-abre-inscricoes-para-seu-programa-de-estagio-2022\/","url":"https:\/\/marcelolopes.jor.br\/site\/2022\/01\/12\/cba-abre-inscricoes-para-seu-programa-de-estagio-2022\/","name":"CBA abre inscri\u00e7\u00f5es para seu Programa de Est\u00e1gio 2022 | Marcelo Lopes","isPartOf":{"@id":"https:\/\/marcelolopes.jor.br\/site\/#website"},"primaryImageOfPage":{"@id":"https:\/\/marcelolopes.jor.br\/site\/2022\/01\/12\/cba-abre-inscricoes-para-seu-programa-de-estagio-2022\/#primaryimage"},"image":{"@id":"https:\/\/marcelolopes.jor.br\/site\/2022\/01\/12\/cba-abre-inscricoes-para-seu-programa-de-estagio-2022\/#primaryimage"},"thumbnailUrl":"https:\/\/marcelolopes.jor.br\/site\/wp-content\/uploads\/2022\/01\/Estagio.jpg","datePublished":"2022-01-12T19:00:59+00:00","breadcrumb":{"@id":"https:\/\/marcelolopes.jor.br\/site\/2022\/01\/12\/cba-abre-inscricoes-para-seu-programa-de-estagio-2022\/#breadcrumb"},"inLanguage":"pt-BR","potentialAction":[{"@type":"ReadAction","target":["https:\/\/marcelolopes.jor.br\/site\/2022\/01\/12\/cba-abre-inscricoes-para-seu-programa-de-estagio-2022\/"]}]},{"@type":"ImageObject","inLanguage":"pt-BR","@id":"https:\/\/marcelolopes.jor.br\/site\/2022\/01\/12\/cba-abre-inscricoes-para-seu-programa-de-estagio-2022\/#primaryimage","url":"https:\/\/marcelolopes.jor.br\/site\/wp-content\/uploads\/2022\/01\/Estagio.jpg","contentUrl":"https:\/\/marcelolopes.jor.br\/site\/wp-content\/uploads\/2022\/01\/Estagio.jpg","width":800,"height":521},{"@type":"BreadcrumbList","@id":"https:\/\/marcelolopes.jor.br\/site\/2022\/01\/12\/cba-abre-inscricoes-para-seu-programa-de-estagio-2022\/#breadcrumb","itemListElement":[{"@type":"ListItem","position":1,"name":"Home","item":"https:\/\/marcelolopes.jor.br\/site\/"},{"@type":"ListItem","position":2,"name":"CBA abre inscri\u00e7\u00f5es para seu Programa de Est\u00e1gio 2022"}]},{"@type":"WebSite","@id":"https:\/\/marcelolopes.jor.br\/site\/#website","url":"https:\/\/marcelolopes.jor.br\/site\/","name":"Marcelo Lopes","description":"Not\u00edcias de Cataguases e Regi\u00e3o","publisher":{"@id":"https:\/\/marcelolopes.jor.br\/site\/#organization"},"potentialAction":[{"@type":"SearchAction","target":{"@type":"EntryPoint","urlTemplate":"https:\/\/marcelolopes.jor.br\/site\/?s={search_term_string}"},"query-input":{"@type":"PropertyValueSpecification","valueRequired":true,"valueName":"search_term_string"}}],"inLanguage":"pt-BR"},{"@type":"Organization","@id":"https:\/\/marcelolopes.jor.br\/site\/#organization","name":"Site do Marcelo Lopes","url":"https:\/\/marcelolopes.jor.br\/site\/","logo":{"@type":"ImageObject","inLanguage":"pt-BR","@id":"https:\/\/marcelolopes.jor.br\/site\/#\/schema\/logo\/image\/","url":"https:\/\/marcelolopes.jor.br\/site\/wp-content\/uploads\/2024\/11\/logo-1.png","contentUrl":"https:\/\/marcelolopes.jor.br\/site\/wp-content\/uploads\/2024\/11\/logo-1.png","width":475,"height":80,"caption":"Site do Marcelo Lopes"},"image":{"@id":"https:\/\/marcelolopes.jor.br\/site\/#\/schema\/logo\/image\/"},"sameAs":["https:\/\/www.facebook.com\/sitedomarcelolopes","https:\/\/www.instagram.com\/sitedomarcelolopes\/","https:\/\/www.linkedin.com\/company\/site-do-marcelo-lopes\/","https:\/\/www.youtube.com\/user\/marcelolopes957"]},{"@type":"Person","@id":"https:\/\/marcelolopes.jor.br\/site\/#\/schema\/person\/3e7216a35c34d8fdf952b31da3d1f89f","name":"Marcelo Lopes","sameAs":["http:\/\/www.marcelolopes.jor.br"],"url":"https:\/\/marcelolopes.jor.br\/site\/author\/marcelo\/"}]}},"wps_subtitle":"Todas as candidaturas s\u00e3o bem-vindas, independentemente de identidade de g\u00eanero e\/ou outras caracter\u00edsticas.","_links":{"self":[{"href":"https:\/\/marcelolopes.jor.br\/site\/wp-json\/wp\/v2\/posts\/30003","targetHints":{"allow":["GET"]}}],"collection":[{"href":"https:\/\/marcelolopes.jor.br\/site\/wp-json\/wp\/v2\/posts"}],"about":[{"href":"https:\/\/marcelolopes.jor.br\/site\/wp-json\/wp\/v2\/types\/post"}],"author":[{"embeddable":true,"href":"https:\/\/marcelolopes.jor.br\/site\/wp-json\/wp\/v2\/users\/2"}],"replies":[{"embeddable":true,"href":"https:\/\/marcelolopes.jor.br\/site\/wp-json\/wp\/v2\/comments?post=30003"}],"version-history":[{"count":0,"href":"https:\/\/marcelolopes.jor.br\/site\/wp-json\/wp\/v2\/posts\/30003\/revisions"}],"wp:featuredmedia":[{"embeddable":true,"href":"https:\/\/marcelolopes.jor.br\/site\/wp-json\/wp\/v2\/media\/30005"}],"wp:attachment":[{"href":"https:\/\/marcelolopes.jor.br\/site\/wp-json\/wp\/v2\/media?parent=30003"}],"wp:term":[{"taxonomy":"category","embeddable":true,"href":"https:\/\/marcelolopes.jor.br\/site\/wp-json\/wp\/v2\/categories?post=30003"},{"taxonomy":"post_tag","embeddable":true,"href":"https:\/\/marcelolopes.jor.br\/site\/wp-json\/wp\/v2\/tags?post=30003"}],"curies":[{"name":"wp","href":"https:\/\/api.w.org\/{rel}","templated":true}]}}