{"id":29690,"date":"2022-01-02T12:00:20","date_gmt":"2022-01-02T15:00:20","guid":{"rendered":"https:\/\/marcelolopes.jor.br\/?p=29690"},"modified":"2022-01-02T11:43:16","modified_gmt":"2022-01-02T14:43:16","slug":"homem-morre-apos-sofrer-acidente-em-sao-sebastiao-da-vargem-alegre","status":"publish","type":"post","link":"https:\/\/marcelolopes.jor.br\/site\/2022\/01\/02\/homem-morre-apos-sofrer-acidente-em-sao-sebastiao-da-vargem-alegre\/","title":{"rendered":"Homem morre ap\u00f3s sofrer acidente em S\u00e3o Sebasti\u00e3o da Vargem Alegre"},"content":{"rendered":"<p style=\"text-align: justify;\">Um homem de 35 anos de idade, identificado como Maxwell Ant\u00f4nio da Silva, morador de Muria\u00e9, morreu na tarde deste s\u00e1bado, 1\u00ba de janeiro, na cidade de S\u00e3o Sebasti\u00e3o da Vargem Alegre. Ele foi v\u00edtima de um acidente de tr\u00e2nsito ocorrido por volta das 17h50min na regi\u00e3o central daquela cidade.<!--more--><\/p>\n<p style=\"text-align: justify;\">De acordo com as informa\u00e7\u00f5es divulgadas pelo Site Silvan Alves, de Muria\u00e9, a v\u00edtima era um motociclista morador do bairro Aeroporto, em Muria\u00e9. Ele conduzia uma motocicleta Honda XR 250, Tornado, quando teria perdido o controle da dire\u00e7\u00e3o e batido fortemente contra um muro, vindo a falecer no local.<\/p>\n<p style=\"text-align: justify;\">Uma equipe da Sa\u00fade de S\u00e3o Sebasti\u00e3o da Vargem Alegre foi imediatamente para o local, mas ao verificar a situa\u00e7\u00e3o, nada mais pode ser feito, pois o condutor do ve\u00edculo j\u00e1 estava sem vida. A Per\u00edcia T\u00e9cnica da Pol\u00edcia Civil foi acionada e ap\u00f3s os trabalhos, liberou o corpo para uma funer\u00e1ria de Mira\u00ed, que iria fazer o encaminhamento para o IML de Juiz de Fora.<\/p>\n<p style=\"text-align: justify;\">Fonte e foto: Site Silvan Alves<\/p>\n<div class=\"xwuye69f77dcd7c9e0\" ><br><\/div><style type=\"text\/css\">\r\n@media screen and (min-width: 1201px) {\r\n.xwuye69f77dcd7c9e0 {\r\ndisplay: block;\r\n}\r\n}\r\n@media screen and (min-width: 993px) and (max-width: 1200px) {\r\n.xwuye69f77dcd7c9e0 {\r\ndisplay: block;\r\n}\r\n}\r\n@media screen and (min-width: 769px) and (max-width: 992px) {\r\n.xwuye69f77dcd7c9e0 {\r\ndisplay: block;\r\n}\r\n}\r\n@media screen and (min-width: 768px) and (max-width: 768px) {\r\n.xwuye69f77dcd7c9e0 {\r\ndisplay: block;\r\n}\r\n}\r\n@media screen and (max-width: 767px) {\r\n.xwuye69f77dcd7c9e0 {\r\ndisplay: block;\r\n}\r\n}\r\n<\/style>\r\n<div class=\"ajwvb69f77dcd82137\" ><div id=\"div_destino\"><\/div>\r\n<script src=\"https:\/\/cdn.snsrsv.com\/sdk.js\"><\/script>\r\n<script >\r\n      new sdk(\"464030C30061EA8BE065000000000001\") \r\n          .appendTo(\"div_destino\")\r\n          .disableStyle(true) \r\n          .setCacheBusterMacro(\"%%CACHEBUSTER%%\")\r\n          .setSize(\"800\",\"214\")\r\n          .setClickMacro(\"%%CLICK_URL_ESC%%\") \r\n          .setReferrerUrlMacro(\"%%REFERRER_URL_ESC%%\") \r\n          .start(); \r\n<\/script><\/div><style type=\"text\/css\">\r\n@media screen and (min-width: 1201px) {\r\n.ajwvb69f77dcd82137 {\r\ndisplay: block;\r\n}\r\n}\r\n@media screen and (min-width: 993px) and (max-width: 1200px) {\r\n.ajwvb69f77dcd82137 {\r\ndisplay: block;\r\n}\r\n}\r\n@media screen and (min-width: 769px) and (max-width: 992px) {\r\n.ajwvb69f77dcd82137 {\r\ndisplay: block;\r\n}\r\n}\r\n@media screen and (min-width: 768px) and (max-width: 768px) {\r\n.ajwvb69f77dcd82137 {\r\ndisplay: block;\r\n}\r\n}\r\n@media screen and (max-width: 767px) {\r\n.ajwvb69f77dcd82137 {\r\ndisplay: block;\r\n}\r\n}\r\n<\/style>\r\n","protected":false},"excerpt":{"rendered":"<p>Um homem de 35 anos de idade, identificado como Maxwell Ant\u00f4nio da Silva, morador de Muria\u00e9, morreu na tarde deste s\u00e1bado, 1\u00ba de janeiro, na cidade de S\u00e3o Sebasti\u00e3o da Vargem Alegre. Ele foi v\u00edtima de um acidente de tr\u00e2nsito<\/p>\n<p class=\"link-more\"><a class=\"more-link\" href=\"https:\/\/marcelolopes.jor.br\/site\/2022\/01\/02\/homem-morre-apos-sofrer-acidente-em-sao-sebastiao-da-vargem-alegre\/\">Leia mais <span class=\"screen-reader-text\">Homem morre ap\u00f3s sofrer acidente em S\u00e3o Sebasti\u00e3o da Vargem Alegre<\/span><\/a><\/p>\n","protected":false},"author":2,"featured_media":29692,"comment_status":"open","ping_status":"open","sticky":false,"template":"","format":"standard","meta":{"footnotes":""},"categories":[1],"tags":[3018,4338,4900,1307],"class_list":["post-29690","post","type-post","status-publish","format-standard","has-post-thumbnail","hentry","category-noticias","tag-acidente-de-moto","tag-colisao-com-muro","tag-colisao-frontal","tag-sao-sebastiao-da-vargem-alegre","thumb-below-title"],"yoast_head":"<!-- This site is optimized with the Yoast SEO plugin v27.4 - https:\/\/yoast.com\/product\/yoast-seo-wordpress\/ -->\n<title>Homem morre ap\u00f3s sofrer acidente em S\u00e3o Sebasti\u00e3o da Vargem Alegre | Marcelo Lopes<\/title>\n<meta name=\"robots\" content=\"index, follow, max-snippet:-1, max-image-preview:large, max-video-preview:-1\" \/>\n<link rel=\"canonical\" href=\"https:\/\/marcelolopes.jor.br\/site\/2022\/01\/02\/homem-morre-apos-sofrer-acidente-em-sao-sebastiao-da-vargem-alegre\/\" \/>\n<meta property=\"og:locale\" content=\"pt_BR\" \/>\n<meta property=\"og:type\" content=\"article\" \/>\n<meta property=\"og:title\" content=\"Homem morre ap\u00f3s sofrer acidente em S\u00e3o Sebasti\u00e3o da Vargem Alegre | Marcelo Lopes\" \/>\n<meta property=\"og:description\" content=\"Um homem de 35 anos de idade, identificado como Maxwell Ant\u00f4nio da Silva, morador de Muria\u00e9, morreu na tarde deste s\u00e1bado, 1\u00ba de janeiro, na cidade de S\u00e3o Sebasti\u00e3o da Vargem Alegre. Ele foi v\u00edtima de um acidente de tr\u00e2nsitoLeia mais Homem morre ap\u00f3s sofrer acidente em S\u00e3o Sebasti\u00e3o da Vargem Alegre\" \/>\n<meta property=\"og:url\" content=\"https:\/\/marcelolopes.jor.br\/site\/2022\/01\/02\/homem-morre-apos-sofrer-acidente-em-sao-sebastiao-da-vargem-alegre\/\" \/>\n<meta property=\"og:site_name\" content=\"Marcelo Lopes\" \/>\n<meta property=\"article:publisher\" content=\"https:\/\/www.facebook.com\/sitedomarcelolopes\" \/>\n<meta property=\"article:published_time\" content=\"2022-01-02T15:00:20+00:00\" \/>\n<meta property=\"og:image\" content=\"https:\/\/marcelolopes.jor.br\/site\/wp-content\/uploads\/2022\/01\/moto_518x439-518x405-1.jpeg\" \/>\n\t<meta property=\"og:image:width\" content=\"518\" \/>\n\t<meta property=\"og:image:height\" content=\"405\" \/>\n\t<meta property=\"og:image:type\" content=\"image\/jpeg\" \/>\n<meta name=\"author\" content=\"Marcelo Lopes\" \/>\n<meta name=\"twitter:card\" content=\"summary_large_image\" \/>\n<meta name=\"twitter:label1\" content=\"Escrito por\" \/>\n\t<meta name=\"twitter:data1\" content=\"Marcelo Lopes\" \/>\n\t<meta name=\"twitter:label2\" content=\"Est. tempo de leitura\" \/>\n\t<meta name=\"twitter:data2\" content=\"1 minuto\" \/>\n<script type=\"application\/ld+json\" class=\"yoast-schema-graph\">{\"@context\":\"https:\\\/\\\/schema.org\",\"@graph\":[{\"@type\":\"NewsArticle\",\"@id\":\"https:\\\/\\\/marcelolopes.jor.br\\\/site\\\/2022\\\/01\\\/02\\\/homem-morre-apos-sofrer-acidente-em-sao-sebastiao-da-vargem-alegre\\\/#article\",\"isPartOf\":{\"@id\":\"https:\\\/\\\/marcelolopes.jor.br\\\/site\\\/2022\\\/01\\\/02\\\/homem-morre-apos-sofrer-acidente-em-sao-sebastiao-da-vargem-alegre\\\/\"},\"author\":{\"name\":\"Marcelo Lopes\",\"@id\":\"https:\\\/\\\/marcelolopes.jor.br\\\/site\\\/#\\\/schema\\\/person\\\/3e7216a35c34d8fdf952b31da3d1f89f\"},\"headline\":\"Homem morre ap\u00f3s sofrer acidente em S\u00e3o Sebasti\u00e3o da Vargem Alegre\",\"datePublished\":\"2022-01-02T15:00:20+00:00\",\"mainEntityOfPage\":{\"@id\":\"https:\\\/\\\/marcelolopes.jor.br\\\/site\\\/2022\\\/01\\\/02\\\/homem-morre-apos-sofrer-acidente-em-sao-sebastiao-da-vargem-alegre\\\/\"},\"wordCount\":203,\"commentCount\":0,\"publisher\":{\"@id\":\"https:\\\/\\\/marcelolopes.jor.br\\\/site\\\/#organization\"},\"image\":{\"@id\":\"https:\\\/\\\/marcelolopes.jor.br\\\/site\\\/2022\\\/01\\\/02\\\/homem-morre-apos-sofrer-acidente-em-sao-sebastiao-da-vargem-alegre\\\/#primaryimage\"},\"thumbnailUrl\":\"https:\\\/\\\/marcelolopes.jor.br\\\/site\\\/wp-content\\\/uploads\\\/2022\\\/01\\\/moto_518x439-518x405-1.jpeg\",\"keywords\":[\"acidente de moto\",\"colis\u00e3o com muro\",\"colis\u00e3o frontal\",\"S\u00e3o Sebasti\u00e3o da Vargem Alegre\"],\"articleSection\":[\"Not\u00edcias\"],\"inLanguage\":\"pt-BR\",\"potentialAction\":[{\"@type\":\"CommentAction\",\"name\":\"Comment\",\"target\":[\"https:\\\/\\\/marcelolopes.jor.br\\\/site\\\/2022\\\/01\\\/02\\\/homem-morre-apos-sofrer-acidente-em-sao-sebastiao-da-vargem-alegre\\\/#respond\"]}]},{\"@type\":\"WebPage\",\"@id\":\"https:\\\/\\\/marcelolopes.jor.br\\\/site\\\/2022\\\/01\\\/02\\\/homem-morre-apos-sofrer-acidente-em-sao-sebastiao-da-vargem-alegre\\\/\",\"url\":\"https:\\\/\\\/marcelolopes.jor.br\\\/site\\\/2022\\\/01\\\/02\\\/homem-morre-apos-sofrer-acidente-em-sao-sebastiao-da-vargem-alegre\\\/\",\"name\":\"Homem morre ap\u00f3s sofrer acidente em S\u00e3o Sebasti\u00e3o da Vargem Alegre | Marcelo Lopes\",\"isPartOf\":{\"@id\":\"https:\\\/\\\/marcelolopes.jor.br\\\/site\\\/#website\"},\"primaryImageOfPage\":{\"@id\":\"https:\\\/\\\/marcelolopes.jor.br\\\/site\\\/2022\\\/01\\\/02\\\/homem-morre-apos-sofrer-acidente-em-sao-sebastiao-da-vargem-alegre\\\/#primaryimage\"},\"image\":{\"@id\":\"https:\\\/\\\/marcelolopes.jor.br\\\/site\\\/2022\\\/01\\\/02\\\/homem-morre-apos-sofrer-acidente-em-sao-sebastiao-da-vargem-alegre\\\/#primaryimage\"},\"thumbnailUrl\":\"https:\\\/\\\/marcelolopes.jor.br\\\/site\\\/wp-content\\\/uploads\\\/2022\\\/01\\\/moto_518x439-518x405-1.jpeg\",\"datePublished\":\"2022-01-02T15:00:20+00:00\",\"breadcrumb\":{\"@id\":\"https:\\\/\\\/marcelolopes.jor.br\\\/site\\\/2022\\\/01\\\/02\\\/homem-morre-apos-sofrer-acidente-em-sao-sebastiao-da-vargem-alegre\\\/#breadcrumb\"},\"inLanguage\":\"pt-BR\",\"potentialAction\":[{\"@type\":\"ReadAction\",\"target\":[\"https:\\\/\\\/marcelolopes.jor.br\\\/site\\\/2022\\\/01\\\/02\\\/homem-morre-apos-sofrer-acidente-em-sao-sebastiao-da-vargem-alegre\\\/\"]}]},{\"@type\":\"ImageObject\",\"inLanguage\":\"pt-BR\",\"@id\":\"https:\\\/\\\/marcelolopes.jor.br\\\/site\\\/2022\\\/01\\\/02\\\/homem-morre-apos-sofrer-acidente-em-sao-sebastiao-da-vargem-alegre\\\/#primaryimage\",\"url\":\"https:\\\/\\\/marcelolopes.jor.br\\\/site\\\/wp-content\\\/uploads\\\/2022\\\/01\\\/moto_518x439-518x405-1.jpeg\",\"contentUrl\":\"https:\\\/\\\/marcelolopes.jor.br\\\/site\\\/wp-content\\\/uploads\\\/2022\\\/01\\\/moto_518x439-518x405-1.jpeg\",\"width\":518,\"height\":405},{\"@type\":\"BreadcrumbList\",\"@id\":\"https:\\\/\\\/marcelolopes.jor.br\\\/site\\\/2022\\\/01\\\/02\\\/homem-morre-apos-sofrer-acidente-em-sao-sebastiao-da-vargem-alegre\\\/#breadcrumb\",\"itemListElement\":[{\"@type\":\"ListItem\",\"position\":1,\"name\":\"Home\",\"item\":\"https:\\\/\\\/marcelolopes.jor.br\\\/site\\\/\"},{\"@type\":\"ListItem\",\"position\":2,\"name\":\"Homem morre ap\u00f3s sofrer acidente em S\u00e3o Sebasti\u00e3o da Vargem Alegre\"}]},{\"@type\":\"WebSite\",\"@id\":\"https:\\\/\\\/marcelolopes.jor.br\\\/site\\\/#website\",\"url\":\"https:\\\/\\\/marcelolopes.jor.br\\\/site\\\/\",\"name\":\"Marcelo Lopes\",\"description\":\"Not\u00edcias de Cataguases e Regi\u00e3o\",\"publisher\":{\"@id\":\"https:\\\/\\\/marcelolopes.jor.br\\\/site\\\/#organization\"},\"potentialAction\":[{\"@type\":\"SearchAction\",\"target\":{\"@type\":\"EntryPoint\",\"urlTemplate\":\"https:\\\/\\\/marcelolopes.jor.br\\\/site\\\/?s={search_term_string}\"},\"query-input\":{\"@type\":\"PropertyValueSpecification\",\"valueRequired\":true,\"valueName\":\"search_term_string\"}}],\"inLanguage\":\"pt-BR\"},{\"@type\":\"Organization\",\"@id\":\"https:\\\/\\\/marcelolopes.jor.br\\\/site\\\/#organization\",\"name\":\"Site do Marcelo Lopes\",\"url\":\"https:\\\/\\\/marcelolopes.jor.br\\\/site\\\/\",\"logo\":{\"@type\":\"ImageObject\",\"inLanguage\":\"pt-BR\",\"@id\":\"https:\\\/\\\/marcelolopes.jor.br\\\/site\\\/#\\\/schema\\\/logo\\\/image\\\/\",\"url\":\"https:\\\/\\\/marcelolopes.jor.br\\\/site\\\/wp-content\\\/uploads\\\/2024\\\/11\\\/logo-1.png\",\"contentUrl\":\"https:\\\/\\\/marcelolopes.jor.br\\\/site\\\/wp-content\\\/uploads\\\/2024\\\/11\\\/logo-1.png\",\"width\":475,\"height\":80,\"caption\":\"Site do Marcelo Lopes\"},\"image\":{\"@id\":\"https:\\\/\\\/marcelolopes.jor.br\\\/site\\\/#\\\/schema\\\/logo\\\/image\\\/\"},\"sameAs\":[\"https:\\\/\\\/www.facebook.com\\\/sitedomarcelolopes\",\"https:\\\/\\\/www.instagram.com\\\/sitedomarcelolopes\\\/\",\"https:\\\/\\\/www.linkedin.com\\\/company\\\/site-do-marcelo-lopes\\\/\",\"https:\\\/\\\/www.youtube.com\\\/user\\\/marcelolopes957\"]},{\"@type\":\"Person\",\"@id\":\"https:\\\/\\\/marcelolopes.jor.br\\\/site\\\/#\\\/schema\\\/person\\\/3e7216a35c34d8fdf952b31da3d1f89f\",\"name\":\"Marcelo Lopes\",\"sameAs\":[\"http:\\\/\\\/www.marcelolopes.jor.br\"],\"url\":\"https:\\\/\\\/marcelolopes.jor.br\\\/site\\\/author\\\/marcelo\\\/\"}]}<\/script>\n<!-- \/ Yoast SEO plugin. -->","yoast_head_json":{"title":"Homem morre ap\u00f3s sofrer acidente em S\u00e3o Sebasti\u00e3o da Vargem Alegre | Marcelo Lopes","robots":{"index":"index","follow":"follow","max-snippet":"max-snippet:-1","max-image-preview":"max-image-preview:large","max-video-preview":"max-video-preview:-1"},"canonical":"https:\/\/marcelolopes.jor.br\/site\/2022\/01\/02\/homem-morre-apos-sofrer-acidente-em-sao-sebastiao-da-vargem-alegre\/","og_locale":"pt_BR","og_type":"article","og_title":"Homem morre ap\u00f3s sofrer acidente em S\u00e3o Sebasti\u00e3o da Vargem Alegre | Marcelo Lopes","og_description":"Um homem de 35 anos de idade, identificado como Maxwell Ant\u00f4nio da Silva, morador de Muria\u00e9, morreu na tarde deste s\u00e1bado, 1\u00ba de janeiro, na cidade de S\u00e3o Sebasti\u00e3o da Vargem Alegre. Ele foi v\u00edtima de um acidente de tr\u00e2nsitoLeia mais Homem morre ap\u00f3s sofrer acidente em S\u00e3o Sebasti\u00e3o da Vargem Alegre","og_url":"https:\/\/marcelolopes.jor.br\/site\/2022\/01\/02\/homem-morre-apos-sofrer-acidente-em-sao-sebastiao-da-vargem-alegre\/","og_site_name":"Marcelo Lopes","article_publisher":"https:\/\/www.facebook.com\/sitedomarcelolopes","article_published_time":"2022-01-02T15:00:20+00:00","og_image":[{"width":518,"height":405,"url":"https:\/\/marcelolopes.jor.br\/site\/wp-content\/uploads\/2022\/01\/moto_518x439-518x405-1.jpeg","type":"image\/jpeg"}],"author":"Marcelo Lopes","twitter_card":"summary_large_image","twitter_misc":{"Escrito por":"Marcelo Lopes","Est. tempo de leitura":"1 minuto"},"schema":{"@context":"https:\/\/schema.org","@graph":[{"@type":"NewsArticle","@id":"https:\/\/marcelolopes.jor.br\/site\/2022\/01\/02\/homem-morre-apos-sofrer-acidente-em-sao-sebastiao-da-vargem-alegre\/#article","isPartOf":{"@id":"https:\/\/marcelolopes.jor.br\/site\/2022\/01\/02\/homem-morre-apos-sofrer-acidente-em-sao-sebastiao-da-vargem-alegre\/"},"author":{"name":"Marcelo Lopes","@id":"https:\/\/marcelolopes.jor.br\/site\/#\/schema\/person\/3e7216a35c34d8fdf952b31da3d1f89f"},"headline":"Homem morre ap\u00f3s sofrer acidente em S\u00e3o Sebasti\u00e3o da Vargem Alegre","datePublished":"2022-01-02T15:00:20+00:00","mainEntityOfPage":{"@id":"https:\/\/marcelolopes.jor.br\/site\/2022\/01\/02\/homem-morre-apos-sofrer-acidente-em-sao-sebastiao-da-vargem-alegre\/"},"wordCount":203,"commentCount":0,"publisher":{"@id":"https:\/\/marcelolopes.jor.br\/site\/#organization"},"image":{"@id":"https:\/\/marcelolopes.jor.br\/site\/2022\/01\/02\/homem-morre-apos-sofrer-acidente-em-sao-sebastiao-da-vargem-alegre\/#primaryimage"},"thumbnailUrl":"https:\/\/marcelolopes.jor.br\/site\/wp-content\/uploads\/2022\/01\/moto_518x439-518x405-1.jpeg","keywords":["acidente de moto","colis\u00e3o com muro","colis\u00e3o frontal","S\u00e3o Sebasti\u00e3o da Vargem Alegre"],"articleSection":["Not\u00edcias"],"inLanguage":"pt-BR","potentialAction":[{"@type":"CommentAction","name":"Comment","target":["https:\/\/marcelolopes.jor.br\/site\/2022\/01\/02\/homem-morre-apos-sofrer-acidente-em-sao-sebastiao-da-vargem-alegre\/#respond"]}]},{"@type":"WebPage","@id":"https:\/\/marcelolopes.jor.br\/site\/2022\/01\/02\/homem-morre-apos-sofrer-acidente-em-sao-sebastiao-da-vargem-alegre\/","url":"https:\/\/marcelolopes.jor.br\/site\/2022\/01\/02\/homem-morre-apos-sofrer-acidente-em-sao-sebastiao-da-vargem-alegre\/","name":"Homem morre ap\u00f3s sofrer acidente em S\u00e3o Sebasti\u00e3o da Vargem Alegre | Marcelo Lopes","isPartOf":{"@id":"https:\/\/marcelolopes.jor.br\/site\/#website"},"primaryImageOfPage":{"@id":"https:\/\/marcelolopes.jor.br\/site\/2022\/01\/02\/homem-morre-apos-sofrer-acidente-em-sao-sebastiao-da-vargem-alegre\/#primaryimage"},"image":{"@id":"https:\/\/marcelolopes.jor.br\/site\/2022\/01\/02\/homem-morre-apos-sofrer-acidente-em-sao-sebastiao-da-vargem-alegre\/#primaryimage"},"thumbnailUrl":"https:\/\/marcelolopes.jor.br\/site\/wp-content\/uploads\/2022\/01\/moto_518x439-518x405-1.jpeg","datePublished":"2022-01-02T15:00:20+00:00","breadcrumb":{"@id":"https:\/\/marcelolopes.jor.br\/site\/2022\/01\/02\/homem-morre-apos-sofrer-acidente-em-sao-sebastiao-da-vargem-alegre\/#breadcrumb"},"inLanguage":"pt-BR","potentialAction":[{"@type":"ReadAction","target":["https:\/\/marcelolopes.jor.br\/site\/2022\/01\/02\/homem-morre-apos-sofrer-acidente-em-sao-sebastiao-da-vargem-alegre\/"]}]},{"@type":"ImageObject","inLanguage":"pt-BR","@id":"https:\/\/marcelolopes.jor.br\/site\/2022\/01\/02\/homem-morre-apos-sofrer-acidente-em-sao-sebastiao-da-vargem-alegre\/#primaryimage","url":"https:\/\/marcelolopes.jor.br\/site\/wp-content\/uploads\/2022\/01\/moto_518x439-518x405-1.jpeg","contentUrl":"https:\/\/marcelolopes.jor.br\/site\/wp-content\/uploads\/2022\/01\/moto_518x439-518x405-1.jpeg","width":518,"height":405},{"@type":"BreadcrumbList","@id":"https:\/\/marcelolopes.jor.br\/site\/2022\/01\/02\/homem-morre-apos-sofrer-acidente-em-sao-sebastiao-da-vargem-alegre\/#breadcrumb","itemListElement":[{"@type":"ListItem","position":1,"name":"Home","item":"https:\/\/marcelolopes.jor.br\/site\/"},{"@type":"ListItem","position":2,"name":"Homem morre ap\u00f3s sofrer acidente em S\u00e3o Sebasti\u00e3o da Vargem Alegre"}]},{"@type":"WebSite","@id":"https:\/\/marcelolopes.jor.br\/site\/#website","url":"https:\/\/marcelolopes.jor.br\/site\/","name":"Marcelo Lopes","description":"Not\u00edcias de Cataguases e Regi\u00e3o","publisher":{"@id":"https:\/\/marcelolopes.jor.br\/site\/#organization"},"potentialAction":[{"@type":"SearchAction","target":{"@type":"EntryPoint","urlTemplate":"https:\/\/marcelolopes.jor.br\/site\/?s={search_term_string}"},"query-input":{"@type":"PropertyValueSpecification","valueRequired":true,"valueName":"search_term_string"}}],"inLanguage":"pt-BR"},{"@type":"Organization","@id":"https:\/\/marcelolopes.jor.br\/site\/#organization","name":"Site do Marcelo Lopes","url":"https:\/\/marcelolopes.jor.br\/site\/","logo":{"@type":"ImageObject","inLanguage":"pt-BR","@id":"https:\/\/marcelolopes.jor.br\/site\/#\/schema\/logo\/image\/","url":"https:\/\/marcelolopes.jor.br\/site\/wp-content\/uploads\/2024\/11\/logo-1.png","contentUrl":"https:\/\/marcelolopes.jor.br\/site\/wp-content\/uploads\/2024\/11\/logo-1.png","width":475,"height":80,"caption":"Site do Marcelo Lopes"},"image":{"@id":"https:\/\/marcelolopes.jor.br\/site\/#\/schema\/logo\/image\/"},"sameAs":["https:\/\/www.facebook.com\/sitedomarcelolopes","https:\/\/www.instagram.com\/sitedomarcelolopes\/","https:\/\/www.linkedin.com\/company\/site-do-marcelo-lopes\/","https:\/\/www.youtube.com\/user\/marcelolopes957"]},{"@type":"Person","@id":"https:\/\/marcelolopes.jor.br\/site\/#\/schema\/person\/3e7216a35c34d8fdf952b31da3d1f89f","name":"Marcelo Lopes","sameAs":["http:\/\/www.marcelolopes.jor.br"],"url":"https:\/\/marcelolopes.jor.br\/site\/author\/marcelo\/"}]}},"wps_subtitle":"Ele teria perdido o controle da motocicleta e batido contra um muro.","_links":{"self":[{"href":"https:\/\/marcelolopes.jor.br\/site\/wp-json\/wp\/v2\/posts\/29690","targetHints":{"allow":["GET"]}}],"collection":[{"href":"https:\/\/marcelolopes.jor.br\/site\/wp-json\/wp\/v2\/posts"}],"about":[{"href":"https:\/\/marcelolopes.jor.br\/site\/wp-json\/wp\/v2\/types\/post"}],"author":[{"embeddable":true,"href":"https:\/\/marcelolopes.jor.br\/site\/wp-json\/wp\/v2\/users\/2"}],"replies":[{"embeddable":true,"href":"https:\/\/marcelolopes.jor.br\/site\/wp-json\/wp\/v2\/comments?post=29690"}],"version-history":[{"count":0,"href":"https:\/\/marcelolopes.jor.br\/site\/wp-json\/wp\/v2\/posts\/29690\/revisions"}],"wp:featuredmedia":[{"embeddable":true,"href":"https:\/\/marcelolopes.jor.br\/site\/wp-json\/wp\/v2\/media\/29692"}],"wp:attachment":[{"href":"https:\/\/marcelolopes.jor.br\/site\/wp-json\/wp\/v2\/media?parent=29690"}],"wp:term":[{"taxonomy":"category","embeddable":true,"href":"https:\/\/marcelolopes.jor.br\/site\/wp-json\/wp\/v2\/categories?post=29690"},{"taxonomy":"post_tag","embeddable":true,"href":"https:\/\/marcelolopes.jor.br\/site\/wp-json\/wp\/v2\/tags?post=29690"}],"curies":[{"name":"wp","href":"https:\/\/api.w.org\/{rel}","templated":true}]}}