{"id":29477,"date":"2021-12-22T20:00:07","date_gmt":"2021-12-22T23:00:07","guid":{"rendered":"https:\/\/marcelolopes.jor.br\/?p=29477"},"modified":"2021-12-22T13:56:24","modified_gmt":"2021-12-22T16:56:24","slug":"prefeito-jose-henriques-e-o-novo-presidente-eleito-do-cisum","status":"publish","type":"post","link":"https:\/\/marcelolopes.jor.br\/site\/2021\/12\/22\/prefeito-jose-henriques-e-o-novo-presidente-eleito-do-cisum\/","title":{"rendered":"Prefeito Jos\u00e9 Henriques \u00e9 o novo presidente eleito do CISUM"},"content":{"rendered":"<p style=\"text-align: justify;\">Aconteceu na \u00faltima segunda-feira, dia 20, na sede da Prefeitura de Leopoldina, a escolha do novo presidente do CISUM, o Cons\u00f3rcio Intermunicipal de Sa\u00fade Uni\u00e3o da Mata, em reuni\u00e3o conduzida pela secret\u00e1ria-executiva do Cons\u00f3rcio, T\u00e1rc\u00edlia Rodrigues Fernandes. Por nove votos a dois, foi eleita a chapa liderada pelo prefeito de Cataguases, Jos\u00e9 Henriques, tendo como vice-presidente, o prefeito de Estrela Dalva, Diego Coutinho da Costa. Passam tamb\u00e9m a integrar a nova diretoria, como membros da Comiss\u00e3o de Controle Interno, os prefeitos Pedro Augusto Junqueira Ferraz, de Leopoldina, Hamilton de Moura Filho, de Itamarati de Minas e Alex Andrade Anzolin, de Argirita.<!--more--><\/p>\n<p style=\"text-align: justify;\">A elei\u00e7\u00e3o da nova diretoria do Cisum acontece todos os anos na \u00faltima reuni\u00e3o ordin\u00e1ria do Cons\u00f3rcio. O voto \u00e9 publico e nominal para mandato de um ano, com in\u00edcio no primeiro dia \u00fatil do exerc\u00edcio financeiro subsequente, sendo permitida apenas uma reelei\u00e7\u00e3o. O CISUM atua nos munic\u00edpios de Argirita, Al\u00e9m Para\u00edba, Astolfo Dutra, Cataguases, Dona Euz\u00e9bia, Estrela Dalva, Itamarati de Minas, Leopoldina, Mira\u00ed, Pirapetinga, Recreio, Santana de Cataguases, Santo Ant\u00f4nio do Aventureiro e Volta Grande.<\/p>\n<p style=\"text-align: justify;\">O prefeito Jose Henriques manifestou a satisfa\u00e7\u00e3o e a honra de contar com o apoio dos prefeitos, parabenizou o prefeito de Leopoldina, Pedro Augusto, que com ele concorreu neste pleito pela reelei\u00e7\u00e3o, e falou dos novos desafios. \u201cO CISUM precisa ser valorizado pela sua dimens\u00e3o, pelo seu alcance. Neste sentido, nosso prop\u00f3sito \u00e9 aprimorar os servi\u00e7os de sa\u00fade, com novos modelos de atendimento, como, por exemplo, criando mutir\u00e3o de exames por meio de um centro de diagn\u00f3stico de imagens, um pronto socorro intermunicipal ou fazendo com que os prontos socorros dos munic\u00edpios consorciados sejam gerenciados pelo CISUM, prop\u00f4s ele.<\/p>\n<p style=\"text-align: justify;\">O novo presidente eleito do CISUM disse ainda que vai reiterar seus esfor\u00e7os pela retomada do servi\u00e7o de atendimento oncol\u00f3gico. A reivindica\u00e7\u00e3o j\u00e1 foi formalizada pelo prefeito Jos\u00e9 Henriques e apenas aguarda a aprova\u00e7\u00e3o por parte da Funda\u00e7\u00e3o Cristiano Varella, de Muria\u00e9. \u201cA partir de agora, nosso pedido pela volta do oncol\u00f3gico ganha mais peso com o respaldo do Cons\u00f3rcio, uma vez que ser\u00e1 maior a demanda, de forma a beneficiar todos esses munic\u00edpios consorciados\u201d, afirmou Jos\u00e9 Henriques. O prefeito chamou ainda a aten\u00e7\u00e3o para a renova\u00e7\u00e3o da frota que realiza transporte dos pacientes, bem como a qualifica\u00e7\u00e3o dos profissionais do CISUM, por meio de cursos e treinamentos.<\/p>\n<p style=\"text-align: justify;\">Fonte e fotos: Prefeitura de Cataguases<\/p>\n<div class=\"tjwxc69f77dcde4dba\" ><br><\/div><style type=\"text\/css\">\r\n@media screen and (min-width: 1201px) {\r\n.tjwxc69f77dcde4dba {\r\ndisplay: block;\r\n}\r\n}\r\n@media screen and (min-width: 993px) and (max-width: 1200px) {\r\n.tjwxc69f77dcde4dba {\r\ndisplay: block;\r\n}\r\n}\r\n@media screen and (min-width: 769px) and (max-width: 992px) {\r\n.tjwxc69f77dcde4dba {\r\ndisplay: block;\r\n}\r\n}\r\n@media screen and (min-width: 768px) and (max-width: 768px) {\r\n.tjwxc69f77dcde4dba {\r\ndisplay: block;\r\n}\r\n}\r\n@media screen and (max-width: 767px) {\r\n.tjwxc69f77dcde4dba {\r\ndisplay: block;\r\n}\r\n}\r\n<\/style>\r\n<div class=\"zprpg69f77dcdeb230\" ><div id=\"div_destino\"><\/div>\r\n<script src=\"https:\/\/cdn.snsrsv.com\/sdk.js\"><\/script>\r\n<script >\r\n      new sdk(\"464030C30061EA8BE065000000000001\") \r\n          .appendTo(\"div_destino\")\r\n          .disableStyle(true) \r\n          .setCacheBusterMacro(\"%%CACHEBUSTER%%\")\r\n          .setSize(\"800\",\"214\")\r\n          .setClickMacro(\"%%CLICK_URL_ESC%%\") \r\n          .setReferrerUrlMacro(\"%%REFERRER_URL_ESC%%\") \r\n          .start(); \r\n<\/script><\/div><style type=\"text\/css\">\r\n@media screen and (min-width: 1201px) {\r\n.zprpg69f77dcdeb230 {\r\ndisplay: block;\r\n}\r\n}\r\n@media screen and (min-width: 993px) and (max-width: 1200px) {\r\n.zprpg69f77dcdeb230 {\r\ndisplay: block;\r\n}\r\n}\r\n@media screen and (min-width: 769px) and (max-width: 992px) {\r\n.zprpg69f77dcdeb230 {\r\ndisplay: block;\r\n}\r\n}\r\n@media screen and (min-width: 768px) and (max-width: 768px) {\r\n.zprpg69f77dcdeb230 {\r\ndisplay: block;\r\n}\r\n}\r\n@media screen and (max-width: 767px) {\r\n.zprpg69f77dcdeb230 {\r\ndisplay: block;\r\n}\r\n}\r\n<\/style>\r\n","protected":false},"excerpt":{"rendered":"<p>Aconteceu na \u00faltima segunda-feira, dia 20, na sede da Prefeitura de Leopoldina, a escolha do novo presidente do CISUM, o Cons\u00f3rcio Intermunicipal de Sa\u00fade Uni\u00e3o da Mata, em reuni\u00e3o conduzida pela secret\u00e1ria-executiva do Cons\u00f3rcio, T\u00e1rc\u00edlia Rodrigues Fernandes. Por nove votos<\/p>\n<p class=\"link-more\"><a class=\"more-link\" href=\"https:\/\/marcelolopes.jor.br\/site\/2021\/12\/22\/prefeito-jose-henriques-e-o-novo-presidente-eleito-do-cisum\/\">Leia mais <span class=\"screen-reader-text\">Prefeito Jos\u00e9 Henriques \u00e9 o novo presidente eleito do CISUM<\/span><\/a><\/p>\n","protected":false},"author":2,"featured_media":29479,"comment_status":"open","ping_status":"open","sticky":false,"template":"","format":"standard","meta":{"footnotes":""},"categories":[1],"tags":[1047,3786,5241,4086],"class_list":["post-29477","post","type-post","status-publish","format-standard","has-post-thumbnail","hentry","category-noticias","tag-cisum","tag-consorcio-de-municipios","tag-novo-presidente","tag-prefeito-jose-henriques","thumb-below-title"],"yoast_head":"<!-- This site is optimized with the Yoast SEO plugin v27.4 - https:\/\/yoast.com\/product\/yoast-seo-wordpress\/ -->\n<title>Prefeito Jos\u00e9 Henriques \u00e9 o novo presidente eleito do CISUM | Marcelo Lopes<\/title>\n<meta name=\"robots\" content=\"index, follow, max-snippet:-1, max-image-preview:large, max-video-preview:-1\" \/>\n<link rel=\"canonical\" href=\"https:\/\/marcelolopes.jor.br\/site\/2021\/12\/22\/prefeito-jose-henriques-e-o-novo-presidente-eleito-do-cisum\/\" \/>\n<meta property=\"og:locale\" content=\"pt_BR\" \/>\n<meta property=\"og:type\" content=\"article\" \/>\n<meta property=\"og:title\" content=\"Prefeito Jos\u00e9 Henriques \u00e9 o novo presidente eleito do CISUM | Marcelo Lopes\" \/>\n<meta property=\"og:description\" content=\"Aconteceu na \u00faltima segunda-feira, dia 20, na sede da Prefeitura de Leopoldina, a escolha do novo presidente do CISUM, o Cons\u00f3rcio Intermunicipal de Sa\u00fade Uni\u00e3o da Mata, em reuni\u00e3o conduzida pela secret\u00e1ria-executiva do Cons\u00f3rcio, T\u00e1rc\u00edlia Rodrigues Fernandes. Por nove votosLeia mais Prefeito Jos\u00e9 Henriques \u00e9 o novo presidente eleito do CISUM\" \/>\n<meta property=\"og:url\" content=\"https:\/\/marcelolopes.jor.br\/site\/2021\/12\/22\/prefeito-jose-henriques-e-o-novo-presidente-eleito-do-cisum\/\" \/>\n<meta property=\"og:site_name\" content=\"Marcelo Lopes\" \/>\n<meta property=\"article:publisher\" content=\"https:\/\/www.facebook.com\/sitedomarcelolopes\" \/>\n<meta property=\"article:published_time\" content=\"2021-12-22T23:00:07+00:00\" \/>\n<meta property=\"og:image\" content=\"https:\/\/marcelolopes.jor.br\/site\/wp-content\/uploads\/2021\/12\/WhatsApp-Image-2021-12-22-at-13.27.29.jpeg\" \/>\n\t<meta property=\"og:image:width\" content=\"1600\" \/>\n\t<meta property=\"og:image:height\" content=\"1200\" \/>\n\t<meta property=\"og:image:type\" content=\"image\/jpeg\" \/>\n<meta name=\"author\" content=\"Marcelo Lopes\" \/>\n<meta name=\"twitter:card\" content=\"summary_large_image\" \/>\n<meta name=\"twitter:label1\" content=\"Escrito por\" \/>\n\t<meta name=\"twitter:data1\" content=\"Marcelo Lopes\" \/>\n\t<meta name=\"twitter:label2\" content=\"Est. tempo de leitura\" \/>\n\t<meta name=\"twitter:data2\" content=\"2 minutos\" \/>\n<script type=\"application\/ld+json\" class=\"yoast-schema-graph\">{\"@context\":\"https:\\\/\\\/schema.org\",\"@graph\":[{\"@type\":\"NewsArticle\",\"@id\":\"https:\\\/\\\/marcelolopes.jor.br\\\/site\\\/2021\\\/12\\\/22\\\/prefeito-jose-henriques-e-o-novo-presidente-eleito-do-cisum\\\/#article\",\"isPartOf\":{\"@id\":\"https:\\\/\\\/marcelolopes.jor.br\\\/site\\\/2021\\\/12\\\/22\\\/prefeito-jose-henriques-e-o-novo-presidente-eleito-do-cisum\\\/\"},\"author\":{\"name\":\"Marcelo Lopes\",\"@id\":\"https:\\\/\\\/marcelolopes.jor.br\\\/site\\\/#\\\/schema\\\/person\\\/3e7216a35c34d8fdf952b31da3d1f89f\"},\"headline\":\"Prefeito Jos\u00e9 Henriques \u00e9 o novo presidente eleito do CISUM\",\"datePublished\":\"2021-12-22T23:00:07+00:00\",\"mainEntityOfPage\":{\"@id\":\"https:\\\/\\\/marcelolopes.jor.br\\\/site\\\/2021\\\/12\\\/22\\\/prefeito-jose-henriques-e-o-novo-presidente-eleito-do-cisum\\\/\"},\"wordCount\":440,\"commentCount\":0,\"publisher\":{\"@id\":\"https:\\\/\\\/marcelolopes.jor.br\\\/site\\\/#organization\"},\"image\":{\"@id\":\"https:\\\/\\\/marcelolopes.jor.br\\\/site\\\/2021\\\/12\\\/22\\\/prefeito-jose-henriques-e-o-novo-presidente-eleito-do-cisum\\\/#primaryimage\"},\"thumbnailUrl\":\"https:\\\/\\\/marcelolopes.jor.br\\\/site\\\/wp-content\\\/uploads\\\/2021\\\/12\\\/WhatsApp-Image-2021-12-22-at-13.27.29.jpeg\",\"keywords\":[\"Cisum\",\"cons\u00f3rcio de munic\u00edpios\",\"novo presidente\",\"Prefeito Jos\u00e9 Henriques\"],\"articleSection\":[\"Not\u00edcias\"],\"inLanguage\":\"pt-BR\",\"potentialAction\":[{\"@type\":\"CommentAction\",\"name\":\"Comment\",\"target\":[\"https:\\\/\\\/marcelolopes.jor.br\\\/site\\\/2021\\\/12\\\/22\\\/prefeito-jose-henriques-e-o-novo-presidente-eleito-do-cisum\\\/#respond\"]}]},{\"@type\":\"WebPage\",\"@id\":\"https:\\\/\\\/marcelolopes.jor.br\\\/site\\\/2021\\\/12\\\/22\\\/prefeito-jose-henriques-e-o-novo-presidente-eleito-do-cisum\\\/\",\"url\":\"https:\\\/\\\/marcelolopes.jor.br\\\/site\\\/2021\\\/12\\\/22\\\/prefeito-jose-henriques-e-o-novo-presidente-eleito-do-cisum\\\/\",\"name\":\"Prefeito Jos\u00e9 Henriques \u00e9 o novo presidente eleito do CISUM | Marcelo Lopes\",\"isPartOf\":{\"@id\":\"https:\\\/\\\/marcelolopes.jor.br\\\/site\\\/#website\"},\"primaryImageOfPage\":{\"@id\":\"https:\\\/\\\/marcelolopes.jor.br\\\/site\\\/2021\\\/12\\\/22\\\/prefeito-jose-henriques-e-o-novo-presidente-eleito-do-cisum\\\/#primaryimage\"},\"image\":{\"@id\":\"https:\\\/\\\/marcelolopes.jor.br\\\/site\\\/2021\\\/12\\\/22\\\/prefeito-jose-henriques-e-o-novo-presidente-eleito-do-cisum\\\/#primaryimage\"},\"thumbnailUrl\":\"https:\\\/\\\/marcelolopes.jor.br\\\/site\\\/wp-content\\\/uploads\\\/2021\\\/12\\\/WhatsApp-Image-2021-12-22-at-13.27.29.jpeg\",\"datePublished\":\"2021-12-22T23:00:07+00:00\",\"breadcrumb\":{\"@id\":\"https:\\\/\\\/marcelolopes.jor.br\\\/site\\\/2021\\\/12\\\/22\\\/prefeito-jose-henriques-e-o-novo-presidente-eleito-do-cisum\\\/#breadcrumb\"},\"inLanguage\":\"pt-BR\",\"potentialAction\":[{\"@type\":\"ReadAction\",\"target\":[\"https:\\\/\\\/marcelolopes.jor.br\\\/site\\\/2021\\\/12\\\/22\\\/prefeito-jose-henriques-e-o-novo-presidente-eleito-do-cisum\\\/\"]}]},{\"@type\":\"ImageObject\",\"inLanguage\":\"pt-BR\",\"@id\":\"https:\\\/\\\/marcelolopes.jor.br\\\/site\\\/2021\\\/12\\\/22\\\/prefeito-jose-henriques-e-o-novo-presidente-eleito-do-cisum\\\/#primaryimage\",\"url\":\"https:\\\/\\\/marcelolopes.jor.br\\\/site\\\/wp-content\\\/uploads\\\/2021\\\/12\\\/WhatsApp-Image-2021-12-22-at-13.27.29.jpeg\",\"contentUrl\":\"https:\\\/\\\/marcelolopes.jor.br\\\/site\\\/wp-content\\\/uploads\\\/2021\\\/12\\\/WhatsApp-Image-2021-12-22-at-13.27.29.jpeg\",\"width\":1600,\"height\":1200},{\"@type\":\"BreadcrumbList\",\"@id\":\"https:\\\/\\\/marcelolopes.jor.br\\\/site\\\/2021\\\/12\\\/22\\\/prefeito-jose-henriques-e-o-novo-presidente-eleito-do-cisum\\\/#breadcrumb\",\"itemListElement\":[{\"@type\":\"ListItem\",\"position\":1,\"name\":\"Home\",\"item\":\"https:\\\/\\\/marcelolopes.jor.br\\\/site\\\/\"},{\"@type\":\"ListItem\",\"position\":2,\"name\":\"Prefeito Jos\u00e9 Henriques \u00e9 o novo presidente eleito do CISUM\"}]},{\"@type\":\"WebSite\",\"@id\":\"https:\\\/\\\/marcelolopes.jor.br\\\/site\\\/#website\",\"url\":\"https:\\\/\\\/marcelolopes.jor.br\\\/site\\\/\",\"name\":\"Marcelo Lopes\",\"description\":\"Not\u00edcias de Cataguases e Regi\u00e3o\",\"publisher\":{\"@id\":\"https:\\\/\\\/marcelolopes.jor.br\\\/site\\\/#organization\"},\"potentialAction\":[{\"@type\":\"SearchAction\",\"target\":{\"@type\":\"EntryPoint\",\"urlTemplate\":\"https:\\\/\\\/marcelolopes.jor.br\\\/site\\\/?s={search_term_string}\"},\"query-input\":{\"@type\":\"PropertyValueSpecification\",\"valueRequired\":true,\"valueName\":\"search_term_string\"}}],\"inLanguage\":\"pt-BR\"},{\"@type\":\"Organization\",\"@id\":\"https:\\\/\\\/marcelolopes.jor.br\\\/site\\\/#organization\",\"name\":\"Site do Marcelo Lopes\",\"url\":\"https:\\\/\\\/marcelolopes.jor.br\\\/site\\\/\",\"logo\":{\"@type\":\"ImageObject\",\"inLanguage\":\"pt-BR\",\"@id\":\"https:\\\/\\\/marcelolopes.jor.br\\\/site\\\/#\\\/schema\\\/logo\\\/image\\\/\",\"url\":\"https:\\\/\\\/marcelolopes.jor.br\\\/site\\\/wp-content\\\/uploads\\\/2024\\\/11\\\/logo-1.png\",\"contentUrl\":\"https:\\\/\\\/marcelolopes.jor.br\\\/site\\\/wp-content\\\/uploads\\\/2024\\\/11\\\/logo-1.png\",\"width\":475,\"height\":80,\"caption\":\"Site do Marcelo Lopes\"},\"image\":{\"@id\":\"https:\\\/\\\/marcelolopes.jor.br\\\/site\\\/#\\\/schema\\\/logo\\\/image\\\/\"},\"sameAs\":[\"https:\\\/\\\/www.facebook.com\\\/sitedomarcelolopes\",\"https:\\\/\\\/www.instagram.com\\\/sitedomarcelolopes\\\/\",\"https:\\\/\\\/www.linkedin.com\\\/company\\\/site-do-marcelo-lopes\\\/\",\"https:\\\/\\\/www.youtube.com\\\/user\\\/marcelolopes957\"]},{\"@type\":\"Person\",\"@id\":\"https:\\\/\\\/marcelolopes.jor.br\\\/site\\\/#\\\/schema\\\/person\\\/3e7216a35c34d8fdf952b31da3d1f89f\",\"name\":\"Marcelo Lopes\",\"sameAs\":[\"http:\\\/\\\/www.marcelolopes.jor.br\"],\"url\":\"https:\\\/\\\/marcelolopes.jor.br\\\/site\\\/author\\\/marcelo\\\/\"}]}<\/script>\n<!-- \/ Yoast SEO plugin. -->","yoast_head_json":{"title":"Prefeito Jos\u00e9 Henriques \u00e9 o novo presidente eleito do CISUM | Marcelo Lopes","robots":{"index":"index","follow":"follow","max-snippet":"max-snippet:-1","max-image-preview":"max-image-preview:large","max-video-preview":"max-video-preview:-1"},"canonical":"https:\/\/marcelolopes.jor.br\/site\/2021\/12\/22\/prefeito-jose-henriques-e-o-novo-presidente-eleito-do-cisum\/","og_locale":"pt_BR","og_type":"article","og_title":"Prefeito Jos\u00e9 Henriques \u00e9 o novo presidente eleito do CISUM | Marcelo Lopes","og_description":"Aconteceu na \u00faltima segunda-feira, dia 20, na sede da Prefeitura de Leopoldina, a escolha do novo presidente do CISUM, o Cons\u00f3rcio Intermunicipal de Sa\u00fade Uni\u00e3o da Mata, em reuni\u00e3o conduzida pela secret\u00e1ria-executiva do Cons\u00f3rcio, T\u00e1rc\u00edlia Rodrigues Fernandes. Por nove votosLeia mais Prefeito Jos\u00e9 Henriques \u00e9 o novo presidente eleito do CISUM","og_url":"https:\/\/marcelolopes.jor.br\/site\/2021\/12\/22\/prefeito-jose-henriques-e-o-novo-presidente-eleito-do-cisum\/","og_site_name":"Marcelo Lopes","article_publisher":"https:\/\/www.facebook.com\/sitedomarcelolopes","article_published_time":"2021-12-22T23:00:07+00:00","og_image":[{"width":1600,"height":1200,"url":"https:\/\/marcelolopes.jor.br\/site\/wp-content\/uploads\/2021\/12\/WhatsApp-Image-2021-12-22-at-13.27.29.jpeg","type":"image\/jpeg"}],"author":"Marcelo Lopes","twitter_card":"summary_large_image","twitter_misc":{"Escrito por":"Marcelo Lopes","Est. tempo de leitura":"2 minutos"},"schema":{"@context":"https:\/\/schema.org","@graph":[{"@type":"NewsArticle","@id":"https:\/\/marcelolopes.jor.br\/site\/2021\/12\/22\/prefeito-jose-henriques-e-o-novo-presidente-eleito-do-cisum\/#article","isPartOf":{"@id":"https:\/\/marcelolopes.jor.br\/site\/2021\/12\/22\/prefeito-jose-henriques-e-o-novo-presidente-eleito-do-cisum\/"},"author":{"name":"Marcelo Lopes","@id":"https:\/\/marcelolopes.jor.br\/site\/#\/schema\/person\/3e7216a35c34d8fdf952b31da3d1f89f"},"headline":"Prefeito Jos\u00e9 Henriques \u00e9 o novo presidente eleito do CISUM","datePublished":"2021-12-22T23:00:07+00:00","mainEntityOfPage":{"@id":"https:\/\/marcelolopes.jor.br\/site\/2021\/12\/22\/prefeito-jose-henriques-e-o-novo-presidente-eleito-do-cisum\/"},"wordCount":440,"commentCount":0,"publisher":{"@id":"https:\/\/marcelolopes.jor.br\/site\/#organization"},"image":{"@id":"https:\/\/marcelolopes.jor.br\/site\/2021\/12\/22\/prefeito-jose-henriques-e-o-novo-presidente-eleito-do-cisum\/#primaryimage"},"thumbnailUrl":"https:\/\/marcelolopes.jor.br\/site\/wp-content\/uploads\/2021\/12\/WhatsApp-Image-2021-12-22-at-13.27.29.jpeg","keywords":["Cisum","cons\u00f3rcio de munic\u00edpios","novo presidente","Prefeito Jos\u00e9 Henriques"],"articleSection":["Not\u00edcias"],"inLanguage":"pt-BR","potentialAction":[{"@type":"CommentAction","name":"Comment","target":["https:\/\/marcelolopes.jor.br\/site\/2021\/12\/22\/prefeito-jose-henriques-e-o-novo-presidente-eleito-do-cisum\/#respond"]}]},{"@type":"WebPage","@id":"https:\/\/marcelolopes.jor.br\/site\/2021\/12\/22\/prefeito-jose-henriques-e-o-novo-presidente-eleito-do-cisum\/","url":"https:\/\/marcelolopes.jor.br\/site\/2021\/12\/22\/prefeito-jose-henriques-e-o-novo-presidente-eleito-do-cisum\/","name":"Prefeito Jos\u00e9 Henriques \u00e9 o novo presidente eleito do CISUM | Marcelo Lopes","isPartOf":{"@id":"https:\/\/marcelolopes.jor.br\/site\/#website"},"primaryImageOfPage":{"@id":"https:\/\/marcelolopes.jor.br\/site\/2021\/12\/22\/prefeito-jose-henriques-e-o-novo-presidente-eleito-do-cisum\/#primaryimage"},"image":{"@id":"https:\/\/marcelolopes.jor.br\/site\/2021\/12\/22\/prefeito-jose-henriques-e-o-novo-presidente-eleito-do-cisum\/#primaryimage"},"thumbnailUrl":"https:\/\/marcelolopes.jor.br\/site\/wp-content\/uploads\/2021\/12\/WhatsApp-Image-2021-12-22-at-13.27.29.jpeg","datePublished":"2021-12-22T23:00:07+00:00","breadcrumb":{"@id":"https:\/\/marcelolopes.jor.br\/site\/2021\/12\/22\/prefeito-jose-henriques-e-o-novo-presidente-eleito-do-cisum\/#breadcrumb"},"inLanguage":"pt-BR","potentialAction":[{"@type":"ReadAction","target":["https:\/\/marcelolopes.jor.br\/site\/2021\/12\/22\/prefeito-jose-henriques-e-o-novo-presidente-eleito-do-cisum\/"]}]},{"@type":"ImageObject","inLanguage":"pt-BR","@id":"https:\/\/marcelolopes.jor.br\/site\/2021\/12\/22\/prefeito-jose-henriques-e-o-novo-presidente-eleito-do-cisum\/#primaryimage","url":"https:\/\/marcelolopes.jor.br\/site\/wp-content\/uploads\/2021\/12\/WhatsApp-Image-2021-12-22-at-13.27.29.jpeg","contentUrl":"https:\/\/marcelolopes.jor.br\/site\/wp-content\/uploads\/2021\/12\/WhatsApp-Image-2021-12-22-at-13.27.29.jpeg","width":1600,"height":1200},{"@type":"BreadcrumbList","@id":"https:\/\/marcelolopes.jor.br\/site\/2021\/12\/22\/prefeito-jose-henriques-e-o-novo-presidente-eleito-do-cisum\/#breadcrumb","itemListElement":[{"@type":"ListItem","position":1,"name":"Home","item":"https:\/\/marcelolopes.jor.br\/site\/"},{"@type":"ListItem","position":2,"name":"Prefeito Jos\u00e9 Henriques \u00e9 o novo presidente eleito do CISUM"}]},{"@type":"WebSite","@id":"https:\/\/marcelolopes.jor.br\/site\/#website","url":"https:\/\/marcelolopes.jor.br\/site\/","name":"Marcelo Lopes","description":"Not\u00edcias de Cataguases e Regi\u00e3o","publisher":{"@id":"https:\/\/marcelolopes.jor.br\/site\/#organization"},"potentialAction":[{"@type":"SearchAction","target":{"@type":"EntryPoint","urlTemplate":"https:\/\/marcelolopes.jor.br\/site\/?s={search_term_string}"},"query-input":{"@type":"PropertyValueSpecification","valueRequired":true,"valueName":"search_term_string"}}],"inLanguage":"pt-BR"},{"@type":"Organization","@id":"https:\/\/marcelolopes.jor.br\/site\/#organization","name":"Site do Marcelo Lopes","url":"https:\/\/marcelolopes.jor.br\/site\/","logo":{"@type":"ImageObject","inLanguage":"pt-BR","@id":"https:\/\/marcelolopes.jor.br\/site\/#\/schema\/logo\/image\/","url":"https:\/\/marcelolopes.jor.br\/site\/wp-content\/uploads\/2024\/11\/logo-1.png","contentUrl":"https:\/\/marcelolopes.jor.br\/site\/wp-content\/uploads\/2024\/11\/logo-1.png","width":475,"height":80,"caption":"Site do Marcelo Lopes"},"image":{"@id":"https:\/\/marcelolopes.jor.br\/site\/#\/schema\/logo\/image\/"},"sameAs":["https:\/\/www.facebook.com\/sitedomarcelolopes","https:\/\/www.instagram.com\/sitedomarcelolopes\/","https:\/\/www.linkedin.com\/company\/site-do-marcelo-lopes\/","https:\/\/www.youtube.com\/user\/marcelolopes957"]},{"@type":"Person","@id":"https:\/\/marcelolopes.jor.br\/site\/#\/schema\/person\/3e7216a35c34d8fdf952b31da3d1f89f","name":"Marcelo Lopes","sameAs":["http:\/\/www.marcelolopes.jor.br"],"url":"https:\/\/marcelolopes.jor.br\/site\/author\/marcelo\/"}]}},"wps_subtitle":"Elei\u00e7\u00e3o aconteceu no \u00faltimo dia 20 e o mandato \u00e9 de um ano.","_links":{"self":[{"href":"https:\/\/marcelolopes.jor.br\/site\/wp-json\/wp\/v2\/posts\/29477","targetHints":{"allow":["GET"]}}],"collection":[{"href":"https:\/\/marcelolopes.jor.br\/site\/wp-json\/wp\/v2\/posts"}],"about":[{"href":"https:\/\/marcelolopes.jor.br\/site\/wp-json\/wp\/v2\/types\/post"}],"author":[{"embeddable":true,"href":"https:\/\/marcelolopes.jor.br\/site\/wp-json\/wp\/v2\/users\/2"}],"replies":[{"embeddable":true,"href":"https:\/\/marcelolopes.jor.br\/site\/wp-json\/wp\/v2\/comments?post=29477"}],"version-history":[{"count":0,"href":"https:\/\/marcelolopes.jor.br\/site\/wp-json\/wp\/v2\/posts\/29477\/revisions"}],"wp:featuredmedia":[{"embeddable":true,"href":"https:\/\/marcelolopes.jor.br\/site\/wp-json\/wp\/v2\/media\/29479"}],"wp:attachment":[{"href":"https:\/\/marcelolopes.jor.br\/site\/wp-json\/wp\/v2\/media?parent=29477"}],"wp:term":[{"taxonomy":"category","embeddable":true,"href":"https:\/\/marcelolopes.jor.br\/site\/wp-json\/wp\/v2\/categories?post=29477"},{"taxonomy":"post_tag","embeddable":true,"href":"https:\/\/marcelolopes.jor.br\/site\/wp-json\/wp\/v2\/tags?post=29477"}],"curies":[{"name":"wp","href":"https:\/\/api.w.org\/{rel}","templated":true}]}}