{"id":29394,"date":"2021-12-20T12:00:20","date_gmt":"2021-12-20T15:00:20","guid":{"rendered":"https:\/\/marcelolopes.jor.br\/?p=29394"},"modified":"2021-12-20T11:10:52","modified_gmt":"2021-12-20T14:10:52","slug":"professores-do-municipio-de-recreio-vao-receber-rateio-do-fundeb","status":"publish","type":"post","link":"https:\/\/marcelolopes.jor.br\/site\/2021\/12\/20\/professores-do-municipio-de-recreio-vao-receber-rateio-do-fundeb\/","title":{"rendered":"Professores do munic\u00edpio de Recreio v\u00e3o receber rateio do Fundeb"},"content":{"rendered":"<p style=\"text-align: justify;\">A C\u00e2mara Municipal de Recreio (foto acima) votou e aprovou, na \u00faltima sexta-feira, 17 de dezembro, o Projeto de Lei de autoria do executivo autorizando a prefeitura a fazer o rateio das sobras do Fundo de Manuten\u00e7\u00e3o e Desenvolvimento da Educa\u00e7\u00e3o B\u00e1sica e de Valoriza\u00e7\u00e3o dos Profissionais da Educa\u00e7\u00e3o (FUNDEB).<!--more--><\/p>\n<p style=\"text-align: justify;\">O texto aprovado de forma un\u00e2nime pelos nove vereadores n\u00e3o apresenta os valores e nem a data de pagamento, apenas autoriza a Prefeitura a pagar. Segundo informa\u00e7\u00f5es divulgadas pelo Site Polis Recreio, estes n\u00fameros dever\u00e3o ser conhecidos nos pr\u00f3ximos dias.<\/p>\n<p style=\"text-align: justify;\">Pela legisla\u00e7\u00e3o brasileira, 70% dos recursos devem ser empregados com o funcionalismo da educa\u00e7\u00e3o, caso haja sobras, no final do ano, essas verbas devem ser devolvidas para a uni\u00e3o. Para evitar isso, o prefeito, Jos\u00e9 Maria Barros enviou o projeto de lei ao legislativo para repartir as sobras entre os servidores.<\/p>\n<p style=\"text-align: justify;\">Fonte: Polis Recreio e Patos Not\u00edcias | Foto: Leonardo Ribeiro<\/p>\n<div class=\"jsolu69f7232194d76\" ><br><\/div><style type=\"text\/css\">\r\n@media screen and (min-width: 1201px) {\r\n.jsolu69f7232194d76 {\r\ndisplay: block;\r\n}\r\n}\r\n@media screen and (min-width: 993px) and (max-width: 1200px) {\r\n.jsolu69f7232194d76 {\r\ndisplay: block;\r\n}\r\n}\r\n@media screen and (min-width: 769px) and (max-width: 992px) {\r\n.jsolu69f7232194d76 {\r\ndisplay: block;\r\n}\r\n}\r\n@media screen and (min-width: 768px) and (max-width: 768px) {\r\n.jsolu69f7232194d76 {\r\ndisplay: block;\r\n}\r\n}\r\n@media screen and (max-width: 767px) {\r\n.jsolu69f7232194d76 {\r\ndisplay: block;\r\n}\r\n}\r\n<\/style>\r\n<div class=\"mlobg69f723219a977\" ><div id=\"div_destino\"><\/div>\r\n<script src=\"https:\/\/cdn.snsrsv.com\/sdk.js\"><\/script>\r\n<script >\r\n      new sdk(\"464030C30061EA8BE065000000000001\") \r\n          .appendTo(\"div_destino\")\r\n          .disableStyle(true) \r\n          .setCacheBusterMacro(\"%%CACHEBUSTER%%\")\r\n          .setSize(\"800\",\"214\")\r\n          .setClickMacro(\"%%CLICK_URL_ESC%%\") \r\n          .setReferrerUrlMacro(\"%%REFERRER_URL_ESC%%\") \r\n          .start(); \r\n<\/script><\/div><style type=\"text\/css\">\r\n@media screen and (min-width: 1201px) {\r\n.mlobg69f723219a977 {\r\ndisplay: block;\r\n}\r\n}\r\n@media screen and (min-width: 993px) and (max-width: 1200px) {\r\n.mlobg69f723219a977 {\r\ndisplay: block;\r\n}\r\n}\r\n@media screen and (min-width: 769px) and (max-width: 992px) {\r\n.mlobg69f723219a977 {\r\ndisplay: block;\r\n}\r\n}\r\n@media screen and (min-width: 768px) and (max-width: 768px) {\r\n.mlobg69f723219a977 {\r\ndisplay: block;\r\n}\r\n}\r\n@media screen and (max-width: 767px) {\r\n.mlobg69f723219a977 {\r\ndisplay: block;\r\n}\r\n}\r\n<\/style>\r\n","protected":false},"excerpt":{"rendered":"<p>A C\u00e2mara Municipal de Recreio (foto acima) votou e aprovou, na \u00faltima sexta-feira, 17 de dezembro, o Projeto de Lei de autoria do executivo autorizando a prefeitura a fazer o rateio das sobras do Fundo de Manuten\u00e7\u00e3o e Desenvolvimento da<\/p>\n<p class=\"link-more\"><a class=\"more-link\" href=\"https:\/\/marcelolopes.jor.br\/site\/2021\/12\/20\/professores-do-municipio-de-recreio-vao-receber-rateio-do-fundeb\/\">Leia mais <span class=\"screen-reader-text\">Professores do munic\u00edpio de Recreio v\u00e3o receber rateio do Fundeb<\/span><\/a><\/p>\n","protected":false},"author":2,"featured_media":29396,"comment_status":"open","ping_status":"open","sticky":false,"template":"","format":"standard","meta":{"footnotes":""},"categories":[1],"tags":[51,5223,248,5224],"class_list":["post-29394","post","type-post","status-publish","format-standard","has-post-thumbnail","hentry","category-noticias","tag-educacao","tag-fundeb","tag-professores","tag-repasse-do-fundeb","thumb-below-title"],"yoast_head":"<!-- This site is optimized with the Yoast SEO plugin v27.4 - https:\/\/yoast.com\/product\/yoast-seo-wordpress\/ -->\n<title>Professores do munic\u00edpio de Recreio v\u00e3o receber rateio do Fundeb | Marcelo Lopes<\/title>\n<meta name=\"robots\" content=\"index, follow, max-snippet:-1, max-image-preview:large, max-video-preview:-1\" \/>\n<link rel=\"canonical\" href=\"https:\/\/marcelolopes.jor.br\/site\/2021\/12\/20\/professores-do-municipio-de-recreio-vao-receber-rateio-do-fundeb\/\" \/>\n<meta property=\"og:locale\" content=\"pt_BR\" \/>\n<meta property=\"og:type\" content=\"article\" \/>\n<meta property=\"og:title\" content=\"Professores do munic\u00edpio de Recreio v\u00e3o receber rateio do Fundeb | Marcelo Lopes\" \/>\n<meta property=\"og:description\" content=\"A C\u00e2mara Municipal de Recreio (foto acima) votou e aprovou, na \u00faltima sexta-feira, 17 de dezembro, o Projeto de Lei de autoria do executivo autorizando a prefeitura a fazer o rateio das sobras do Fundo de Manuten\u00e7\u00e3o e Desenvolvimento daLeia mais Professores do munic\u00edpio de Recreio v\u00e3o receber rateio do Fundeb\" \/>\n<meta property=\"og:url\" content=\"https:\/\/marcelolopes.jor.br\/site\/2021\/12\/20\/professores-do-municipio-de-recreio-vao-receber-rateio-do-fundeb\/\" \/>\n<meta property=\"og:site_name\" content=\"Marcelo Lopes\" \/>\n<meta property=\"article:publisher\" content=\"https:\/\/www.facebook.com\/sitedomarcelolopes\" \/>\n<meta property=\"article:published_time\" content=\"2021-12-20T15:00:20+00:00\" \/>\n<meta property=\"og:image\" content=\"https:\/\/marcelolopes.jor.br\/site\/wp-content\/uploads\/2021\/12\/DSC_0069.jpeg\" \/>\n\t<meta property=\"og:image:width\" content=\"750\" \/>\n\t<meta property=\"og:image:height\" content=\"500\" \/>\n\t<meta property=\"og:image:type\" content=\"image\/jpeg\" \/>\n<meta name=\"author\" content=\"Marcelo Lopes\" \/>\n<meta name=\"twitter:card\" content=\"summary_large_image\" \/>\n<meta name=\"twitter:label1\" content=\"Escrito por\" \/>\n\t<meta name=\"twitter:data1\" content=\"Marcelo Lopes\" \/>\n\t<meta name=\"twitter:label2\" content=\"Est. tempo de leitura\" \/>\n\t<meta name=\"twitter:data2\" content=\"1 minuto\" \/>\n<script type=\"application\/ld+json\" class=\"yoast-schema-graph\">{\"@context\":\"https:\\\/\\\/schema.org\",\"@graph\":[{\"@type\":\"NewsArticle\",\"@id\":\"https:\\\/\\\/marcelolopes.jor.br\\\/site\\\/2021\\\/12\\\/20\\\/professores-do-municipio-de-recreio-vao-receber-rateio-do-fundeb\\\/#article\",\"isPartOf\":{\"@id\":\"https:\\\/\\\/marcelolopes.jor.br\\\/site\\\/2021\\\/12\\\/20\\\/professores-do-municipio-de-recreio-vao-receber-rateio-do-fundeb\\\/\"},\"author\":{\"name\":\"Marcelo Lopes\",\"@id\":\"https:\\\/\\\/marcelolopes.jor.br\\\/site\\\/#\\\/schema\\\/person\\\/3e7216a35c34d8fdf952b31da3d1f89f\"},\"headline\":\"Professores do munic\u00edpio de Recreio v\u00e3o receber rateio do Fundeb\",\"datePublished\":\"2021-12-20T15:00:20+00:00\",\"mainEntityOfPage\":{\"@id\":\"https:\\\/\\\/marcelolopes.jor.br\\\/site\\\/2021\\\/12\\\/20\\\/professores-do-municipio-de-recreio-vao-receber-rateio-do-fundeb\\\/\"},\"wordCount\":176,\"commentCount\":0,\"publisher\":{\"@id\":\"https:\\\/\\\/marcelolopes.jor.br\\\/site\\\/#organization\"},\"image\":{\"@id\":\"https:\\\/\\\/marcelolopes.jor.br\\\/site\\\/2021\\\/12\\\/20\\\/professores-do-municipio-de-recreio-vao-receber-rateio-do-fundeb\\\/#primaryimage\"},\"thumbnailUrl\":\"https:\\\/\\\/marcelolopes.jor.br\\\/site\\\/wp-content\\\/uploads\\\/2021\\\/12\\\/DSC_0069.jpeg\",\"keywords\":[\"Educa\u00e7\u00e3o\",\"Fundeb\",\"professores\",\"repasse do Fundeb\"],\"articleSection\":[\"Not\u00edcias\"],\"inLanguage\":\"pt-BR\",\"potentialAction\":[{\"@type\":\"CommentAction\",\"name\":\"Comment\",\"target\":[\"https:\\\/\\\/marcelolopes.jor.br\\\/site\\\/2021\\\/12\\\/20\\\/professores-do-municipio-de-recreio-vao-receber-rateio-do-fundeb\\\/#respond\"]}]},{\"@type\":\"WebPage\",\"@id\":\"https:\\\/\\\/marcelolopes.jor.br\\\/site\\\/2021\\\/12\\\/20\\\/professores-do-municipio-de-recreio-vao-receber-rateio-do-fundeb\\\/\",\"url\":\"https:\\\/\\\/marcelolopes.jor.br\\\/site\\\/2021\\\/12\\\/20\\\/professores-do-municipio-de-recreio-vao-receber-rateio-do-fundeb\\\/\",\"name\":\"Professores do munic\u00edpio de Recreio v\u00e3o receber rateio do Fundeb | Marcelo Lopes\",\"isPartOf\":{\"@id\":\"https:\\\/\\\/marcelolopes.jor.br\\\/site\\\/#website\"},\"primaryImageOfPage\":{\"@id\":\"https:\\\/\\\/marcelolopes.jor.br\\\/site\\\/2021\\\/12\\\/20\\\/professores-do-municipio-de-recreio-vao-receber-rateio-do-fundeb\\\/#primaryimage\"},\"image\":{\"@id\":\"https:\\\/\\\/marcelolopes.jor.br\\\/site\\\/2021\\\/12\\\/20\\\/professores-do-municipio-de-recreio-vao-receber-rateio-do-fundeb\\\/#primaryimage\"},\"thumbnailUrl\":\"https:\\\/\\\/marcelolopes.jor.br\\\/site\\\/wp-content\\\/uploads\\\/2021\\\/12\\\/DSC_0069.jpeg\",\"datePublished\":\"2021-12-20T15:00:20+00:00\",\"breadcrumb\":{\"@id\":\"https:\\\/\\\/marcelolopes.jor.br\\\/site\\\/2021\\\/12\\\/20\\\/professores-do-municipio-de-recreio-vao-receber-rateio-do-fundeb\\\/#breadcrumb\"},\"inLanguage\":\"pt-BR\",\"potentialAction\":[{\"@type\":\"ReadAction\",\"target\":[\"https:\\\/\\\/marcelolopes.jor.br\\\/site\\\/2021\\\/12\\\/20\\\/professores-do-municipio-de-recreio-vao-receber-rateio-do-fundeb\\\/\"]}]},{\"@type\":\"ImageObject\",\"inLanguage\":\"pt-BR\",\"@id\":\"https:\\\/\\\/marcelolopes.jor.br\\\/site\\\/2021\\\/12\\\/20\\\/professores-do-municipio-de-recreio-vao-receber-rateio-do-fundeb\\\/#primaryimage\",\"url\":\"https:\\\/\\\/marcelolopes.jor.br\\\/site\\\/wp-content\\\/uploads\\\/2021\\\/12\\\/DSC_0069.jpeg\",\"contentUrl\":\"https:\\\/\\\/marcelolopes.jor.br\\\/site\\\/wp-content\\\/uploads\\\/2021\\\/12\\\/DSC_0069.jpeg\",\"width\":750,\"height\":500},{\"@type\":\"BreadcrumbList\",\"@id\":\"https:\\\/\\\/marcelolopes.jor.br\\\/site\\\/2021\\\/12\\\/20\\\/professores-do-municipio-de-recreio-vao-receber-rateio-do-fundeb\\\/#breadcrumb\",\"itemListElement\":[{\"@type\":\"ListItem\",\"position\":1,\"name\":\"Home\",\"item\":\"https:\\\/\\\/marcelolopes.jor.br\\\/site\\\/\"},{\"@type\":\"ListItem\",\"position\":2,\"name\":\"Professores do munic\u00edpio de Recreio v\u00e3o receber rateio do Fundeb\"}]},{\"@type\":\"WebSite\",\"@id\":\"https:\\\/\\\/marcelolopes.jor.br\\\/site\\\/#website\",\"url\":\"https:\\\/\\\/marcelolopes.jor.br\\\/site\\\/\",\"name\":\"Marcelo Lopes\",\"description\":\"Not\u00edcias de Cataguases e Regi\u00e3o\",\"publisher\":{\"@id\":\"https:\\\/\\\/marcelolopes.jor.br\\\/site\\\/#organization\"},\"potentialAction\":[{\"@type\":\"SearchAction\",\"target\":{\"@type\":\"EntryPoint\",\"urlTemplate\":\"https:\\\/\\\/marcelolopes.jor.br\\\/site\\\/?s={search_term_string}\"},\"query-input\":{\"@type\":\"PropertyValueSpecification\",\"valueRequired\":true,\"valueName\":\"search_term_string\"}}],\"inLanguage\":\"pt-BR\"},{\"@type\":\"Organization\",\"@id\":\"https:\\\/\\\/marcelolopes.jor.br\\\/site\\\/#organization\",\"name\":\"Site do Marcelo Lopes\",\"url\":\"https:\\\/\\\/marcelolopes.jor.br\\\/site\\\/\",\"logo\":{\"@type\":\"ImageObject\",\"inLanguage\":\"pt-BR\",\"@id\":\"https:\\\/\\\/marcelolopes.jor.br\\\/site\\\/#\\\/schema\\\/logo\\\/image\\\/\",\"url\":\"https:\\\/\\\/marcelolopes.jor.br\\\/site\\\/wp-content\\\/uploads\\\/2024\\\/11\\\/logo-1.png\",\"contentUrl\":\"https:\\\/\\\/marcelolopes.jor.br\\\/site\\\/wp-content\\\/uploads\\\/2024\\\/11\\\/logo-1.png\",\"width\":475,\"height\":80,\"caption\":\"Site do Marcelo Lopes\"},\"image\":{\"@id\":\"https:\\\/\\\/marcelolopes.jor.br\\\/site\\\/#\\\/schema\\\/logo\\\/image\\\/\"},\"sameAs\":[\"https:\\\/\\\/www.facebook.com\\\/sitedomarcelolopes\",\"https:\\\/\\\/www.instagram.com\\\/sitedomarcelolopes\\\/\",\"https:\\\/\\\/www.linkedin.com\\\/company\\\/site-do-marcelo-lopes\\\/\",\"https:\\\/\\\/www.youtube.com\\\/user\\\/marcelolopes957\"]},{\"@type\":\"Person\",\"@id\":\"https:\\\/\\\/marcelolopes.jor.br\\\/site\\\/#\\\/schema\\\/person\\\/3e7216a35c34d8fdf952b31da3d1f89f\",\"name\":\"Marcelo Lopes\",\"sameAs\":[\"http:\\\/\\\/www.marcelolopes.jor.br\"],\"url\":\"https:\\\/\\\/marcelolopes.jor.br\\\/site\\\/author\\\/marcelo\\\/\"}]}<\/script>\n<!-- \/ Yoast SEO plugin. -->","yoast_head_json":{"title":"Professores do munic\u00edpio de Recreio v\u00e3o receber rateio do Fundeb | Marcelo Lopes","robots":{"index":"index","follow":"follow","max-snippet":"max-snippet:-1","max-image-preview":"max-image-preview:large","max-video-preview":"max-video-preview:-1"},"canonical":"https:\/\/marcelolopes.jor.br\/site\/2021\/12\/20\/professores-do-municipio-de-recreio-vao-receber-rateio-do-fundeb\/","og_locale":"pt_BR","og_type":"article","og_title":"Professores do munic\u00edpio de Recreio v\u00e3o receber rateio do Fundeb | Marcelo Lopes","og_description":"A C\u00e2mara Municipal de Recreio (foto acima) votou e aprovou, na \u00faltima sexta-feira, 17 de dezembro, o Projeto de Lei de autoria do executivo autorizando a prefeitura a fazer o rateio das sobras do Fundo de Manuten\u00e7\u00e3o e Desenvolvimento daLeia mais Professores do munic\u00edpio de Recreio v\u00e3o receber rateio do Fundeb","og_url":"https:\/\/marcelolopes.jor.br\/site\/2021\/12\/20\/professores-do-municipio-de-recreio-vao-receber-rateio-do-fundeb\/","og_site_name":"Marcelo Lopes","article_publisher":"https:\/\/www.facebook.com\/sitedomarcelolopes","article_published_time":"2021-12-20T15:00:20+00:00","og_image":[{"width":750,"height":500,"url":"https:\/\/marcelolopes.jor.br\/site\/wp-content\/uploads\/2021\/12\/DSC_0069.jpeg","type":"image\/jpeg"}],"author":"Marcelo Lopes","twitter_card":"summary_large_image","twitter_misc":{"Escrito por":"Marcelo Lopes","Est. tempo de leitura":"1 minuto"},"schema":{"@context":"https:\/\/schema.org","@graph":[{"@type":"NewsArticle","@id":"https:\/\/marcelolopes.jor.br\/site\/2021\/12\/20\/professores-do-municipio-de-recreio-vao-receber-rateio-do-fundeb\/#article","isPartOf":{"@id":"https:\/\/marcelolopes.jor.br\/site\/2021\/12\/20\/professores-do-municipio-de-recreio-vao-receber-rateio-do-fundeb\/"},"author":{"name":"Marcelo Lopes","@id":"https:\/\/marcelolopes.jor.br\/site\/#\/schema\/person\/3e7216a35c34d8fdf952b31da3d1f89f"},"headline":"Professores do munic\u00edpio de Recreio v\u00e3o receber rateio do Fundeb","datePublished":"2021-12-20T15:00:20+00:00","mainEntityOfPage":{"@id":"https:\/\/marcelolopes.jor.br\/site\/2021\/12\/20\/professores-do-municipio-de-recreio-vao-receber-rateio-do-fundeb\/"},"wordCount":176,"commentCount":0,"publisher":{"@id":"https:\/\/marcelolopes.jor.br\/site\/#organization"},"image":{"@id":"https:\/\/marcelolopes.jor.br\/site\/2021\/12\/20\/professores-do-municipio-de-recreio-vao-receber-rateio-do-fundeb\/#primaryimage"},"thumbnailUrl":"https:\/\/marcelolopes.jor.br\/site\/wp-content\/uploads\/2021\/12\/DSC_0069.jpeg","keywords":["Educa\u00e7\u00e3o","Fundeb","professores","repasse do Fundeb"],"articleSection":["Not\u00edcias"],"inLanguage":"pt-BR","potentialAction":[{"@type":"CommentAction","name":"Comment","target":["https:\/\/marcelolopes.jor.br\/site\/2021\/12\/20\/professores-do-municipio-de-recreio-vao-receber-rateio-do-fundeb\/#respond"]}]},{"@type":"WebPage","@id":"https:\/\/marcelolopes.jor.br\/site\/2021\/12\/20\/professores-do-municipio-de-recreio-vao-receber-rateio-do-fundeb\/","url":"https:\/\/marcelolopes.jor.br\/site\/2021\/12\/20\/professores-do-municipio-de-recreio-vao-receber-rateio-do-fundeb\/","name":"Professores do munic\u00edpio de Recreio v\u00e3o receber rateio do Fundeb | Marcelo Lopes","isPartOf":{"@id":"https:\/\/marcelolopes.jor.br\/site\/#website"},"primaryImageOfPage":{"@id":"https:\/\/marcelolopes.jor.br\/site\/2021\/12\/20\/professores-do-municipio-de-recreio-vao-receber-rateio-do-fundeb\/#primaryimage"},"image":{"@id":"https:\/\/marcelolopes.jor.br\/site\/2021\/12\/20\/professores-do-municipio-de-recreio-vao-receber-rateio-do-fundeb\/#primaryimage"},"thumbnailUrl":"https:\/\/marcelolopes.jor.br\/site\/wp-content\/uploads\/2021\/12\/DSC_0069.jpeg","datePublished":"2021-12-20T15:00:20+00:00","breadcrumb":{"@id":"https:\/\/marcelolopes.jor.br\/site\/2021\/12\/20\/professores-do-municipio-de-recreio-vao-receber-rateio-do-fundeb\/#breadcrumb"},"inLanguage":"pt-BR","potentialAction":[{"@type":"ReadAction","target":["https:\/\/marcelolopes.jor.br\/site\/2021\/12\/20\/professores-do-municipio-de-recreio-vao-receber-rateio-do-fundeb\/"]}]},{"@type":"ImageObject","inLanguage":"pt-BR","@id":"https:\/\/marcelolopes.jor.br\/site\/2021\/12\/20\/professores-do-municipio-de-recreio-vao-receber-rateio-do-fundeb\/#primaryimage","url":"https:\/\/marcelolopes.jor.br\/site\/wp-content\/uploads\/2021\/12\/DSC_0069.jpeg","contentUrl":"https:\/\/marcelolopes.jor.br\/site\/wp-content\/uploads\/2021\/12\/DSC_0069.jpeg","width":750,"height":500},{"@type":"BreadcrumbList","@id":"https:\/\/marcelolopes.jor.br\/site\/2021\/12\/20\/professores-do-municipio-de-recreio-vao-receber-rateio-do-fundeb\/#breadcrumb","itemListElement":[{"@type":"ListItem","position":1,"name":"Home","item":"https:\/\/marcelolopes.jor.br\/site\/"},{"@type":"ListItem","position":2,"name":"Professores do munic\u00edpio de Recreio v\u00e3o receber rateio do Fundeb"}]},{"@type":"WebSite","@id":"https:\/\/marcelolopes.jor.br\/site\/#website","url":"https:\/\/marcelolopes.jor.br\/site\/","name":"Marcelo Lopes","description":"Not\u00edcias de Cataguases e Regi\u00e3o","publisher":{"@id":"https:\/\/marcelolopes.jor.br\/site\/#organization"},"potentialAction":[{"@type":"SearchAction","target":{"@type":"EntryPoint","urlTemplate":"https:\/\/marcelolopes.jor.br\/site\/?s={search_term_string}"},"query-input":{"@type":"PropertyValueSpecification","valueRequired":true,"valueName":"search_term_string"}}],"inLanguage":"pt-BR"},{"@type":"Organization","@id":"https:\/\/marcelolopes.jor.br\/site\/#organization","name":"Site do Marcelo Lopes","url":"https:\/\/marcelolopes.jor.br\/site\/","logo":{"@type":"ImageObject","inLanguage":"pt-BR","@id":"https:\/\/marcelolopes.jor.br\/site\/#\/schema\/logo\/image\/","url":"https:\/\/marcelolopes.jor.br\/site\/wp-content\/uploads\/2024\/11\/logo-1.png","contentUrl":"https:\/\/marcelolopes.jor.br\/site\/wp-content\/uploads\/2024\/11\/logo-1.png","width":475,"height":80,"caption":"Site do Marcelo Lopes"},"image":{"@id":"https:\/\/marcelolopes.jor.br\/site\/#\/schema\/logo\/image\/"},"sameAs":["https:\/\/www.facebook.com\/sitedomarcelolopes","https:\/\/www.instagram.com\/sitedomarcelolopes\/","https:\/\/www.linkedin.com\/company\/site-do-marcelo-lopes\/","https:\/\/www.youtube.com\/user\/marcelolopes957"]},{"@type":"Person","@id":"https:\/\/marcelolopes.jor.br\/site\/#\/schema\/person\/3e7216a35c34d8fdf952b31da3d1f89f","name":"Marcelo Lopes","sameAs":["http:\/\/www.marcelolopes.jor.br"],"url":"https:\/\/marcelolopes.jor.br\/site\/author\/marcelo\/"}]}},"wps_subtitle":"Vereadores aprovaram a iniciativa por unanimidade.","_links":{"self":[{"href":"https:\/\/marcelolopes.jor.br\/site\/wp-json\/wp\/v2\/posts\/29394","targetHints":{"allow":["GET"]}}],"collection":[{"href":"https:\/\/marcelolopes.jor.br\/site\/wp-json\/wp\/v2\/posts"}],"about":[{"href":"https:\/\/marcelolopes.jor.br\/site\/wp-json\/wp\/v2\/types\/post"}],"author":[{"embeddable":true,"href":"https:\/\/marcelolopes.jor.br\/site\/wp-json\/wp\/v2\/users\/2"}],"replies":[{"embeddable":true,"href":"https:\/\/marcelolopes.jor.br\/site\/wp-json\/wp\/v2\/comments?post=29394"}],"version-history":[{"count":0,"href":"https:\/\/marcelolopes.jor.br\/site\/wp-json\/wp\/v2\/posts\/29394\/revisions"}],"wp:featuredmedia":[{"embeddable":true,"href":"https:\/\/marcelolopes.jor.br\/site\/wp-json\/wp\/v2\/media\/29396"}],"wp:attachment":[{"href":"https:\/\/marcelolopes.jor.br\/site\/wp-json\/wp\/v2\/media?parent=29394"}],"wp:term":[{"taxonomy":"category","embeddable":true,"href":"https:\/\/marcelolopes.jor.br\/site\/wp-json\/wp\/v2\/categories?post=29394"},{"taxonomy":"post_tag","embeddable":true,"href":"https:\/\/marcelolopes.jor.br\/site\/wp-json\/wp\/v2\/tags?post=29394"}],"curies":[{"name":"wp","href":"https:\/\/api.w.org\/{rel}","templated":true}]}}