{"id":29357,"date":"2021-12-18T12:00:50","date_gmt":"2021-12-18T15:00:50","guid":{"rendered":"https:\/\/marcelolopes.jor.br\/?p=29357"},"modified":"2021-12-18T09:29:00","modified_gmt":"2021-12-18T12:29:00","slug":"policia-civil-prende-suspeitos-de-envolvimento-na-morte-de-jovem-em-leopoldina","status":"publish","type":"post","link":"https:\/\/marcelolopes.jor.br\/site\/2021\/12\/18\/policia-civil-prende-suspeitos-de-envolvimento-na-morte-de-jovem-em-leopoldina\/","title":{"rendered":"Pol\u00edcia Civil prende suspeitos de envolvimento na morte de jovem em Leopoldina"},"content":{"rendered":"<p style=\"text-align: justify;\">Cinco homens, entre 19 e 57 anos, foram presos nesta sexta-feira, 17 de dezembro, em Leopoldina e Juiz de Fora. De acordo com a Pol\u00edcia Civil, durante a a\u00e7\u00e3o foram cumpridos mandados de pris\u00e3o preventiva e de busca e apreens\u00e3o expedidos em virtude de investiga\u00e7\u00f5es do crime de homic\u00eddio consumado, ocorrido no dia 13 de novembro, no bairro Alto da Ventania, em Leopoldina, em desfavor de um jovem de 19 anos.\u00a0 \u00a0 \u00a0 \u00a0 <!--more--><\/p>\n<p style=\"text-align: justify;\">Ao todo, foram presos suspeitos de envolvimento na pr\u00e1tica criminosa, entre eles, quatro homens, 19, 21, 22 e 57 anos, em Leopoldina, onde tamb\u00e9m ocorreu o cumprimento de mandados de busca e apreens\u00e3o.<\/p>\n<p style=\"text-align: justify;\">Os policiais encontraram com o jovem de 21 anos uma pedra de crack grande e outra pedra pequena, raz\u00e3o pela qual ele tamb\u00e9m foi preso em flagrante pela pr\u00e1tica do crime de tr\u00e1fico de drogas.<\/p>\n<p style=\"text-align: justify;\">Al\u00e9m disso, foi cumprido mandado de pris\u00e3o em desfavor de um rapaz de 37 anos, que j\u00e1 se encontrava preso, em Juiz de Fora.<\/p>\n<p style=\"text-align: justify;\">Fonte: PCMG | Foto: O Vigilante Online<\/p>\n<div class=\"fjsxt69f6feb4beca8\" ><br><\/div><style type=\"text\/css\">\r\n@media screen and (min-width: 1201px) {\r\n.fjsxt69f6feb4beca8 {\r\ndisplay: block;\r\n}\r\n}\r\n@media screen and (min-width: 993px) and (max-width: 1200px) {\r\n.fjsxt69f6feb4beca8 {\r\ndisplay: block;\r\n}\r\n}\r\n@media screen and (min-width: 769px) and (max-width: 992px) {\r\n.fjsxt69f6feb4beca8 {\r\ndisplay: block;\r\n}\r\n}\r\n@media screen and (min-width: 768px) and (max-width: 768px) {\r\n.fjsxt69f6feb4beca8 {\r\ndisplay: block;\r\n}\r\n}\r\n@media screen and (max-width: 767px) {\r\n.fjsxt69f6feb4beca8 {\r\ndisplay: block;\r\n}\r\n}\r\n<\/style>\r\n<div class=\"ryivf69f6feb4c3c7d\" ><div id=\"div_destino\"><\/div>\r\n<script src=\"https:\/\/cdn.snsrsv.com\/sdk.js\"><\/script>\r\n<script >\r\n      new sdk(\"464030C30061EA8BE065000000000001\") \r\n          .appendTo(\"div_destino\")\r\n          .disableStyle(true) \r\n          .setCacheBusterMacro(\"%%CACHEBUSTER%%\")\r\n          .setSize(\"800\",\"214\")\r\n          .setClickMacro(\"%%CLICK_URL_ESC%%\") \r\n          .setReferrerUrlMacro(\"%%REFERRER_URL_ESC%%\") \r\n          .start(); \r\n<\/script><\/div><style type=\"text\/css\">\r\n@media screen and (min-width: 1201px) {\r\n.ryivf69f6feb4c3c7d {\r\ndisplay: block;\r\n}\r\n}\r\n@media screen and (min-width: 993px) and (max-width: 1200px) {\r\n.ryivf69f6feb4c3c7d {\r\ndisplay: block;\r\n}\r\n}\r\n@media screen and (min-width: 769px) and (max-width: 992px) {\r\n.ryivf69f6feb4c3c7d {\r\ndisplay: block;\r\n}\r\n}\r\n@media screen and (min-width: 768px) and (max-width: 768px) {\r\n.ryivf69f6feb4c3c7d {\r\ndisplay: block;\r\n}\r\n}\r\n@media screen and (max-width: 767px) {\r\n.ryivf69f6feb4c3c7d {\r\ndisplay: block;\r\n}\r\n}\r\n<\/style>\r\n","protected":false},"excerpt":{"rendered":"<p>Cinco homens, entre 19 e 57 anos, foram presos nesta sexta-feira, 17 de dezembro, em Leopoldina e Juiz de Fora. De acordo com a Pol\u00edcia Civil, durante a a\u00e7\u00e3o foram cumpridos mandados de pris\u00e3o preventiva e de busca e apreens\u00e3o<\/p>\n<p class=\"link-more\"><a class=\"more-link\" href=\"https:\/\/marcelolopes.jor.br\/site\/2021\/12\/18\/policia-civil-prende-suspeitos-de-envolvimento-na-morte-de-jovem-em-leopoldina\/\">Leia mais <span class=\"screen-reader-text\">Pol\u00edcia Civil prende suspeitos de envolvimento na morte de jovem em Leopoldina<\/span><\/a><\/p>\n","protected":false},"author":2,"featured_media":29359,"comment_status":"open","ping_status":"open","sticky":false,"template":"","format":"standard","meta":{"footnotes":""},"categories":[1],"tags":[1144,1813,75,5214],"class_list":["post-29357","post","type-post","status-publish","format-standard","has-post-thumbnail","hentry","category-noticias","tag-busca-e-apreensao","tag-mandados-de-prisao","tag-policia-civil","tag-prisao-em-leopoldina","thumb-below-title"],"yoast_head":"<!-- This site is optimized with the Yoast SEO plugin v27.4 - https:\/\/yoast.com\/product\/yoast-seo-wordpress\/ -->\n<title>Pol\u00edcia Civil prende suspeitos de envolvimento na morte de jovem em Leopoldina | Marcelo Lopes<\/title>\n<meta name=\"robots\" content=\"index, follow, max-snippet:-1, max-image-preview:large, max-video-preview:-1\" \/>\n<link rel=\"canonical\" href=\"https:\/\/marcelolopes.jor.br\/site\/2021\/12\/18\/policia-civil-prende-suspeitos-de-envolvimento-na-morte-de-jovem-em-leopoldina\/\" \/>\n<meta property=\"og:locale\" content=\"pt_BR\" \/>\n<meta property=\"og:type\" content=\"article\" \/>\n<meta property=\"og:title\" content=\"Pol\u00edcia Civil prende suspeitos de envolvimento na morte de jovem em Leopoldina | Marcelo Lopes\" \/>\n<meta property=\"og:description\" content=\"Cinco homens, entre 19 e 57 anos, foram presos nesta sexta-feira, 17 de dezembro, em Leopoldina e Juiz de Fora. De acordo com a Pol\u00edcia Civil, durante a a\u00e7\u00e3o foram cumpridos mandados de pris\u00e3o preventiva e de busca e apreens\u00e3oLeia mais Pol\u00edcia Civil prende suspeitos de envolvimento na morte de jovem em Leopoldina\" \/>\n<meta property=\"og:url\" content=\"https:\/\/marcelolopes.jor.br\/site\/2021\/12\/18\/policia-civil-prende-suspeitos-de-envolvimento-na-morte-de-jovem-em-leopoldina\/\" \/>\n<meta property=\"og:site_name\" content=\"Marcelo Lopes\" \/>\n<meta property=\"article:publisher\" content=\"https:\/\/www.facebook.com\/sitedomarcelolopes\" \/>\n<meta property=\"article:published_time\" content=\"2021-12-18T15:00:50+00:00\" \/>\n<meta property=\"og:image\" content=\"https:\/\/marcelolopes.jor.br\/site\/wp-content\/uploads\/2021\/12\/policia-civil-cadeia-foto-o-vigilante-online.jpeg\" \/>\n\t<meta property=\"og:image:width\" content=\"900\" \/>\n\t<meta property=\"og:image:height\" content=\"502\" \/>\n\t<meta property=\"og:image:type\" content=\"image\/jpeg\" \/>\n<meta name=\"author\" content=\"Marcelo Lopes\" \/>\n<meta name=\"twitter:card\" content=\"summary_large_image\" \/>\n<meta name=\"twitter:label1\" content=\"Escrito por\" \/>\n\t<meta name=\"twitter:data1\" content=\"Marcelo Lopes\" \/>\n\t<meta name=\"twitter:label2\" content=\"Est. tempo de leitura\" \/>\n\t<meta name=\"twitter:data2\" content=\"1 minuto\" \/>\n<script type=\"application\/ld+json\" class=\"yoast-schema-graph\">{\"@context\":\"https:\\\/\\\/schema.org\",\"@graph\":[{\"@type\":\"NewsArticle\",\"@id\":\"https:\\\/\\\/marcelolopes.jor.br\\\/site\\\/2021\\\/12\\\/18\\\/policia-civil-prende-suspeitos-de-envolvimento-na-morte-de-jovem-em-leopoldina\\\/#article\",\"isPartOf\":{\"@id\":\"https:\\\/\\\/marcelolopes.jor.br\\\/site\\\/2021\\\/12\\\/18\\\/policia-civil-prende-suspeitos-de-envolvimento-na-morte-de-jovem-em-leopoldina\\\/\"},\"author\":{\"name\":\"Marcelo Lopes\",\"@id\":\"https:\\\/\\\/marcelolopes.jor.br\\\/site\\\/#\\\/schema\\\/person\\\/3e7216a35c34d8fdf952b31da3d1f89f\"},\"headline\":\"Pol\u00edcia Civil prende suspeitos de envolvimento na morte de jovem em Leopoldina\",\"datePublished\":\"2021-12-18T15:00:50+00:00\",\"mainEntityOfPage\":{\"@id\":\"https:\\\/\\\/marcelolopes.jor.br\\\/site\\\/2021\\\/12\\\/18\\\/policia-civil-prende-suspeitos-de-envolvimento-na-morte-de-jovem-em-leopoldina\\\/\"},\"wordCount\":186,\"commentCount\":0,\"publisher\":{\"@id\":\"https:\\\/\\\/marcelolopes.jor.br\\\/site\\\/#organization\"},\"image\":{\"@id\":\"https:\\\/\\\/marcelolopes.jor.br\\\/site\\\/2021\\\/12\\\/18\\\/policia-civil-prende-suspeitos-de-envolvimento-na-morte-de-jovem-em-leopoldina\\\/#primaryimage\"},\"thumbnailUrl\":\"https:\\\/\\\/marcelolopes.jor.br\\\/site\\\/wp-content\\\/uploads\\\/2021\\\/12\\\/policia-civil-cadeia-foto-o-vigilante-online.jpeg\",\"keywords\":[\"busca e apreens\u00e3o\",\"mandados de pris\u00e3o\",\"pol\u00edcia civil\",\"pris\u00e3o em Leopoldina\"],\"articleSection\":[\"Not\u00edcias\"],\"inLanguage\":\"pt-BR\",\"potentialAction\":[{\"@type\":\"CommentAction\",\"name\":\"Comment\",\"target\":[\"https:\\\/\\\/marcelolopes.jor.br\\\/site\\\/2021\\\/12\\\/18\\\/policia-civil-prende-suspeitos-de-envolvimento-na-morte-de-jovem-em-leopoldina\\\/#respond\"]}]},{\"@type\":\"WebPage\",\"@id\":\"https:\\\/\\\/marcelolopes.jor.br\\\/site\\\/2021\\\/12\\\/18\\\/policia-civil-prende-suspeitos-de-envolvimento-na-morte-de-jovem-em-leopoldina\\\/\",\"url\":\"https:\\\/\\\/marcelolopes.jor.br\\\/site\\\/2021\\\/12\\\/18\\\/policia-civil-prende-suspeitos-de-envolvimento-na-morte-de-jovem-em-leopoldina\\\/\",\"name\":\"Pol\u00edcia Civil prende suspeitos de envolvimento na morte de jovem em Leopoldina | Marcelo Lopes\",\"isPartOf\":{\"@id\":\"https:\\\/\\\/marcelolopes.jor.br\\\/site\\\/#website\"},\"primaryImageOfPage\":{\"@id\":\"https:\\\/\\\/marcelolopes.jor.br\\\/site\\\/2021\\\/12\\\/18\\\/policia-civil-prende-suspeitos-de-envolvimento-na-morte-de-jovem-em-leopoldina\\\/#primaryimage\"},\"image\":{\"@id\":\"https:\\\/\\\/marcelolopes.jor.br\\\/site\\\/2021\\\/12\\\/18\\\/policia-civil-prende-suspeitos-de-envolvimento-na-morte-de-jovem-em-leopoldina\\\/#primaryimage\"},\"thumbnailUrl\":\"https:\\\/\\\/marcelolopes.jor.br\\\/site\\\/wp-content\\\/uploads\\\/2021\\\/12\\\/policia-civil-cadeia-foto-o-vigilante-online.jpeg\",\"datePublished\":\"2021-12-18T15:00:50+00:00\",\"breadcrumb\":{\"@id\":\"https:\\\/\\\/marcelolopes.jor.br\\\/site\\\/2021\\\/12\\\/18\\\/policia-civil-prende-suspeitos-de-envolvimento-na-morte-de-jovem-em-leopoldina\\\/#breadcrumb\"},\"inLanguage\":\"pt-BR\",\"potentialAction\":[{\"@type\":\"ReadAction\",\"target\":[\"https:\\\/\\\/marcelolopes.jor.br\\\/site\\\/2021\\\/12\\\/18\\\/policia-civil-prende-suspeitos-de-envolvimento-na-morte-de-jovem-em-leopoldina\\\/\"]}]},{\"@type\":\"ImageObject\",\"inLanguage\":\"pt-BR\",\"@id\":\"https:\\\/\\\/marcelolopes.jor.br\\\/site\\\/2021\\\/12\\\/18\\\/policia-civil-prende-suspeitos-de-envolvimento-na-morte-de-jovem-em-leopoldina\\\/#primaryimage\",\"url\":\"https:\\\/\\\/marcelolopes.jor.br\\\/site\\\/wp-content\\\/uploads\\\/2021\\\/12\\\/policia-civil-cadeia-foto-o-vigilante-online.jpeg\",\"contentUrl\":\"https:\\\/\\\/marcelolopes.jor.br\\\/site\\\/wp-content\\\/uploads\\\/2021\\\/12\\\/policia-civil-cadeia-foto-o-vigilante-online.jpeg\",\"width\":900,\"height\":502},{\"@type\":\"BreadcrumbList\",\"@id\":\"https:\\\/\\\/marcelolopes.jor.br\\\/site\\\/2021\\\/12\\\/18\\\/policia-civil-prende-suspeitos-de-envolvimento-na-morte-de-jovem-em-leopoldina\\\/#breadcrumb\",\"itemListElement\":[{\"@type\":\"ListItem\",\"position\":1,\"name\":\"Home\",\"item\":\"https:\\\/\\\/marcelolopes.jor.br\\\/site\\\/\"},{\"@type\":\"ListItem\",\"position\":2,\"name\":\"Pol\u00edcia Civil prende suspeitos de envolvimento na morte de jovem em Leopoldina\"}]},{\"@type\":\"WebSite\",\"@id\":\"https:\\\/\\\/marcelolopes.jor.br\\\/site\\\/#website\",\"url\":\"https:\\\/\\\/marcelolopes.jor.br\\\/site\\\/\",\"name\":\"Marcelo Lopes\",\"description\":\"Not\u00edcias de Cataguases e Regi\u00e3o\",\"publisher\":{\"@id\":\"https:\\\/\\\/marcelolopes.jor.br\\\/site\\\/#organization\"},\"potentialAction\":[{\"@type\":\"SearchAction\",\"target\":{\"@type\":\"EntryPoint\",\"urlTemplate\":\"https:\\\/\\\/marcelolopes.jor.br\\\/site\\\/?s={search_term_string}\"},\"query-input\":{\"@type\":\"PropertyValueSpecification\",\"valueRequired\":true,\"valueName\":\"search_term_string\"}}],\"inLanguage\":\"pt-BR\"},{\"@type\":\"Organization\",\"@id\":\"https:\\\/\\\/marcelolopes.jor.br\\\/site\\\/#organization\",\"name\":\"Site do Marcelo Lopes\",\"url\":\"https:\\\/\\\/marcelolopes.jor.br\\\/site\\\/\",\"logo\":{\"@type\":\"ImageObject\",\"inLanguage\":\"pt-BR\",\"@id\":\"https:\\\/\\\/marcelolopes.jor.br\\\/site\\\/#\\\/schema\\\/logo\\\/image\\\/\",\"url\":\"https:\\\/\\\/marcelolopes.jor.br\\\/site\\\/wp-content\\\/uploads\\\/2024\\\/11\\\/logo-1.png\",\"contentUrl\":\"https:\\\/\\\/marcelolopes.jor.br\\\/site\\\/wp-content\\\/uploads\\\/2024\\\/11\\\/logo-1.png\",\"width\":475,\"height\":80,\"caption\":\"Site do Marcelo Lopes\"},\"image\":{\"@id\":\"https:\\\/\\\/marcelolopes.jor.br\\\/site\\\/#\\\/schema\\\/logo\\\/image\\\/\"},\"sameAs\":[\"https:\\\/\\\/www.facebook.com\\\/sitedomarcelolopes\",\"https:\\\/\\\/www.instagram.com\\\/sitedomarcelolopes\\\/\",\"https:\\\/\\\/www.linkedin.com\\\/company\\\/site-do-marcelo-lopes\\\/\",\"https:\\\/\\\/www.youtube.com\\\/user\\\/marcelolopes957\"]},{\"@type\":\"Person\",\"@id\":\"https:\\\/\\\/marcelolopes.jor.br\\\/site\\\/#\\\/schema\\\/person\\\/3e7216a35c34d8fdf952b31da3d1f89f\",\"name\":\"Marcelo Lopes\",\"sameAs\":[\"http:\\\/\\\/www.marcelolopes.jor.br\"],\"url\":\"https:\\\/\\\/marcelolopes.jor.br\\\/site\\\/author\\\/marcelo\\\/\"}]}<\/script>\n<!-- \/ Yoast SEO plugin. -->","yoast_head_json":{"title":"Pol\u00edcia Civil prende suspeitos de envolvimento na morte de jovem em Leopoldina | Marcelo Lopes","robots":{"index":"index","follow":"follow","max-snippet":"max-snippet:-1","max-image-preview":"max-image-preview:large","max-video-preview":"max-video-preview:-1"},"canonical":"https:\/\/marcelolopes.jor.br\/site\/2021\/12\/18\/policia-civil-prende-suspeitos-de-envolvimento-na-morte-de-jovem-em-leopoldina\/","og_locale":"pt_BR","og_type":"article","og_title":"Pol\u00edcia Civil prende suspeitos de envolvimento na morte de jovem em Leopoldina | Marcelo Lopes","og_description":"Cinco homens, entre 19 e 57 anos, foram presos nesta sexta-feira, 17 de dezembro, em Leopoldina e Juiz de Fora. De acordo com a Pol\u00edcia Civil, durante a a\u00e7\u00e3o foram cumpridos mandados de pris\u00e3o preventiva e de busca e apreens\u00e3oLeia mais Pol\u00edcia Civil prende suspeitos de envolvimento na morte de jovem em Leopoldina","og_url":"https:\/\/marcelolopes.jor.br\/site\/2021\/12\/18\/policia-civil-prende-suspeitos-de-envolvimento-na-morte-de-jovem-em-leopoldina\/","og_site_name":"Marcelo Lopes","article_publisher":"https:\/\/www.facebook.com\/sitedomarcelolopes","article_published_time":"2021-12-18T15:00:50+00:00","og_image":[{"width":900,"height":502,"url":"https:\/\/marcelolopes.jor.br\/site\/wp-content\/uploads\/2021\/12\/policia-civil-cadeia-foto-o-vigilante-online.jpeg","type":"image\/jpeg"}],"author":"Marcelo Lopes","twitter_card":"summary_large_image","twitter_misc":{"Escrito por":"Marcelo Lopes","Est. tempo de leitura":"1 minuto"},"schema":{"@context":"https:\/\/schema.org","@graph":[{"@type":"NewsArticle","@id":"https:\/\/marcelolopes.jor.br\/site\/2021\/12\/18\/policia-civil-prende-suspeitos-de-envolvimento-na-morte-de-jovem-em-leopoldina\/#article","isPartOf":{"@id":"https:\/\/marcelolopes.jor.br\/site\/2021\/12\/18\/policia-civil-prende-suspeitos-de-envolvimento-na-morte-de-jovem-em-leopoldina\/"},"author":{"name":"Marcelo Lopes","@id":"https:\/\/marcelolopes.jor.br\/site\/#\/schema\/person\/3e7216a35c34d8fdf952b31da3d1f89f"},"headline":"Pol\u00edcia Civil prende suspeitos de envolvimento na morte de jovem em Leopoldina","datePublished":"2021-12-18T15:00:50+00:00","mainEntityOfPage":{"@id":"https:\/\/marcelolopes.jor.br\/site\/2021\/12\/18\/policia-civil-prende-suspeitos-de-envolvimento-na-morte-de-jovem-em-leopoldina\/"},"wordCount":186,"commentCount":0,"publisher":{"@id":"https:\/\/marcelolopes.jor.br\/site\/#organization"},"image":{"@id":"https:\/\/marcelolopes.jor.br\/site\/2021\/12\/18\/policia-civil-prende-suspeitos-de-envolvimento-na-morte-de-jovem-em-leopoldina\/#primaryimage"},"thumbnailUrl":"https:\/\/marcelolopes.jor.br\/site\/wp-content\/uploads\/2021\/12\/policia-civil-cadeia-foto-o-vigilante-online.jpeg","keywords":["busca e apreens\u00e3o","mandados de pris\u00e3o","pol\u00edcia civil","pris\u00e3o em Leopoldina"],"articleSection":["Not\u00edcias"],"inLanguage":"pt-BR","potentialAction":[{"@type":"CommentAction","name":"Comment","target":["https:\/\/marcelolopes.jor.br\/site\/2021\/12\/18\/policia-civil-prende-suspeitos-de-envolvimento-na-morte-de-jovem-em-leopoldina\/#respond"]}]},{"@type":"WebPage","@id":"https:\/\/marcelolopes.jor.br\/site\/2021\/12\/18\/policia-civil-prende-suspeitos-de-envolvimento-na-morte-de-jovem-em-leopoldina\/","url":"https:\/\/marcelolopes.jor.br\/site\/2021\/12\/18\/policia-civil-prende-suspeitos-de-envolvimento-na-morte-de-jovem-em-leopoldina\/","name":"Pol\u00edcia Civil prende suspeitos de envolvimento na morte de jovem em Leopoldina | Marcelo Lopes","isPartOf":{"@id":"https:\/\/marcelolopes.jor.br\/site\/#website"},"primaryImageOfPage":{"@id":"https:\/\/marcelolopes.jor.br\/site\/2021\/12\/18\/policia-civil-prende-suspeitos-de-envolvimento-na-morte-de-jovem-em-leopoldina\/#primaryimage"},"image":{"@id":"https:\/\/marcelolopes.jor.br\/site\/2021\/12\/18\/policia-civil-prende-suspeitos-de-envolvimento-na-morte-de-jovem-em-leopoldina\/#primaryimage"},"thumbnailUrl":"https:\/\/marcelolopes.jor.br\/site\/wp-content\/uploads\/2021\/12\/policia-civil-cadeia-foto-o-vigilante-online.jpeg","datePublished":"2021-12-18T15:00:50+00:00","breadcrumb":{"@id":"https:\/\/marcelolopes.jor.br\/site\/2021\/12\/18\/policia-civil-prende-suspeitos-de-envolvimento-na-morte-de-jovem-em-leopoldina\/#breadcrumb"},"inLanguage":"pt-BR","potentialAction":[{"@type":"ReadAction","target":["https:\/\/marcelolopes.jor.br\/site\/2021\/12\/18\/policia-civil-prende-suspeitos-de-envolvimento-na-morte-de-jovem-em-leopoldina\/"]}]},{"@type":"ImageObject","inLanguage":"pt-BR","@id":"https:\/\/marcelolopes.jor.br\/site\/2021\/12\/18\/policia-civil-prende-suspeitos-de-envolvimento-na-morte-de-jovem-em-leopoldina\/#primaryimage","url":"https:\/\/marcelolopes.jor.br\/site\/wp-content\/uploads\/2021\/12\/policia-civil-cadeia-foto-o-vigilante-online.jpeg","contentUrl":"https:\/\/marcelolopes.jor.br\/site\/wp-content\/uploads\/2021\/12\/policia-civil-cadeia-foto-o-vigilante-online.jpeg","width":900,"height":502},{"@type":"BreadcrumbList","@id":"https:\/\/marcelolopes.jor.br\/site\/2021\/12\/18\/policia-civil-prende-suspeitos-de-envolvimento-na-morte-de-jovem-em-leopoldina\/#breadcrumb","itemListElement":[{"@type":"ListItem","position":1,"name":"Home","item":"https:\/\/marcelolopes.jor.br\/site\/"},{"@type":"ListItem","position":2,"name":"Pol\u00edcia Civil prende suspeitos de envolvimento na morte de jovem em Leopoldina"}]},{"@type":"WebSite","@id":"https:\/\/marcelolopes.jor.br\/site\/#website","url":"https:\/\/marcelolopes.jor.br\/site\/","name":"Marcelo Lopes","description":"Not\u00edcias de Cataguases e Regi\u00e3o","publisher":{"@id":"https:\/\/marcelolopes.jor.br\/site\/#organization"},"potentialAction":[{"@type":"SearchAction","target":{"@type":"EntryPoint","urlTemplate":"https:\/\/marcelolopes.jor.br\/site\/?s={search_term_string}"},"query-input":{"@type":"PropertyValueSpecification","valueRequired":true,"valueName":"search_term_string"}}],"inLanguage":"pt-BR"},{"@type":"Organization","@id":"https:\/\/marcelolopes.jor.br\/site\/#organization","name":"Site do Marcelo Lopes","url":"https:\/\/marcelolopes.jor.br\/site\/","logo":{"@type":"ImageObject","inLanguage":"pt-BR","@id":"https:\/\/marcelolopes.jor.br\/site\/#\/schema\/logo\/image\/","url":"https:\/\/marcelolopes.jor.br\/site\/wp-content\/uploads\/2024\/11\/logo-1.png","contentUrl":"https:\/\/marcelolopes.jor.br\/site\/wp-content\/uploads\/2024\/11\/logo-1.png","width":475,"height":80,"caption":"Site do Marcelo Lopes"},"image":{"@id":"https:\/\/marcelolopes.jor.br\/site\/#\/schema\/logo\/image\/"},"sameAs":["https:\/\/www.facebook.com\/sitedomarcelolopes","https:\/\/www.instagram.com\/sitedomarcelolopes\/","https:\/\/www.linkedin.com\/company\/site-do-marcelo-lopes\/","https:\/\/www.youtube.com\/user\/marcelolopes957"]},{"@type":"Person","@id":"https:\/\/marcelolopes.jor.br\/site\/#\/schema\/person\/3e7216a35c34d8fdf952b31da3d1f89f","name":"Marcelo Lopes","sameAs":["http:\/\/www.marcelolopes.jor.br"],"url":"https:\/\/marcelolopes.jor.br\/site\/author\/marcelo\/"}]}},"wps_subtitle":"Ao todo, cinco pessoas foram presas e uma barra de crack apreendida.","_links":{"self":[{"href":"https:\/\/marcelolopes.jor.br\/site\/wp-json\/wp\/v2\/posts\/29357","targetHints":{"allow":["GET"]}}],"collection":[{"href":"https:\/\/marcelolopes.jor.br\/site\/wp-json\/wp\/v2\/posts"}],"about":[{"href":"https:\/\/marcelolopes.jor.br\/site\/wp-json\/wp\/v2\/types\/post"}],"author":[{"embeddable":true,"href":"https:\/\/marcelolopes.jor.br\/site\/wp-json\/wp\/v2\/users\/2"}],"replies":[{"embeddable":true,"href":"https:\/\/marcelolopes.jor.br\/site\/wp-json\/wp\/v2\/comments?post=29357"}],"version-history":[{"count":0,"href":"https:\/\/marcelolopes.jor.br\/site\/wp-json\/wp\/v2\/posts\/29357\/revisions"}],"wp:featuredmedia":[{"embeddable":true,"href":"https:\/\/marcelolopes.jor.br\/site\/wp-json\/wp\/v2\/media\/29359"}],"wp:attachment":[{"href":"https:\/\/marcelolopes.jor.br\/site\/wp-json\/wp\/v2\/media?parent=29357"}],"wp:term":[{"taxonomy":"category","embeddable":true,"href":"https:\/\/marcelolopes.jor.br\/site\/wp-json\/wp\/v2\/categories?post=29357"},{"taxonomy":"post_tag","embeddable":true,"href":"https:\/\/marcelolopes.jor.br\/site\/wp-json\/wp\/v2\/tags?post=29357"}],"curies":[{"name":"wp","href":"https:\/\/api.w.org\/{rel}","templated":true}]}}