{"id":29243,"date":"2021-12-15T12:00:09","date_gmt":"2021-12-15T15:00:09","guid":{"rendered":"https:\/\/marcelolopes.jor.br\/?p=29243"},"modified":"2021-12-14T18:56:15","modified_gmt":"2021-12-14T21:56:15","slug":"documento-de-licenciamento-de-veiculo-sera-obrigatorio-a-partir-de-janeiro","status":"publish","type":"post","link":"https:\/\/marcelolopes.jor.br\/site\/2021\/12\/15\/documento-de-licenciamento-de-veiculo-sera-obrigatorio-a-partir-de-janeiro\/","title":{"rendered":"Documento de licenciamento de ve\u00edculo ser\u00e1 obrigat\u00f3rio a partir de janeiro"},"content":{"rendered":"<p style=\"text-align: justify;\">Propriet\u00e1rios de ve\u00edculos registrados em Minas Gerais devem ficar atentos ao prazo de exig\u00eancia do Certificado de Registro e Licenciamento de Ve\u00edculo (CRLV). A partir de 1\u00b0 de janeiro de 2022, o documento referente ao ano de 2021, no formato digital ou impresso, ser\u00e1 considerado obrigat\u00f3rio para comprovar a regularidade do ve\u00edculo em circula\u00e7\u00e3o.<!--more--><\/p>\n<p style=\"text-align: justify;\">A decis\u00e3o, publicada no Di\u00e1rio Oficial do Estado, considera o dia 31 de dezembro deste ano o encerramento do per\u00edodo de calamidade p\u00fablica em raz\u00e3o da pandemia de coronav\u00edrus, conforme Decreto Estadual n\u00ba 48.205\/2021.<\/p>\n<p style=\"text-align: justify;\">Para fins de fiscaliza\u00e7\u00e3o, o documento poder\u00e1 ser apresentado impresso em papel comum ou no aplicativo Carteira Digital de Tr\u00e2nsito (CDT), dispon\u00edvel para aparelhos com sistemas Android e iOS. O porte do CRLV poder\u00e1 ser dispensado, caso o agente tenha condi\u00e7\u00f5es de consultar o sistema do Departamento de Tr\u00e2nsito de Minas Gerais (Detran-MG) para verificar se o ve\u00edculo est\u00e1 licenciado.<\/p>\n<p style=\"text-align: justify;\">\u201cDurante as abordagens ao condutor, a fiscaliza\u00e7\u00e3o de tr\u00e2nsito observa os documentos de porte obrigat\u00f3rio, que s\u00e3o o CRLV e a habilita\u00e7\u00e3o, sendo desnecess\u00e1rio apresentar comprovantes de pagamento das taxas e tributos\u201d, esclarece o diretor do Detran\/MG, delegado Erico da Cunha Neto.<\/p>\n<p style=\"text-align: justify;\">Os propriet\u00e1rios de ve\u00edculos que ainda n\u00e3o possuem o CRLV de 2021 devem acessar o site www.detran.mg.gov.br para verificar se h\u00e1 d\u00e9bitos de IPVA, seguro obrigat\u00f3rio, Taxa de Renova\u00e7\u00e3o do Licenciamento Anual do Ve\u00edculo e eventuais multas.<\/p>\n<p style=\"text-align: justify;\">Fonte: Ag\u00eancia Minas | Foto: Canaltech<\/p>\n<div class=\"osomu6a94eeae43bf6\" ><br><\/div><style type=\"text\/css\">\r\n@media screen and (min-width: 1201px) {\r\n.osomu6a94eeae43bf6 {\r\ndisplay: block;\r\n}\r\n}\r\n@media screen and (min-width: 993px) and (max-width: 1200px) {\r\n.osomu6a94eeae43bf6 {\r\ndisplay: block;\r\n}\r\n}\r\n@media screen and (min-width: 769px) and (max-width: 992px) {\r\n.osomu6a94eeae43bf6 {\r\ndisplay: block;\r\n}\r\n}\r\n@media screen and (min-width: 768px) and (max-width: 768px) {\r\n.osomu6a94eeae43bf6 {\r\ndisplay: block;\r\n}\r\n}\r\n@media screen and (max-width: 767px) {\r\n.osomu6a94eeae43bf6 {\r\ndisplay: block;\r\n}\r\n}\r\n<\/style>\r\n<div class=\"pjdli6a94eeae4aecd\" ><div id=\"div_destino\"><\/div>\r\n<script src=\"https:\/\/cdn.snsrsv.com\/sdk.js\"><\/script>\r\n<script >\r\n      new sdk(\"464030C30061EA8BE065000000000001\") \r\n          .appendTo(\"div_destino\")\r\n          .disableStyle(true) \r\n          .setCacheBusterMacro(\"%%CACHEBUSTER%%\")\r\n          .setSize(\"800\",\"214\")\r\n          .setClickMacro(\"%%CLICK_URL_ESC%%\") \r\n          .setReferrerUrlMacro(\"%%REFERRER_URL_ESC%%\") \r\n          .start(); \r\n<\/script><\/div><style type=\"text\/css\">\r\n@media screen and (min-width: 1201px) {\r\n.pjdli6a94eeae4aecd {\r\ndisplay: block;\r\n}\r\n}\r\n@media screen and (min-width: 993px) and (max-width: 1200px) {\r\n.pjdli6a94eeae4aecd {\r\ndisplay: block;\r\n}\r\n}\r\n@media screen and (min-width: 769px) and (max-width: 992px) {\r\n.pjdli6a94eeae4aecd {\r\ndisplay: block;\r\n}\r\n}\r\n@media screen and (min-width: 768px) and (max-width: 768px) {\r\n.pjdli6a94eeae4aecd {\r\ndisplay: block;\r\n}\r\n}\r\n@media screen and (max-width: 767px) {\r\n.pjdli6a94eeae4aecd {\r\ndisplay: block;\r\n}\r\n}\r\n<\/style>\r\n","protected":false},"excerpt":{"rendered":"<p>Propriet\u00e1rios de ve\u00edculos registrados em Minas Gerais devem ficar atentos ao prazo de exig\u00eancia do Certificado de Registro e Licenciamento de Ve\u00edculo (CRLV). A partir de 1\u00b0 de janeiro de 2022, o documento referente ao ano de 2021, no formato<\/p>\n<p class=\"link-more\"><a class=\"more-link\" href=\"https:\/\/marcelolopes.jor.br\/site\/2021\/12\/15\/documento-de-licenciamento-de-veiculo-sera-obrigatorio-a-partir-de-janeiro\/\">Leia mais <span class=\"screen-reader-text\">Documento de licenciamento de ve\u00edculo ser\u00e1 obrigat\u00f3rio a partir de janeiro<\/span><\/a><\/p>\n","protected":false},"author":2,"featured_media":29245,"comment_status":"open","ping_status":"open","sticky":false,"template":"","format":"standard","meta":{"footnotes":""},"categories":[1],"tags":[5190,2378,1969,3527],"class_list":["post-29243","post","type-post","status-publish","format-standard","has-post-thumbnail","hentry","category-noticias","tag-carteira-digital-de-transito","tag-crlv","tag-detran-mg","tag-documento-do-carro","thumb-below-title"],"yoast_head":"<!-- This site is optimized with the Yoast SEO plugin v28.3 - https:\/\/yoast.com\/product\/yoast-seo-wordpress\/ -->\n<title>Documento de licenciamento de ve\u00edculo ser\u00e1 obrigat\u00f3rio a partir de janeiro | Marcelo Lopes<\/title>\n<meta name=\"robots\" content=\"index, follow, max-snippet:-1, max-image-preview:large, max-video-preview:-1\" \/>\n<link rel=\"canonical\" href=\"https:\/\/marcelolopes.jor.br\/site\/2021\/12\/15\/documento-de-licenciamento-de-veiculo-sera-obrigatorio-a-partir-de-janeiro\/\" \/>\n<meta property=\"og:locale\" content=\"pt_BR\" \/>\n<meta property=\"og:type\" content=\"article\" \/>\n<meta property=\"og:title\" content=\"Documento de licenciamento de ve\u00edculo ser\u00e1 obrigat\u00f3rio a partir de janeiro | Marcelo Lopes\" \/>\n<meta property=\"og:description\" content=\"Propriet\u00e1rios de ve\u00edculos registrados em Minas Gerais devem ficar atentos ao prazo de exig\u00eancia do Certificado de Registro e Licenciamento de Ve\u00edculo (CRLV). A partir de 1\u00b0 de janeiro de 2022, o documento referente ao ano de 2021, no formatoLeia mais Documento de licenciamento de ve\u00edculo ser\u00e1 obrigat\u00f3rio a partir de janeiro\" \/>\n<meta property=\"og:url\" content=\"https:\/\/marcelolopes.jor.br\/site\/2021\/12\/15\/documento-de-licenciamento-de-veiculo-sera-obrigatorio-a-partir-de-janeiro\/\" \/>\n<meta property=\"og:site_name\" content=\"Marcelo Lopes\" \/>\n<meta property=\"article:publisher\" content=\"https:\/\/www.facebook.com\/sitedomarcelolopes\" \/>\n<meta property=\"article:published_time\" content=\"2021-12-15T15:00:09+00:00\" \/>\n<meta property=\"og:image\" content=\"https:\/\/marcelolopes.jor.br\/site\/wp-content\/uploads\/2021\/12\/i393450.jpeg\" \/>\n\t<meta property=\"og:image:width\" content=\"1151\" \/>\n\t<meta property=\"og:image:height\" content=\"647\" \/>\n\t<meta property=\"og:image:type\" content=\"image\/jpeg\" \/>\n<meta name=\"author\" content=\"Marcelo Lopes\" \/>\n<meta name=\"twitter:card\" content=\"summary_large_image\" \/>\n<meta name=\"twitter:label1\" content=\"Escrito por\" \/>\n\t<meta name=\"twitter:data1\" content=\"Marcelo Lopes\" \/>\n\t<meta name=\"twitter:label2\" content=\"Est. tempo de leitura\" \/>\n\t<meta name=\"twitter:data2\" content=\"1 minuto\" \/>\n<script type=\"application\/ld+json\" class=\"yoast-schema-graph\">{\"@context\":\"https:\\\/\\\/schema.org\",\"@graph\":[{\"@type\":\"NewsArticle\",\"@id\":\"https:\\\/\\\/marcelolopes.jor.br\\\/site\\\/2021\\\/12\\\/15\\\/documento-de-licenciamento-de-veiculo-sera-obrigatorio-a-partir-de-janeiro\\\/#article\",\"isPartOf\":{\"@id\":\"https:\\\/\\\/marcelolopes.jor.br\\\/site\\\/2021\\\/12\\\/15\\\/documento-de-licenciamento-de-veiculo-sera-obrigatorio-a-partir-de-janeiro\\\/\"},\"author\":{\"name\":\"Marcelo Lopes\",\"@id\":\"https:\\\/\\\/marcelolopes.jor.br\\\/site\\\/#\\\/schema\\\/person\\\/3e7216a35c34d8fdf952b31da3d1f89f\"},\"headline\":\"Documento de licenciamento de ve\u00edculo ser\u00e1 obrigat\u00f3rio a partir de janeiro\",\"datePublished\":\"2021-12-15T15:00:09+00:00\",\"mainEntityOfPage\":{\"@id\":\"https:\\\/\\\/marcelolopes.jor.br\\\/site\\\/2021\\\/12\\\/15\\\/documento-de-licenciamento-de-veiculo-sera-obrigatorio-a-partir-de-janeiro\\\/\"},\"wordCount\":277,\"commentCount\":0,\"publisher\":{\"@id\":\"https:\\\/\\\/marcelolopes.jor.br\\\/site\\\/#organization\"},\"image\":{\"@id\":\"https:\\\/\\\/marcelolopes.jor.br\\\/site\\\/2021\\\/12\\\/15\\\/documento-de-licenciamento-de-veiculo-sera-obrigatorio-a-partir-de-janeiro\\\/#primaryimage\"},\"thumbnailUrl\":\"https:\\\/\\\/marcelolopes.jor.br\\\/site\\\/wp-content\\\/uploads\\\/2021\\\/12\\\/i393450.jpeg\",\"keywords\":[\"carteira digital de tr\u00e2nsito\",\"CRLV\",\"detran-mg\",\"documento do carro\"],\"articleSection\":[\"Not\u00edcias\"],\"inLanguage\":\"pt-BR\",\"potentialAction\":[{\"@type\":\"CommentAction\",\"name\":\"Comment\",\"target\":[\"https:\\\/\\\/marcelolopes.jor.br\\\/site\\\/2021\\\/12\\\/15\\\/documento-de-licenciamento-de-veiculo-sera-obrigatorio-a-partir-de-janeiro\\\/#respond\"]}]},{\"@type\":\"WebPage\",\"@id\":\"https:\\\/\\\/marcelolopes.jor.br\\\/site\\\/2021\\\/12\\\/15\\\/documento-de-licenciamento-de-veiculo-sera-obrigatorio-a-partir-de-janeiro\\\/\",\"url\":\"https:\\\/\\\/marcelolopes.jor.br\\\/site\\\/2021\\\/12\\\/15\\\/documento-de-licenciamento-de-veiculo-sera-obrigatorio-a-partir-de-janeiro\\\/\",\"name\":\"Documento de licenciamento de ve\u00edculo ser\u00e1 obrigat\u00f3rio a partir de janeiro | Marcelo Lopes\",\"isPartOf\":{\"@id\":\"https:\\\/\\\/marcelolopes.jor.br\\\/site\\\/#website\"},\"primaryImageOfPage\":{\"@id\":\"https:\\\/\\\/marcelolopes.jor.br\\\/site\\\/2021\\\/12\\\/15\\\/documento-de-licenciamento-de-veiculo-sera-obrigatorio-a-partir-de-janeiro\\\/#primaryimage\"},\"image\":{\"@id\":\"https:\\\/\\\/marcelolopes.jor.br\\\/site\\\/2021\\\/12\\\/15\\\/documento-de-licenciamento-de-veiculo-sera-obrigatorio-a-partir-de-janeiro\\\/#primaryimage\"},\"thumbnailUrl\":\"https:\\\/\\\/marcelolopes.jor.br\\\/site\\\/wp-content\\\/uploads\\\/2021\\\/12\\\/i393450.jpeg\",\"datePublished\":\"2021-12-15T15:00:09+00:00\",\"breadcrumb\":{\"@id\":\"https:\\\/\\\/marcelolopes.jor.br\\\/site\\\/2021\\\/12\\\/15\\\/documento-de-licenciamento-de-veiculo-sera-obrigatorio-a-partir-de-janeiro\\\/#breadcrumb\"},\"inLanguage\":\"pt-BR\",\"potentialAction\":[{\"@type\":\"ReadAction\",\"target\":[\"https:\\\/\\\/marcelolopes.jor.br\\\/site\\\/2021\\\/12\\\/15\\\/documento-de-licenciamento-de-veiculo-sera-obrigatorio-a-partir-de-janeiro\\\/\"]}]},{\"@type\":\"ImageObject\",\"inLanguage\":\"pt-BR\",\"@id\":\"https:\\\/\\\/marcelolopes.jor.br\\\/site\\\/2021\\\/12\\\/15\\\/documento-de-licenciamento-de-veiculo-sera-obrigatorio-a-partir-de-janeiro\\\/#primaryimage\",\"url\":\"https:\\\/\\\/marcelolopes.jor.br\\\/site\\\/wp-content\\\/uploads\\\/2021\\\/12\\\/i393450.jpeg\",\"contentUrl\":\"https:\\\/\\\/marcelolopes.jor.br\\\/site\\\/wp-content\\\/uploads\\\/2021\\\/12\\\/i393450.jpeg\",\"width\":1151,\"height\":647},{\"@type\":\"BreadcrumbList\",\"@id\":\"https:\\\/\\\/marcelolopes.jor.br\\\/site\\\/2021\\\/12\\\/15\\\/documento-de-licenciamento-de-veiculo-sera-obrigatorio-a-partir-de-janeiro\\\/#breadcrumb\",\"itemListElement\":[{\"@type\":\"ListItem\",\"position\":1,\"name\":\"Home\",\"item\":\"https:\\\/\\\/marcelolopes.jor.br\\\/site\\\/\"},{\"@type\":\"ListItem\",\"position\":2,\"name\":\"Documento de licenciamento de ve\u00edculo ser\u00e1 obrigat\u00f3rio a partir de janeiro\"}]},{\"@type\":\"WebSite\",\"@id\":\"https:\\\/\\\/marcelolopes.jor.br\\\/site\\\/#website\",\"url\":\"https:\\\/\\\/marcelolopes.jor.br\\\/site\\\/\",\"name\":\"Marcelo Lopes\",\"description\":\"Not\u00edcias de Cataguases e Regi\u00e3o\",\"publisher\":{\"@id\":\"https:\\\/\\\/marcelolopes.jor.br\\\/site\\\/#organization\"},\"potentialAction\":[{\"@type\":\"SearchAction\",\"target\":{\"@type\":\"EntryPoint\",\"urlTemplate\":\"https:\\\/\\\/marcelolopes.jor.br\\\/site\\\/?s={search_term_string}\"},\"query-input\":{\"@type\":\"PropertyValueSpecification\",\"valueRequired\":true,\"valueName\":\"search_term_string\"}}],\"inLanguage\":\"pt-BR\"},{\"@type\":\"Organization\",\"@id\":\"https:\\\/\\\/marcelolopes.jor.br\\\/site\\\/#organization\",\"name\":\"Site do Marcelo Lopes\",\"url\":\"https:\\\/\\\/marcelolopes.jor.br\\\/site\\\/\",\"logo\":{\"@type\":\"ImageObject\",\"inLanguage\":\"pt-BR\",\"@id\":\"https:\\\/\\\/marcelolopes.jor.br\\\/site\\\/#\\\/schema\\\/logo\\\/image\\\/\",\"url\":\"https:\\\/\\\/marcelolopes.jor.br\\\/site\\\/wp-content\\\/uploads\\\/2026\\\/07\\\/cropped-logo2026.png\",\"contentUrl\":\"https:\\\/\\\/marcelolopes.jor.br\\\/site\\\/wp-content\\\/uploads\\\/2026\\\/07\\\/cropped-logo2026.png\",\"width\":328,\"height\":96,\"caption\":\"Site do Marcelo Lopes\"},\"image\":{\"@id\":\"https:\\\/\\\/marcelolopes.jor.br\\\/site\\\/#\\\/schema\\\/logo\\\/image\\\/\"},\"sameAs\":[\"https:\\\/\\\/www.facebook.com\\\/sitedomarcelolopes\",\"https:\\\/\\\/www.instagram.com\\\/sitedomarcelolopes\\\/\",\"https:\\\/\\\/www.linkedin.com\\\/company\\\/site-do-marcelo-lopes\\\/\",\"https:\\\/\\\/www.youtube.com\\\/user\\\/marcelolopes957\"]},{\"@type\":\"Person\",\"@id\":\"https:\\\/\\\/marcelolopes.jor.br\\\/site\\\/#\\\/schema\\\/person\\\/3e7216a35c34d8fdf952b31da3d1f89f\",\"name\":\"Marcelo Lopes\",\"sameAs\":[\"http:\\\/\\\/www.marcelolopes.jor.br\"],\"url\":\"https:\\\/\\\/marcelolopes.jor.br\\\/site\\\/author\\\/marcelo\\\/\"}]}<\/script>\n<!-- \/ Yoast SEO plugin. -->","yoast_head_json":{"title":"Documento de licenciamento de ve\u00edculo ser\u00e1 obrigat\u00f3rio a partir de janeiro | Marcelo Lopes","robots":{"index":"index","follow":"follow","max-snippet":"max-snippet:-1","max-image-preview":"max-image-preview:large","max-video-preview":"max-video-preview:-1"},"canonical":"https:\/\/marcelolopes.jor.br\/site\/2021\/12\/15\/documento-de-licenciamento-de-veiculo-sera-obrigatorio-a-partir-de-janeiro\/","og_locale":"pt_BR","og_type":"article","og_title":"Documento de licenciamento de ve\u00edculo ser\u00e1 obrigat\u00f3rio a partir de janeiro | Marcelo Lopes","og_description":"Propriet\u00e1rios de ve\u00edculos registrados em Minas Gerais devem ficar atentos ao prazo de exig\u00eancia do Certificado de Registro e Licenciamento de Ve\u00edculo (CRLV). A partir de 1\u00b0 de janeiro de 2022, o documento referente ao ano de 2021, no formatoLeia mais Documento de licenciamento de ve\u00edculo ser\u00e1 obrigat\u00f3rio a partir de janeiro","og_url":"https:\/\/marcelolopes.jor.br\/site\/2021\/12\/15\/documento-de-licenciamento-de-veiculo-sera-obrigatorio-a-partir-de-janeiro\/","og_site_name":"Marcelo Lopes","article_publisher":"https:\/\/www.facebook.com\/sitedomarcelolopes","article_published_time":"2021-12-15T15:00:09+00:00","og_image":[{"width":1151,"height":647,"url":"https:\/\/marcelolopes.jor.br\/site\/wp-content\/uploads\/2021\/12\/i393450.jpeg","type":"image\/jpeg"}],"author":"Marcelo Lopes","twitter_card":"summary_large_image","twitter_misc":{"Escrito por":"Marcelo Lopes","Est. tempo de leitura":"1 minuto"},"schema":{"@context":"https:\/\/schema.org","@graph":[{"@type":"NewsArticle","@id":"https:\/\/marcelolopes.jor.br\/site\/2021\/12\/15\/documento-de-licenciamento-de-veiculo-sera-obrigatorio-a-partir-de-janeiro\/#article","isPartOf":{"@id":"https:\/\/marcelolopes.jor.br\/site\/2021\/12\/15\/documento-de-licenciamento-de-veiculo-sera-obrigatorio-a-partir-de-janeiro\/"},"author":{"name":"Marcelo Lopes","@id":"https:\/\/marcelolopes.jor.br\/site\/#\/schema\/person\/3e7216a35c34d8fdf952b31da3d1f89f"},"headline":"Documento de licenciamento de ve\u00edculo ser\u00e1 obrigat\u00f3rio a partir de janeiro","datePublished":"2021-12-15T15:00:09+00:00","mainEntityOfPage":{"@id":"https:\/\/marcelolopes.jor.br\/site\/2021\/12\/15\/documento-de-licenciamento-de-veiculo-sera-obrigatorio-a-partir-de-janeiro\/"},"wordCount":277,"commentCount":0,"publisher":{"@id":"https:\/\/marcelolopes.jor.br\/site\/#organization"},"image":{"@id":"https:\/\/marcelolopes.jor.br\/site\/2021\/12\/15\/documento-de-licenciamento-de-veiculo-sera-obrigatorio-a-partir-de-janeiro\/#primaryimage"},"thumbnailUrl":"https:\/\/marcelolopes.jor.br\/site\/wp-content\/uploads\/2021\/12\/i393450.jpeg","keywords":["carteira digital de tr\u00e2nsito","CRLV","detran-mg","documento do carro"],"articleSection":["Not\u00edcias"],"inLanguage":"pt-BR","potentialAction":[{"@type":"CommentAction","name":"Comment","target":["https:\/\/marcelolopes.jor.br\/site\/2021\/12\/15\/documento-de-licenciamento-de-veiculo-sera-obrigatorio-a-partir-de-janeiro\/#respond"]}]},{"@type":"WebPage","@id":"https:\/\/marcelolopes.jor.br\/site\/2021\/12\/15\/documento-de-licenciamento-de-veiculo-sera-obrigatorio-a-partir-de-janeiro\/","url":"https:\/\/marcelolopes.jor.br\/site\/2021\/12\/15\/documento-de-licenciamento-de-veiculo-sera-obrigatorio-a-partir-de-janeiro\/","name":"Documento de licenciamento de ve\u00edculo ser\u00e1 obrigat\u00f3rio a partir de janeiro | Marcelo Lopes","isPartOf":{"@id":"https:\/\/marcelolopes.jor.br\/site\/#website"},"primaryImageOfPage":{"@id":"https:\/\/marcelolopes.jor.br\/site\/2021\/12\/15\/documento-de-licenciamento-de-veiculo-sera-obrigatorio-a-partir-de-janeiro\/#primaryimage"},"image":{"@id":"https:\/\/marcelolopes.jor.br\/site\/2021\/12\/15\/documento-de-licenciamento-de-veiculo-sera-obrigatorio-a-partir-de-janeiro\/#primaryimage"},"thumbnailUrl":"https:\/\/marcelolopes.jor.br\/site\/wp-content\/uploads\/2021\/12\/i393450.jpeg","datePublished":"2021-12-15T15:00:09+00:00","breadcrumb":{"@id":"https:\/\/marcelolopes.jor.br\/site\/2021\/12\/15\/documento-de-licenciamento-de-veiculo-sera-obrigatorio-a-partir-de-janeiro\/#breadcrumb"},"inLanguage":"pt-BR","potentialAction":[{"@type":"ReadAction","target":["https:\/\/marcelolopes.jor.br\/site\/2021\/12\/15\/documento-de-licenciamento-de-veiculo-sera-obrigatorio-a-partir-de-janeiro\/"]}]},{"@type":"ImageObject","inLanguage":"pt-BR","@id":"https:\/\/marcelolopes.jor.br\/site\/2021\/12\/15\/documento-de-licenciamento-de-veiculo-sera-obrigatorio-a-partir-de-janeiro\/#primaryimage","url":"https:\/\/marcelolopes.jor.br\/site\/wp-content\/uploads\/2021\/12\/i393450.jpeg","contentUrl":"https:\/\/marcelolopes.jor.br\/site\/wp-content\/uploads\/2021\/12\/i393450.jpeg","width":1151,"height":647},{"@type":"BreadcrumbList","@id":"https:\/\/marcelolopes.jor.br\/site\/2021\/12\/15\/documento-de-licenciamento-de-veiculo-sera-obrigatorio-a-partir-de-janeiro\/#breadcrumb","itemListElement":[{"@type":"ListItem","position":1,"name":"Home","item":"https:\/\/marcelolopes.jor.br\/site\/"},{"@type":"ListItem","position":2,"name":"Documento de licenciamento de ve\u00edculo ser\u00e1 obrigat\u00f3rio a partir de janeiro"}]},{"@type":"WebSite","@id":"https:\/\/marcelolopes.jor.br\/site\/#website","url":"https:\/\/marcelolopes.jor.br\/site\/","name":"Marcelo Lopes","description":"Not\u00edcias de Cataguases e Regi\u00e3o","publisher":{"@id":"https:\/\/marcelolopes.jor.br\/site\/#organization"},"potentialAction":[{"@type":"SearchAction","target":{"@type":"EntryPoint","urlTemplate":"https:\/\/marcelolopes.jor.br\/site\/?s={search_term_string}"},"query-input":{"@type":"PropertyValueSpecification","valueRequired":true,"valueName":"search_term_string"}}],"inLanguage":"pt-BR"},{"@type":"Organization","@id":"https:\/\/marcelolopes.jor.br\/site\/#organization","name":"Site do Marcelo Lopes","url":"https:\/\/marcelolopes.jor.br\/site\/","logo":{"@type":"ImageObject","inLanguage":"pt-BR","@id":"https:\/\/marcelolopes.jor.br\/site\/#\/schema\/logo\/image\/","url":"https:\/\/marcelolopes.jor.br\/site\/wp-content\/uploads\/2026\/07\/cropped-logo2026.png","contentUrl":"https:\/\/marcelolopes.jor.br\/site\/wp-content\/uploads\/2026\/07\/cropped-logo2026.png","width":328,"height":96,"caption":"Site do Marcelo Lopes"},"image":{"@id":"https:\/\/marcelolopes.jor.br\/site\/#\/schema\/logo\/image\/"},"sameAs":["https:\/\/www.facebook.com\/sitedomarcelolopes","https:\/\/www.instagram.com\/sitedomarcelolopes\/","https:\/\/www.linkedin.com\/company\/site-do-marcelo-lopes\/","https:\/\/www.youtube.com\/user\/marcelolopes957"]},{"@type":"Person","@id":"https:\/\/marcelolopes.jor.br\/site\/#\/schema\/person\/3e7216a35c34d8fdf952b31da3d1f89f","name":"Marcelo Lopes","sameAs":["http:\/\/www.marcelolopes.jor.br"],"url":"https:\/\/marcelolopes.jor.br\/site\/author\/marcelo\/"}]}},"wps_subtitle":"O documento pode estar impresso em papel comum ou no aplicativo Carteira Digital de Tr\u00e2nsito","_links":{"self":[{"href":"https:\/\/marcelolopes.jor.br\/site\/wp-json\/wp\/v2\/posts\/29243","targetHints":{"allow":["GET"]}}],"collection":[{"href":"https:\/\/marcelolopes.jor.br\/site\/wp-json\/wp\/v2\/posts"}],"about":[{"href":"https:\/\/marcelolopes.jor.br\/site\/wp-json\/wp\/v2\/types\/post"}],"author":[{"embeddable":true,"href":"https:\/\/marcelolopes.jor.br\/site\/wp-json\/wp\/v2\/users\/2"}],"replies":[{"embeddable":true,"href":"https:\/\/marcelolopes.jor.br\/site\/wp-json\/wp\/v2\/comments?post=29243"}],"version-history":[{"count":0,"href":"https:\/\/marcelolopes.jor.br\/site\/wp-json\/wp\/v2\/posts\/29243\/revisions"}],"wp:featuredmedia":[{"embeddable":true,"href":"https:\/\/marcelolopes.jor.br\/site\/wp-json\/wp\/v2\/media\/29245"}],"wp:attachment":[{"href":"https:\/\/marcelolopes.jor.br\/site\/wp-json\/wp\/v2\/media?parent=29243"}],"wp:term":[{"taxonomy":"category","embeddable":true,"href":"https:\/\/marcelolopes.jor.br\/site\/wp-json\/wp\/v2\/categories?post=29243"},{"taxonomy":"post_tag","embeddable":true,"href":"https:\/\/marcelolopes.jor.br\/site\/wp-json\/wp\/v2\/tags?post=29243"}],"curies":[{"name":"wp","href":"https:\/\/api.w.org\/{rel}","templated":true}]}}