{"id":2905,"date":"2019-06-30T14:30:46","date_gmt":"2019-06-30T17:30:46","guid":{"rendered":"https:\/\/marcelolopes.jor.br\/?p=2905"},"modified":"2019-06-30T13:56:21","modified_gmt":"2019-06-30T16:56:21","slug":"idoso-e-travesti-entram-em-luta-corporal-e-sao-feridos-por-golpes-de-canivete","status":"publish","type":"post","link":"https:\/\/marcelolopes.jor.br\/site\/2019\/06\/30\/idoso-e-travesti-entram-em-luta-corporal-e-sao-feridos-por-golpes-de-canivete\/","title":{"rendered":"Idoso e travesti entram em luta corporal e s\u00e3o feridos por golpes de canivete"},"content":{"rendered":"<p style=\"text-align: justify;\">Um homem de 72 anos de idade e uma travesti de 21 entraram em luta corporal na manh\u00e3 deste domingo, 30 de junho, na Pra\u00e7a Governador Valadares, regi\u00e3o central de Cataguases. Os dois tiveram ferimentos em diversas parte do corpo provocados por um canivete apreendido pela equipe da Pol\u00edcia Militar que foi acionada pelo telefone 190 e fez o registro do incidente. A briga come\u00e7ou, segundo o registro policial, por volta das 7h30min.<!--more--><\/p>\n<p style=\"text-align: justify;\">De acordo com o Boletim de Ocorr\u00eancias, h\u00e1 duas vers\u00f5es para o fato. Em comum entre elas apenas que o desentendimento come\u00e7ou dentro de uma padaria. De acordo com o relato da travesti, ap\u00f3s entrar no estabelecimento para comprar um lanche teria ouvido palavras agressivas contra ela proferidas pelo homem. Ainda segundo ela, respondeu dizendo que iria esper\u00e1-lo do lado de fora do estabelecimento. Seu oponente, pouco depois saiu da padaria com um canivete nas m\u00e3os e lhe atingiu com diversos golpes. Por\u00e9m, durante a briga ela conseguiu tomar o objeto dele e passou a agred\u00ed-lo, tamb\u00e9m o ferindo v\u00e1rias vezes. Em um determinado momento, completou, foi atingida na cabe\u00e7a por uma cadeira, sem saber dizer quem a teria arremessado.<\/p>\n<p style=\"text-align: justify;\">O idoso contou que tomava caf\u00e9 na padaria e que a travesti entrou no recinto &#8220;est\u00e9rico&#8221; para comprar um lanche e querendo ser atendido na frente dos demais. Ao v\u00ea-lo, por\u00e9m, teria lhe chamado de &#8220;fofo&#8221;, &#8220;bonit\u00e3o&#8221; e perguntado se poderia lhe pagar o lanche. Ele disse ter pedido \u00e0 travesti que lhe desse licen\u00e7a pois queria continuar tomando seu caf\u00e9. A partir da\u00ed seu interlocutor come\u00e7ou a discutir e teria dito que o esperaria fora do estabelecimento. Ao sair do recinto, os dois reiniciaram a discuss\u00e3o e come\u00e7aram uma luta corporal. De acordo com o idoso, durante a briga, percebeu que a travesti estava com uma faca e ele ent\u00e3o tirou do bolso seu canivete e trocaram golpes que provocaram ferimentos em ambos.<\/p>\n<p style=\"text-align: justify;\">Os militares chegaram no local quando a travesti estava com a cadeira nas m\u00e3os e interromperam a briga. Eles apreenderam apenas um canivete e fizeram um Termo Circunstanciado de Ocorr\u00eancia (TCO) onde os dois envolvidos se comprometem a comparecer perante a justi\u00e7a para prestar esclarecimentos quando intimados. Eles tamb\u00e9m passaram pelo Pronto-Socorro do Hospital de Cataguases onde fizeram exames m\u00e9dicos e curativos, sendo liberados em seguida.<\/p>\n<div class=\"abgqr69f6feec8397a\" ><br><\/div><style type=\"text\/css\">\r\n@media screen and (min-width: 1201px) {\r\n.abgqr69f6feec8397a {\r\ndisplay: block;\r\n}\r\n}\r\n@media screen and (min-width: 993px) and (max-width: 1200px) {\r\n.abgqr69f6feec8397a {\r\ndisplay: block;\r\n}\r\n}\r\n@media screen and (min-width: 769px) and (max-width: 992px) {\r\n.abgqr69f6feec8397a {\r\ndisplay: block;\r\n}\r\n}\r\n@media screen and (min-width: 768px) and (max-width: 768px) {\r\n.abgqr69f6feec8397a {\r\ndisplay: block;\r\n}\r\n}\r\n@media screen and (max-width: 767px) {\r\n.abgqr69f6feec8397a {\r\ndisplay: block;\r\n}\r\n}\r\n<\/style>\r\n<div class=\"mkdij69f6feec88314\" ><div id=\"div_destino\"><\/div>\r\n<script src=\"https:\/\/cdn.snsrsv.com\/sdk.js\"><\/script>\r\n<script >\r\n      new sdk(\"464030C30061EA8BE065000000000001\") \r\n          .appendTo(\"div_destino\")\r\n          .disableStyle(true) \r\n          .setCacheBusterMacro(\"%%CACHEBUSTER%%\")\r\n          .setSize(\"800\",\"214\")\r\n          .setClickMacro(\"%%CLICK_URL_ESC%%\") \r\n          .setReferrerUrlMacro(\"%%REFERRER_URL_ESC%%\") \r\n          .start(); \r\n<\/script><\/div><style type=\"text\/css\">\r\n@media screen and (min-width: 1201px) {\r\n.mkdij69f6feec88314 {\r\ndisplay: block;\r\n}\r\n}\r\n@media screen and (min-width: 993px) and (max-width: 1200px) {\r\n.mkdij69f6feec88314 {\r\ndisplay: block;\r\n}\r\n}\r\n@media screen and (min-width: 769px) and (max-width: 992px) {\r\n.mkdij69f6feec88314 {\r\ndisplay: block;\r\n}\r\n}\r\n@media screen and (min-width: 768px) and (max-width: 768px) {\r\n.mkdij69f6feec88314 {\r\ndisplay: block;\r\n}\r\n}\r\n@media screen and (max-width: 767px) {\r\n.mkdij69f6feec88314 {\r\ndisplay: block;\r\n}\r\n}\r\n<\/style>\r\n","protected":false},"excerpt":{"rendered":"<p>Um homem de 72 anos de idade e uma travesti de 21 entraram em luta corporal na manh\u00e3 deste domingo, 30 de junho, na Pra\u00e7a Governador Valadares, regi\u00e3o central de Cataguases. Os dois tiveram ferimentos em diversas parte do corpo<\/p>\n<p class=\"link-more\"><a class=\"more-link\" href=\"https:\/\/marcelolopes.jor.br\/site\/2019\/06\/30\/idoso-e-travesti-entram-em-luta-corporal-e-sao-feridos-por-golpes-de-canivete\/\">Leia mais <span class=\"screen-reader-text\">Idoso e travesti entram em luta corporal e s\u00e3o feridos por golpes de canivete<\/span><\/a><\/p>\n","protected":false},"author":2,"featured_media":2907,"comment_status":"open","ping_status":"open","sticky":false,"template":"","format":"standard","meta":{"footnotes":""},"categories":[1],"tags":[222,665,664,666],"class_list":["post-2905","post","type-post","status-publish","format-standard","has-post-thumbnail","hentry","category-noticias","tag-briga","tag-idoso","tag-luta-corporal","tag-travesti","thumb-below-title"],"yoast_head":"<!-- This site is optimized with the Yoast SEO plugin v27.4 - https:\/\/yoast.com\/product\/yoast-seo-wordpress\/ -->\n<title>Idoso e travesti entram em luta corporal e s\u00e3o feridos por golpes de canivete | Marcelo Lopes<\/title>\n<meta name=\"robots\" content=\"index, follow, max-snippet:-1, max-image-preview:large, max-video-preview:-1\" \/>\n<link rel=\"canonical\" href=\"https:\/\/marcelolopes.jor.br\/site\/2019\/06\/30\/idoso-e-travesti-entram-em-luta-corporal-e-sao-feridos-por-golpes-de-canivete\/\" \/>\n<meta property=\"og:locale\" content=\"pt_BR\" \/>\n<meta property=\"og:type\" content=\"article\" \/>\n<meta property=\"og:title\" content=\"Idoso e travesti entram em luta corporal e s\u00e3o feridos por golpes de canivete | Marcelo Lopes\" \/>\n<meta property=\"og:description\" content=\"Um homem de 72 anos de idade e uma travesti de 21 entraram em luta corporal na manh\u00e3 deste domingo, 30 de junho, na Pra\u00e7a Governador Valadares, regi\u00e3o central de Cataguases. Os dois tiveram ferimentos em diversas parte do corpoLeia mais Idoso e travesti entram em luta corporal e s\u00e3o feridos por golpes de canivete\" \/>\n<meta property=\"og:url\" content=\"https:\/\/marcelolopes.jor.br\/site\/2019\/06\/30\/idoso-e-travesti-entram-em-luta-corporal-e-sao-feridos-por-golpes-de-canivete\/\" \/>\n<meta property=\"og:site_name\" content=\"Marcelo Lopes\" \/>\n<meta property=\"article:publisher\" content=\"https:\/\/www.facebook.com\/sitedomarcelolopes\" \/>\n<meta property=\"article:published_time\" content=\"2019-06-30T17:30:46+00:00\" \/>\n<meta property=\"og:image\" content=\"https:\/\/marcelolopes.jor.br\/site\/wp-content\/uploads\/2019\/06\/Policia-Militar-de-Minas-Gerais-190-Plantao-Foto-Guia-Muriae.jpg\" \/>\n\t<meta property=\"og:image:width\" content=\"600\" \/>\n\t<meta property=\"og:image:height\" content=\"450\" \/>\n\t<meta property=\"og:image:type\" content=\"image\/jpeg\" \/>\n<meta name=\"author\" content=\"Marcelo Lopes\" \/>\n<meta name=\"twitter:card\" content=\"summary_large_image\" \/>\n<meta name=\"twitter:label1\" content=\"Escrito por\" \/>\n\t<meta name=\"twitter:data1\" content=\"Marcelo Lopes\" \/>\n\t<meta name=\"twitter:label2\" content=\"Est. tempo de leitura\" \/>\n\t<meta name=\"twitter:data2\" content=\"2 minutos\" \/>\n<script type=\"application\/ld+json\" class=\"yoast-schema-graph\">{\"@context\":\"https:\\\/\\\/schema.org\",\"@graph\":[{\"@type\":\"NewsArticle\",\"@id\":\"https:\\\/\\\/marcelolopes.jor.br\\\/site\\\/2019\\\/06\\\/30\\\/idoso-e-travesti-entram-em-luta-corporal-e-sao-feridos-por-golpes-de-canivete\\\/#article\",\"isPartOf\":{\"@id\":\"https:\\\/\\\/marcelolopes.jor.br\\\/site\\\/2019\\\/06\\\/30\\\/idoso-e-travesti-entram-em-luta-corporal-e-sao-feridos-por-golpes-de-canivete\\\/\"},\"author\":{\"name\":\"Marcelo Lopes\",\"@id\":\"https:\\\/\\\/marcelolopes.jor.br\\\/site\\\/#\\\/schema\\\/person\\\/3e7216a35c34d8fdf952b31da3d1f89f\"},\"headline\":\"Idoso e travesti entram em luta corporal e s\u00e3o feridos por golpes de canivete\",\"datePublished\":\"2019-06-30T17:30:46+00:00\",\"mainEntityOfPage\":{\"@id\":\"https:\\\/\\\/marcelolopes.jor.br\\\/site\\\/2019\\\/06\\\/30\\\/idoso-e-travesti-entram-em-luta-corporal-e-sao-feridos-por-golpes-de-canivete\\\/\"},\"wordCount\":423,\"commentCount\":0,\"publisher\":{\"@id\":\"https:\\\/\\\/marcelolopes.jor.br\\\/site\\\/#organization\"},\"image\":{\"@id\":\"https:\\\/\\\/marcelolopes.jor.br\\\/site\\\/2019\\\/06\\\/30\\\/idoso-e-travesti-entram-em-luta-corporal-e-sao-feridos-por-golpes-de-canivete\\\/#primaryimage\"},\"thumbnailUrl\":\"https:\\\/\\\/marcelolopes.jor.br\\\/site\\\/wp-content\\\/uploads\\\/2019\\\/06\\\/Policia-Militar-de-Minas-Gerais-190-Plantao-Foto-Guia-Muriae.jpg\",\"keywords\":[\"briga\",\"idoso\",\"luta corporal\",\"travesti\"],\"articleSection\":[\"Not\u00edcias\"],\"inLanguage\":\"pt-BR\",\"potentialAction\":[{\"@type\":\"CommentAction\",\"name\":\"Comment\",\"target\":[\"https:\\\/\\\/marcelolopes.jor.br\\\/site\\\/2019\\\/06\\\/30\\\/idoso-e-travesti-entram-em-luta-corporal-e-sao-feridos-por-golpes-de-canivete\\\/#respond\"]}]},{\"@type\":\"WebPage\",\"@id\":\"https:\\\/\\\/marcelolopes.jor.br\\\/site\\\/2019\\\/06\\\/30\\\/idoso-e-travesti-entram-em-luta-corporal-e-sao-feridos-por-golpes-de-canivete\\\/\",\"url\":\"https:\\\/\\\/marcelolopes.jor.br\\\/site\\\/2019\\\/06\\\/30\\\/idoso-e-travesti-entram-em-luta-corporal-e-sao-feridos-por-golpes-de-canivete\\\/\",\"name\":\"Idoso e travesti entram em luta corporal e s\u00e3o feridos por golpes de canivete | Marcelo Lopes\",\"isPartOf\":{\"@id\":\"https:\\\/\\\/marcelolopes.jor.br\\\/site\\\/#website\"},\"primaryImageOfPage\":{\"@id\":\"https:\\\/\\\/marcelolopes.jor.br\\\/site\\\/2019\\\/06\\\/30\\\/idoso-e-travesti-entram-em-luta-corporal-e-sao-feridos-por-golpes-de-canivete\\\/#primaryimage\"},\"image\":{\"@id\":\"https:\\\/\\\/marcelolopes.jor.br\\\/site\\\/2019\\\/06\\\/30\\\/idoso-e-travesti-entram-em-luta-corporal-e-sao-feridos-por-golpes-de-canivete\\\/#primaryimage\"},\"thumbnailUrl\":\"https:\\\/\\\/marcelolopes.jor.br\\\/site\\\/wp-content\\\/uploads\\\/2019\\\/06\\\/Policia-Militar-de-Minas-Gerais-190-Plantao-Foto-Guia-Muriae.jpg\",\"datePublished\":\"2019-06-30T17:30:46+00:00\",\"breadcrumb\":{\"@id\":\"https:\\\/\\\/marcelolopes.jor.br\\\/site\\\/2019\\\/06\\\/30\\\/idoso-e-travesti-entram-em-luta-corporal-e-sao-feridos-por-golpes-de-canivete\\\/#breadcrumb\"},\"inLanguage\":\"pt-BR\",\"potentialAction\":[{\"@type\":\"ReadAction\",\"target\":[\"https:\\\/\\\/marcelolopes.jor.br\\\/site\\\/2019\\\/06\\\/30\\\/idoso-e-travesti-entram-em-luta-corporal-e-sao-feridos-por-golpes-de-canivete\\\/\"]}]},{\"@type\":\"ImageObject\",\"inLanguage\":\"pt-BR\",\"@id\":\"https:\\\/\\\/marcelolopes.jor.br\\\/site\\\/2019\\\/06\\\/30\\\/idoso-e-travesti-entram-em-luta-corporal-e-sao-feridos-por-golpes-de-canivete\\\/#primaryimage\",\"url\":\"https:\\\/\\\/marcelolopes.jor.br\\\/site\\\/wp-content\\\/uploads\\\/2019\\\/06\\\/Policia-Militar-de-Minas-Gerais-190-Plantao-Foto-Guia-Muriae.jpg\",\"contentUrl\":\"https:\\\/\\\/marcelolopes.jor.br\\\/site\\\/wp-content\\\/uploads\\\/2019\\\/06\\\/Policia-Militar-de-Minas-Gerais-190-Plantao-Foto-Guia-Muriae.jpg\",\"width\":600,\"height\":450,\"caption\":\"PM registra dois homic\u00eddios\"},{\"@type\":\"BreadcrumbList\",\"@id\":\"https:\\\/\\\/marcelolopes.jor.br\\\/site\\\/2019\\\/06\\\/30\\\/idoso-e-travesti-entram-em-luta-corporal-e-sao-feridos-por-golpes-de-canivete\\\/#breadcrumb\",\"itemListElement\":[{\"@type\":\"ListItem\",\"position\":1,\"name\":\"Home\",\"item\":\"https:\\\/\\\/marcelolopes.jor.br\\\/site\\\/\"},{\"@type\":\"ListItem\",\"position\":2,\"name\":\"Idoso e travesti entram em luta corporal e s\u00e3o feridos por golpes de canivete\"}]},{\"@type\":\"WebSite\",\"@id\":\"https:\\\/\\\/marcelolopes.jor.br\\\/site\\\/#website\",\"url\":\"https:\\\/\\\/marcelolopes.jor.br\\\/site\\\/\",\"name\":\"Marcelo Lopes\",\"description\":\"Not\u00edcias de Cataguases e Regi\u00e3o\",\"publisher\":{\"@id\":\"https:\\\/\\\/marcelolopes.jor.br\\\/site\\\/#organization\"},\"potentialAction\":[{\"@type\":\"SearchAction\",\"target\":{\"@type\":\"EntryPoint\",\"urlTemplate\":\"https:\\\/\\\/marcelolopes.jor.br\\\/site\\\/?s={search_term_string}\"},\"query-input\":{\"@type\":\"PropertyValueSpecification\",\"valueRequired\":true,\"valueName\":\"search_term_string\"}}],\"inLanguage\":\"pt-BR\"},{\"@type\":\"Organization\",\"@id\":\"https:\\\/\\\/marcelolopes.jor.br\\\/site\\\/#organization\",\"name\":\"Site do Marcelo Lopes\",\"url\":\"https:\\\/\\\/marcelolopes.jor.br\\\/site\\\/\",\"logo\":{\"@type\":\"ImageObject\",\"inLanguage\":\"pt-BR\",\"@id\":\"https:\\\/\\\/marcelolopes.jor.br\\\/site\\\/#\\\/schema\\\/logo\\\/image\\\/\",\"url\":\"https:\\\/\\\/marcelolopes.jor.br\\\/site\\\/wp-content\\\/uploads\\\/2024\\\/11\\\/logo-1.png\",\"contentUrl\":\"https:\\\/\\\/marcelolopes.jor.br\\\/site\\\/wp-content\\\/uploads\\\/2024\\\/11\\\/logo-1.png\",\"width\":475,\"height\":80,\"caption\":\"Site do Marcelo Lopes\"},\"image\":{\"@id\":\"https:\\\/\\\/marcelolopes.jor.br\\\/site\\\/#\\\/schema\\\/logo\\\/image\\\/\"},\"sameAs\":[\"https:\\\/\\\/www.facebook.com\\\/sitedomarcelolopes\",\"https:\\\/\\\/www.instagram.com\\\/sitedomarcelolopes\\\/\",\"https:\\\/\\\/www.linkedin.com\\\/company\\\/site-do-marcelo-lopes\\\/\",\"https:\\\/\\\/www.youtube.com\\\/user\\\/marcelolopes957\"]},{\"@type\":\"Person\",\"@id\":\"https:\\\/\\\/marcelolopes.jor.br\\\/site\\\/#\\\/schema\\\/person\\\/3e7216a35c34d8fdf952b31da3d1f89f\",\"name\":\"Marcelo Lopes\",\"sameAs\":[\"http:\\\/\\\/www.marcelolopes.jor.br\"],\"url\":\"https:\\\/\\\/marcelolopes.jor.br\\\/site\\\/author\\\/marcelo\\\/\"}]}<\/script>\n<!-- \/ Yoast SEO plugin. -->","yoast_head_json":{"title":"Idoso e travesti entram em luta corporal e s\u00e3o feridos por golpes de canivete | Marcelo Lopes","robots":{"index":"index","follow":"follow","max-snippet":"max-snippet:-1","max-image-preview":"max-image-preview:large","max-video-preview":"max-video-preview:-1"},"canonical":"https:\/\/marcelolopes.jor.br\/site\/2019\/06\/30\/idoso-e-travesti-entram-em-luta-corporal-e-sao-feridos-por-golpes-de-canivete\/","og_locale":"pt_BR","og_type":"article","og_title":"Idoso e travesti entram em luta corporal e s\u00e3o feridos por golpes de canivete | Marcelo Lopes","og_description":"Um homem de 72 anos de idade e uma travesti de 21 entraram em luta corporal na manh\u00e3 deste domingo, 30 de junho, na Pra\u00e7a Governador Valadares, regi\u00e3o central de Cataguases. Os dois tiveram ferimentos em diversas parte do corpoLeia mais Idoso e travesti entram em luta corporal e s\u00e3o feridos por golpes de canivete","og_url":"https:\/\/marcelolopes.jor.br\/site\/2019\/06\/30\/idoso-e-travesti-entram-em-luta-corporal-e-sao-feridos-por-golpes-de-canivete\/","og_site_name":"Marcelo Lopes","article_publisher":"https:\/\/www.facebook.com\/sitedomarcelolopes","article_published_time":"2019-06-30T17:30:46+00:00","og_image":[{"width":600,"height":450,"url":"https:\/\/marcelolopes.jor.br\/site\/wp-content\/uploads\/2019\/06\/Policia-Militar-de-Minas-Gerais-190-Plantao-Foto-Guia-Muriae.jpg","type":"image\/jpeg"}],"author":"Marcelo Lopes","twitter_card":"summary_large_image","twitter_misc":{"Escrito por":"Marcelo Lopes","Est. tempo de leitura":"2 minutos"},"schema":{"@context":"https:\/\/schema.org","@graph":[{"@type":"NewsArticle","@id":"https:\/\/marcelolopes.jor.br\/site\/2019\/06\/30\/idoso-e-travesti-entram-em-luta-corporal-e-sao-feridos-por-golpes-de-canivete\/#article","isPartOf":{"@id":"https:\/\/marcelolopes.jor.br\/site\/2019\/06\/30\/idoso-e-travesti-entram-em-luta-corporal-e-sao-feridos-por-golpes-de-canivete\/"},"author":{"name":"Marcelo Lopes","@id":"https:\/\/marcelolopes.jor.br\/site\/#\/schema\/person\/3e7216a35c34d8fdf952b31da3d1f89f"},"headline":"Idoso e travesti entram em luta corporal e s\u00e3o feridos por golpes de canivete","datePublished":"2019-06-30T17:30:46+00:00","mainEntityOfPage":{"@id":"https:\/\/marcelolopes.jor.br\/site\/2019\/06\/30\/idoso-e-travesti-entram-em-luta-corporal-e-sao-feridos-por-golpes-de-canivete\/"},"wordCount":423,"commentCount":0,"publisher":{"@id":"https:\/\/marcelolopes.jor.br\/site\/#organization"},"image":{"@id":"https:\/\/marcelolopes.jor.br\/site\/2019\/06\/30\/idoso-e-travesti-entram-em-luta-corporal-e-sao-feridos-por-golpes-de-canivete\/#primaryimage"},"thumbnailUrl":"https:\/\/marcelolopes.jor.br\/site\/wp-content\/uploads\/2019\/06\/Policia-Militar-de-Minas-Gerais-190-Plantao-Foto-Guia-Muriae.jpg","keywords":["briga","idoso","luta corporal","travesti"],"articleSection":["Not\u00edcias"],"inLanguage":"pt-BR","potentialAction":[{"@type":"CommentAction","name":"Comment","target":["https:\/\/marcelolopes.jor.br\/site\/2019\/06\/30\/idoso-e-travesti-entram-em-luta-corporal-e-sao-feridos-por-golpes-de-canivete\/#respond"]}]},{"@type":"WebPage","@id":"https:\/\/marcelolopes.jor.br\/site\/2019\/06\/30\/idoso-e-travesti-entram-em-luta-corporal-e-sao-feridos-por-golpes-de-canivete\/","url":"https:\/\/marcelolopes.jor.br\/site\/2019\/06\/30\/idoso-e-travesti-entram-em-luta-corporal-e-sao-feridos-por-golpes-de-canivete\/","name":"Idoso e travesti entram em luta corporal e s\u00e3o feridos por golpes de canivete | Marcelo Lopes","isPartOf":{"@id":"https:\/\/marcelolopes.jor.br\/site\/#website"},"primaryImageOfPage":{"@id":"https:\/\/marcelolopes.jor.br\/site\/2019\/06\/30\/idoso-e-travesti-entram-em-luta-corporal-e-sao-feridos-por-golpes-de-canivete\/#primaryimage"},"image":{"@id":"https:\/\/marcelolopes.jor.br\/site\/2019\/06\/30\/idoso-e-travesti-entram-em-luta-corporal-e-sao-feridos-por-golpes-de-canivete\/#primaryimage"},"thumbnailUrl":"https:\/\/marcelolopes.jor.br\/site\/wp-content\/uploads\/2019\/06\/Policia-Militar-de-Minas-Gerais-190-Plantao-Foto-Guia-Muriae.jpg","datePublished":"2019-06-30T17:30:46+00:00","breadcrumb":{"@id":"https:\/\/marcelolopes.jor.br\/site\/2019\/06\/30\/idoso-e-travesti-entram-em-luta-corporal-e-sao-feridos-por-golpes-de-canivete\/#breadcrumb"},"inLanguage":"pt-BR","potentialAction":[{"@type":"ReadAction","target":["https:\/\/marcelolopes.jor.br\/site\/2019\/06\/30\/idoso-e-travesti-entram-em-luta-corporal-e-sao-feridos-por-golpes-de-canivete\/"]}]},{"@type":"ImageObject","inLanguage":"pt-BR","@id":"https:\/\/marcelolopes.jor.br\/site\/2019\/06\/30\/idoso-e-travesti-entram-em-luta-corporal-e-sao-feridos-por-golpes-de-canivete\/#primaryimage","url":"https:\/\/marcelolopes.jor.br\/site\/wp-content\/uploads\/2019\/06\/Policia-Militar-de-Minas-Gerais-190-Plantao-Foto-Guia-Muriae.jpg","contentUrl":"https:\/\/marcelolopes.jor.br\/site\/wp-content\/uploads\/2019\/06\/Policia-Militar-de-Minas-Gerais-190-Plantao-Foto-Guia-Muriae.jpg","width":600,"height":450,"caption":"PM registra dois homic\u00eddios"},{"@type":"BreadcrumbList","@id":"https:\/\/marcelolopes.jor.br\/site\/2019\/06\/30\/idoso-e-travesti-entram-em-luta-corporal-e-sao-feridos-por-golpes-de-canivete\/#breadcrumb","itemListElement":[{"@type":"ListItem","position":1,"name":"Home","item":"https:\/\/marcelolopes.jor.br\/site\/"},{"@type":"ListItem","position":2,"name":"Idoso e travesti entram em luta corporal e s\u00e3o feridos por golpes de canivete"}]},{"@type":"WebSite","@id":"https:\/\/marcelolopes.jor.br\/site\/#website","url":"https:\/\/marcelolopes.jor.br\/site\/","name":"Marcelo Lopes","description":"Not\u00edcias de Cataguases e Regi\u00e3o","publisher":{"@id":"https:\/\/marcelolopes.jor.br\/site\/#organization"},"potentialAction":[{"@type":"SearchAction","target":{"@type":"EntryPoint","urlTemplate":"https:\/\/marcelolopes.jor.br\/site\/?s={search_term_string}"},"query-input":{"@type":"PropertyValueSpecification","valueRequired":true,"valueName":"search_term_string"}}],"inLanguage":"pt-BR"},{"@type":"Organization","@id":"https:\/\/marcelolopes.jor.br\/site\/#organization","name":"Site do Marcelo Lopes","url":"https:\/\/marcelolopes.jor.br\/site\/","logo":{"@type":"ImageObject","inLanguage":"pt-BR","@id":"https:\/\/marcelolopes.jor.br\/site\/#\/schema\/logo\/image\/","url":"https:\/\/marcelolopes.jor.br\/site\/wp-content\/uploads\/2024\/11\/logo-1.png","contentUrl":"https:\/\/marcelolopes.jor.br\/site\/wp-content\/uploads\/2024\/11\/logo-1.png","width":475,"height":80,"caption":"Site do Marcelo Lopes"},"image":{"@id":"https:\/\/marcelolopes.jor.br\/site\/#\/schema\/logo\/image\/"},"sameAs":["https:\/\/www.facebook.com\/sitedomarcelolopes","https:\/\/www.instagram.com\/sitedomarcelolopes\/","https:\/\/www.linkedin.com\/company\/site-do-marcelo-lopes\/","https:\/\/www.youtube.com\/user\/marcelolopes957"]},{"@type":"Person","@id":"https:\/\/marcelolopes.jor.br\/site\/#\/schema\/person\/3e7216a35c34d8fdf952b31da3d1f89f","name":"Marcelo Lopes","sameAs":["http:\/\/www.marcelolopes.jor.br"],"url":"https:\/\/marcelolopes.jor.br\/site\/author\/marcelo\/"}]}},"wps_subtitle":"Ofensas teriam come\u00e7ado dentro de uma padaria. H\u00e1 duas vers\u00f5es sobre a causa da briga.","_links":{"self":[{"href":"https:\/\/marcelolopes.jor.br\/site\/wp-json\/wp\/v2\/posts\/2905","targetHints":{"allow":["GET"]}}],"collection":[{"href":"https:\/\/marcelolopes.jor.br\/site\/wp-json\/wp\/v2\/posts"}],"about":[{"href":"https:\/\/marcelolopes.jor.br\/site\/wp-json\/wp\/v2\/types\/post"}],"author":[{"embeddable":true,"href":"https:\/\/marcelolopes.jor.br\/site\/wp-json\/wp\/v2\/users\/2"}],"replies":[{"embeddable":true,"href":"https:\/\/marcelolopes.jor.br\/site\/wp-json\/wp\/v2\/comments?post=2905"}],"version-history":[{"count":0,"href":"https:\/\/marcelolopes.jor.br\/site\/wp-json\/wp\/v2\/posts\/2905\/revisions"}],"wp:featuredmedia":[{"embeddable":true,"href":"https:\/\/marcelolopes.jor.br\/site\/wp-json\/wp\/v2\/media\/2907"}],"wp:attachment":[{"href":"https:\/\/marcelolopes.jor.br\/site\/wp-json\/wp\/v2\/media?parent=2905"}],"wp:term":[{"taxonomy":"category","embeddable":true,"href":"https:\/\/marcelolopes.jor.br\/site\/wp-json\/wp\/v2\/categories?post=2905"},{"taxonomy":"post_tag","embeddable":true,"href":"https:\/\/marcelolopes.jor.br\/site\/wp-json\/wp\/v2\/tags?post=2905"}],"curies":[{"name":"wp","href":"https:\/\/api.w.org\/{rel}","templated":true}]}}