{"id":28930,"date":"2021-12-02T07:00:38","date_gmt":"2021-12-02T10:00:38","guid":{"rendered":"https:\/\/marcelolopes.jor.br\/?p=28930"},"modified":"2021-12-01T20:20:44","modified_gmt":"2021-12-01T23:20:44","slug":"policia-civil-vai-leiloar-mais-de-500-veiculos-em-muriae","status":"publish","type":"post","link":"https:\/\/marcelolopes.jor.br\/site\/2021\/12\/02\/policia-civil-vai-leiloar-mais-de-500-veiculos-em-muriae\/","title":{"rendered":"Pol\u00edcia Civil vai leiloar mais de 500 ve\u00edculos em Muria\u00e9"},"content":{"rendered":"<p style=\"text-align: justify;\">A Pol\u00edcia Civil de Minas Gerais (PCMG), por meio do Departamento de Tr\u00e2nsito de Minas Gerais (Detran-MG) realizar\u00e1, no dia 11 de dezembro, um leil\u00e3o de ve\u00edculos em Muria\u00e9. Na ocasi\u00e3o, ser\u00e3o leiloados mais de 500 lotes, entre carros e motocicletas, recuper\u00e1veis e inserv\u00edveis, depositados no p\u00e1tio credenciado, em raz\u00e3o de infra\u00e7\u00f5es de tr\u00e2nsito e n\u00e3o reclamados por mais de 60 dias pelos respectivos propriet\u00e1rios.<!--more--><\/p>\n<p style=\"text-align: justify;\">O evento acontecer\u00e1 no Parque de Exposi\u00e7\u00f5es Lael Varella, situado na Rua Luiz Henrique Carneiro, 135, no Bairro G\u00e1vea. Os interessados dever\u00e3o se inscrever por meio do requerimento para participa\u00e7\u00e3o dispon\u00edvel <a href=\"https:\/\/forms.gle\/wXJYBjGox4gSdo996\"><strong><span style=\"color: #800080;\">aqui<\/span><\/strong><\/a>, j\u00e1 que a presen\u00e7a de p\u00fablico estar\u00e1 condicionada \u00e0 disponibilidade de vagas. Em virtude da pandemia, ser\u00e1 obrigat\u00f3rio o uso de m\u00e1scaras pelos participantes e permanecem as restri\u00e7\u00f5es a fim de evitar aglomera\u00e7\u00f5es.<\/p>\n<p style=\"text-align: justify;\">O Detran-MG orienta aos interessados a se programarem com anteced\u00eancia, dentro de suas possibilidades e condi\u00e7\u00f5es financeiras, procedendo \u00e0 visita\u00e7\u00e3o nos dias agendados, para facilitar os lances no dia do evento.\u00a0Mais detalhes e informa\u00e7\u00f5es se encontram no edital do leil\u00e3o, que voc\u00ea acessa\u00a0<a href=\"https:\/\/www.detran.mg.gov.br\/publico\/files\/upload\/edital_e_tabela_veiculos_muriae_2417_2021.pdf\"><strong><span style=\"color: #800080;\">aqui<\/span><\/strong><\/a>.<\/p>\n<p>Fonte e foto: PCMG<\/p>\n<div class=\"bropc69f5e48dbfbeb\" ><br><\/div><style type=\"text\/css\">\r\n@media screen and (min-width: 1201px) {\r\n.bropc69f5e48dbfbeb {\r\ndisplay: block;\r\n}\r\n}\r\n@media screen and (min-width: 993px) and (max-width: 1200px) {\r\n.bropc69f5e48dbfbeb {\r\ndisplay: block;\r\n}\r\n}\r\n@media screen and (min-width: 769px) and (max-width: 992px) {\r\n.bropc69f5e48dbfbeb {\r\ndisplay: block;\r\n}\r\n}\r\n@media screen and (min-width: 768px) and (max-width: 768px) {\r\n.bropc69f5e48dbfbeb {\r\ndisplay: block;\r\n}\r\n}\r\n@media screen and (max-width: 767px) {\r\n.bropc69f5e48dbfbeb {\r\ndisplay: block;\r\n}\r\n}\r\n<\/style>\r\n<div class=\"myaio69f5e48dc50d5\" ><div id=\"div_destino\"><\/div>\r\n<script src=\"https:\/\/cdn.snsrsv.com\/sdk.js\"><\/script>\r\n<script >\r\n      new sdk(\"464030C30061EA8BE065000000000001\") \r\n          .appendTo(\"div_destino\")\r\n          .disableStyle(true) \r\n          .setCacheBusterMacro(\"%%CACHEBUSTER%%\")\r\n          .setSize(\"800\",\"214\")\r\n          .setClickMacro(\"%%CLICK_URL_ESC%%\") \r\n          .setReferrerUrlMacro(\"%%REFERRER_URL_ESC%%\") \r\n          .start(); \r\n<\/script><\/div><style type=\"text\/css\">\r\n@media screen and (min-width: 1201px) {\r\n.myaio69f5e48dc50d5 {\r\ndisplay: block;\r\n}\r\n}\r\n@media screen and (min-width: 993px) and (max-width: 1200px) {\r\n.myaio69f5e48dc50d5 {\r\ndisplay: block;\r\n}\r\n}\r\n@media screen and (min-width: 769px) and (max-width: 992px) {\r\n.myaio69f5e48dc50d5 {\r\ndisplay: block;\r\n}\r\n}\r\n@media screen and (min-width: 768px) and (max-width: 768px) {\r\n.myaio69f5e48dc50d5 {\r\ndisplay: block;\r\n}\r\n}\r\n@media screen and (max-width: 767px) {\r\n.myaio69f5e48dc50d5 {\r\ndisplay: block;\r\n}\r\n}\r\n<\/style>\r\n","protected":false},"excerpt":{"rendered":"<p>A Pol\u00edcia Civil de Minas Gerais (PCMG), por meio do Departamento de Tr\u00e2nsito de Minas Gerais (Detran-MG) realizar\u00e1, no dia 11 de dezembro, um leil\u00e3o de ve\u00edculos em Muria\u00e9. Na ocasi\u00e3o, ser\u00e3o leiloados mais de 500 lotes, entre carros e<\/p>\n<p class=\"link-more\"><a class=\"more-link\" href=\"https:\/\/marcelolopes.jor.br\/site\/2021\/12\/02\/policia-civil-vai-leiloar-mais-de-500-veiculos-em-muriae\/\">Leia mais <span class=\"screen-reader-text\">Pol\u00edcia Civil vai leiloar mais de 500 ve\u00edculos em Muria\u00e9<\/span><\/a><\/p>\n","protected":false},"author":2,"featured_media":28932,"comment_status":"open","ping_status":"open","sticky":false,"template":"","format":"standard","meta":{"footnotes":""},"categories":[1],"tags":[5127,2621,5126,1697],"class_list":["post-28930","post","type-post","status-publish","format-standard","has-post-thumbnail","hentry","category-noticias","tag-carros-e-motos","tag-leilao-de-veiculos","tag-leilao-em-muriae","tag-pcmg","thumb-below-title"],"yoast_head":"<!-- This site is optimized with the Yoast SEO plugin v27.4 - https:\/\/yoast.com\/product\/yoast-seo-wordpress\/ -->\n<title>Pol\u00edcia Civil vai leiloar mais de 500 ve\u00edculos em Muria\u00e9 | Marcelo Lopes<\/title>\n<meta name=\"robots\" content=\"index, follow, max-snippet:-1, max-image-preview:large, max-video-preview:-1\" \/>\n<link rel=\"canonical\" href=\"https:\/\/marcelolopes.jor.br\/site\/2021\/12\/02\/policia-civil-vai-leiloar-mais-de-500-veiculos-em-muriae\/\" \/>\n<meta property=\"og:locale\" content=\"pt_BR\" \/>\n<meta property=\"og:type\" content=\"article\" \/>\n<meta property=\"og:title\" content=\"Pol\u00edcia Civil vai leiloar mais de 500 ve\u00edculos em Muria\u00e9 | Marcelo Lopes\" \/>\n<meta property=\"og:description\" content=\"A Pol\u00edcia Civil de Minas Gerais (PCMG), por meio do Departamento de Tr\u00e2nsito de Minas Gerais (Detran-MG) realizar\u00e1, no dia 11 de dezembro, um leil\u00e3o de ve\u00edculos em Muria\u00e9. Na ocasi\u00e3o, ser\u00e3o leiloados mais de 500 lotes, entre carros eLeia mais Pol\u00edcia Civil vai leiloar mais de 500 ve\u00edculos em Muria\u00e9\" \/>\n<meta property=\"og:url\" content=\"https:\/\/marcelolopes.jor.br\/site\/2021\/12\/02\/policia-civil-vai-leiloar-mais-de-500-veiculos-em-muriae\/\" \/>\n<meta property=\"og:site_name\" content=\"Marcelo Lopes\" \/>\n<meta property=\"article:publisher\" content=\"https:\/\/www.facebook.com\/sitedomarcelolopes\" \/>\n<meta property=\"article:published_time\" content=\"2021-12-02T10:00:38+00:00\" \/>\n<meta property=\"og:image\" content=\"https:\/\/marcelolopes.jor.br\/site\/wp-content\/uploads\/2021\/12\/leilao-detran.jpeg\" \/>\n\t<meta property=\"og:image:width\" content=\"900\" \/>\n\t<meta property=\"og:image:height\" content=\"507\" \/>\n\t<meta property=\"og:image:type\" content=\"image\/jpeg\" \/>\n<meta name=\"author\" content=\"Marcelo Lopes\" \/>\n<meta name=\"twitter:card\" content=\"summary_large_image\" \/>\n<meta name=\"twitter:label1\" content=\"Escrito por\" \/>\n\t<meta name=\"twitter:data1\" content=\"Marcelo Lopes\" \/>\n\t<meta name=\"twitter:label2\" content=\"Est. tempo de leitura\" \/>\n\t<meta name=\"twitter:data2\" content=\"1 minuto\" \/>\n<script type=\"application\/ld+json\" class=\"yoast-schema-graph\">{\"@context\":\"https:\\\/\\\/schema.org\",\"@graph\":[{\"@type\":\"NewsArticle\",\"@id\":\"https:\\\/\\\/marcelolopes.jor.br\\\/site\\\/2021\\\/12\\\/02\\\/policia-civil-vai-leiloar-mais-de-500-veiculos-em-muriae\\\/#article\",\"isPartOf\":{\"@id\":\"https:\\\/\\\/marcelolopes.jor.br\\\/site\\\/2021\\\/12\\\/02\\\/policia-civil-vai-leiloar-mais-de-500-veiculos-em-muriae\\\/\"},\"author\":{\"name\":\"Marcelo Lopes\",\"@id\":\"https:\\\/\\\/marcelolopes.jor.br\\\/site\\\/#\\\/schema\\\/person\\\/3e7216a35c34d8fdf952b31da3d1f89f\"},\"headline\":\"Pol\u00edcia Civil vai leiloar mais de 500 ve\u00edculos em Muria\u00e9\",\"datePublished\":\"2021-12-02T10:00:38+00:00\",\"mainEntityOfPage\":{\"@id\":\"https:\\\/\\\/marcelolopes.jor.br\\\/site\\\/2021\\\/12\\\/02\\\/policia-civil-vai-leiloar-mais-de-500-veiculos-em-muriae\\\/\"},\"wordCount\":214,\"commentCount\":0,\"publisher\":{\"@id\":\"https:\\\/\\\/marcelolopes.jor.br\\\/site\\\/#organization\"},\"image\":{\"@id\":\"https:\\\/\\\/marcelolopes.jor.br\\\/site\\\/2021\\\/12\\\/02\\\/policia-civil-vai-leiloar-mais-de-500-veiculos-em-muriae\\\/#primaryimage\"},\"thumbnailUrl\":\"https:\\\/\\\/marcelolopes.jor.br\\\/site\\\/wp-content\\\/uploads\\\/2021\\\/12\\\/leilao-detran.jpeg\",\"keywords\":[\"carros e motos\",\"leil\u00e3o de ve\u00edculos\",\"Leil\u00e3o em Muria\u00e9\",\"PCMG\"],\"articleSection\":[\"Not\u00edcias\"],\"inLanguage\":\"pt-BR\",\"potentialAction\":[{\"@type\":\"CommentAction\",\"name\":\"Comment\",\"target\":[\"https:\\\/\\\/marcelolopes.jor.br\\\/site\\\/2021\\\/12\\\/02\\\/policia-civil-vai-leiloar-mais-de-500-veiculos-em-muriae\\\/#respond\"]}]},{\"@type\":\"WebPage\",\"@id\":\"https:\\\/\\\/marcelolopes.jor.br\\\/site\\\/2021\\\/12\\\/02\\\/policia-civil-vai-leiloar-mais-de-500-veiculos-em-muriae\\\/\",\"url\":\"https:\\\/\\\/marcelolopes.jor.br\\\/site\\\/2021\\\/12\\\/02\\\/policia-civil-vai-leiloar-mais-de-500-veiculos-em-muriae\\\/\",\"name\":\"Pol\u00edcia Civil vai leiloar mais de 500 ve\u00edculos em Muria\u00e9 | Marcelo Lopes\",\"isPartOf\":{\"@id\":\"https:\\\/\\\/marcelolopes.jor.br\\\/site\\\/#website\"},\"primaryImageOfPage\":{\"@id\":\"https:\\\/\\\/marcelolopes.jor.br\\\/site\\\/2021\\\/12\\\/02\\\/policia-civil-vai-leiloar-mais-de-500-veiculos-em-muriae\\\/#primaryimage\"},\"image\":{\"@id\":\"https:\\\/\\\/marcelolopes.jor.br\\\/site\\\/2021\\\/12\\\/02\\\/policia-civil-vai-leiloar-mais-de-500-veiculos-em-muriae\\\/#primaryimage\"},\"thumbnailUrl\":\"https:\\\/\\\/marcelolopes.jor.br\\\/site\\\/wp-content\\\/uploads\\\/2021\\\/12\\\/leilao-detran.jpeg\",\"datePublished\":\"2021-12-02T10:00:38+00:00\",\"breadcrumb\":{\"@id\":\"https:\\\/\\\/marcelolopes.jor.br\\\/site\\\/2021\\\/12\\\/02\\\/policia-civil-vai-leiloar-mais-de-500-veiculos-em-muriae\\\/#breadcrumb\"},\"inLanguage\":\"pt-BR\",\"potentialAction\":[{\"@type\":\"ReadAction\",\"target\":[\"https:\\\/\\\/marcelolopes.jor.br\\\/site\\\/2021\\\/12\\\/02\\\/policia-civil-vai-leiloar-mais-de-500-veiculos-em-muriae\\\/\"]}]},{\"@type\":\"ImageObject\",\"inLanguage\":\"pt-BR\",\"@id\":\"https:\\\/\\\/marcelolopes.jor.br\\\/site\\\/2021\\\/12\\\/02\\\/policia-civil-vai-leiloar-mais-de-500-veiculos-em-muriae\\\/#primaryimage\",\"url\":\"https:\\\/\\\/marcelolopes.jor.br\\\/site\\\/wp-content\\\/uploads\\\/2021\\\/12\\\/leilao-detran.jpeg\",\"contentUrl\":\"https:\\\/\\\/marcelolopes.jor.br\\\/site\\\/wp-content\\\/uploads\\\/2021\\\/12\\\/leilao-detran.jpeg\",\"width\":900,\"height\":507},{\"@type\":\"BreadcrumbList\",\"@id\":\"https:\\\/\\\/marcelolopes.jor.br\\\/site\\\/2021\\\/12\\\/02\\\/policia-civil-vai-leiloar-mais-de-500-veiculos-em-muriae\\\/#breadcrumb\",\"itemListElement\":[{\"@type\":\"ListItem\",\"position\":1,\"name\":\"Home\",\"item\":\"https:\\\/\\\/marcelolopes.jor.br\\\/site\\\/\"},{\"@type\":\"ListItem\",\"position\":2,\"name\":\"Pol\u00edcia Civil vai leiloar mais de 500 ve\u00edculos em Muria\u00e9\"}]},{\"@type\":\"WebSite\",\"@id\":\"https:\\\/\\\/marcelolopes.jor.br\\\/site\\\/#website\",\"url\":\"https:\\\/\\\/marcelolopes.jor.br\\\/site\\\/\",\"name\":\"Marcelo Lopes\",\"description\":\"Not\u00edcias de Cataguases e Regi\u00e3o\",\"publisher\":{\"@id\":\"https:\\\/\\\/marcelolopes.jor.br\\\/site\\\/#organization\"},\"potentialAction\":[{\"@type\":\"SearchAction\",\"target\":{\"@type\":\"EntryPoint\",\"urlTemplate\":\"https:\\\/\\\/marcelolopes.jor.br\\\/site\\\/?s={search_term_string}\"},\"query-input\":{\"@type\":\"PropertyValueSpecification\",\"valueRequired\":true,\"valueName\":\"search_term_string\"}}],\"inLanguage\":\"pt-BR\"},{\"@type\":\"Organization\",\"@id\":\"https:\\\/\\\/marcelolopes.jor.br\\\/site\\\/#organization\",\"name\":\"Site do Marcelo Lopes\",\"url\":\"https:\\\/\\\/marcelolopes.jor.br\\\/site\\\/\",\"logo\":{\"@type\":\"ImageObject\",\"inLanguage\":\"pt-BR\",\"@id\":\"https:\\\/\\\/marcelolopes.jor.br\\\/site\\\/#\\\/schema\\\/logo\\\/image\\\/\",\"url\":\"https:\\\/\\\/marcelolopes.jor.br\\\/site\\\/wp-content\\\/uploads\\\/2024\\\/11\\\/logo-1.png\",\"contentUrl\":\"https:\\\/\\\/marcelolopes.jor.br\\\/site\\\/wp-content\\\/uploads\\\/2024\\\/11\\\/logo-1.png\",\"width\":475,\"height\":80,\"caption\":\"Site do Marcelo Lopes\"},\"image\":{\"@id\":\"https:\\\/\\\/marcelolopes.jor.br\\\/site\\\/#\\\/schema\\\/logo\\\/image\\\/\"},\"sameAs\":[\"https:\\\/\\\/www.facebook.com\\\/sitedomarcelolopes\",\"https:\\\/\\\/www.instagram.com\\\/sitedomarcelolopes\\\/\",\"https:\\\/\\\/www.linkedin.com\\\/company\\\/site-do-marcelo-lopes\\\/\",\"https:\\\/\\\/www.youtube.com\\\/user\\\/marcelolopes957\"]},{\"@type\":\"Person\",\"@id\":\"https:\\\/\\\/marcelolopes.jor.br\\\/site\\\/#\\\/schema\\\/person\\\/3e7216a35c34d8fdf952b31da3d1f89f\",\"name\":\"Marcelo Lopes\",\"sameAs\":[\"http:\\\/\\\/www.marcelolopes.jor.br\"],\"url\":\"https:\\\/\\\/marcelolopes.jor.br\\\/site\\\/author\\\/marcelo\\\/\"}]}<\/script>\n<!-- \/ Yoast SEO plugin. -->","yoast_head_json":{"title":"Pol\u00edcia Civil vai leiloar mais de 500 ve\u00edculos em Muria\u00e9 | Marcelo Lopes","robots":{"index":"index","follow":"follow","max-snippet":"max-snippet:-1","max-image-preview":"max-image-preview:large","max-video-preview":"max-video-preview:-1"},"canonical":"https:\/\/marcelolopes.jor.br\/site\/2021\/12\/02\/policia-civil-vai-leiloar-mais-de-500-veiculos-em-muriae\/","og_locale":"pt_BR","og_type":"article","og_title":"Pol\u00edcia Civil vai leiloar mais de 500 ve\u00edculos em Muria\u00e9 | Marcelo Lopes","og_description":"A Pol\u00edcia Civil de Minas Gerais (PCMG), por meio do Departamento de Tr\u00e2nsito de Minas Gerais (Detran-MG) realizar\u00e1, no dia 11 de dezembro, um leil\u00e3o de ve\u00edculos em Muria\u00e9. Na ocasi\u00e3o, ser\u00e3o leiloados mais de 500 lotes, entre carros eLeia mais Pol\u00edcia Civil vai leiloar mais de 500 ve\u00edculos em Muria\u00e9","og_url":"https:\/\/marcelolopes.jor.br\/site\/2021\/12\/02\/policia-civil-vai-leiloar-mais-de-500-veiculos-em-muriae\/","og_site_name":"Marcelo Lopes","article_publisher":"https:\/\/www.facebook.com\/sitedomarcelolopes","article_published_time":"2021-12-02T10:00:38+00:00","og_image":[{"width":900,"height":507,"url":"https:\/\/marcelolopes.jor.br\/site\/wp-content\/uploads\/2021\/12\/leilao-detran.jpeg","type":"image\/jpeg"}],"author":"Marcelo Lopes","twitter_card":"summary_large_image","twitter_misc":{"Escrito por":"Marcelo Lopes","Est. tempo de leitura":"1 minuto"},"schema":{"@context":"https:\/\/schema.org","@graph":[{"@type":"NewsArticle","@id":"https:\/\/marcelolopes.jor.br\/site\/2021\/12\/02\/policia-civil-vai-leiloar-mais-de-500-veiculos-em-muriae\/#article","isPartOf":{"@id":"https:\/\/marcelolopes.jor.br\/site\/2021\/12\/02\/policia-civil-vai-leiloar-mais-de-500-veiculos-em-muriae\/"},"author":{"name":"Marcelo Lopes","@id":"https:\/\/marcelolopes.jor.br\/site\/#\/schema\/person\/3e7216a35c34d8fdf952b31da3d1f89f"},"headline":"Pol\u00edcia Civil vai leiloar mais de 500 ve\u00edculos em Muria\u00e9","datePublished":"2021-12-02T10:00:38+00:00","mainEntityOfPage":{"@id":"https:\/\/marcelolopes.jor.br\/site\/2021\/12\/02\/policia-civil-vai-leiloar-mais-de-500-veiculos-em-muriae\/"},"wordCount":214,"commentCount":0,"publisher":{"@id":"https:\/\/marcelolopes.jor.br\/site\/#organization"},"image":{"@id":"https:\/\/marcelolopes.jor.br\/site\/2021\/12\/02\/policia-civil-vai-leiloar-mais-de-500-veiculos-em-muriae\/#primaryimage"},"thumbnailUrl":"https:\/\/marcelolopes.jor.br\/site\/wp-content\/uploads\/2021\/12\/leilao-detran.jpeg","keywords":["carros e motos","leil\u00e3o de ve\u00edculos","Leil\u00e3o em Muria\u00e9","PCMG"],"articleSection":["Not\u00edcias"],"inLanguage":"pt-BR","potentialAction":[{"@type":"CommentAction","name":"Comment","target":["https:\/\/marcelolopes.jor.br\/site\/2021\/12\/02\/policia-civil-vai-leiloar-mais-de-500-veiculos-em-muriae\/#respond"]}]},{"@type":"WebPage","@id":"https:\/\/marcelolopes.jor.br\/site\/2021\/12\/02\/policia-civil-vai-leiloar-mais-de-500-veiculos-em-muriae\/","url":"https:\/\/marcelolopes.jor.br\/site\/2021\/12\/02\/policia-civil-vai-leiloar-mais-de-500-veiculos-em-muriae\/","name":"Pol\u00edcia Civil vai leiloar mais de 500 ve\u00edculos em Muria\u00e9 | Marcelo Lopes","isPartOf":{"@id":"https:\/\/marcelolopes.jor.br\/site\/#website"},"primaryImageOfPage":{"@id":"https:\/\/marcelolopes.jor.br\/site\/2021\/12\/02\/policia-civil-vai-leiloar-mais-de-500-veiculos-em-muriae\/#primaryimage"},"image":{"@id":"https:\/\/marcelolopes.jor.br\/site\/2021\/12\/02\/policia-civil-vai-leiloar-mais-de-500-veiculos-em-muriae\/#primaryimage"},"thumbnailUrl":"https:\/\/marcelolopes.jor.br\/site\/wp-content\/uploads\/2021\/12\/leilao-detran.jpeg","datePublished":"2021-12-02T10:00:38+00:00","breadcrumb":{"@id":"https:\/\/marcelolopes.jor.br\/site\/2021\/12\/02\/policia-civil-vai-leiloar-mais-de-500-veiculos-em-muriae\/#breadcrumb"},"inLanguage":"pt-BR","potentialAction":[{"@type":"ReadAction","target":["https:\/\/marcelolopes.jor.br\/site\/2021\/12\/02\/policia-civil-vai-leiloar-mais-de-500-veiculos-em-muriae\/"]}]},{"@type":"ImageObject","inLanguage":"pt-BR","@id":"https:\/\/marcelolopes.jor.br\/site\/2021\/12\/02\/policia-civil-vai-leiloar-mais-de-500-veiculos-em-muriae\/#primaryimage","url":"https:\/\/marcelolopes.jor.br\/site\/wp-content\/uploads\/2021\/12\/leilao-detran.jpeg","contentUrl":"https:\/\/marcelolopes.jor.br\/site\/wp-content\/uploads\/2021\/12\/leilao-detran.jpeg","width":900,"height":507},{"@type":"BreadcrumbList","@id":"https:\/\/marcelolopes.jor.br\/site\/2021\/12\/02\/policia-civil-vai-leiloar-mais-de-500-veiculos-em-muriae\/#breadcrumb","itemListElement":[{"@type":"ListItem","position":1,"name":"Home","item":"https:\/\/marcelolopes.jor.br\/site\/"},{"@type":"ListItem","position":2,"name":"Pol\u00edcia Civil vai leiloar mais de 500 ve\u00edculos em Muria\u00e9"}]},{"@type":"WebSite","@id":"https:\/\/marcelolopes.jor.br\/site\/#website","url":"https:\/\/marcelolopes.jor.br\/site\/","name":"Marcelo Lopes","description":"Not\u00edcias de Cataguases e Regi\u00e3o","publisher":{"@id":"https:\/\/marcelolopes.jor.br\/site\/#organization"},"potentialAction":[{"@type":"SearchAction","target":{"@type":"EntryPoint","urlTemplate":"https:\/\/marcelolopes.jor.br\/site\/?s={search_term_string}"},"query-input":{"@type":"PropertyValueSpecification","valueRequired":true,"valueName":"search_term_string"}}],"inLanguage":"pt-BR"},{"@type":"Organization","@id":"https:\/\/marcelolopes.jor.br\/site\/#organization","name":"Site do Marcelo Lopes","url":"https:\/\/marcelolopes.jor.br\/site\/","logo":{"@type":"ImageObject","inLanguage":"pt-BR","@id":"https:\/\/marcelolopes.jor.br\/site\/#\/schema\/logo\/image\/","url":"https:\/\/marcelolopes.jor.br\/site\/wp-content\/uploads\/2024\/11\/logo-1.png","contentUrl":"https:\/\/marcelolopes.jor.br\/site\/wp-content\/uploads\/2024\/11\/logo-1.png","width":475,"height":80,"caption":"Site do Marcelo Lopes"},"image":{"@id":"https:\/\/marcelolopes.jor.br\/site\/#\/schema\/logo\/image\/"},"sameAs":["https:\/\/www.facebook.com\/sitedomarcelolopes","https:\/\/www.instagram.com\/sitedomarcelolopes\/","https:\/\/www.linkedin.com\/company\/site-do-marcelo-lopes\/","https:\/\/www.youtube.com\/user\/marcelolopes957"]},{"@type":"Person","@id":"https:\/\/marcelolopes.jor.br\/site\/#\/schema\/person\/3e7216a35c34d8fdf952b31da3d1f89f","name":"Marcelo Lopes","sameAs":["http:\/\/www.marcelolopes.jor.br"],"url":"https:\/\/marcelolopes.jor.br\/site\/author\/marcelo\/"}]}},"wps_subtitle":"Presen\u00e7a no evento est\u00e1 condicionada \u00e0 disponibilidade de vagas.","_links":{"self":[{"href":"https:\/\/marcelolopes.jor.br\/site\/wp-json\/wp\/v2\/posts\/28930","targetHints":{"allow":["GET"]}}],"collection":[{"href":"https:\/\/marcelolopes.jor.br\/site\/wp-json\/wp\/v2\/posts"}],"about":[{"href":"https:\/\/marcelolopes.jor.br\/site\/wp-json\/wp\/v2\/types\/post"}],"author":[{"embeddable":true,"href":"https:\/\/marcelolopes.jor.br\/site\/wp-json\/wp\/v2\/users\/2"}],"replies":[{"embeddable":true,"href":"https:\/\/marcelolopes.jor.br\/site\/wp-json\/wp\/v2\/comments?post=28930"}],"version-history":[{"count":0,"href":"https:\/\/marcelolopes.jor.br\/site\/wp-json\/wp\/v2\/posts\/28930\/revisions"}],"wp:featuredmedia":[{"embeddable":true,"href":"https:\/\/marcelolopes.jor.br\/site\/wp-json\/wp\/v2\/media\/28932"}],"wp:attachment":[{"href":"https:\/\/marcelolopes.jor.br\/site\/wp-json\/wp\/v2\/media?parent=28930"}],"wp:term":[{"taxonomy":"category","embeddable":true,"href":"https:\/\/marcelolopes.jor.br\/site\/wp-json\/wp\/v2\/categories?post=28930"},{"taxonomy":"post_tag","embeddable":true,"href":"https:\/\/marcelolopes.jor.br\/site\/wp-json\/wp\/v2\/tags?post=28930"}],"curies":[{"name":"wp","href":"https:\/\/api.w.org\/{rel}","templated":true}]}}