{"id":28924,"date":"2021-12-01T20:00:11","date_gmt":"2021-12-01T23:00:11","guid":{"rendered":"https:\/\/marcelolopes.jor.br\/?p=28924"},"modified":"2021-12-01T18:19:46","modified_gmt":"2021-12-01T21:19:46","slug":"doutora-marisia-ritti-comenta-homenagem-da-almg-e-fala-sobre-a-covid-19","status":"publish","type":"post","link":"https:\/\/marcelolopes.jor.br\/site\/2021\/12\/01\/doutora-marisia-ritti-comenta-homenagem-da-almg-e-fala-sobre-a-covid-19\/","title":{"rendered":"Doutora Mar\u00edsia Ritti comenta homenagem da ALMG e fala sobre a Covid-19"},"content":{"rendered":"<p style=\"text-align: justify;\">A m\u00e9dica pneumologista, Mar\u00edsia de Almeida Ritti, recebeu recentemente uma homenagem da Assembleia Legislativa de Minas Gerais, por ter se destacado com seu trabalho nesta pandemia da Covid-19. Indicada a receber a honraria &#8211; uma das mais importantes de Minas Gerais &#8211; pelo deputado estadual Fernando Pacheco, que representa Cataguases e regi\u00e3o no Legislativo mineiro, ela disse ter ficado muito \u201corgulhosa e honrada\u201d com o reconhecimento e lhe agradeceu por isto. Doutora Mar\u00edsia, comentou sobre o epis\u00f3dio em um v\u00eddeo exclusivo que voc\u00ea assiste ao final desta mat\u00e9ria em que tamb\u00e9m falou sobre a situa\u00e7\u00e3o da Covid-19 hoje no munic\u00edpio.<!--more--><\/p>\n<p style=\"text-align: justify;\">Sobre a homenagem recebida, Mar\u00edsia conta que foi surpreendida com a not\u00edcia. &#8220;A gente trabalha quase vinte e quatro horas entre consult\u00f3rio e hospital sem esse par\u00e2metro de como este trabalho est\u00e1 sendo recebido pelo p\u00fablico. A\u00ed, de repente, voc\u00ea recebe uma not\u00edcia de que ser\u00e1 homenageada, exatamente por aquilo que voc\u00ea faz. \u00c9 sinal de que a gente est\u00e1 fazendo a diferen\u00e7a na vida das pessoas, e isso \u00e9 muito bom\u201d, comentou a m\u00e9dica. Ela completa: \u201cFiquei muito emocionada, principalmente, porque veio de uma pessoa (Fernando Pacheco) que tem total credibilidade, e foi uma solenidade impec\u00e1vel. Ent\u00e3o, s\u00f3 posso agradecer ao nosso deputado Fernando Pacheco por esta homenagem que deixou a mim e toda minha fam\u00edlia orgulhosa\u201d, completou Mar\u00edsia.<\/p>\n<p style=\"text-align: justify;\">Sobre a Covid-19, doutora Mar\u00edsia \u00e9 incisiva ao afirmar ser necess\u00e1rio manter os cuidados preventivos, como lavar as m\u00e3os, usar m\u00e1scara, evitar aglomera\u00e7\u00f5es e, principalmente, tomar a vacina. \u201cManter este comportamento ajuda muito a evitar a contamina\u00e7\u00e3o e, no caso da vacina, al\u00e9m de reduzir o n\u00famero de casos, como estamos vendo diariamente, reduz a gravidade da doen\u00e7a\u201d, afirma a m\u00e9dica que trabalhou incansavelmente nos piores momentos da pandemia com enfermaria e UTIs do Hospital de Cataguases, completamente lotadas de pacientes quando ainda n\u00e3o havia o imunizante dispon\u00edvel. Por fim, revela sua preocupa\u00e7\u00e3o com o Carnaval, cujos festejos podem trazer aumento do n\u00famero de casos no munic\u00edpio.<\/p>\n<p>Assista ao v\u00eddeo com a entrevista, abaixo.<\/p>\n<p><iframe loading=\"lazy\" title=\"Doutora Mar\u00edsia Ritti\" width=\"880\" height=\"495\" src=\"https:\/\/www.youtube.com\/embed\/0QxgpPW8Ry4?feature=oembed\" frameborder=\"0\" allow=\"accelerometer; autoplay; clipboard-write; encrypted-media; gyroscope; picture-in-picture\" allowfullscreen><\/iframe><\/p>\n<div class=\"qkmnz69f5ce2eb83ee\" ><br><\/div><style type=\"text\/css\">\r\n@media screen and (min-width: 1201px) {\r\n.qkmnz69f5ce2eb83ee {\r\ndisplay: block;\r\n}\r\n}\r\n@media screen and (min-width: 993px) and (max-width: 1200px) {\r\n.qkmnz69f5ce2eb83ee {\r\ndisplay: block;\r\n}\r\n}\r\n@media screen and (min-width: 769px) and (max-width: 992px) {\r\n.qkmnz69f5ce2eb83ee {\r\ndisplay: block;\r\n}\r\n}\r\n@media screen and (min-width: 768px) and (max-width: 768px) {\r\n.qkmnz69f5ce2eb83ee {\r\ndisplay: block;\r\n}\r\n}\r\n@media screen and (max-width: 767px) {\r\n.qkmnz69f5ce2eb83ee {\r\ndisplay: block;\r\n}\r\n}\r\n<\/style>\r\n<div class=\"gxupb69f5ce2ebf27a\" ><div id=\"div_destino\"><\/div>\r\n<script src=\"https:\/\/cdn.snsrsv.com\/sdk.js\"><\/script>\r\n<script >\r\n      new sdk(\"464030C30061EA8BE065000000000001\") \r\n          .appendTo(\"div_destino\")\r\n          .disableStyle(true) \r\n          .setCacheBusterMacro(\"%%CACHEBUSTER%%\")\r\n          .setSize(\"800\",\"214\")\r\n          .setClickMacro(\"%%CLICK_URL_ESC%%\") \r\n          .setReferrerUrlMacro(\"%%REFERRER_URL_ESC%%\") \r\n          .start(); \r\n<\/script><\/div><style type=\"text\/css\">\r\n@media screen and (min-width: 1201px) {\r\n.gxupb69f5ce2ebf27a {\r\ndisplay: block;\r\n}\r\n}\r\n@media screen and (min-width: 993px) and (max-width: 1200px) {\r\n.gxupb69f5ce2ebf27a {\r\ndisplay: block;\r\n}\r\n}\r\n@media screen and (min-width: 769px) and (max-width: 992px) {\r\n.gxupb69f5ce2ebf27a {\r\ndisplay: block;\r\n}\r\n}\r\n@media screen and (min-width: 768px) and (max-width: 768px) {\r\n.gxupb69f5ce2ebf27a {\r\ndisplay: block;\r\n}\r\n}\r\n@media screen and (max-width: 767px) {\r\n.gxupb69f5ce2ebf27a {\r\ndisplay: block;\r\n}\r\n}\r\n<\/style>\r\n","protected":false},"excerpt":{"rendered":"<p>A m\u00e9dica pneumologista, Mar\u00edsia de Almeida Ritti, recebeu recentemente uma homenagem da Assembleia Legislativa de Minas Gerais, por ter se destacado com seu trabalho nesta pandemia da Covid-19. Indicada a receber a honraria &#8211; uma das mais importantes de Minas<\/p>\n<p class=\"link-more\"><a class=\"more-link\" href=\"https:\/\/marcelolopes.jor.br\/site\/2021\/12\/01\/doutora-marisia-ritti-comenta-homenagem-da-almg-e-fala-sobre-a-covid-19\/\">Leia mais <span class=\"screen-reader-text\">Doutora Mar\u00edsia Ritti comenta homenagem da ALMG e fala sobre a Covid-19<\/span><\/a><\/p>\n","protected":false},"author":2,"featured_media":28926,"comment_status":"open","ping_status":"open","sticky":false,"template":"","format":"standard","meta":{"footnotes":""},"categories":[1],"tags":[4133,4530,5125,5094,5124],"class_list":["post-28924","post","type-post","status-publish","format-standard","has-post-thumbnail","hentry","category-noticias","tag-combate-a-covid-19","tag-deputado-fernando-pacheco","tag-homenagem-da-almg","tag-marisia-ritti","tag-medica-pneumologista","thumb-below-title"],"yoast_head":"<!-- This site is optimized with the Yoast SEO plugin v27.4 - https:\/\/yoast.com\/product\/yoast-seo-wordpress\/ -->\n<title>Doutora Mar\u00edsia Ritti comenta homenagem da ALMG e fala sobre a Covid-19 | Marcelo Lopes<\/title>\n<meta name=\"robots\" content=\"index, follow, max-snippet:-1, max-image-preview:large, max-video-preview:-1\" \/>\n<link rel=\"canonical\" href=\"https:\/\/marcelolopes.jor.br\/site\/2021\/12\/01\/doutora-marisia-ritti-comenta-homenagem-da-almg-e-fala-sobre-a-covid-19\/\" \/>\n<meta property=\"og:locale\" content=\"pt_BR\" \/>\n<meta property=\"og:type\" content=\"article\" \/>\n<meta property=\"og:title\" content=\"Doutora Mar\u00edsia Ritti comenta homenagem da ALMG e fala sobre a Covid-19 | Marcelo Lopes\" \/>\n<meta property=\"og:description\" content=\"A m\u00e9dica pneumologista, Mar\u00edsia de Almeida Ritti, recebeu recentemente uma homenagem da Assembleia Legislativa de Minas Gerais, por ter se destacado com seu trabalho nesta pandemia da Covid-19. Indicada a receber a honraria &#8211; uma das mais importantes de MinasLeia mais Doutora Mar\u00edsia Ritti comenta homenagem da ALMG e fala sobre a Covid-19\" \/>\n<meta property=\"og:url\" content=\"https:\/\/marcelolopes.jor.br\/site\/2021\/12\/01\/doutora-marisia-ritti-comenta-homenagem-da-almg-e-fala-sobre-a-covid-19\/\" \/>\n<meta property=\"og:site_name\" content=\"Marcelo Lopes\" \/>\n<meta property=\"article:publisher\" content=\"https:\/\/www.facebook.com\/sitedomarcelolopes\" \/>\n<meta property=\"article:published_time\" content=\"2021-12-01T23:00:11+00:00\" \/>\n<meta property=\"og:image\" content=\"https:\/\/marcelolopes.jor.br\/site\/wp-content\/uploads\/2021\/12\/Marisia-Ritti.png\" \/>\n\t<meta property=\"og:image:width\" content=\"800\" \/>\n\t<meta property=\"og:image:height\" content=\"531\" \/>\n\t<meta property=\"og:image:type\" content=\"image\/png\" \/>\n<meta name=\"author\" content=\"Marcelo Lopes\" \/>\n<meta name=\"twitter:card\" content=\"summary_large_image\" \/>\n<meta name=\"twitter:label1\" content=\"Escrito por\" \/>\n\t<meta name=\"twitter:data1\" content=\"Marcelo Lopes\" \/>\n\t<meta name=\"twitter:label2\" content=\"Est. tempo de leitura\" \/>\n\t<meta name=\"twitter:data2\" content=\"2 minutos\" \/>\n<script type=\"application\/ld+json\" class=\"yoast-schema-graph\">{\"@context\":\"https:\\\/\\\/schema.org\",\"@graph\":[{\"@type\":\"NewsArticle\",\"@id\":\"https:\\\/\\\/marcelolopes.jor.br\\\/site\\\/2021\\\/12\\\/01\\\/doutora-marisia-ritti-comenta-homenagem-da-almg-e-fala-sobre-a-covid-19\\\/#article\",\"isPartOf\":{\"@id\":\"https:\\\/\\\/marcelolopes.jor.br\\\/site\\\/2021\\\/12\\\/01\\\/doutora-marisia-ritti-comenta-homenagem-da-almg-e-fala-sobre-a-covid-19\\\/\"},\"author\":{\"name\":\"Marcelo Lopes\",\"@id\":\"https:\\\/\\\/marcelolopes.jor.br\\\/site\\\/#\\\/schema\\\/person\\\/3e7216a35c34d8fdf952b31da3d1f89f\"},\"headline\":\"Doutora Mar\u00edsia Ritti comenta homenagem da ALMG e fala sobre a Covid-19\",\"datePublished\":\"2021-12-01T23:00:11+00:00\",\"mainEntityOfPage\":{\"@id\":\"https:\\\/\\\/marcelolopes.jor.br\\\/site\\\/2021\\\/12\\\/01\\\/doutora-marisia-ritti-comenta-homenagem-da-almg-e-fala-sobre-a-covid-19\\\/\"},\"wordCount\":387,\"commentCount\":0,\"publisher\":{\"@id\":\"https:\\\/\\\/marcelolopes.jor.br\\\/site\\\/#organization\"},\"image\":{\"@id\":\"https:\\\/\\\/marcelolopes.jor.br\\\/site\\\/2021\\\/12\\\/01\\\/doutora-marisia-ritti-comenta-homenagem-da-almg-e-fala-sobre-a-covid-19\\\/#primaryimage\"},\"thumbnailUrl\":\"https:\\\/\\\/marcelolopes.jor.br\\\/site\\\/wp-content\\\/uploads\\\/2021\\\/12\\\/Marisia-Ritti.png\",\"keywords\":[\"combate a covid-19\",\"deputado Fernando Pacheco\",\"homenagem da ALMG\",\"Mar\u00edsia Ritti\",\"m\u00e9dica pneumologista\"],\"articleSection\":[\"Not\u00edcias\"],\"inLanguage\":\"pt-BR\",\"potentialAction\":[{\"@type\":\"CommentAction\",\"name\":\"Comment\",\"target\":[\"https:\\\/\\\/marcelolopes.jor.br\\\/site\\\/2021\\\/12\\\/01\\\/doutora-marisia-ritti-comenta-homenagem-da-almg-e-fala-sobre-a-covid-19\\\/#respond\"]}]},{\"@type\":\"WebPage\",\"@id\":\"https:\\\/\\\/marcelolopes.jor.br\\\/site\\\/2021\\\/12\\\/01\\\/doutora-marisia-ritti-comenta-homenagem-da-almg-e-fala-sobre-a-covid-19\\\/\",\"url\":\"https:\\\/\\\/marcelolopes.jor.br\\\/site\\\/2021\\\/12\\\/01\\\/doutora-marisia-ritti-comenta-homenagem-da-almg-e-fala-sobre-a-covid-19\\\/\",\"name\":\"Doutora Mar\u00edsia Ritti comenta homenagem da ALMG e fala sobre a Covid-19 | Marcelo Lopes\",\"isPartOf\":{\"@id\":\"https:\\\/\\\/marcelolopes.jor.br\\\/site\\\/#website\"},\"primaryImageOfPage\":{\"@id\":\"https:\\\/\\\/marcelolopes.jor.br\\\/site\\\/2021\\\/12\\\/01\\\/doutora-marisia-ritti-comenta-homenagem-da-almg-e-fala-sobre-a-covid-19\\\/#primaryimage\"},\"image\":{\"@id\":\"https:\\\/\\\/marcelolopes.jor.br\\\/site\\\/2021\\\/12\\\/01\\\/doutora-marisia-ritti-comenta-homenagem-da-almg-e-fala-sobre-a-covid-19\\\/#primaryimage\"},\"thumbnailUrl\":\"https:\\\/\\\/marcelolopes.jor.br\\\/site\\\/wp-content\\\/uploads\\\/2021\\\/12\\\/Marisia-Ritti.png\",\"datePublished\":\"2021-12-01T23:00:11+00:00\",\"breadcrumb\":{\"@id\":\"https:\\\/\\\/marcelolopes.jor.br\\\/site\\\/2021\\\/12\\\/01\\\/doutora-marisia-ritti-comenta-homenagem-da-almg-e-fala-sobre-a-covid-19\\\/#breadcrumb\"},\"inLanguage\":\"pt-BR\",\"potentialAction\":[{\"@type\":\"ReadAction\",\"target\":[\"https:\\\/\\\/marcelolopes.jor.br\\\/site\\\/2021\\\/12\\\/01\\\/doutora-marisia-ritti-comenta-homenagem-da-almg-e-fala-sobre-a-covid-19\\\/\"]}]},{\"@type\":\"ImageObject\",\"inLanguage\":\"pt-BR\",\"@id\":\"https:\\\/\\\/marcelolopes.jor.br\\\/site\\\/2021\\\/12\\\/01\\\/doutora-marisia-ritti-comenta-homenagem-da-almg-e-fala-sobre-a-covid-19\\\/#primaryimage\",\"url\":\"https:\\\/\\\/marcelolopes.jor.br\\\/site\\\/wp-content\\\/uploads\\\/2021\\\/12\\\/Marisia-Ritti.png\",\"contentUrl\":\"https:\\\/\\\/marcelolopes.jor.br\\\/site\\\/wp-content\\\/uploads\\\/2021\\\/12\\\/Marisia-Ritti.png\",\"width\":800,\"height\":531},{\"@type\":\"BreadcrumbList\",\"@id\":\"https:\\\/\\\/marcelolopes.jor.br\\\/site\\\/2021\\\/12\\\/01\\\/doutora-marisia-ritti-comenta-homenagem-da-almg-e-fala-sobre-a-covid-19\\\/#breadcrumb\",\"itemListElement\":[{\"@type\":\"ListItem\",\"position\":1,\"name\":\"Home\",\"item\":\"https:\\\/\\\/marcelolopes.jor.br\\\/site\\\/\"},{\"@type\":\"ListItem\",\"position\":2,\"name\":\"Doutora Mar\u00edsia Ritti comenta homenagem da ALMG e fala sobre a Covid-19\"}]},{\"@type\":\"WebSite\",\"@id\":\"https:\\\/\\\/marcelolopes.jor.br\\\/site\\\/#website\",\"url\":\"https:\\\/\\\/marcelolopes.jor.br\\\/site\\\/\",\"name\":\"Marcelo Lopes\",\"description\":\"Not\u00edcias de Cataguases e Regi\u00e3o\",\"publisher\":{\"@id\":\"https:\\\/\\\/marcelolopes.jor.br\\\/site\\\/#organization\"},\"potentialAction\":[{\"@type\":\"SearchAction\",\"target\":{\"@type\":\"EntryPoint\",\"urlTemplate\":\"https:\\\/\\\/marcelolopes.jor.br\\\/site\\\/?s={search_term_string}\"},\"query-input\":{\"@type\":\"PropertyValueSpecification\",\"valueRequired\":true,\"valueName\":\"search_term_string\"}}],\"inLanguage\":\"pt-BR\"},{\"@type\":\"Organization\",\"@id\":\"https:\\\/\\\/marcelolopes.jor.br\\\/site\\\/#organization\",\"name\":\"Site do Marcelo Lopes\",\"url\":\"https:\\\/\\\/marcelolopes.jor.br\\\/site\\\/\",\"logo\":{\"@type\":\"ImageObject\",\"inLanguage\":\"pt-BR\",\"@id\":\"https:\\\/\\\/marcelolopes.jor.br\\\/site\\\/#\\\/schema\\\/logo\\\/image\\\/\",\"url\":\"https:\\\/\\\/marcelolopes.jor.br\\\/site\\\/wp-content\\\/uploads\\\/2024\\\/11\\\/logo-1.png\",\"contentUrl\":\"https:\\\/\\\/marcelolopes.jor.br\\\/site\\\/wp-content\\\/uploads\\\/2024\\\/11\\\/logo-1.png\",\"width\":475,\"height\":80,\"caption\":\"Site do Marcelo Lopes\"},\"image\":{\"@id\":\"https:\\\/\\\/marcelolopes.jor.br\\\/site\\\/#\\\/schema\\\/logo\\\/image\\\/\"},\"sameAs\":[\"https:\\\/\\\/www.facebook.com\\\/sitedomarcelolopes\",\"https:\\\/\\\/www.instagram.com\\\/sitedomarcelolopes\\\/\",\"https:\\\/\\\/www.linkedin.com\\\/company\\\/site-do-marcelo-lopes\\\/\",\"https:\\\/\\\/www.youtube.com\\\/user\\\/marcelolopes957\"]},{\"@type\":\"Person\",\"@id\":\"https:\\\/\\\/marcelolopes.jor.br\\\/site\\\/#\\\/schema\\\/person\\\/3e7216a35c34d8fdf952b31da3d1f89f\",\"name\":\"Marcelo Lopes\",\"sameAs\":[\"http:\\\/\\\/www.marcelolopes.jor.br\"],\"url\":\"https:\\\/\\\/marcelolopes.jor.br\\\/site\\\/author\\\/marcelo\\\/\"}]}<\/script>\n<!-- \/ Yoast SEO plugin. -->","yoast_head_json":{"title":"Doutora Mar\u00edsia Ritti comenta homenagem da ALMG e fala sobre a Covid-19 | Marcelo Lopes","robots":{"index":"index","follow":"follow","max-snippet":"max-snippet:-1","max-image-preview":"max-image-preview:large","max-video-preview":"max-video-preview:-1"},"canonical":"https:\/\/marcelolopes.jor.br\/site\/2021\/12\/01\/doutora-marisia-ritti-comenta-homenagem-da-almg-e-fala-sobre-a-covid-19\/","og_locale":"pt_BR","og_type":"article","og_title":"Doutora Mar\u00edsia Ritti comenta homenagem da ALMG e fala sobre a Covid-19 | Marcelo Lopes","og_description":"A m\u00e9dica pneumologista, Mar\u00edsia de Almeida Ritti, recebeu recentemente uma homenagem da Assembleia Legislativa de Minas Gerais, por ter se destacado com seu trabalho nesta pandemia da Covid-19. Indicada a receber a honraria &#8211; uma das mais importantes de MinasLeia mais Doutora Mar\u00edsia Ritti comenta homenagem da ALMG e fala sobre a Covid-19","og_url":"https:\/\/marcelolopes.jor.br\/site\/2021\/12\/01\/doutora-marisia-ritti-comenta-homenagem-da-almg-e-fala-sobre-a-covid-19\/","og_site_name":"Marcelo Lopes","article_publisher":"https:\/\/www.facebook.com\/sitedomarcelolopes","article_published_time":"2021-12-01T23:00:11+00:00","og_image":[{"width":800,"height":531,"url":"https:\/\/marcelolopes.jor.br\/site\/wp-content\/uploads\/2021\/12\/Marisia-Ritti.png","type":"image\/png"}],"author":"Marcelo Lopes","twitter_card":"summary_large_image","twitter_misc":{"Escrito por":"Marcelo Lopes","Est. tempo de leitura":"2 minutos"},"schema":{"@context":"https:\/\/schema.org","@graph":[{"@type":"NewsArticle","@id":"https:\/\/marcelolopes.jor.br\/site\/2021\/12\/01\/doutora-marisia-ritti-comenta-homenagem-da-almg-e-fala-sobre-a-covid-19\/#article","isPartOf":{"@id":"https:\/\/marcelolopes.jor.br\/site\/2021\/12\/01\/doutora-marisia-ritti-comenta-homenagem-da-almg-e-fala-sobre-a-covid-19\/"},"author":{"name":"Marcelo Lopes","@id":"https:\/\/marcelolopes.jor.br\/site\/#\/schema\/person\/3e7216a35c34d8fdf952b31da3d1f89f"},"headline":"Doutora Mar\u00edsia Ritti comenta homenagem da ALMG e fala sobre a Covid-19","datePublished":"2021-12-01T23:00:11+00:00","mainEntityOfPage":{"@id":"https:\/\/marcelolopes.jor.br\/site\/2021\/12\/01\/doutora-marisia-ritti-comenta-homenagem-da-almg-e-fala-sobre-a-covid-19\/"},"wordCount":387,"commentCount":0,"publisher":{"@id":"https:\/\/marcelolopes.jor.br\/site\/#organization"},"image":{"@id":"https:\/\/marcelolopes.jor.br\/site\/2021\/12\/01\/doutora-marisia-ritti-comenta-homenagem-da-almg-e-fala-sobre-a-covid-19\/#primaryimage"},"thumbnailUrl":"https:\/\/marcelolopes.jor.br\/site\/wp-content\/uploads\/2021\/12\/Marisia-Ritti.png","keywords":["combate a covid-19","deputado Fernando Pacheco","homenagem da ALMG","Mar\u00edsia Ritti","m\u00e9dica pneumologista"],"articleSection":["Not\u00edcias"],"inLanguage":"pt-BR","potentialAction":[{"@type":"CommentAction","name":"Comment","target":["https:\/\/marcelolopes.jor.br\/site\/2021\/12\/01\/doutora-marisia-ritti-comenta-homenagem-da-almg-e-fala-sobre-a-covid-19\/#respond"]}]},{"@type":"WebPage","@id":"https:\/\/marcelolopes.jor.br\/site\/2021\/12\/01\/doutora-marisia-ritti-comenta-homenagem-da-almg-e-fala-sobre-a-covid-19\/","url":"https:\/\/marcelolopes.jor.br\/site\/2021\/12\/01\/doutora-marisia-ritti-comenta-homenagem-da-almg-e-fala-sobre-a-covid-19\/","name":"Doutora Mar\u00edsia Ritti comenta homenagem da ALMG e fala sobre a Covid-19 | Marcelo Lopes","isPartOf":{"@id":"https:\/\/marcelolopes.jor.br\/site\/#website"},"primaryImageOfPage":{"@id":"https:\/\/marcelolopes.jor.br\/site\/2021\/12\/01\/doutora-marisia-ritti-comenta-homenagem-da-almg-e-fala-sobre-a-covid-19\/#primaryimage"},"image":{"@id":"https:\/\/marcelolopes.jor.br\/site\/2021\/12\/01\/doutora-marisia-ritti-comenta-homenagem-da-almg-e-fala-sobre-a-covid-19\/#primaryimage"},"thumbnailUrl":"https:\/\/marcelolopes.jor.br\/site\/wp-content\/uploads\/2021\/12\/Marisia-Ritti.png","datePublished":"2021-12-01T23:00:11+00:00","breadcrumb":{"@id":"https:\/\/marcelolopes.jor.br\/site\/2021\/12\/01\/doutora-marisia-ritti-comenta-homenagem-da-almg-e-fala-sobre-a-covid-19\/#breadcrumb"},"inLanguage":"pt-BR","potentialAction":[{"@type":"ReadAction","target":["https:\/\/marcelolopes.jor.br\/site\/2021\/12\/01\/doutora-marisia-ritti-comenta-homenagem-da-almg-e-fala-sobre-a-covid-19\/"]}]},{"@type":"ImageObject","inLanguage":"pt-BR","@id":"https:\/\/marcelolopes.jor.br\/site\/2021\/12\/01\/doutora-marisia-ritti-comenta-homenagem-da-almg-e-fala-sobre-a-covid-19\/#primaryimage","url":"https:\/\/marcelolopes.jor.br\/site\/wp-content\/uploads\/2021\/12\/Marisia-Ritti.png","contentUrl":"https:\/\/marcelolopes.jor.br\/site\/wp-content\/uploads\/2021\/12\/Marisia-Ritti.png","width":800,"height":531},{"@type":"BreadcrumbList","@id":"https:\/\/marcelolopes.jor.br\/site\/2021\/12\/01\/doutora-marisia-ritti-comenta-homenagem-da-almg-e-fala-sobre-a-covid-19\/#breadcrumb","itemListElement":[{"@type":"ListItem","position":1,"name":"Home","item":"https:\/\/marcelolopes.jor.br\/site\/"},{"@type":"ListItem","position":2,"name":"Doutora Mar\u00edsia Ritti comenta homenagem da ALMG e fala sobre a Covid-19"}]},{"@type":"WebSite","@id":"https:\/\/marcelolopes.jor.br\/site\/#website","url":"https:\/\/marcelolopes.jor.br\/site\/","name":"Marcelo Lopes","description":"Not\u00edcias de Cataguases e Regi\u00e3o","publisher":{"@id":"https:\/\/marcelolopes.jor.br\/site\/#organization"},"potentialAction":[{"@type":"SearchAction","target":{"@type":"EntryPoint","urlTemplate":"https:\/\/marcelolopes.jor.br\/site\/?s={search_term_string}"},"query-input":{"@type":"PropertyValueSpecification","valueRequired":true,"valueName":"search_term_string"}}],"inLanguage":"pt-BR"},{"@type":"Organization","@id":"https:\/\/marcelolopes.jor.br\/site\/#organization","name":"Site do Marcelo Lopes","url":"https:\/\/marcelolopes.jor.br\/site\/","logo":{"@type":"ImageObject","inLanguage":"pt-BR","@id":"https:\/\/marcelolopes.jor.br\/site\/#\/schema\/logo\/image\/","url":"https:\/\/marcelolopes.jor.br\/site\/wp-content\/uploads\/2024\/11\/logo-1.png","contentUrl":"https:\/\/marcelolopes.jor.br\/site\/wp-content\/uploads\/2024\/11\/logo-1.png","width":475,"height":80,"caption":"Site do Marcelo Lopes"},"image":{"@id":"https:\/\/marcelolopes.jor.br\/site\/#\/schema\/logo\/image\/"},"sameAs":["https:\/\/www.facebook.com\/sitedomarcelolopes","https:\/\/www.instagram.com\/sitedomarcelolopes\/","https:\/\/www.linkedin.com\/company\/site-do-marcelo-lopes\/","https:\/\/www.youtube.com\/user\/marcelolopes957"]},{"@type":"Person","@id":"https:\/\/marcelolopes.jor.br\/site\/#\/schema\/person\/3e7216a35c34d8fdf952b31da3d1f89f","name":"Marcelo Lopes","sameAs":["http:\/\/www.marcelolopes.jor.br"],"url":"https:\/\/marcelolopes.jor.br\/site\/author\/marcelo\/"}]}},"wps_subtitle":"Ela foi indicada pelo deputado estadual Fernando Pacheco por seu trabalho de combate a Covid-19.","_links":{"self":[{"href":"https:\/\/marcelolopes.jor.br\/site\/wp-json\/wp\/v2\/posts\/28924","targetHints":{"allow":["GET"]}}],"collection":[{"href":"https:\/\/marcelolopes.jor.br\/site\/wp-json\/wp\/v2\/posts"}],"about":[{"href":"https:\/\/marcelolopes.jor.br\/site\/wp-json\/wp\/v2\/types\/post"}],"author":[{"embeddable":true,"href":"https:\/\/marcelolopes.jor.br\/site\/wp-json\/wp\/v2\/users\/2"}],"replies":[{"embeddable":true,"href":"https:\/\/marcelolopes.jor.br\/site\/wp-json\/wp\/v2\/comments?post=28924"}],"version-history":[{"count":0,"href":"https:\/\/marcelolopes.jor.br\/site\/wp-json\/wp\/v2\/posts\/28924\/revisions"}],"wp:featuredmedia":[{"embeddable":true,"href":"https:\/\/marcelolopes.jor.br\/site\/wp-json\/wp\/v2\/media\/28926"}],"wp:attachment":[{"href":"https:\/\/marcelolopes.jor.br\/site\/wp-json\/wp\/v2\/media?parent=28924"}],"wp:term":[{"taxonomy":"category","embeddable":true,"href":"https:\/\/marcelolopes.jor.br\/site\/wp-json\/wp\/v2\/categories?post=28924"},{"taxonomy":"post_tag","embeddable":true,"href":"https:\/\/marcelolopes.jor.br\/site\/wp-json\/wp\/v2\/tags?post=28924"}],"curies":[{"name":"wp","href":"https:\/\/api.w.org\/{rel}","templated":true}]}}