{"id":28919,"date":"2021-12-01T16:00:06","date_gmt":"2021-12-01T19:00:06","guid":{"rendered":"https:\/\/marcelolopes.jor.br\/?p=28919"},"modified":"2021-12-01T15:49:08","modified_gmt":"2021-12-01T18:49:08","slug":"ministerio-da-agricultura-propoe-tac-a-prefeitura-e-produtores-rurais-de-dona-euzebia","status":"publish","type":"post","link":"https:\/\/marcelolopes.jor.br\/site\/2021\/12\/01\/ministerio-da-agricultura-propoe-tac-a-prefeitura-e-produtores-rurais-de-dona-euzebia\/","title":{"rendered":"Minist\u00e9rio da Agricultura prop\u00f5e TAC \u00e0 Prefeitura e produtores rurais de Dona Euz\u00e9bia"},"content":{"rendered":"<p style=\"text-align: justify;\">O Minist\u00e9rio da Agricultura, Pecu\u00e1ria e Abastecimento prop\u00f4s a elabora\u00e7\u00e3o em conjunto pelos produtores rurais e prefeitura de Dona Euz\u00e9bia de um TAC &#8211; Termo de Ajustamento de Conduta &#8211; a ser firmado pelo Minist\u00e9rio P\u00fablico. A proposta \u00e9 uma resposta ao of\u00edcio encaminhado \u00e0 Ministra da Agricultura, Pecu\u00e1ria e Abastecimento, Tereza Cristina, e ao Secret\u00e1rio-Executivo do Minist\u00e9rio, Marcos Montes Cordeiro, pelo munic\u00edpio e produtores de mudas.<!--more--><\/p>\n<p style=\"text-align: justify;\">Segundo a proposta que dever\u00e1 ser transformada em TAC, os produtores ir\u00e3o se ajustar \u00e0s regras determinadas pelo Minist\u00e9rio da Agricultura e se comprometem a n\u00e3o iniciar novo plantio baseado no m\u00e9todo atual, mas sim j\u00e1 no sistema de estufas. Por outro lado, o TAC pedir\u00e1 um dilatamento de prazo de no m\u00ednimo 12 meses para comercializar as mudas j\u00e1 plantadas, evitando preju\u00edzo aos produtores. A explica\u00e7\u00e3o \u00e9 do advogado Jos\u00e9 Eduardo Junqueira, que representa nesta a\u00e7\u00e3o a Cooperativa dos Produtores de Mudas de Dona Euz\u00e9bia.<\/p>\n<p style=\"text-align: justify;\"><img loading=\"lazy\" decoding=\"async\" class=\"alignleft wp-image-28921 size-full\" src=\"https:\/\/marcelolopes.jor.br\/site\/wp-content\/uploads\/2021\/12\/Jose-Eduardo-advogado-e1638384483490.jpg\" alt=\"\" width=\"200\" height=\"286\" \/>&#8211; O TAC visa encontrar uma solu\u00e7\u00e3o harmoniosa para atender todos os envolvidos. Foi um passo importante essa resposta do Minist\u00e9rio da Agricultura ao nosso Of\u00edcio e vamos levar junto com o Minist\u00e9rio essa proposta de Termo de Ajustamento de Conduta para que os produtores possam comercializar a produ\u00e7\u00e3o, o que ainda est\u00e1 proibido, e se adequar ao novo sistema de plantio. S\u00e3o in\u00fameras fam\u00edlias que t\u00eam na planta\u00e7\u00e3o de mudas seu modo de subsist\u00eancia e \u00e9 preciso evitar um preju\u00edzo que poderia decretar o fim do sustento familiar de tantos produtores\u201d, destaca Jos\u00e9 Eduardo Junqueira.<\/p>\n<h5 style=\"text-align: justify;\">DONA EUZ\u00c9BIA<\/h5>\n<p style=\"text-align: justify;\">O Munic\u00edpio de Dona Euz\u00e9bia, possui, atualmente, 6.500 habitantes e \u00e9 o segundo maior produtor de mudas de citrus do pa\u00eds, ficando apenas atr\u00e1s do Munic\u00edpio de Limeira\/SP, que possui uma popula\u00e7\u00e3o aproximadamente de 310 mil habitantes. Atualmente, o munic\u00edpio conta com aproximadamente 350 produtores rurais, em sua maioria, agricultores familiares, que possuem em m\u00e9dia 3 cooperados em suas propriedades. Destes 350 produtores rurais, 75% produzem, anualmente, 6,5 milh\u00f5es de mudas c\u00edtricas, sendo uma m\u00e9dia de 20 mil mudas por produtor.<\/p>\n<p>Fotos: Divulga\u00e7\u00e3o<\/p>\n<div class=\"htjfv69f5b51c6bf16\" ><br><\/div><style type=\"text\/css\">\r\n@media screen and (min-width: 1201px) {\r\n.htjfv69f5b51c6bf16 {\r\ndisplay: block;\r\n}\r\n}\r\n@media screen and (min-width: 993px) and (max-width: 1200px) {\r\n.htjfv69f5b51c6bf16 {\r\ndisplay: block;\r\n}\r\n}\r\n@media screen and (min-width: 769px) and (max-width: 992px) {\r\n.htjfv69f5b51c6bf16 {\r\ndisplay: block;\r\n}\r\n}\r\n@media screen and (min-width: 768px) and (max-width: 768px) {\r\n.htjfv69f5b51c6bf16 {\r\ndisplay: block;\r\n}\r\n}\r\n@media screen and (max-width: 767px) {\r\n.htjfv69f5b51c6bf16 {\r\ndisplay: block;\r\n}\r\n}\r\n<\/style>\r\n<div class=\"xuzgh69f5b51c71d9b\" ><div id=\"div_destino\"><\/div>\r\n<script src=\"https:\/\/cdn.snsrsv.com\/sdk.js\"><\/script>\r\n<script >\r\n      new sdk(\"464030C30061EA8BE065000000000001\") \r\n          .appendTo(\"div_destino\")\r\n          .disableStyle(true) \r\n          .setCacheBusterMacro(\"%%CACHEBUSTER%%\")\r\n          .setSize(\"800\",\"214\")\r\n          .setClickMacro(\"%%CLICK_URL_ESC%%\") \r\n          .setReferrerUrlMacro(\"%%REFERRER_URL_ESC%%\") \r\n          .start(); \r\n<\/script><\/div><style type=\"text\/css\">\r\n@media screen and (min-width: 1201px) {\r\n.xuzgh69f5b51c71d9b {\r\ndisplay: block;\r\n}\r\n}\r\n@media screen and (min-width: 993px) and (max-width: 1200px) {\r\n.xuzgh69f5b51c71d9b {\r\ndisplay: block;\r\n}\r\n}\r\n@media screen and (min-width: 769px) and (max-width: 992px) {\r\n.xuzgh69f5b51c71d9b {\r\ndisplay: block;\r\n}\r\n}\r\n@media screen and (min-width: 768px) and (max-width: 768px) {\r\n.xuzgh69f5b51c71d9b {\r\ndisplay: block;\r\n}\r\n}\r\n@media screen and (max-width: 767px) {\r\n.xuzgh69f5b51c71d9b {\r\ndisplay: block;\r\n}\r\n}\r\n<\/style>\r\n","protected":false},"excerpt":{"rendered":"<p>O Minist\u00e9rio da Agricultura, Pecu\u00e1ria e Abastecimento prop\u00f4s a elabora\u00e7\u00e3o em conjunto pelos produtores rurais e prefeitura de Dona Euz\u00e9bia de um TAC &#8211; Termo de Ajustamento de Conduta &#8211; a ser firmado pelo Minist\u00e9rio P\u00fablico. A proposta \u00e9 uma<\/p>\n<p class=\"link-more\"><a class=\"more-link\" href=\"https:\/\/marcelolopes.jor.br\/site\/2021\/12\/01\/ministerio-da-agricultura-propoe-tac-a-prefeitura-e-produtores-rurais-de-dona-euzebia\/\">Leia mais <span class=\"screen-reader-text\">Minist\u00e9rio da Agricultura prop\u00f5e TAC \u00e0 Prefeitura e produtores rurais de Dona Euz\u00e9bia<\/span><\/a><\/p>\n","protected":false},"author":2,"featured_media":28922,"comment_status":"open","ping_status":"open","sticky":false,"template":"","format":"standard","meta":{"footnotes":""},"categories":[1],"tags":[5123,5122,5006,189],"class_list":["post-28919","post","type-post","status-publish","format-standard","has-post-thumbnail","hentry","category-noticias","tag-citrus","tag-prefeitura-de-dona-euzebia","tag-produtores-de-mudas","tag-tac","thumb-below-title"],"yoast_head":"<!-- This site is optimized with the Yoast SEO plugin v27.4 - https:\/\/yoast.com\/product\/yoast-seo-wordpress\/ -->\n<title>Minist\u00e9rio da Agricultura prop\u00f5e TAC \u00e0 Prefeitura e produtores rurais de Dona Euz\u00e9bia | Marcelo Lopes<\/title>\n<meta name=\"robots\" content=\"index, follow, max-snippet:-1, max-image-preview:large, max-video-preview:-1\" \/>\n<link rel=\"canonical\" href=\"https:\/\/marcelolopes.jor.br\/site\/2021\/12\/01\/ministerio-da-agricultura-propoe-tac-a-prefeitura-e-produtores-rurais-de-dona-euzebia\/\" \/>\n<meta property=\"og:locale\" content=\"pt_BR\" \/>\n<meta property=\"og:type\" content=\"article\" \/>\n<meta property=\"og:title\" content=\"Minist\u00e9rio da Agricultura prop\u00f5e TAC \u00e0 Prefeitura e produtores rurais de Dona Euz\u00e9bia | Marcelo Lopes\" \/>\n<meta property=\"og:description\" content=\"O Minist\u00e9rio da Agricultura, Pecu\u00e1ria e Abastecimento prop\u00f4s a elabora\u00e7\u00e3o em conjunto pelos produtores rurais e prefeitura de Dona Euz\u00e9bia de um TAC &#8211; Termo de Ajustamento de Conduta &#8211; a ser firmado pelo Minist\u00e9rio P\u00fablico. A proposta \u00e9 umaLeia mais Minist\u00e9rio da Agricultura prop\u00f5e TAC \u00e0 Prefeitura e produtores rurais de Dona Euz\u00e9bia\" \/>\n<meta property=\"og:url\" content=\"https:\/\/marcelolopes.jor.br\/site\/2021\/12\/01\/ministerio-da-agricultura-propoe-tac-a-prefeitura-e-produtores-rurais-de-dona-euzebia\/\" \/>\n<meta property=\"og:site_name\" content=\"Marcelo Lopes\" \/>\n<meta property=\"article:publisher\" content=\"https:\/\/www.facebook.com\/sitedomarcelolopes\" \/>\n<meta property=\"article:published_time\" content=\"2021-12-01T19:00:06+00:00\" \/>\n<meta property=\"og:image\" content=\"https:\/\/marcelolopes.jor.br\/site\/wp-content\/uploads\/2021\/12\/citros_enxerto-lupatec02.jpeg\" \/>\n\t<meta property=\"og:image:width\" content=\"800\" \/>\n\t<meta property=\"og:image:height\" content=\"478\" \/>\n\t<meta property=\"og:image:type\" content=\"image\/jpeg\" \/>\n<meta name=\"author\" content=\"Marcelo Lopes\" \/>\n<meta name=\"twitter:card\" content=\"summary_large_image\" \/>\n<meta name=\"twitter:label1\" content=\"Escrito por\" \/>\n\t<meta name=\"twitter:data1\" content=\"Marcelo Lopes\" \/>\n\t<meta name=\"twitter:label2\" content=\"Est. tempo de leitura\" \/>\n\t<meta name=\"twitter:data2\" content=\"2 minutos\" \/>\n<script type=\"application\/ld+json\" class=\"yoast-schema-graph\">{\"@context\":\"https:\\\/\\\/schema.org\",\"@graph\":[{\"@type\":\"NewsArticle\",\"@id\":\"https:\\\/\\\/marcelolopes.jor.br\\\/site\\\/2021\\\/12\\\/01\\\/ministerio-da-agricultura-propoe-tac-a-prefeitura-e-produtores-rurais-de-dona-euzebia\\\/#article\",\"isPartOf\":{\"@id\":\"https:\\\/\\\/marcelolopes.jor.br\\\/site\\\/2021\\\/12\\\/01\\\/ministerio-da-agricultura-propoe-tac-a-prefeitura-e-produtores-rurais-de-dona-euzebia\\\/\"},\"author\":{\"name\":\"Marcelo Lopes\",\"@id\":\"https:\\\/\\\/marcelolopes.jor.br\\\/site\\\/#\\\/schema\\\/person\\\/3e7216a35c34d8fdf952b31da3d1f89f\"},\"headline\":\"Minist\u00e9rio da Agricultura prop\u00f5e TAC \u00e0 Prefeitura e produtores rurais de Dona Euz\u00e9bia\",\"datePublished\":\"2021-12-01T19:00:06+00:00\",\"mainEntityOfPage\":{\"@id\":\"https:\\\/\\\/marcelolopes.jor.br\\\/site\\\/2021\\\/12\\\/01\\\/ministerio-da-agricultura-propoe-tac-a-prefeitura-e-produtores-rurais-de-dona-euzebia\\\/\"},\"wordCount\":382,\"commentCount\":0,\"publisher\":{\"@id\":\"https:\\\/\\\/marcelolopes.jor.br\\\/site\\\/#organization\"},\"image\":{\"@id\":\"https:\\\/\\\/marcelolopes.jor.br\\\/site\\\/2021\\\/12\\\/01\\\/ministerio-da-agricultura-propoe-tac-a-prefeitura-e-produtores-rurais-de-dona-euzebia\\\/#primaryimage\"},\"thumbnailUrl\":\"https:\\\/\\\/marcelolopes.jor.br\\\/site\\\/wp-content\\\/uploads\\\/2021\\\/12\\\/citros_enxerto-lupatec02.jpeg\",\"keywords\":[\"citrus\",\"Prefeitura de Dona Euz\u00e9bia\",\"produtores de mudas\",\"TAC\"],\"articleSection\":[\"Not\u00edcias\"],\"inLanguage\":\"pt-BR\",\"potentialAction\":[{\"@type\":\"CommentAction\",\"name\":\"Comment\",\"target\":[\"https:\\\/\\\/marcelolopes.jor.br\\\/site\\\/2021\\\/12\\\/01\\\/ministerio-da-agricultura-propoe-tac-a-prefeitura-e-produtores-rurais-de-dona-euzebia\\\/#respond\"]}]},{\"@type\":\"WebPage\",\"@id\":\"https:\\\/\\\/marcelolopes.jor.br\\\/site\\\/2021\\\/12\\\/01\\\/ministerio-da-agricultura-propoe-tac-a-prefeitura-e-produtores-rurais-de-dona-euzebia\\\/\",\"url\":\"https:\\\/\\\/marcelolopes.jor.br\\\/site\\\/2021\\\/12\\\/01\\\/ministerio-da-agricultura-propoe-tac-a-prefeitura-e-produtores-rurais-de-dona-euzebia\\\/\",\"name\":\"Minist\u00e9rio da Agricultura prop\u00f5e TAC \u00e0 Prefeitura e produtores rurais de Dona Euz\u00e9bia | Marcelo Lopes\",\"isPartOf\":{\"@id\":\"https:\\\/\\\/marcelolopes.jor.br\\\/site\\\/#website\"},\"primaryImageOfPage\":{\"@id\":\"https:\\\/\\\/marcelolopes.jor.br\\\/site\\\/2021\\\/12\\\/01\\\/ministerio-da-agricultura-propoe-tac-a-prefeitura-e-produtores-rurais-de-dona-euzebia\\\/#primaryimage\"},\"image\":{\"@id\":\"https:\\\/\\\/marcelolopes.jor.br\\\/site\\\/2021\\\/12\\\/01\\\/ministerio-da-agricultura-propoe-tac-a-prefeitura-e-produtores-rurais-de-dona-euzebia\\\/#primaryimage\"},\"thumbnailUrl\":\"https:\\\/\\\/marcelolopes.jor.br\\\/site\\\/wp-content\\\/uploads\\\/2021\\\/12\\\/citros_enxerto-lupatec02.jpeg\",\"datePublished\":\"2021-12-01T19:00:06+00:00\",\"breadcrumb\":{\"@id\":\"https:\\\/\\\/marcelolopes.jor.br\\\/site\\\/2021\\\/12\\\/01\\\/ministerio-da-agricultura-propoe-tac-a-prefeitura-e-produtores-rurais-de-dona-euzebia\\\/#breadcrumb\"},\"inLanguage\":\"pt-BR\",\"potentialAction\":[{\"@type\":\"ReadAction\",\"target\":[\"https:\\\/\\\/marcelolopes.jor.br\\\/site\\\/2021\\\/12\\\/01\\\/ministerio-da-agricultura-propoe-tac-a-prefeitura-e-produtores-rurais-de-dona-euzebia\\\/\"]}]},{\"@type\":\"ImageObject\",\"inLanguage\":\"pt-BR\",\"@id\":\"https:\\\/\\\/marcelolopes.jor.br\\\/site\\\/2021\\\/12\\\/01\\\/ministerio-da-agricultura-propoe-tac-a-prefeitura-e-produtores-rurais-de-dona-euzebia\\\/#primaryimage\",\"url\":\"https:\\\/\\\/marcelolopes.jor.br\\\/site\\\/wp-content\\\/uploads\\\/2021\\\/12\\\/citros_enxerto-lupatec02.jpeg\",\"contentUrl\":\"https:\\\/\\\/marcelolopes.jor.br\\\/site\\\/wp-content\\\/uploads\\\/2021\\\/12\\\/citros_enxerto-lupatec02.jpeg\",\"width\":800,\"height\":478},{\"@type\":\"BreadcrumbList\",\"@id\":\"https:\\\/\\\/marcelolopes.jor.br\\\/site\\\/2021\\\/12\\\/01\\\/ministerio-da-agricultura-propoe-tac-a-prefeitura-e-produtores-rurais-de-dona-euzebia\\\/#breadcrumb\",\"itemListElement\":[{\"@type\":\"ListItem\",\"position\":1,\"name\":\"Home\",\"item\":\"https:\\\/\\\/marcelolopes.jor.br\\\/site\\\/\"},{\"@type\":\"ListItem\",\"position\":2,\"name\":\"Minist\u00e9rio da Agricultura prop\u00f5e TAC \u00e0 Prefeitura e produtores rurais de Dona Euz\u00e9bia\"}]},{\"@type\":\"WebSite\",\"@id\":\"https:\\\/\\\/marcelolopes.jor.br\\\/site\\\/#website\",\"url\":\"https:\\\/\\\/marcelolopes.jor.br\\\/site\\\/\",\"name\":\"Marcelo Lopes\",\"description\":\"Not\u00edcias de Cataguases e Regi\u00e3o\",\"publisher\":{\"@id\":\"https:\\\/\\\/marcelolopes.jor.br\\\/site\\\/#organization\"},\"potentialAction\":[{\"@type\":\"SearchAction\",\"target\":{\"@type\":\"EntryPoint\",\"urlTemplate\":\"https:\\\/\\\/marcelolopes.jor.br\\\/site\\\/?s={search_term_string}\"},\"query-input\":{\"@type\":\"PropertyValueSpecification\",\"valueRequired\":true,\"valueName\":\"search_term_string\"}}],\"inLanguage\":\"pt-BR\"},{\"@type\":\"Organization\",\"@id\":\"https:\\\/\\\/marcelolopes.jor.br\\\/site\\\/#organization\",\"name\":\"Site do Marcelo Lopes\",\"url\":\"https:\\\/\\\/marcelolopes.jor.br\\\/site\\\/\",\"logo\":{\"@type\":\"ImageObject\",\"inLanguage\":\"pt-BR\",\"@id\":\"https:\\\/\\\/marcelolopes.jor.br\\\/site\\\/#\\\/schema\\\/logo\\\/image\\\/\",\"url\":\"https:\\\/\\\/marcelolopes.jor.br\\\/site\\\/wp-content\\\/uploads\\\/2024\\\/11\\\/logo-1.png\",\"contentUrl\":\"https:\\\/\\\/marcelolopes.jor.br\\\/site\\\/wp-content\\\/uploads\\\/2024\\\/11\\\/logo-1.png\",\"width\":475,\"height\":80,\"caption\":\"Site do Marcelo Lopes\"},\"image\":{\"@id\":\"https:\\\/\\\/marcelolopes.jor.br\\\/site\\\/#\\\/schema\\\/logo\\\/image\\\/\"},\"sameAs\":[\"https:\\\/\\\/www.facebook.com\\\/sitedomarcelolopes\",\"https:\\\/\\\/www.instagram.com\\\/sitedomarcelolopes\\\/\",\"https:\\\/\\\/www.linkedin.com\\\/company\\\/site-do-marcelo-lopes\\\/\",\"https:\\\/\\\/www.youtube.com\\\/user\\\/marcelolopes957\"]},{\"@type\":\"Person\",\"@id\":\"https:\\\/\\\/marcelolopes.jor.br\\\/site\\\/#\\\/schema\\\/person\\\/3e7216a35c34d8fdf952b31da3d1f89f\",\"name\":\"Marcelo Lopes\",\"sameAs\":[\"http:\\\/\\\/www.marcelolopes.jor.br\"],\"url\":\"https:\\\/\\\/marcelolopes.jor.br\\\/site\\\/author\\\/marcelo\\\/\"}]}<\/script>\n<!-- \/ Yoast SEO plugin. -->","yoast_head_json":{"title":"Minist\u00e9rio da Agricultura prop\u00f5e TAC \u00e0 Prefeitura e produtores rurais de Dona Euz\u00e9bia | Marcelo Lopes","robots":{"index":"index","follow":"follow","max-snippet":"max-snippet:-1","max-image-preview":"max-image-preview:large","max-video-preview":"max-video-preview:-1"},"canonical":"https:\/\/marcelolopes.jor.br\/site\/2021\/12\/01\/ministerio-da-agricultura-propoe-tac-a-prefeitura-e-produtores-rurais-de-dona-euzebia\/","og_locale":"pt_BR","og_type":"article","og_title":"Minist\u00e9rio da Agricultura prop\u00f5e TAC \u00e0 Prefeitura e produtores rurais de Dona Euz\u00e9bia | Marcelo Lopes","og_description":"O Minist\u00e9rio da Agricultura, Pecu\u00e1ria e Abastecimento prop\u00f4s a elabora\u00e7\u00e3o em conjunto pelos produtores rurais e prefeitura de Dona Euz\u00e9bia de um TAC &#8211; Termo de Ajustamento de Conduta &#8211; a ser firmado pelo Minist\u00e9rio P\u00fablico. A proposta \u00e9 umaLeia mais Minist\u00e9rio da Agricultura prop\u00f5e TAC \u00e0 Prefeitura e produtores rurais de Dona Euz\u00e9bia","og_url":"https:\/\/marcelolopes.jor.br\/site\/2021\/12\/01\/ministerio-da-agricultura-propoe-tac-a-prefeitura-e-produtores-rurais-de-dona-euzebia\/","og_site_name":"Marcelo Lopes","article_publisher":"https:\/\/www.facebook.com\/sitedomarcelolopes","article_published_time":"2021-12-01T19:00:06+00:00","og_image":[{"width":800,"height":478,"url":"https:\/\/marcelolopes.jor.br\/site\/wp-content\/uploads\/2021\/12\/citros_enxerto-lupatec02.jpeg","type":"image\/jpeg"}],"author":"Marcelo Lopes","twitter_card":"summary_large_image","twitter_misc":{"Escrito por":"Marcelo Lopes","Est. tempo de leitura":"2 minutos"},"schema":{"@context":"https:\/\/schema.org","@graph":[{"@type":"NewsArticle","@id":"https:\/\/marcelolopes.jor.br\/site\/2021\/12\/01\/ministerio-da-agricultura-propoe-tac-a-prefeitura-e-produtores-rurais-de-dona-euzebia\/#article","isPartOf":{"@id":"https:\/\/marcelolopes.jor.br\/site\/2021\/12\/01\/ministerio-da-agricultura-propoe-tac-a-prefeitura-e-produtores-rurais-de-dona-euzebia\/"},"author":{"name":"Marcelo Lopes","@id":"https:\/\/marcelolopes.jor.br\/site\/#\/schema\/person\/3e7216a35c34d8fdf952b31da3d1f89f"},"headline":"Minist\u00e9rio da Agricultura prop\u00f5e TAC \u00e0 Prefeitura e produtores rurais de Dona Euz\u00e9bia","datePublished":"2021-12-01T19:00:06+00:00","mainEntityOfPage":{"@id":"https:\/\/marcelolopes.jor.br\/site\/2021\/12\/01\/ministerio-da-agricultura-propoe-tac-a-prefeitura-e-produtores-rurais-de-dona-euzebia\/"},"wordCount":382,"commentCount":0,"publisher":{"@id":"https:\/\/marcelolopes.jor.br\/site\/#organization"},"image":{"@id":"https:\/\/marcelolopes.jor.br\/site\/2021\/12\/01\/ministerio-da-agricultura-propoe-tac-a-prefeitura-e-produtores-rurais-de-dona-euzebia\/#primaryimage"},"thumbnailUrl":"https:\/\/marcelolopes.jor.br\/site\/wp-content\/uploads\/2021\/12\/citros_enxerto-lupatec02.jpeg","keywords":["citrus","Prefeitura de Dona Euz\u00e9bia","produtores de mudas","TAC"],"articleSection":["Not\u00edcias"],"inLanguage":"pt-BR","potentialAction":[{"@type":"CommentAction","name":"Comment","target":["https:\/\/marcelolopes.jor.br\/site\/2021\/12\/01\/ministerio-da-agricultura-propoe-tac-a-prefeitura-e-produtores-rurais-de-dona-euzebia\/#respond"]}]},{"@type":"WebPage","@id":"https:\/\/marcelolopes.jor.br\/site\/2021\/12\/01\/ministerio-da-agricultura-propoe-tac-a-prefeitura-e-produtores-rurais-de-dona-euzebia\/","url":"https:\/\/marcelolopes.jor.br\/site\/2021\/12\/01\/ministerio-da-agricultura-propoe-tac-a-prefeitura-e-produtores-rurais-de-dona-euzebia\/","name":"Minist\u00e9rio da Agricultura prop\u00f5e TAC \u00e0 Prefeitura e produtores rurais de Dona Euz\u00e9bia | Marcelo Lopes","isPartOf":{"@id":"https:\/\/marcelolopes.jor.br\/site\/#website"},"primaryImageOfPage":{"@id":"https:\/\/marcelolopes.jor.br\/site\/2021\/12\/01\/ministerio-da-agricultura-propoe-tac-a-prefeitura-e-produtores-rurais-de-dona-euzebia\/#primaryimage"},"image":{"@id":"https:\/\/marcelolopes.jor.br\/site\/2021\/12\/01\/ministerio-da-agricultura-propoe-tac-a-prefeitura-e-produtores-rurais-de-dona-euzebia\/#primaryimage"},"thumbnailUrl":"https:\/\/marcelolopes.jor.br\/site\/wp-content\/uploads\/2021\/12\/citros_enxerto-lupatec02.jpeg","datePublished":"2021-12-01T19:00:06+00:00","breadcrumb":{"@id":"https:\/\/marcelolopes.jor.br\/site\/2021\/12\/01\/ministerio-da-agricultura-propoe-tac-a-prefeitura-e-produtores-rurais-de-dona-euzebia\/#breadcrumb"},"inLanguage":"pt-BR","potentialAction":[{"@type":"ReadAction","target":["https:\/\/marcelolopes.jor.br\/site\/2021\/12\/01\/ministerio-da-agricultura-propoe-tac-a-prefeitura-e-produtores-rurais-de-dona-euzebia\/"]}]},{"@type":"ImageObject","inLanguage":"pt-BR","@id":"https:\/\/marcelolopes.jor.br\/site\/2021\/12\/01\/ministerio-da-agricultura-propoe-tac-a-prefeitura-e-produtores-rurais-de-dona-euzebia\/#primaryimage","url":"https:\/\/marcelolopes.jor.br\/site\/wp-content\/uploads\/2021\/12\/citros_enxerto-lupatec02.jpeg","contentUrl":"https:\/\/marcelolopes.jor.br\/site\/wp-content\/uploads\/2021\/12\/citros_enxerto-lupatec02.jpeg","width":800,"height":478},{"@type":"BreadcrumbList","@id":"https:\/\/marcelolopes.jor.br\/site\/2021\/12\/01\/ministerio-da-agricultura-propoe-tac-a-prefeitura-e-produtores-rurais-de-dona-euzebia\/#breadcrumb","itemListElement":[{"@type":"ListItem","position":1,"name":"Home","item":"https:\/\/marcelolopes.jor.br\/site\/"},{"@type":"ListItem","position":2,"name":"Minist\u00e9rio da Agricultura prop\u00f5e TAC \u00e0 Prefeitura e produtores rurais de Dona Euz\u00e9bia"}]},{"@type":"WebSite","@id":"https:\/\/marcelolopes.jor.br\/site\/#website","url":"https:\/\/marcelolopes.jor.br\/site\/","name":"Marcelo Lopes","description":"Not\u00edcias de Cataguases e Regi\u00e3o","publisher":{"@id":"https:\/\/marcelolopes.jor.br\/site\/#organization"},"potentialAction":[{"@type":"SearchAction","target":{"@type":"EntryPoint","urlTemplate":"https:\/\/marcelolopes.jor.br\/site\/?s={search_term_string}"},"query-input":{"@type":"PropertyValueSpecification","valueRequired":true,"valueName":"search_term_string"}}],"inLanguage":"pt-BR"},{"@type":"Organization","@id":"https:\/\/marcelolopes.jor.br\/site\/#organization","name":"Site do Marcelo Lopes","url":"https:\/\/marcelolopes.jor.br\/site\/","logo":{"@type":"ImageObject","inLanguage":"pt-BR","@id":"https:\/\/marcelolopes.jor.br\/site\/#\/schema\/logo\/image\/","url":"https:\/\/marcelolopes.jor.br\/site\/wp-content\/uploads\/2024\/11\/logo-1.png","contentUrl":"https:\/\/marcelolopes.jor.br\/site\/wp-content\/uploads\/2024\/11\/logo-1.png","width":475,"height":80,"caption":"Site do Marcelo Lopes"},"image":{"@id":"https:\/\/marcelolopes.jor.br\/site\/#\/schema\/logo\/image\/"},"sameAs":["https:\/\/www.facebook.com\/sitedomarcelolopes","https:\/\/www.instagram.com\/sitedomarcelolopes\/","https:\/\/www.linkedin.com\/company\/site-do-marcelo-lopes\/","https:\/\/www.youtube.com\/user\/marcelolopes957"]},{"@type":"Person","@id":"https:\/\/marcelolopes.jor.br\/site\/#\/schema\/person\/3e7216a35c34d8fdf952b31da3d1f89f","name":"Marcelo Lopes","sameAs":["http:\/\/www.marcelolopes.jor.br"],"url":"https:\/\/marcelolopes.jor.br\/site\/author\/marcelo\/"}]}},"wps_subtitle":"Documento ser\u00e1 elaborado em conjunto com Prefeitura e produtores de mudas.","_links":{"self":[{"href":"https:\/\/marcelolopes.jor.br\/site\/wp-json\/wp\/v2\/posts\/28919","targetHints":{"allow":["GET"]}}],"collection":[{"href":"https:\/\/marcelolopes.jor.br\/site\/wp-json\/wp\/v2\/posts"}],"about":[{"href":"https:\/\/marcelolopes.jor.br\/site\/wp-json\/wp\/v2\/types\/post"}],"author":[{"embeddable":true,"href":"https:\/\/marcelolopes.jor.br\/site\/wp-json\/wp\/v2\/users\/2"}],"replies":[{"embeddable":true,"href":"https:\/\/marcelolopes.jor.br\/site\/wp-json\/wp\/v2\/comments?post=28919"}],"version-history":[{"count":0,"href":"https:\/\/marcelolopes.jor.br\/site\/wp-json\/wp\/v2\/posts\/28919\/revisions"}],"wp:featuredmedia":[{"embeddable":true,"href":"https:\/\/marcelolopes.jor.br\/site\/wp-json\/wp\/v2\/media\/28922"}],"wp:attachment":[{"href":"https:\/\/marcelolopes.jor.br\/site\/wp-json\/wp\/v2\/media?parent=28919"}],"wp:term":[{"taxonomy":"category","embeddable":true,"href":"https:\/\/marcelolopes.jor.br\/site\/wp-json\/wp\/v2\/categories?post=28919"},{"taxonomy":"post_tag","embeddable":true,"href":"https:\/\/marcelolopes.jor.br\/site\/wp-json\/wp\/v2\/tags?post=28919"}],"curies":[{"name":"wp","href":"https:\/\/api.w.org\/{rel}","templated":true}]}}