{"id":28885,"date":"2021-12-01T07:00:12","date_gmt":"2021-12-01T10:00:12","guid":{"rendered":"https:\/\/marcelolopes.jor.br\/?p=28885"},"modified":"2021-11-30T08:59:09","modified_gmt":"2021-11-30T11:59:09","slug":"grupo-toca-realiza-neste-sabado-4-a-oitava-edicao-do-cortejo-de-natal","status":"publish","type":"post","link":"https:\/\/marcelolopes.jor.br\/site\/2021\/12\/01\/grupo-toca-realiza-neste-sabado-4-a-oitava-edicao-do-cortejo-de-natal\/","title":{"rendered":"Grupo TOCA realiza neste s\u00e1bado, 4, a oitava edi\u00e7\u00e3o do Cortejo de Natal"},"content":{"rendered":"<p style=\"text-align: justify;\">O Grupo TOCA &#8211; Teatro e Outras Coisas Art\u00edsticas &#8211; vai realizar, pelo oitavo ano consecutivo, o seu j\u00e1 tradicional Cortejo de Natal. Desta vez o evento vai come\u00e7ar \u00e0s 10 horas do pr\u00f3ximo s\u00e1bado, 4 de dezembro, sendo que a concentra\u00e7\u00e3o ser\u00e1 na Avenida Guido Marliere, em frente \u00e0 Sede S\u00e3o Vicente de Paulo, na Vila Domingos Lopes. O Toca tamb\u00e9m convida as crian\u00e7as a participarem fantasiadas desta festa natalina, juntamente com seus familiares.<!--more--><\/p>\n<p style=\"text-align: justify;\">A atriz e uma das fundadoras do TOCA, Fernanda Godinho, ressalta que o Cortejo &#8220;\u00e9 um presente dos artistas para a cidade que j\u00e1 se tornou tradi\u00e7\u00e3o nesta \u00e9poca do ano\u201d, conta. Ela explica que o evento re\u00fane os grupos de dan\u00e7a, teatro, dan\u00e7a afro e ballet da cidade, al\u00e9m da Fanfarra do Santa Clara. \u201cEste ano ainda temos um motivo a mais para irmos para a rua, pois estamos celebrando o retorno das atividades art\u00edsticas dos teatros e demais segmentos da cultura\u201d, completa.<\/p>\n<p style=\"text-align: justify;\"><img loading=\"lazy\" decoding=\"async\" class=\"alignright wp-image-28888\" src=\"https:\/\/marcelolopes.jor.br\/site\/wp-content\/uploads\/2021\/11\/Cortejo4.jpg\" alt=\"\" width=\"200\" height=\"198\" srcset=\"https:\/\/marcelolopes.jor.br\/site\/wp-content\/uploads\/2021\/11\/Cortejo4.jpg 200w, https:\/\/marcelolopes.jor.br\/site\/wp-content\/uploads\/2021\/11\/Cortejo4-150x150.jpg 150w, https:\/\/marcelolopes.jor.br\/site\/wp-content\/uploads\/2021\/11\/Cortejo4-65x65.jpg 65w\" sizes=\"auto, (max-width: 200px) 100vw, 200px\" \/>Como ocorreu nas edi\u00e7\u00f5es anteriores o Cortejo de Natal promovido pelo TOCA \u00e9 um espet\u00e1culo de cor, interpreta\u00e7\u00e3o, alegria e de talento. Seus participantes desfilam pelas ruas usando pernas de pau, h\u00e1 cuspidor de fogo chamando a aten\u00e7\u00e3o da crian\u00e7adas, al\u00e9m de show de malabares, e, claro, artistas fantasiados, tudo para encantar o p\u00fablico e anunciar a chegada do Natal, a data mais importante do calend\u00e1rio para os crist\u00e3os, pois traz a Boa Nova, o nascimento do Menino Jesus.<\/p>\n<p style=\"text-align: justify;\">Al\u00e9m de Fernanda Godinho e Emerson Morais, os coordenadores do TOCA, estar\u00e3o presentes ao Cortejo os artistas da cidade Renata Fernandes, Matheus Barbosa, Beatriz Ferreira, Jefferson de Oliveira, Paloma Fernandes, Leandro Guimar\u00e3es, Igor Fernandes, Robson Machado, Juliano Carvalho, Diego Rui Barbosa, Gustavo Florindo, Thom Pires e J\u00e9ssica Narciso. Tamb\u00e9m confirmaram presen\u00e7a o grupo de Ballet da professora Maria Clara Nascimento, Grupo Canto e Dan\u00e7a Afro Justino e S\u00e3o Vicente, APN&#8217;s, e a Cia. CRIATIVE Eventos. Para viabilizar toda essa produ\u00e7\u00e3o s\u00e3o parceiros do projeto: Simone Fotografia, Sede S\u00e3o Vicente de Paula, Suport Inform\u00e1tica e Trio da Alegria.<\/p>\n<p>Fonte e fotos: Grupo TOCA<\/p>\n<div class=\"hpdss69f5e455f3b6d\" ><br><\/div><style type=\"text\/css\">\r\n@media screen and (min-width: 1201px) {\r\n.hpdss69f5e455f3b6d {\r\ndisplay: block;\r\n}\r\n}\r\n@media screen and (min-width: 993px) and (max-width: 1200px) {\r\n.hpdss69f5e455f3b6d {\r\ndisplay: block;\r\n}\r\n}\r\n@media screen and (min-width: 769px) and (max-width: 992px) {\r\n.hpdss69f5e455f3b6d {\r\ndisplay: block;\r\n}\r\n}\r\n@media screen and (min-width: 768px) and (max-width: 768px) {\r\n.hpdss69f5e455f3b6d {\r\ndisplay: block;\r\n}\r\n}\r\n@media screen and (max-width: 767px) {\r\n.hpdss69f5e455f3b6d {\r\ndisplay: block;\r\n}\r\n}\r\n<\/style>\r\n<div class=\"rxynm69f5e456045ca\" ><div id=\"div_destino\"><\/div>\r\n<script src=\"https:\/\/cdn.snsrsv.com\/sdk.js\"><\/script>\r\n<script >\r\n      new sdk(\"464030C30061EA8BE065000000000001\") \r\n          .appendTo(\"div_destino\")\r\n          .disableStyle(true) \r\n          .setCacheBusterMacro(\"%%CACHEBUSTER%%\")\r\n          .setSize(\"800\",\"214\")\r\n          .setClickMacro(\"%%CLICK_URL_ESC%%\") \r\n          .setReferrerUrlMacro(\"%%REFERRER_URL_ESC%%\") \r\n          .start(); \r\n<\/script><\/div><style type=\"text\/css\">\r\n@media screen and (min-width: 1201px) {\r\n.rxynm69f5e456045ca {\r\ndisplay: block;\r\n}\r\n}\r\n@media screen and (min-width: 993px) and (max-width: 1200px) {\r\n.rxynm69f5e456045ca {\r\ndisplay: block;\r\n}\r\n}\r\n@media screen and (min-width: 769px) and (max-width: 992px) {\r\n.rxynm69f5e456045ca {\r\ndisplay: block;\r\n}\r\n}\r\n@media screen and (min-width: 768px) and (max-width: 768px) {\r\n.rxynm69f5e456045ca {\r\ndisplay: block;\r\n}\r\n}\r\n@media screen and (max-width: 767px) {\r\n.rxynm69f5e456045ca {\r\ndisplay: block;\r\n}\r\n}\r\n<\/style>\r\n","protected":false},"excerpt":{"rendered":"<p>O Grupo TOCA &#8211; Teatro e Outras Coisas Art\u00edsticas &#8211; vai realizar, pelo oitavo ano consecutivo, o seu j\u00e1 tradicional Cortejo de Natal. Desta vez o evento vai come\u00e7ar \u00e0s 10 horas do pr\u00f3ximo s\u00e1bado, 4 de dezembro, sendo que<\/p>\n<p class=\"link-more\"><a class=\"more-link\" href=\"https:\/\/marcelolopes.jor.br\/site\/2021\/12\/01\/grupo-toca-realiza-neste-sabado-4-a-oitava-edicao-do-cortejo-de-natal\/\">Leia mais <span class=\"screen-reader-text\">Grupo TOCA realiza neste s\u00e1bado, 4, a oitava edi\u00e7\u00e3o do Cortejo de Natal<\/span><\/a><\/p>\n","protected":false},"author":2,"featured_media":28887,"comment_status":"open","ping_status":"open","sticky":false,"template":"","format":"standard","meta":{"footnotes":""},"categories":[1],"tags":[5110,3402,3400,443],"class_list":["post-28885","post","type-post","status-publish","format-standard","has-post-thumbnail","hentry","category-noticias","tag-artistas-da-cidade","tag-cortejo-de-natal","tag-grupo-toca","tag-teatro-e-danca","thumb-below-title"],"yoast_head":"<!-- This site is optimized with the Yoast SEO plugin v27.4 - https:\/\/yoast.com\/product\/yoast-seo-wordpress\/ -->\n<title>Grupo TOCA realiza neste s\u00e1bado, 4, a oitava edi\u00e7\u00e3o do Cortejo de Natal | Marcelo Lopes<\/title>\n<meta name=\"robots\" content=\"index, follow, max-snippet:-1, max-image-preview:large, max-video-preview:-1\" \/>\n<link rel=\"canonical\" href=\"https:\/\/marcelolopes.jor.br\/site\/2021\/12\/01\/grupo-toca-realiza-neste-sabado-4-a-oitava-edicao-do-cortejo-de-natal\/\" \/>\n<meta property=\"og:locale\" content=\"pt_BR\" \/>\n<meta property=\"og:type\" content=\"article\" \/>\n<meta property=\"og:title\" content=\"Grupo TOCA realiza neste s\u00e1bado, 4, a oitava edi\u00e7\u00e3o do Cortejo de Natal | Marcelo Lopes\" \/>\n<meta property=\"og:description\" content=\"O Grupo TOCA &#8211; Teatro e Outras Coisas Art\u00edsticas &#8211; vai realizar, pelo oitavo ano consecutivo, o seu j\u00e1 tradicional Cortejo de Natal. Desta vez o evento vai come\u00e7ar \u00e0s 10 horas do pr\u00f3ximo s\u00e1bado, 4 de dezembro, sendo queLeia mais Grupo TOCA realiza neste s\u00e1bado, 4, a oitava edi\u00e7\u00e3o do Cortejo de Natal\" \/>\n<meta property=\"og:url\" content=\"https:\/\/marcelolopes.jor.br\/site\/2021\/12\/01\/grupo-toca-realiza-neste-sabado-4-a-oitava-edicao-do-cortejo-de-natal\/\" \/>\n<meta property=\"og:site_name\" content=\"Marcelo Lopes\" \/>\n<meta property=\"article:publisher\" content=\"https:\/\/www.facebook.com\/sitedomarcelolopes\" \/>\n<meta property=\"article:published_time\" content=\"2021-12-01T10:00:12+00:00\" \/>\n<meta property=\"og:image\" content=\"https:\/\/marcelolopes.jor.br\/site\/wp-content\/uploads\/2021\/11\/Cortejo1.jpg\" \/>\n\t<meta property=\"og:image:width\" content=\"800\" \/>\n\t<meta property=\"og:image:height\" content=\"518\" \/>\n\t<meta property=\"og:image:type\" content=\"image\/jpeg\" \/>\n<meta name=\"author\" content=\"Marcelo Lopes\" \/>\n<meta name=\"twitter:card\" content=\"summary_large_image\" \/>\n<meta name=\"twitter:label1\" content=\"Escrito por\" \/>\n\t<meta name=\"twitter:data1\" content=\"Marcelo Lopes\" \/>\n\t<meta name=\"twitter:label2\" content=\"Est. tempo de leitura\" \/>\n\t<meta name=\"twitter:data2\" content=\"2 minutos\" \/>\n<script type=\"application\/ld+json\" class=\"yoast-schema-graph\">{\"@context\":\"https:\\\/\\\/schema.org\",\"@graph\":[{\"@type\":\"NewsArticle\",\"@id\":\"https:\\\/\\\/marcelolopes.jor.br\\\/site\\\/2021\\\/12\\\/01\\\/grupo-toca-realiza-neste-sabado-4-a-oitava-edicao-do-cortejo-de-natal\\\/#article\",\"isPartOf\":{\"@id\":\"https:\\\/\\\/marcelolopes.jor.br\\\/site\\\/2021\\\/12\\\/01\\\/grupo-toca-realiza-neste-sabado-4-a-oitava-edicao-do-cortejo-de-natal\\\/\"},\"author\":{\"name\":\"Marcelo Lopes\",\"@id\":\"https:\\\/\\\/marcelolopes.jor.br\\\/site\\\/#\\\/schema\\\/person\\\/3e7216a35c34d8fdf952b31da3d1f89f\"},\"headline\":\"Grupo TOCA realiza neste s\u00e1bado, 4, a oitava edi\u00e7\u00e3o do Cortejo de Natal\",\"datePublished\":\"2021-12-01T10:00:12+00:00\",\"mainEntityOfPage\":{\"@id\":\"https:\\\/\\\/marcelolopes.jor.br\\\/site\\\/2021\\\/12\\\/01\\\/grupo-toca-realiza-neste-sabado-4-a-oitava-edicao-do-cortejo-de-natal\\\/\"},\"wordCount\":384,\"commentCount\":0,\"publisher\":{\"@id\":\"https:\\\/\\\/marcelolopes.jor.br\\\/site\\\/#organization\"},\"image\":{\"@id\":\"https:\\\/\\\/marcelolopes.jor.br\\\/site\\\/2021\\\/12\\\/01\\\/grupo-toca-realiza-neste-sabado-4-a-oitava-edicao-do-cortejo-de-natal\\\/#primaryimage\"},\"thumbnailUrl\":\"https:\\\/\\\/marcelolopes.jor.br\\\/site\\\/wp-content\\\/uploads\\\/2021\\\/11\\\/Cortejo1.jpg\",\"keywords\":[\"artistas da cidade\",\"Cortejo de Natal\",\"Grupo TOCA\",\"teatro e dan\u00e7a\"],\"articleSection\":[\"Not\u00edcias\"],\"inLanguage\":\"pt-BR\",\"potentialAction\":[{\"@type\":\"CommentAction\",\"name\":\"Comment\",\"target\":[\"https:\\\/\\\/marcelolopes.jor.br\\\/site\\\/2021\\\/12\\\/01\\\/grupo-toca-realiza-neste-sabado-4-a-oitava-edicao-do-cortejo-de-natal\\\/#respond\"]}]},{\"@type\":\"WebPage\",\"@id\":\"https:\\\/\\\/marcelolopes.jor.br\\\/site\\\/2021\\\/12\\\/01\\\/grupo-toca-realiza-neste-sabado-4-a-oitava-edicao-do-cortejo-de-natal\\\/\",\"url\":\"https:\\\/\\\/marcelolopes.jor.br\\\/site\\\/2021\\\/12\\\/01\\\/grupo-toca-realiza-neste-sabado-4-a-oitava-edicao-do-cortejo-de-natal\\\/\",\"name\":\"Grupo TOCA realiza neste s\u00e1bado, 4, a oitava edi\u00e7\u00e3o do Cortejo de Natal | Marcelo Lopes\",\"isPartOf\":{\"@id\":\"https:\\\/\\\/marcelolopes.jor.br\\\/site\\\/#website\"},\"primaryImageOfPage\":{\"@id\":\"https:\\\/\\\/marcelolopes.jor.br\\\/site\\\/2021\\\/12\\\/01\\\/grupo-toca-realiza-neste-sabado-4-a-oitava-edicao-do-cortejo-de-natal\\\/#primaryimage\"},\"image\":{\"@id\":\"https:\\\/\\\/marcelolopes.jor.br\\\/site\\\/2021\\\/12\\\/01\\\/grupo-toca-realiza-neste-sabado-4-a-oitava-edicao-do-cortejo-de-natal\\\/#primaryimage\"},\"thumbnailUrl\":\"https:\\\/\\\/marcelolopes.jor.br\\\/site\\\/wp-content\\\/uploads\\\/2021\\\/11\\\/Cortejo1.jpg\",\"datePublished\":\"2021-12-01T10:00:12+00:00\",\"breadcrumb\":{\"@id\":\"https:\\\/\\\/marcelolopes.jor.br\\\/site\\\/2021\\\/12\\\/01\\\/grupo-toca-realiza-neste-sabado-4-a-oitava-edicao-do-cortejo-de-natal\\\/#breadcrumb\"},\"inLanguage\":\"pt-BR\",\"potentialAction\":[{\"@type\":\"ReadAction\",\"target\":[\"https:\\\/\\\/marcelolopes.jor.br\\\/site\\\/2021\\\/12\\\/01\\\/grupo-toca-realiza-neste-sabado-4-a-oitava-edicao-do-cortejo-de-natal\\\/\"]}]},{\"@type\":\"ImageObject\",\"inLanguage\":\"pt-BR\",\"@id\":\"https:\\\/\\\/marcelolopes.jor.br\\\/site\\\/2021\\\/12\\\/01\\\/grupo-toca-realiza-neste-sabado-4-a-oitava-edicao-do-cortejo-de-natal\\\/#primaryimage\",\"url\":\"https:\\\/\\\/marcelolopes.jor.br\\\/site\\\/wp-content\\\/uploads\\\/2021\\\/11\\\/Cortejo1.jpg\",\"contentUrl\":\"https:\\\/\\\/marcelolopes.jor.br\\\/site\\\/wp-content\\\/uploads\\\/2021\\\/11\\\/Cortejo1.jpg\",\"width\":800,\"height\":518},{\"@type\":\"BreadcrumbList\",\"@id\":\"https:\\\/\\\/marcelolopes.jor.br\\\/site\\\/2021\\\/12\\\/01\\\/grupo-toca-realiza-neste-sabado-4-a-oitava-edicao-do-cortejo-de-natal\\\/#breadcrumb\",\"itemListElement\":[{\"@type\":\"ListItem\",\"position\":1,\"name\":\"Home\",\"item\":\"https:\\\/\\\/marcelolopes.jor.br\\\/site\\\/\"},{\"@type\":\"ListItem\",\"position\":2,\"name\":\"Grupo TOCA realiza neste s\u00e1bado, 4, a oitava edi\u00e7\u00e3o do Cortejo de Natal\"}]},{\"@type\":\"WebSite\",\"@id\":\"https:\\\/\\\/marcelolopes.jor.br\\\/site\\\/#website\",\"url\":\"https:\\\/\\\/marcelolopes.jor.br\\\/site\\\/\",\"name\":\"Marcelo Lopes\",\"description\":\"Not\u00edcias de Cataguases e Regi\u00e3o\",\"publisher\":{\"@id\":\"https:\\\/\\\/marcelolopes.jor.br\\\/site\\\/#organization\"},\"potentialAction\":[{\"@type\":\"SearchAction\",\"target\":{\"@type\":\"EntryPoint\",\"urlTemplate\":\"https:\\\/\\\/marcelolopes.jor.br\\\/site\\\/?s={search_term_string}\"},\"query-input\":{\"@type\":\"PropertyValueSpecification\",\"valueRequired\":true,\"valueName\":\"search_term_string\"}}],\"inLanguage\":\"pt-BR\"},{\"@type\":\"Organization\",\"@id\":\"https:\\\/\\\/marcelolopes.jor.br\\\/site\\\/#organization\",\"name\":\"Site do Marcelo Lopes\",\"url\":\"https:\\\/\\\/marcelolopes.jor.br\\\/site\\\/\",\"logo\":{\"@type\":\"ImageObject\",\"inLanguage\":\"pt-BR\",\"@id\":\"https:\\\/\\\/marcelolopes.jor.br\\\/site\\\/#\\\/schema\\\/logo\\\/image\\\/\",\"url\":\"https:\\\/\\\/marcelolopes.jor.br\\\/site\\\/wp-content\\\/uploads\\\/2024\\\/11\\\/logo-1.png\",\"contentUrl\":\"https:\\\/\\\/marcelolopes.jor.br\\\/site\\\/wp-content\\\/uploads\\\/2024\\\/11\\\/logo-1.png\",\"width\":475,\"height\":80,\"caption\":\"Site do Marcelo Lopes\"},\"image\":{\"@id\":\"https:\\\/\\\/marcelolopes.jor.br\\\/site\\\/#\\\/schema\\\/logo\\\/image\\\/\"},\"sameAs\":[\"https:\\\/\\\/www.facebook.com\\\/sitedomarcelolopes\",\"https:\\\/\\\/www.instagram.com\\\/sitedomarcelolopes\\\/\",\"https:\\\/\\\/www.linkedin.com\\\/company\\\/site-do-marcelo-lopes\\\/\",\"https:\\\/\\\/www.youtube.com\\\/user\\\/marcelolopes957\"]},{\"@type\":\"Person\",\"@id\":\"https:\\\/\\\/marcelolopes.jor.br\\\/site\\\/#\\\/schema\\\/person\\\/3e7216a35c34d8fdf952b31da3d1f89f\",\"name\":\"Marcelo Lopes\",\"sameAs\":[\"http:\\\/\\\/www.marcelolopes.jor.br\"],\"url\":\"https:\\\/\\\/marcelolopes.jor.br\\\/site\\\/author\\\/marcelo\\\/\"}]}<\/script>\n<!-- \/ Yoast SEO plugin. -->","yoast_head_json":{"title":"Grupo TOCA realiza neste s\u00e1bado, 4, a oitava edi\u00e7\u00e3o do Cortejo de Natal | Marcelo Lopes","robots":{"index":"index","follow":"follow","max-snippet":"max-snippet:-1","max-image-preview":"max-image-preview:large","max-video-preview":"max-video-preview:-1"},"canonical":"https:\/\/marcelolopes.jor.br\/site\/2021\/12\/01\/grupo-toca-realiza-neste-sabado-4-a-oitava-edicao-do-cortejo-de-natal\/","og_locale":"pt_BR","og_type":"article","og_title":"Grupo TOCA realiza neste s\u00e1bado, 4, a oitava edi\u00e7\u00e3o do Cortejo de Natal | Marcelo Lopes","og_description":"O Grupo TOCA &#8211; Teatro e Outras Coisas Art\u00edsticas &#8211; vai realizar, pelo oitavo ano consecutivo, o seu j\u00e1 tradicional Cortejo de Natal. Desta vez o evento vai come\u00e7ar \u00e0s 10 horas do pr\u00f3ximo s\u00e1bado, 4 de dezembro, sendo queLeia mais Grupo TOCA realiza neste s\u00e1bado, 4, a oitava edi\u00e7\u00e3o do Cortejo de Natal","og_url":"https:\/\/marcelolopes.jor.br\/site\/2021\/12\/01\/grupo-toca-realiza-neste-sabado-4-a-oitava-edicao-do-cortejo-de-natal\/","og_site_name":"Marcelo Lopes","article_publisher":"https:\/\/www.facebook.com\/sitedomarcelolopes","article_published_time":"2021-12-01T10:00:12+00:00","og_image":[{"width":800,"height":518,"url":"https:\/\/marcelolopes.jor.br\/site\/wp-content\/uploads\/2021\/11\/Cortejo1.jpg","type":"image\/jpeg"}],"author":"Marcelo Lopes","twitter_card":"summary_large_image","twitter_misc":{"Escrito por":"Marcelo Lopes","Est. tempo de leitura":"2 minutos"},"schema":{"@context":"https:\/\/schema.org","@graph":[{"@type":"NewsArticle","@id":"https:\/\/marcelolopes.jor.br\/site\/2021\/12\/01\/grupo-toca-realiza-neste-sabado-4-a-oitava-edicao-do-cortejo-de-natal\/#article","isPartOf":{"@id":"https:\/\/marcelolopes.jor.br\/site\/2021\/12\/01\/grupo-toca-realiza-neste-sabado-4-a-oitava-edicao-do-cortejo-de-natal\/"},"author":{"name":"Marcelo Lopes","@id":"https:\/\/marcelolopes.jor.br\/site\/#\/schema\/person\/3e7216a35c34d8fdf952b31da3d1f89f"},"headline":"Grupo TOCA realiza neste s\u00e1bado, 4, a oitava edi\u00e7\u00e3o do Cortejo de Natal","datePublished":"2021-12-01T10:00:12+00:00","mainEntityOfPage":{"@id":"https:\/\/marcelolopes.jor.br\/site\/2021\/12\/01\/grupo-toca-realiza-neste-sabado-4-a-oitava-edicao-do-cortejo-de-natal\/"},"wordCount":384,"commentCount":0,"publisher":{"@id":"https:\/\/marcelolopes.jor.br\/site\/#organization"},"image":{"@id":"https:\/\/marcelolopes.jor.br\/site\/2021\/12\/01\/grupo-toca-realiza-neste-sabado-4-a-oitava-edicao-do-cortejo-de-natal\/#primaryimage"},"thumbnailUrl":"https:\/\/marcelolopes.jor.br\/site\/wp-content\/uploads\/2021\/11\/Cortejo1.jpg","keywords":["artistas da cidade","Cortejo de Natal","Grupo TOCA","teatro e dan\u00e7a"],"articleSection":["Not\u00edcias"],"inLanguage":"pt-BR","potentialAction":[{"@type":"CommentAction","name":"Comment","target":["https:\/\/marcelolopes.jor.br\/site\/2021\/12\/01\/grupo-toca-realiza-neste-sabado-4-a-oitava-edicao-do-cortejo-de-natal\/#respond"]}]},{"@type":"WebPage","@id":"https:\/\/marcelolopes.jor.br\/site\/2021\/12\/01\/grupo-toca-realiza-neste-sabado-4-a-oitava-edicao-do-cortejo-de-natal\/","url":"https:\/\/marcelolopes.jor.br\/site\/2021\/12\/01\/grupo-toca-realiza-neste-sabado-4-a-oitava-edicao-do-cortejo-de-natal\/","name":"Grupo TOCA realiza neste s\u00e1bado, 4, a oitava edi\u00e7\u00e3o do Cortejo de Natal | Marcelo Lopes","isPartOf":{"@id":"https:\/\/marcelolopes.jor.br\/site\/#website"},"primaryImageOfPage":{"@id":"https:\/\/marcelolopes.jor.br\/site\/2021\/12\/01\/grupo-toca-realiza-neste-sabado-4-a-oitava-edicao-do-cortejo-de-natal\/#primaryimage"},"image":{"@id":"https:\/\/marcelolopes.jor.br\/site\/2021\/12\/01\/grupo-toca-realiza-neste-sabado-4-a-oitava-edicao-do-cortejo-de-natal\/#primaryimage"},"thumbnailUrl":"https:\/\/marcelolopes.jor.br\/site\/wp-content\/uploads\/2021\/11\/Cortejo1.jpg","datePublished":"2021-12-01T10:00:12+00:00","breadcrumb":{"@id":"https:\/\/marcelolopes.jor.br\/site\/2021\/12\/01\/grupo-toca-realiza-neste-sabado-4-a-oitava-edicao-do-cortejo-de-natal\/#breadcrumb"},"inLanguage":"pt-BR","potentialAction":[{"@type":"ReadAction","target":["https:\/\/marcelolopes.jor.br\/site\/2021\/12\/01\/grupo-toca-realiza-neste-sabado-4-a-oitava-edicao-do-cortejo-de-natal\/"]}]},{"@type":"ImageObject","inLanguage":"pt-BR","@id":"https:\/\/marcelolopes.jor.br\/site\/2021\/12\/01\/grupo-toca-realiza-neste-sabado-4-a-oitava-edicao-do-cortejo-de-natal\/#primaryimage","url":"https:\/\/marcelolopes.jor.br\/site\/wp-content\/uploads\/2021\/11\/Cortejo1.jpg","contentUrl":"https:\/\/marcelolopes.jor.br\/site\/wp-content\/uploads\/2021\/11\/Cortejo1.jpg","width":800,"height":518},{"@type":"BreadcrumbList","@id":"https:\/\/marcelolopes.jor.br\/site\/2021\/12\/01\/grupo-toca-realiza-neste-sabado-4-a-oitava-edicao-do-cortejo-de-natal\/#breadcrumb","itemListElement":[{"@type":"ListItem","position":1,"name":"Home","item":"https:\/\/marcelolopes.jor.br\/site\/"},{"@type":"ListItem","position":2,"name":"Grupo TOCA realiza neste s\u00e1bado, 4, a oitava edi\u00e7\u00e3o do Cortejo de Natal"}]},{"@type":"WebSite","@id":"https:\/\/marcelolopes.jor.br\/site\/#website","url":"https:\/\/marcelolopes.jor.br\/site\/","name":"Marcelo Lopes","description":"Not\u00edcias de Cataguases e Regi\u00e3o","publisher":{"@id":"https:\/\/marcelolopes.jor.br\/site\/#organization"},"potentialAction":[{"@type":"SearchAction","target":{"@type":"EntryPoint","urlTemplate":"https:\/\/marcelolopes.jor.br\/site\/?s={search_term_string}"},"query-input":{"@type":"PropertyValueSpecification","valueRequired":true,"valueName":"search_term_string"}}],"inLanguage":"pt-BR"},{"@type":"Organization","@id":"https:\/\/marcelolopes.jor.br\/site\/#organization","name":"Site do Marcelo Lopes","url":"https:\/\/marcelolopes.jor.br\/site\/","logo":{"@type":"ImageObject","inLanguage":"pt-BR","@id":"https:\/\/marcelolopes.jor.br\/site\/#\/schema\/logo\/image\/","url":"https:\/\/marcelolopes.jor.br\/site\/wp-content\/uploads\/2024\/11\/logo-1.png","contentUrl":"https:\/\/marcelolopes.jor.br\/site\/wp-content\/uploads\/2024\/11\/logo-1.png","width":475,"height":80,"caption":"Site do Marcelo Lopes"},"image":{"@id":"https:\/\/marcelolopes.jor.br\/site\/#\/schema\/logo\/image\/"},"sameAs":["https:\/\/www.facebook.com\/sitedomarcelolopes","https:\/\/www.instagram.com\/sitedomarcelolopes\/","https:\/\/www.linkedin.com\/company\/site-do-marcelo-lopes\/","https:\/\/www.youtube.com\/user\/marcelolopes957"]},{"@type":"Person","@id":"https:\/\/marcelolopes.jor.br\/site\/#\/schema\/person\/3e7216a35c34d8fdf952b31da3d1f89f","name":"Marcelo Lopes","sameAs":["http:\/\/www.marcelolopes.jor.br"],"url":"https:\/\/marcelolopes.jor.br\/site\/author\/marcelo\/"}]}},"wps_subtitle":"Evento vai come\u00e7ar \u00e0s 10 horas saindo em frente \u00e0 Sede S\u00e3o Vicente de Paulo.","_links":{"self":[{"href":"https:\/\/marcelolopes.jor.br\/site\/wp-json\/wp\/v2\/posts\/28885","targetHints":{"allow":["GET"]}}],"collection":[{"href":"https:\/\/marcelolopes.jor.br\/site\/wp-json\/wp\/v2\/posts"}],"about":[{"href":"https:\/\/marcelolopes.jor.br\/site\/wp-json\/wp\/v2\/types\/post"}],"author":[{"embeddable":true,"href":"https:\/\/marcelolopes.jor.br\/site\/wp-json\/wp\/v2\/users\/2"}],"replies":[{"embeddable":true,"href":"https:\/\/marcelolopes.jor.br\/site\/wp-json\/wp\/v2\/comments?post=28885"}],"version-history":[{"count":0,"href":"https:\/\/marcelolopes.jor.br\/site\/wp-json\/wp\/v2\/posts\/28885\/revisions"}],"wp:featuredmedia":[{"embeddable":true,"href":"https:\/\/marcelolopes.jor.br\/site\/wp-json\/wp\/v2\/media\/28887"}],"wp:attachment":[{"href":"https:\/\/marcelolopes.jor.br\/site\/wp-json\/wp\/v2\/media?parent=28885"}],"wp:term":[{"taxonomy":"category","embeddable":true,"href":"https:\/\/marcelolopes.jor.br\/site\/wp-json\/wp\/v2\/categories?post=28885"},{"taxonomy":"post_tag","embeddable":true,"href":"https:\/\/marcelolopes.jor.br\/site\/wp-json\/wp\/v2\/tags?post=28885"}],"curies":[{"name":"wp","href":"https:\/\/api.w.org\/{rel}","templated":true}]}}