{"id":28739,"date":"2021-11-24T12:00:15","date_gmt":"2021-11-24T15:00:15","guid":{"rendered":"https:\/\/marcelolopes.jor.br\/?p=28739"},"modified":"2021-11-24T11:15:46","modified_gmt":"2021-11-24T14:15:46","slug":"briga-termina-com-tiros-e-dois-feridos-no-distrito-de-santana-do-campestre","status":"publish","type":"post","link":"https:\/\/marcelolopes.jor.br\/site\/2021\/11\/24\/briga-termina-com-tiros-e-dois-feridos-no-distrito-de-santana-do-campestre\/","title":{"rendered":"Briga termina com tiros e dois feridos no distrito de Santana do Campestre"},"content":{"rendered":"<p style=\"text-align: justify;\">Uma briga na Rua Vereador Mateus Fernandes Fraga, no distrito de Santana do Campestre, em Astolfo Dutra, terminou com dois feridos no in\u00edcio da noite desta ter\u00e7a-feira, 23 de novembro.<!--more--><\/p>\n<p style=\"text-align: justify;\">De acordo com a Pol\u00edcia Militar, houve disparos de tiros ap\u00f3s agress\u00f5es m\u00fatuas entre dois indiv\u00edduos, de 39 e 41 anos. Durante a briga, o autor, de 39 anos, foi at\u00e9 a sua casa para buscar um rev\u00f3lver e ao retornar atingiu o homem de 41 anos e uma outra pessoa, de 48 anos, que tentou separar a briga.<\/p>\n<p style=\"text-align: justify;\">Segundo a PM, o autor dos disparos conseguiu fugir por uma estrada rural sentido Sobral Pinto e os dois feridos foram socorridos por uma ambul\u00e2ncia da Secretaria de Sa\u00fade Astolfo Dutra. Durante as buscas, uma arma calibre 32 com cinco muni\u00e7\u00f5es deflagradas e uma intacta foi apreendida.<\/p>\n<p style=\"text-align: justify;\">O jornal O Vigilante Online informou que um dos feridos foi encaminhado com ferimento em uma das m\u00e3os para o Hospital de Cataguases e o outro para a Casa de Caridade Leopoldinense com dois ferimentos na regi\u00e3o do t\u00f3rax e bra\u00e7o esquerdo. A PM segue em busca do autor dos disparos.<\/p>\n<p>Fonte e foto: O Vigilante Online<\/p>\n<div class=\"otuth69f743c9188b4\" ><br><\/div><style type=\"text\/css\">\r\n@media screen and (min-width: 1201px) {\r\n.otuth69f743c9188b4 {\r\ndisplay: block;\r\n}\r\n}\r\n@media screen and (min-width: 993px) and (max-width: 1200px) {\r\n.otuth69f743c9188b4 {\r\ndisplay: block;\r\n}\r\n}\r\n@media screen and (min-width: 769px) and (max-width: 992px) {\r\n.otuth69f743c9188b4 {\r\ndisplay: block;\r\n}\r\n}\r\n@media screen and (min-width: 768px) and (max-width: 768px) {\r\n.otuth69f743c9188b4 {\r\ndisplay: block;\r\n}\r\n}\r\n@media screen and (max-width: 767px) {\r\n.otuth69f743c9188b4 {\r\ndisplay: block;\r\n}\r\n}\r\n<\/style>\r\n<div class=\"xkxmb69f743c91f69d\" ><div id=\"div_destino\"><\/div>\r\n<script src=\"https:\/\/cdn.snsrsv.com\/sdk.js\"><\/script>\r\n<script >\r\n      new sdk(\"464030C30061EA8BE065000000000001\") \r\n          .appendTo(\"div_destino\")\r\n          .disableStyle(true) \r\n          .setCacheBusterMacro(\"%%CACHEBUSTER%%\")\r\n          .setSize(\"800\",\"214\")\r\n          .setClickMacro(\"%%CLICK_URL_ESC%%\") \r\n          .setReferrerUrlMacro(\"%%REFERRER_URL_ESC%%\") \r\n          .start(); \r\n<\/script><\/div><style type=\"text\/css\">\r\n@media screen and (min-width: 1201px) {\r\n.xkxmb69f743c91f69d {\r\ndisplay: block;\r\n}\r\n}\r\n@media screen and (min-width: 993px) and (max-width: 1200px) {\r\n.xkxmb69f743c91f69d {\r\ndisplay: block;\r\n}\r\n}\r\n@media screen and (min-width: 769px) and (max-width: 992px) {\r\n.xkxmb69f743c91f69d {\r\ndisplay: block;\r\n}\r\n}\r\n@media screen and (min-width: 768px) and (max-width: 768px) {\r\n.xkxmb69f743c91f69d {\r\ndisplay: block;\r\n}\r\n}\r\n@media screen and (max-width: 767px) {\r\n.xkxmb69f743c91f69d {\r\ndisplay: block;\r\n}\r\n}\r\n<\/style>\r\n","protected":false},"excerpt":{"rendered":"<p>Uma briga na Rua Vereador Mateus Fernandes Fraga, no distrito de Santana do Campestre, em Astolfo Dutra, terminou com dois feridos no in\u00edcio da noite desta ter\u00e7a-feira, 23 de novembro.<\/p>\n","protected":false},"author":2,"featured_media":28741,"comment_status":"open","ping_status":"open","sticky":false,"template":"","format":"standard","meta":{"footnotes":""},"categories":[1],"tags":[222,227,1292,269],"class_list":["post-28739","post","type-post","status-publish","format-standard","has-post-thumbnail","hentry","category-noticias","tag-briga","tag-feridos","tag-santana-do-campestre","tag-tiros","thumb-below-title"],"yoast_head":"<!-- This site is optimized with the Yoast SEO plugin v27.4 - https:\/\/yoast.com\/product\/yoast-seo-wordpress\/ -->\n<title>Briga termina com tiros e dois feridos no distrito de Santana do Campestre | Marcelo Lopes<\/title>\n<meta name=\"robots\" content=\"index, follow, max-snippet:-1, max-image-preview:large, max-video-preview:-1\" \/>\n<link rel=\"canonical\" href=\"https:\/\/marcelolopes.jor.br\/site\/2021\/11\/24\/briga-termina-com-tiros-e-dois-feridos-no-distrito-de-santana-do-campestre\/\" \/>\n<meta property=\"og:locale\" content=\"pt_BR\" \/>\n<meta property=\"og:type\" content=\"article\" \/>\n<meta property=\"og:title\" content=\"Briga termina com tiros e dois feridos no distrito de Santana do Campestre | Marcelo Lopes\" \/>\n<meta property=\"og:description\" content=\"Uma briga na Rua Vereador Mateus Fernandes Fraga, no distrito de Santana do Campestre, em Astolfo Dutra, terminou com dois feridos no in\u00edcio da noite desta ter\u00e7a-feira, 23 de novembro.\" \/>\n<meta property=\"og:url\" content=\"https:\/\/marcelolopes.jor.br\/site\/2021\/11\/24\/briga-termina-com-tiros-e-dois-feridos-no-distrito-de-santana-do-campestre\/\" \/>\n<meta property=\"og:site_name\" content=\"Marcelo Lopes\" \/>\n<meta property=\"article:publisher\" content=\"https:\/\/www.facebook.com\/sitedomarcelolopes\" \/>\n<meta property=\"article:published_time\" content=\"2021-11-24T15:00:15+00:00\" \/>\n<meta property=\"og:image\" content=\"https:\/\/marcelolopes.jor.br\/site\/wp-content\/uploads\/2021\/11\/PM-OCORRENCIA-O-VIGILANTE-ONLINE.jpeg\" \/>\n\t<meta property=\"og:image:width\" content=\"900\" \/>\n\t<meta property=\"og:image:height\" content=\"529\" \/>\n\t<meta property=\"og:image:type\" content=\"image\/jpeg\" \/>\n<meta name=\"author\" content=\"Marcelo Lopes\" \/>\n<meta name=\"twitter:card\" content=\"summary_large_image\" \/>\n<meta name=\"twitter:label1\" content=\"Escrito por\" \/>\n\t<meta name=\"twitter:data1\" content=\"Marcelo Lopes\" \/>\n\t<meta name=\"twitter:label2\" content=\"Est. tempo de leitura\" \/>\n\t<meta name=\"twitter:data2\" content=\"1 minuto\" \/>\n<script type=\"application\/ld+json\" class=\"yoast-schema-graph\">{\"@context\":\"https:\\\/\\\/schema.org\",\"@graph\":[{\"@type\":\"NewsArticle\",\"@id\":\"https:\\\/\\\/marcelolopes.jor.br\\\/site\\\/2021\\\/11\\\/24\\\/briga-termina-com-tiros-e-dois-feridos-no-distrito-de-santana-do-campestre\\\/#article\",\"isPartOf\":{\"@id\":\"https:\\\/\\\/marcelolopes.jor.br\\\/site\\\/2021\\\/11\\\/24\\\/briga-termina-com-tiros-e-dois-feridos-no-distrito-de-santana-do-campestre\\\/\"},\"author\":{\"name\":\"Marcelo Lopes\",\"@id\":\"https:\\\/\\\/marcelolopes.jor.br\\\/site\\\/#\\\/schema\\\/person\\\/3e7216a35c34d8fdf952b31da3d1f89f\"},\"headline\":\"Briga termina com tiros e dois feridos no distrito de Santana do Campestre\",\"datePublished\":\"2021-11-24T15:00:15+00:00\",\"mainEntityOfPage\":{\"@id\":\"https:\\\/\\\/marcelolopes.jor.br\\\/site\\\/2021\\\/11\\\/24\\\/briga-termina-com-tiros-e-dois-feridos-no-distrito-de-santana-do-campestre\\\/\"},\"wordCount\":214,\"commentCount\":0,\"publisher\":{\"@id\":\"https:\\\/\\\/marcelolopes.jor.br\\\/site\\\/#organization\"},\"image\":{\"@id\":\"https:\\\/\\\/marcelolopes.jor.br\\\/site\\\/2021\\\/11\\\/24\\\/briga-termina-com-tiros-e-dois-feridos-no-distrito-de-santana-do-campestre\\\/#primaryimage\"},\"thumbnailUrl\":\"https:\\\/\\\/marcelolopes.jor.br\\\/site\\\/wp-content\\\/uploads\\\/2021\\\/11\\\/PM-OCORRENCIA-O-VIGILANTE-ONLINE.jpeg\",\"keywords\":[\"briga\",\"feridos\",\"Santana do Campestre\",\"tiros\"],\"articleSection\":[\"Not\u00edcias\"],\"inLanguage\":\"pt-BR\",\"potentialAction\":[{\"@type\":\"CommentAction\",\"name\":\"Comment\",\"target\":[\"https:\\\/\\\/marcelolopes.jor.br\\\/site\\\/2021\\\/11\\\/24\\\/briga-termina-com-tiros-e-dois-feridos-no-distrito-de-santana-do-campestre\\\/#respond\"]}]},{\"@type\":\"WebPage\",\"@id\":\"https:\\\/\\\/marcelolopes.jor.br\\\/site\\\/2021\\\/11\\\/24\\\/briga-termina-com-tiros-e-dois-feridos-no-distrito-de-santana-do-campestre\\\/\",\"url\":\"https:\\\/\\\/marcelolopes.jor.br\\\/site\\\/2021\\\/11\\\/24\\\/briga-termina-com-tiros-e-dois-feridos-no-distrito-de-santana-do-campestre\\\/\",\"name\":\"Briga termina com tiros e dois feridos no distrito de Santana do Campestre | Marcelo Lopes\",\"isPartOf\":{\"@id\":\"https:\\\/\\\/marcelolopes.jor.br\\\/site\\\/#website\"},\"primaryImageOfPage\":{\"@id\":\"https:\\\/\\\/marcelolopes.jor.br\\\/site\\\/2021\\\/11\\\/24\\\/briga-termina-com-tiros-e-dois-feridos-no-distrito-de-santana-do-campestre\\\/#primaryimage\"},\"image\":{\"@id\":\"https:\\\/\\\/marcelolopes.jor.br\\\/site\\\/2021\\\/11\\\/24\\\/briga-termina-com-tiros-e-dois-feridos-no-distrito-de-santana-do-campestre\\\/#primaryimage\"},\"thumbnailUrl\":\"https:\\\/\\\/marcelolopes.jor.br\\\/site\\\/wp-content\\\/uploads\\\/2021\\\/11\\\/PM-OCORRENCIA-O-VIGILANTE-ONLINE.jpeg\",\"datePublished\":\"2021-11-24T15:00:15+00:00\",\"breadcrumb\":{\"@id\":\"https:\\\/\\\/marcelolopes.jor.br\\\/site\\\/2021\\\/11\\\/24\\\/briga-termina-com-tiros-e-dois-feridos-no-distrito-de-santana-do-campestre\\\/#breadcrumb\"},\"inLanguage\":\"pt-BR\",\"potentialAction\":[{\"@type\":\"ReadAction\",\"target\":[\"https:\\\/\\\/marcelolopes.jor.br\\\/site\\\/2021\\\/11\\\/24\\\/briga-termina-com-tiros-e-dois-feridos-no-distrito-de-santana-do-campestre\\\/\"]}]},{\"@type\":\"ImageObject\",\"inLanguage\":\"pt-BR\",\"@id\":\"https:\\\/\\\/marcelolopes.jor.br\\\/site\\\/2021\\\/11\\\/24\\\/briga-termina-com-tiros-e-dois-feridos-no-distrito-de-santana-do-campestre\\\/#primaryimage\",\"url\":\"https:\\\/\\\/marcelolopes.jor.br\\\/site\\\/wp-content\\\/uploads\\\/2021\\\/11\\\/PM-OCORRENCIA-O-VIGILANTE-ONLINE.jpeg\",\"contentUrl\":\"https:\\\/\\\/marcelolopes.jor.br\\\/site\\\/wp-content\\\/uploads\\\/2021\\\/11\\\/PM-OCORRENCIA-O-VIGILANTE-ONLINE.jpeg\",\"width\":900,\"height\":529},{\"@type\":\"BreadcrumbList\",\"@id\":\"https:\\\/\\\/marcelolopes.jor.br\\\/site\\\/2021\\\/11\\\/24\\\/briga-termina-com-tiros-e-dois-feridos-no-distrito-de-santana-do-campestre\\\/#breadcrumb\",\"itemListElement\":[{\"@type\":\"ListItem\",\"position\":1,\"name\":\"Home\",\"item\":\"https:\\\/\\\/marcelolopes.jor.br\\\/site\\\/\"},{\"@type\":\"ListItem\",\"position\":2,\"name\":\"Briga termina com tiros e dois feridos no distrito de Santana do Campestre\"}]},{\"@type\":\"WebSite\",\"@id\":\"https:\\\/\\\/marcelolopes.jor.br\\\/site\\\/#website\",\"url\":\"https:\\\/\\\/marcelolopes.jor.br\\\/site\\\/\",\"name\":\"Marcelo Lopes\",\"description\":\"Not\u00edcias de Cataguases e Regi\u00e3o\",\"publisher\":{\"@id\":\"https:\\\/\\\/marcelolopes.jor.br\\\/site\\\/#organization\"},\"potentialAction\":[{\"@type\":\"SearchAction\",\"target\":{\"@type\":\"EntryPoint\",\"urlTemplate\":\"https:\\\/\\\/marcelolopes.jor.br\\\/site\\\/?s={search_term_string}\"},\"query-input\":{\"@type\":\"PropertyValueSpecification\",\"valueRequired\":true,\"valueName\":\"search_term_string\"}}],\"inLanguage\":\"pt-BR\"},{\"@type\":\"Organization\",\"@id\":\"https:\\\/\\\/marcelolopes.jor.br\\\/site\\\/#organization\",\"name\":\"Site do Marcelo Lopes\",\"url\":\"https:\\\/\\\/marcelolopes.jor.br\\\/site\\\/\",\"logo\":{\"@type\":\"ImageObject\",\"inLanguage\":\"pt-BR\",\"@id\":\"https:\\\/\\\/marcelolopes.jor.br\\\/site\\\/#\\\/schema\\\/logo\\\/image\\\/\",\"url\":\"https:\\\/\\\/marcelolopes.jor.br\\\/site\\\/wp-content\\\/uploads\\\/2024\\\/11\\\/logo-1.png\",\"contentUrl\":\"https:\\\/\\\/marcelolopes.jor.br\\\/site\\\/wp-content\\\/uploads\\\/2024\\\/11\\\/logo-1.png\",\"width\":475,\"height\":80,\"caption\":\"Site do Marcelo Lopes\"},\"image\":{\"@id\":\"https:\\\/\\\/marcelolopes.jor.br\\\/site\\\/#\\\/schema\\\/logo\\\/image\\\/\"},\"sameAs\":[\"https:\\\/\\\/www.facebook.com\\\/sitedomarcelolopes\",\"https:\\\/\\\/www.instagram.com\\\/sitedomarcelolopes\\\/\",\"https:\\\/\\\/www.linkedin.com\\\/company\\\/site-do-marcelo-lopes\\\/\",\"https:\\\/\\\/www.youtube.com\\\/user\\\/marcelolopes957\"]},{\"@type\":\"Person\",\"@id\":\"https:\\\/\\\/marcelolopes.jor.br\\\/site\\\/#\\\/schema\\\/person\\\/3e7216a35c34d8fdf952b31da3d1f89f\",\"name\":\"Marcelo Lopes\",\"sameAs\":[\"http:\\\/\\\/www.marcelolopes.jor.br\"],\"url\":\"https:\\\/\\\/marcelolopes.jor.br\\\/site\\\/author\\\/marcelo\\\/\"}]}<\/script>\n<!-- \/ Yoast SEO plugin. -->","yoast_head_json":{"title":"Briga termina com tiros e dois feridos no distrito de Santana do Campestre | Marcelo Lopes","robots":{"index":"index","follow":"follow","max-snippet":"max-snippet:-1","max-image-preview":"max-image-preview:large","max-video-preview":"max-video-preview:-1"},"canonical":"https:\/\/marcelolopes.jor.br\/site\/2021\/11\/24\/briga-termina-com-tiros-e-dois-feridos-no-distrito-de-santana-do-campestre\/","og_locale":"pt_BR","og_type":"article","og_title":"Briga termina com tiros e dois feridos no distrito de Santana do Campestre | Marcelo Lopes","og_description":"Uma briga na Rua Vereador Mateus Fernandes Fraga, no distrito de Santana do Campestre, em Astolfo Dutra, terminou com dois feridos no in\u00edcio da noite desta ter\u00e7a-feira, 23 de novembro.","og_url":"https:\/\/marcelolopes.jor.br\/site\/2021\/11\/24\/briga-termina-com-tiros-e-dois-feridos-no-distrito-de-santana-do-campestre\/","og_site_name":"Marcelo Lopes","article_publisher":"https:\/\/www.facebook.com\/sitedomarcelolopes","article_published_time":"2021-11-24T15:00:15+00:00","og_image":[{"width":900,"height":529,"url":"https:\/\/marcelolopes.jor.br\/site\/wp-content\/uploads\/2021\/11\/PM-OCORRENCIA-O-VIGILANTE-ONLINE.jpeg","type":"image\/jpeg"}],"author":"Marcelo Lopes","twitter_card":"summary_large_image","twitter_misc":{"Escrito por":"Marcelo Lopes","Est. tempo de leitura":"1 minuto"},"schema":{"@context":"https:\/\/schema.org","@graph":[{"@type":"NewsArticle","@id":"https:\/\/marcelolopes.jor.br\/site\/2021\/11\/24\/briga-termina-com-tiros-e-dois-feridos-no-distrito-de-santana-do-campestre\/#article","isPartOf":{"@id":"https:\/\/marcelolopes.jor.br\/site\/2021\/11\/24\/briga-termina-com-tiros-e-dois-feridos-no-distrito-de-santana-do-campestre\/"},"author":{"name":"Marcelo Lopes","@id":"https:\/\/marcelolopes.jor.br\/site\/#\/schema\/person\/3e7216a35c34d8fdf952b31da3d1f89f"},"headline":"Briga termina com tiros e dois feridos no distrito de Santana do Campestre","datePublished":"2021-11-24T15:00:15+00:00","mainEntityOfPage":{"@id":"https:\/\/marcelolopes.jor.br\/site\/2021\/11\/24\/briga-termina-com-tiros-e-dois-feridos-no-distrito-de-santana-do-campestre\/"},"wordCount":214,"commentCount":0,"publisher":{"@id":"https:\/\/marcelolopes.jor.br\/site\/#organization"},"image":{"@id":"https:\/\/marcelolopes.jor.br\/site\/2021\/11\/24\/briga-termina-com-tiros-e-dois-feridos-no-distrito-de-santana-do-campestre\/#primaryimage"},"thumbnailUrl":"https:\/\/marcelolopes.jor.br\/site\/wp-content\/uploads\/2021\/11\/PM-OCORRENCIA-O-VIGILANTE-ONLINE.jpeg","keywords":["briga","feridos","Santana do Campestre","tiros"],"articleSection":["Not\u00edcias"],"inLanguage":"pt-BR","potentialAction":[{"@type":"CommentAction","name":"Comment","target":["https:\/\/marcelolopes.jor.br\/site\/2021\/11\/24\/briga-termina-com-tiros-e-dois-feridos-no-distrito-de-santana-do-campestre\/#respond"]}]},{"@type":"WebPage","@id":"https:\/\/marcelolopes.jor.br\/site\/2021\/11\/24\/briga-termina-com-tiros-e-dois-feridos-no-distrito-de-santana-do-campestre\/","url":"https:\/\/marcelolopes.jor.br\/site\/2021\/11\/24\/briga-termina-com-tiros-e-dois-feridos-no-distrito-de-santana-do-campestre\/","name":"Briga termina com tiros e dois feridos no distrito de Santana do Campestre | Marcelo Lopes","isPartOf":{"@id":"https:\/\/marcelolopes.jor.br\/site\/#website"},"primaryImageOfPage":{"@id":"https:\/\/marcelolopes.jor.br\/site\/2021\/11\/24\/briga-termina-com-tiros-e-dois-feridos-no-distrito-de-santana-do-campestre\/#primaryimage"},"image":{"@id":"https:\/\/marcelolopes.jor.br\/site\/2021\/11\/24\/briga-termina-com-tiros-e-dois-feridos-no-distrito-de-santana-do-campestre\/#primaryimage"},"thumbnailUrl":"https:\/\/marcelolopes.jor.br\/site\/wp-content\/uploads\/2021\/11\/PM-OCORRENCIA-O-VIGILANTE-ONLINE.jpeg","datePublished":"2021-11-24T15:00:15+00:00","breadcrumb":{"@id":"https:\/\/marcelolopes.jor.br\/site\/2021\/11\/24\/briga-termina-com-tiros-e-dois-feridos-no-distrito-de-santana-do-campestre\/#breadcrumb"},"inLanguage":"pt-BR","potentialAction":[{"@type":"ReadAction","target":["https:\/\/marcelolopes.jor.br\/site\/2021\/11\/24\/briga-termina-com-tiros-e-dois-feridos-no-distrito-de-santana-do-campestre\/"]}]},{"@type":"ImageObject","inLanguage":"pt-BR","@id":"https:\/\/marcelolopes.jor.br\/site\/2021\/11\/24\/briga-termina-com-tiros-e-dois-feridos-no-distrito-de-santana-do-campestre\/#primaryimage","url":"https:\/\/marcelolopes.jor.br\/site\/wp-content\/uploads\/2021\/11\/PM-OCORRENCIA-O-VIGILANTE-ONLINE.jpeg","contentUrl":"https:\/\/marcelolopes.jor.br\/site\/wp-content\/uploads\/2021\/11\/PM-OCORRENCIA-O-VIGILANTE-ONLINE.jpeg","width":900,"height":529},{"@type":"BreadcrumbList","@id":"https:\/\/marcelolopes.jor.br\/site\/2021\/11\/24\/briga-termina-com-tiros-e-dois-feridos-no-distrito-de-santana-do-campestre\/#breadcrumb","itemListElement":[{"@type":"ListItem","position":1,"name":"Home","item":"https:\/\/marcelolopes.jor.br\/site\/"},{"@type":"ListItem","position":2,"name":"Briga termina com tiros e dois feridos no distrito de Santana do Campestre"}]},{"@type":"WebSite","@id":"https:\/\/marcelolopes.jor.br\/site\/#website","url":"https:\/\/marcelolopes.jor.br\/site\/","name":"Marcelo Lopes","description":"Not\u00edcias de Cataguases e Regi\u00e3o","publisher":{"@id":"https:\/\/marcelolopes.jor.br\/site\/#organization"},"potentialAction":[{"@type":"SearchAction","target":{"@type":"EntryPoint","urlTemplate":"https:\/\/marcelolopes.jor.br\/site\/?s={search_term_string}"},"query-input":{"@type":"PropertyValueSpecification","valueRequired":true,"valueName":"search_term_string"}}],"inLanguage":"pt-BR"},{"@type":"Organization","@id":"https:\/\/marcelolopes.jor.br\/site\/#organization","name":"Site do Marcelo Lopes","url":"https:\/\/marcelolopes.jor.br\/site\/","logo":{"@type":"ImageObject","inLanguage":"pt-BR","@id":"https:\/\/marcelolopes.jor.br\/site\/#\/schema\/logo\/image\/","url":"https:\/\/marcelolopes.jor.br\/site\/wp-content\/uploads\/2024\/11\/logo-1.png","contentUrl":"https:\/\/marcelolopes.jor.br\/site\/wp-content\/uploads\/2024\/11\/logo-1.png","width":475,"height":80,"caption":"Site do Marcelo Lopes"},"image":{"@id":"https:\/\/marcelolopes.jor.br\/site\/#\/schema\/logo\/image\/"},"sameAs":["https:\/\/www.facebook.com\/sitedomarcelolopes","https:\/\/www.instagram.com\/sitedomarcelolopes\/","https:\/\/www.linkedin.com\/company\/site-do-marcelo-lopes\/","https:\/\/www.youtube.com\/user\/marcelolopes957"]},{"@type":"Person","@id":"https:\/\/marcelolopes.jor.br\/site\/#\/schema\/person\/3e7216a35c34d8fdf952b31da3d1f89f","name":"Marcelo Lopes","sameAs":["http:\/\/www.marcelolopes.jor.br"],"url":"https:\/\/marcelolopes.jor.br\/site\/author\/marcelo\/"}]}},"wps_subtitle":"V\u00edtimas foram encaminhadas aos hospitais de Leopoldina e Cataguases.","_links":{"self":[{"href":"https:\/\/marcelolopes.jor.br\/site\/wp-json\/wp\/v2\/posts\/28739","targetHints":{"allow":["GET"]}}],"collection":[{"href":"https:\/\/marcelolopes.jor.br\/site\/wp-json\/wp\/v2\/posts"}],"about":[{"href":"https:\/\/marcelolopes.jor.br\/site\/wp-json\/wp\/v2\/types\/post"}],"author":[{"embeddable":true,"href":"https:\/\/marcelolopes.jor.br\/site\/wp-json\/wp\/v2\/users\/2"}],"replies":[{"embeddable":true,"href":"https:\/\/marcelolopes.jor.br\/site\/wp-json\/wp\/v2\/comments?post=28739"}],"version-history":[{"count":0,"href":"https:\/\/marcelolopes.jor.br\/site\/wp-json\/wp\/v2\/posts\/28739\/revisions"}],"wp:featuredmedia":[{"embeddable":true,"href":"https:\/\/marcelolopes.jor.br\/site\/wp-json\/wp\/v2\/media\/28741"}],"wp:attachment":[{"href":"https:\/\/marcelolopes.jor.br\/site\/wp-json\/wp\/v2\/media?parent=28739"}],"wp:term":[{"taxonomy":"category","embeddable":true,"href":"https:\/\/marcelolopes.jor.br\/site\/wp-json\/wp\/v2\/categories?post=28739"},{"taxonomy":"post_tag","embeddable":true,"href":"https:\/\/marcelolopes.jor.br\/site\/wp-json\/wp\/v2\/tags?post=28739"}],"curies":[{"name":"wp","href":"https:\/\/api.w.org\/{rel}","templated":true}]}}