{"id":28703,"date":"2021-11-23T07:00:32","date_gmt":"2021-11-23T10:00:32","guid":{"rendered":"https:\/\/marcelolopes.jor.br\/?p=28703"},"modified":"2022-11-25T10:07:19","modified_gmt":"2022-11-25T13:07:19","slug":"ordenacao-sacerdotal-acontece-neste-sabado-27-em-sereno","status":"publish","type":"post","link":"https:\/\/marcelolopes.jor.br\/site\/2021\/11\/23\/ordenacao-sacerdotal-acontece-neste-sabado-27-em-sereno\/","title":{"rendered":"Ordena\u00e7\u00e3o sacerdotal acontece neste s\u00e1bado, 27, em Sereno"},"content":{"rendered":"<p style=\"text-align: justify;\">A comunidade cat\u00f3lica de Sereno, distrito de Cataguases, est\u00e1 em clima de ora\u00e7\u00e3o e prepara\u00e7\u00e3o para a ordena\u00e7\u00e3o sacerdotal do Di\u00e1cono M\u00e1rcio Jos\u00e9 Ferreira J\u00fanior, de 25 anos. Nascido naquele distrito em 6 de janeiro de 1996, ele \u00e9 filho de Marcio Jos\u00e9 Ferreira (in memoriam) e Dineia Ribeiro Bernardes Ferreira, e tem uma irm\u00e3.<!--more--><\/p>\n<p style=\"text-align: justify;\">M\u00e1rcio cursou Filosofia e Teologia no Semin\u00e1rio Arquidiocesano Santo Ant\u00f4nio (Uniacademia), em Juiz de Fora, e est\u00e1 atuando nas par\u00f3quias das comunidades da Vila Reis e Taquara Preta, em Cataguases. A ordena\u00e7\u00e3o ser\u00e1 no pr\u00f3ximo dia 27 de novembro, \u00e0s 9h, dirigida pelo bispo Dom Edson Oriolo, da Diocese de Leopoldina.<\/p>\n<p style=\"text-align: justify;\">Como parte da programa\u00e7\u00e3o, na pr\u00f3xima quarta-feira, 24, acontece na Par\u00f3quia de Santa Ana, em Santana de Cataguases, um Tr\u00edduo Vocacional que ser\u00e1 conduzido pelos padres Wallace Andrade Teixeira, Jo\u00e3o Victor Melo Martins e Reginaldo Rodrigues Celid\u00f4nio.<\/p>\n<p style=\"text-align: justify;\">Em entrevista ao site da <a href=\"https:\/\/dioceseleopoldina.com.br\/\"><strong><span style=\"color: #800000;\">Diocese de Leopoldina<\/span><\/strong><\/a>, Di\u00e1cono M\u00e1rcio J\u00fanior falou sobre a sua futura miss\u00e3o sacerdotal. &#8220;Minhas expectativas s\u00e3o as melhores poss\u00edveis e inspirado em meu lema, quero unir-me ao clero de nossa diocese (\u2026) como esse servo que diariamente dispensar\u00e1 ao nosso povo pela Palavra e pelos Sacramentos, bonitos caminhos de salva\u00e7\u00e3o. Espero, na alegria, poder ofertar meu tempo por aqueles que precisar\u00e3o de mim e de meu sacerd\u00f3cio.&#8221;<\/p>\n<p>Foto: Divulga\u00e7\u00e3o<\/p>\n<div class=\"gntuy69f5ee70ddc9f\" ><br><\/div><style type=\"text\/css\">\r\n@media screen and (min-width: 1201px) {\r\n.gntuy69f5ee70ddc9f {\r\ndisplay: block;\r\n}\r\n}\r\n@media screen and (min-width: 993px) and (max-width: 1200px) {\r\n.gntuy69f5ee70ddc9f {\r\ndisplay: block;\r\n}\r\n}\r\n@media screen and (min-width: 769px) and (max-width: 992px) {\r\n.gntuy69f5ee70ddc9f {\r\ndisplay: block;\r\n}\r\n}\r\n@media screen and (min-width: 768px) and (max-width: 768px) {\r\n.gntuy69f5ee70ddc9f {\r\ndisplay: block;\r\n}\r\n}\r\n@media screen and (max-width: 767px) {\r\n.gntuy69f5ee70ddc9f {\r\ndisplay: block;\r\n}\r\n}\r\n<\/style>\r\n<div class=\"kfawv69f5ee70e3e54\" ><div id=\"div_destino\"><\/div>\r\n<script src=\"https:\/\/cdn.snsrsv.com\/sdk.js\"><\/script>\r\n<script >\r\n      new sdk(\"464030C30061EA8BE065000000000001\") \r\n          .appendTo(\"div_destino\")\r\n          .disableStyle(true) \r\n          .setCacheBusterMacro(\"%%CACHEBUSTER%%\")\r\n          .setSize(\"800\",\"214\")\r\n          .setClickMacro(\"%%CLICK_URL_ESC%%\") \r\n          .setReferrerUrlMacro(\"%%REFERRER_URL_ESC%%\") \r\n          .start(); \r\n<\/script><\/div><style type=\"text\/css\">\r\n@media screen and (min-width: 1201px) {\r\n.kfawv69f5ee70e3e54 {\r\ndisplay: block;\r\n}\r\n}\r\n@media screen and (min-width: 993px) and (max-width: 1200px) {\r\n.kfawv69f5ee70e3e54 {\r\ndisplay: block;\r\n}\r\n}\r\n@media screen and (min-width: 769px) and (max-width: 992px) {\r\n.kfawv69f5ee70e3e54 {\r\ndisplay: block;\r\n}\r\n}\r\n@media screen and (min-width: 768px) and (max-width: 768px) {\r\n.kfawv69f5ee70e3e54 {\r\ndisplay: block;\r\n}\r\n}\r\n@media screen and (max-width: 767px) {\r\n.kfawv69f5ee70e3e54 {\r\ndisplay: block;\r\n}\r\n}\r\n<\/style>\r\n","protected":false},"excerpt":{"rendered":"<p>A comunidade cat\u00f3lica de Sereno, distrito de Cataguases, est\u00e1 em clima de ora\u00e7\u00e3o e prepara\u00e7\u00e3o para a ordena\u00e7\u00e3o sacerdotal do Di\u00e1cono M\u00e1rcio Jos\u00e9 Ferreira J\u00fanior, de 25 anos. Nascido naquele distrito em 6 de janeiro de 1996, ele \u00e9 filho<\/p>\n<p class=\"link-more\"><a class=\"more-link\" href=\"https:\/\/marcelolopes.jor.br\/site\/2021\/11\/23\/ordenacao-sacerdotal-acontece-neste-sabado-27-em-sereno\/\">Leia mais <span class=\"screen-reader-text\">Ordena\u00e7\u00e3o sacerdotal acontece neste s\u00e1bado, 27, em Sereno<\/span><\/a><\/p>\n","protected":false},"author":2,"featured_media":28705,"comment_status":"open","ping_status":"open","sticky":false,"template":"","format":"standard","meta":{"footnotes":""},"categories":[1],"tags":[1561,5081,5082,85],"class_list":["post-28703","post","type-post","status-publish","format-standard","has-post-thumbnail","hentry","category-noticias","tag-diocese-de-leopoldina","tag-ordenacao-sacerdotal","tag-padre-marcio-junior","tag-sereno","thumb-below-title"],"yoast_head":"<!-- This site is optimized with the Yoast SEO plugin v27.4 - https:\/\/yoast.com\/product\/yoast-seo-wordpress\/ -->\n<title>Ordena\u00e7\u00e3o sacerdotal acontece neste s\u00e1bado, 27, em Sereno<\/title>\n<meta name=\"description\" content=\"Ordena\u00e7\u00e3o sacerdotal acontece neste s\u00e1bado, 27, em Sereno. O futuro padre M\u00e1rcio Jos\u00e9 Ferreira J\u00fanior, nasceu e viveu naquele distrito.\" \/>\n<meta name=\"robots\" content=\"index, follow, max-snippet:-1, max-image-preview:large, max-video-preview:-1\" \/>\n<link rel=\"canonical\" href=\"https:\/\/marcelolopes.jor.br\/site\/2021\/11\/23\/ordenacao-sacerdotal-acontece-neste-sabado-27-em-sereno\/\" \/>\n<meta property=\"og:locale\" content=\"pt_BR\" \/>\n<meta property=\"og:type\" content=\"article\" \/>\n<meta property=\"og:title\" content=\"Ordena\u00e7\u00e3o sacerdotal acontece neste s\u00e1bado, 27, em Sereno\" \/>\n<meta property=\"og:description\" content=\"Ordena\u00e7\u00e3o sacerdotal acontece neste s\u00e1bado, 27, em Sereno. O futuro padre M\u00e1rcio Jos\u00e9 Ferreira J\u00fanior, nasceu e viveu naquele distrito.\" \/>\n<meta property=\"og:url\" content=\"https:\/\/marcelolopes.jor.br\/site\/2021\/11\/23\/ordenacao-sacerdotal-acontece-neste-sabado-27-em-sereno\/\" \/>\n<meta property=\"og:site_name\" content=\"Marcelo Lopes\" \/>\n<meta property=\"article:publisher\" content=\"https:\/\/www.facebook.com\/sitedomarcelolopes\" \/>\n<meta property=\"article:published_time\" content=\"2021-11-23T10:00:32+00:00\" \/>\n<meta property=\"article:modified_time\" content=\"2022-11-25T13:07:19+00:00\" \/>\n<meta property=\"og:image\" content=\"https:\/\/marcelolopes.jor.br\/site\/wp-content\/uploads\/2021\/11\/WhatsApp-Image-2021-11-14-at-20.38.03.jpeg\" \/>\n\t<meta property=\"og:image:width\" content=\"800\" \/>\n\t<meta property=\"og:image:height\" content=\"596\" \/>\n\t<meta property=\"og:image:type\" content=\"image\/jpeg\" \/>\n<meta name=\"author\" content=\"Marcelo Lopes\" \/>\n<meta name=\"twitter:card\" content=\"summary_large_image\" \/>\n<meta name=\"twitter:label1\" content=\"Escrito por\" \/>\n\t<meta name=\"twitter:data1\" content=\"Marcelo Lopes\" \/>\n\t<meta name=\"twitter:label2\" content=\"Est. tempo de leitura\" \/>\n\t<meta name=\"twitter:data2\" content=\"1 minuto\" \/>\n<script type=\"application\/ld+json\" class=\"yoast-schema-graph\">{\"@context\":\"https:\\\/\\\/schema.org\",\"@graph\":[{\"@type\":\"NewsArticle\",\"@id\":\"https:\\\/\\\/marcelolopes.jor.br\\\/site\\\/2021\\\/11\\\/23\\\/ordenacao-sacerdotal-acontece-neste-sabado-27-em-sereno\\\/#article\",\"isPartOf\":{\"@id\":\"https:\\\/\\\/marcelolopes.jor.br\\\/site\\\/2021\\\/11\\\/23\\\/ordenacao-sacerdotal-acontece-neste-sabado-27-em-sereno\\\/\"},\"author\":{\"name\":\"Marcelo Lopes\",\"@id\":\"https:\\\/\\\/marcelolopes.jor.br\\\/site\\\/#\\\/schema\\\/person\\\/3e7216a35c34d8fdf952b31da3d1f89f\"},\"headline\":\"Ordena\u00e7\u00e3o sacerdotal acontece neste s\u00e1bado, 27, em Sereno\",\"datePublished\":\"2021-11-23T10:00:32+00:00\",\"dateModified\":\"2022-11-25T13:07:19+00:00\",\"mainEntityOfPage\":{\"@id\":\"https:\\\/\\\/marcelolopes.jor.br\\\/site\\\/2021\\\/11\\\/23\\\/ordenacao-sacerdotal-acontece-neste-sabado-27-em-sereno\\\/\"},\"wordCount\":248,\"commentCount\":0,\"publisher\":{\"@id\":\"https:\\\/\\\/marcelolopes.jor.br\\\/site\\\/#organization\"},\"image\":{\"@id\":\"https:\\\/\\\/marcelolopes.jor.br\\\/site\\\/2021\\\/11\\\/23\\\/ordenacao-sacerdotal-acontece-neste-sabado-27-em-sereno\\\/#primaryimage\"},\"thumbnailUrl\":\"https:\\\/\\\/marcelolopes.jor.br\\\/site\\\/wp-content\\\/uploads\\\/2021\\\/11\\\/WhatsApp-Image-2021-11-14-at-20.38.03.jpeg\",\"keywords\":[\"diocese de Leopoldina\",\"Ordena\u00e7\u00e3o sacerdotal\",\"Padre M\u00e1rcio J\u00fanior\",\"Sereno\"],\"articleSection\":[\"Not\u00edcias\"],\"inLanguage\":\"pt-BR\",\"potentialAction\":[{\"@type\":\"CommentAction\",\"name\":\"Comment\",\"target\":[\"https:\\\/\\\/marcelolopes.jor.br\\\/site\\\/2021\\\/11\\\/23\\\/ordenacao-sacerdotal-acontece-neste-sabado-27-em-sereno\\\/#respond\"]}]},{\"@type\":\"WebPage\",\"@id\":\"https:\\\/\\\/marcelolopes.jor.br\\\/site\\\/2021\\\/11\\\/23\\\/ordenacao-sacerdotal-acontece-neste-sabado-27-em-sereno\\\/\",\"url\":\"https:\\\/\\\/marcelolopes.jor.br\\\/site\\\/2021\\\/11\\\/23\\\/ordenacao-sacerdotal-acontece-neste-sabado-27-em-sereno\\\/\",\"name\":\"Ordena\u00e7\u00e3o sacerdotal acontece neste s\u00e1bado, 27, em Sereno\",\"isPartOf\":{\"@id\":\"https:\\\/\\\/marcelolopes.jor.br\\\/site\\\/#website\"},\"primaryImageOfPage\":{\"@id\":\"https:\\\/\\\/marcelolopes.jor.br\\\/site\\\/2021\\\/11\\\/23\\\/ordenacao-sacerdotal-acontece-neste-sabado-27-em-sereno\\\/#primaryimage\"},\"image\":{\"@id\":\"https:\\\/\\\/marcelolopes.jor.br\\\/site\\\/2021\\\/11\\\/23\\\/ordenacao-sacerdotal-acontece-neste-sabado-27-em-sereno\\\/#primaryimage\"},\"thumbnailUrl\":\"https:\\\/\\\/marcelolopes.jor.br\\\/site\\\/wp-content\\\/uploads\\\/2021\\\/11\\\/WhatsApp-Image-2021-11-14-at-20.38.03.jpeg\",\"datePublished\":\"2021-11-23T10:00:32+00:00\",\"dateModified\":\"2022-11-25T13:07:19+00:00\",\"description\":\"Ordena\u00e7\u00e3o sacerdotal acontece neste s\u00e1bado, 27, em Sereno. O futuro padre M\u00e1rcio Jos\u00e9 Ferreira J\u00fanior, nasceu e viveu naquele distrito.\",\"breadcrumb\":{\"@id\":\"https:\\\/\\\/marcelolopes.jor.br\\\/site\\\/2021\\\/11\\\/23\\\/ordenacao-sacerdotal-acontece-neste-sabado-27-em-sereno\\\/#breadcrumb\"},\"inLanguage\":\"pt-BR\",\"potentialAction\":[{\"@type\":\"ReadAction\",\"target\":[\"https:\\\/\\\/marcelolopes.jor.br\\\/site\\\/2021\\\/11\\\/23\\\/ordenacao-sacerdotal-acontece-neste-sabado-27-em-sereno\\\/\"]}]},{\"@type\":\"ImageObject\",\"inLanguage\":\"pt-BR\",\"@id\":\"https:\\\/\\\/marcelolopes.jor.br\\\/site\\\/2021\\\/11\\\/23\\\/ordenacao-sacerdotal-acontece-neste-sabado-27-em-sereno\\\/#primaryimage\",\"url\":\"https:\\\/\\\/marcelolopes.jor.br\\\/site\\\/wp-content\\\/uploads\\\/2021\\\/11\\\/WhatsApp-Image-2021-11-14-at-20.38.03.jpeg\",\"contentUrl\":\"https:\\\/\\\/marcelolopes.jor.br\\\/site\\\/wp-content\\\/uploads\\\/2021\\\/11\\\/WhatsApp-Image-2021-11-14-at-20.38.03.jpeg\",\"width\":800,\"height\":596,\"caption\":\"Ordena\u00e7\u00e3o sacerdotal acontece neste\"},{\"@type\":\"BreadcrumbList\",\"@id\":\"https:\\\/\\\/marcelolopes.jor.br\\\/site\\\/2021\\\/11\\\/23\\\/ordenacao-sacerdotal-acontece-neste-sabado-27-em-sereno\\\/#breadcrumb\",\"itemListElement\":[{\"@type\":\"ListItem\",\"position\":1,\"name\":\"Home\",\"item\":\"https:\\\/\\\/marcelolopes.jor.br\\\/site\\\/\"},{\"@type\":\"ListItem\",\"position\":2,\"name\":\"Ordena\u00e7\u00e3o sacerdotal acontece neste s\u00e1bado, 27, em Sereno\"}]},{\"@type\":\"WebSite\",\"@id\":\"https:\\\/\\\/marcelolopes.jor.br\\\/site\\\/#website\",\"url\":\"https:\\\/\\\/marcelolopes.jor.br\\\/site\\\/\",\"name\":\"Marcelo Lopes\",\"description\":\"Not\u00edcias de Cataguases e Regi\u00e3o\",\"publisher\":{\"@id\":\"https:\\\/\\\/marcelolopes.jor.br\\\/site\\\/#organization\"},\"potentialAction\":[{\"@type\":\"SearchAction\",\"target\":{\"@type\":\"EntryPoint\",\"urlTemplate\":\"https:\\\/\\\/marcelolopes.jor.br\\\/site\\\/?s={search_term_string}\"},\"query-input\":{\"@type\":\"PropertyValueSpecification\",\"valueRequired\":true,\"valueName\":\"search_term_string\"}}],\"inLanguage\":\"pt-BR\"},{\"@type\":\"Organization\",\"@id\":\"https:\\\/\\\/marcelolopes.jor.br\\\/site\\\/#organization\",\"name\":\"Site do Marcelo Lopes\",\"url\":\"https:\\\/\\\/marcelolopes.jor.br\\\/site\\\/\",\"logo\":{\"@type\":\"ImageObject\",\"inLanguage\":\"pt-BR\",\"@id\":\"https:\\\/\\\/marcelolopes.jor.br\\\/site\\\/#\\\/schema\\\/logo\\\/image\\\/\",\"url\":\"https:\\\/\\\/marcelolopes.jor.br\\\/site\\\/wp-content\\\/uploads\\\/2024\\\/11\\\/logo-1.png\",\"contentUrl\":\"https:\\\/\\\/marcelolopes.jor.br\\\/site\\\/wp-content\\\/uploads\\\/2024\\\/11\\\/logo-1.png\",\"width\":475,\"height\":80,\"caption\":\"Site do Marcelo Lopes\"},\"image\":{\"@id\":\"https:\\\/\\\/marcelolopes.jor.br\\\/site\\\/#\\\/schema\\\/logo\\\/image\\\/\"},\"sameAs\":[\"https:\\\/\\\/www.facebook.com\\\/sitedomarcelolopes\",\"https:\\\/\\\/www.instagram.com\\\/sitedomarcelolopes\\\/\",\"https:\\\/\\\/www.linkedin.com\\\/company\\\/site-do-marcelo-lopes\\\/\",\"https:\\\/\\\/www.youtube.com\\\/user\\\/marcelolopes957\"]},{\"@type\":\"Person\",\"@id\":\"https:\\\/\\\/marcelolopes.jor.br\\\/site\\\/#\\\/schema\\\/person\\\/3e7216a35c34d8fdf952b31da3d1f89f\",\"name\":\"Marcelo Lopes\",\"sameAs\":[\"http:\\\/\\\/www.marcelolopes.jor.br\"],\"url\":\"https:\\\/\\\/marcelolopes.jor.br\\\/site\\\/author\\\/marcelo\\\/\"}]}<\/script>\n<!-- \/ Yoast SEO plugin. -->","yoast_head_json":{"title":"Ordena\u00e7\u00e3o sacerdotal acontece neste s\u00e1bado, 27, em Sereno","description":"Ordena\u00e7\u00e3o sacerdotal acontece neste s\u00e1bado, 27, em Sereno. O futuro padre M\u00e1rcio Jos\u00e9 Ferreira J\u00fanior, nasceu e viveu naquele distrito.","robots":{"index":"index","follow":"follow","max-snippet":"max-snippet:-1","max-image-preview":"max-image-preview:large","max-video-preview":"max-video-preview:-1"},"canonical":"https:\/\/marcelolopes.jor.br\/site\/2021\/11\/23\/ordenacao-sacerdotal-acontece-neste-sabado-27-em-sereno\/","og_locale":"pt_BR","og_type":"article","og_title":"Ordena\u00e7\u00e3o sacerdotal acontece neste s\u00e1bado, 27, em Sereno","og_description":"Ordena\u00e7\u00e3o sacerdotal acontece neste s\u00e1bado, 27, em Sereno. O futuro padre M\u00e1rcio Jos\u00e9 Ferreira J\u00fanior, nasceu e viveu naquele distrito.","og_url":"https:\/\/marcelolopes.jor.br\/site\/2021\/11\/23\/ordenacao-sacerdotal-acontece-neste-sabado-27-em-sereno\/","og_site_name":"Marcelo Lopes","article_publisher":"https:\/\/www.facebook.com\/sitedomarcelolopes","article_published_time":"2021-11-23T10:00:32+00:00","article_modified_time":"2022-11-25T13:07:19+00:00","og_image":[{"width":800,"height":596,"url":"https:\/\/marcelolopes.jor.br\/site\/wp-content\/uploads\/2021\/11\/WhatsApp-Image-2021-11-14-at-20.38.03.jpeg","type":"image\/jpeg"}],"author":"Marcelo Lopes","twitter_card":"summary_large_image","twitter_misc":{"Escrito por":"Marcelo Lopes","Est. tempo de leitura":"1 minuto"},"schema":{"@context":"https:\/\/schema.org","@graph":[{"@type":"NewsArticle","@id":"https:\/\/marcelolopes.jor.br\/site\/2021\/11\/23\/ordenacao-sacerdotal-acontece-neste-sabado-27-em-sereno\/#article","isPartOf":{"@id":"https:\/\/marcelolopes.jor.br\/site\/2021\/11\/23\/ordenacao-sacerdotal-acontece-neste-sabado-27-em-sereno\/"},"author":{"name":"Marcelo Lopes","@id":"https:\/\/marcelolopes.jor.br\/site\/#\/schema\/person\/3e7216a35c34d8fdf952b31da3d1f89f"},"headline":"Ordena\u00e7\u00e3o sacerdotal acontece neste s\u00e1bado, 27, em Sereno","datePublished":"2021-11-23T10:00:32+00:00","dateModified":"2022-11-25T13:07:19+00:00","mainEntityOfPage":{"@id":"https:\/\/marcelolopes.jor.br\/site\/2021\/11\/23\/ordenacao-sacerdotal-acontece-neste-sabado-27-em-sereno\/"},"wordCount":248,"commentCount":0,"publisher":{"@id":"https:\/\/marcelolopes.jor.br\/site\/#organization"},"image":{"@id":"https:\/\/marcelolopes.jor.br\/site\/2021\/11\/23\/ordenacao-sacerdotal-acontece-neste-sabado-27-em-sereno\/#primaryimage"},"thumbnailUrl":"https:\/\/marcelolopes.jor.br\/site\/wp-content\/uploads\/2021\/11\/WhatsApp-Image-2021-11-14-at-20.38.03.jpeg","keywords":["diocese de Leopoldina","Ordena\u00e7\u00e3o sacerdotal","Padre M\u00e1rcio J\u00fanior","Sereno"],"articleSection":["Not\u00edcias"],"inLanguage":"pt-BR","potentialAction":[{"@type":"CommentAction","name":"Comment","target":["https:\/\/marcelolopes.jor.br\/site\/2021\/11\/23\/ordenacao-sacerdotal-acontece-neste-sabado-27-em-sereno\/#respond"]}]},{"@type":"WebPage","@id":"https:\/\/marcelolopes.jor.br\/site\/2021\/11\/23\/ordenacao-sacerdotal-acontece-neste-sabado-27-em-sereno\/","url":"https:\/\/marcelolopes.jor.br\/site\/2021\/11\/23\/ordenacao-sacerdotal-acontece-neste-sabado-27-em-sereno\/","name":"Ordena\u00e7\u00e3o sacerdotal acontece neste s\u00e1bado, 27, em Sereno","isPartOf":{"@id":"https:\/\/marcelolopes.jor.br\/site\/#website"},"primaryImageOfPage":{"@id":"https:\/\/marcelolopes.jor.br\/site\/2021\/11\/23\/ordenacao-sacerdotal-acontece-neste-sabado-27-em-sereno\/#primaryimage"},"image":{"@id":"https:\/\/marcelolopes.jor.br\/site\/2021\/11\/23\/ordenacao-sacerdotal-acontece-neste-sabado-27-em-sereno\/#primaryimage"},"thumbnailUrl":"https:\/\/marcelolopes.jor.br\/site\/wp-content\/uploads\/2021\/11\/WhatsApp-Image-2021-11-14-at-20.38.03.jpeg","datePublished":"2021-11-23T10:00:32+00:00","dateModified":"2022-11-25T13:07:19+00:00","description":"Ordena\u00e7\u00e3o sacerdotal acontece neste s\u00e1bado, 27, em Sereno. O futuro padre M\u00e1rcio Jos\u00e9 Ferreira J\u00fanior, nasceu e viveu naquele distrito.","breadcrumb":{"@id":"https:\/\/marcelolopes.jor.br\/site\/2021\/11\/23\/ordenacao-sacerdotal-acontece-neste-sabado-27-em-sereno\/#breadcrumb"},"inLanguage":"pt-BR","potentialAction":[{"@type":"ReadAction","target":["https:\/\/marcelolopes.jor.br\/site\/2021\/11\/23\/ordenacao-sacerdotal-acontece-neste-sabado-27-em-sereno\/"]}]},{"@type":"ImageObject","inLanguage":"pt-BR","@id":"https:\/\/marcelolopes.jor.br\/site\/2021\/11\/23\/ordenacao-sacerdotal-acontece-neste-sabado-27-em-sereno\/#primaryimage","url":"https:\/\/marcelolopes.jor.br\/site\/wp-content\/uploads\/2021\/11\/WhatsApp-Image-2021-11-14-at-20.38.03.jpeg","contentUrl":"https:\/\/marcelolopes.jor.br\/site\/wp-content\/uploads\/2021\/11\/WhatsApp-Image-2021-11-14-at-20.38.03.jpeg","width":800,"height":596,"caption":"Ordena\u00e7\u00e3o sacerdotal acontece neste"},{"@type":"BreadcrumbList","@id":"https:\/\/marcelolopes.jor.br\/site\/2021\/11\/23\/ordenacao-sacerdotal-acontece-neste-sabado-27-em-sereno\/#breadcrumb","itemListElement":[{"@type":"ListItem","position":1,"name":"Home","item":"https:\/\/marcelolopes.jor.br\/site\/"},{"@type":"ListItem","position":2,"name":"Ordena\u00e7\u00e3o sacerdotal acontece neste s\u00e1bado, 27, em Sereno"}]},{"@type":"WebSite","@id":"https:\/\/marcelolopes.jor.br\/site\/#website","url":"https:\/\/marcelolopes.jor.br\/site\/","name":"Marcelo Lopes","description":"Not\u00edcias de Cataguases e Regi\u00e3o","publisher":{"@id":"https:\/\/marcelolopes.jor.br\/site\/#organization"},"potentialAction":[{"@type":"SearchAction","target":{"@type":"EntryPoint","urlTemplate":"https:\/\/marcelolopes.jor.br\/site\/?s={search_term_string}"},"query-input":{"@type":"PropertyValueSpecification","valueRequired":true,"valueName":"search_term_string"}}],"inLanguage":"pt-BR"},{"@type":"Organization","@id":"https:\/\/marcelolopes.jor.br\/site\/#organization","name":"Site do Marcelo Lopes","url":"https:\/\/marcelolopes.jor.br\/site\/","logo":{"@type":"ImageObject","inLanguage":"pt-BR","@id":"https:\/\/marcelolopes.jor.br\/site\/#\/schema\/logo\/image\/","url":"https:\/\/marcelolopes.jor.br\/site\/wp-content\/uploads\/2024\/11\/logo-1.png","contentUrl":"https:\/\/marcelolopes.jor.br\/site\/wp-content\/uploads\/2024\/11\/logo-1.png","width":475,"height":80,"caption":"Site do Marcelo Lopes"},"image":{"@id":"https:\/\/marcelolopes.jor.br\/site\/#\/schema\/logo\/image\/"},"sameAs":["https:\/\/www.facebook.com\/sitedomarcelolopes","https:\/\/www.instagram.com\/sitedomarcelolopes\/","https:\/\/www.linkedin.com\/company\/site-do-marcelo-lopes\/","https:\/\/www.youtube.com\/user\/marcelolopes957"]},{"@type":"Person","@id":"https:\/\/marcelolopes.jor.br\/site\/#\/schema\/person\/3e7216a35c34d8fdf952b31da3d1f89f","name":"Marcelo Lopes","sameAs":["http:\/\/www.marcelolopes.jor.br"],"url":"https:\/\/marcelolopes.jor.br\/site\/author\/marcelo\/"}]}},"wps_subtitle":"O futuro padre M\u00e1rcio Jos\u00e9 Ferreira J\u00fanior, nasceu e viveu naquele distrito.","_links":{"self":[{"href":"https:\/\/marcelolopes.jor.br\/site\/wp-json\/wp\/v2\/posts\/28703","targetHints":{"allow":["GET"]}}],"collection":[{"href":"https:\/\/marcelolopes.jor.br\/site\/wp-json\/wp\/v2\/posts"}],"about":[{"href":"https:\/\/marcelolopes.jor.br\/site\/wp-json\/wp\/v2\/types\/post"}],"author":[{"embeddable":true,"href":"https:\/\/marcelolopes.jor.br\/site\/wp-json\/wp\/v2\/users\/2"}],"replies":[{"embeddable":true,"href":"https:\/\/marcelolopes.jor.br\/site\/wp-json\/wp\/v2\/comments?post=28703"}],"version-history":[{"count":0,"href":"https:\/\/marcelolopes.jor.br\/site\/wp-json\/wp\/v2\/posts\/28703\/revisions"}],"wp:featuredmedia":[{"embeddable":true,"href":"https:\/\/marcelolopes.jor.br\/site\/wp-json\/wp\/v2\/media\/28705"}],"wp:attachment":[{"href":"https:\/\/marcelolopes.jor.br\/site\/wp-json\/wp\/v2\/media?parent=28703"}],"wp:term":[{"taxonomy":"category","embeddable":true,"href":"https:\/\/marcelolopes.jor.br\/site\/wp-json\/wp\/v2\/categories?post=28703"},{"taxonomy":"post_tag","embeddable":true,"href":"https:\/\/marcelolopes.jor.br\/site\/wp-json\/wp\/v2\/tags?post=28703"}],"curies":[{"name":"wp","href":"https:\/\/api.w.org\/{rel}","templated":true}]}}