{"id":28647,"date":"2021-11-22T07:00:05","date_gmt":"2021-11-22T10:00:05","guid":{"rendered":"https:\/\/marcelolopes.jor.br\/?p=28647"},"modified":"2021-11-21T12:05:27","modified_gmt":"2021-11-21T15:05:27","slug":"vida-em-cachos-especializado-em-cabelos-crespos-cacheados-e-ondulados-esta-em-novo-endereco","status":"publish","type":"post","link":"https:\/\/marcelolopes.jor.br\/site\/2021\/11\/22\/vida-em-cachos-especializado-em-cabelos-crespos-cacheados-e-ondulados-esta-em-novo-endereco\/","title":{"rendered":"Vida em Cachos, especializado em cabelos crespos, cacheados e ondulados, est\u00e1 em novo endere\u00e7o"},"content":{"rendered":"<p style=\"text-align: justify;\">O Espa\u00e7o Vida em Cachos &#8211; Terapia Capilar, inaugurou no \u00faltimo s\u00e1bado, 20 de novembro, suas novas instala\u00e7\u00f5es, em Cataguases, agora oferecendo mais servi\u00e7os a sua clientela. Aberto em 2020, em plena pandemia, pelos irm\u00e3os Gessica Oliver e Vin\u00edcius Olly, com uma proposta voltada para o p\u00fablico de pele preta e cabelos cacheados, o local conquistou rapidamente sua clientela que estava \u201c\u00f3rf\u00e3\u201d, como definiu Vin\u00edcius, neste segmento de est\u00e9tica e tratamento capilar.<!--more--><\/p>\n<p style=\"text-align: justify;\"><img loading=\"lazy\" decoding=\"async\" class=\"aligncenter wp-image-28650\" src=\"https:\/\/marcelolopes.jor.br\/site\/wp-content\/uploads\/2021\/11\/IMG_0560-Large-1024x576.jpeg\" alt=\"\" width=\"700\" height=\"394\" srcset=\"https:\/\/marcelolopes.jor.br\/site\/wp-content\/uploads\/2021\/11\/IMG_0560-Large-1024x576.jpeg 1024w, https:\/\/marcelolopes.jor.br\/site\/wp-content\/uploads\/2021\/11\/IMG_0560-Large-300x169.jpeg 300w, https:\/\/marcelolopes.jor.br\/site\/wp-content\/uploads\/2021\/11\/IMG_0560-Large-768x432.jpeg 768w, https:\/\/marcelolopes.jor.br\/site\/wp-content\/uploads\/2021\/11\/IMG_0560-Large-1200x675.jpeg 1200w, https:\/\/marcelolopes.jor.br\/site\/wp-content\/uploads\/2021\/11\/IMG_0560-Large.jpeg 1280w\" sizes=\"auto, (max-width: 700px) 100vw, 700px\" \/>Agora, o Vida em Cachos, est\u00e1 em uma resid\u00eancia comercial situada na Travessa Am\u00e9rico Ramos, 67, \u00faltima casa \u00e0 esquerda no beco ao lado da antiga Delegacia de Pol\u00edcia. L\u00e1, s\u00e3o realizados tratamentos est\u00e9ticos nos cabelos e tamb\u00e9m tratamentos no couro cabeludo indicados por dermatologistas. Vin\u00edcius tem dezessete anos de experi\u00eancia na \u00e1rea, \u00e9 p\u00f3s-graduado em est\u00e9tica e cosmetologia e voltou a Cataguases depois de uma longa jornada no Rio de Janeiro trazendo esta novidade que faltava para as mulheres de pele preta, conforme ele mesmo contou no v\u00eddeo que est\u00e1 ao final deste texto.<\/p>\n<p style=\"text-align: justify;\">&#8211; A ideia de criar este espa\u00e7o surgiu com a pandemia que me fez repensar a vida na cidade grande. E quando decidi voltar pensei sobre o que levaria de diferente para Cataguases e foi a\u00ed que resolvi fazer aqui o que j\u00e1 fazia no Rio havia mais de 17 anos: tratar das mulheres com cabelos crespos, ondulados e cacheados porque percebi esta brecha no mercado local, conta. Depois de se instalar na cidade, o tempo comprovou o seu talento e o de sua irm\u00e3 e as clientes n\u00e3o param de chegar, satisfeitas que est\u00e3o com o trabalho prestado pela Vida em Cachos. \u201cSeriedade e muito profissionalismo nos define, al\u00e9m de uma dedica\u00e7\u00e3o integral ao que fazemos\u201d, completa Gessica.<\/p>\n<p style=\"text-align: justify;\">Assista ao video abaixo sobre a Vida em Cachos e veja a galeria de fotos da inaugura\u00e7\u00e3o.<\/p>\n<p><a href=\"https:\/\/youtu.be\/fV2xRWI_ABw\">https:\/\/youtu.be\/fV2xRWI_ABw<\/a><\/p>\n<div id='gallery-1' class='gallery galleryid-28647 gallery-columns-4 gallery-size-thumbnail'><figure class='gallery-item'>\n\t\t\t<div class='gallery-icon landscape'>\n\t\t\t\t<a href='https:\/\/marcelolopes.jor.br\/site\/2021\/11\/22\/vida-em-cachos-especializado-em-cabelos-crespos-cacheados-e-ondulados-esta-em-novo-endereco\/img_0527-large\/'><img loading=\"lazy\" decoding=\"async\" width=\"150\" height=\"150\" src=\"https:\/\/marcelolopes.jor.br\/site\/wp-content\/uploads\/2021\/11\/IMG_0527-Large-150x150.jpeg\" class=\"attachment-thumbnail size-thumbnail\" alt=\"\" srcset=\"https:\/\/marcelolopes.jor.br\/site\/wp-content\/uploads\/2021\/11\/IMG_0527-Large-150x150.jpeg 150w, https:\/\/marcelolopes.jor.br\/site\/wp-content\/uploads\/2021\/11\/IMG_0527-Large-65x65.jpeg 65w\" sizes=\"auto, (max-width: 150px) 100vw, 150px\" \/><\/a>\n\t\t\t<\/div><\/figure><figure class='gallery-item'>\n\t\t\t<div class='gallery-icon landscape'>\n\t\t\t\t<a href='https:\/\/marcelolopes.jor.br\/site\/2021\/11\/22\/vida-em-cachos-especializado-em-cabelos-crespos-cacheados-e-ondulados-esta-em-novo-endereco\/img_0528-large\/'><img loading=\"lazy\" decoding=\"async\" width=\"150\" height=\"150\" src=\"https:\/\/marcelolopes.jor.br\/site\/wp-content\/uploads\/2021\/11\/IMG_0528-Large-150x150.jpeg\" class=\"attachment-thumbnail size-thumbnail\" alt=\"\" srcset=\"https:\/\/marcelolopes.jor.br\/site\/wp-content\/uploads\/2021\/11\/IMG_0528-Large-150x150.jpeg 150w, https:\/\/marcelolopes.jor.br\/site\/wp-content\/uploads\/2021\/11\/IMG_0528-Large-65x65.jpeg 65w\" sizes=\"auto, (max-width: 150px) 100vw, 150px\" \/><\/a>\n\t\t\t<\/div><\/figure><figure class='gallery-item'>\n\t\t\t<div class='gallery-icon landscape'>\n\t\t\t\t<a href='https:\/\/marcelolopes.jor.br\/site\/2021\/11\/22\/vida-em-cachos-especializado-em-cabelos-crespos-cacheados-e-ondulados-esta-em-novo-endereco\/img_0530-large\/'><img loading=\"lazy\" decoding=\"async\" width=\"150\" height=\"150\" src=\"https:\/\/marcelolopes.jor.br\/site\/wp-content\/uploads\/2021\/11\/IMG_0530-Large-150x150.jpeg\" class=\"attachment-thumbnail size-thumbnail\" alt=\"\" srcset=\"https:\/\/marcelolopes.jor.br\/site\/wp-content\/uploads\/2021\/11\/IMG_0530-Large-150x150.jpeg 150w, https:\/\/marcelolopes.jor.br\/site\/wp-content\/uploads\/2021\/11\/IMG_0530-Large-65x65.jpeg 65w\" sizes=\"auto, (max-width: 150px) 100vw, 150px\" \/><\/a>\n\t\t\t<\/div><\/figure><figure class='gallery-item'>\n\t\t\t<div class='gallery-icon portrait'>\n\t\t\t\t<a href='https:\/\/marcelolopes.jor.br\/site\/2021\/11\/22\/vida-em-cachos-especializado-em-cabelos-crespos-cacheados-e-ondulados-esta-em-novo-endereco\/img_0535-large\/'><img loading=\"lazy\" decoding=\"async\" width=\"150\" height=\"150\" src=\"https:\/\/marcelolopes.jor.br\/site\/wp-content\/uploads\/2021\/11\/IMG_0535-Large-150x150.jpeg\" class=\"attachment-thumbnail size-thumbnail\" alt=\"\" srcset=\"https:\/\/marcelolopes.jor.br\/site\/wp-content\/uploads\/2021\/11\/IMG_0535-Large-150x150.jpeg 150w, https:\/\/marcelolopes.jor.br\/site\/wp-content\/uploads\/2021\/11\/IMG_0535-Large-65x65.jpeg 65w\" sizes=\"auto, (max-width: 150px) 100vw, 150px\" \/><\/a>\n\t\t\t<\/div><\/figure><figure class='gallery-item'>\n\t\t\t<div class='gallery-icon landscape'>\n\t\t\t\t<a href='https:\/\/marcelolopes.jor.br\/site\/2021\/11\/22\/vida-em-cachos-especializado-em-cabelos-crespos-cacheados-e-ondulados-esta-em-novo-endereco\/img_0537-large\/'><img loading=\"lazy\" decoding=\"async\" width=\"150\" height=\"150\" src=\"https:\/\/marcelolopes.jor.br\/site\/wp-content\/uploads\/2021\/11\/IMG_0537-Large-150x150.jpeg\" class=\"attachment-thumbnail size-thumbnail\" alt=\"\" srcset=\"https:\/\/marcelolopes.jor.br\/site\/wp-content\/uploads\/2021\/11\/IMG_0537-Large-150x150.jpeg 150w, https:\/\/marcelolopes.jor.br\/site\/wp-content\/uploads\/2021\/11\/IMG_0537-Large-65x65.jpeg 65w\" sizes=\"auto, (max-width: 150px) 100vw, 150px\" \/><\/a>\n\t\t\t<\/div><\/figure><figure class='gallery-item'>\n\t\t\t<div class='gallery-icon landscape'>\n\t\t\t\t<a href='https:\/\/marcelolopes.jor.br\/site\/2021\/11\/22\/vida-em-cachos-especializado-em-cabelos-crespos-cacheados-e-ondulados-esta-em-novo-endereco\/img_0554-large\/'><img loading=\"lazy\" decoding=\"async\" width=\"150\" height=\"150\" src=\"https:\/\/marcelolopes.jor.br\/site\/wp-content\/uploads\/2021\/11\/IMG_0554-Large-150x150.jpeg\" class=\"attachment-thumbnail size-thumbnail\" alt=\"\" srcset=\"https:\/\/marcelolopes.jor.br\/site\/wp-content\/uploads\/2021\/11\/IMG_0554-Large-150x150.jpeg 150w, https:\/\/marcelolopes.jor.br\/site\/wp-content\/uploads\/2021\/11\/IMG_0554-Large-65x65.jpeg 65w\" sizes=\"auto, (max-width: 150px) 100vw, 150px\" \/><\/a>\n\t\t\t<\/div><\/figure><figure class='gallery-item'>\n\t\t\t<div class='gallery-icon landscape'>\n\t\t\t\t<a href='https:\/\/marcelolopes.jor.br\/site\/2021\/11\/22\/vida-em-cachos-especializado-em-cabelos-crespos-cacheados-e-ondulados-esta-em-novo-endereco\/img_0556-large\/'><img loading=\"lazy\" decoding=\"async\" width=\"150\" height=\"150\" src=\"https:\/\/marcelolopes.jor.br\/site\/wp-content\/uploads\/2021\/11\/IMG_0556-Large-150x150.jpeg\" class=\"attachment-thumbnail size-thumbnail\" alt=\"\" srcset=\"https:\/\/marcelolopes.jor.br\/site\/wp-content\/uploads\/2021\/11\/IMG_0556-Large-150x150.jpeg 150w, https:\/\/marcelolopes.jor.br\/site\/wp-content\/uploads\/2021\/11\/IMG_0556-Large-65x65.jpeg 65w\" sizes=\"auto, (max-width: 150px) 100vw, 150px\" \/><\/a>\n\t\t\t<\/div><\/figure><figure class='gallery-item'>\n\t\t\t<div class='gallery-icon landscape'>\n\t\t\t\t<a href='https:\/\/marcelolopes.jor.br\/site\/2021\/11\/22\/vida-em-cachos-especializado-em-cabelos-crespos-cacheados-e-ondulados-esta-em-novo-endereco\/img_0558-large\/'><img loading=\"lazy\" decoding=\"async\" width=\"150\" height=\"150\" src=\"https:\/\/marcelolopes.jor.br\/site\/wp-content\/uploads\/2021\/11\/IMG_0558-Large-150x150.jpeg\" class=\"attachment-thumbnail size-thumbnail\" alt=\"\" srcset=\"https:\/\/marcelolopes.jor.br\/site\/wp-content\/uploads\/2021\/11\/IMG_0558-Large-150x150.jpeg 150w, https:\/\/marcelolopes.jor.br\/site\/wp-content\/uploads\/2021\/11\/IMG_0558-Large-65x65.jpeg 65w\" sizes=\"auto, (max-width: 150px) 100vw, 150px\" \/><\/a>\n\t\t\t<\/div><\/figure><figure class='gallery-item'>\n\t\t\t<div class='gallery-icon landscape'>\n\t\t\t\t<a href='https:\/\/marcelolopes.jor.br\/site\/2021\/11\/22\/vida-em-cachos-especializado-em-cabelos-crespos-cacheados-e-ondulados-esta-em-novo-endereco\/img_0566-large\/'><img loading=\"lazy\" decoding=\"async\" width=\"150\" height=\"150\" src=\"https:\/\/marcelolopes.jor.br\/site\/wp-content\/uploads\/2021\/11\/IMG_0566-Large-150x150.jpeg\" class=\"attachment-thumbnail size-thumbnail\" alt=\"\" srcset=\"https:\/\/marcelolopes.jor.br\/site\/wp-content\/uploads\/2021\/11\/IMG_0566-Large-150x150.jpeg 150w, https:\/\/marcelolopes.jor.br\/site\/wp-content\/uploads\/2021\/11\/IMG_0566-Large-65x65.jpeg 65w\" sizes=\"auto, (max-width: 150px) 100vw, 150px\" \/><\/a>\n\t\t\t<\/div><\/figure><figure class='gallery-item'>\n\t\t\t<div class='gallery-icon landscape'>\n\t\t\t\t<a href='https:\/\/marcelolopes.jor.br\/site\/2021\/11\/22\/vida-em-cachos-especializado-em-cabelos-crespos-cacheados-e-ondulados-esta-em-novo-endereco\/img_0568-large\/'><img loading=\"lazy\" decoding=\"async\" width=\"150\" height=\"150\" src=\"https:\/\/marcelolopes.jor.br\/site\/wp-content\/uploads\/2021\/11\/IMG_0568-Large-150x150.jpeg\" class=\"attachment-thumbnail size-thumbnail\" alt=\"\" srcset=\"https:\/\/marcelolopes.jor.br\/site\/wp-content\/uploads\/2021\/11\/IMG_0568-Large-150x150.jpeg 150w, https:\/\/marcelolopes.jor.br\/site\/wp-content\/uploads\/2021\/11\/IMG_0568-Large-65x65.jpeg 65w\" sizes=\"auto, (max-width: 150px) 100vw, 150px\" \/><\/a>\n\t\t\t<\/div><\/figure><figure class='gallery-item'>\n\t\t\t<div class='gallery-icon landscape'>\n\t\t\t\t<a href='https:\/\/marcelolopes.jor.br\/site\/2021\/11\/22\/vida-em-cachos-especializado-em-cabelos-crespos-cacheados-e-ondulados-esta-em-novo-endereco\/img_0572-large\/'><img loading=\"lazy\" decoding=\"async\" width=\"150\" height=\"150\" src=\"https:\/\/marcelolopes.jor.br\/site\/wp-content\/uploads\/2021\/11\/IMG_0572-Large-150x150.jpeg\" class=\"attachment-thumbnail size-thumbnail\" alt=\"\" srcset=\"https:\/\/marcelolopes.jor.br\/site\/wp-content\/uploads\/2021\/11\/IMG_0572-Large-150x150.jpeg 150w, https:\/\/marcelolopes.jor.br\/site\/wp-content\/uploads\/2021\/11\/IMG_0572-Large-65x65.jpeg 65w\" sizes=\"auto, (max-width: 150px) 100vw, 150px\" \/><\/a>\n\t\t\t<\/div><\/figure><figure class='gallery-item'>\n\t\t\t<div class='gallery-icon landscape'>\n\t\t\t\t<a href='https:\/\/marcelolopes.jor.br\/site\/2021\/11\/22\/vida-em-cachos-especializado-em-cabelos-crespos-cacheados-e-ondulados-esta-em-novo-endereco\/img_0573-large\/'><img loading=\"lazy\" decoding=\"async\" width=\"150\" height=\"150\" src=\"https:\/\/marcelolopes.jor.br\/site\/wp-content\/uploads\/2021\/11\/IMG_0573-Large-150x150.jpeg\" class=\"attachment-thumbnail size-thumbnail\" alt=\"\" srcset=\"https:\/\/marcelolopes.jor.br\/site\/wp-content\/uploads\/2021\/11\/IMG_0573-Large-150x150.jpeg 150w, https:\/\/marcelolopes.jor.br\/site\/wp-content\/uploads\/2021\/11\/IMG_0573-Large-65x65.jpeg 65w\" sizes=\"auto, (max-width: 150px) 100vw, 150px\" \/><\/a>\n\t\t\t<\/div><\/figure><figure class='gallery-item'>\n\t\t\t<div class='gallery-icon landscape'>\n\t\t\t\t<a href='https:\/\/marcelolopes.jor.br\/site\/2021\/11\/22\/vida-em-cachos-especializado-em-cabelos-crespos-cacheados-e-ondulados-esta-em-novo-endereco\/img_0574-large\/'><img loading=\"lazy\" decoding=\"async\" width=\"150\" height=\"150\" src=\"https:\/\/marcelolopes.jor.br\/site\/wp-content\/uploads\/2021\/11\/IMG_0574-Large-150x150.jpeg\" class=\"attachment-thumbnail size-thumbnail\" alt=\"\" srcset=\"https:\/\/marcelolopes.jor.br\/site\/wp-content\/uploads\/2021\/11\/IMG_0574-Large-150x150.jpeg 150w, https:\/\/marcelolopes.jor.br\/site\/wp-content\/uploads\/2021\/11\/IMG_0574-Large-65x65.jpeg 65w\" sizes=\"auto, (max-width: 150px) 100vw, 150px\" \/><\/a>\n\t\t\t<\/div><\/figure><figure class='gallery-item'>\n\t\t\t<div class='gallery-icon portrait'>\n\t\t\t\t<a href='https:\/\/marcelolopes.jor.br\/site\/2021\/11\/22\/vida-em-cachos-especializado-em-cabelos-crespos-cacheados-e-ondulados-esta-em-novo-endereco\/img_0576-large\/'><img loading=\"lazy\" decoding=\"async\" width=\"150\" height=\"150\" src=\"https:\/\/marcelolopes.jor.br\/site\/wp-content\/uploads\/2021\/11\/IMG_0576-Large-150x150.jpeg\" class=\"attachment-thumbnail size-thumbnail\" alt=\"\" srcset=\"https:\/\/marcelolopes.jor.br\/site\/wp-content\/uploads\/2021\/11\/IMG_0576-Large-150x150.jpeg 150w, https:\/\/marcelolopes.jor.br\/site\/wp-content\/uploads\/2021\/11\/IMG_0576-Large-65x65.jpeg 65w\" sizes=\"auto, (max-width: 150px) 100vw, 150px\" \/><\/a>\n\t\t\t<\/div><\/figure><figure class='gallery-item'>\n\t\t\t<div class='gallery-icon landscape'>\n\t\t\t\t<a href='https:\/\/marcelolopes.jor.br\/site\/2021\/11\/22\/vida-em-cachos-especializado-em-cabelos-crespos-cacheados-e-ondulados-esta-em-novo-endereco\/img_0529-large\/'><img loading=\"lazy\" decoding=\"async\" width=\"150\" height=\"150\" src=\"https:\/\/marcelolopes.jor.br\/site\/wp-content\/uploads\/2021\/11\/IMG_0529-Large-150x150.jpeg\" class=\"attachment-thumbnail size-thumbnail\" alt=\"\" srcset=\"https:\/\/marcelolopes.jor.br\/site\/wp-content\/uploads\/2021\/11\/IMG_0529-Large-150x150.jpeg 150w, https:\/\/marcelolopes.jor.br\/site\/wp-content\/uploads\/2021\/11\/IMG_0529-Large-65x65.jpeg 65w\" sizes=\"auto, (max-width: 150px) 100vw, 150px\" \/><\/a>\n\t\t\t<\/div><\/figure>\n\t\t<\/div>\n\n<div class=\"rlrjw69f5db43e1a6e\" ><br><\/div><style type=\"text\/css\">\r\n@media screen and (min-width: 1201px) {\r\n.rlrjw69f5db43e1a6e {\r\ndisplay: block;\r\n}\r\n}\r\n@media screen and (min-width: 993px) and (max-width: 1200px) {\r\n.rlrjw69f5db43e1a6e {\r\ndisplay: block;\r\n}\r\n}\r\n@media screen and (min-width: 769px) and (max-width: 992px) {\r\n.rlrjw69f5db43e1a6e {\r\ndisplay: block;\r\n}\r\n}\r\n@media screen and (min-width: 768px) and (max-width: 768px) {\r\n.rlrjw69f5db43e1a6e {\r\ndisplay: block;\r\n}\r\n}\r\n@media screen and (max-width: 767px) {\r\n.rlrjw69f5db43e1a6e {\r\ndisplay: block;\r\n}\r\n}\r\n<\/style>\r\n<div class=\"larjh69f5db43e6421\" ><div id=\"div_destino\"><\/div>\r\n<script src=\"https:\/\/cdn.snsrsv.com\/sdk.js\"><\/script>\r\n<script >\r\n      new sdk(\"464030C30061EA8BE065000000000001\") \r\n          .appendTo(\"div_destino\")\r\n          .disableStyle(true) \r\n          .setCacheBusterMacro(\"%%CACHEBUSTER%%\")\r\n          .setSize(\"800\",\"214\")\r\n          .setClickMacro(\"%%CLICK_URL_ESC%%\") \r\n          .setReferrerUrlMacro(\"%%REFERRER_URL_ESC%%\") \r\n          .start(); \r\n<\/script><\/div><style type=\"text\/css\">\r\n@media screen and (min-width: 1201px) {\r\n.larjh69f5db43e6421 {\r\ndisplay: block;\r\n}\r\n}\r\n@media screen and (min-width: 993px) and (max-width: 1200px) {\r\n.larjh69f5db43e6421 {\r\ndisplay: block;\r\n}\r\n}\r\n@media screen and (min-width: 769px) and (max-width: 992px) {\r\n.larjh69f5db43e6421 {\r\ndisplay: block;\r\n}\r\n}\r\n@media screen and (min-width: 768px) and (max-width: 768px) {\r\n.larjh69f5db43e6421 {\r\ndisplay: block;\r\n}\r\n}\r\n@media screen and (max-width: 767px) {\r\n.larjh69f5db43e6421 {\r\ndisplay: block;\r\n}\r\n}\r\n<\/style>\r\n","protected":false},"excerpt":{"rendered":"<p>O Espa\u00e7o Vida em Cachos &#8211; Terapia Capilar, inaugurou no \u00faltimo s\u00e1bado, 20 de novembro, suas novas instala\u00e7\u00f5es, em Cataguases, agora oferecendo mais servi\u00e7os a sua clientela. Aberto em 2020, em plena pandemia, pelos irm\u00e3os Gessica Oliver e Vin\u00edcius Olly,<\/p>\n<p class=\"link-more\"><a class=\"more-link\" href=\"https:\/\/marcelolopes.jor.br\/site\/2021\/11\/22\/vida-em-cachos-especializado-em-cabelos-crespos-cacheados-e-ondulados-esta-em-novo-endereco\/\">Leia mais <span class=\"screen-reader-text\">Vida em Cachos, especializado em cabelos crespos, cacheados e ondulados, est\u00e1 em novo endere\u00e7o<\/span><\/a><\/p>\n","protected":false},"author":2,"featured_media":28649,"comment_status":"open","ping_status":"open","sticky":false,"template":"","format":"standard","meta":{"footnotes":""},"categories":[1],"tags":[5070,5071,5069,5072],"class_list":["post-28647","post","type-post","status-publish","format-standard","has-post-thumbnail","hentry","category-noticias","tag-cabelo-crespo","tag-terapia-capilar","tag-vida-em-cachos","tag-vinicius-olly","thumb-below-title"],"yoast_head":"<!-- This site is optimized with the Yoast SEO plugin v27.4 - https:\/\/yoast.com\/product\/yoast-seo-wordpress\/ -->\n<title>Vida em Cachos, especializado em cabelos crespos, cacheados e ondulados, est\u00e1 em novo endere\u00e7o | Marcelo Lopes<\/title>\n<meta name=\"robots\" content=\"index, follow, max-snippet:-1, max-image-preview:large, max-video-preview:-1\" \/>\n<link rel=\"canonical\" href=\"https:\/\/marcelolopes.jor.br\/site\/2021\/11\/22\/vida-em-cachos-especializado-em-cabelos-crespos-cacheados-e-ondulados-esta-em-novo-endereco\/\" \/>\n<meta property=\"og:locale\" content=\"pt_BR\" \/>\n<meta property=\"og:type\" content=\"article\" \/>\n<meta property=\"og:title\" content=\"Vida em Cachos, especializado em cabelos crespos, cacheados e ondulados, est\u00e1 em novo endere\u00e7o | Marcelo Lopes\" \/>\n<meta property=\"og:description\" content=\"O Espa\u00e7o Vida em Cachos &#8211; Terapia Capilar, inaugurou no \u00faltimo s\u00e1bado, 20 de novembro, suas novas instala\u00e7\u00f5es, em Cataguases, agora oferecendo mais servi\u00e7os a sua clientela. Aberto em 2020, em plena pandemia, pelos irm\u00e3os Gessica Oliver e Vin\u00edcius Olly,Leia mais Vida em Cachos, especializado em cabelos crespos, cacheados e ondulados, est\u00e1 em novo endere\u00e7o\" \/>\n<meta property=\"og:url\" content=\"https:\/\/marcelolopes.jor.br\/site\/2021\/11\/22\/vida-em-cachos-especializado-em-cabelos-crespos-cacheados-e-ondulados-esta-em-novo-endereco\/\" \/>\n<meta property=\"og:site_name\" content=\"Marcelo Lopes\" \/>\n<meta property=\"article:publisher\" content=\"https:\/\/www.facebook.com\/sitedomarcelolopes\" \/>\n<meta property=\"article:published_time\" content=\"2021-11-22T10:00:05+00:00\" \/>\n<meta property=\"og:image\" content=\"https:\/\/marcelolopes.jor.br\/site\/wp-content\/uploads\/2021\/11\/IMG_0540-Large.jpeg\" \/>\n\t<meta property=\"og:image:width\" content=\"1280\" \/>\n\t<meta property=\"og:image:height\" content=\"720\" \/>\n\t<meta property=\"og:image:type\" content=\"image\/jpeg\" \/>\n<meta name=\"author\" content=\"Marcelo Lopes\" \/>\n<meta name=\"twitter:card\" content=\"summary_large_image\" \/>\n<meta name=\"twitter:label1\" content=\"Escrito por\" \/>\n\t<meta name=\"twitter:data1\" content=\"Marcelo Lopes\" \/>\n\t<meta name=\"twitter:label2\" content=\"Est. tempo de leitura\" \/>\n\t<meta name=\"twitter:data2\" content=\"2 minutos\" \/>\n<script type=\"application\/ld+json\" class=\"yoast-schema-graph\">{\"@context\":\"https:\\\/\\\/schema.org\",\"@graph\":[{\"@type\":\"NewsArticle\",\"@id\":\"https:\\\/\\\/marcelolopes.jor.br\\\/site\\\/2021\\\/11\\\/22\\\/vida-em-cachos-especializado-em-cabelos-crespos-cacheados-e-ondulados-esta-em-novo-endereco\\\/#article\",\"isPartOf\":{\"@id\":\"https:\\\/\\\/marcelolopes.jor.br\\\/site\\\/2021\\\/11\\\/22\\\/vida-em-cachos-especializado-em-cabelos-crespos-cacheados-e-ondulados-esta-em-novo-endereco\\\/\"},\"author\":{\"name\":\"Marcelo Lopes\",\"@id\":\"https:\\\/\\\/marcelolopes.jor.br\\\/site\\\/#\\\/schema\\\/person\\\/3e7216a35c34d8fdf952b31da3d1f89f\"},\"headline\":\"Vida em Cachos, especializado em cabelos crespos, cacheados e ondulados, est\u00e1 em novo endere\u00e7o\",\"datePublished\":\"2021-11-22T10:00:05+00:00\",\"mainEntityOfPage\":{\"@id\":\"https:\\\/\\\/marcelolopes.jor.br\\\/site\\\/2021\\\/11\\\/22\\\/vida-em-cachos-especializado-em-cabelos-crespos-cacheados-e-ondulados-esta-em-novo-endereco\\\/\"},\"wordCount\":347,\"commentCount\":0,\"publisher\":{\"@id\":\"https:\\\/\\\/marcelolopes.jor.br\\\/site\\\/#organization\"},\"image\":{\"@id\":\"https:\\\/\\\/marcelolopes.jor.br\\\/site\\\/2021\\\/11\\\/22\\\/vida-em-cachos-especializado-em-cabelos-crespos-cacheados-e-ondulados-esta-em-novo-endereco\\\/#primaryimage\"},\"thumbnailUrl\":\"https:\\\/\\\/marcelolopes.jor.br\\\/site\\\/wp-content\\\/uploads\\\/2021\\\/11\\\/IMG_0540-Large.jpeg\",\"keywords\":[\"cabelo crespo\",\"terapia capilar\",\"Vida em cachos\",\"Vin\u00edcius Olly\"],\"articleSection\":[\"Not\u00edcias\"],\"inLanguage\":\"pt-BR\",\"potentialAction\":[{\"@type\":\"CommentAction\",\"name\":\"Comment\",\"target\":[\"https:\\\/\\\/marcelolopes.jor.br\\\/site\\\/2021\\\/11\\\/22\\\/vida-em-cachos-especializado-em-cabelos-crespos-cacheados-e-ondulados-esta-em-novo-endereco\\\/#respond\"]}]},{\"@type\":\"WebPage\",\"@id\":\"https:\\\/\\\/marcelolopes.jor.br\\\/site\\\/2021\\\/11\\\/22\\\/vida-em-cachos-especializado-em-cabelos-crespos-cacheados-e-ondulados-esta-em-novo-endereco\\\/\",\"url\":\"https:\\\/\\\/marcelolopes.jor.br\\\/site\\\/2021\\\/11\\\/22\\\/vida-em-cachos-especializado-em-cabelos-crespos-cacheados-e-ondulados-esta-em-novo-endereco\\\/\",\"name\":\"Vida em Cachos, especializado em cabelos crespos, cacheados e ondulados, est\u00e1 em novo endere\u00e7o | Marcelo Lopes\",\"isPartOf\":{\"@id\":\"https:\\\/\\\/marcelolopes.jor.br\\\/site\\\/#website\"},\"primaryImageOfPage\":{\"@id\":\"https:\\\/\\\/marcelolopes.jor.br\\\/site\\\/2021\\\/11\\\/22\\\/vida-em-cachos-especializado-em-cabelos-crespos-cacheados-e-ondulados-esta-em-novo-endereco\\\/#primaryimage\"},\"image\":{\"@id\":\"https:\\\/\\\/marcelolopes.jor.br\\\/site\\\/2021\\\/11\\\/22\\\/vida-em-cachos-especializado-em-cabelos-crespos-cacheados-e-ondulados-esta-em-novo-endereco\\\/#primaryimage\"},\"thumbnailUrl\":\"https:\\\/\\\/marcelolopes.jor.br\\\/site\\\/wp-content\\\/uploads\\\/2021\\\/11\\\/IMG_0540-Large.jpeg\",\"datePublished\":\"2021-11-22T10:00:05+00:00\",\"breadcrumb\":{\"@id\":\"https:\\\/\\\/marcelolopes.jor.br\\\/site\\\/2021\\\/11\\\/22\\\/vida-em-cachos-especializado-em-cabelos-crespos-cacheados-e-ondulados-esta-em-novo-endereco\\\/#breadcrumb\"},\"inLanguage\":\"pt-BR\",\"potentialAction\":[{\"@type\":\"ReadAction\",\"target\":[\"https:\\\/\\\/marcelolopes.jor.br\\\/site\\\/2021\\\/11\\\/22\\\/vida-em-cachos-especializado-em-cabelos-crespos-cacheados-e-ondulados-esta-em-novo-endereco\\\/\"]}]},{\"@type\":\"ImageObject\",\"inLanguage\":\"pt-BR\",\"@id\":\"https:\\\/\\\/marcelolopes.jor.br\\\/site\\\/2021\\\/11\\\/22\\\/vida-em-cachos-especializado-em-cabelos-crespos-cacheados-e-ondulados-esta-em-novo-endereco\\\/#primaryimage\",\"url\":\"https:\\\/\\\/marcelolopes.jor.br\\\/site\\\/wp-content\\\/uploads\\\/2021\\\/11\\\/IMG_0540-Large.jpeg\",\"contentUrl\":\"https:\\\/\\\/marcelolopes.jor.br\\\/site\\\/wp-content\\\/uploads\\\/2021\\\/11\\\/IMG_0540-Large.jpeg\",\"width\":1280,\"height\":720},{\"@type\":\"BreadcrumbList\",\"@id\":\"https:\\\/\\\/marcelolopes.jor.br\\\/site\\\/2021\\\/11\\\/22\\\/vida-em-cachos-especializado-em-cabelos-crespos-cacheados-e-ondulados-esta-em-novo-endereco\\\/#breadcrumb\",\"itemListElement\":[{\"@type\":\"ListItem\",\"position\":1,\"name\":\"Home\",\"item\":\"https:\\\/\\\/marcelolopes.jor.br\\\/site\\\/\"},{\"@type\":\"ListItem\",\"position\":2,\"name\":\"Vida em Cachos, especializado em cabelos crespos, cacheados e ondulados, est\u00e1 em novo endere\u00e7o\"}]},{\"@type\":\"WebSite\",\"@id\":\"https:\\\/\\\/marcelolopes.jor.br\\\/site\\\/#website\",\"url\":\"https:\\\/\\\/marcelolopes.jor.br\\\/site\\\/\",\"name\":\"Marcelo Lopes\",\"description\":\"Not\u00edcias de Cataguases e Regi\u00e3o\",\"publisher\":{\"@id\":\"https:\\\/\\\/marcelolopes.jor.br\\\/site\\\/#organization\"},\"potentialAction\":[{\"@type\":\"SearchAction\",\"target\":{\"@type\":\"EntryPoint\",\"urlTemplate\":\"https:\\\/\\\/marcelolopes.jor.br\\\/site\\\/?s={search_term_string}\"},\"query-input\":{\"@type\":\"PropertyValueSpecification\",\"valueRequired\":true,\"valueName\":\"search_term_string\"}}],\"inLanguage\":\"pt-BR\"},{\"@type\":\"Organization\",\"@id\":\"https:\\\/\\\/marcelolopes.jor.br\\\/site\\\/#organization\",\"name\":\"Site do Marcelo Lopes\",\"url\":\"https:\\\/\\\/marcelolopes.jor.br\\\/site\\\/\",\"logo\":{\"@type\":\"ImageObject\",\"inLanguage\":\"pt-BR\",\"@id\":\"https:\\\/\\\/marcelolopes.jor.br\\\/site\\\/#\\\/schema\\\/logo\\\/image\\\/\",\"url\":\"https:\\\/\\\/marcelolopes.jor.br\\\/site\\\/wp-content\\\/uploads\\\/2024\\\/11\\\/logo-1.png\",\"contentUrl\":\"https:\\\/\\\/marcelolopes.jor.br\\\/site\\\/wp-content\\\/uploads\\\/2024\\\/11\\\/logo-1.png\",\"width\":475,\"height\":80,\"caption\":\"Site do Marcelo Lopes\"},\"image\":{\"@id\":\"https:\\\/\\\/marcelolopes.jor.br\\\/site\\\/#\\\/schema\\\/logo\\\/image\\\/\"},\"sameAs\":[\"https:\\\/\\\/www.facebook.com\\\/sitedomarcelolopes\",\"https:\\\/\\\/www.instagram.com\\\/sitedomarcelolopes\\\/\",\"https:\\\/\\\/www.linkedin.com\\\/company\\\/site-do-marcelo-lopes\\\/\",\"https:\\\/\\\/www.youtube.com\\\/user\\\/marcelolopes957\"]},{\"@type\":\"Person\",\"@id\":\"https:\\\/\\\/marcelolopes.jor.br\\\/site\\\/#\\\/schema\\\/person\\\/3e7216a35c34d8fdf952b31da3d1f89f\",\"name\":\"Marcelo Lopes\",\"sameAs\":[\"http:\\\/\\\/www.marcelolopes.jor.br\"],\"url\":\"https:\\\/\\\/marcelolopes.jor.br\\\/site\\\/author\\\/marcelo\\\/\"}]}<\/script>\n<!-- \/ Yoast SEO plugin. -->","yoast_head_json":{"title":"Vida em Cachos, especializado em cabelos crespos, cacheados e ondulados, est\u00e1 em novo endere\u00e7o | Marcelo Lopes","robots":{"index":"index","follow":"follow","max-snippet":"max-snippet:-1","max-image-preview":"max-image-preview:large","max-video-preview":"max-video-preview:-1"},"canonical":"https:\/\/marcelolopes.jor.br\/site\/2021\/11\/22\/vida-em-cachos-especializado-em-cabelos-crespos-cacheados-e-ondulados-esta-em-novo-endereco\/","og_locale":"pt_BR","og_type":"article","og_title":"Vida em Cachos, especializado em cabelos crespos, cacheados e ondulados, est\u00e1 em novo endere\u00e7o | Marcelo Lopes","og_description":"O Espa\u00e7o Vida em Cachos &#8211; Terapia Capilar, inaugurou no \u00faltimo s\u00e1bado, 20 de novembro, suas novas instala\u00e7\u00f5es, em Cataguases, agora oferecendo mais servi\u00e7os a sua clientela. Aberto em 2020, em plena pandemia, pelos irm\u00e3os Gessica Oliver e Vin\u00edcius Olly,Leia mais Vida em Cachos, especializado em cabelos crespos, cacheados e ondulados, est\u00e1 em novo endere\u00e7o","og_url":"https:\/\/marcelolopes.jor.br\/site\/2021\/11\/22\/vida-em-cachos-especializado-em-cabelos-crespos-cacheados-e-ondulados-esta-em-novo-endereco\/","og_site_name":"Marcelo Lopes","article_publisher":"https:\/\/www.facebook.com\/sitedomarcelolopes","article_published_time":"2021-11-22T10:00:05+00:00","og_image":[{"width":1280,"height":720,"url":"https:\/\/marcelolopes.jor.br\/site\/wp-content\/uploads\/2021\/11\/IMG_0540-Large.jpeg","type":"image\/jpeg"}],"author":"Marcelo Lopes","twitter_card":"summary_large_image","twitter_misc":{"Escrito por":"Marcelo Lopes","Est. tempo de leitura":"2 minutos"},"schema":{"@context":"https:\/\/schema.org","@graph":[{"@type":"NewsArticle","@id":"https:\/\/marcelolopes.jor.br\/site\/2021\/11\/22\/vida-em-cachos-especializado-em-cabelos-crespos-cacheados-e-ondulados-esta-em-novo-endereco\/#article","isPartOf":{"@id":"https:\/\/marcelolopes.jor.br\/site\/2021\/11\/22\/vida-em-cachos-especializado-em-cabelos-crespos-cacheados-e-ondulados-esta-em-novo-endereco\/"},"author":{"name":"Marcelo Lopes","@id":"https:\/\/marcelolopes.jor.br\/site\/#\/schema\/person\/3e7216a35c34d8fdf952b31da3d1f89f"},"headline":"Vida em Cachos, especializado em cabelos crespos, cacheados e ondulados, est\u00e1 em novo endere\u00e7o","datePublished":"2021-11-22T10:00:05+00:00","mainEntityOfPage":{"@id":"https:\/\/marcelolopes.jor.br\/site\/2021\/11\/22\/vida-em-cachos-especializado-em-cabelos-crespos-cacheados-e-ondulados-esta-em-novo-endereco\/"},"wordCount":347,"commentCount":0,"publisher":{"@id":"https:\/\/marcelolopes.jor.br\/site\/#organization"},"image":{"@id":"https:\/\/marcelolopes.jor.br\/site\/2021\/11\/22\/vida-em-cachos-especializado-em-cabelos-crespos-cacheados-e-ondulados-esta-em-novo-endereco\/#primaryimage"},"thumbnailUrl":"https:\/\/marcelolopes.jor.br\/site\/wp-content\/uploads\/2021\/11\/IMG_0540-Large.jpeg","keywords":["cabelo crespo","terapia capilar","Vida em cachos","Vin\u00edcius Olly"],"articleSection":["Not\u00edcias"],"inLanguage":"pt-BR","potentialAction":[{"@type":"CommentAction","name":"Comment","target":["https:\/\/marcelolopes.jor.br\/site\/2021\/11\/22\/vida-em-cachos-especializado-em-cabelos-crespos-cacheados-e-ondulados-esta-em-novo-endereco\/#respond"]}]},{"@type":"WebPage","@id":"https:\/\/marcelolopes.jor.br\/site\/2021\/11\/22\/vida-em-cachos-especializado-em-cabelos-crespos-cacheados-e-ondulados-esta-em-novo-endereco\/","url":"https:\/\/marcelolopes.jor.br\/site\/2021\/11\/22\/vida-em-cachos-especializado-em-cabelos-crespos-cacheados-e-ondulados-esta-em-novo-endereco\/","name":"Vida em Cachos, especializado em cabelos crespos, cacheados e ondulados, est\u00e1 em novo endere\u00e7o | Marcelo Lopes","isPartOf":{"@id":"https:\/\/marcelolopes.jor.br\/site\/#website"},"primaryImageOfPage":{"@id":"https:\/\/marcelolopes.jor.br\/site\/2021\/11\/22\/vida-em-cachos-especializado-em-cabelos-crespos-cacheados-e-ondulados-esta-em-novo-endereco\/#primaryimage"},"image":{"@id":"https:\/\/marcelolopes.jor.br\/site\/2021\/11\/22\/vida-em-cachos-especializado-em-cabelos-crespos-cacheados-e-ondulados-esta-em-novo-endereco\/#primaryimage"},"thumbnailUrl":"https:\/\/marcelolopes.jor.br\/site\/wp-content\/uploads\/2021\/11\/IMG_0540-Large.jpeg","datePublished":"2021-11-22T10:00:05+00:00","breadcrumb":{"@id":"https:\/\/marcelolopes.jor.br\/site\/2021\/11\/22\/vida-em-cachos-especializado-em-cabelos-crespos-cacheados-e-ondulados-esta-em-novo-endereco\/#breadcrumb"},"inLanguage":"pt-BR","potentialAction":[{"@type":"ReadAction","target":["https:\/\/marcelolopes.jor.br\/site\/2021\/11\/22\/vida-em-cachos-especializado-em-cabelos-crespos-cacheados-e-ondulados-esta-em-novo-endereco\/"]}]},{"@type":"ImageObject","inLanguage":"pt-BR","@id":"https:\/\/marcelolopes.jor.br\/site\/2021\/11\/22\/vida-em-cachos-especializado-em-cabelos-crespos-cacheados-e-ondulados-esta-em-novo-endereco\/#primaryimage","url":"https:\/\/marcelolopes.jor.br\/site\/wp-content\/uploads\/2021\/11\/IMG_0540-Large.jpeg","contentUrl":"https:\/\/marcelolopes.jor.br\/site\/wp-content\/uploads\/2021\/11\/IMG_0540-Large.jpeg","width":1280,"height":720},{"@type":"BreadcrumbList","@id":"https:\/\/marcelolopes.jor.br\/site\/2021\/11\/22\/vida-em-cachos-especializado-em-cabelos-crespos-cacheados-e-ondulados-esta-em-novo-endereco\/#breadcrumb","itemListElement":[{"@type":"ListItem","position":1,"name":"Home","item":"https:\/\/marcelolopes.jor.br\/site\/"},{"@type":"ListItem","position":2,"name":"Vida em Cachos, especializado em cabelos crespos, cacheados e ondulados, est\u00e1 em novo endere\u00e7o"}]},{"@type":"WebSite","@id":"https:\/\/marcelolopes.jor.br\/site\/#website","url":"https:\/\/marcelolopes.jor.br\/site\/","name":"Marcelo Lopes","description":"Not\u00edcias de Cataguases e Regi\u00e3o","publisher":{"@id":"https:\/\/marcelolopes.jor.br\/site\/#organization"},"potentialAction":[{"@type":"SearchAction","target":{"@type":"EntryPoint","urlTemplate":"https:\/\/marcelolopes.jor.br\/site\/?s={search_term_string}"},"query-input":{"@type":"PropertyValueSpecification","valueRequired":true,"valueName":"search_term_string"}}],"inLanguage":"pt-BR"},{"@type":"Organization","@id":"https:\/\/marcelolopes.jor.br\/site\/#organization","name":"Site do Marcelo Lopes","url":"https:\/\/marcelolopes.jor.br\/site\/","logo":{"@type":"ImageObject","inLanguage":"pt-BR","@id":"https:\/\/marcelolopes.jor.br\/site\/#\/schema\/logo\/image\/","url":"https:\/\/marcelolopes.jor.br\/site\/wp-content\/uploads\/2024\/11\/logo-1.png","contentUrl":"https:\/\/marcelolopes.jor.br\/site\/wp-content\/uploads\/2024\/11\/logo-1.png","width":475,"height":80,"caption":"Site do Marcelo Lopes"},"image":{"@id":"https:\/\/marcelolopes.jor.br\/site\/#\/schema\/logo\/image\/"},"sameAs":["https:\/\/www.facebook.com\/sitedomarcelolopes","https:\/\/www.instagram.com\/sitedomarcelolopes\/","https:\/\/www.linkedin.com\/company\/site-do-marcelo-lopes\/","https:\/\/www.youtube.com\/user\/marcelolopes957"]},{"@type":"Person","@id":"https:\/\/marcelolopes.jor.br\/site\/#\/schema\/person\/3e7216a35c34d8fdf952b31da3d1f89f","name":"Marcelo Lopes","sameAs":["http:\/\/www.marcelolopes.jor.br"],"url":"https:\/\/marcelolopes.jor.br\/site\/author\/marcelo\/"}]}},"wps_subtitle":"Agora maior e com novos servi\u00e7os, o espa\u00e7o vai al\u00e9m de um sal\u00e3o de beleza.","_links":{"self":[{"href":"https:\/\/marcelolopes.jor.br\/site\/wp-json\/wp\/v2\/posts\/28647","targetHints":{"allow":["GET"]}}],"collection":[{"href":"https:\/\/marcelolopes.jor.br\/site\/wp-json\/wp\/v2\/posts"}],"about":[{"href":"https:\/\/marcelolopes.jor.br\/site\/wp-json\/wp\/v2\/types\/post"}],"author":[{"embeddable":true,"href":"https:\/\/marcelolopes.jor.br\/site\/wp-json\/wp\/v2\/users\/2"}],"replies":[{"embeddable":true,"href":"https:\/\/marcelolopes.jor.br\/site\/wp-json\/wp\/v2\/comments?post=28647"}],"version-history":[{"count":0,"href":"https:\/\/marcelolopes.jor.br\/site\/wp-json\/wp\/v2\/posts\/28647\/revisions"}],"wp:featuredmedia":[{"embeddable":true,"href":"https:\/\/marcelolopes.jor.br\/site\/wp-json\/wp\/v2\/media\/28649"}],"wp:attachment":[{"href":"https:\/\/marcelolopes.jor.br\/site\/wp-json\/wp\/v2\/media?parent=28647"}],"wp:term":[{"taxonomy":"category","embeddable":true,"href":"https:\/\/marcelolopes.jor.br\/site\/wp-json\/wp\/v2\/categories?post=28647"},{"taxonomy":"post_tag","embeddable":true,"href":"https:\/\/marcelolopes.jor.br\/site\/wp-json\/wp\/v2\/tags?post=28647"}],"curies":[{"name":"wp","href":"https:\/\/api.w.org\/{rel}","templated":true}]}}