{"id":28344,"date":"2021-11-10T20:00:18","date_gmt":"2021-11-10T23:00:18","guid":{"rendered":"https:\/\/marcelolopes.jor.br\/?p=28344"},"modified":"2023-05-20T13:48:39","modified_gmt":"2023-05-20T16:48:39","slug":"comerciantes-do-mercado-do-produtor-participam-de-capacitacao","status":"publish","type":"post","link":"https:\/\/marcelolopes.jor.br\/site\/2021\/11\/10\/comerciantes-do-mercado-do-produtor-participam-de-capacitacao\/","title":{"rendered":"Comerciantes do Mercado do Produtor participam de capacita\u00e7\u00e3o"},"content":{"rendered":"<p style=\"text-align: justify;\">A <a href=\"http:\/\/www.cataguases.mg.gov.br\"><strong><span style=\"color: #800000;\">Prefeitura de Cataguases<\/span><\/strong><\/a> atrav\u00e9s das secretarias municipais de Agricultura e Meio Ambiente e de Sa\u00fade (via Vigil\u00e2ncia Sanit\u00e1ria), em parceria com a Emater, realizou uma capacita\u00e7\u00e3o aos feirantes que atuam no Mercado do Produtor. O evento aconteceu ter\u00e7a-feira, 9 de novembro, no audit\u00f3rio da Faculdade Sudam\u00e9rica.<!--more--><\/p>\n<p style=\"text-align: justify;\">A iniciativa reuniu cerca de sessenta participantes e abordou quest\u00f5es relevantes referentes ao processo de licenciamento sanit\u00e1rio. Entre os temas abordados pelos t\u00e9cnicos das institui\u00e7\u00f5es foram destacadas a import\u00e2ncia da licen\u00e7a sanit\u00e1ria, legisla\u00e7\u00e3o vigente, etapas de cadastro e certifica\u00e7\u00e3o de produtos de origem animal e vegetal.<\/p>\n<p style=\"text-align: justify;\">Conforme informou a Secretaria de Agricultura e Meio Ambiente, o encontro teve como objetivo promover melhoria na qualidade dos produtos comercializados no Mercado do Produtor, oferecendo mais seguran\u00e7a ao consumidor, al\u00e9m de agregar valor aos produtos comercializados. Ainda conforme aquele \u00f3rg\u00e3o, eventos como aquele devem acontecer com mais frequ\u00eancia.<\/p>\n<p><img loading=\"lazy\" decoding=\"async\" class=\"aligncenter wp-image-28348\" src=\"https:\/\/marcelolopes.jor.br\/site\/wp-content\/uploads\/2021\/11\/WhatsApp-Image-2021-11-10-at-16.35.01-1-768x1024.jpeg\" alt=\"Comerciantes do Mercado do\" width=\"700\" height=\"933\" srcset=\"https:\/\/marcelolopes.jor.br\/site\/wp-content\/uploads\/2021\/11\/WhatsApp-Image-2021-11-10-at-16.35.01-1-768x1024.jpeg 768w, https:\/\/marcelolopes.jor.br\/site\/wp-content\/uploads\/2021\/11\/WhatsApp-Image-2021-11-10-at-16.35.01-1-225x300.jpeg 225w, https:\/\/marcelolopes.jor.br\/site\/wp-content\/uploads\/2021\/11\/WhatsApp-Image-2021-11-10-at-16.35.01-1-900x1200.jpeg 900w, https:\/\/marcelolopes.jor.br\/site\/wp-content\/uploads\/2021\/11\/WhatsApp-Image-2021-11-10-at-16.35.01-1.jpeg 960w\" sizes=\"auto, (max-width: 700px) 100vw, 700px\" \/> <img loading=\"lazy\" decoding=\"async\" class=\"aligncenter wp-image-28346\" src=\"https:\/\/marcelolopes.jor.br\/site\/wp-content\/uploads\/2021\/11\/WhatsApp-Image-2021-11-10-at-16.35.00-1024x768.jpeg\" alt=\"\" width=\"700\" height=\"525\" srcset=\"https:\/\/marcelolopes.jor.br\/site\/wp-content\/uploads\/2021\/11\/WhatsApp-Image-2021-11-10-at-16.35.00-1024x768.jpeg 1024w, https:\/\/marcelolopes.jor.br\/site\/wp-content\/uploads\/2021\/11\/WhatsApp-Image-2021-11-10-at-16.35.00-300x225.jpeg 300w, https:\/\/marcelolopes.jor.br\/site\/wp-content\/uploads\/2021\/11\/WhatsApp-Image-2021-11-10-at-16.35.00-768x576.jpeg 768w, https:\/\/marcelolopes.jor.br\/site\/wp-content\/uploads\/2021\/11\/WhatsApp-Image-2021-11-10-at-16.35.00-1200x900.jpeg 1200w, https:\/\/marcelolopes.jor.br\/site\/wp-content\/uploads\/2021\/11\/WhatsApp-Image-2021-11-10-at-16.35.00-320x240.jpeg 320w, https:\/\/marcelolopes.jor.br\/site\/wp-content\/uploads\/2021\/11\/WhatsApp-Image-2021-11-10-at-16.35.00.jpeg 1280w\" sizes=\"auto, (max-width: 700px) 100vw, 700px\" \/><\/p>\n<p style=\"text-align: justify;\">Fonte e fotos: Prefeitura de Cataguases<\/p>\n<div class=\"mwhsf69f5e4566b0f3\" ><br><\/div><style type=\"text\/css\">\r\n@media screen and (min-width: 1201px) {\r\n.mwhsf69f5e4566b0f3 {\r\ndisplay: block;\r\n}\r\n}\r\n@media screen and (min-width: 993px) and (max-width: 1200px) {\r\n.mwhsf69f5e4566b0f3 {\r\ndisplay: block;\r\n}\r\n}\r\n@media screen and (min-width: 769px) and (max-width: 992px) {\r\n.mwhsf69f5e4566b0f3 {\r\ndisplay: block;\r\n}\r\n}\r\n@media screen and (min-width: 768px) and (max-width: 768px) {\r\n.mwhsf69f5e4566b0f3 {\r\ndisplay: block;\r\n}\r\n}\r\n@media screen and (max-width: 767px) {\r\n.mwhsf69f5e4566b0f3 {\r\ndisplay: block;\r\n}\r\n}\r\n<\/style>\r\n<div class=\"vwaae69f5e4566fd81\" ><div id=\"div_destino\"><\/div>\r\n<script src=\"https:\/\/cdn.snsrsv.com\/sdk.js\"><\/script>\r\n<script >\r\n      new sdk(\"464030C30061EA8BE065000000000001\") \r\n          .appendTo(\"div_destino\")\r\n          .disableStyle(true) \r\n          .setCacheBusterMacro(\"%%CACHEBUSTER%%\")\r\n          .setSize(\"800\",\"214\")\r\n          .setClickMacro(\"%%CLICK_URL_ESC%%\") \r\n          .setReferrerUrlMacro(\"%%REFERRER_URL_ESC%%\") \r\n          .start(); \r\n<\/script><\/div><style type=\"text\/css\">\r\n@media screen and (min-width: 1201px) {\r\n.vwaae69f5e4566fd81 {\r\ndisplay: block;\r\n}\r\n}\r\n@media screen and (min-width: 993px) and (max-width: 1200px) {\r\n.vwaae69f5e4566fd81 {\r\ndisplay: block;\r\n}\r\n}\r\n@media screen and (min-width: 769px) and (max-width: 992px) {\r\n.vwaae69f5e4566fd81 {\r\ndisplay: block;\r\n}\r\n}\r\n@media screen and (min-width: 768px) and (max-width: 768px) {\r\n.vwaae69f5e4566fd81 {\r\ndisplay: block;\r\n}\r\n}\r\n@media screen and (max-width: 767px) {\r\n.vwaae69f5e4566fd81 {\r\ndisplay: block;\r\n}\r\n}\r\n<\/style>\r\n","protected":false},"excerpt":{"rendered":"<p>A Prefeitura de Cataguases atrav\u00e9s das secretarias municipais de Agricultura e Meio Ambiente e de Sa\u00fade (via Vigil\u00e2ncia Sanit\u00e1ria), em parceria com a Emater, realizou uma capacita\u00e7\u00e3o aos feirantes que atuam no Mercado do Produtor. O evento aconteceu ter\u00e7a-feira, 9<\/p>\n<p class=\"link-more\"><a class=\"more-link\" href=\"https:\/\/marcelolopes.jor.br\/site\/2021\/11\/10\/comerciantes-do-mercado-do-produtor-participam-de-capacitacao\/\">Leia mais <span class=\"screen-reader-text\">Comerciantes do Mercado do Produtor participam de capacita\u00e7\u00e3o<\/span><\/a><\/p>\n","protected":false},"author":2,"featured_media":28347,"comment_status":"open","ping_status":"open","sticky":false,"template":"","format":"standard","meta":{"footnotes":""},"categories":[1],"tags":[659,1407,1868,5010],"class_list":["post-28344","post","type-post","status-publish","format-standard","has-post-thumbnail","hentry","category-noticias","tag-capacitacao","tag-mercado-do-produtor","tag-prefeitura-de-cataguases","tag-produtores-rurais","thumb-below-title"],"yoast_head":"<!-- This site is optimized with the Yoast SEO plugin v27.4 - https:\/\/yoast.com\/product\/yoast-seo-wordpress\/ -->\n<title>Comerciantes do Mercado do Produtor participam de capacita\u00e7\u00e3o<\/title>\n<meta name=\"description\" content=\"Comerciantes do Mercado do Produtor participam de capacita\u00e7\u00e3o. Iniciativa reuniu secretarias de Agricultura e de Sa\u00fade, al\u00e9m da Embater-MG.\" \/>\n<meta name=\"robots\" content=\"index, follow, max-snippet:-1, max-image-preview:large, max-video-preview:-1\" \/>\n<link rel=\"canonical\" href=\"https:\/\/marcelolopes.jor.br\/site\/2021\/11\/10\/comerciantes-do-mercado-do-produtor-participam-de-capacitacao\/\" \/>\n<meta property=\"og:locale\" content=\"pt_BR\" \/>\n<meta property=\"og:type\" content=\"article\" \/>\n<meta property=\"og:title\" content=\"Comerciantes do Mercado do Produtor participam de capacita\u00e7\u00e3o\" \/>\n<meta property=\"og:description\" content=\"Comerciantes do Mercado do Produtor participam de capacita\u00e7\u00e3o. Iniciativa reuniu secretarias de Agricultura e de Sa\u00fade, al\u00e9m da Embater-MG.\" \/>\n<meta property=\"og:url\" content=\"https:\/\/marcelolopes.jor.br\/site\/2021\/11\/10\/comerciantes-do-mercado-do-produtor-participam-de-capacitacao\/\" \/>\n<meta property=\"og:site_name\" content=\"Marcelo Lopes\" \/>\n<meta property=\"article:publisher\" content=\"https:\/\/www.facebook.com\/sitedomarcelolopes\" \/>\n<meta property=\"article:published_time\" content=\"2021-11-10T23:00:18+00:00\" \/>\n<meta property=\"article:modified_time\" content=\"2023-05-20T16:48:39+00:00\" \/>\n<meta property=\"og:image\" content=\"https:\/\/marcelolopes.jor.br\/site\/wp-content\/uploads\/2021\/11\/WhatsApp-Image-2021-11-10-at-16.35.01.jpeg\" \/>\n\t<meta property=\"og:image:width\" content=\"1280\" \/>\n\t<meta property=\"og:image:height\" content=\"960\" \/>\n\t<meta property=\"og:image:type\" content=\"image\/jpeg\" \/>\n<meta name=\"author\" content=\"Marcelo Lopes\" \/>\n<meta name=\"twitter:card\" content=\"summary_large_image\" \/>\n<meta name=\"twitter:label1\" content=\"Escrito por\" \/>\n\t<meta name=\"twitter:data1\" content=\"Marcelo Lopes\" \/>\n\t<meta name=\"twitter:label2\" content=\"Est. tempo de leitura\" \/>\n\t<meta name=\"twitter:data2\" content=\"1 minuto\" \/>\n<script type=\"application\/ld+json\" class=\"yoast-schema-graph\">{\"@context\":\"https:\\\/\\\/schema.org\",\"@graph\":[{\"@type\":\"NewsArticle\",\"@id\":\"https:\\\/\\\/marcelolopes.jor.br\\\/site\\\/2021\\\/11\\\/10\\\/comerciantes-do-mercado-do-produtor-participam-de-capacitacao\\\/#article\",\"isPartOf\":{\"@id\":\"https:\\\/\\\/marcelolopes.jor.br\\\/site\\\/2021\\\/11\\\/10\\\/comerciantes-do-mercado-do-produtor-participam-de-capacitacao\\\/\"},\"author\":{\"name\":\"Marcelo Lopes\",\"@id\":\"https:\\\/\\\/marcelolopes.jor.br\\\/site\\\/#\\\/schema\\\/person\\\/3e7216a35c34d8fdf952b31da3d1f89f\"},\"headline\":\"Comerciantes do Mercado do Produtor participam de capacita\u00e7\u00e3o\",\"datePublished\":\"2021-11-10T23:00:18+00:00\",\"dateModified\":\"2023-05-20T16:48:39+00:00\",\"mainEntityOfPage\":{\"@id\":\"https:\\\/\\\/marcelolopes.jor.br\\\/site\\\/2021\\\/11\\\/10\\\/comerciantes-do-mercado-do-produtor-participam-de-capacitacao\\\/\"},\"wordCount\":177,\"commentCount\":0,\"publisher\":{\"@id\":\"https:\\\/\\\/marcelolopes.jor.br\\\/site\\\/#organization\"},\"image\":{\"@id\":\"https:\\\/\\\/marcelolopes.jor.br\\\/site\\\/2021\\\/11\\\/10\\\/comerciantes-do-mercado-do-produtor-participam-de-capacitacao\\\/#primaryimage\"},\"thumbnailUrl\":\"https:\\\/\\\/marcelolopes.jor.br\\\/site\\\/wp-content\\\/uploads\\\/2021\\\/11\\\/WhatsApp-Image-2021-11-10-at-16.35.01.jpeg\",\"keywords\":[\"capacita\u00e7\u00e3o\",\"mercado do produtor\",\"Prefeitura de Cataguases\",\"produtores rurais\"],\"articleSection\":[\"Not\u00edcias\"],\"inLanguage\":\"pt-BR\",\"potentialAction\":[{\"@type\":\"CommentAction\",\"name\":\"Comment\",\"target\":[\"https:\\\/\\\/marcelolopes.jor.br\\\/site\\\/2021\\\/11\\\/10\\\/comerciantes-do-mercado-do-produtor-participam-de-capacitacao\\\/#respond\"]}]},{\"@type\":\"WebPage\",\"@id\":\"https:\\\/\\\/marcelolopes.jor.br\\\/site\\\/2021\\\/11\\\/10\\\/comerciantes-do-mercado-do-produtor-participam-de-capacitacao\\\/\",\"url\":\"https:\\\/\\\/marcelolopes.jor.br\\\/site\\\/2021\\\/11\\\/10\\\/comerciantes-do-mercado-do-produtor-participam-de-capacitacao\\\/\",\"name\":\"Comerciantes do Mercado do Produtor participam de capacita\u00e7\u00e3o\",\"isPartOf\":{\"@id\":\"https:\\\/\\\/marcelolopes.jor.br\\\/site\\\/#website\"},\"primaryImageOfPage\":{\"@id\":\"https:\\\/\\\/marcelolopes.jor.br\\\/site\\\/2021\\\/11\\\/10\\\/comerciantes-do-mercado-do-produtor-participam-de-capacitacao\\\/#primaryimage\"},\"image\":{\"@id\":\"https:\\\/\\\/marcelolopes.jor.br\\\/site\\\/2021\\\/11\\\/10\\\/comerciantes-do-mercado-do-produtor-participam-de-capacitacao\\\/#primaryimage\"},\"thumbnailUrl\":\"https:\\\/\\\/marcelolopes.jor.br\\\/site\\\/wp-content\\\/uploads\\\/2021\\\/11\\\/WhatsApp-Image-2021-11-10-at-16.35.01.jpeg\",\"datePublished\":\"2021-11-10T23:00:18+00:00\",\"dateModified\":\"2023-05-20T16:48:39+00:00\",\"description\":\"Comerciantes do Mercado do Produtor participam de capacita\u00e7\u00e3o. Iniciativa reuniu secretarias de Agricultura e de Sa\u00fade, al\u00e9m da Embater-MG.\",\"breadcrumb\":{\"@id\":\"https:\\\/\\\/marcelolopes.jor.br\\\/site\\\/2021\\\/11\\\/10\\\/comerciantes-do-mercado-do-produtor-participam-de-capacitacao\\\/#breadcrumb\"},\"inLanguage\":\"pt-BR\",\"potentialAction\":[{\"@type\":\"ReadAction\",\"target\":[\"https:\\\/\\\/marcelolopes.jor.br\\\/site\\\/2021\\\/11\\\/10\\\/comerciantes-do-mercado-do-produtor-participam-de-capacitacao\\\/\"]}]},{\"@type\":\"ImageObject\",\"inLanguage\":\"pt-BR\",\"@id\":\"https:\\\/\\\/marcelolopes.jor.br\\\/site\\\/2021\\\/11\\\/10\\\/comerciantes-do-mercado-do-produtor-participam-de-capacitacao\\\/#primaryimage\",\"url\":\"https:\\\/\\\/marcelolopes.jor.br\\\/site\\\/wp-content\\\/uploads\\\/2021\\\/11\\\/WhatsApp-Image-2021-11-10-at-16.35.01.jpeg\",\"contentUrl\":\"https:\\\/\\\/marcelolopes.jor.br\\\/site\\\/wp-content\\\/uploads\\\/2021\\\/11\\\/WhatsApp-Image-2021-11-10-at-16.35.01.jpeg\",\"width\":1280,\"height\":960,\"caption\":\"Comerciantes do Mercado do\"},{\"@type\":\"BreadcrumbList\",\"@id\":\"https:\\\/\\\/marcelolopes.jor.br\\\/site\\\/2021\\\/11\\\/10\\\/comerciantes-do-mercado-do-produtor-participam-de-capacitacao\\\/#breadcrumb\",\"itemListElement\":[{\"@type\":\"ListItem\",\"position\":1,\"name\":\"Home\",\"item\":\"https:\\\/\\\/marcelolopes.jor.br\\\/site\\\/\"},{\"@type\":\"ListItem\",\"position\":2,\"name\":\"Comerciantes do Mercado do Produtor participam de capacita\u00e7\u00e3o\"}]},{\"@type\":\"WebSite\",\"@id\":\"https:\\\/\\\/marcelolopes.jor.br\\\/site\\\/#website\",\"url\":\"https:\\\/\\\/marcelolopes.jor.br\\\/site\\\/\",\"name\":\"Marcelo Lopes\",\"description\":\"Not\u00edcias de Cataguases e Regi\u00e3o\",\"publisher\":{\"@id\":\"https:\\\/\\\/marcelolopes.jor.br\\\/site\\\/#organization\"},\"potentialAction\":[{\"@type\":\"SearchAction\",\"target\":{\"@type\":\"EntryPoint\",\"urlTemplate\":\"https:\\\/\\\/marcelolopes.jor.br\\\/site\\\/?s={search_term_string}\"},\"query-input\":{\"@type\":\"PropertyValueSpecification\",\"valueRequired\":true,\"valueName\":\"search_term_string\"}}],\"inLanguage\":\"pt-BR\"},{\"@type\":\"Organization\",\"@id\":\"https:\\\/\\\/marcelolopes.jor.br\\\/site\\\/#organization\",\"name\":\"Site do Marcelo Lopes\",\"url\":\"https:\\\/\\\/marcelolopes.jor.br\\\/site\\\/\",\"logo\":{\"@type\":\"ImageObject\",\"inLanguage\":\"pt-BR\",\"@id\":\"https:\\\/\\\/marcelolopes.jor.br\\\/site\\\/#\\\/schema\\\/logo\\\/image\\\/\",\"url\":\"https:\\\/\\\/marcelolopes.jor.br\\\/site\\\/wp-content\\\/uploads\\\/2024\\\/11\\\/logo-1.png\",\"contentUrl\":\"https:\\\/\\\/marcelolopes.jor.br\\\/site\\\/wp-content\\\/uploads\\\/2024\\\/11\\\/logo-1.png\",\"width\":475,\"height\":80,\"caption\":\"Site do Marcelo Lopes\"},\"image\":{\"@id\":\"https:\\\/\\\/marcelolopes.jor.br\\\/site\\\/#\\\/schema\\\/logo\\\/image\\\/\"},\"sameAs\":[\"https:\\\/\\\/www.facebook.com\\\/sitedomarcelolopes\",\"https:\\\/\\\/www.instagram.com\\\/sitedomarcelolopes\\\/\",\"https:\\\/\\\/www.linkedin.com\\\/company\\\/site-do-marcelo-lopes\\\/\",\"https:\\\/\\\/www.youtube.com\\\/user\\\/marcelolopes957\"]},{\"@type\":\"Person\",\"@id\":\"https:\\\/\\\/marcelolopes.jor.br\\\/site\\\/#\\\/schema\\\/person\\\/3e7216a35c34d8fdf952b31da3d1f89f\",\"name\":\"Marcelo Lopes\",\"sameAs\":[\"http:\\\/\\\/www.marcelolopes.jor.br\"],\"url\":\"https:\\\/\\\/marcelolopes.jor.br\\\/site\\\/author\\\/marcelo\\\/\"}]}<\/script>\n<!-- \/ Yoast SEO plugin. -->","yoast_head_json":{"title":"Comerciantes do Mercado do Produtor participam de capacita\u00e7\u00e3o","description":"Comerciantes do Mercado do Produtor participam de capacita\u00e7\u00e3o. Iniciativa reuniu secretarias de Agricultura e de Sa\u00fade, al\u00e9m da Embater-MG.","robots":{"index":"index","follow":"follow","max-snippet":"max-snippet:-1","max-image-preview":"max-image-preview:large","max-video-preview":"max-video-preview:-1"},"canonical":"https:\/\/marcelolopes.jor.br\/site\/2021\/11\/10\/comerciantes-do-mercado-do-produtor-participam-de-capacitacao\/","og_locale":"pt_BR","og_type":"article","og_title":"Comerciantes do Mercado do Produtor participam de capacita\u00e7\u00e3o","og_description":"Comerciantes do Mercado do Produtor participam de capacita\u00e7\u00e3o. Iniciativa reuniu secretarias de Agricultura e de Sa\u00fade, al\u00e9m da Embater-MG.","og_url":"https:\/\/marcelolopes.jor.br\/site\/2021\/11\/10\/comerciantes-do-mercado-do-produtor-participam-de-capacitacao\/","og_site_name":"Marcelo Lopes","article_publisher":"https:\/\/www.facebook.com\/sitedomarcelolopes","article_published_time":"2021-11-10T23:00:18+00:00","article_modified_time":"2023-05-20T16:48:39+00:00","og_image":[{"width":1280,"height":960,"url":"https:\/\/marcelolopes.jor.br\/site\/wp-content\/uploads\/2021\/11\/WhatsApp-Image-2021-11-10-at-16.35.01.jpeg","type":"image\/jpeg"}],"author":"Marcelo Lopes","twitter_card":"summary_large_image","twitter_misc":{"Escrito por":"Marcelo Lopes","Est. tempo de leitura":"1 minuto"},"schema":{"@context":"https:\/\/schema.org","@graph":[{"@type":"NewsArticle","@id":"https:\/\/marcelolopes.jor.br\/site\/2021\/11\/10\/comerciantes-do-mercado-do-produtor-participam-de-capacitacao\/#article","isPartOf":{"@id":"https:\/\/marcelolopes.jor.br\/site\/2021\/11\/10\/comerciantes-do-mercado-do-produtor-participam-de-capacitacao\/"},"author":{"name":"Marcelo Lopes","@id":"https:\/\/marcelolopes.jor.br\/site\/#\/schema\/person\/3e7216a35c34d8fdf952b31da3d1f89f"},"headline":"Comerciantes do Mercado do Produtor participam de capacita\u00e7\u00e3o","datePublished":"2021-11-10T23:00:18+00:00","dateModified":"2023-05-20T16:48:39+00:00","mainEntityOfPage":{"@id":"https:\/\/marcelolopes.jor.br\/site\/2021\/11\/10\/comerciantes-do-mercado-do-produtor-participam-de-capacitacao\/"},"wordCount":177,"commentCount":0,"publisher":{"@id":"https:\/\/marcelolopes.jor.br\/site\/#organization"},"image":{"@id":"https:\/\/marcelolopes.jor.br\/site\/2021\/11\/10\/comerciantes-do-mercado-do-produtor-participam-de-capacitacao\/#primaryimage"},"thumbnailUrl":"https:\/\/marcelolopes.jor.br\/site\/wp-content\/uploads\/2021\/11\/WhatsApp-Image-2021-11-10-at-16.35.01.jpeg","keywords":["capacita\u00e7\u00e3o","mercado do produtor","Prefeitura de Cataguases","produtores rurais"],"articleSection":["Not\u00edcias"],"inLanguage":"pt-BR","potentialAction":[{"@type":"CommentAction","name":"Comment","target":["https:\/\/marcelolopes.jor.br\/site\/2021\/11\/10\/comerciantes-do-mercado-do-produtor-participam-de-capacitacao\/#respond"]}]},{"@type":"WebPage","@id":"https:\/\/marcelolopes.jor.br\/site\/2021\/11\/10\/comerciantes-do-mercado-do-produtor-participam-de-capacitacao\/","url":"https:\/\/marcelolopes.jor.br\/site\/2021\/11\/10\/comerciantes-do-mercado-do-produtor-participam-de-capacitacao\/","name":"Comerciantes do Mercado do Produtor participam de capacita\u00e7\u00e3o","isPartOf":{"@id":"https:\/\/marcelolopes.jor.br\/site\/#website"},"primaryImageOfPage":{"@id":"https:\/\/marcelolopes.jor.br\/site\/2021\/11\/10\/comerciantes-do-mercado-do-produtor-participam-de-capacitacao\/#primaryimage"},"image":{"@id":"https:\/\/marcelolopes.jor.br\/site\/2021\/11\/10\/comerciantes-do-mercado-do-produtor-participam-de-capacitacao\/#primaryimage"},"thumbnailUrl":"https:\/\/marcelolopes.jor.br\/site\/wp-content\/uploads\/2021\/11\/WhatsApp-Image-2021-11-10-at-16.35.01.jpeg","datePublished":"2021-11-10T23:00:18+00:00","dateModified":"2023-05-20T16:48:39+00:00","description":"Comerciantes do Mercado do Produtor participam de capacita\u00e7\u00e3o. Iniciativa reuniu secretarias de Agricultura e de Sa\u00fade, al\u00e9m da Embater-MG.","breadcrumb":{"@id":"https:\/\/marcelolopes.jor.br\/site\/2021\/11\/10\/comerciantes-do-mercado-do-produtor-participam-de-capacitacao\/#breadcrumb"},"inLanguage":"pt-BR","potentialAction":[{"@type":"ReadAction","target":["https:\/\/marcelolopes.jor.br\/site\/2021\/11\/10\/comerciantes-do-mercado-do-produtor-participam-de-capacitacao\/"]}]},{"@type":"ImageObject","inLanguage":"pt-BR","@id":"https:\/\/marcelolopes.jor.br\/site\/2021\/11\/10\/comerciantes-do-mercado-do-produtor-participam-de-capacitacao\/#primaryimage","url":"https:\/\/marcelolopes.jor.br\/site\/wp-content\/uploads\/2021\/11\/WhatsApp-Image-2021-11-10-at-16.35.01.jpeg","contentUrl":"https:\/\/marcelolopes.jor.br\/site\/wp-content\/uploads\/2021\/11\/WhatsApp-Image-2021-11-10-at-16.35.01.jpeg","width":1280,"height":960,"caption":"Comerciantes do Mercado do"},{"@type":"BreadcrumbList","@id":"https:\/\/marcelolopes.jor.br\/site\/2021\/11\/10\/comerciantes-do-mercado-do-produtor-participam-de-capacitacao\/#breadcrumb","itemListElement":[{"@type":"ListItem","position":1,"name":"Home","item":"https:\/\/marcelolopes.jor.br\/site\/"},{"@type":"ListItem","position":2,"name":"Comerciantes do Mercado do Produtor participam de capacita\u00e7\u00e3o"}]},{"@type":"WebSite","@id":"https:\/\/marcelolopes.jor.br\/site\/#website","url":"https:\/\/marcelolopes.jor.br\/site\/","name":"Marcelo Lopes","description":"Not\u00edcias de Cataguases e Regi\u00e3o","publisher":{"@id":"https:\/\/marcelolopes.jor.br\/site\/#organization"},"potentialAction":[{"@type":"SearchAction","target":{"@type":"EntryPoint","urlTemplate":"https:\/\/marcelolopes.jor.br\/site\/?s={search_term_string}"},"query-input":{"@type":"PropertyValueSpecification","valueRequired":true,"valueName":"search_term_string"}}],"inLanguage":"pt-BR"},{"@type":"Organization","@id":"https:\/\/marcelolopes.jor.br\/site\/#organization","name":"Site do Marcelo Lopes","url":"https:\/\/marcelolopes.jor.br\/site\/","logo":{"@type":"ImageObject","inLanguage":"pt-BR","@id":"https:\/\/marcelolopes.jor.br\/site\/#\/schema\/logo\/image\/","url":"https:\/\/marcelolopes.jor.br\/site\/wp-content\/uploads\/2024\/11\/logo-1.png","contentUrl":"https:\/\/marcelolopes.jor.br\/site\/wp-content\/uploads\/2024\/11\/logo-1.png","width":475,"height":80,"caption":"Site do Marcelo Lopes"},"image":{"@id":"https:\/\/marcelolopes.jor.br\/site\/#\/schema\/logo\/image\/"},"sameAs":["https:\/\/www.facebook.com\/sitedomarcelolopes","https:\/\/www.instagram.com\/sitedomarcelolopes\/","https:\/\/www.linkedin.com\/company\/site-do-marcelo-lopes\/","https:\/\/www.youtube.com\/user\/marcelolopes957"]},{"@type":"Person","@id":"https:\/\/marcelolopes.jor.br\/site\/#\/schema\/person\/3e7216a35c34d8fdf952b31da3d1f89f","name":"Marcelo Lopes","sameAs":["http:\/\/www.marcelolopes.jor.br"],"url":"https:\/\/marcelolopes.jor.br\/site\/author\/marcelo\/"}]}},"wps_subtitle":"Iniciativa reuniu secretarias de Agricultura e de Sa\u00fade, al\u00e9m da Embater-MG.","_links":{"self":[{"href":"https:\/\/marcelolopes.jor.br\/site\/wp-json\/wp\/v2\/posts\/28344","targetHints":{"allow":["GET"]}}],"collection":[{"href":"https:\/\/marcelolopes.jor.br\/site\/wp-json\/wp\/v2\/posts"}],"about":[{"href":"https:\/\/marcelolopes.jor.br\/site\/wp-json\/wp\/v2\/types\/post"}],"author":[{"embeddable":true,"href":"https:\/\/marcelolopes.jor.br\/site\/wp-json\/wp\/v2\/users\/2"}],"replies":[{"embeddable":true,"href":"https:\/\/marcelolopes.jor.br\/site\/wp-json\/wp\/v2\/comments?post=28344"}],"version-history":[{"count":0,"href":"https:\/\/marcelolopes.jor.br\/site\/wp-json\/wp\/v2\/posts\/28344\/revisions"}],"wp:featuredmedia":[{"embeddable":true,"href":"https:\/\/marcelolopes.jor.br\/site\/wp-json\/wp\/v2\/media\/28347"}],"wp:attachment":[{"href":"https:\/\/marcelolopes.jor.br\/site\/wp-json\/wp\/v2\/media?parent=28344"}],"wp:term":[{"taxonomy":"category","embeddable":true,"href":"https:\/\/marcelolopes.jor.br\/site\/wp-json\/wp\/v2\/categories?post=28344"},{"taxonomy":"post_tag","embeddable":true,"href":"https:\/\/marcelolopes.jor.br\/site\/wp-json\/wp\/v2\/tags?post=28344"}],"curies":[{"name":"wp","href":"https:\/\/api.w.org\/{rel}","templated":true}]}}