{"id":28329,"date":"2021-11-10T16:00:54","date_gmt":"2021-11-10T19:00:54","guid":{"rendered":"https:\/\/marcelolopes.jor.br\/?p=28329"},"modified":"2021-11-10T15:36:26","modified_gmt":"2021-11-10T18:36:26","slug":"fic-vai-realizar-o-festic-2021-que-tera-formato-virtual","status":"publish","type":"post","link":"https:\/\/marcelolopes.jor.br\/site\/2021\/11\/10\/fic-vai-realizar-o-festic-2021-que-tera-formato-virtual\/","title":{"rendered":"FIC vai realizar o FESTIC 2021 que ter\u00e1 formato virtual"},"content":{"rendered":"<p style=\"text-align: justify;\">O FESTIC \u2013 Feira de Empreendedorismo, Sustentabilidade, Tecnologia e Inova\u00e7\u00e3o de Cataguases, acontece nesta quinta-feira, \u00a011 de novembro, \u00e0s 19h, na sede da FIC, por\u00e9m, de forma virtual. O projeto tem como proposta fundamental o desenvolvimento pessoal e profissional para os acad\u00eamicos das institui\u00e7\u00f5es de ensino da cidade, bem como gerar oportunidades de neg\u00f3cio para os empreendedores de Cataguases e regi\u00e3o.<!--more--><\/p>\n<p style=\"text-align: justify;\">O evento realizado pela FIC, sob coordena\u00e7\u00e3o do professor Jesusimar Dornelas, \u00e9 organizado por alunos do 6\u00ba e 8\u00ba per\u00edodo dos cursos de Administra\u00e7\u00e3o e Ci\u00eancias Cont\u00e1beis. Este ano, o FESTIC vai acontecer online, por\u00e9m, com algumas participa\u00e7\u00f5es presenciais seguindo os protocolos de seguran\u00e7a contra a Covid-19. Para ele, &#8220;este \u00e9 o momento de os alunos vivenciarem a pr\u00e1tica da gest\u00e3o em diferentes segmentos e quais estrat\u00e9gias utilizar para superar os desafios di\u00e1rios\u201d, explicou.<\/p>\n<p style=\"text-align: justify;\">Nesta edi\u00e7\u00e3o, a exemplo de anos anteriores, o FORUM FESTIC abre a programa\u00e7\u00e3o com o objetivo de promover debates acerca de assuntos atuais que s\u00e3o inerentes ao desenvolvimento econ\u00f4mico e social de cidade e regi\u00e3o alinhado com as premissas que alicer\u00e7am a filosofia da Feira. O tema \u00e9 a retomada da economia no p\u00f3s pandemia. Participam o vice-prefeito e Secret\u00e1rio Municipal de Cultura e Turismo, Marco Andrade, o s\u00f3cio propriet\u00e1rio do supermercado Morais, M\u00e1rio Lucio Abranches de Morais, o coordenador da unidade de Cataguases da Ponte Nova Papeis, Grupo Tocantins, Paulo S\u00e9rgio Fel\u00edcio, e Jamilla Lima, gestora na empresa Britivic.<\/p>\n<p style=\"text-align: justify;\">A segunda fase desta iniciativa vai contar com Workshops, V\u00eddeos com depoimentos de empreendedores e, para finalizar, uma live musical que ser\u00e1 apresentada dia 19 \u00e0s 19h30min, com a Banda Sapiens e Participa\u00e7\u00e3o de Giuli Donofre. Para o acad\u00eamico C\u00e1ssio de Oliveira Ol\u00edmpio, participar da organiza\u00e7\u00e3o do FESTIC foi uma oportunidade para adquirir novos conhecimentos e contribuir para promover o empreendedorismo no munic\u00edpio. Conforme revelou, \u201cesta participa\u00e7\u00e3o me deu a sensa\u00e7\u00e3o de dever cumprido.&#8221;<\/p>\n<p style=\"text-align: justify;\">O evento ser\u00e1 transmitido nos perfis do Instagram da FIC, do Festic e da Prefeitura de Cataguases, al\u00e9m do canal do Youtube. Para participar fa\u00e7a a sua inscri\u00e7\u00e3o <a href=\"https:\/\/www.even3.com.br\/festic2021\/\"><strong><span style=\"color: #800080;\">clicando aqui<\/span><\/strong><\/a>.<\/p>\n<p><img loading=\"lazy\" decoding=\"async\" class=\"aligncenter wp-image-28331\" src=\"https:\/\/marcelolopes.jor.br\/site\/wp-content\/uploads\/2021\/11\/Imagem2.png\" alt=\"\" width=\"700\" height=\"476\" srcset=\"https:\/\/marcelolopes.jor.br\/site\/wp-content\/uploads\/2021\/11\/Imagem2.png 872w, https:\/\/marcelolopes.jor.br\/site\/wp-content\/uploads\/2021\/11\/Imagem2-300x204.png 300w, https:\/\/marcelolopes.jor.br\/site\/wp-content\/uploads\/2021\/11\/Imagem2-768x522.png 768w\" sizes=\"auto, (max-width: 700px) 100vw, 700px\" \/><\/p>\n<p>Fonte e Arte: FIC | Foto: Arquivo<\/p>\n<div class=\"cxskr69f5ce12e8538\" ><br><\/div><style type=\"text\/css\">\r\n@media screen and (min-width: 1201px) {\r\n.cxskr69f5ce12e8538 {\r\ndisplay: block;\r\n}\r\n}\r\n@media screen and (min-width: 993px) and (max-width: 1200px) {\r\n.cxskr69f5ce12e8538 {\r\ndisplay: block;\r\n}\r\n}\r\n@media screen and (min-width: 769px) and (max-width: 992px) {\r\n.cxskr69f5ce12e8538 {\r\ndisplay: block;\r\n}\r\n}\r\n@media screen and (min-width: 768px) and (max-width: 768px) {\r\n.cxskr69f5ce12e8538 {\r\ndisplay: block;\r\n}\r\n}\r\n@media screen and (max-width: 767px) {\r\n.cxskr69f5ce12e8538 {\r\ndisplay: block;\r\n}\r\n}\r\n<\/style>\r\n<div class=\"azrsl69f5ce12ee0e7\" ><div id=\"div_destino\"><\/div>\r\n<script src=\"https:\/\/cdn.snsrsv.com\/sdk.js\"><\/script>\r\n<script >\r\n      new sdk(\"464030C30061EA8BE065000000000001\") \r\n          .appendTo(\"div_destino\")\r\n          .disableStyle(true) \r\n          .setCacheBusterMacro(\"%%CACHEBUSTER%%\")\r\n          .setSize(\"800\",\"214\")\r\n          .setClickMacro(\"%%CLICK_URL_ESC%%\") \r\n          .setReferrerUrlMacro(\"%%REFERRER_URL_ESC%%\") \r\n          .start(); \r\n<\/script><\/div><style type=\"text\/css\">\r\n@media screen and (min-width: 1201px) {\r\n.azrsl69f5ce12ee0e7 {\r\ndisplay: block;\r\n}\r\n}\r\n@media screen and (min-width: 993px) and (max-width: 1200px) {\r\n.azrsl69f5ce12ee0e7 {\r\ndisplay: block;\r\n}\r\n}\r\n@media screen and (min-width: 769px) and (max-width: 992px) {\r\n.azrsl69f5ce12ee0e7 {\r\ndisplay: block;\r\n}\r\n}\r\n@media screen and (min-width: 768px) and (max-width: 768px) {\r\n.azrsl69f5ce12ee0e7 {\r\ndisplay: block;\r\n}\r\n}\r\n@media screen and (max-width: 767px) {\r\n.azrsl69f5ce12ee0e7 {\r\ndisplay: block;\r\n}\r\n}\r\n<\/style>\r\n","protected":false},"excerpt":{"rendered":"<p>O FESTIC \u2013 Feira de Empreendedorismo, Sustentabilidade, Tecnologia e Inova\u00e7\u00e3o de Cataguases, acontece nesta quinta-feira, \u00a011 de novembro, \u00e0s 19h, na sede da FIC, por\u00e9m, de forma virtual. O projeto tem como proposta fundamental o desenvolvimento pessoal e profissional para<\/p>\n<p class=\"link-more\"><a class=\"more-link\" href=\"https:\/\/marcelolopes.jor.br\/site\/2021\/11\/10\/fic-vai-realizar-o-festic-2021-que-tera-formato-virtual\/\">Leia mais <span class=\"screen-reader-text\">FIC vai realizar o FESTIC 2021 que ter\u00e1 formato virtual<\/span><\/a><\/p>\n","protected":false},"author":2,"featured_media":28332,"comment_status":"open","ping_status":"open","sticky":false,"template":"","format":"standard","meta":{"footnotes":""},"categories":[1],"tags":[1528,180,436,5007],"class_list":["post-28329","post","type-post","status-publish","format-standard","has-post-thumbnail","hentry","category-noticias","tag-alunos-da-fic","tag-empreendedorismo","tag-festic","tag-forum-festim","thumb-below-title"],"yoast_head":"<!-- This site is optimized with the Yoast SEO plugin v27.4 - https:\/\/yoast.com\/product\/yoast-seo-wordpress\/ -->\n<title>FIC vai realizar o FESTIC 2021 que ter\u00e1 formato virtual | Marcelo Lopes<\/title>\n<meta name=\"robots\" content=\"index, follow, max-snippet:-1, max-image-preview:large, max-video-preview:-1\" \/>\n<link rel=\"canonical\" href=\"https:\/\/marcelolopes.jor.br\/site\/2021\/11\/10\/fic-vai-realizar-o-festic-2021-que-tera-formato-virtual\/\" \/>\n<meta property=\"og:locale\" content=\"pt_BR\" \/>\n<meta property=\"og:type\" content=\"article\" \/>\n<meta property=\"og:title\" content=\"FIC vai realizar o FESTIC 2021 que ter\u00e1 formato virtual | Marcelo Lopes\" \/>\n<meta property=\"og:description\" content=\"O FESTIC \u2013 Feira de Empreendedorismo, Sustentabilidade, Tecnologia e Inova\u00e7\u00e3o de Cataguases, acontece nesta quinta-feira, \u00a011 de novembro, \u00e0s 19h, na sede da FIC, por\u00e9m, de forma virtual. O projeto tem como proposta fundamental o desenvolvimento pessoal e profissional paraLeia mais FIC vai realizar o FESTIC 2021 que ter\u00e1 formato virtual\" \/>\n<meta property=\"og:url\" content=\"https:\/\/marcelolopes.jor.br\/site\/2021\/11\/10\/fic-vai-realizar-o-festic-2021-que-tera-formato-virtual\/\" \/>\n<meta property=\"og:site_name\" content=\"Marcelo Lopes\" \/>\n<meta property=\"article:publisher\" content=\"https:\/\/www.facebook.com\/sitedomarcelolopes\" \/>\n<meta property=\"article:published_time\" content=\"2021-11-10T19:00:54+00:00\" \/>\n<meta property=\"og:image\" content=\"https:\/\/marcelolopes.jor.br\/site\/wp-content\/uploads\/2021\/11\/IMG_9493-Large.jpeg\" \/>\n\t<meta property=\"og:image:width\" content=\"1280\" \/>\n\t<meta property=\"og:image:height\" content=\"720\" \/>\n\t<meta property=\"og:image:type\" content=\"image\/jpeg\" \/>\n<meta name=\"author\" content=\"Marcelo Lopes\" \/>\n<meta name=\"twitter:card\" content=\"summary_large_image\" \/>\n<meta name=\"twitter:label1\" content=\"Escrito por\" \/>\n\t<meta name=\"twitter:data1\" content=\"Marcelo Lopes\" \/>\n\t<meta name=\"twitter:label2\" content=\"Est. tempo de leitura\" \/>\n\t<meta name=\"twitter:data2\" content=\"2 minutos\" \/>\n<script type=\"application\/ld+json\" class=\"yoast-schema-graph\">{\"@context\":\"https:\\\/\\\/schema.org\",\"@graph\":[{\"@type\":\"NewsArticle\",\"@id\":\"https:\\\/\\\/marcelolopes.jor.br\\\/site\\\/2021\\\/11\\\/10\\\/fic-vai-realizar-o-festic-2021-que-tera-formato-virtual\\\/#article\",\"isPartOf\":{\"@id\":\"https:\\\/\\\/marcelolopes.jor.br\\\/site\\\/2021\\\/11\\\/10\\\/fic-vai-realizar-o-festic-2021-que-tera-formato-virtual\\\/\"},\"author\":{\"name\":\"Marcelo Lopes\",\"@id\":\"https:\\\/\\\/marcelolopes.jor.br\\\/site\\\/#\\\/schema\\\/person\\\/3e7216a35c34d8fdf952b31da3d1f89f\"},\"headline\":\"FIC vai realizar o FESTIC 2021 que ter\u00e1 formato virtual\",\"datePublished\":\"2021-11-10T19:00:54+00:00\",\"mainEntityOfPage\":{\"@id\":\"https:\\\/\\\/marcelolopes.jor.br\\\/site\\\/2021\\\/11\\\/10\\\/fic-vai-realizar-o-festic-2021-que-tera-formato-virtual\\\/\"},\"wordCount\":390,\"commentCount\":0,\"publisher\":{\"@id\":\"https:\\\/\\\/marcelolopes.jor.br\\\/site\\\/#organization\"},\"image\":{\"@id\":\"https:\\\/\\\/marcelolopes.jor.br\\\/site\\\/2021\\\/11\\\/10\\\/fic-vai-realizar-o-festic-2021-que-tera-formato-virtual\\\/#primaryimage\"},\"thumbnailUrl\":\"https:\\\/\\\/marcelolopes.jor.br\\\/site\\\/wp-content\\\/uploads\\\/2021\\\/11\\\/IMG_9493-Large.jpeg\",\"keywords\":[\"alunos da FIC\",\"empreendedorismo\",\"Festic\",\"forum Festim\"],\"articleSection\":[\"Not\u00edcias\"],\"inLanguage\":\"pt-BR\",\"potentialAction\":[{\"@type\":\"CommentAction\",\"name\":\"Comment\",\"target\":[\"https:\\\/\\\/marcelolopes.jor.br\\\/site\\\/2021\\\/11\\\/10\\\/fic-vai-realizar-o-festic-2021-que-tera-formato-virtual\\\/#respond\"]}]},{\"@type\":\"WebPage\",\"@id\":\"https:\\\/\\\/marcelolopes.jor.br\\\/site\\\/2021\\\/11\\\/10\\\/fic-vai-realizar-o-festic-2021-que-tera-formato-virtual\\\/\",\"url\":\"https:\\\/\\\/marcelolopes.jor.br\\\/site\\\/2021\\\/11\\\/10\\\/fic-vai-realizar-o-festic-2021-que-tera-formato-virtual\\\/\",\"name\":\"FIC vai realizar o FESTIC 2021 que ter\u00e1 formato virtual | Marcelo Lopes\",\"isPartOf\":{\"@id\":\"https:\\\/\\\/marcelolopes.jor.br\\\/site\\\/#website\"},\"primaryImageOfPage\":{\"@id\":\"https:\\\/\\\/marcelolopes.jor.br\\\/site\\\/2021\\\/11\\\/10\\\/fic-vai-realizar-o-festic-2021-que-tera-formato-virtual\\\/#primaryimage\"},\"image\":{\"@id\":\"https:\\\/\\\/marcelolopes.jor.br\\\/site\\\/2021\\\/11\\\/10\\\/fic-vai-realizar-o-festic-2021-que-tera-formato-virtual\\\/#primaryimage\"},\"thumbnailUrl\":\"https:\\\/\\\/marcelolopes.jor.br\\\/site\\\/wp-content\\\/uploads\\\/2021\\\/11\\\/IMG_9493-Large.jpeg\",\"datePublished\":\"2021-11-10T19:00:54+00:00\",\"breadcrumb\":{\"@id\":\"https:\\\/\\\/marcelolopes.jor.br\\\/site\\\/2021\\\/11\\\/10\\\/fic-vai-realizar-o-festic-2021-que-tera-formato-virtual\\\/#breadcrumb\"},\"inLanguage\":\"pt-BR\",\"potentialAction\":[{\"@type\":\"ReadAction\",\"target\":[\"https:\\\/\\\/marcelolopes.jor.br\\\/site\\\/2021\\\/11\\\/10\\\/fic-vai-realizar-o-festic-2021-que-tera-formato-virtual\\\/\"]}]},{\"@type\":\"ImageObject\",\"inLanguage\":\"pt-BR\",\"@id\":\"https:\\\/\\\/marcelolopes.jor.br\\\/site\\\/2021\\\/11\\\/10\\\/fic-vai-realizar-o-festic-2021-que-tera-formato-virtual\\\/#primaryimage\",\"url\":\"https:\\\/\\\/marcelolopes.jor.br\\\/site\\\/wp-content\\\/uploads\\\/2021\\\/11\\\/IMG_9493-Large.jpeg\",\"contentUrl\":\"https:\\\/\\\/marcelolopes.jor.br\\\/site\\\/wp-content\\\/uploads\\\/2021\\\/11\\\/IMG_9493-Large.jpeg\",\"width\":1280,\"height\":720,\"caption\":\"Fic fachada1\"},{\"@type\":\"BreadcrumbList\",\"@id\":\"https:\\\/\\\/marcelolopes.jor.br\\\/site\\\/2021\\\/11\\\/10\\\/fic-vai-realizar-o-festic-2021-que-tera-formato-virtual\\\/#breadcrumb\",\"itemListElement\":[{\"@type\":\"ListItem\",\"position\":1,\"name\":\"Home\",\"item\":\"https:\\\/\\\/marcelolopes.jor.br\\\/site\\\/\"},{\"@type\":\"ListItem\",\"position\":2,\"name\":\"FIC vai realizar o FESTIC 2021 que ter\u00e1 formato virtual\"}]},{\"@type\":\"WebSite\",\"@id\":\"https:\\\/\\\/marcelolopes.jor.br\\\/site\\\/#website\",\"url\":\"https:\\\/\\\/marcelolopes.jor.br\\\/site\\\/\",\"name\":\"Marcelo Lopes\",\"description\":\"Not\u00edcias de Cataguases e Regi\u00e3o\",\"publisher\":{\"@id\":\"https:\\\/\\\/marcelolopes.jor.br\\\/site\\\/#organization\"},\"potentialAction\":[{\"@type\":\"SearchAction\",\"target\":{\"@type\":\"EntryPoint\",\"urlTemplate\":\"https:\\\/\\\/marcelolopes.jor.br\\\/site\\\/?s={search_term_string}\"},\"query-input\":{\"@type\":\"PropertyValueSpecification\",\"valueRequired\":true,\"valueName\":\"search_term_string\"}}],\"inLanguage\":\"pt-BR\"},{\"@type\":\"Organization\",\"@id\":\"https:\\\/\\\/marcelolopes.jor.br\\\/site\\\/#organization\",\"name\":\"Site do Marcelo Lopes\",\"url\":\"https:\\\/\\\/marcelolopes.jor.br\\\/site\\\/\",\"logo\":{\"@type\":\"ImageObject\",\"inLanguage\":\"pt-BR\",\"@id\":\"https:\\\/\\\/marcelolopes.jor.br\\\/site\\\/#\\\/schema\\\/logo\\\/image\\\/\",\"url\":\"https:\\\/\\\/marcelolopes.jor.br\\\/site\\\/wp-content\\\/uploads\\\/2024\\\/11\\\/logo-1.png\",\"contentUrl\":\"https:\\\/\\\/marcelolopes.jor.br\\\/site\\\/wp-content\\\/uploads\\\/2024\\\/11\\\/logo-1.png\",\"width\":475,\"height\":80,\"caption\":\"Site do Marcelo Lopes\"},\"image\":{\"@id\":\"https:\\\/\\\/marcelolopes.jor.br\\\/site\\\/#\\\/schema\\\/logo\\\/image\\\/\"},\"sameAs\":[\"https:\\\/\\\/www.facebook.com\\\/sitedomarcelolopes\",\"https:\\\/\\\/www.instagram.com\\\/sitedomarcelolopes\\\/\",\"https:\\\/\\\/www.linkedin.com\\\/company\\\/site-do-marcelo-lopes\\\/\",\"https:\\\/\\\/www.youtube.com\\\/user\\\/marcelolopes957\"]},{\"@type\":\"Person\",\"@id\":\"https:\\\/\\\/marcelolopes.jor.br\\\/site\\\/#\\\/schema\\\/person\\\/3e7216a35c34d8fdf952b31da3d1f89f\",\"name\":\"Marcelo Lopes\",\"sameAs\":[\"http:\\\/\\\/www.marcelolopes.jor.br\"],\"url\":\"https:\\\/\\\/marcelolopes.jor.br\\\/site\\\/author\\\/marcelo\\\/\"}]}<\/script>\n<!-- \/ Yoast SEO plugin. -->","yoast_head_json":{"title":"FIC vai realizar o FESTIC 2021 que ter\u00e1 formato virtual | Marcelo Lopes","robots":{"index":"index","follow":"follow","max-snippet":"max-snippet:-1","max-image-preview":"max-image-preview:large","max-video-preview":"max-video-preview:-1"},"canonical":"https:\/\/marcelolopes.jor.br\/site\/2021\/11\/10\/fic-vai-realizar-o-festic-2021-que-tera-formato-virtual\/","og_locale":"pt_BR","og_type":"article","og_title":"FIC vai realizar o FESTIC 2021 que ter\u00e1 formato virtual | Marcelo Lopes","og_description":"O FESTIC \u2013 Feira de Empreendedorismo, Sustentabilidade, Tecnologia e Inova\u00e7\u00e3o de Cataguases, acontece nesta quinta-feira, \u00a011 de novembro, \u00e0s 19h, na sede da FIC, por\u00e9m, de forma virtual. O projeto tem como proposta fundamental o desenvolvimento pessoal e profissional paraLeia mais FIC vai realizar o FESTIC 2021 que ter\u00e1 formato virtual","og_url":"https:\/\/marcelolopes.jor.br\/site\/2021\/11\/10\/fic-vai-realizar-o-festic-2021-que-tera-formato-virtual\/","og_site_name":"Marcelo Lopes","article_publisher":"https:\/\/www.facebook.com\/sitedomarcelolopes","article_published_time":"2021-11-10T19:00:54+00:00","og_image":[{"width":1280,"height":720,"url":"https:\/\/marcelolopes.jor.br\/site\/wp-content\/uploads\/2021\/11\/IMG_9493-Large.jpeg","type":"image\/jpeg"}],"author":"Marcelo Lopes","twitter_card":"summary_large_image","twitter_misc":{"Escrito por":"Marcelo Lopes","Est. tempo de leitura":"2 minutos"},"schema":{"@context":"https:\/\/schema.org","@graph":[{"@type":"NewsArticle","@id":"https:\/\/marcelolopes.jor.br\/site\/2021\/11\/10\/fic-vai-realizar-o-festic-2021-que-tera-formato-virtual\/#article","isPartOf":{"@id":"https:\/\/marcelolopes.jor.br\/site\/2021\/11\/10\/fic-vai-realizar-o-festic-2021-que-tera-formato-virtual\/"},"author":{"name":"Marcelo Lopes","@id":"https:\/\/marcelolopes.jor.br\/site\/#\/schema\/person\/3e7216a35c34d8fdf952b31da3d1f89f"},"headline":"FIC vai realizar o FESTIC 2021 que ter\u00e1 formato virtual","datePublished":"2021-11-10T19:00:54+00:00","mainEntityOfPage":{"@id":"https:\/\/marcelolopes.jor.br\/site\/2021\/11\/10\/fic-vai-realizar-o-festic-2021-que-tera-formato-virtual\/"},"wordCount":390,"commentCount":0,"publisher":{"@id":"https:\/\/marcelolopes.jor.br\/site\/#organization"},"image":{"@id":"https:\/\/marcelolopes.jor.br\/site\/2021\/11\/10\/fic-vai-realizar-o-festic-2021-que-tera-formato-virtual\/#primaryimage"},"thumbnailUrl":"https:\/\/marcelolopes.jor.br\/site\/wp-content\/uploads\/2021\/11\/IMG_9493-Large.jpeg","keywords":["alunos da FIC","empreendedorismo","Festic","forum Festim"],"articleSection":["Not\u00edcias"],"inLanguage":"pt-BR","potentialAction":[{"@type":"CommentAction","name":"Comment","target":["https:\/\/marcelolopes.jor.br\/site\/2021\/11\/10\/fic-vai-realizar-o-festic-2021-que-tera-formato-virtual\/#respond"]}]},{"@type":"WebPage","@id":"https:\/\/marcelolopes.jor.br\/site\/2021\/11\/10\/fic-vai-realizar-o-festic-2021-que-tera-formato-virtual\/","url":"https:\/\/marcelolopes.jor.br\/site\/2021\/11\/10\/fic-vai-realizar-o-festic-2021-que-tera-formato-virtual\/","name":"FIC vai realizar o FESTIC 2021 que ter\u00e1 formato virtual | Marcelo Lopes","isPartOf":{"@id":"https:\/\/marcelolopes.jor.br\/site\/#website"},"primaryImageOfPage":{"@id":"https:\/\/marcelolopes.jor.br\/site\/2021\/11\/10\/fic-vai-realizar-o-festic-2021-que-tera-formato-virtual\/#primaryimage"},"image":{"@id":"https:\/\/marcelolopes.jor.br\/site\/2021\/11\/10\/fic-vai-realizar-o-festic-2021-que-tera-formato-virtual\/#primaryimage"},"thumbnailUrl":"https:\/\/marcelolopes.jor.br\/site\/wp-content\/uploads\/2021\/11\/IMG_9493-Large.jpeg","datePublished":"2021-11-10T19:00:54+00:00","breadcrumb":{"@id":"https:\/\/marcelolopes.jor.br\/site\/2021\/11\/10\/fic-vai-realizar-o-festic-2021-que-tera-formato-virtual\/#breadcrumb"},"inLanguage":"pt-BR","potentialAction":[{"@type":"ReadAction","target":["https:\/\/marcelolopes.jor.br\/site\/2021\/11\/10\/fic-vai-realizar-o-festic-2021-que-tera-formato-virtual\/"]}]},{"@type":"ImageObject","inLanguage":"pt-BR","@id":"https:\/\/marcelolopes.jor.br\/site\/2021\/11\/10\/fic-vai-realizar-o-festic-2021-que-tera-formato-virtual\/#primaryimage","url":"https:\/\/marcelolopes.jor.br\/site\/wp-content\/uploads\/2021\/11\/IMG_9493-Large.jpeg","contentUrl":"https:\/\/marcelolopes.jor.br\/site\/wp-content\/uploads\/2021\/11\/IMG_9493-Large.jpeg","width":1280,"height":720,"caption":"Fic fachada1"},{"@type":"BreadcrumbList","@id":"https:\/\/marcelolopes.jor.br\/site\/2021\/11\/10\/fic-vai-realizar-o-festic-2021-que-tera-formato-virtual\/#breadcrumb","itemListElement":[{"@type":"ListItem","position":1,"name":"Home","item":"https:\/\/marcelolopes.jor.br\/site\/"},{"@type":"ListItem","position":2,"name":"FIC vai realizar o FESTIC 2021 que ter\u00e1 formato virtual"}]},{"@type":"WebSite","@id":"https:\/\/marcelolopes.jor.br\/site\/#website","url":"https:\/\/marcelolopes.jor.br\/site\/","name":"Marcelo Lopes","description":"Not\u00edcias de Cataguases e Regi\u00e3o","publisher":{"@id":"https:\/\/marcelolopes.jor.br\/site\/#organization"},"potentialAction":[{"@type":"SearchAction","target":{"@type":"EntryPoint","urlTemplate":"https:\/\/marcelolopes.jor.br\/site\/?s={search_term_string}"},"query-input":{"@type":"PropertyValueSpecification","valueRequired":true,"valueName":"search_term_string"}}],"inLanguage":"pt-BR"},{"@type":"Organization","@id":"https:\/\/marcelolopes.jor.br\/site\/#organization","name":"Site do Marcelo Lopes","url":"https:\/\/marcelolopes.jor.br\/site\/","logo":{"@type":"ImageObject","inLanguage":"pt-BR","@id":"https:\/\/marcelolopes.jor.br\/site\/#\/schema\/logo\/image\/","url":"https:\/\/marcelolopes.jor.br\/site\/wp-content\/uploads\/2024\/11\/logo-1.png","contentUrl":"https:\/\/marcelolopes.jor.br\/site\/wp-content\/uploads\/2024\/11\/logo-1.png","width":475,"height":80,"caption":"Site do Marcelo Lopes"},"image":{"@id":"https:\/\/marcelolopes.jor.br\/site\/#\/schema\/logo\/image\/"},"sameAs":["https:\/\/www.facebook.com\/sitedomarcelolopes","https:\/\/www.instagram.com\/sitedomarcelolopes\/","https:\/\/www.linkedin.com\/company\/site-do-marcelo-lopes\/","https:\/\/www.youtube.com\/user\/marcelolopes957"]},{"@type":"Person","@id":"https:\/\/marcelolopes.jor.br\/site\/#\/schema\/person\/3e7216a35c34d8fdf952b31da3d1f89f","name":"Marcelo Lopes","sameAs":["http:\/\/www.marcelolopes.jor.br"],"url":"https:\/\/marcelolopes.jor.br\/site\/author\/marcelo\/"}]}},"wps_subtitle":"Tamb\u00e9m ser\u00e1 debatido a retomada da economia no p\u00f3s-pandemia.","_links":{"self":[{"href":"https:\/\/marcelolopes.jor.br\/site\/wp-json\/wp\/v2\/posts\/28329","targetHints":{"allow":["GET"]}}],"collection":[{"href":"https:\/\/marcelolopes.jor.br\/site\/wp-json\/wp\/v2\/posts"}],"about":[{"href":"https:\/\/marcelolopes.jor.br\/site\/wp-json\/wp\/v2\/types\/post"}],"author":[{"embeddable":true,"href":"https:\/\/marcelolopes.jor.br\/site\/wp-json\/wp\/v2\/users\/2"}],"replies":[{"embeddable":true,"href":"https:\/\/marcelolopes.jor.br\/site\/wp-json\/wp\/v2\/comments?post=28329"}],"version-history":[{"count":0,"href":"https:\/\/marcelolopes.jor.br\/site\/wp-json\/wp\/v2\/posts\/28329\/revisions"}],"wp:featuredmedia":[{"embeddable":true,"href":"https:\/\/marcelolopes.jor.br\/site\/wp-json\/wp\/v2\/media\/28332"}],"wp:attachment":[{"href":"https:\/\/marcelolopes.jor.br\/site\/wp-json\/wp\/v2\/media?parent=28329"}],"wp:term":[{"taxonomy":"category","embeddable":true,"href":"https:\/\/marcelolopes.jor.br\/site\/wp-json\/wp\/v2\/categories?post=28329"},{"taxonomy":"post_tag","embeddable":true,"href":"https:\/\/marcelolopes.jor.br\/site\/wp-json\/wp\/v2\/tags?post=28329"}],"curies":[{"name":"wp","href":"https:\/\/api.w.org\/{rel}","templated":true}]}}