{"id":28319,"date":"2021-11-10T13:02:52","date_gmt":"2021-11-10T16:02:52","guid":{"rendered":"https:\/\/marcelolopes.jor.br\/?p=28319"},"modified":"2021-11-10T13:11:57","modified_gmt":"2021-11-10T16:11:57","slug":"criadores-de-mudas-de-dona-euzebia-fecham-rodovia-em-protesto-contra-ministerio-da-agricultura","status":"publish","type":"post","link":"https:\/\/marcelolopes.jor.br\/site\/2021\/11\/10\/criadores-de-mudas-de-dona-euzebia-fecham-rodovia-em-protesto-contra-ministerio-da-agricultura\/","title":{"rendered":"Produtores de mudas de Dona Euz\u00e9bia fecham rodovia em protesto contra\u00a0 Minist\u00e9rio da Agricultura"},"content":{"rendered":"<p style=\"text-align: justify;\">Uma manifesta\u00e7\u00e3o dos produtores de mudas de Dona Euz\u00e9bia na manh\u00e3 desta quarta-feira, 10 de novembro, fechou a rodovia MG-120, sentido Astolfo Dutra. Uma barricada de pneus em chamas impediu o tr\u00e1fego de ve\u00edculos nos dois sentidos da pista formando uma enorme fila que, em um deles, terminava no posto da Pol\u00edcia Militar Rodovi\u00e1ria instalado naquela cidade. O protesto pac\u00edfico criticou a fiscaliza\u00e7\u00e3o do Minist\u00e9rio da Agricultura e teve como objetivo reivindicar um prazo para adequa\u00e7\u00e3o \u00e0s normas vigentes para o plantio de frutas c\u00edtricas.<span class=\"Apple-converted-space\">\u00a0<\/span><!--more--><\/p>\n<p><iframe loading=\"lazy\" width=\"880\" height=\"495\" src=\"https:\/\/www.youtube.com\/embed\/Q9g8HtvjBSk?feature=oembed\" frameborder=\"0\" allow=\"accelerometer; autoplay; clipboard-write; encrypted-media; gyroscope; picture-in-picture\" allowfullscreen><\/iframe><\/p>\n<p style=\"text-align: justify;\">Segundo os produtores de mudas de Dona Euz\u00e9bia, o problema come\u00e7ou em 2012 quando o Minist\u00e9rio da Agricultura baixou uma portaria normatizando o plantio de mudas de frutas c\u00edtricas no Brasil. O novo padr\u00e3o exige que este tipo de cultivo seja realizado em estufas adequadas para impedir que as mudas sejam contaminadas por uma doen\u00e7a chamada pelos produtores de \u201cGrim\u201d. Eles garantem que at\u00e9 hoje n\u00e3o h\u00e1 registro dessa enfermidade nas mudas de laranja produzidas em Dona Euz\u00e9bia.<\/p>\n<p style=\"text-align: justify;\">Desde ent\u00e3o os produtores, com o apoio da Prefeitura local e demais atores pol\u00edticos v\u00eam conseguindo prazos na justi\u00e7a para fazer a adequa\u00e7\u00e3o \u00e0 norma. Por\u00e9m, a fiscaliza\u00e7\u00e3o continuou e s\u00f3 foi paralisada durante o per\u00edodo cr\u00edtico da pandemia, afirmam os produtores. Nesta ter\u00e7a-feira, 09, os fiscais voltaram \u00e0 cidade e fizeram v\u00e1rias notifica\u00e7\u00f5es o que gerou revolta no meio e culminou na manifesta\u00e7\u00e3o desta manh\u00e3. A categoria afirma que quase a totalidade do setor \u00e9 formada por pequenos produtores, por isso, n\u00e3o teriam condi\u00e7\u00f5es de custear a constru\u00e7\u00e3o de estufas.<span class=\"Apple-converted-space\">\u00a0<\/span><\/p>\n<p style=\"text-align: justify;\">O prefeito de Dona Euz\u00e9bia, Manoel Franklin Rodrigues, o Nenzinho, compareceu ao local da manifesta\u00e7\u00e3o e em entrevista exclusiva ao Site do Marcelo Lopes contou que vem se esfor\u00e7ando na busca de uma solu\u00e7\u00e3o para o problema, com envio de documentos ao Minist\u00e9rio da Agricultura a respeito da situa\u00e7\u00e3o dos produtores locais, acrescentando que j\u00e1 solicitou audi\u00eancia com a Ministra da Agricultura, mas ainda n\u00e3o obteve resposta. Ele tamb\u00e9m apresentou c\u00f3pia de documentos que disse ter enviado aos \u00f3rg\u00e3os competentes e finalizou dizendo que esta \u00e9 uma luta de toda a popula\u00e7\u00e3o local, pois o cultivo de mudas \u00e9 a principal fonte de receitas do munic\u00edpio.<\/p>\n<p><img loading=\"lazy\" decoding=\"async\" class=\"aligncenter wp-image-28322\" src=\"https:\/\/marcelolopes.jor.br\/site\/wp-content\/uploads\/2021\/11\/IMG_0285-Large-1024x576.jpeg\" alt=\"\" width=\"700\" height=\"394\" srcset=\"https:\/\/marcelolopes.jor.br\/site\/wp-content\/uploads\/2021\/11\/IMG_0285-Large-1024x576.jpeg 1024w, https:\/\/marcelolopes.jor.br\/site\/wp-content\/uploads\/2021\/11\/IMG_0285-Large-300x169.jpeg 300w, https:\/\/marcelolopes.jor.br\/site\/wp-content\/uploads\/2021\/11\/IMG_0285-Large-768x432.jpeg 768w, https:\/\/marcelolopes.jor.br\/site\/wp-content\/uploads\/2021\/11\/IMG_0285-Large-1200x675.jpeg 1200w, https:\/\/marcelolopes.jor.br\/site\/wp-content\/uploads\/2021\/11\/IMG_0285-Large.jpeg 1280w\" sizes=\"auto, (max-width: 700px) 100vw, 700px\" \/> <img loading=\"lazy\" decoding=\"async\" class=\"aligncenter wp-image-28321\" src=\"https:\/\/marcelolopes.jor.br\/site\/wp-content\/uploads\/2021\/11\/IMG_0279-Large-1024x576.jpeg\" alt=\"\" width=\"700\" height=\"394\" srcset=\"https:\/\/marcelolopes.jor.br\/site\/wp-content\/uploads\/2021\/11\/IMG_0279-Large-1024x576.jpeg 1024w, https:\/\/marcelolopes.jor.br\/site\/wp-content\/uploads\/2021\/11\/IMG_0279-Large-300x169.jpeg 300w, https:\/\/marcelolopes.jor.br\/site\/wp-content\/uploads\/2021\/11\/IMG_0279-Large-768x432.jpeg 768w, https:\/\/marcelolopes.jor.br\/site\/wp-content\/uploads\/2021\/11\/IMG_0279-Large-1200x675.jpeg 1200w, https:\/\/marcelolopes.jor.br\/site\/wp-content\/uploads\/2021\/11\/IMG_0279-Large.jpeg 1280w\" sizes=\"auto, (max-width: 700px) 100vw, 700px\" \/> <img loading=\"lazy\" decoding=\"async\" class=\"aligncenter wp-image-28324\" src=\"https:\/\/marcelolopes.jor.br\/site\/wp-content\/uploads\/2021\/11\/IMG_0288-Large-1024x576.jpeg\" alt=\"\" width=\"700\" height=\"394\" srcset=\"https:\/\/marcelolopes.jor.br\/site\/wp-content\/uploads\/2021\/11\/IMG_0288-Large-1024x576.jpeg 1024w, https:\/\/marcelolopes.jor.br\/site\/wp-content\/uploads\/2021\/11\/IMG_0288-Large-300x169.jpeg 300w, https:\/\/marcelolopes.jor.br\/site\/wp-content\/uploads\/2021\/11\/IMG_0288-Large-768x432.jpeg 768w, https:\/\/marcelolopes.jor.br\/site\/wp-content\/uploads\/2021\/11\/IMG_0288-Large-1200x675.jpeg 1200w, https:\/\/marcelolopes.jor.br\/site\/wp-content\/uploads\/2021\/11\/IMG_0288-Large.jpeg 1280w\" sizes=\"auto, (max-width: 700px) 100vw, 700px\" \/><\/p>\n<p><a href=\"https:\/\/youtu.be\/s_xMDBRjsqg\">https:\/\/youtu.be\/s_xMDBRjsqg<\/a><\/p>\n<div class=\"nvklw69f5b4cd51f3f\" ><br><\/div><style type=\"text\/css\">\r\n@media screen and (min-width: 1201px) {\r\n.nvklw69f5b4cd51f3f {\r\ndisplay: block;\r\n}\r\n}\r\n@media screen and (min-width: 993px) and (max-width: 1200px) {\r\n.nvklw69f5b4cd51f3f {\r\ndisplay: block;\r\n}\r\n}\r\n@media screen and (min-width: 769px) and (max-width: 992px) {\r\n.nvklw69f5b4cd51f3f {\r\ndisplay: block;\r\n}\r\n}\r\n@media screen and (min-width: 768px) and (max-width: 768px) {\r\n.nvklw69f5b4cd51f3f {\r\ndisplay: block;\r\n}\r\n}\r\n@media screen and (max-width: 767px) {\r\n.nvklw69f5b4cd51f3f {\r\ndisplay: block;\r\n}\r\n}\r\n<\/style>\r\n<div class=\"gcuzi69f5b4cd57486\" ><div id=\"div_destino\"><\/div>\r\n<script src=\"https:\/\/cdn.snsrsv.com\/sdk.js\"><\/script>\r\n<script >\r\n      new sdk(\"464030C30061EA8BE065000000000001\") \r\n          .appendTo(\"div_destino\")\r\n          .disableStyle(true) \r\n          .setCacheBusterMacro(\"%%CACHEBUSTER%%\")\r\n          .setSize(\"800\",\"214\")\r\n          .setClickMacro(\"%%CLICK_URL_ESC%%\") \r\n          .setReferrerUrlMacro(\"%%REFERRER_URL_ESC%%\") \r\n          .start(); \r\n<\/script><\/div><style type=\"text\/css\">\r\n@media screen and (min-width: 1201px) {\r\n.gcuzi69f5b4cd57486 {\r\ndisplay: block;\r\n}\r\n}\r\n@media screen and (min-width: 993px) and (max-width: 1200px) {\r\n.gcuzi69f5b4cd57486 {\r\ndisplay: block;\r\n}\r\n}\r\n@media screen and (min-width: 769px) and (max-width: 992px) {\r\n.gcuzi69f5b4cd57486 {\r\ndisplay: block;\r\n}\r\n}\r\n@media screen and (min-width: 768px) and (max-width: 768px) {\r\n.gcuzi69f5b4cd57486 {\r\ndisplay: block;\r\n}\r\n}\r\n@media screen and (max-width: 767px) {\r\n.gcuzi69f5b4cd57486 {\r\ndisplay: block;\r\n}\r\n}\r\n<\/style>\r\n","protected":false},"excerpt":{"rendered":"<p>Uma manifesta\u00e7\u00e3o dos produtores de mudas de Dona Euz\u00e9bia na manh\u00e3 desta quarta-feira, 10 de novembro, fechou a rodovia MG-120, sentido Astolfo Dutra. Uma barricada de pneus em chamas impediu o tr\u00e1fego de ve\u00edculos nos dois sentidos da pista formando<\/p>\n<p class=\"link-more\"><a class=\"more-link\" href=\"https:\/\/marcelolopes.jor.br\/site\/2021\/11\/10\/criadores-de-mudas-de-dona-euzebia-fecham-rodovia-em-protesto-contra-ministerio-da-agricultura\/\">Leia mais <span class=\"screen-reader-text\">Produtores de mudas de Dona Euz\u00e9bia fecham rodovia em protesto contra\u00a0 Minist\u00e9rio da Agricultura<\/span><\/a><\/p>\n","protected":false},"author":2,"featured_media":28325,"comment_status":"open","ping_status":"open","sticky":false,"template":"","format":"standard","meta":{"footnotes":""},"categories":[1],"tags":[388,249,5006,2231],"class_list":["post-28319","post","type-post","status-publish","format-standard","has-post-thumbnail","hentry","category-noticias","tag-dona-euzebia","tag-manifestacao","tag-produtores-de-mudas","tag-rodovia-interditada","thumb-below-title"],"yoast_head":"<!-- This site is optimized with the Yoast SEO plugin v27.4 - https:\/\/yoast.com\/product\/yoast-seo-wordpress\/ -->\n<title>Produtores de mudas de Dona Euz\u00e9bia fecham rodovia em protesto contra\u00a0 Minist\u00e9rio da Agricultura | Marcelo Lopes<\/title>\n<meta name=\"robots\" content=\"index, follow, max-snippet:-1, max-image-preview:large, max-video-preview:-1\" \/>\n<link rel=\"canonical\" href=\"https:\/\/marcelolopes.jor.br\/site\/2021\/11\/10\/criadores-de-mudas-de-dona-euzebia-fecham-rodovia-em-protesto-contra-ministerio-da-agricultura\/\" \/>\n<meta property=\"og:locale\" content=\"pt_BR\" \/>\n<meta property=\"og:type\" content=\"article\" \/>\n<meta property=\"og:title\" content=\"Produtores de mudas de Dona Euz\u00e9bia fecham rodovia em protesto contra\u00a0 Minist\u00e9rio da Agricultura | Marcelo Lopes\" \/>\n<meta property=\"og:description\" content=\"Uma manifesta\u00e7\u00e3o dos produtores de mudas de Dona Euz\u00e9bia na manh\u00e3 desta quarta-feira, 10 de novembro, fechou a rodovia MG-120, sentido Astolfo Dutra. Uma barricada de pneus em chamas impediu o tr\u00e1fego de ve\u00edculos nos dois sentidos da pista formandoLeia mais Produtores de mudas de Dona Euz\u00e9bia fecham rodovia em protesto contra\u00a0 Minist\u00e9rio da Agricultura\" \/>\n<meta property=\"og:url\" content=\"https:\/\/marcelolopes.jor.br\/site\/2021\/11\/10\/criadores-de-mudas-de-dona-euzebia-fecham-rodovia-em-protesto-contra-ministerio-da-agricultura\/\" \/>\n<meta property=\"og:site_name\" content=\"Marcelo Lopes\" \/>\n<meta property=\"article:publisher\" content=\"https:\/\/www.facebook.com\/sitedomarcelolopes\" \/>\n<meta property=\"article:published_time\" content=\"2021-11-10T16:02:52+00:00\" \/>\n<meta property=\"article:modified_time\" content=\"2021-11-10T16:11:57+00:00\" \/>\n<meta property=\"og:image\" content=\"https:\/\/marcelolopes.jor.br\/site\/wp-content\/uploads\/2021\/11\/IMG_0294-Large.jpeg\" \/>\n\t<meta property=\"og:image:width\" content=\"1280\" \/>\n\t<meta property=\"og:image:height\" content=\"720\" \/>\n\t<meta property=\"og:image:type\" content=\"image\/jpeg\" \/>\n<meta name=\"author\" content=\"Marcelo Lopes\" \/>\n<meta name=\"twitter:card\" content=\"summary_large_image\" \/>\n<meta name=\"twitter:label1\" content=\"Escrito por\" \/>\n\t<meta name=\"twitter:data1\" content=\"Marcelo Lopes\" \/>\n\t<meta name=\"twitter:label2\" content=\"Est. tempo de leitura\" \/>\n\t<meta name=\"twitter:data2\" content=\"2 minutos\" \/>\n<script type=\"application\/ld+json\" class=\"yoast-schema-graph\">{\"@context\":\"https:\\\/\\\/schema.org\",\"@graph\":[{\"@type\":\"NewsArticle\",\"@id\":\"https:\\\/\\\/marcelolopes.jor.br\\\/site\\\/2021\\\/11\\\/10\\\/criadores-de-mudas-de-dona-euzebia-fecham-rodovia-em-protesto-contra-ministerio-da-agricultura\\\/#article\",\"isPartOf\":{\"@id\":\"https:\\\/\\\/marcelolopes.jor.br\\\/site\\\/2021\\\/11\\\/10\\\/criadores-de-mudas-de-dona-euzebia-fecham-rodovia-em-protesto-contra-ministerio-da-agricultura\\\/\"},\"author\":{\"name\":\"Marcelo Lopes\",\"@id\":\"https:\\\/\\\/marcelolopes.jor.br\\\/site\\\/#\\\/schema\\\/person\\\/3e7216a35c34d8fdf952b31da3d1f89f\"},\"headline\":\"Produtores de mudas de Dona Euz\u00e9bia fecham rodovia em protesto contra\u00a0 Minist\u00e9rio da Agricultura\",\"datePublished\":\"2021-11-10T16:02:52+00:00\",\"dateModified\":\"2021-11-10T16:11:57+00:00\",\"mainEntityOfPage\":{\"@id\":\"https:\\\/\\\/marcelolopes.jor.br\\\/site\\\/2021\\\/11\\\/10\\\/criadores-de-mudas-de-dona-euzebia-fecham-rodovia-em-protesto-contra-ministerio-da-agricultura\\\/\"},\"wordCount\":427,\"commentCount\":0,\"publisher\":{\"@id\":\"https:\\\/\\\/marcelolopes.jor.br\\\/site\\\/#organization\"},\"image\":{\"@id\":\"https:\\\/\\\/marcelolopes.jor.br\\\/site\\\/2021\\\/11\\\/10\\\/criadores-de-mudas-de-dona-euzebia-fecham-rodovia-em-protesto-contra-ministerio-da-agricultura\\\/#primaryimage\"},\"thumbnailUrl\":\"https:\\\/\\\/marcelolopes.jor.br\\\/site\\\/wp-content\\\/uploads\\\/2021\\\/11\\\/IMG_0294-Large.jpeg\",\"keywords\":[\"Dona Euz\u00e9bia\",\"manifesta\u00e7\u00e3o\",\"produtores de mudas\",\"rodovia interditada\"],\"articleSection\":[\"Not\u00edcias\"],\"inLanguage\":\"pt-BR\",\"potentialAction\":[{\"@type\":\"CommentAction\",\"name\":\"Comment\",\"target\":[\"https:\\\/\\\/marcelolopes.jor.br\\\/site\\\/2021\\\/11\\\/10\\\/criadores-de-mudas-de-dona-euzebia-fecham-rodovia-em-protesto-contra-ministerio-da-agricultura\\\/#respond\"]}]},{\"@type\":\"WebPage\",\"@id\":\"https:\\\/\\\/marcelolopes.jor.br\\\/site\\\/2021\\\/11\\\/10\\\/criadores-de-mudas-de-dona-euzebia-fecham-rodovia-em-protesto-contra-ministerio-da-agricultura\\\/\",\"url\":\"https:\\\/\\\/marcelolopes.jor.br\\\/site\\\/2021\\\/11\\\/10\\\/criadores-de-mudas-de-dona-euzebia-fecham-rodovia-em-protesto-contra-ministerio-da-agricultura\\\/\",\"name\":\"Produtores de mudas de Dona Euz\u00e9bia fecham rodovia em protesto contra\u00a0 Minist\u00e9rio da Agricultura | Marcelo Lopes\",\"isPartOf\":{\"@id\":\"https:\\\/\\\/marcelolopes.jor.br\\\/site\\\/#website\"},\"primaryImageOfPage\":{\"@id\":\"https:\\\/\\\/marcelolopes.jor.br\\\/site\\\/2021\\\/11\\\/10\\\/criadores-de-mudas-de-dona-euzebia-fecham-rodovia-em-protesto-contra-ministerio-da-agricultura\\\/#primaryimage\"},\"image\":{\"@id\":\"https:\\\/\\\/marcelolopes.jor.br\\\/site\\\/2021\\\/11\\\/10\\\/criadores-de-mudas-de-dona-euzebia-fecham-rodovia-em-protesto-contra-ministerio-da-agricultura\\\/#primaryimage\"},\"thumbnailUrl\":\"https:\\\/\\\/marcelolopes.jor.br\\\/site\\\/wp-content\\\/uploads\\\/2021\\\/11\\\/IMG_0294-Large.jpeg\",\"datePublished\":\"2021-11-10T16:02:52+00:00\",\"dateModified\":\"2021-11-10T16:11:57+00:00\",\"breadcrumb\":{\"@id\":\"https:\\\/\\\/marcelolopes.jor.br\\\/site\\\/2021\\\/11\\\/10\\\/criadores-de-mudas-de-dona-euzebia-fecham-rodovia-em-protesto-contra-ministerio-da-agricultura\\\/#breadcrumb\"},\"inLanguage\":\"pt-BR\",\"potentialAction\":[{\"@type\":\"ReadAction\",\"target\":[\"https:\\\/\\\/marcelolopes.jor.br\\\/site\\\/2021\\\/11\\\/10\\\/criadores-de-mudas-de-dona-euzebia-fecham-rodovia-em-protesto-contra-ministerio-da-agricultura\\\/\"]}]},{\"@type\":\"ImageObject\",\"inLanguage\":\"pt-BR\",\"@id\":\"https:\\\/\\\/marcelolopes.jor.br\\\/site\\\/2021\\\/11\\\/10\\\/criadores-de-mudas-de-dona-euzebia-fecham-rodovia-em-protesto-contra-ministerio-da-agricultura\\\/#primaryimage\",\"url\":\"https:\\\/\\\/marcelolopes.jor.br\\\/site\\\/wp-content\\\/uploads\\\/2021\\\/11\\\/IMG_0294-Large.jpeg\",\"contentUrl\":\"https:\\\/\\\/marcelolopes.jor.br\\\/site\\\/wp-content\\\/uploads\\\/2021\\\/11\\\/IMG_0294-Large.jpeg\",\"width\":1280,\"height\":720},{\"@type\":\"BreadcrumbList\",\"@id\":\"https:\\\/\\\/marcelolopes.jor.br\\\/site\\\/2021\\\/11\\\/10\\\/criadores-de-mudas-de-dona-euzebia-fecham-rodovia-em-protesto-contra-ministerio-da-agricultura\\\/#breadcrumb\",\"itemListElement\":[{\"@type\":\"ListItem\",\"position\":1,\"name\":\"Home\",\"item\":\"https:\\\/\\\/marcelolopes.jor.br\\\/site\\\/\"},{\"@type\":\"ListItem\",\"position\":2,\"name\":\"Produtores de mudas de Dona Euz\u00e9bia fecham rodovia em protesto contra\u00a0 Minist\u00e9rio da Agricultura\"}]},{\"@type\":\"WebSite\",\"@id\":\"https:\\\/\\\/marcelolopes.jor.br\\\/site\\\/#website\",\"url\":\"https:\\\/\\\/marcelolopes.jor.br\\\/site\\\/\",\"name\":\"Marcelo Lopes\",\"description\":\"Not\u00edcias de Cataguases e Regi\u00e3o\",\"publisher\":{\"@id\":\"https:\\\/\\\/marcelolopes.jor.br\\\/site\\\/#organization\"},\"potentialAction\":[{\"@type\":\"SearchAction\",\"target\":{\"@type\":\"EntryPoint\",\"urlTemplate\":\"https:\\\/\\\/marcelolopes.jor.br\\\/site\\\/?s={search_term_string}\"},\"query-input\":{\"@type\":\"PropertyValueSpecification\",\"valueRequired\":true,\"valueName\":\"search_term_string\"}}],\"inLanguage\":\"pt-BR\"},{\"@type\":\"Organization\",\"@id\":\"https:\\\/\\\/marcelolopes.jor.br\\\/site\\\/#organization\",\"name\":\"Site do Marcelo Lopes\",\"url\":\"https:\\\/\\\/marcelolopes.jor.br\\\/site\\\/\",\"logo\":{\"@type\":\"ImageObject\",\"inLanguage\":\"pt-BR\",\"@id\":\"https:\\\/\\\/marcelolopes.jor.br\\\/site\\\/#\\\/schema\\\/logo\\\/image\\\/\",\"url\":\"https:\\\/\\\/marcelolopes.jor.br\\\/site\\\/wp-content\\\/uploads\\\/2024\\\/11\\\/logo-1.png\",\"contentUrl\":\"https:\\\/\\\/marcelolopes.jor.br\\\/site\\\/wp-content\\\/uploads\\\/2024\\\/11\\\/logo-1.png\",\"width\":475,\"height\":80,\"caption\":\"Site do Marcelo Lopes\"},\"image\":{\"@id\":\"https:\\\/\\\/marcelolopes.jor.br\\\/site\\\/#\\\/schema\\\/logo\\\/image\\\/\"},\"sameAs\":[\"https:\\\/\\\/www.facebook.com\\\/sitedomarcelolopes\",\"https:\\\/\\\/www.instagram.com\\\/sitedomarcelolopes\\\/\",\"https:\\\/\\\/www.linkedin.com\\\/company\\\/site-do-marcelo-lopes\\\/\",\"https:\\\/\\\/www.youtube.com\\\/user\\\/marcelolopes957\"]},{\"@type\":\"Person\",\"@id\":\"https:\\\/\\\/marcelolopes.jor.br\\\/site\\\/#\\\/schema\\\/person\\\/3e7216a35c34d8fdf952b31da3d1f89f\",\"name\":\"Marcelo Lopes\",\"sameAs\":[\"http:\\\/\\\/www.marcelolopes.jor.br\"],\"url\":\"https:\\\/\\\/marcelolopes.jor.br\\\/site\\\/author\\\/marcelo\\\/\"}]}<\/script>\n<!-- \/ Yoast SEO plugin. -->","yoast_head_json":{"title":"Produtores de mudas de Dona Euz\u00e9bia fecham rodovia em protesto contra\u00a0 Minist\u00e9rio da Agricultura | Marcelo Lopes","robots":{"index":"index","follow":"follow","max-snippet":"max-snippet:-1","max-image-preview":"max-image-preview:large","max-video-preview":"max-video-preview:-1"},"canonical":"https:\/\/marcelolopes.jor.br\/site\/2021\/11\/10\/criadores-de-mudas-de-dona-euzebia-fecham-rodovia-em-protesto-contra-ministerio-da-agricultura\/","og_locale":"pt_BR","og_type":"article","og_title":"Produtores de mudas de Dona Euz\u00e9bia fecham rodovia em protesto contra\u00a0 Minist\u00e9rio da Agricultura | Marcelo Lopes","og_description":"Uma manifesta\u00e7\u00e3o dos produtores de mudas de Dona Euz\u00e9bia na manh\u00e3 desta quarta-feira, 10 de novembro, fechou a rodovia MG-120, sentido Astolfo Dutra. Uma barricada de pneus em chamas impediu o tr\u00e1fego de ve\u00edculos nos dois sentidos da pista formandoLeia mais Produtores de mudas de Dona Euz\u00e9bia fecham rodovia em protesto contra\u00a0 Minist\u00e9rio da Agricultura","og_url":"https:\/\/marcelolopes.jor.br\/site\/2021\/11\/10\/criadores-de-mudas-de-dona-euzebia-fecham-rodovia-em-protesto-contra-ministerio-da-agricultura\/","og_site_name":"Marcelo Lopes","article_publisher":"https:\/\/www.facebook.com\/sitedomarcelolopes","article_published_time":"2021-11-10T16:02:52+00:00","article_modified_time":"2021-11-10T16:11:57+00:00","og_image":[{"width":1280,"height":720,"url":"https:\/\/marcelolopes.jor.br\/site\/wp-content\/uploads\/2021\/11\/IMG_0294-Large.jpeg","type":"image\/jpeg"}],"author":"Marcelo Lopes","twitter_card":"summary_large_image","twitter_misc":{"Escrito por":"Marcelo Lopes","Est. tempo de leitura":"2 minutos"},"schema":{"@context":"https:\/\/schema.org","@graph":[{"@type":"NewsArticle","@id":"https:\/\/marcelolopes.jor.br\/site\/2021\/11\/10\/criadores-de-mudas-de-dona-euzebia-fecham-rodovia-em-protesto-contra-ministerio-da-agricultura\/#article","isPartOf":{"@id":"https:\/\/marcelolopes.jor.br\/site\/2021\/11\/10\/criadores-de-mudas-de-dona-euzebia-fecham-rodovia-em-protesto-contra-ministerio-da-agricultura\/"},"author":{"name":"Marcelo Lopes","@id":"https:\/\/marcelolopes.jor.br\/site\/#\/schema\/person\/3e7216a35c34d8fdf952b31da3d1f89f"},"headline":"Produtores de mudas de Dona Euz\u00e9bia fecham rodovia em protesto contra\u00a0 Minist\u00e9rio da Agricultura","datePublished":"2021-11-10T16:02:52+00:00","dateModified":"2021-11-10T16:11:57+00:00","mainEntityOfPage":{"@id":"https:\/\/marcelolopes.jor.br\/site\/2021\/11\/10\/criadores-de-mudas-de-dona-euzebia-fecham-rodovia-em-protesto-contra-ministerio-da-agricultura\/"},"wordCount":427,"commentCount":0,"publisher":{"@id":"https:\/\/marcelolopes.jor.br\/site\/#organization"},"image":{"@id":"https:\/\/marcelolopes.jor.br\/site\/2021\/11\/10\/criadores-de-mudas-de-dona-euzebia-fecham-rodovia-em-protesto-contra-ministerio-da-agricultura\/#primaryimage"},"thumbnailUrl":"https:\/\/marcelolopes.jor.br\/site\/wp-content\/uploads\/2021\/11\/IMG_0294-Large.jpeg","keywords":["Dona Euz\u00e9bia","manifesta\u00e7\u00e3o","produtores de mudas","rodovia interditada"],"articleSection":["Not\u00edcias"],"inLanguage":"pt-BR","potentialAction":[{"@type":"CommentAction","name":"Comment","target":["https:\/\/marcelolopes.jor.br\/site\/2021\/11\/10\/criadores-de-mudas-de-dona-euzebia-fecham-rodovia-em-protesto-contra-ministerio-da-agricultura\/#respond"]}]},{"@type":"WebPage","@id":"https:\/\/marcelolopes.jor.br\/site\/2021\/11\/10\/criadores-de-mudas-de-dona-euzebia-fecham-rodovia-em-protesto-contra-ministerio-da-agricultura\/","url":"https:\/\/marcelolopes.jor.br\/site\/2021\/11\/10\/criadores-de-mudas-de-dona-euzebia-fecham-rodovia-em-protesto-contra-ministerio-da-agricultura\/","name":"Produtores de mudas de Dona Euz\u00e9bia fecham rodovia em protesto contra\u00a0 Minist\u00e9rio da Agricultura | Marcelo Lopes","isPartOf":{"@id":"https:\/\/marcelolopes.jor.br\/site\/#website"},"primaryImageOfPage":{"@id":"https:\/\/marcelolopes.jor.br\/site\/2021\/11\/10\/criadores-de-mudas-de-dona-euzebia-fecham-rodovia-em-protesto-contra-ministerio-da-agricultura\/#primaryimage"},"image":{"@id":"https:\/\/marcelolopes.jor.br\/site\/2021\/11\/10\/criadores-de-mudas-de-dona-euzebia-fecham-rodovia-em-protesto-contra-ministerio-da-agricultura\/#primaryimage"},"thumbnailUrl":"https:\/\/marcelolopes.jor.br\/site\/wp-content\/uploads\/2021\/11\/IMG_0294-Large.jpeg","datePublished":"2021-11-10T16:02:52+00:00","dateModified":"2021-11-10T16:11:57+00:00","breadcrumb":{"@id":"https:\/\/marcelolopes.jor.br\/site\/2021\/11\/10\/criadores-de-mudas-de-dona-euzebia-fecham-rodovia-em-protesto-contra-ministerio-da-agricultura\/#breadcrumb"},"inLanguage":"pt-BR","potentialAction":[{"@type":"ReadAction","target":["https:\/\/marcelolopes.jor.br\/site\/2021\/11\/10\/criadores-de-mudas-de-dona-euzebia-fecham-rodovia-em-protesto-contra-ministerio-da-agricultura\/"]}]},{"@type":"ImageObject","inLanguage":"pt-BR","@id":"https:\/\/marcelolopes.jor.br\/site\/2021\/11\/10\/criadores-de-mudas-de-dona-euzebia-fecham-rodovia-em-protesto-contra-ministerio-da-agricultura\/#primaryimage","url":"https:\/\/marcelolopes.jor.br\/site\/wp-content\/uploads\/2021\/11\/IMG_0294-Large.jpeg","contentUrl":"https:\/\/marcelolopes.jor.br\/site\/wp-content\/uploads\/2021\/11\/IMG_0294-Large.jpeg","width":1280,"height":720},{"@type":"BreadcrumbList","@id":"https:\/\/marcelolopes.jor.br\/site\/2021\/11\/10\/criadores-de-mudas-de-dona-euzebia-fecham-rodovia-em-protesto-contra-ministerio-da-agricultura\/#breadcrumb","itemListElement":[{"@type":"ListItem","position":1,"name":"Home","item":"https:\/\/marcelolopes.jor.br\/site\/"},{"@type":"ListItem","position":2,"name":"Produtores de mudas de Dona Euz\u00e9bia fecham rodovia em protesto contra\u00a0 Minist\u00e9rio da Agricultura"}]},{"@type":"WebSite","@id":"https:\/\/marcelolopes.jor.br\/site\/#website","url":"https:\/\/marcelolopes.jor.br\/site\/","name":"Marcelo Lopes","description":"Not\u00edcias de Cataguases e Regi\u00e3o","publisher":{"@id":"https:\/\/marcelolopes.jor.br\/site\/#organization"},"potentialAction":[{"@type":"SearchAction","target":{"@type":"EntryPoint","urlTemplate":"https:\/\/marcelolopes.jor.br\/site\/?s={search_term_string}"},"query-input":{"@type":"PropertyValueSpecification","valueRequired":true,"valueName":"search_term_string"}}],"inLanguage":"pt-BR"},{"@type":"Organization","@id":"https:\/\/marcelolopes.jor.br\/site\/#organization","name":"Site do Marcelo Lopes","url":"https:\/\/marcelolopes.jor.br\/site\/","logo":{"@type":"ImageObject","inLanguage":"pt-BR","@id":"https:\/\/marcelolopes.jor.br\/site\/#\/schema\/logo\/image\/","url":"https:\/\/marcelolopes.jor.br\/site\/wp-content\/uploads\/2024\/11\/logo-1.png","contentUrl":"https:\/\/marcelolopes.jor.br\/site\/wp-content\/uploads\/2024\/11\/logo-1.png","width":475,"height":80,"caption":"Site do Marcelo Lopes"},"image":{"@id":"https:\/\/marcelolopes.jor.br\/site\/#\/schema\/logo\/image\/"},"sameAs":["https:\/\/www.facebook.com\/sitedomarcelolopes","https:\/\/www.instagram.com\/sitedomarcelolopes\/","https:\/\/www.linkedin.com\/company\/site-do-marcelo-lopes\/","https:\/\/www.youtube.com\/user\/marcelolopes957"]},{"@type":"Person","@id":"https:\/\/marcelolopes.jor.br\/site\/#\/schema\/person\/3e7216a35c34d8fdf952b31da3d1f89f","name":"Marcelo Lopes","sameAs":["http:\/\/www.marcelolopes.jor.br"],"url":"https:\/\/marcelolopes.jor.br\/site\/author\/marcelo\/"}]}},"wps_subtitle":"Eles afirmam n\u00e3o terem condi\u00e7\u00f5es de cumprir portaria baixada por aquele \u00f3rg\u00e3o.","_links":{"self":[{"href":"https:\/\/marcelolopes.jor.br\/site\/wp-json\/wp\/v2\/posts\/28319","targetHints":{"allow":["GET"]}}],"collection":[{"href":"https:\/\/marcelolopes.jor.br\/site\/wp-json\/wp\/v2\/posts"}],"about":[{"href":"https:\/\/marcelolopes.jor.br\/site\/wp-json\/wp\/v2\/types\/post"}],"author":[{"embeddable":true,"href":"https:\/\/marcelolopes.jor.br\/site\/wp-json\/wp\/v2\/users\/2"}],"replies":[{"embeddable":true,"href":"https:\/\/marcelolopes.jor.br\/site\/wp-json\/wp\/v2\/comments?post=28319"}],"version-history":[{"count":0,"href":"https:\/\/marcelolopes.jor.br\/site\/wp-json\/wp\/v2\/posts\/28319\/revisions"}],"wp:featuredmedia":[{"embeddable":true,"href":"https:\/\/marcelolopes.jor.br\/site\/wp-json\/wp\/v2\/media\/28325"}],"wp:attachment":[{"href":"https:\/\/marcelolopes.jor.br\/site\/wp-json\/wp\/v2\/media?parent=28319"}],"wp:term":[{"taxonomy":"category","embeddable":true,"href":"https:\/\/marcelolopes.jor.br\/site\/wp-json\/wp\/v2\/categories?post=28319"},{"taxonomy":"post_tag","embeddable":true,"href":"https:\/\/marcelolopes.jor.br\/site\/wp-json\/wp\/v2\/tags?post=28319"}],"curies":[{"name":"wp","href":"https:\/\/api.w.org\/{rel}","templated":true}]}}