{"id":28276,"date":"2021-11-09T07:00:59","date_gmt":"2021-11-09T10:00:59","guid":{"rendered":"https:\/\/marcelolopes.jor.br\/?p=28276"},"modified":"2021-11-08T15:38:09","modified_gmt":"2021-11-08T18:38:09","slug":"energisa-apresenta-projetos-na-conferencia-da-onu-sobre-mudancas-climaticas","status":"publish","type":"post","link":"https:\/\/marcelolopes.jor.br\/site\/2021\/11\/09\/energisa-apresenta-projetos-na-conferencia-da-onu-sobre-mudancas-climaticas\/","title":{"rendered":"Energisa apresenta projetos na Confer\u00eancia da ONU sobre mudan\u00e7as clim\u00e1ticas"},"content":{"rendered":"<p style=\"text-align: justify;\">No momento em que lideran\u00e7as mundiais est\u00e3o reunidas na COP-26 em defesa de metas ambiciosas para a transi\u00e7\u00e3o de uma economia de baixo carbono, dois projetos da Energisa ser\u00e3o apresentados na Confer\u00eancia da ONU sobre mudan\u00e7as clim\u00e1ticas como exemplos de boas pr\u00e1ticas. A chegada de energia por fonte solar a comunidades ribeirinhas no Pantanal e na Vila Restaura\u00e7\u00e3o, dentro da Floresta Amaz\u00f4nica no Acre, mostra como \u00e9 poss\u00edvel aliar inova\u00e7\u00e3o e desenvolvimento sustent\u00e1vel em \u00e1reas remotas.<!--more--><\/p>\n<p>At\u00e9 2022, o Ilumina Pantanal vai fornecer luz cont\u00ednua para mais de 2 mil unidades consumidoras, o que representa em torno de 5 mil pessoas. J\u00e1 na Vila Restaura\u00e7\u00e3o, as cerca de 200 fam\u00edlias na Reserva Extrativista do Alto Juru\u00e1, pr\u00f3ximo ao Peru, s\u00f3 tinham luz a diesel por tr\u00eas horas di\u00e1rias. A popula\u00e7\u00e3o agora tem energia limpa por 24 horas.<\/p>\n<p style=\"text-align: justify;\">&#8211; A transi\u00e7\u00e3o energ\u00e9tica \u00e9 base no caminho para conter as eleva\u00e7\u00f5es de temperatura do planeta. A Energisa tem compromisso com a agenda e desenvolve a\u00e7\u00f5es concretas, como os projetos na Vila Restaura\u00e7\u00e3o e no Pantanal. Eles disponibilizam energia limpa, acess\u00edvel e cont\u00ednua para regi\u00f5es remotas, al\u00e9m de evitar a emiss\u00e3o de cerca de 58 mil toneladas de di\u00f3xido de carbono por ano na atmosfera\u201d, explica Tatiana Feliciano, diretora de Gest\u00e3o e Sustentabilidade da empresa.<\/p>\n<p>As iniciativas ser\u00e3o apresentadas em painel da Confedera\u00e7\u00e3o Nacional da Ind\u00fastria nesta ter\u00e7a-feira, 09 de novembro, \u00e0s 16h. O Ilumina Pantanal \u00e9 realizado em parceria com o Minist\u00e9rio de Minas e Energia e o projeto na Vila Restaura\u00e7\u00e3o com a Ag\u00eancia Nacional de Energia El\u00e9trica.<\/p>\n<p>Fonte: Energisa | Foto: Udop<\/p>\n<div class=\"mgued69f74a90cacaa\" ><br><\/div><style type=\"text\/css\">\r\n@media screen and (min-width: 1201px) {\r\n.mgued69f74a90cacaa {\r\ndisplay: block;\r\n}\r\n}\r\n@media screen and (min-width: 993px) and (max-width: 1200px) {\r\n.mgued69f74a90cacaa {\r\ndisplay: block;\r\n}\r\n}\r\n@media screen and (min-width: 769px) and (max-width: 992px) {\r\n.mgued69f74a90cacaa {\r\ndisplay: block;\r\n}\r\n}\r\n@media screen and (min-width: 768px) and (max-width: 768px) {\r\n.mgued69f74a90cacaa {\r\ndisplay: block;\r\n}\r\n}\r\n@media screen and (max-width: 767px) {\r\n.mgued69f74a90cacaa {\r\ndisplay: block;\r\n}\r\n}\r\n<\/style>\r\n<div class=\"askls69f74a90d086d\" ><div id=\"div_destino\"><\/div>\r\n<script src=\"https:\/\/cdn.snsrsv.com\/sdk.js\"><\/script>\r\n<script >\r\n      new sdk(\"464030C30061EA8BE065000000000001\") \r\n          .appendTo(\"div_destino\")\r\n          .disableStyle(true) \r\n          .setCacheBusterMacro(\"%%CACHEBUSTER%%\")\r\n          .setSize(\"800\",\"214\")\r\n          .setClickMacro(\"%%CLICK_URL_ESC%%\") \r\n          .setReferrerUrlMacro(\"%%REFERRER_URL_ESC%%\") \r\n          .start(); \r\n<\/script><\/div><style type=\"text\/css\">\r\n@media screen and (min-width: 1201px) {\r\n.askls69f74a90d086d {\r\ndisplay: block;\r\n}\r\n}\r\n@media screen and (min-width: 993px) and (max-width: 1200px) {\r\n.askls69f74a90d086d {\r\ndisplay: block;\r\n}\r\n}\r\n@media screen and (min-width: 769px) and (max-width: 992px) {\r\n.askls69f74a90d086d {\r\ndisplay: block;\r\n}\r\n}\r\n@media screen and (min-width: 768px) and (max-width: 768px) {\r\n.askls69f74a90d086d {\r\ndisplay: block;\r\n}\r\n}\r\n@media screen and (max-width: 767px) {\r\n.askls69f74a90d086d {\r\ndisplay: block;\r\n}\r\n}\r\n<\/style>\r\n","protected":false},"excerpt":{"rendered":"<p>No momento em que lideran\u00e7as mundiais est\u00e3o reunidas na COP-26 em defesa de metas ambiciosas para a transi\u00e7\u00e3o de uma economia de baixo carbono, dois projetos da Energisa ser\u00e3o apresentados na Confer\u00eancia da ONU sobre mudan\u00e7as clim\u00e1ticas como exemplos de<\/p>\n<p class=\"link-more\"><a class=\"more-link\" href=\"https:\/\/marcelolopes.jor.br\/site\/2021\/11\/09\/energisa-apresenta-projetos-na-conferencia-da-onu-sobre-mudancas-climaticas\/\">Leia mais <span class=\"screen-reader-text\">Energisa apresenta projetos na Confer\u00eancia da ONU sobre mudan\u00e7as clim\u00e1ticas<\/span><\/a><\/p>\n","protected":false},"author":2,"featured_media":28278,"comment_status":"open","ping_status":"open","sticky":false,"template":"","format":"standard","meta":{"footnotes":""},"categories":[1],"tags":[4991,4992,120,4993],"class_list":["post-28276","post","type-post","status-publish","format-standard","has-post-thumbnail","hentry","category-noticias","tag-areas-remotas","tag-cop-26","tag-energisa","tag-ilumina-pantanal","thumb-below-title"],"yoast_head":"<!-- This site is optimized with the Yoast SEO plugin v27.4 - https:\/\/yoast.com\/product\/yoast-seo-wordpress\/ -->\n<title>Energisa apresenta projetos na Confer\u00eancia da ONU sobre mudan\u00e7as clim\u00e1ticas | Marcelo Lopes<\/title>\n<meta name=\"robots\" content=\"index, follow, max-snippet:-1, max-image-preview:large, max-video-preview:-1\" \/>\n<link rel=\"canonical\" href=\"https:\/\/marcelolopes.jor.br\/site\/2021\/11\/09\/energisa-apresenta-projetos-na-conferencia-da-onu-sobre-mudancas-climaticas\/\" \/>\n<meta property=\"og:locale\" content=\"pt_BR\" \/>\n<meta property=\"og:type\" content=\"article\" \/>\n<meta property=\"og:title\" content=\"Energisa apresenta projetos na Confer\u00eancia da ONU sobre mudan\u00e7as clim\u00e1ticas | Marcelo Lopes\" \/>\n<meta property=\"og:description\" content=\"No momento em que lideran\u00e7as mundiais est\u00e3o reunidas na COP-26 em defesa de metas ambiciosas para a transi\u00e7\u00e3o de uma economia de baixo carbono, dois projetos da Energisa ser\u00e3o apresentados na Confer\u00eancia da ONU sobre mudan\u00e7as clim\u00e1ticas como exemplos deLeia mais Energisa apresenta projetos na Confer\u00eancia da ONU sobre mudan\u00e7as clim\u00e1ticas\" \/>\n<meta property=\"og:url\" content=\"https:\/\/marcelolopes.jor.br\/site\/2021\/11\/09\/energisa-apresenta-projetos-na-conferencia-da-onu-sobre-mudancas-climaticas\/\" \/>\n<meta property=\"og:site_name\" content=\"Marcelo Lopes\" \/>\n<meta property=\"article:publisher\" content=\"https:\/\/www.facebook.com\/sitedomarcelolopes\" \/>\n<meta property=\"article:published_time\" content=\"2021-11-09T10:00:59+00:00\" \/>\n<meta property=\"og:image\" content=\"https:\/\/marcelolopes.jor.br\/site\/wp-content\/uploads\/2021\/11\/11_03_2021_sustentabilidade.jpeg\" \/>\n\t<meta property=\"og:image:width\" content=\"680\" \/>\n\t<meta property=\"og:image:height\" content=\"382\" \/>\n\t<meta property=\"og:image:type\" content=\"image\/jpeg\" \/>\n<meta name=\"author\" content=\"Marcelo Lopes\" \/>\n<meta name=\"twitter:card\" content=\"summary_large_image\" \/>\n<meta name=\"twitter:label1\" content=\"Escrito por\" \/>\n\t<meta name=\"twitter:data1\" content=\"Marcelo Lopes\" \/>\n\t<meta name=\"twitter:label2\" content=\"Est. tempo de leitura\" \/>\n\t<meta name=\"twitter:data2\" content=\"1 minuto\" \/>\n<script type=\"application\/ld+json\" class=\"yoast-schema-graph\">{\"@context\":\"https:\\\/\\\/schema.org\",\"@graph\":[{\"@type\":\"NewsArticle\",\"@id\":\"https:\\\/\\\/marcelolopes.jor.br\\\/site\\\/2021\\\/11\\\/09\\\/energisa-apresenta-projetos-na-conferencia-da-onu-sobre-mudancas-climaticas\\\/#article\",\"isPartOf\":{\"@id\":\"https:\\\/\\\/marcelolopes.jor.br\\\/site\\\/2021\\\/11\\\/09\\\/energisa-apresenta-projetos-na-conferencia-da-onu-sobre-mudancas-climaticas\\\/\"},\"author\":{\"name\":\"Marcelo Lopes\",\"@id\":\"https:\\\/\\\/marcelolopes.jor.br\\\/site\\\/#\\\/schema\\\/person\\\/3e7216a35c34d8fdf952b31da3d1f89f\"},\"headline\":\"Energisa apresenta projetos na Confer\u00eancia da ONU sobre mudan\u00e7as clim\u00e1ticas\",\"datePublished\":\"2021-11-09T10:00:59+00:00\",\"mainEntityOfPage\":{\"@id\":\"https:\\\/\\\/marcelolopes.jor.br\\\/site\\\/2021\\\/11\\\/09\\\/energisa-apresenta-projetos-na-conferencia-da-onu-sobre-mudancas-climaticas\\\/\"},\"wordCount\":304,\"commentCount\":0,\"publisher\":{\"@id\":\"https:\\\/\\\/marcelolopes.jor.br\\\/site\\\/#organization\"},\"image\":{\"@id\":\"https:\\\/\\\/marcelolopes.jor.br\\\/site\\\/2021\\\/11\\\/09\\\/energisa-apresenta-projetos-na-conferencia-da-onu-sobre-mudancas-climaticas\\\/#primaryimage\"},\"thumbnailUrl\":\"https:\\\/\\\/marcelolopes.jor.br\\\/site\\\/wp-content\\\/uploads\\\/2021\\\/11\\\/11_03_2021_sustentabilidade.jpeg\",\"keywords\":[\"\u00e1reas remotas\",\"COP 26\",\"Energisa\",\"Ilumina Pantanal\"],\"articleSection\":[\"Not\u00edcias\"],\"inLanguage\":\"pt-BR\",\"potentialAction\":[{\"@type\":\"CommentAction\",\"name\":\"Comment\",\"target\":[\"https:\\\/\\\/marcelolopes.jor.br\\\/site\\\/2021\\\/11\\\/09\\\/energisa-apresenta-projetos-na-conferencia-da-onu-sobre-mudancas-climaticas\\\/#respond\"]}]},{\"@type\":\"WebPage\",\"@id\":\"https:\\\/\\\/marcelolopes.jor.br\\\/site\\\/2021\\\/11\\\/09\\\/energisa-apresenta-projetos-na-conferencia-da-onu-sobre-mudancas-climaticas\\\/\",\"url\":\"https:\\\/\\\/marcelolopes.jor.br\\\/site\\\/2021\\\/11\\\/09\\\/energisa-apresenta-projetos-na-conferencia-da-onu-sobre-mudancas-climaticas\\\/\",\"name\":\"Energisa apresenta projetos na Confer\u00eancia da ONU sobre mudan\u00e7as clim\u00e1ticas | Marcelo Lopes\",\"isPartOf\":{\"@id\":\"https:\\\/\\\/marcelolopes.jor.br\\\/site\\\/#website\"},\"primaryImageOfPage\":{\"@id\":\"https:\\\/\\\/marcelolopes.jor.br\\\/site\\\/2021\\\/11\\\/09\\\/energisa-apresenta-projetos-na-conferencia-da-onu-sobre-mudancas-climaticas\\\/#primaryimage\"},\"image\":{\"@id\":\"https:\\\/\\\/marcelolopes.jor.br\\\/site\\\/2021\\\/11\\\/09\\\/energisa-apresenta-projetos-na-conferencia-da-onu-sobre-mudancas-climaticas\\\/#primaryimage\"},\"thumbnailUrl\":\"https:\\\/\\\/marcelolopes.jor.br\\\/site\\\/wp-content\\\/uploads\\\/2021\\\/11\\\/11_03_2021_sustentabilidade.jpeg\",\"datePublished\":\"2021-11-09T10:00:59+00:00\",\"breadcrumb\":{\"@id\":\"https:\\\/\\\/marcelolopes.jor.br\\\/site\\\/2021\\\/11\\\/09\\\/energisa-apresenta-projetos-na-conferencia-da-onu-sobre-mudancas-climaticas\\\/#breadcrumb\"},\"inLanguage\":\"pt-BR\",\"potentialAction\":[{\"@type\":\"ReadAction\",\"target\":[\"https:\\\/\\\/marcelolopes.jor.br\\\/site\\\/2021\\\/11\\\/09\\\/energisa-apresenta-projetos-na-conferencia-da-onu-sobre-mudancas-climaticas\\\/\"]}]},{\"@type\":\"ImageObject\",\"inLanguage\":\"pt-BR\",\"@id\":\"https:\\\/\\\/marcelolopes.jor.br\\\/site\\\/2021\\\/11\\\/09\\\/energisa-apresenta-projetos-na-conferencia-da-onu-sobre-mudancas-climaticas\\\/#primaryimage\",\"url\":\"https:\\\/\\\/marcelolopes.jor.br\\\/site\\\/wp-content\\\/uploads\\\/2021\\\/11\\\/11_03_2021_sustentabilidade.jpeg\",\"contentUrl\":\"https:\\\/\\\/marcelolopes.jor.br\\\/site\\\/wp-content\\\/uploads\\\/2021\\\/11\\\/11_03_2021_sustentabilidade.jpeg\",\"width\":680,\"height\":382},{\"@type\":\"BreadcrumbList\",\"@id\":\"https:\\\/\\\/marcelolopes.jor.br\\\/site\\\/2021\\\/11\\\/09\\\/energisa-apresenta-projetos-na-conferencia-da-onu-sobre-mudancas-climaticas\\\/#breadcrumb\",\"itemListElement\":[{\"@type\":\"ListItem\",\"position\":1,\"name\":\"Home\",\"item\":\"https:\\\/\\\/marcelolopes.jor.br\\\/site\\\/\"},{\"@type\":\"ListItem\",\"position\":2,\"name\":\"Energisa apresenta projetos na Confer\u00eancia da ONU sobre mudan\u00e7as clim\u00e1ticas\"}]},{\"@type\":\"WebSite\",\"@id\":\"https:\\\/\\\/marcelolopes.jor.br\\\/site\\\/#website\",\"url\":\"https:\\\/\\\/marcelolopes.jor.br\\\/site\\\/\",\"name\":\"Marcelo Lopes\",\"description\":\"Not\u00edcias de Cataguases e Regi\u00e3o\",\"publisher\":{\"@id\":\"https:\\\/\\\/marcelolopes.jor.br\\\/site\\\/#organization\"},\"potentialAction\":[{\"@type\":\"SearchAction\",\"target\":{\"@type\":\"EntryPoint\",\"urlTemplate\":\"https:\\\/\\\/marcelolopes.jor.br\\\/site\\\/?s={search_term_string}\"},\"query-input\":{\"@type\":\"PropertyValueSpecification\",\"valueRequired\":true,\"valueName\":\"search_term_string\"}}],\"inLanguage\":\"pt-BR\"},{\"@type\":\"Organization\",\"@id\":\"https:\\\/\\\/marcelolopes.jor.br\\\/site\\\/#organization\",\"name\":\"Site do Marcelo Lopes\",\"url\":\"https:\\\/\\\/marcelolopes.jor.br\\\/site\\\/\",\"logo\":{\"@type\":\"ImageObject\",\"inLanguage\":\"pt-BR\",\"@id\":\"https:\\\/\\\/marcelolopes.jor.br\\\/site\\\/#\\\/schema\\\/logo\\\/image\\\/\",\"url\":\"https:\\\/\\\/marcelolopes.jor.br\\\/site\\\/wp-content\\\/uploads\\\/2024\\\/11\\\/logo-1.png\",\"contentUrl\":\"https:\\\/\\\/marcelolopes.jor.br\\\/site\\\/wp-content\\\/uploads\\\/2024\\\/11\\\/logo-1.png\",\"width\":475,\"height\":80,\"caption\":\"Site do Marcelo Lopes\"},\"image\":{\"@id\":\"https:\\\/\\\/marcelolopes.jor.br\\\/site\\\/#\\\/schema\\\/logo\\\/image\\\/\"},\"sameAs\":[\"https:\\\/\\\/www.facebook.com\\\/sitedomarcelolopes\",\"https:\\\/\\\/www.instagram.com\\\/sitedomarcelolopes\\\/\",\"https:\\\/\\\/www.linkedin.com\\\/company\\\/site-do-marcelo-lopes\\\/\",\"https:\\\/\\\/www.youtube.com\\\/user\\\/marcelolopes957\"]},{\"@type\":\"Person\",\"@id\":\"https:\\\/\\\/marcelolopes.jor.br\\\/site\\\/#\\\/schema\\\/person\\\/3e7216a35c34d8fdf952b31da3d1f89f\",\"name\":\"Marcelo Lopes\",\"sameAs\":[\"http:\\\/\\\/www.marcelolopes.jor.br\"],\"url\":\"https:\\\/\\\/marcelolopes.jor.br\\\/site\\\/author\\\/marcelo\\\/\"}]}<\/script>\n<!-- \/ Yoast SEO plugin. -->","yoast_head_json":{"title":"Energisa apresenta projetos na Confer\u00eancia da ONU sobre mudan\u00e7as clim\u00e1ticas | Marcelo Lopes","robots":{"index":"index","follow":"follow","max-snippet":"max-snippet:-1","max-image-preview":"max-image-preview:large","max-video-preview":"max-video-preview:-1"},"canonical":"https:\/\/marcelolopes.jor.br\/site\/2021\/11\/09\/energisa-apresenta-projetos-na-conferencia-da-onu-sobre-mudancas-climaticas\/","og_locale":"pt_BR","og_type":"article","og_title":"Energisa apresenta projetos na Confer\u00eancia da ONU sobre mudan\u00e7as clim\u00e1ticas | Marcelo Lopes","og_description":"No momento em que lideran\u00e7as mundiais est\u00e3o reunidas na COP-26 em defesa de metas ambiciosas para a transi\u00e7\u00e3o de uma economia de baixo carbono, dois projetos da Energisa ser\u00e3o apresentados na Confer\u00eancia da ONU sobre mudan\u00e7as clim\u00e1ticas como exemplos deLeia mais Energisa apresenta projetos na Confer\u00eancia da ONU sobre mudan\u00e7as clim\u00e1ticas","og_url":"https:\/\/marcelolopes.jor.br\/site\/2021\/11\/09\/energisa-apresenta-projetos-na-conferencia-da-onu-sobre-mudancas-climaticas\/","og_site_name":"Marcelo Lopes","article_publisher":"https:\/\/www.facebook.com\/sitedomarcelolopes","article_published_time":"2021-11-09T10:00:59+00:00","og_image":[{"width":680,"height":382,"url":"https:\/\/marcelolopes.jor.br\/site\/wp-content\/uploads\/2021\/11\/11_03_2021_sustentabilidade.jpeg","type":"image\/jpeg"}],"author":"Marcelo Lopes","twitter_card":"summary_large_image","twitter_misc":{"Escrito por":"Marcelo Lopes","Est. tempo de leitura":"1 minuto"},"schema":{"@context":"https:\/\/schema.org","@graph":[{"@type":"NewsArticle","@id":"https:\/\/marcelolopes.jor.br\/site\/2021\/11\/09\/energisa-apresenta-projetos-na-conferencia-da-onu-sobre-mudancas-climaticas\/#article","isPartOf":{"@id":"https:\/\/marcelolopes.jor.br\/site\/2021\/11\/09\/energisa-apresenta-projetos-na-conferencia-da-onu-sobre-mudancas-climaticas\/"},"author":{"name":"Marcelo Lopes","@id":"https:\/\/marcelolopes.jor.br\/site\/#\/schema\/person\/3e7216a35c34d8fdf952b31da3d1f89f"},"headline":"Energisa apresenta projetos na Confer\u00eancia da ONU sobre mudan\u00e7as clim\u00e1ticas","datePublished":"2021-11-09T10:00:59+00:00","mainEntityOfPage":{"@id":"https:\/\/marcelolopes.jor.br\/site\/2021\/11\/09\/energisa-apresenta-projetos-na-conferencia-da-onu-sobre-mudancas-climaticas\/"},"wordCount":304,"commentCount":0,"publisher":{"@id":"https:\/\/marcelolopes.jor.br\/site\/#organization"},"image":{"@id":"https:\/\/marcelolopes.jor.br\/site\/2021\/11\/09\/energisa-apresenta-projetos-na-conferencia-da-onu-sobre-mudancas-climaticas\/#primaryimage"},"thumbnailUrl":"https:\/\/marcelolopes.jor.br\/site\/wp-content\/uploads\/2021\/11\/11_03_2021_sustentabilidade.jpeg","keywords":["\u00e1reas remotas","COP 26","Energisa","Ilumina Pantanal"],"articleSection":["Not\u00edcias"],"inLanguage":"pt-BR","potentialAction":[{"@type":"CommentAction","name":"Comment","target":["https:\/\/marcelolopes.jor.br\/site\/2021\/11\/09\/energisa-apresenta-projetos-na-conferencia-da-onu-sobre-mudancas-climaticas\/#respond"]}]},{"@type":"WebPage","@id":"https:\/\/marcelolopes.jor.br\/site\/2021\/11\/09\/energisa-apresenta-projetos-na-conferencia-da-onu-sobre-mudancas-climaticas\/","url":"https:\/\/marcelolopes.jor.br\/site\/2021\/11\/09\/energisa-apresenta-projetos-na-conferencia-da-onu-sobre-mudancas-climaticas\/","name":"Energisa apresenta projetos na Confer\u00eancia da ONU sobre mudan\u00e7as clim\u00e1ticas | Marcelo Lopes","isPartOf":{"@id":"https:\/\/marcelolopes.jor.br\/site\/#website"},"primaryImageOfPage":{"@id":"https:\/\/marcelolopes.jor.br\/site\/2021\/11\/09\/energisa-apresenta-projetos-na-conferencia-da-onu-sobre-mudancas-climaticas\/#primaryimage"},"image":{"@id":"https:\/\/marcelolopes.jor.br\/site\/2021\/11\/09\/energisa-apresenta-projetos-na-conferencia-da-onu-sobre-mudancas-climaticas\/#primaryimage"},"thumbnailUrl":"https:\/\/marcelolopes.jor.br\/site\/wp-content\/uploads\/2021\/11\/11_03_2021_sustentabilidade.jpeg","datePublished":"2021-11-09T10:00:59+00:00","breadcrumb":{"@id":"https:\/\/marcelolopes.jor.br\/site\/2021\/11\/09\/energisa-apresenta-projetos-na-conferencia-da-onu-sobre-mudancas-climaticas\/#breadcrumb"},"inLanguage":"pt-BR","potentialAction":[{"@type":"ReadAction","target":["https:\/\/marcelolopes.jor.br\/site\/2021\/11\/09\/energisa-apresenta-projetos-na-conferencia-da-onu-sobre-mudancas-climaticas\/"]}]},{"@type":"ImageObject","inLanguage":"pt-BR","@id":"https:\/\/marcelolopes.jor.br\/site\/2021\/11\/09\/energisa-apresenta-projetos-na-conferencia-da-onu-sobre-mudancas-climaticas\/#primaryimage","url":"https:\/\/marcelolopes.jor.br\/site\/wp-content\/uploads\/2021\/11\/11_03_2021_sustentabilidade.jpeg","contentUrl":"https:\/\/marcelolopes.jor.br\/site\/wp-content\/uploads\/2021\/11\/11_03_2021_sustentabilidade.jpeg","width":680,"height":382},{"@type":"BreadcrumbList","@id":"https:\/\/marcelolopes.jor.br\/site\/2021\/11\/09\/energisa-apresenta-projetos-na-conferencia-da-onu-sobre-mudancas-climaticas\/#breadcrumb","itemListElement":[{"@type":"ListItem","position":1,"name":"Home","item":"https:\/\/marcelolopes.jor.br\/site\/"},{"@type":"ListItem","position":2,"name":"Energisa apresenta projetos na Confer\u00eancia da ONU sobre mudan\u00e7as clim\u00e1ticas"}]},{"@type":"WebSite","@id":"https:\/\/marcelolopes.jor.br\/site\/#website","url":"https:\/\/marcelolopes.jor.br\/site\/","name":"Marcelo Lopes","description":"Not\u00edcias de Cataguases e Regi\u00e3o","publisher":{"@id":"https:\/\/marcelolopes.jor.br\/site\/#organization"},"potentialAction":[{"@type":"SearchAction","target":{"@type":"EntryPoint","urlTemplate":"https:\/\/marcelolopes.jor.br\/site\/?s={search_term_string}"},"query-input":{"@type":"PropertyValueSpecification","valueRequired":true,"valueName":"search_term_string"}}],"inLanguage":"pt-BR"},{"@type":"Organization","@id":"https:\/\/marcelolopes.jor.br\/site\/#organization","name":"Site do Marcelo Lopes","url":"https:\/\/marcelolopes.jor.br\/site\/","logo":{"@type":"ImageObject","inLanguage":"pt-BR","@id":"https:\/\/marcelolopes.jor.br\/site\/#\/schema\/logo\/image\/","url":"https:\/\/marcelolopes.jor.br\/site\/wp-content\/uploads\/2024\/11\/logo-1.png","contentUrl":"https:\/\/marcelolopes.jor.br\/site\/wp-content\/uploads\/2024\/11\/logo-1.png","width":475,"height":80,"caption":"Site do Marcelo Lopes"},"image":{"@id":"https:\/\/marcelolopes.jor.br\/site\/#\/schema\/logo\/image\/"},"sameAs":["https:\/\/www.facebook.com\/sitedomarcelolopes","https:\/\/www.instagram.com\/sitedomarcelolopes\/","https:\/\/www.linkedin.com\/company\/site-do-marcelo-lopes\/","https:\/\/www.youtube.com\/user\/marcelolopes957"]},{"@type":"Person","@id":"https:\/\/marcelolopes.jor.br\/site\/#\/schema\/person\/3e7216a35c34d8fdf952b31da3d1f89f","name":"Marcelo Lopes","sameAs":["http:\/\/www.marcelolopes.jor.br"],"url":"https:\/\/marcelolopes.jor.br\/site\/author\/marcelo\/"}]}},"wps_subtitle":"Projetos aliam inova\u00e7\u00e3o e desenvolvimento sustent\u00e1vel em \u00e1rea remotas.","_links":{"self":[{"href":"https:\/\/marcelolopes.jor.br\/site\/wp-json\/wp\/v2\/posts\/28276","targetHints":{"allow":["GET"]}}],"collection":[{"href":"https:\/\/marcelolopes.jor.br\/site\/wp-json\/wp\/v2\/posts"}],"about":[{"href":"https:\/\/marcelolopes.jor.br\/site\/wp-json\/wp\/v2\/types\/post"}],"author":[{"embeddable":true,"href":"https:\/\/marcelolopes.jor.br\/site\/wp-json\/wp\/v2\/users\/2"}],"replies":[{"embeddable":true,"href":"https:\/\/marcelolopes.jor.br\/site\/wp-json\/wp\/v2\/comments?post=28276"}],"version-history":[{"count":0,"href":"https:\/\/marcelolopes.jor.br\/site\/wp-json\/wp\/v2\/posts\/28276\/revisions"}],"wp:featuredmedia":[{"embeddable":true,"href":"https:\/\/marcelolopes.jor.br\/site\/wp-json\/wp\/v2\/media\/28278"}],"wp:attachment":[{"href":"https:\/\/marcelolopes.jor.br\/site\/wp-json\/wp\/v2\/media?parent=28276"}],"wp:term":[{"taxonomy":"category","embeddable":true,"href":"https:\/\/marcelolopes.jor.br\/site\/wp-json\/wp\/v2\/categories?post=28276"},{"taxonomy":"post_tag","embeddable":true,"href":"https:\/\/marcelolopes.jor.br\/site\/wp-json\/wp\/v2\/tags?post=28276"}],"curies":[{"name":"wp","href":"https:\/\/api.w.org\/{rel}","templated":true}]}}