{"id":28265,"date":"2021-11-08T07:00:21","date_gmt":"2021-11-08T10:00:21","guid":{"rendered":"https:\/\/marcelolopes.jor.br\/?p=28265"},"modified":"2021-11-07T18:14:18","modified_gmt":"2021-11-07T21:14:18","slug":"prefeitura-de-vicosa-faz-primeira-entrega-de-uniformes-confeccionados-pelo-presidio","status":"publish","type":"post","link":"https:\/\/marcelolopes.jor.br\/site\/2021\/11\/08\/prefeitura-de-vicosa-faz-primeira-entrega-de-uniformes-confeccionados-pelo-presidio\/","title":{"rendered":"Prefeitura de Vi\u00e7osa faz primeira entrega de uniformes confeccionados pelo pres\u00eddio"},"content":{"rendered":"<p style=\"text-align: justify;\">A Prefeitura de Vi\u00e7osa entregou na \u00faltima sexta-feira, 5 de novembro, uniformes aos alunos da Escola Municipal Jos\u00e9 Teot\u00f4nio Pacheco, situada em Posses de Nova Vi\u00e7osa. A iniciativa \u00e9 resultado de um projeto desenvolvido naquele munic\u00edpio em parceria com a dire\u00e7\u00e3o do pres\u00eddio local. O evento contou com a participa\u00e7\u00e3o do prefeito Raimundo Nonato Cardoso e demais autoridades.<!--more--><\/p>\n<p style=\"text-align: justify;\">De acordo com o projeto, onze detentos daquele pres\u00eddio foram convidados a fazer o curso de Corte e Costura, sob a coordena\u00e7\u00e3o da professora Nirnei de Assis, visando capacit\u00e1-los para a confec\u00e7\u00e3o de uniformes infantis para alunos das escolas p\u00fablicas do munic\u00edpio, bem como para eles pr\u00f3prios. A meta \u00e9 entregar, tamb\u00e9m, shorts, saias shorts e la\u00e7os de fitas para as meninas estudantes das 16 escolas municipais.<\/p>\n<p style=\"text-align: justify;\">O coordenador do Setor de Inclus\u00e3o Produtiva da Prefeitura de Vi\u00e7osa, Raphael Gustavo dos Santos, que tamb\u00e9m \u00e9 coordenador do projeto, disse que a iniciativa &#8220;altamente positiva porque rende benef\u00edcios tanto para a comunidade escolar, quanto para as pessoas envolvidas no projeto.&#8221; Ele informou tamb\u00e9m que para tr\u00eas dias de trabalho dos detentos, um \u00e9 descontado de suas penas.<\/p>\n<p><img loading=\"lazy\" decoding=\"async\" class=\"aligncenter wp-image-28267\" src=\"https:\/\/marcelolopes.jor.br\/site\/wp-content\/uploads\/2021\/11\/A4AE730C-B0EE-B06A-182A-CDEAAEB37BE1-1024x768.jpeg\" alt=\"\" width=\"700\" height=\"525\" srcset=\"https:\/\/marcelolopes.jor.br\/site\/wp-content\/uploads\/2021\/11\/A4AE730C-B0EE-B06A-182A-CDEAAEB37BE1-1024x768.jpeg 1024w, https:\/\/marcelolopes.jor.br\/site\/wp-content\/uploads\/2021\/11\/A4AE730C-B0EE-B06A-182A-CDEAAEB37BE1-300x225.jpeg 300w, https:\/\/marcelolopes.jor.br\/site\/wp-content\/uploads\/2021\/11\/A4AE730C-B0EE-B06A-182A-CDEAAEB37BE1-768x576.jpeg 768w, https:\/\/marcelolopes.jor.br\/site\/wp-content\/uploads\/2021\/11\/A4AE730C-B0EE-B06A-182A-CDEAAEB37BE1-1200x900.jpeg 1200w, https:\/\/marcelolopes.jor.br\/site\/wp-content\/uploads\/2021\/11\/A4AE730C-B0EE-B06A-182A-CDEAAEB37BE1-320x240.jpeg 320w, https:\/\/marcelolopes.jor.br\/site\/wp-content\/uploads\/2021\/11\/A4AE730C-B0EE-B06A-182A-CDEAAEB37BE1.jpeg 1600w\" sizes=\"auto, (max-width: 700px) 100vw, 700px\" \/><\/p>\n<p>Fonte e foto: Prefeitura de Vi\u00e7osa<\/p>\n<div class=\"ccuyg69f5e455f3188\" ><br><\/div><style type=\"text\/css\">\r\n@media screen and (min-width: 1201px) {\r\n.ccuyg69f5e455f3188 {\r\ndisplay: block;\r\n}\r\n}\r\n@media screen and (min-width: 993px) and (max-width: 1200px) {\r\n.ccuyg69f5e455f3188 {\r\ndisplay: block;\r\n}\r\n}\r\n@media screen and (min-width: 769px) and (max-width: 992px) {\r\n.ccuyg69f5e455f3188 {\r\ndisplay: block;\r\n}\r\n}\r\n@media screen and (min-width: 768px) and (max-width: 768px) {\r\n.ccuyg69f5e455f3188 {\r\ndisplay: block;\r\n}\r\n}\r\n@media screen and (max-width: 767px) {\r\n.ccuyg69f5e455f3188 {\r\ndisplay: block;\r\n}\r\n}\r\n<\/style>\r\n<div class=\"bqznv69f5e45603acf\" ><div id=\"div_destino\"><\/div>\r\n<script src=\"https:\/\/cdn.snsrsv.com\/sdk.js\"><\/script>\r\n<script >\r\n      new sdk(\"464030C30061EA8BE065000000000001\") \r\n          .appendTo(\"div_destino\")\r\n          .disableStyle(true) \r\n          .setCacheBusterMacro(\"%%CACHEBUSTER%%\")\r\n          .setSize(\"800\",\"214\")\r\n          .setClickMacro(\"%%CLICK_URL_ESC%%\") \r\n          .setReferrerUrlMacro(\"%%REFERRER_URL_ESC%%\") \r\n          .start(); \r\n<\/script><\/div><style type=\"text\/css\">\r\n@media screen and (min-width: 1201px) {\r\n.bqznv69f5e45603acf {\r\ndisplay: block;\r\n}\r\n}\r\n@media screen and (min-width: 993px) and (max-width: 1200px) {\r\n.bqznv69f5e45603acf {\r\ndisplay: block;\r\n}\r\n}\r\n@media screen and (min-width: 769px) and (max-width: 992px) {\r\n.bqznv69f5e45603acf {\r\ndisplay: block;\r\n}\r\n}\r\n@media screen and (min-width: 768px) and (max-width: 768px) {\r\n.bqznv69f5e45603acf {\r\ndisplay: block;\r\n}\r\n}\r\n@media screen and (max-width: 767px) {\r\n.bqznv69f5e45603acf {\r\ndisplay: block;\r\n}\r\n}\r\n<\/style>\r\n","protected":false},"excerpt":{"rendered":"<p>A Prefeitura de Vi\u00e7osa entregou na \u00faltima sexta-feira, 5 de novembro, uniformes aos alunos da Escola Municipal Jos\u00e9 Teot\u00f4nio Pacheco, situada em Posses de Nova Vi\u00e7osa. A iniciativa \u00e9 resultado de um projeto desenvolvido naquele munic\u00edpio em parceria com a<\/p>\n<p class=\"link-more\"><a class=\"more-link\" href=\"https:\/\/marcelolopes.jor.br\/site\/2021\/11\/08\/prefeitura-de-vicosa-faz-primeira-entrega-de-uniformes-confeccionados-pelo-presidio\/\">Leia mais <span class=\"screen-reader-text\">Prefeitura de Vi\u00e7osa faz primeira entrega de uniformes confeccionados pelo pres\u00eddio<\/span><\/a><\/p>\n","protected":false},"author":2,"featured_media":28268,"comment_status":"open","ping_status":"open","sticky":false,"template":"","format":"standard","meta":{"footnotes":""},"categories":[1],"tags":[4990,1217,4253,4426],"class_list":["post-28265","post","type-post","status-publish","format-standard","has-post-thumbnail","hentry","category-noticias","tag-corte-e-costura","tag-prefeitura-de-vicosa","tag-presidio-de-vicosa","tag-uniforme-escolar","thumb-below-title"],"yoast_head":"<!-- This site is optimized with the Yoast SEO plugin v27.4 - https:\/\/yoast.com\/product\/yoast-seo-wordpress\/ -->\n<title>Prefeitura de Vi\u00e7osa faz primeira entrega de uniformes confeccionados pelo pres\u00eddio | Marcelo Lopes<\/title>\n<meta name=\"robots\" content=\"index, follow, max-snippet:-1, max-image-preview:large, max-video-preview:-1\" \/>\n<link rel=\"canonical\" href=\"https:\/\/marcelolopes.jor.br\/site\/2021\/11\/08\/prefeitura-de-vicosa-faz-primeira-entrega-de-uniformes-confeccionados-pelo-presidio\/\" \/>\n<meta property=\"og:locale\" content=\"pt_BR\" \/>\n<meta property=\"og:type\" content=\"article\" \/>\n<meta property=\"og:title\" content=\"Prefeitura de Vi\u00e7osa faz primeira entrega de uniformes confeccionados pelo pres\u00eddio | Marcelo Lopes\" \/>\n<meta property=\"og:description\" content=\"A Prefeitura de Vi\u00e7osa entregou na \u00faltima sexta-feira, 5 de novembro, uniformes aos alunos da Escola Municipal Jos\u00e9 Teot\u00f4nio Pacheco, situada em Posses de Nova Vi\u00e7osa. A iniciativa \u00e9 resultado de um projeto desenvolvido naquele munic\u00edpio em parceria com aLeia mais Prefeitura de Vi\u00e7osa faz primeira entrega de uniformes confeccionados pelo pres\u00eddio\" \/>\n<meta property=\"og:url\" content=\"https:\/\/marcelolopes.jor.br\/site\/2021\/11\/08\/prefeitura-de-vicosa-faz-primeira-entrega-de-uniformes-confeccionados-pelo-presidio\/\" \/>\n<meta property=\"og:site_name\" content=\"Marcelo Lopes\" \/>\n<meta property=\"article:publisher\" content=\"https:\/\/www.facebook.com\/sitedomarcelolopes\" \/>\n<meta property=\"article:published_time\" content=\"2021-11-08T10:00:21+00:00\" \/>\n<meta property=\"og:image\" content=\"https:\/\/marcelolopes.jor.br\/site\/wp-content\/uploads\/2021\/11\/AC76ADBE-ABBE-0B1E-1ACD-BEDE3BEAB540.jpeg\" \/>\n\t<meta property=\"og:image:width\" content=\"1600\" \/>\n\t<meta property=\"og:image:height\" content=\"1200\" \/>\n\t<meta property=\"og:image:type\" content=\"image\/jpeg\" \/>\n<meta name=\"author\" content=\"Marcelo Lopes\" \/>\n<meta name=\"twitter:card\" content=\"summary_large_image\" \/>\n<meta name=\"twitter:label1\" content=\"Escrito por\" \/>\n\t<meta name=\"twitter:data1\" content=\"Marcelo Lopes\" \/>\n\t<meta name=\"twitter:label2\" content=\"Est. tempo de leitura\" \/>\n\t<meta name=\"twitter:data2\" content=\"1 minuto\" \/>\n<script type=\"application\/ld+json\" class=\"yoast-schema-graph\">{\"@context\":\"https:\\\/\\\/schema.org\",\"@graph\":[{\"@type\":\"NewsArticle\",\"@id\":\"https:\\\/\\\/marcelolopes.jor.br\\\/site\\\/2021\\\/11\\\/08\\\/prefeitura-de-vicosa-faz-primeira-entrega-de-uniformes-confeccionados-pelo-presidio\\\/#article\",\"isPartOf\":{\"@id\":\"https:\\\/\\\/marcelolopes.jor.br\\\/site\\\/2021\\\/11\\\/08\\\/prefeitura-de-vicosa-faz-primeira-entrega-de-uniformes-confeccionados-pelo-presidio\\\/\"},\"author\":{\"name\":\"Marcelo Lopes\",\"@id\":\"https:\\\/\\\/marcelolopes.jor.br\\\/site\\\/#\\\/schema\\\/person\\\/3e7216a35c34d8fdf952b31da3d1f89f\"},\"headline\":\"Prefeitura de Vi\u00e7osa faz primeira entrega de uniformes confeccionados pelo pres\u00eddio\",\"datePublished\":\"2021-11-08T10:00:21+00:00\",\"mainEntityOfPage\":{\"@id\":\"https:\\\/\\\/marcelolopes.jor.br\\\/site\\\/2021\\\/11\\\/08\\\/prefeitura-de-vicosa-faz-primeira-entrega-de-uniformes-confeccionados-pelo-presidio\\\/\"},\"wordCount\":220,\"commentCount\":0,\"publisher\":{\"@id\":\"https:\\\/\\\/marcelolopes.jor.br\\\/site\\\/#organization\"},\"image\":{\"@id\":\"https:\\\/\\\/marcelolopes.jor.br\\\/site\\\/2021\\\/11\\\/08\\\/prefeitura-de-vicosa-faz-primeira-entrega-de-uniformes-confeccionados-pelo-presidio\\\/#primaryimage\"},\"thumbnailUrl\":\"https:\\\/\\\/marcelolopes.jor.br\\\/site\\\/wp-content\\\/uploads\\\/2021\\\/11\\\/AC76ADBE-ABBE-0B1E-1ACD-BEDE3BEAB540.jpeg\",\"keywords\":[\"corte e costura\",\"prefeitura de Vi\u00e7osa\",\"pres\u00eddio de Vi\u00e7osa\",\"uniforme escolar\"],\"articleSection\":[\"Not\u00edcias\"],\"inLanguage\":\"pt-BR\",\"potentialAction\":[{\"@type\":\"CommentAction\",\"name\":\"Comment\",\"target\":[\"https:\\\/\\\/marcelolopes.jor.br\\\/site\\\/2021\\\/11\\\/08\\\/prefeitura-de-vicosa-faz-primeira-entrega-de-uniformes-confeccionados-pelo-presidio\\\/#respond\"]}]},{\"@type\":\"WebPage\",\"@id\":\"https:\\\/\\\/marcelolopes.jor.br\\\/site\\\/2021\\\/11\\\/08\\\/prefeitura-de-vicosa-faz-primeira-entrega-de-uniformes-confeccionados-pelo-presidio\\\/\",\"url\":\"https:\\\/\\\/marcelolopes.jor.br\\\/site\\\/2021\\\/11\\\/08\\\/prefeitura-de-vicosa-faz-primeira-entrega-de-uniformes-confeccionados-pelo-presidio\\\/\",\"name\":\"Prefeitura de Vi\u00e7osa faz primeira entrega de uniformes confeccionados pelo pres\u00eddio | Marcelo Lopes\",\"isPartOf\":{\"@id\":\"https:\\\/\\\/marcelolopes.jor.br\\\/site\\\/#website\"},\"primaryImageOfPage\":{\"@id\":\"https:\\\/\\\/marcelolopes.jor.br\\\/site\\\/2021\\\/11\\\/08\\\/prefeitura-de-vicosa-faz-primeira-entrega-de-uniformes-confeccionados-pelo-presidio\\\/#primaryimage\"},\"image\":{\"@id\":\"https:\\\/\\\/marcelolopes.jor.br\\\/site\\\/2021\\\/11\\\/08\\\/prefeitura-de-vicosa-faz-primeira-entrega-de-uniformes-confeccionados-pelo-presidio\\\/#primaryimage\"},\"thumbnailUrl\":\"https:\\\/\\\/marcelolopes.jor.br\\\/site\\\/wp-content\\\/uploads\\\/2021\\\/11\\\/AC76ADBE-ABBE-0B1E-1ACD-BEDE3BEAB540.jpeg\",\"datePublished\":\"2021-11-08T10:00:21+00:00\",\"breadcrumb\":{\"@id\":\"https:\\\/\\\/marcelolopes.jor.br\\\/site\\\/2021\\\/11\\\/08\\\/prefeitura-de-vicosa-faz-primeira-entrega-de-uniformes-confeccionados-pelo-presidio\\\/#breadcrumb\"},\"inLanguage\":\"pt-BR\",\"potentialAction\":[{\"@type\":\"ReadAction\",\"target\":[\"https:\\\/\\\/marcelolopes.jor.br\\\/site\\\/2021\\\/11\\\/08\\\/prefeitura-de-vicosa-faz-primeira-entrega-de-uniformes-confeccionados-pelo-presidio\\\/\"]}]},{\"@type\":\"ImageObject\",\"inLanguage\":\"pt-BR\",\"@id\":\"https:\\\/\\\/marcelolopes.jor.br\\\/site\\\/2021\\\/11\\\/08\\\/prefeitura-de-vicosa-faz-primeira-entrega-de-uniformes-confeccionados-pelo-presidio\\\/#primaryimage\",\"url\":\"https:\\\/\\\/marcelolopes.jor.br\\\/site\\\/wp-content\\\/uploads\\\/2021\\\/11\\\/AC76ADBE-ABBE-0B1E-1ACD-BEDE3BEAB540.jpeg\",\"contentUrl\":\"https:\\\/\\\/marcelolopes.jor.br\\\/site\\\/wp-content\\\/uploads\\\/2021\\\/11\\\/AC76ADBE-ABBE-0B1E-1ACD-BEDE3BEAB540.jpeg\",\"width\":1600,\"height\":1200},{\"@type\":\"BreadcrumbList\",\"@id\":\"https:\\\/\\\/marcelolopes.jor.br\\\/site\\\/2021\\\/11\\\/08\\\/prefeitura-de-vicosa-faz-primeira-entrega-de-uniformes-confeccionados-pelo-presidio\\\/#breadcrumb\",\"itemListElement\":[{\"@type\":\"ListItem\",\"position\":1,\"name\":\"Home\",\"item\":\"https:\\\/\\\/marcelolopes.jor.br\\\/site\\\/\"},{\"@type\":\"ListItem\",\"position\":2,\"name\":\"Prefeitura de Vi\u00e7osa faz primeira entrega de uniformes confeccionados pelo pres\u00eddio\"}]},{\"@type\":\"WebSite\",\"@id\":\"https:\\\/\\\/marcelolopes.jor.br\\\/site\\\/#website\",\"url\":\"https:\\\/\\\/marcelolopes.jor.br\\\/site\\\/\",\"name\":\"Marcelo Lopes\",\"description\":\"Not\u00edcias de Cataguases e Regi\u00e3o\",\"publisher\":{\"@id\":\"https:\\\/\\\/marcelolopes.jor.br\\\/site\\\/#organization\"},\"potentialAction\":[{\"@type\":\"SearchAction\",\"target\":{\"@type\":\"EntryPoint\",\"urlTemplate\":\"https:\\\/\\\/marcelolopes.jor.br\\\/site\\\/?s={search_term_string}\"},\"query-input\":{\"@type\":\"PropertyValueSpecification\",\"valueRequired\":true,\"valueName\":\"search_term_string\"}}],\"inLanguage\":\"pt-BR\"},{\"@type\":\"Organization\",\"@id\":\"https:\\\/\\\/marcelolopes.jor.br\\\/site\\\/#organization\",\"name\":\"Site do Marcelo Lopes\",\"url\":\"https:\\\/\\\/marcelolopes.jor.br\\\/site\\\/\",\"logo\":{\"@type\":\"ImageObject\",\"inLanguage\":\"pt-BR\",\"@id\":\"https:\\\/\\\/marcelolopes.jor.br\\\/site\\\/#\\\/schema\\\/logo\\\/image\\\/\",\"url\":\"https:\\\/\\\/marcelolopes.jor.br\\\/site\\\/wp-content\\\/uploads\\\/2024\\\/11\\\/logo-1.png\",\"contentUrl\":\"https:\\\/\\\/marcelolopes.jor.br\\\/site\\\/wp-content\\\/uploads\\\/2024\\\/11\\\/logo-1.png\",\"width\":475,\"height\":80,\"caption\":\"Site do Marcelo Lopes\"},\"image\":{\"@id\":\"https:\\\/\\\/marcelolopes.jor.br\\\/site\\\/#\\\/schema\\\/logo\\\/image\\\/\"},\"sameAs\":[\"https:\\\/\\\/www.facebook.com\\\/sitedomarcelolopes\",\"https:\\\/\\\/www.instagram.com\\\/sitedomarcelolopes\\\/\",\"https:\\\/\\\/www.linkedin.com\\\/company\\\/site-do-marcelo-lopes\\\/\",\"https:\\\/\\\/www.youtube.com\\\/user\\\/marcelolopes957\"]},{\"@type\":\"Person\",\"@id\":\"https:\\\/\\\/marcelolopes.jor.br\\\/site\\\/#\\\/schema\\\/person\\\/3e7216a35c34d8fdf952b31da3d1f89f\",\"name\":\"Marcelo Lopes\",\"sameAs\":[\"http:\\\/\\\/www.marcelolopes.jor.br\"],\"url\":\"https:\\\/\\\/marcelolopes.jor.br\\\/site\\\/author\\\/marcelo\\\/\"}]}<\/script>\n<!-- \/ Yoast SEO plugin. -->","yoast_head_json":{"title":"Prefeitura de Vi\u00e7osa faz primeira entrega de uniformes confeccionados pelo pres\u00eddio | Marcelo Lopes","robots":{"index":"index","follow":"follow","max-snippet":"max-snippet:-1","max-image-preview":"max-image-preview:large","max-video-preview":"max-video-preview:-1"},"canonical":"https:\/\/marcelolopes.jor.br\/site\/2021\/11\/08\/prefeitura-de-vicosa-faz-primeira-entrega-de-uniformes-confeccionados-pelo-presidio\/","og_locale":"pt_BR","og_type":"article","og_title":"Prefeitura de Vi\u00e7osa faz primeira entrega de uniformes confeccionados pelo pres\u00eddio | Marcelo Lopes","og_description":"A Prefeitura de Vi\u00e7osa entregou na \u00faltima sexta-feira, 5 de novembro, uniformes aos alunos da Escola Municipal Jos\u00e9 Teot\u00f4nio Pacheco, situada em Posses de Nova Vi\u00e7osa. A iniciativa \u00e9 resultado de um projeto desenvolvido naquele munic\u00edpio em parceria com aLeia mais Prefeitura de Vi\u00e7osa faz primeira entrega de uniformes confeccionados pelo pres\u00eddio","og_url":"https:\/\/marcelolopes.jor.br\/site\/2021\/11\/08\/prefeitura-de-vicosa-faz-primeira-entrega-de-uniformes-confeccionados-pelo-presidio\/","og_site_name":"Marcelo Lopes","article_publisher":"https:\/\/www.facebook.com\/sitedomarcelolopes","article_published_time":"2021-11-08T10:00:21+00:00","og_image":[{"width":1600,"height":1200,"url":"https:\/\/marcelolopes.jor.br\/site\/wp-content\/uploads\/2021\/11\/AC76ADBE-ABBE-0B1E-1ACD-BEDE3BEAB540.jpeg","type":"image\/jpeg"}],"author":"Marcelo Lopes","twitter_card":"summary_large_image","twitter_misc":{"Escrito por":"Marcelo Lopes","Est. tempo de leitura":"1 minuto"},"schema":{"@context":"https:\/\/schema.org","@graph":[{"@type":"NewsArticle","@id":"https:\/\/marcelolopes.jor.br\/site\/2021\/11\/08\/prefeitura-de-vicosa-faz-primeira-entrega-de-uniformes-confeccionados-pelo-presidio\/#article","isPartOf":{"@id":"https:\/\/marcelolopes.jor.br\/site\/2021\/11\/08\/prefeitura-de-vicosa-faz-primeira-entrega-de-uniformes-confeccionados-pelo-presidio\/"},"author":{"name":"Marcelo Lopes","@id":"https:\/\/marcelolopes.jor.br\/site\/#\/schema\/person\/3e7216a35c34d8fdf952b31da3d1f89f"},"headline":"Prefeitura de Vi\u00e7osa faz primeira entrega de uniformes confeccionados pelo pres\u00eddio","datePublished":"2021-11-08T10:00:21+00:00","mainEntityOfPage":{"@id":"https:\/\/marcelolopes.jor.br\/site\/2021\/11\/08\/prefeitura-de-vicosa-faz-primeira-entrega-de-uniformes-confeccionados-pelo-presidio\/"},"wordCount":220,"commentCount":0,"publisher":{"@id":"https:\/\/marcelolopes.jor.br\/site\/#organization"},"image":{"@id":"https:\/\/marcelolopes.jor.br\/site\/2021\/11\/08\/prefeitura-de-vicosa-faz-primeira-entrega-de-uniformes-confeccionados-pelo-presidio\/#primaryimage"},"thumbnailUrl":"https:\/\/marcelolopes.jor.br\/site\/wp-content\/uploads\/2021\/11\/AC76ADBE-ABBE-0B1E-1ACD-BEDE3BEAB540.jpeg","keywords":["corte e costura","prefeitura de Vi\u00e7osa","pres\u00eddio de Vi\u00e7osa","uniforme escolar"],"articleSection":["Not\u00edcias"],"inLanguage":"pt-BR","potentialAction":[{"@type":"CommentAction","name":"Comment","target":["https:\/\/marcelolopes.jor.br\/site\/2021\/11\/08\/prefeitura-de-vicosa-faz-primeira-entrega-de-uniformes-confeccionados-pelo-presidio\/#respond"]}]},{"@type":"WebPage","@id":"https:\/\/marcelolopes.jor.br\/site\/2021\/11\/08\/prefeitura-de-vicosa-faz-primeira-entrega-de-uniformes-confeccionados-pelo-presidio\/","url":"https:\/\/marcelolopes.jor.br\/site\/2021\/11\/08\/prefeitura-de-vicosa-faz-primeira-entrega-de-uniformes-confeccionados-pelo-presidio\/","name":"Prefeitura de Vi\u00e7osa faz primeira entrega de uniformes confeccionados pelo pres\u00eddio | Marcelo Lopes","isPartOf":{"@id":"https:\/\/marcelolopes.jor.br\/site\/#website"},"primaryImageOfPage":{"@id":"https:\/\/marcelolopes.jor.br\/site\/2021\/11\/08\/prefeitura-de-vicosa-faz-primeira-entrega-de-uniformes-confeccionados-pelo-presidio\/#primaryimage"},"image":{"@id":"https:\/\/marcelolopes.jor.br\/site\/2021\/11\/08\/prefeitura-de-vicosa-faz-primeira-entrega-de-uniformes-confeccionados-pelo-presidio\/#primaryimage"},"thumbnailUrl":"https:\/\/marcelolopes.jor.br\/site\/wp-content\/uploads\/2021\/11\/AC76ADBE-ABBE-0B1E-1ACD-BEDE3BEAB540.jpeg","datePublished":"2021-11-08T10:00:21+00:00","breadcrumb":{"@id":"https:\/\/marcelolopes.jor.br\/site\/2021\/11\/08\/prefeitura-de-vicosa-faz-primeira-entrega-de-uniformes-confeccionados-pelo-presidio\/#breadcrumb"},"inLanguage":"pt-BR","potentialAction":[{"@type":"ReadAction","target":["https:\/\/marcelolopes.jor.br\/site\/2021\/11\/08\/prefeitura-de-vicosa-faz-primeira-entrega-de-uniformes-confeccionados-pelo-presidio\/"]}]},{"@type":"ImageObject","inLanguage":"pt-BR","@id":"https:\/\/marcelolopes.jor.br\/site\/2021\/11\/08\/prefeitura-de-vicosa-faz-primeira-entrega-de-uniformes-confeccionados-pelo-presidio\/#primaryimage","url":"https:\/\/marcelolopes.jor.br\/site\/wp-content\/uploads\/2021\/11\/AC76ADBE-ABBE-0B1E-1ACD-BEDE3BEAB540.jpeg","contentUrl":"https:\/\/marcelolopes.jor.br\/site\/wp-content\/uploads\/2021\/11\/AC76ADBE-ABBE-0B1E-1ACD-BEDE3BEAB540.jpeg","width":1600,"height":1200},{"@type":"BreadcrumbList","@id":"https:\/\/marcelolopes.jor.br\/site\/2021\/11\/08\/prefeitura-de-vicosa-faz-primeira-entrega-de-uniformes-confeccionados-pelo-presidio\/#breadcrumb","itemListElement":[{"@type":"ListItem","position":1,"name":"Home","item":"https:\/\/marcelolopes.jor.br\/site\/"},{"@type":"ListItem","position":2,"name":"Prefeitura de Vi\u00e7osa faz primeira entrega de uniformes confeccionados pelo pres\u00eddio"}]},{"@type":"WebSite","@id":"https:\/\/marcelolopes.jor.br\/site\/#website","url":"https:\/\/marcelolopes.jor.br\/site\/","name":"Marcelo Lopes","description":"Not\u00edcias de Cataguases e Regi\u00e3o","publisher":{"@id":"https:\/\/marcelolopes.jor.br\/site\/#organization"},"potentialAction":[{"@type":"SearchAction","target":{"@type":"EntryPoint","urlTemplate":"https:\/\/marcelolopes.jor.br\/site\/?s={search_term_string}"},"query-input":{"@type":"PropertyValueSpecification","valueRequired":true,"valueName":"search_term_string"}}],"inLanguage":"pt-BR"},{"@type":"Organization","@id":"https:\/\/marcelolopes.jor.br\/site\/#organization","name":"Site do Marcelo Lopes","url":"https:\/\/marcelolopes.jor.br\/site\/","logo":{"@type":"ImageObject","inLanguage":"pt-BR","@id":"https:\/\/marcelolopes.jor.br\/site\/#\/schema\/logo\/image\/","url":"https:\/\/marcelolopes.jor.br\/site\/wp-content\/uploads\/2024\/11\/logo-1.png","contentUrl":"https:\/\/marcelolopes.jor.br\/site\/wp-content\/uploads\/2024\/11\/logo-1.png","width":475,"height":80,"caption":"Site do Marcelo Lopes"},"image":{"@id":"https:\/\/marcelolopes.jor.br\/site\/#\/schema\/logo\/image\/"},"sameAs":["https:\/\/www.facebook.com\/sitedomarcelolopes","https:\/\/www.instagram.com\/sitedomarcelolopes\/","https:\/\/www.linkedin.com\/company\/site-do-marcelo-lopes\/","https:\/\/www.youtube.com\/user\/marcelolopes957"]},{"@type":"Person","@id":"https:\/\/marcelolopes.jor.br\/site\/#\/schema\/person\/3e7216a35c34d8fdf952b31da3d1f89f","name":"Marcelo Lopes","sameAs":["http:\/\/www.marcelolopes.jor.br"],"url":"https:\/\/marcelolopes.jor.br\/site\/author\/marcelo\/"}]}},"wps_subtitle":"Iniciativa \u00e9 fruto de uma parceria do munic\u00edpio com a dire\u00e7\u00e3o do pres\u00eddio.","_links":{"self":[{"href":"https:\/\/marcelolopes.jor.br\/site\/wp-json\/wp\/v2\/posts\/28265","targetHints":{"allow":["GET"]}}],"collection":[{"href":"https:\/\/marcelolopes.jor.br\/site\/wp-json\/wp\/v2\/posts"}],"about":[{"href":"https:\/\/marcelolopes.jor.br\/site\/wp-json\/wp\/v2\/types\/post"}],"author":[{"embeddable":true,"href":"https:\/\/marcelolopes.jor.br\/site\/wp-json\/wp\/v2\/users\/2"}],"replies":[{"embeddable":true,"href":"https:\/\/marcelolopes.jor.br\/site\/wp-json\/wp\/v2\/comments?post=28265"}],"version-history":[{"count":0,"href":"https:\/\/marcelolopes.jor.br\/site\/wp-json\/wp\/v2\/posts\/28265\/revisions"}],"wp:featuredmedia":[{"embeddable":true,"href":"https:\/\/marcelolopes.jor.br\/site\/wp-json\/wp\/v2\/media\/28268"}],"wp:attachment":[{"href":"https:\/\/marcelolopes.jor.br\/site\/wp-json\/wp\/v2\/media?parent=28265"}],"wp:term":[{"taxonomy":"category","embeddable":true,"href":"https:\/\/marcelolopes.jor.br\/site\/wp-json\/wp\/v2\/categories?post=28265"},{"taxonomy":"post_tag","embeddable":true,"href":"https:\/\/marcelolopes.jor.br\/site\/wp-json\/wp\/v2\/tags?post=28265"}],"curies":[{"name":"wp","href":"https:\/\/api.w.org\/{rel}","templated":true}]}}