{"id":28261,"date":"2021-11-07T19:00:11","date_gmt":"2021-11-07T22:00:11","guid":{"rendered":"https:\/\/marcelolopes.jor.br\/?p=28261"},"modified":"2022-10-12T11:51:28","modified_gmt":"2022-10-12T14:51:28","slug":"conheca-o-auxilio-brasil-que-vai-substituir-o-bolsa-familia","status":"publish","type":"post","link":"https:\/\/marcelolopes.jor.br\/site\/2021\/11\/07\/conheca-o-auxilio-brasil-que-vai-substituir-o-bolsa-familia\/","title":{"rendered":"Conhe\u00e7a o Aux\u00edlio Brasil que vai substituir o Bolsa Fam\u00edlia"},"content":{"rendered":"<p style=\"text-align: justify;\">O Cadastro \u00danico (Cad\u00danico) \u00e9 o principal instrumento do governo para a inclus\u00e3o de fam\u00edlias de baixa renda em programas federais como Tarifa Social de Energia El\u00e9trica e Benef\u00edcio de Presta\u00e7\u00e3o Continuada (BPC), al\u00e9m de dar direito ao Aux\u00edlio Emergencial e, futuramente, ao Aux\u00edlio Brasil \u2013 novo programa social do governo do presidente Jair Bolsonaro que ir\u00e1 substituir o Bolsa Fam\u00edlia.<!--more--><\/p>\n<p style=\"text-align: justify;\">Estar no <a href=\"https:\/\/cadunico.dataprev.gov.br\/#\/\"><strong><span style=\"color: #800000;\">Cadastro \u00danico<\/span><\/strong><\/a>, por\u00e9m, n\u00e3o significa a entrada autom\u00e1tica nesses programas, pois cada um deles tem suas regras espec\u00edficas. Mas \u00e9 pr\u00e9-requisito para que a inscri\u00e7\u00e3o seja avaliada. Em Cataguases, 98% das pessoas que recebem o Benef\u00edcio de Presta\u00e7\u00e3o Continuada (BPC), tiveram seus dados atualizados no Cadastro \u00danico, conforme boletim do governo de Minas Gerais.<\/p>\n<p style=\"text-align: justify;\">O Aux\u00edlio Brasil, novo programa social permanente do Governo Federal, que substitui o Bolsa Fam\u00edlia, vai come\u00e7ar a fazer os pagamentos \u00e0 popula\u00e7\u00e3o nele cadastrada no dia 17 de novembro. A estimativa \u00e9 que cerca de 14,6 milh\u00f5es de fam\u00edlias recebam o benef\u00edcio. Todas as pessoas j\u00e1 cadastradas receber\u00e3o o benef\u00edcio automaticamente, seguindo o calend\u00e1rio habitual do programa anterior, o Bolsa Fam\u00edlia. N\u00e3o h\u00e1 necessidade de recadastramento.<\/p>\n<p style=\"text-align: justify;\">O valor m\u00e9dio do novo programa social ser\u00e1 corrigido em 17,84% j\u00e1 neste m\u00eas de novembro. Em dezembro, caso seja aprovada a PEC dos precat\u00f3rios, o Governo Federal pagar\u00e1 um complemento que garantir\u00e1 a cada fam\u00edlia, at\u00e9 dezembro de 2022, o recebimento de pelo menos R$ 400 mensais. Quem j\u00e1 est\u00e1 na folha de pagamento de novembro do Aux\u00edlio Brasil receber\u00e1 o novo valor de forma retroativa.<\/p>\n<p>Fonte: Minist\u00e9rio da Cidadania | Foto: Ag\u00eancia Brasil<\/p>\n<div class=\"gdzat69f5ce34acd70\" ><br><\/div><style type=\"text\/css\">\r\n@media screen and (min-width: 1201px) {\r\n.gdzat69f5ce34acd70 {\r\ndisplay: block;\r\n}\r\n}\r\n@media screen and (min-width: 993px) and (max-width: 1200px) {\r\n.gdzat69f5ce34acd70 {\r\ndisplay: block;\r\n}\r\n}\r\n@media screen and (min-width: 769px) and (max-width: 992px) {\r\n.gdzat69f5ce34acd70 {\r\ndisplay: block;\r\n}\r\n}\r\n@media screen and (min-width: 768px) and (max-width: 768px) {\r\n.gdzat69f5ce34acd70 {\r\ndisplay: block;\r\n}\r\n}\r\n@media screen and (max-width: 767px) {\r\n.gdzat69f5ce34acd70 {\r\ndisplay: block;\r\n}\r\n}\r\n<\/style>\r\n<div class=\"prykc69f5ce34b266c\" ><div id=\"div_destino\"><\/div>\r\n<script src=\"https:\/\/cdn.snsrsv.com\/sdk.js\"><\/script>\r\n<script >\r\n      new sdk(\"464030C30061EA8BE065000000000001\") \r\n          .appendTo(\"div_destino\")\r\n          .disableStyle(true) \r\n          .setCacheBusterMacro(\"%%CACHEBUSTER%%\")\r\n          .setSize(\"800\",\"214\")\r\n          .setClickMacro(\"%%CLICK_URL_ESC%%\") \r\n          .setReferrerUrlMacro(\"%%REFERRER_URL_ESC%%\") \r\n          .start(); \r\n<\/script><\/div><style type=\"text\/css\">\r\n@media screen and (min-width: 1201px) {\r\n.prykc69f5ce34b266c {\r\ndisplay: block;\r\n}\r\n}\r\n@media screen and (min-width: 993px) and (max-width: 1200px) {\r\n.prykc69f5ce34b266c {\r\ndisplay: block;\r\n}\r\n}\r\n@media screen and (min-width: 769px) and (max-width: 992px) {\r\n.prykc69f5ce34b266c {\r\ndisplay: block;\r\n}\r\n}\r\n@media screen and (min-width: 768px) and (max-width: 768px) {\r\n.prykc69f5ce34b266c {\r\ndisplay: block;\r\n}\r\n}\r\n@media screen and (max-width: 767px) {\r\n.prykc69f5ce34b266c {\r\ndisplay: block;\r\n}\r\n}\r\n<\/style>\r\n","protected":false},"excerpt":{"rendered":"<p>O Cadastro \u00danico (Cad\u00danico) \u00e9 o principal instrumento do governo para a inclus\u00e3o de fam\u00edlias de baixa renda em programas federais como Tarifa Social de Energia El\u00e9trica e Benef\u00edcio de Presta\u00e7\u00e3o Continuada (BPC), al\u00e9m de dar direito ao Aux\u00edlio Emergencial<\/p>\n<p class=\"link-more\"><a class=\"more-link\" href=\"https:\/\/marcelolopes.jor.br\/site\/2021\/11\/07\/conheca-o-auxilio-brasil-que-vai-substituir-o-bolsa-familia\/\">Leia mais <span class=\"screen-reader-text\">Conhe\u00e7a o Aux\u00edlio Brasil que vai substituir o Bolsa Fam\u00edlia<\/span><\/a><\/p>\n","protected":false},"author":2,"featured_media":28263,"comment_status":"open","ping_status":"open","sticky":false,"template":"","format":"standard","meta":{"footnotes":""},"categories":[1],"tags":[4989,1896,3849,1973],"class_list":["post-28261","post","type-post","status-publish","format-standard","has-post-thumbnail","hentry","category-noticias","tag-auxilio-brasil","tag-bpc-loas","tag-cadastro-unico","tag-programa-social","thumb-below-title"],"yoast_head":"<!-- This site is optimized with the Yoast SEO plugin v27.4 - https:\/\/yoast.com\/product\/yoast-seo-wordpress\/ -->\n<title>Conhe\u00e7a o Aux\u00edlio Brasil que vai substituir o Bolsa Fam\u00edlia<\/title>\n<meta name=\"description\" content=\"Conhe\u00e7a o Aux\u00edlio Brasil que vai substituir o Bolsa Fam\u00edlia. Programa vai pagar R$ 400 aos cadastrados a partir de 17 de novembro.\" \/>\n<meta name=\"robots\" content=\"index, follow, max-snippet:-1, max-image-preview:large, max-video-preview:-1\" \/>\n<link rel=\"canonical\" href=\"https:\/\/marcelolopes.jor.br\/site\/2021\/11\/07\/conheca-o-auxilio-brasil-que-vai-substituir-o-bolsa-familia\/\" \/>\n<meta property=\"og:locale\" content=\"pt_BR\" \/>\n<meta property=\"og:type\" content=\"article\" \/>\n<meta property=\"og:title\" content=\"Conhe\u00e7a o Aux\u00edlio Brasil que vai substituir o Bolsa Fam\u00edlia\" \/>\n<meta property=\"og:description\" content=\"Conhe\u00e7a o Aux\u00edlio Brasil que vai substituir o Bolsa Fam\u00edlia. Programa vai pagar R$ 400 aos cadastrados a partir de 17 de novembro.\" \/>\n<meta property=\"og:url\" content=\"https:\/\/marcelolopes.jor.br\/site\/2021\/11\/07\/conheca-o-auxilio-brasil-que-vai-substituir-o-bolsa-familia\/\" \/>\n<meta property=\"og:site_name\" content=\"Marcelo Lopes\" \/>\n<meta property=\"article:publisher\" content=\"https:\/\/www.facebook.com\/sitedomarcelolopes\" \/>\n<meta property=\"article:published_time\" content=\"2021-11-07T22:00:11+00:00\" \/>\n<meta property=\"article:modified_time\" content=\"2022-10-12T14:51:28+00:00\" \/>\n<meta property=\"og:image\" content=\"https:\/\/marcelolopes.jor.br\/site\/wp-content\/uploads\/2021\/11\/auxilio-brasil-24102021165352934.jpeg\" \/>\n\t<meta property=\"og:image:width\" content=\"771\" \/>\n\t<meta property=\"og:image:height\" content=\"420\" \/>\n\t<meta property=\"og:image:type\" content=\"image\/jpeg\" \/>\n<meta name=\"author\" content=\"Marcelo Lopes\" \/>\n<meta name=\"twitter:card\" content=\"summary_large_image\" \/>\n<meta name=\"twitter:label1\" content=\"Escrito por\" \/>\n\t<meta name=\"twitter:data1\" content=\"Marcelo Lopes\" \/>\n\t<meta name=\"twitter:label2\" content=\"Est. tempo de leitura\" \/>\n\t<meta name=\"twitter:data2\" content=\"1 minuto\" \/>\n<script type=\"application\/ld+json\" class=\"yoast-schema-graph\">{\"@context\":\"https:\\\/\\\/schema.org\",\"@graph\":[{\"@type\":\"NewsArticle\",\"@id\":\"https:\\\/\\\/marcelolopes.jor.br\\\/site\\\/2021\\\/11\\\/07\\\/conheca-o-auxilio-brasil-que-vai-substituir-o-bolsa-familia\\\/#article\",\"isPartOf\":{\"@id\":\"https:\\\/\\\/marcelolopes.jor.br\\\/site\\\/2021\\\/11\\\/07\\\/conheca-o-auxilio-brasil-que-vai-substituir-o-bolsa-familia\\\/\"},\"author\":{\"name\":\"Marcelo Lopes\",\"@id\":\"https:\\\/\\\/marcelolopes.jor.br\\\/site\\\/#\\\/schema\\\/person\\\/3e7216a35c34d8fdf952b31da3d1f89f\"},\"headline\":\"Conhe\u00e7a o Aux\u00edlio Brasil que vai substituir o Bolsa Fam\u00edlia\",\"datePublished\":\"2021-11-07T22:00:11+00:00\",\"dateModified\":\"2022-10-12T14:51:28+00:00\",\"mainEntityOfPage\":{\"@id\":\"https:\\\/\\\/marcelolopes.jor.br\\\/site\\\/2021\\\/11\\\/07\\\/conheca-o-auxilio-brasil-que-vai-substituir-o-bolsa-familia\\\/\"},\"wordCount\":297,\"commentCount\":0,\"publisher\":{\"@id\":\"https:\\\/\\\/marcelolopes.jor.br\\\/site\\\/#organization\"},\"image\":{\"@id\":\"https:\\\/\\\/marcelolopes.jor.br\\\/site\\\/2021\\\/11\\\/07\\\/conheca-o-auxilio-brasil-que-vai-substituir-o-bolsa-familia\\\/#primaryimage\"},\"thumbnailUrl\":\"https:\\\/\\\/marcelolopes.jor.br\\\/site\\\/wp-content\\\/uploads\\\/2021\\\/11\\\/auxilio-brasil-24102021165352934.jpeg\",\"keywords\":[\"Aux\u00edlio Brasil\",\"BPC\\\/Loas\",\"cadastro \u00fanico\",\"programa social\"],\"articleSection\":[\"Not\u00edcias\"],\"inLanguage\":\"pt-BR\",\"potentialAction\":[{\"@type\":\"CommentAction\",\"name\":\"Comment\",\"target\":[\"https:\\\/\\\/marcelolopes.jor.br\\\/site\\\/2021\\\/11\\\/07\\\/conheca-o-auxilio-brasil-que-vai-substituir-o-bolsa-familia\\\/#respond\"]}]},{\"@type\":\"WebPage\",\"@id\":\"https:\\\/\\\/marcelolopes.jor.br\\\/site\\\/2021\\\/11\\\/07\\\/conheca-o-auxilio-brasil-que-vai-substituir-o-bolsa-familia\\\/\",\"url\":\"https:\\\/\\\/marcelolopes.jor.br\\\/site\\\/2021\\\/11\\\/07\\\/conheca-o-auxilio-brasil-que-vai-substituir-o-bolsa-familia\\\/\",\"name\":\"Conhe\u00e7a o Aux\u00edlio Brasil que vai substituir o Bolsa Fam\u00edlia\",\"isPartOf\":{\"@id\":\"https:\\\/\\\/marcelolopes.jor.br\\\/site\\\/#website\"},\"primaryImageOfPage\":{\"@id\":\"https:\\\/\\\/marcelolopes.jor.br\\\/site\\\/2021\\\/11\\\/07\\\/conheca-o-auxilio-brasil-que-vai-substituir-o-bolsa-familia\\\/#primaryimage\"},\"image\":{\"@id\":\"https:\\\/\\\/marcelolopes.jor.br\\\/site\\\/2021\\\/11\\\/07\\\/conheca-o-auxilio-brasil-que-vai-substituir-o-bolsa-familia\\\/#primaryimage\"},\"thumbnailUrl\":\"https:\\\/\\\/marcelolopes.jor.br\\\/site\\\/wp-content\\\/uploads\\\/2021\\\/11\\\/auxilio-brasil-24102021165352934.jpeg\",\"datePublished\":\"2021-11-07T22:00:11+00:00\",\"dateModified\":\"2022-10-12T14:51:28+00:00\",\"description\":\"Conhe\u00e7a o Aux\u00edlio Brasil que vai substituir o Bolsa Fam\u00edlia. Programa vai pagar R$ 400 aos cadastrados a partir de 17 de novembro.\",\"breadcrumb\":{\"@id\":\"https:\\\/\\\/marcelolopes.jor.br\\\/site\\\/2021\\\/11\\\/07\\\/conheca-o-auxilio-brasil-que-vai-substituir-o-bolsa-familia\\\/#breadcrumb\"},\"inLanguage\":\"pt-BR\",\"potentialAction\":[{\"@type\":\"ReadAction\",\"target\":[\"https:\\\/\\\/marcelolopes.jor.br\\\/site\\\/2021\\\/11\\\/07\\\/conheca-o-auxilio-brasil-que-vai-substituir-o-bolsa-familia\\\/\"]}]},{\"@type\":\"ImageObject\",\"inLanguage\":\"pt-BR\",\"@id\":\"https:\\\/\\\/marcelolopes.jor.br\\\/site\\\/2021\\\/11\\\/07\\\/conheca-o-auxilio-brasil-que-vai-substituir-o-bolsa-familia\\\/#primaryimage\",\"url\":\"https:\\\/\\\/marcelolopes.jor.br\\\/site\\\/wp-content\\\/uploads\\\/2021\\\/11\\\/auxilio-brasil-24102021165352934.jpeg\",\"contentUrl\":\"https:\\\/\\\/marcelolopes.jor.br\\\/site\\\/wp-content\\\/uploads\\\/2021\\\/11\\\/auxilio-brasil-24102021165352934.jpeg\",\"width\":771,\"height\":420,\"caption\":\"Conhe\u00e7a o Aux\u00edlio Brasil\"},{\"@type\":\"BreadcrumbList\",\"@id\":\"https:\\\/\\\/marcelolopes.jor.br\\\/site\\\/2021\\\/11\\\/07\\\/conheca-o-auxilio-brasil-que-vai-substituir-o-bolsa-familia\\\/#breadcrumb\",\"itemListElement\":[{\"@type\":\"ListItem\",\"position\":1,\"name\":\"Home\",\"item\":\"https:\\\/\\\/marcelolopes.jor.br\\\/site\\\/\"},{\"@type\":\"ListItem\",\"position\":2,\"name\":\"Conhe\u00e7a o Aux\u00edlio Brasil que vai substituir o Bolsa Fam\u00edlia\"}]},{\"@type\":\"WebSite\",\"@id\":\"https:\\\/\\\/marcelolopes.jor.br\\\/site\\\/#website\",\"url\":\"https:\\\/\\\/marcelolopes.jor.br\\\/site\\\/\",\"name\":\"Marcelo Lopes\",\"description\":\"Not\u00edcias de Cataguases e Regi\u00e3o\",\"publisher\":{\"@id\":\"https:\\\/\\\/marcelolopes.jor.br\\\/site\\\/#organization\"},\"potentialAction\":[{\"@type\":\"SearchAction\",\"target\":{\"@type\":\"EntryPoint\",\"urlTemplate\":\"https:\\\/\\\/marcelolopes.jor.br\\\/site\\\/?s={search_term_string}\"},\"query-input\":{\"@type\":\"PropertyValueSpecification\",\"valueRequired\":true,\"valueName\":\"search_term_string\"}}],\"inLanguage\":\"pt-BR\"},{\"@type\":\"Organization\",\"@id\":\"https:\\\/\\\/marcelolopes.jor.br\\\/site\\\/#organization\",\"name\":\"Site do Marcelo Lopes\",\"url\":\"https:\\\/\\\/marcelolopes.jor.br\\\/site\\\/\",\"logo\":{\"@type\":\"ImageObject\",\"inLanguage\":\"pt-BR\",\"@id\":\"https:\\\/\\\/marcelolopes.jor.br\\\/site\\\/#\\\/schema\\\/logo\\\/image\\\/\",\"url\":\"https:\\\/\\\/marcelolopes.jor.br\\\/site\\\/wp-content\\\/uploads\\\/2024\\\/11\\\/logo-1.png\",\"contentUrl\":\"https:\\\/\\\/marcelolopes.jor.br\\\/site\\\/wp-content\\\/uploads\\\/2024\\\/11\\\/logo-1.png\",\"width\":475,\"height\":80,\"caption\":\"Site do Marcelo Lopes\"},\"image\":{\"@id\":\"https:\\\/\\\/marcelolopes.jor.br\\\/site\\\/#\\\/schema\\\/logo\\\/image\\\/\"},\"sameAs\":[\"https:\\\/\\\/www.facebook.com\\\/sitedomarcelolopes\",\"https:\\\/\\\/www.instagram.com\\\/sitedomarcelolopes\\\/\",\"https:\\\/\\\/www.linkedin.com\\\/company\\\/site-do-marcelo-lopes\\\/\",\"https:\\\/\\\/www.youtube.com\\\/user\\\/marcelolopes957\"]},{\"@type\":\"Person\",\"@id\":\"https:\\\/\\\/marcelolopes.jor.br\\\/site\\\/#\\\/schema\\\/person\\\/3e7216a35c34d8fdf952b31da3d1f89f\",\"name\":\"Marcelo Lopes\",\"sameAs\":[\"http:\\\/\\\/www.marcelolopes.jor.br\"],\"url\":\"https:\\\/\\\/marcelolopes.jor.br\\\/site\\\/author\\\/marcelo\\\/\"}]}<\/script>\n<!-- \/ Yoast SEO plugin. -->","yoast_head_json":{"title":"Conhe\u00e7a o Aux\u00edlio Brasil que vai substituir o Bolsa Fam\u00edlia","description":"Conhe\u00e7a o Aux\u00edlio Brasil que vai substituir o Bolsa Fam\u00edlia. Programa vai pagar R$ 400 aos cadastrados a partir de 17 de novembro.","robots":{"index":"index","follow":"follow","max-snippet":"max-snippet:-1","max-image-preview":"max-image-preview:large","max-video-preview":"max-video-preview:-1"},"canonical":"https:\/\/marcelolopes.jor.br\/site\/2021\/11\/07\/conheca-o-auxilio-brasil-que-vai-substituir-o-bolsa-familia\/","og_locale":"pt_BR","og_type":"article","og_title":"Conhe\u00e7a o Aux\u00edlio Brasil que vai substituir o Bolsa Fam\u00edlia","og_description":"Conhe\u00e7a o Aux\u00edlio Brasil que vai substituir o Bolsa Fam\u00edlia. Programa vai pagar R$ 400 aos cadastrados a partir de 17 de novembro.","og_url":"https:\/\/marcelolopes.jor.br\/site\/2021\/11\/07\/conheca-o-auxilio-brasil-que-vai-substituir-o-bolsa-familia\/","og_site_name":"Marcelo Lopes","article_publisher":"https:\/\/www.facebook.com\/sitedomarcelolopes","article_published_time":"2021-11-07T22:00:11+00:00","article_modified_time":"2022-10-12T14:51:28+00:00","og_image":[{"width":771,"height":420,"url":"https:\/\/marcelolopes.jor.br\/site\/wp-content\/uploads\/2021\/11\/auxilio-brasil-24102021165352934.jpeg","type":"image\/jpeg"}],"author":"Marcelo Lopes","twitter_card":"summary_large_image","twitter_misc":{"Escrito por":"Marcelo Lopes","Est. tempo de leitura":"1 minuto"},"schema":{"@context":"https:\/\/schema.org","@graph":[{"@type":"NewsArticle","@id":"https:\/\/marcelolopes.jor.br\/site\/2021\/11\/07\/conheca-o-auxilio-brasil-que-vai-substituir-o-bolsa-familia\/#article","isPartOf":{"@id":"https:\/\/marcelolopes.jor.br\/site\/2021\/11\/07\/conheca-o-auxilio-brasil-que-vai-substituir-o-bolsa-familia\/"},"author":{"name":"Marcelo Lopes","@id":"https:\/\/marcelolopes.jor.br\/site\/#\/schema\/person\/3e7216a35c34d8fdf952b31da3d1f89f"},"headline":"Conhe\u00e7a o Aux\u00edlio Brasil que vai substituir o Bolsa Fam\u00edlia","datePublished":"2021-11-07T22:00:11+00:00","dateModified":"2022-10-12T14:51:28+00:00","mainEntityOfPage":{"@id":"https:\/\/marcelolopes.jor.br\/site\/2021\/11\/07\/conheca-o-auxilio-brasil-que-vai-substituir-o-bolsa-familia\/"},"wordCount":297,"commentCount":0,"publisher":{"@id":"https:\/\/marcelolopes.jor.br\/site\/#organization"},"image":{"@id":"https:\/\/marcelolopes.jor.br\/site\/2021\/11\/07\/conheca-o-auxilio-brasil-que-vai-substituir-o-bolsa-familia\/#primaryimage"},"thumbnailUrl":"https:\/\/marcelolopes.jor.br\/site\/wp-content\/uploads\/2021\/11\/auxilio-brasil-24102021165352934.jpeg","keywords":["Aux\u00edlio Brasil","BPC\/Loas","cadastro \u00fanico","programa social"],"articleSection":["Not\u00edcias"],"inLanguage":"pt-BR","potentialAction":[{"@type":"CommentAction","name":"Comment","target":["https:\/\/marcelolopes.jor.br\/site\/2021\/11\/07\/conheca-o-auxilio-brasil-que-vai-substituir-o-bolsa-familia\/#respond"]}]},{"@type":"WebPage","@id":"https:\/\/marcelolopes.jor.br\/site\/2021\/11\/07\/conheca-o-auxilio-brasil-que-vai-substituir-o-bolsa-familia\/","url":"https:\/\/marcelolopes.jor.br\/site\/2021\/11\/07\/conheca-o-auxilio-brasil-que-vai-substituir-o-bolsa-familia\/","name":"Conhe\u00e7a o Aux\u00edlio Brasil que vai substituir o Bolsa Fam\u00edlia","isPartOf":{"@id":"https:\/\/marcelolopes.jor.br\/site\/#website"},"primaryImageOfPage":{"@id":"https:\/\/marcelolopes.jor.br\/site\/2021\/11\/07\/conheca-o-auxilio-brasil-que-vai-substituir-o-bolsa-familia\/#primaryimage"},"image":{"@id":"https:\/\/marcelolopes.jor.br\/site\/2021\/11\/07\/conheca-o-auxilio-brasil-que-vai-substituir-o-bolsa-familia\/#primaryimage"},"thumbnailUrl":"https:\/\/marcelolopes.jor.br\/site\/wp-content\/uploads\/2021\/11\/auxilio-brasil-24102021165352934.jpeg","datePublished":"2021-11-07T22:00:11+00:00","dateModified":"2022-10-12T14:51:28+00:00","description":"Conhe\u00e7a o Aux\u00edlio Brasil que vai substituir o Bolsa Fam\u00edlia. Programa vai pagar R$ 400 aos cadastrados a partir de 17 de novembro.","breadcrumb":{"@id":"https:\/\/marcelolopes.jor.br\/site\/2021\/11\/07\/conheca-o-auxilio-brasil-que-vai-substituir-o-bolsa-familia\/#breadcrumb"},"inLanguage":"pt-BR","potentialAction":[{"@type":"ReadAction","target":["https:\/\/marcelolopes.jor.br\/site\/2021\/11\/07\/conheca-o-auxilio-brasil-que-vai-substituir-o-bolsa-familia\/"]}]},{"@type":"ImageObject","inLanguage":"pt-BR","@id":"https:\/\/marcelolopes.jor.br\/site\/2021\/11\/07\/conheca-o-auxilio-brasil-que-vai-substituir-o-bolsa-familia\/#primaryimage","url":"https:\/\/marcelolopes.jor.br\/site\/wp-content\/uploads\/2021\/11\/auxilio-brasil-24102021165352934.jpeg","contentUrl":"https:\/\/marcelolopes.jor.br\/site\/wp-content\/uploads\/2021\/11\/auxilio-brasil-24102021165352934.jpeg","width":771,"height":420,"caption":"Conhe\u00e7a o Aux\u00edlio Brasil"},{"@type":"BreadcrumbList","@id":"https:\/\/marcelolopes.jor.br\/site\/2021\/11\/07\/conheca-o-auxilio-brasil-que-vai-substituir-o-bolsa-familia\/#breadcrumb","itemListElement":[{"@type":"ListItem","position":1,"name":"Home","item":"https:\/\/marcelolopes.jor.br\/site\/"},{"@type":"ListItem","position":2,"name":"Conhe\u00e7a o Aux\u00edlio Brasil que vai substituir o Bolsa Fam\u00edlia"}]},{"@type":"WebSite","@id":"https:\/\/marcelolopes.jor.br\/site\/#website","url":"https:\/\/marcelolopes.jor.br\/site\/","name":"Marcelo Lopes","description":"Not\u00edcias de Cataguases e Regi\u00e3o","publisher":{"@id":"https:\/\/marcelolopes.jor.br\/site\/#organization"},"potentialAction":[{"@type":"SearchAction","target":{"@type":"EntryPoint","urlTemplate":"https:\/\/marcelolopes.jor.br\/site\/?s={search_term_string}"},"query-input":{"@type":"PropertyValueSpecification","valueRequired":true,"valueName":"search_term_string"}}],"inLanguage":"pt-BR"},{"@type":"Organization","@id":"https:\/\/marcelolopes.jor.br\/site\/#organization","name":"Site do Marcelo Lopes","url":"https:\/\/marcelolopes.jor.br\/site\/","logo":{"@type":"ImageObject","inLanguage":"pt-BR","@id":"https:\/\/marcelolopes.jor.br\/site\/#\/schema\/logo\/image\/","url":"https:\/\/marcelolopes.jor.br\/site\/wp-content\/uploads\/2024\/11\/logo-1.png","contentUrl":"https:\/\/marcelolopes.jor.br\/site\/wp-content\/uploads\/2024\/11\/logo-1.png","width":475,"height":80,"caption":"Site do Marcelo Lopes"},"image":{"@id":"https:\/\/marcelolopes.jor.br\/site\/#\/schema\/logo\/image\/"},"sameAs":["https:\/\/www.facebook.com\/sitedomarcelolopes","https:\/\/www.instagram.com\/sitedomarcelolopes\/","https:\/\/www.linkedin.com\/company\/site-do-marcelo-lopes\/","https:\/\/www.youtube.com\/user\/marcelolopes957"]},{"@type":"Person","@id":"https:\/\/marcelolopes.jor.br\/site\/#\/schema\/person\/3e7216a35c34d8fdf952b31da3d1f89f","name":"Marcelo Lopes","sameAs":["http:\/\/www.marcelolopes.jor.br"],"url":"https:\/\/marcelolopes.jor.br\/site\/author\/marcelo\/"}]}},"wps_subtitle":"Programa vai pagar R$ 400 aos cadastrados a partir de 17 de novembro.","_links":{"self":[{"href":"https:\/\/marcelolopes.jor.br\/site\/wp-json\/wp\/v2\/posts\/28261","targetHints":{"allow":["GET"]}}],"collection":[{"href":"https:\/\/marcelolopes.jor.br\/site\/wp-json\/wp\/v2\/posts"}],"about":[{"href":"https:\/\/marcelolopes.jor.br\/site\/wp-json\/wp\/v2\/types\/post"}],"author":[{"embeddable":true,"href":"https:\/\/marcelolopes.jor.br\/site\/wp-json\/wp\/v2\/users\/2"}],"replies":[{"embeddable":true,"href":"https:\/\/marcelolopes.jor.br\/site\/wp-json\/wp\/v2\/comments?post=28261"}],"version-history":[{"count":0,"href":"https:\/\/marcelolopes.jor.br\/site\/wp-json\/wp\/v2\/posts\/28261\/revisions"}],"wp:featuredmedia":[{"embeddable":true,"href":"https:\/\/marcelolopes.jor.br\/site\/wp-json\/wp\/v2\/media\/28263"}],"wp:attachment":[{"href":"https:\/\/marcelolopes.jor.br\/site\/wp-json\/wp\/v2\/media?parent=28261"}],"wp:term":[{"taxonomy":"category","embeddable":true,"href":"https:\/\/marcelolopes.jor.br\/site\/wp-json\/wp\/v2\/categories?post=28261"},{"taxonomy":"post_tag","embeddable":true,"href":"https:\/\/marcelolopes.jor.br\/site\/wp-json\/wp\/v2\/tags?post=28261"}],"curies":[{"name":"wp","href":"https:\/\/api.w.org\/{rel}","templated":true}]}}