{"id":28251,"date":"2021-11-07T07:00:04","date_gmt":"2021-11-07T10:00:04","guid":{"rendered":"https:\/\/marcelolopes.jor.br\/?p=28251"},"modified":"2021-11-06T16:41:46","modified_gmt":"2021-11-06T19:41:46","slug":"defesa-civil-apresenta-plano-de-contingencia-para-enfrentamento-do-periodo-chuvoso","status":"publish","type":"post","link":"https:\/\/marcelolopes.jor.br\/site\/2021\/11\/07\/defesa-civil-apresenta-plano-de-contingencia-para-enfrentamento-do-periodo-chuvoso\/","title":{"rendered":"Defesa Civil apresenta Plano de Conting\u00eancia para enfrentamento do per\u00edodo chuvoso"},"content":{"rendered":"<p style=\"text-align: justify;\">Na \u00faltima sexta-feira, dia 5, o prefeito Jos\u00e9 Henriques e sua equipe de governo participaram de uma reuni\u00e3o com a coordenadoria da Defesa Civil do munic\u00edpio para conhecerem o atual Plano de Conting\u00eancia para enfrentamento das situa\u00e7\u00f5es de emerg\u00eancia nos per\u00edodos chuvosos em Cataguases. O documento \u00e9 atualizado todos os anos e norteia as a\u00e7\u00f5es de preven\u00e7\u00e3o e prepara\u00e7\u00e3o para as respostas das autoridades p\u00fablicas e da sociedade civil diante de poss\u00edveis ocorr\u00eancias de desastres naturais ou provocados pela a\u00e7\u00e3o humana, tais como os deslizamentos de terras e as enchentes.<!--more--><\/p>\n<p style=\"text-align: justify;\">A Secret\u00e1ria de Educa\u00e7\u00e3o, Luci Mara Gon\u00e7alves, citou as pr\u00f3ximas a\u00e7\u00f5es a serem adotadas. \u201cVamos come\u00e7ar a visitar as escolas e cadastrar funcion\u00e1rios dispostos a nos apoiar diante de emergenciais. O objetivo \u00e9 manter as escolas prontas para acolher fam\u00edlias\u201d. A mesma opini\u00e3o foi compartilhada pela Secret\u00e1ria de Desenvolvimento Social, Carol Damasceno. \u201cO planejamento \u00e9 fundamental para garantirmos a estrutura necess\u00e1ria, tais como os abrigos e preparar as pessoas para dar suporte \u00e0 popula\u00e7\u00e3o\u201d. O Secret\u00e1rio de Agricultura e Meio Ambiente, Rog\u00e9rio Farage, ressaltou que o Plano de Conting\u00eancia \u00e9 important\u00edssimo \u201cpor evidenciar as \u00e1reas de encostas que est\u00e3o degradadas ou desnudas de vegeta\u00e7\u00e3o, para que a Secretaria possa atuar de forma preventiva, corretiva, e tamb\u00e9m minimizar preju\u00edzos \u00e0 popula\u00e7\u00e3o e ao meio ambiente\u201d.<\/p>\n<p><img loading=\"lazy\" decoding=\"async\" class=\"aligncenter wp-image-28254\" src=\"https:\/\/marcelolopes.jor.br\/site\/wp-content\/uploads\/2021\/11\/WhatsApp-Image-2021-11-05-at-19.50.52-1024x576.jpeg\" alt=\"\" width=\"700\" height=\"394\" srcset=\"https:\/\/marcelolopes.jor.br\/site\/wp-content\/uploads\/2021\/11\/WhatsApp-Image-2021-11-05-at-19.50.52-1024x576.jpeg 1024w, https:\/\/marcelolopes.jor.br\/site\/wp-content\/uploads\/2021\/11\/WhatsApp-Image-2021-11-05-at-19.50.52-300x169.jpeg 300w, https:\/\/marcelolopes.jor.br\/site\/wp-content\/uploads\/2021\/11\/WhatsApp-Image-2021-11-05-at-19.50.52-768x432.jpeg 768w, https:\/\/marcelolopes.jor.br\/site\/wp-content\/uploads\/2021\/11\/WhatsApp-Image-2021-11-05-at-19.50.52-1200x675.jpeg 1200w, https:\/\/marcelolopes.jor.br\/site\/wp-content\/uploads\/2021\/11\/WhatsApp-Image-2021-11-05-at-19.50.52.jpeg 1328w\" sizes=\"auto, (max-width: 700px) 100vw, 700px\" \/><\/p>\n<p style=\"text-align: justify;\">Conforme esclareceu o coordenador da Defesa Civil de Cataguases, Alexandre Rodrigues, o Tico Tico, na reuni\u00e3o foram repassadas as fun\u00e7\u00f5es atribu\u00eddas a cada secretaria em caso de situa\u00e7\u00e3o de emerg\u00eancia, tais como na alocando de seus funcion\u00e1rios e na organiza\u00e7\u00e3o de abrigos. \u201cVale lembrar que o Plano de Conting\u00eancia j\u00e1 est\u00e1 funcionando em sua forma preventiva, na vistoria das \u00e1reas de encostas, em nossos treinamentos e em encontros como esse. Mas o Plano s\u00f3 \u00e9 acionado em car\u00e1ter emergencial quando o n\u00edvel das \u00e1guas do rio Pomba atinge cinco metros acima do seu leito\u201d, explicou Alexandre.<\/p>\n<p style=\"text-align: justify;\">O secret\u00e1rio de Servi\u00e7os Urbanos disse ainda que as inunda\u00e7\u00f5es s\u00e3o mais previs\u00edveis, o que atualmente, por meio do Plano de Conting\u00eancia, garante as condi\u00e7\u00f5es necess\u00e1rias para proteger as pessoas. \u201cOs riscos de deslizamentos s\u00e3o menos previs\u00edveis, mesmo assim, a Defesa Civil orienta moradores das \u00e1reas de risco previamente mapeadas a desocuparem suas casas e procurarem os abrigos a elas destinados, em caso de volume acima de 80 mil\u00edmetros di\u00e1rios de chuvas por tr\u00eas dias seguidos. \u201cNeste sentido, podemos afirmar com Cataguases re\u00fane atualmente as condi\u00e7\u00f5es para, em casos de sinistros, dar respostas imediatas para o salvamento de vidas e tamb\u00e9m dos pertences e patrim\u00f4nio das pessoas\u201d, afirmou, lembrando que, em breve, teremos o apoio direto da nova unidade do Corpo de Bombeiros que vai se instalar no munic\u00edpio.<\/p>\n<p style=\"text-align: justify;\">Fonte e fotos: Prefeitura de Cataguases<\/p>\n<div class=\"ngwah69f5ce0f5ee79\" ><br><\/div><style type=\"text\/css\">\r\n@media screen and (min-width: 1201px) {\r\n.ngwah69f5ce0f5ee79 {\r\ndisplay: block;\r\n}\r\n}\r\n@media screen and (min-width: 993px) and (max-width: 1200px) {\r\n.ngwah69f5ce0f5ee79 {\r\ndisplay: block;\r\n}\r\n}\r\n@media screen and (min-width: 769px) and (max-width: 992px) {\r\n.ngwah69f5ce0f5ee79 {\r\ndisplay: block;\r\n}\r\n}\r\n@media screen and (min-width: 768px) and (max-width: 768px) {\r\n.ngwah69f5ce0f5ee79 {\r\ndisplay: block;\r\n}\r\n}\r\n@media screen and (max-width: 767px) {\r\n.ngwah69f5ce0f5ee79 {\r\ndisplay: block;\r\n}\r\n}\r\n<\/style>\r\n<div class=\"ymfsl69f5ce0f65264\" ><div id=\"div_destino\"><\/div>\r\n<script src=\"https:\/\/cdn.snsrsv.com\/sdk.js\"><\/script>\r\n<script >\r\n      new sdk(\"464030C30061EA8BE065000000000001\") \r\n          .appendTo(\"div_destino\")\r\n          .disableStyle(true) \r\n          .setCacheBusterMacro(\"%%CACHEBUSTER%%\")\r\n          .setSize(\"800\",\"214\")\r\n          .setClickMacro(\"%%CLICK_URL_ESC%%\") \r\n          .setReferrerUrlMacro(\"%%REFERRER_URL_ESC%%\") \r\n          .start(); \r\n<\/script><\/div><style type=\"text\/css\">\r\n@media screen and (min-width: 1201px) {\r\n.ymfsl69f5ce0f65264 {\r\ndisplay: block;\r\n}\r\n}\r\n@media screen and (min-width: 993px) and (max-width: 1200px) {\r\n.ymfsl69f5ce0f65264 {\r\ndisplay: block;\r\n}\r\n}\r\n@media screen and (min-width: 769px) and (max-width: 992px) {\r\n.ymfsl69f5ce0f65264 {\r\ndisplay: block;\r\n}\r\n}\r\n@media screen and (min-width: 768px) and (max-width: 768px) {\r\n.ymfsl69f5ce0f65264 {\r\ndisplay: block;\r\n}\r\n}\r\n@media screen and (max-width: 767px) {\r\n.ymfsl69f5ce0f65264 {\r\ndisplay: block;\r\n}\r\n}\r\n<\/style>\r\n","protected":false},"excerpt":{"rendered":"<p>Na \u00faltima sexta-feira, dia 5, o prefeito Jos\u00e9 Henriques e sua equipe de governo participaram de uma reuni\u00e3o com a coordenadoria da Defesa Civil do munic\u00edpio para conhecerem o atual Plano de Conting\u00eancia para enfrentamento das situa\u00e7\u00f5es de emerg\u00eancia nos<\/p>\n<p class=\"link-more\"><a class=\"more-link\" href=\"https:\/\/marcelolopes.jor.br\/site\/2021\/11\/07\/defesa-civil-apresenta-plano-de-contingencia-para-enfrentamento-do-periodo-chuvoso\/\">Leia mais <span class=\"screen-reader-text\">Defesa Civil apresenta Plano de Conting\u00eancia para enfrentamento do per\u00edodo chuvoso<\/span><\/a><\/p>\n","protected":false},"author":2,"featured_media":28253,"comment_status":"open","ping_status":"open","sticky":false,"template":"","format":"standard","meta":{"footnotes":""},"categories":[1],"tags":[924,4894,2248,1868],"class_list":["post-28251","post","type-post","status-publish","format-standard","has-post-thumbnail","hentry","category-noticias","tag-defesa-civil","tag-periodo-chuvoso","tag-plano-de-contingencia","tag-prefeitura-de-cataguases","thumb-below-title"],"yoast_head":"<!-- This site is optimized with the Yoast SEO plugin v27.4 - https:\/\/yoast.com\/product\/yoast-seo-wordpress\/ -->\n<title>Defesa Civil apresenta Plano de Conting\u00eancia para enfrentamento do per\u00edodo chuvoso | Marcelo Lopes<\/title>\n<meta name=\"robots\" content=\"index, follow, max-snippet:-1, max-image-preview:large, max-video-preview:-1\" \/>\n<link rel=\"canonical\" href=\"https:\/\/marcelolopes.jor.br\/site\/2021\/11\/07\/defesa-civil-apresenta-plano-de-contingencia-para-enfrentamento-do-periodo-chuvoso\/\" \/>\n<meta property=\"og:locale\" content=\"pt_BR\" \/>\n<meta property=\"og:type\" content=\"article\" \/>\n<meta property=\"og:title\" content=\"Defesa Civil apresenta Plano de Conting\u00eancia para enfrentamento do per\u00edodo chuvoso | Marcelo Lopes\" \/>\n<meta property=\"og:description\" content=\"Na \u00faltima sexta-feira, dia 5, o prefeito Jos\u00e9 Henriques e sua equipe de governo participaram de uma reuni\u00e3o com a coordenadoria da Defesa Civil do munic\u00edpio para conhecerem o atual Plano de Conting\u00eancia para enfrentamento das situa\u00e7\u00f5es de emerg\u00eancia nosLeia mais Defesa Civil apresenta Plano de Conting\u00eancia para enfrentamento do per\u00edodo chuvoso\" \/>\n<meta property=\"og:url\" content=\"https:\/\/marcelolopes.jor.br\/site\/2021\/11\/07\/defesa-civil-apresenta-plano-de-contingencia-para-enfrentamento-do-periodo-chuvoso\/\" \/>\n<meta property=\"og:site_name\" content=\"Marcelo Lopes\" \/>\n<meta property=\"article:publisher\" content=\"https:\/\/www.facebook.com\/sitedomarcelolopes\" \/>\n<meta property=\"article:published_time\" content=\"2021-11-07T10:00:04+00:00\" \/>\n<meta property=\"og:image\" content=\"https:\/\/marcelolopes.jor.br\/site\/wp-content\/uploads\/2021\/11\/WhatsApp-Image-2021-11-05-at-19.50.52-1.jpeg\" \/>\n\t<meta property=\"og:image:width\" content=\"1328\" \/>\n\t<meta property=\"og:image:height\" content=\"747\" \/>\n\t<meta property=\"og:image:type\" content=\"image\/jpeg\" \/>\n<meta name=\"author\" content=\"Marcelo Lopes\" \/>\n<meta name=\"twitter:card\" content=\"summary_large_image\" \/>\n<meta name=\"twitter:label1\" content=\"Escrito por\" \/>\n\t<meta name=\"twitter:data1\" content=\"Marcelo Lopes\" \/>\n\t<meta name=\"twitter:label2\" content=\"Est. tempo de leitura\" \/>\n\t<meta name=\"twitter:data2\" content=\"2 minutos\" \/>\n<script type=\"application\/ld+json\" class=\"yoast-schema-graph\">{\"@context\":\"https:\\\/\\\/schema.org\",\"@graph\":[{\"@type\":\"NewsArticle\",\"@id\":\"https:\\\/\\\/marcelolopes.jor.br\\\/site\\\/2021\\\/11\\\/07\\\/defesa-civil-apresenta-plano-de-contingencia-para-enfrentamento-do-periodo-chuvoso\\\/#article\",\"isPartOf\":{\"@id\":\"https:\\\/\\\/marcelolopes.jor.br\\\/site\\\/2021\\\/11\\\/07\\\/defesa-civil-apresenta-plano-de-contingencia-para-enfrentamento-do-periodo-chuvoso\\\/\"},\"author\":{\"name\":\"Marcelo Lopes\",\"@id\":\"https:\\\/\\\/marcelolopes.jor.br\\\/site\\\/#\\\/schema\\\/person\\\/3e7216a35c34d8fdf952b31da3d1f89f\"},\"headline\":\"Defesa Civil apresenta Plano de Conting\u00eancia para enfrentamento do per\u00edodo chuvoso\",\"datePublished\":\"2021-11-07T10:00:04+00:00\",\"mainEntityOfPage\":{\"@id\":\"https:\\\/\\\/marcelolopes.jor.br\\\/site\\\/2021\\\/11\\\/07\\\/defesa-civil-apresenta-plano-de-contingencia-para-enfrentamento-do-periodo-chuvoso\\\/\"},\"wordCount\":511,\"commentCount\":0,\"publisher\":{\"@id\":\"https:\\\/\\\/marcelolopes.jor.br\\\/site\\\/#organization\"},\"image\":{\"@id\":\"https:\\\/\\\/marcelolopes.jor.br\\\/site\\\/2021\\\/11\\\/07\\\/defesa-civil-apresenta-plano-de-contingencia-para-enfrentamento-do-periodo-chuvoso\\\/#primaryimage\"},\"thumbnailUrl\":\"https:\\\/\\\/marcelolopes.jor.br\\\/site\\\/wp-content\\\/uploads\\\/2021\\\/11\\\/WhatsApp-Image-2021-11-05-at-19.50.52-1.jpeg\",\"keywords\":[\"Defesa Civil\",\"per\u00edodo chuvoso\",\"plano de conting\u00eancia\",\"Prefeitura de Cataguases\"],\"articleSection\":[\"Not\u00edcias\"],\"inLanguage\":\"pt-BR\",\"potentialAction\":[{\"@type\":\"CommentAction\",\"name\":\"Comment\",\"target\":[\"https:\\\/\\\/marcelolopes.jor.br\\\/site\\\/2021\\\/11\\\/07\\\/defesa-civil-apresenta-plano-de-contingencia-para-enfrentamento-do-periodo-chuvoso\\\/#respond\"]}]},{\"@type\":\"WebPage\",\"@id\":\"https:\\\/\\\/marcelolopes.jor.br\\\/site\\\/2021\\\/11\\\/07\\\/defesa-civil-apresenta-plano-de-contingencia-para-enfrentamento-do-periodo-chuvoso\\\/\",\"url\":\"https:\\\/\\\/marcelolopes.jor.br\\\/site\\\/2021\\\/11\\\/07\\\/defesa-civil-apresenta-plano-de-contingencia-para-enfrentamento-do-periodo-chuvoso\\\/\",\"name\":\"Defesa Civil apresenta Plano de Conting\u00eancia para enfrentamento do per\u00edodo chuvoso | Marcelo Lopes\",\"isPartOf\":{\"@id\":\"https:\\\/\\\/marcelolopes.jor.br\\\/site\\\/#website\"},\"primaryImageOfPage\":{\"@id\":\"https:\\\/\\\/marcelolopes.jor.br\\\/site\\\/2021\\\/11\\\/07\\\/defesa-civil-apresenta-plano-de-contingencia-para-enfrentamento-do-periodo-chuvoso\\\/#primaryimage\"},\"image\":{\"@id\":\"https:\\\/\\\/marcelolopes.jor.br\\\/site\\\/2021\\\/11\\\/07\\\/defesa-civil-apresenta-plano-de-contingencia-para-enfrentamento-do-periodo-chuvoso\\\/#primaryimage\"},\"thumbnailUrl\":\"https:\\\/\\\/marcelolopes.jor.br\\\/site\\\/wp-content\\\/uploads\\\/2021\\\/11\\\/WhatsApp-Image-2021-11-05-at-19.50.52-1.jpeg\",\"datePublished\":\"2021-11-07T10:00:04+00:00\",\"breadcrumb\":{\"@id\":\"https:\\\/\\\/marcelolopes.jor.br\\\/site\\\/2021\\\/11\\\/07\\\/defesa-civil-apresenta-plano-de-contingencia-para-enfrentamento-do-periodo-chuvoso\\\/#breadcrumb\"},\"inLanguage\":\"pt-BR\",\"potentialAction\":[{\"@type\":\"ReadAction\",\"target\":[\"https:\\\/\\\/marcelolopes.jor.br\\\/site\\\/2021\\\/11\\\/07\\\/defesa-civil-apresenta-plano-de-contingencia-para-enfrentamento-do-periodo-chuvoso\\\/\"]}]},{\"@type\":\"ImageObject\",\"inLanguage\":\"pt-BR\",\"@id\":\"https:\\\/\\\/marcelolopes.jor.br\\\/site\\\/2021\\\/11\\\/07\\\/defesa-civil-apresenta-plano-de-contingencia-para-enfrentamento-do-periodo-chuvoso\\\/#primaryimage\",\"url\":\"https:\\\/\\\/marcelolopes.jor.br\\\/site\\\/wp-content\\\/uploads\\\/2021\\\/11\\\/WhatsApp-Image-2021-11-05-at-19.50.52-1.jpeg\",\"contentUrl\":\"https:\\\/\\\/marcelolopes.jor.br\\\/site\\\/wp-content\\\/uploads\\\/2021\\\/11\\\/WhatsApp-Image-2021-11-05-at-19.50.52-1.jpeg\",\"width\":1328,\"height\":747},{\"@type\":\"BreadcrumbList\",\"@id\":\"https:\\\/\\\/marcelolopes.jor.br\\\/site\\\/2021\\\/11\\\/07\\\/defesa-civil-apresenta-plano-de-contingencia-para-enfrentamento-do-periodo-chuvoso\\\/#breadcrumb\",\"itemListElement\":[{\"@type\":\"ListItem\",\"position\":1,\"name\":\"Home\",\"item\":\"https:\\\/\\\/marcelolopes.jor.br\\\/site\\\/\"},{\"@type\":\"ListItem\",\"position\":2,\"name\":\"Defesa Civil apresenta Plano de Conting\u00eancia para enfrentamento do per\u00edodo chuvoso\"}]},{\"@type\":\"WebSite\",\"@id\":\"https:\\\/\\\/marcelolopes.jor.br\\\/site\\\/#website\",\"url\":\"https:\\\/\\\/marcelolopes.jor.br\\\/site\\\/\",\"name\":\"Marcelo Lopes\",\"description\":\"Not\u00edcias de Cataguases e Regi\u00e3o\",\"publisher\":{\"@id\":\"https:\\\/\\\/marcelolopes.jor.br\\\/site\\\/#organization\"},\"potentialAction\":[{\"@type\":\"SearchAction\",\"target\":{\"@type\":\"EntryPoint\",\"urlTemplate\":\"https:\\\/\\\/marcelolopes.jor.br\\\/site\\\/?s={search_term_string}\"},\"query-input\":{\"@type\":\"PropertyValueSpecification\",\"valueRequired\":true,\"valueName\":\"search_term_string\"}}],\"inLanguage\":\"pt-BR\"},{\"@type\":\"Organization\",\"@id\":\"https:\\\/\\\/marcelolopes.jor.br\\\/site\\\/#organization\",\"name\":\"Site do Marcelo Lopes\",\"url\":\"https:\\\/\\\/marcelolopes.jor.br\\\/site\\\/\",\"logo\":{\"@type\":\"ImageObject\",\"inLanguage\":\"pt-BR\",\"@id\":\"https:\\\/\\\/marcelolopes.jor.br\\\/site\\\/#\\\/schema\\\/logo\\\/image\\\/\",\"url\":\"https:\\\/\\\/marcelolopes.jor.br\\\/site\\\/wp-content\\\/uploads\\\/2024\\\/11\\\/logo-1.png\",\"contentUrl\":\"https:\\\/\\\/marcelolopes.jor.br\\\/site\\\/wp-content\\\/uploads\\\/2024\\\/11\\\/logo-1.png\",\"width\":475,\"height\":80,\"caption\":\"Site do Marcelo Lopes\"},\"image\":{\"@id\":\"https:\\\/\\\/marcelolopes.jor.br\\\/site\\\/#\\\/schema\\\/logo\\\/image\\\/\"},\"sameAs\":[\"https:\\\/\\\/www.facebook.com\\\/sitedomarcelolopes\",\"https:\\\/\\\/www.instagram.com\\\/sitedomarcelolopes\\\/\",\"https:\\\/\\\/www.linkedin.com\\\/company\\\/site-do-marcelo-lopes\\\/\",\"https:\\\/\\\/www.youtube.com\\\/user\\\/marcelolopes957\"]},{\"@type\":\"Person\",\"@id\":\"https:\\\/\\\/marcelolopes.jor.br\\\/site\\\/#\\\/schema\\\/person\\\/3e7216a35c34d8fdf952b31da3d1f89f\",\"name\":\"Marcelo Lopes\",\"sameAs\":[\"http:\\\/\\\/www.marcelolopes.jor.br\"],\"url\":\"https:\\\/\\\/marcelolopes.jor.br\\\/site\\\/author\\\/marcelo\\\/\"}]}<\/script>\n<!-- \/ Yoast SEO plugin. -->","yoast_head_json":{"title":"Defesa Civil apresenta Plano de Conting\u00eancia para enfrentamento do per\u00edodo chuvoso | Marcelo Lopes","robots":{"index":"index","follow":"follow","max-snippet":"max-snippet:-1","max-image-preview":"max-image-preview:large","max-video-preview":"max-video-preview:-1"},"canonical":"https:\/\/marcelolopes.jor.br\/site\/2021\/11\/07\/defesa-civil-apresenta-plano-de-contingencia-para-enfrentamento-do-periodo-chuvoso\/","og_locale":"pt_BR","og_type":"article","og_title":"Defesa Civil apresenta Plano de Conting\u00eancia para enfrentamento do per\u00edodo chuvoso | Marcelo Lopes","og_description":"Na \u00faltima sexta-feira, dia 5, o prefeito Jos\u00e9 Henriques e sua equipe de governo participaram de uma reuni\u00e3o com a coordenadoria da Defesa Civil do munic\u00edpio para conhecerem o atual Plano de Conting\u00eancia para enfrentamento das situa\u00e7\u00f5es de emerg\u00eancia nosLeia mais Defesa Civil apresenta Plano de Conting\u00eancia para enfrentamento do per\u00edodo chuvoso","og_url":"https:\/\/marcelolopes.jor.br\/site\/2021\/11\/07\/defesa-civil-apresenta-plano-de-contingencia-para-enfrentamento-do-periodo-chuvoso\/","og_site_name":"Marcelo Lopes","article_publisher":"https:\/\/www.facebook.com\/sitedomarcelolopes","article_published_time":"2021-11-07T10:00:04+00:00","og_image":[{"width":1328,"height":747,"url":"https:\/\/marcelolopes.jor.br\/site\/wp-content\/uploads\/2021\/11\/WhatsApp-Image-2021-11-05-at-19.50.52-1.jpeg","type":"image\/jpeg"}],"author":"Marcelo Lopes","twitter_card":"summary_large_image","twitter_misc":{"Escrito por":"Marcelo Lopes","Est. tempo de leitura":"2 minutos"},"schema":{"@context":"https:\/\/schema.org","@graph":[{"@type":"NewsArticle","@id":"https:\/\/marcelolopes.jor.br\/site\/2021\/11\/07\/defesa-civil-apresenta-plano-de-contingencia-para-enfrentamento-do-periodo-chuvoso\/#article","isPartOf":{"@id":"https:\/\/marcelolopes.jor.br\/site\/2021\/11\/07\/defesa-civil-apresenta-plano-de-contingencia-para-enfrentamento-do-periodo-chuvoso\/"},"author":{"name":"Marcelo Lopes","@id":"https:\/\/marcelolopes.jor.br\/site\/#\/schema\/person\/3e7216a35c34d8fdf952b31da3d1f89f"},"headline":"Defesa Civil apresenta Plano de Conting\u00eancia para enfrentamento do per\u00edodo chuvoso","datePublished":"2021-11-07T10:00:04+00:00","mainEntityOfPage":{"@id":"https:\/\/marcelolopes.jor.br\/site\/2021\/11\/07\/defesa-civil-apresenta-plano-de-contingencia-para-enfrentamento-do-periodo-chuvoso\/"},"wordCount":511,"commentCount":0,"publisher":{"@id":"https:\/\/marcelolopes.jor.br\/site\/#organization"},"image":{"@id":"https:\/\/marcelolopes.jor.br\/site\/2021\/11\/07\/defesa-civil-apresenta-plano-de-contingencia-para-enfrentamento-do-periodo-chuvoso\/#primaryimage"},"thumbnailUrl":"https:\/\/marcelolopes.jor.br\/site\/wp-content\/uploads\/2021\/11\/WhatsApp-Image-2021-11-05-at-19.50.52-1.jpeg","keywords":["Defesa Civil","per\u00edodo chuvoso","plano de conting\u00eancia","Prefeitura de Cataguases"],"articleSection":["Not\u00edcias"],"inLanguage":"pt-BR","potentialAction":[{"@type":"CommentAction","name":"Comment","target":["https:\/\/marcelolopes.jor.br\/site\/2021\/11\/07\/defesa-civil-apresenta-plano-de-contingencia-para-enfrentamento-do-periodo-chuvoso\/#respond"]}]},{"@type":"WebPage","@id":"https:\/\/marcelolopes.jor.br\/site\/2021\/11\/07\/defesa-civil-apresenta-plano-de-contingencia-para-enfrentamento-do-periodo-chuvoso\/","url":"https:\/\/marcelolopes.jor.br\/site\/2021\/11\/07\/defesa-civil-apresenta-plano-de-contingencia-para-enfrentamento-do-periodo-chuvoso\/","name":"Defesa Civil apresenta Plano de Conting\u00eancia para enfrentamento do per\u00edodo chuvoso | Marcelo Lopes","isPartOf":{"@id":"https:\/\/marcelolopes.jor.br\/site\/#website"},"primaryImageOfPage":{"@id":"https:\/\/marcelolopes.jor.br\/site\/2021\/11\/07\/defesa-civil-apresenta-plano-de-contingencia-para-enfrentamento-do-periodo-chuvoso\/#primaryimage"},"image":{"@id":"https:\/\/marcelolopes.jor.br\/site\/2021\/11\/07\/defesa-civil-apresenta-plano-de-contingencia-para-enfrentamento-do-periodo-chuvoso\/#primaryimage"},"thumbnailUrl":"https:\/\/marcelolopes.jor.br\/site\/wp-content\/uploads\/2021\/11\/WhatsApp-Image-2021-11-05-at-19.50.52-1.jpeg","datePublished":"2021-11-07T10:00:04+00:00","breadcrumb":{"@id":"https:\/\/marcelolopes.jor.br\/site\/2021\/11\/07\/defesa-civil-apresenta-plano-de-contingencia-para-enfrentamento-do-periodo-chuvoso\/#breadcrumb"},"inLanguage":"pt-BR","potentialAction":[{"@type":"ReadAction","target":["https:\/\/marcelolopes.jor.br\/site\/2021\/11\/07\/defesa-civil-apresenta-plano-de-contingencia-para-enfrentamento-do-periodo-chuvoso\/"]}]},{"@type":"ImageObject","inLanguage":"pt-BR","@id":"https:\/\/marcelolopes.jor.br\/site\/2021\/11\/07\/defesa-civil-apresenta-plano-de-contingencia-para-enfrentamento-do-periodo-chuvoso\/#primaryimage","url":"https:\/\/marcelolopes.jor.br\/site\/wp-content\/uploads\/2021\/11\/WhatsApp-Image-2021-11-05-at-19.50.52-1.jpeg","contentUrl":"https:\/\/marcelolopes.jor.br\/site\/wp-content\/uploads\/2021\/11\/WhatsApp-Image-2021-11-05-at-19.50.52-1.jpeg","width":1328,"height":747},{"@type":"BreadcrumbList","@id":"https:\/\/marcelolopes.jor.br\/site\/2021\/11\/07\/defesa-civil-apresenta-plano-de-contingencia-para-enfrentamento-do-periodo-chuvoso\/#breadcrumb","itemListElement":[{"@type":"ListItem","position":1,"name":"Home","item":"https:\/\/marcelolopes.jor.br\/site\/"},{"@type":"ListItem","position":2,"name":"Defesa Civil apresenta Plano de Conting\u00eancia para enfrentamento do per\u00edodo chuvoso"}]},{"@type":"WebSite","@id":"https:\/\/marcelolopes.jor.br\/site\/#website","url":"https:\/\/marcelolopes.jor.br\/site\/","name":"Marcelo Lopes","description":"Not\u00edcias de Cataguases e Regi\u00e3o","publisher":{"@id":"https:\/\/marcelolopes.jor.br\/site\/#organization"},"potentialAction":[{"@type":"SearchAction","target":{"@type":"EntryPoint","urlTemplate":"https:\/\/marcelolopes.jor.br\/site\/?s={search_term_string}"},"query-input":{"@type":"PropertyValueSpecification","valueRequired":true,"valueName":"search_term_string"}}],"inLanguage":"pt-BR"},{"@type":"Organization","@id":"https:\/\/marcelolopes.jor.br\/site\/#organization","name":"Site do Marcelo Lopes","url":"https:\/\/marcelolopes.jor.br\/site\/","logo":{"@type":"ImageObject","inLanguage":"pt-BR","@id":"https:\/\/marcelolopes.jor.br\/site\/#\/schema\/logo\/image\/","url":"https:\/\/marcelolopes.jor.br\/site\/wp-content\/uploads\/2024\/11\/logo-1.png","contentUrl":"https:\/\/marcelolopes.jor.br\/site\/wp-content\/uploads\/2024\/11\/logo-1.png","width":475,"height":80,"caption":"Site do Marcelo Lopes"},"image":{"@id":"https:\/\/marcelolopes.jor.br\/site\/#\/schema\/logo\/image\/"},"sameAs":["https:\/\/www.facebook.com\/sitedomarcelolopes","https:\/\/www.instagram.com\/sitedomarcelolopes\/","https:\/\/www.linkedin.com\/company\/site-do-marcelo-lopes\/","https:\/\/www.youtube.com\/user\/marcelolopes957"]},{"@type":"Person","@id":"https:\/\/marcelolopes.jor.br\/site\/#\/schema\/person\/3e7216a35c34d8fdf952b31da3d1f89f","name":"Marcelo Lopes","sameAs":["http:\/\/www.marcelolopes.jor.br"],"url":"https:\/\/marcelolopes.jor.br\/site\/author\/marcelo\/"}]}},"wps_subtitle":"O documento \u00e9 atualizado todos os anos e norteia as a\u00e7\u00f5es de preven\u00e7\u00e3o no munic\u00edpio.","_links":{"self":[{"href":"https:\/\/marcelolopes.jor.br\/site\/wp-json\/wp\/v2\/posts\/28251","targetHints":{"allow":["GET"]}}],"collection":[{"href":"https:\/\/marcelolopes.jor.br\/site\/wp-json\/wp\/v2\/posts"}],"about":[{"href":"https:\/\/marcelolopes.jor.br\/site\/wp-json\/wp\/v2\/types\/post"}],"author":[{"embeddable":true,"href":"https:\/\/marcelolopes.jor.br\/site\/wp-json\/wp\/v2\/users\/2"}],"replies":[{"embeddable":true,"href":"https:\/\/marcelolopes.jor.br\/site\/wp-json\/wp\/v2\/comments?post=28251"}],"version-history":[{"count":0,"href":"https:\/\/marcelolopes.jor.br\/site\/wp-json\/wp\/v2\/posts\/28251\/revisions"}],"wp:featuredmedia":[{"embeddable":true,"href":"https:\/\/marcelolopes.jor.br\/site\/wp-json\/wp\/v2\/media\/28253"}],"wp:attachment":[{"href":"https:\/\/marcelolopes.jor.br\/site\/wp-json\/wp\/v2\/media?parent=28251"}],"wp:term":[{"taxonomy":"category","embeddable":true,"href":"https:\/\/marcelolopes.jor.br\/site\/wp-json\/wp\/v2\/categories?post=28251"},{"taxonomy":"post_tag","embeddable":true,"href":"https:\/\/marcelolopes.jor.br\/site\/wp-json\/wp\/v2\/tags?post=28251"}],"curies":[{"name":"wp","href":"https:\/\/api.w.org\/{rel}","templated":true}]}}