{"id":28248,"date":"2021-11-06T19:00:53","date_gmt":"2021-11-06T22:00:53","guid":{"rendered":"https:\/\/marcelolopes.jor.br\/?p=28248"},"modified":"2021-11-06T16:39:01","modified_gmt":"2021-11-06T19:39:01","slug":"vara-criminal-lanca-edital-para-financiar-projetos-de-cunho-social","status":"publish","type":"post","link":"https:\/\/marcelolopes.jor.br\/site\/2021\/11\/06\/vara-criminal-lanca-edital-para-financiar-projetos-de-cunho-social\/","title":{"rendered":"Vara Criminal lan\u00e7a edital para financiar projetos de cunho social"},"content":{"rendered":"<p style=\"text-align: justify;\">A Vara Criminal e Execu\u00e7\u00f5es Penais da Comarca de Cataguases lan\u00e7ou o Edital n\u00ba 01\/2021, assinado pelo juiz titular Jo\u00e3o Carneiro Duarte Neto, para cadastramento das entidades p\u00fablicas ou privadas com fim social interessadas em receber verbas oriundas de presta\u00e7\u00f5es pecuni\u00e1rias de transa\u00e7\u00e3o penal e condena\u00e7\u00f5es do ju\u00edzo da Comarca de Cataguases. O prazo de inscri\u00e7\u00e3o come\u00e7a na pr\u00f3xima segunda-feira, 8, e se encerra em 8 de dezembro de 2021, no hor\u00e1rio entre 12h e 18 horas, podendo ser feita diretamente no Forum da Comarca.<!--more--><\/p>\n<p style=\"text-align: justify;\">Na pr\u00e1tica ser\u00e3o selecionados projetos sem fins lucrativos, apresentados por estas entidades interessadas em receber recursos para implement\u00e1-los, atendendo, desta forma, \u00e1reas vitais de relevante cunho social. A sele\u00e7\u00e3o \u00e9 p\u00fablica e o referido edital visa possibilitar a participa\u00e7\u00e3o do maior n\u00famero poss\u00edvel de interessados, &#8220;atendendo aos princ\u00edpios da publicidade, impessoalidade e da isonomia&#8221;, diz o texto de apresenta\u00e7\u00e3o do documento.<\/p>\n<p style=\"text-align: justify;\">Para financiar estes projetos a Vara Criminal e Execu\u00e7\u00f5es Penais da Comarca de Cataguases est\u00e1 disponibilizando R$ 99.744,88, quantia que poder\u00e1 ser dividida entre os projetos selecionados ou direcionada exclusivamente para apenas um, explica o Edital. As entidades interessadas em participar devem atender aos requisitos previstos no art. 4\u00ba do Provimento Conjunto n\u00ba 27\/2013 e art. 6\u00ba da Portaria n\u00ba 4.994\/CGJ\/2017 (<a href=\"http:\/\/www.tjmg.jus.br\"><strong><span style=\"color: #800080;\">acesse aqui<\/span><\/strong><\/a>) e apresentar uma s\u00e9rie de documentos especificados no Edital.<\/p>\n<p style=\"text-align: justify;\">Os projetos aprovados ser\u00e3o executados obedecendo aos prazos neles previstos, podendo receber o acompanhamento e a fiscaliza\u00e7\u00e3o de pessoas da confian\u00e7a do Juiz de Direito da Vara Criminal por ele designadas. Os projetos aprovados, ainda conforme o Edital, ser\u00e3o custeados mediante disponibilidade de recursos. Por fim as entidades contempladas com as verbas de financiamento de seus projetos dever\u00e3o, ap\u00f3s sua execu\u00e7\u00e3o, prestar contas ao ju\u00edzo da Vara Criminal e Execu\u00e7\u00f5es Penais da Comarca.<\/p>\n<div class=\"cfepr69f5e465ad851\" ><br><\/div><style type=\"text\/css\">\r\n@media screen and (min-width: 1201px) {\r\n.cfepr69f5e465ad851 {\r\ndisplay: block;\r\n}\r\n}\r\n@media screen and (min-width: 993px) and (max-width: 1200px) {\r\n.cfepr69f5e465ad851 {\r\ndisplay: block;\r\n}\r\n}\r\n@media screen and (min-width: 769px) and (max-width: 992px) {\r\n.cfepr69f5e465ad851 {\r\ndisplay: block;\r\n}\r\n}\r\n@media screen and (min-width: 768px) and (max-width: 768px) {\r\n.cfepr69f5e465ad851 {\r\ndisplay: block;\r\n}\r\n}\r\n@media screen and (max-width: 767px) {\r\n.cfepr69f5e465ad851 {\r\ndisplay: block;\r\n}\r\n}\r\n<\/style>\r\n<div class=\"iscrn69f5e465b25cb\" ><div id=\"div_destino\"><\/div>\r\n<script src=\"https:\/\/cdn.snsrsv.com\/sdk.js\"><\/script>\r\n<script >\r\n      new sdk(\"464030C30061EA8BE065000000000001\") \r\n          .appendTo(\"div_destino\")\r\n          .disableStyle(true) \r\n          .setCacheBusterMacro(\"%%CACHEBUSTER%%\")\r\n          .setSize(\"800\",\"214\")\r\n          .setClickMacro(\"%%CLICK_URL_ESC%%\") \r\n          .setReferrerUrlMacro(\"%%REFERRER_URL_ESC%%\") \r\n          .start(); \r\n<\/script><\/div><style type=\"text\/css\">\r\n@media screen and (min-width: 1201px) {\r\n.iscrn69f5e465b25cb {\r\ndisplay: block;\r\n}\r\n}\r\n@media screen and (min-width: 993px) and (max-width: 1200px) {\r\n.iscrn69f5e465b25cb {\r\ndisplay: block;\r\n}\r\n}\r\n@media screen and (min-width: 769px) and (max-width: 992px) {\r\n.iscrn69f5e465b25cb {\r\ndisplay: block;\r\n}\r\n}\r\n@media screen and (min-width: 768px) and (max-width: 768px) {\r\n.iscrn69f5e465b25cb {\r\ndisplay: block;\r\n}\r\n}\r\n@media screen and (max-width: 767px) {\r\n.iscrn69f5e465b25cb {\r\ndisplay: block;\r\n}\r\n}\r\n<\/style>\r\n","protected":false},"excerpt":{"rendered":"<p>A Vara Criminal e Execu\u00e7\u00f5es Penais da Comarca de Cataguases lan\u00e7ou o Edital n\u00ba 01\/2021, assinado pelo juiz titular Jo\u00e3o Carneiro Duarte Neto, para cadastramento das entidades p\u00fablicas ou privadas com fim social interessadas em receber verbas oriundas de presta\u00e7\u00f5es<\/p>\n<p class=\"link-more\"><a class=\"more-link\" href=\"https:\/\/marcelolopes.jor.br\/site\/2021\/11\/06\/vara-criminal-lanca-edital-para-financiar-projetos-de-cunho-social\/\">Leia mais <span class=\"screen-reader-text\">Vara Criminal lan\u00e7a edital para financiar projetos de cunho social<\/span><\/a><\/p>\n","protected":false},"author":2,"featured_media":4470,"comment_status":"open","ping_status":"open","sticky":false,"template":"","format":"standard","meta":{"footnotes":""},"categories":[1],"tags":[960,826,4986,834],"class_list":["post-28248","post","type-post","status-publish","format-standard","has-post-thumbnail","hentry","category-noticias","tag-comarca-de-cataguases","tag-juiz-de-direito","tag-selecao-de-projetos","tag-vara-criminal","thumb-below-title"],"yoast_head":"<!-- This site is optimized with the Yoast SEO plugin v27.4 - https:\/\/yoast.com\/product\/yoast-seo-wordpress\/ -->\n<title>Vara Criminal lan\u00e7a edital para financiar projetos de cunho social | Marcelo Lopes<\/title>\n<meta name=\"robots\" content=\"index, follow, max-snippet:-1, max-image-preview:large, max-video-preview:-1\" \/>\n<link rel=\"canonical\" href=\"https:\/\/marcelolopes.jor.br\/site\/2021\/11\/06\/vara-criminal-lanca-edital-para-financiar-projetos-de-cunho-social\/\" \/>\n<meta property=\"og:locale\" content=\"pt_BR\" \/>\n<meta property=\"og:type\" content=\"article\" \/>\n<meta property=\"og:title\" content=\"Vara Criminal lan\u00e7a edital para financiar projetos de cunho social | Marcelo Lopes\" \/>\n<meta property=\"og:description\" content=\"A Vara Criminal e Execu\u00e7\u00f5es Penais da Comarca de Cataguases lan\u00e7ou o Edital n\u00ba 01\/2021, assinado pelo juiz titular Jo\u00e3o Carneiro Duarte Neto, para cadastramento das entidades p\u00fablicas ou privadas com fim social interessadas em receber verbas oriundas de presta\u00e7\u00f5esLeia mais Vara Criminal lan\u00e7a edital para financiar projetos de cunho social\" \/>\n<meta property=\"og:url\" content=\"https:\/\/marcelolopes.jor.br\/site\/2021\/11\/06\/vara-criminal-lanca-edital-para-financiar-projetos-de-cunho-social\/\" \/>\n<meta property=\"og:site_name\" content=\"Marcelo Lopes\" \/>\n<meta property=\"article:publisher\" content=\"https:\/\/www.facebook.com\/sitedomarcelolopes\" \/>\n<meta property=\"article:published_time\" content=\"2021-11-06T22:00:53+00:00\" \/>\n<meta property=\"og:image\" content=\"https:\/\/marcelolopes.jor.br\/site\/wp-content\/uploads\/2019\/08\/Forum-fachada.jpg\" \/>\n\t<meta property=\"og:image:width\" content=\"800\" \/>\n\t<meta property=\"og:image:height\" content=\"600\" \/>\n\t<meta property=\"og:image:type\" content=\"image\/jpeg\" \/>\n<meta name=\"author\" content=\"Marcelo Lopes\" \/>\n<meta name=\"twitter:card\" content=\"summary_large_image\" \/>\n<meta name=\"twitter:label1\" content=\"Escrito por\" \/>\n\t<meta name=\"twitter:data1\" content=\"Marcelo Lopes\" \/>\n\t<meta name=\"twitter:label2\" content=\"Est. tempo de leitura\" \/>\n\t<meta name=\"twitter:data2\" content=\"2 minutos\" \/>\n<script type=\"application\/ld+json\" class=\"yoast-schema-graph\">{\"@context\":\"https:\\\/\\\/schema.org\",\"@graph\":[{\"@type\":\"NewsArticle\",\"@id\":\"https:\\\/\\\/marcelolopes.jor.br\\\/site\\\/2021\\\/11\\\/06\\\/vara-criminal-lanca-edital-para-financiar-projetos-de-cunho-social\\\/#article\",\"isPartOf\":{\"@id\":\"https:\\\/\\\/marcelolopes.jor.br\\\/site\\\/2021\\\/11\\\/06\\\/vara-criminal-lanca-edital-para-financiar-projetos-de-cunho-social\\\/\"},\"author\":{\"name\":\"Marcelo Lopes\",\"@id\":\"https:\\\/\\\/marcelolopes.jor.br\\\/site\\\/#\\\/schema\\\/person\\\/3e7216a35c34d8fdf952b31da3d1f89f\"},\"headline\":\"Vara Criminal lan\u00e7a edital para financiar projetos de cunho social\",\"datePublished\":\"2021-11-06T22:00:53+00:00\",\"mainEntityOfPage\":{\"@id\":\"https:\\\/\\\/marcelolopes.jor.br\\\/site\\\/2021\\\/11\\\/06\\\/vara-criminal-lanca-edital-para-financiar-projetos-de-cunho-social\\\/\"},\"wordCount\":326,\"commentCount\":0,\"publisher\":{\"@id\":\"https:\\\/\\\/marcelolopes.jor.br\\\/site\\\/#organization\"},\"image\":{\"@id\":\"https:\\\/\\\/marcelolopes.jor.br\\\/site\\\/2021\\\/11\\\/06\\\/vara-criminal-lanca-edital-para-financiar-projetos-de-cunho-social\\\/#primaryimage\"},\"thumbnailUrl\":\"https:\\\/\\\/marcelolopes.jor.br\\\/site\\\/wp-content\\\/uploads\\\/2019\\\/08\\\/Forum-fachada.jpg\",\"keywords\":[\"Comarca de Cataguases\",\"Juiz de Direito\",\"sele\u00e7\u00e3o de projetos\",\"Vara Criminal\"],\"articleSection\":[\"Not\u00edcias\"],\"inLanguage\":\"pt-BR\",\"potentialAction\":[{\"@type\":\"CommentAction\",\"name\":\"Comment\",\"target\":[\"https:\\\/\\\/marcelolopes.jor.br\\\/site\\\/2021\\\/11\\\/06\\\/vara-criminal-lanca-edital-para-financiar-projetos-de-cunho-social\\\/#respond\"]}]},{\"@type\":\"WebPage\",\"@id\":\"https:\\\/\\\/marcelolopes.jor.br\\\/site\\\/2021\\\/11\\\/06\\\/vara-criminal-lanca-edital-para-financiar-projetos-de-cunho-social\\\/\",\"url\":\"https:\\\/\\\/marcelolopes.jor.br\\\/site\\\/2021\\\/11\\\/06\\\/vara-criminal-lanca-edital-para-financiar-projetos-de-cunho-social\\\/\",\"name\":\"Vara Criminal lan\u00e7a edital para financiar projetos de cunho social | Marcelo Lopes\",\"isPartOf\":{\"@id\":\"https:\\\/\\\/marcelolopes.jor.br\\\/site\\\/#website\"},\"primaryImageOfPage\":{\"@id\":\"https:\\\/\\\/marcelolopes.jor.br\\\/site\\\/2021\\\/11\\\/06\\\/vara-criminal-lanca-edital-para-financiar-projetos-de-cunho-social\\\/#primaryimage\"},\"image\":{\"@id\":\"https:\\\/\\\/marcelolopes.jor.br\\\/site\\\/2021\\\/11\\\/06\\\/vara-criminal-lanca-edital-para-financiar-projetos-de-cunho-social\\\/#primaryimage\"},\"thumbnailUrl\":\"https:\\\/\\\/marcelolopes.jor.br\\\/site\\\/wp-content\\\/uploads\\\/2019\\\/08\\\/Forum-fachada.jpg\",\"datePublished\":\"2021-11-06T22:00:53+00:00\",\"breadcrumb\":{\"@id\":\"https:\\\/\\\/marcelolopes.jor.br\\\/site\\\/2021\\\/11\\\/06\\\/vara-criminal-lanca-edital-para-financiar-projetos-de-cunho-social\\\/#breadcrumb\"},\"inLanguage\":\"pt-BR\",\"potentialAction\":[{\"@type\":\"ReadAction\",\"target\":[\"https:\\\/\\\/marcelolopes.jor.br\\\/site\\\/2021\\\/11\\\/06\\\/vara-criminal-lanca-edital-para-financiar-projetos-de-cunho-social\\\/\"]}]},{\"@type\":\"ImageObject\",\"inLanguage\":\"pt-BR\",\"@id\":\"https:\\\/\\\/marcelolopes.jor.br\\\/site\\\/2021\\\/11\\\/06\\\/vara-criminal-lanca-edital-para-financiar-projetos-de-cunho-social\\\/#primaryimage\",\"url\":\"https:\\\/\\\/marcelolopes.jor.br\\\/site\\\/wp-content\\\/uploads\\\/2019\\\/08\\\/Forum-fachada.jpg\",\"contentUrl\":\"https:\\\/\\\/marcelolopes.jor.br\\\/site\\\/wp-content\\\/uploads\\\/2019\\\/08\\\/Forum-fachada.jpg\",\"width\":800,\"height\":600},{\"@type\":\"BreadcrumbList\",\"@id\":\"https:\\\/\\\/marcelolopes.jor.br\\\/site\\\/2021\\\/11\\\/06\\\/vara-criminal-lanca-edital-para-financiar-projetos-de-cunho-social\\\/#breadcrumb\",\"itemListElement\":[{\"@type\":\"ListItem\",\"position\":1,\"name\":\"Home\",\"item\":\"https:\\\/\\\/marcelolopes.jor.br\\\/site\\\/\"},{\"@type\":\"ListItem\",\"position\":2,\"name\":\"Vara Criminal lan\u00e7a edital para financiar projetos de cunho social\"}]},{\"@type\":\"WebSite\",\"@id\":\"https:\\\/\\\/marcelolopes.jor.br\\\/site\\\/#website\",\"url\":\"https:\\\/\\\/marcelolopes.jor.br\\\/site\\\/\",\"name\":\"Marcelo Lopes\",\"description\":\"Not\u00edcias de Cataguases e Regi\u00e3o\",\"publisher\":{\"@id\":\"https:\\\/\\\/marcelolopes.jor.br\\\/site\\\/#organization\"},\"potentialAction\":[{\"@type\":\"SearchAction\",\"target\":{\"@type\":\"EntryPoint\",\"urlTemplate\":\"https:\\\/\\\/marcelolopes.jor.br\\\/site\\\/?s={search_term_string}\"},\"query-input\":{\"@type\":\"PropertyValueSpecification\",\"valueRequired\":true,\"valueName\":\"search_term_string\"}}],\"inLanguage\":\"pt-BR\"},{\"@type\":\"Organization\",\"@id\":\"https:\\\/\\\/marcelolopes.jor.br\\\/site\\\/#organization\",\"name\":\"Site do Marcelo Lopes\",\"url\":\"https:\\\/\\\/marcelolopes.jor.br\\\/site\\\/\",\"logo\":{\"@type\":\"ImageObject\",\"inLanguage\":\"pt-BR\",\"@id\":\"https:\\\/\\\/marcelolopes.jor.br\\\/site\\\/#\\\/schema\\\/logo\\\/image\\\/\",\"url\":\"https:\\\/\\\/marcelolopes.jor.br\\\/site\\\/wp-content\\\/uploads\\\/2024\\\/11\\\/logo-1.png\",\"contentUrl\":\"https:\\\/\\\/marcelolopes.jor.br\\\/site\\\/wp-content\\\/uploads\\\/2024\\\/11\\\/logo-1.png\",\"width\":475,\"height\":80,\"caption\":\"Site do Marcelo Lopes\"},\"image\":{\"@id\":\"https:\\\/\\\/marcelolopes.jor.br\\\/site\\\/#\\\/schema\\\/logo\\\/image\\\/\"},\"sameAs\":[\"https:\\\/\\\/www.facebook.com\\\/sitedomarcelolopes\",\"https:\\\/\\\/www.instagram.com\\\/sitedomarcelolopes\\\/\",\"https:\\\/\\\/www.linkedin.com\\\/company\\\/site-do-marcelo-lopes\\\/\",\"https:\\\/\\\/www.youtube.com\\\/user\\\/marcelolopes957\"]},{\"@type\":\"Person\",\"@id\":\"https:\\\/\\\/marcelolopes.jor.br\\\/site\\\/#\\\/schema\\\/person\\\/3e7216a35c34d8fdf952b31da3d1f89f\",\"name\":\"Marcelo Lopes\",\"sameAs\":[\"http:\\\/\\\/www.marcelolopes.jor.br\"],\"url\":\"https:\\\/\\\/marcelolopes.jor.br\\\/site\\\/author\\\/marcelo\\\/\"}]}<\/script>\n<!-- \/ Yoast SEO plugin. -->","yoast_head_json":{"title":"Vara Criminal lan\u00e7a edital para financiar projetos de cunho social | Marcelo Lopes","robots":{"index":"index","follow":"follow","max-snippet":"max-snippet:-1","max-image-preview":"max-image-preview:large","max-video-preview":"max-video-preview:-1"},"canonical":"https:\/\/marcelolopes.jor.br\/site\/2021\/11\/06\/vara-criminal-lanca-edital-para-financiar-projetos-de-cunho-social\/","og_locale":"pt_BR","og_type":"article","og_title":"Vara Criminal lan\u00e7a edital para financiar projetos de cunho social | Marcelo Lopes","og_description":"A Vara Criminal e Execu\u00e7\u00f5es Penais da Comarca de Cataguases lan\u00e7ou o Edital n\u00ba 01\/2021, assinado pelo juiz titular Jo\u00e3o Carneiro Duarte Neto, para cadastramento das entidades p\u00fablicas ou privadas com fim social interessadas em receber verbas oriundas de presta\u00e7\u00f5esLeia mais Vara Criminal lan\u00e7a edital para financiar projetos de cunho social","og_url":"https:\/\/marcelolopes.jor.br\/site\/2021\/11\/06\/vara-criminal-lanca-edital-para-financiar-projetos-de-cunho-social\/","og_site_name":"Marcelo Lopes","article_publisher":"https:\/\/www.facebook.com\/sitedomarcelolopes","article_published_time":"2021-11-06T22:00:53+00:00","og_image":[{"width":800,"height":600,"url":"https:\/\/marcelolopes.jor.br\/site\/wp-content\/uploads\/2019\/08\/Forum-fachada.jpg","type":"image\/jpeg"}],"author":"Marcelo Lopes","twitter_card":"summary_large_image","twitter_misc":{"Escrito por":"Marcelo Lopes","Est. tempo de leitura":"2 minutos"},"schema":{"@context":"https:\/\/schema.org","@graph":[{"@type":"NewsArticle","@id":"https:\/\/marcelolopes.jor.br\/site\/2021\/11\/06\/vara-criminal-lanca-edital-para-financiar-projetos-de-cunho-social\/#article","isPartOf":{"@id":"https:\/\/marcelolopes.jor.br\/site\/2021\/11\/06\/vara-criminal-lanca-edital-para-financiar-projetos-de-cunho-social\/"},"author":{"name":"Marcelo Lopes","@id":"https:\/\/marcelolopes.jor.br\/site\/#\/schema\/person\/3e7216a35c34d8fdf952b31da3d1f89f"},"headline":"Vara Criminal lan\u00e7a edital para financiar projetos de cunho social","datePublished":"2021-11-06T22:00:53+00:00","mainEntityOfPage":{"@id":"https:\/\/marcelolopes.jor.br\/site\/2021\/11\/06\/vara-criminal-lanca-edital-para-financiar-projetos-de-cunho-social\/"},"wordCount":326,"commentCount":0,"publisher":{"@id":"https:\/\/marcelolopes.jor.br\/site\/#organization"},"image":{"@id":"https:\/\/marcelolopes.jor.br\/site\/2021\/11\/06\/vara-criminal-lanca-edital-para-financiar-projetos-de-cunho-social\/#primaryimage"},"thumbnailUrl":"https:\/\/marcelolopes.jor.br\/site\/wp-content\/uploads\/2019\/08\/Forum-fachada.jpg","keywords":["Comarca de Cataguases","Juiz de Direito","sele\u00e7\u00e3o de projetos","Vara Criminal"],"articleSection":["Not\u00edcias"],"inLanguage":"pt-BR","potentialAction":[{"@type":"CommentAction","name":"Comment","target":["https:\/\/marcelolopes.jor.br\/site\/2021\/11\/06\/vara-criminal-lanca-edital-para-financiar-projetos-de-cunho-social\/#respond"]}]},{"@type":"WebPage","@id":"https:\/\/marcelolopes.jor.br\/site\/2021\/11\/06\/vara-criminal-lanca-edital-para-financiar-projetos-de-cunho-social\/","url":"https:\/\/marcelolopes.jor.br\/site\/2021\/11\/06\/vara-criminal-lanca-edital-para-financiar-projetos-de-cunho-social\/","name":"Vara Criminal lan\u00e7a edital para financiar projetos de cunho social | Marcelo Lopes","isPartOf":{"@id":"https:\/\/marcelolopes.jor.br\/site\/#website"},"primaryImageOfPage":{"@id":"https:\/\/marcelolopes.jor.br\/site\/2021\/11\/06\/vara-criminal-lanca-edital-para-financiar-projetos-de-cunho-social\/#primaryimage"},"image":{"@id":"https:\/\/marcelolopes.jor.br\/site\/2021\/11\/06\/vara-criminal-lanca-edital-para-financiar-projetos-de-cunho-social\/#primaryimage"},"thumbnailUrl":"https:\/\/marcelolopes.jor.br\/site\/wp-content\/uploads\/2019\/08\/Forum-fachada.jpg","datePublished":"2021-11-06T22:00:53+00:00","breadcrumb":{"@id":"https:\/\/marcelolopes.jor.br\/site\/2021\/11\/06\/vara-criminal-lanca-edital-para-financiar-projetos-de-cunho-social\/#breadcrumb"},"inLanguage":"pt-BR","potentialAction":[{"@type":"ReadAction","target":["https:\/\/marcelolopes.jor.br\/site\/2021\/11\/06\/vara-criminal-lanca-edital-para-financiar-projetos-de-cunho-social\/"]}]},{"@type":"ImageObject","inLanguage":"pt-BR","@id":"https:\/\/marcelolopes.jor.br\/site\/2021\/11\/06\/vara-criminal-lanca-edital-para-financiar-projetos-de-cunho-social\/#primaryimage","url":"https:\/\/marcelolopes.jor.br\/site\/wp-content\/uploads\/2019\/08\/Forum-fachada.jpg","contentUrl":"https:\/\/marcelolopes.jor.br\/site\/wp-content\/uploads\/2019\/08\/Forum-fachada.jpg","width":800,"height":600},{"@type":"BreadcrumbList","@id":"https:\/\/marcelolopes.jor.br\/site\/2021\/11\/06\/vara-criminal-lanca-edital-para-financiar-projetos-de-cunho-social\/#breadcrumb","itemListElement":[{"@type":"ListItem","position":1,"name":"Home","item":"https:\/\/marcelolopes.jor.br\/site\/"},{"@type":"ListItem","position":2,"name":"Vara Criminal lan\u00e7a edital para financiar projetos de cunho social"}]},{"@type":"WebSite","@id":"https:\/\/marcelolopes.jor.br\/site\/#website","url":"https:\/\/marcelolopes.jor.br\/site\/","name":"Marcelo Lopes","description":"Not\u00edcias de Cataguases e Regi\u00e3o","publisher":{"@id":"https:\/\/marcelolopes.jor.br\/site\/#organization"},"potentialAction":[{"@type":"SearchAction","target":{"@type":"EntryPoint","urlTemplate":"https:\/\/marcelolopes.jor.br\/site\/?s={search_term_string}"},"query-input":{"@type":"PropertyValueSpecification","valueRequired":true,"valueName":"search_term_string"}}],"inLanguage":"pt-BR"},{"@type":"Organization","@id":"https:\/\/marcelolopes.jor.br\/site\/#organization","name":"Site do Marcelo Lopes","url":"https:\/\/marcelolopes.jor.br\/site\/","logo":{"@type":"ImageObject","inLanguage":"pt-BR","@id":"https:\/\/marcelolopes.jor.br\/site\/#\/schema\/logo\/image\/","url":"https:\/\/marcelolopes.jor.br\/site\/wp-content\/uploads\/2024\/11\/logo-1.png","contentUrl":"https:\/\/marcelolopes.jor.br\/site\/wp-content\/uploads\/2024\/11\/logo-1.png","width":475,"height":80,"caption":"Site do Marcelo Lopes"},"image":{"@id":"https:\/\/marcelolopes.jor.br\/site\/#\/schema\/logo\/image\/"},"sameAs":["https:\/\/www.facebook.com\/sitedomarcelolopes","https:\/\/www.instagram.com\/sitedomarcelolopes\/","https:\/\/www.linkedin.com\/company\/site-do-marcelo-lopes\/","https:\/\/www.youtube.com\/user\/marcelolopes957"]},{"@type":"Person","@id":"https:\/\/marcelolopes.jor.br\/site\/#\/schema\/person\/3e7216a35c34d8fdf952b31da3d1f89f","name":"Marcelo Lopes","sameAs":["http:\/\/www.marcelolopes.jor.br"],"url":"https:\/\/marcelolopes.jor.br\/site\/author\/marcelo\/"}]}},"wps_subtitle":"A sele\u00e7\u00e3o p\u00fablica busca alcan\u00e7ar o maior n\u00famero poss\u00edvel de interessados.","_links":{"self":[{"href":"https:\/\/marcelolopes.jor.br\/site\/wp-json\/wp\/v2\/posts\/28248","targetHints":{"allow":["GET"]}}],"collection":[{"href":"https:\/\/marcelolopes.jor.br\/site\/wp-json\/wp\/v2\/posts"}],"about":[{"href":"https:\/\/marcelolopes.jor.br\/site\/wp-json\/wp\/v2\/types\/post"}],"author":[{"embeddable":true,"href":"https:\/\/marcelolopes.jor.br\/site\/wp-json\/wp\/v2\/users\/2"}],"replies":[{"embeddable":true,"href":"https:\/\/marcelolopes.jor.br\/site\/wp-json\/wp\/v2\/comments?post=28248"}],"version-history":[{"count":0,"href":"https:\/\/marcelolopes.jor.br\/site\/wp-json\/wp\/v2\/posts\/28248\/revisions"}],"wp:featuredmedia":[{"embeddable":true,"href":"https:\/\/marcelolopes.jor.br\/site\/wp-json\/wp\/v2\/media\/4470"}],"wp:attachment":[{"href":"https:\/\/marcelolopes.jor.br\/site\/wp-json\/wp\/v2\/media?parent=28248"}],"wp:term":[{"taxonomy":"category","embeddable":true,"href":"https:\/\/marcelolopes.jor.br\/site\/wp-json\/wp\/v2\/categories?post=28248"},{"taxonomy":"post_tag","embeddable":true,"href":"https:\/\/marcelolopes.jor.br\/site\/wp-json\/wp\/v2\/tags?post=28248"}],"curies":[{"name":"wp","href":"https:\/\/api.w.org\/{rel}","templated":true}]}}