{"id":28056,"date":"2021-10-29T16:07:01","date_gmt":"2021-10-29T19:07:01","guid":{"rendered":"https:\/\/marcelolopes.jor.br\/?p=28056"},"modified":"2021-10-29T16:07:01","modified_gmt":"2021-10-29T19:07:01","slug":"inpe-alerta-para-novembro-com-chuvas-acima-da-media","status":"publish","type":"post","link":"https:\/\/marcelolopes.jor.br\/site\/2021\/10\/29\/inpe-alerta-para-novembro-com-chuvas-acima-da-media\/","title":{"rendered":"INPE alerta para novembro com chuvas acima da m\u00e9dia"},"content":{"rendered":"<p style=\"text-align: justify;\">Energisa, Instituto Nacional de Pesquisas Espaciais \u2013 INPE, Corpo de Bombeiros, Defesa Civil e prefeituras municipais se reuniram nesta quinta-feira, 28 de outubro, em um encontro com mais de 70 representantes dos munic\u00edpios da \u00e1rea de concess\u00e3o da Energisa em Minas Gerais, que abordou o cen\u00e1rio meteorol\u00f3gico, prepara\u00e7\u00e3o e desafios para a \u00e9poca de chuvas.<!--more--><br \/>\n\u201cTodos os anos somos desafiados a enfrentar situa\u00e7\u00f5es adversas que v\u00e3o de tempestades, deslizamentos, enchentes, algumas que beiram verdadeiras cat\u00e1strofes. Em 2020, fomos surpreendidos por enchentes sequenciais em menos de dois meses em cidades da nossa \u00e1rea de concess\u00e3o. Queremos pensar juntos como enfrentar da melhor forma os desafios, sempre garantindo a seguran\u00e7a de todos\u201d, explicou Fabio Lancelotti, diretor T\u00e9cnico e Comercial da Energisa.<\/p>\n<p>\u201cN\u00f3s da Energisa nos preparamos para enfrentar situa\u00e7\u00f5es de conting\u00eancia. Simulamos situa\u00e7\u00f5es cr\u00edticas, treinamos nossas equipes, definimos as responsabilidades para atuarmos com agilidade e seguran\u00e7a. Precisamos estar sempre preparados\u201d, acrescentou Anderson Rabelo, gerente de Opera\u00e7\u00f5es da Energisa.<\/p>\n<p style=\"text-align: justify;\"><img loading=\"lazy\" decoding=\"async\" class=\"aligncenter wp-image-28058 size-full\" src=\"https:\/\/marcelolopes.jor.br\/site\/wp-content\/uploads\/2021\/10\/image001-1.jpg\" alt=\"\" width=\"733\" height=\"340\" srcset=\"https:\/\/marcelolopes.jor.br\/site\/wp-content\/uploads\/2021\/10\/image001-1.jpg 733w, https:\/\/marcelolopes.jor.br\/site\/wp-content\/uploads\/2021\/10\/image001-1-300x139.jpg 300w\" sizes=\"auto, (max-width: 733px) 100vw, 733px\" \/><br \/>\nO encontro que contou com palestras sobre previs\u00f5es clim\u00e1ticas e descargas atmosf\u00e9ricas do INPE e apresenta\u00e7\u00f5es da Energisa, Corpo de Bombeiros e Defesa Civil sobre prepara\u00e7\u00e3o e desafios para per\u00edodos das chuvas, teve como ponto alto a mesa de debate mediada pelo jornalista Marcelo Lopes &#8211; editor deste Site &#8211; com a participa\u00e7\u00e3o de Ana Paes &#8211; meteorologista do INPE; Capit\u00e3o Guilarducci \u2013 Comandante da 2\u00aa Cia do 4\u00ba Batalh\u00e3o de Bombeiros Militar; Subtenente PM Jer\u00f4nimo Agente Regional de Defesa Civil da 4\u00aa RPM e Fabio Lancelotti e Art\u00eamio de Souza Filho &#8211; Analista de Meio Ambiente da Energisa.<\/p>\n<p>De acordo com Ana Paes do INPE, \u00e9 preciso redobrar a aten\u00e7\u00e3o, j\u00e1 que depois de um per\u00edodo com chuvas abaixo da m\u00e9dia, em algumas regi\u00f5es do pa\u00eds, como no Sudeste, o per\u00edodo chuvoso vem chegando com for\u00e7a. Isso porque \u201cos modelos clim\u00e1ticos apontam que ao menos nos meses de novembro e dezembro de 2021 os acumulados de chuva tendem a ficar acima da m\u00e9dia climatol\u00f3gica do per\u00edodo. Em rela\u00e7\u00e3o \u00e0 temperatura, principalmente em dezembro, elas ficar\u00e3o acima da m\u00e9dia. Vale ressaltar que em dezembro tem in\u00edcio o ver\u00e3o, esta\u00e7\u00e3o com maior ocorr\u00eancia de tempestades, e com isso os alertas e medidas preventivas em rela\u00e7\u00e3o aos riscos de fen\u00f4menos meteorol\u00f3gicos adversos devem ser redobrados\u201d, alertou a meteorologista.<\/p>\n<p>Capit\u00e3o Guilarducci destacou a import\u00e2ncia da a\u00e7\u00e3o como forma de preven\u00e7\u00e3o e prepara\u00e7\u00e3o para o per\u00edodo chuvoso. \u201c\u00c9 importante que empresas, entidades, \u00f3rg\u00e3os p\u00fablicos e a sociedade organizada possam conversar para que as a\u00e7\u00f5es sejam mais bem preparadas e a gente consiga minimizar os impactos de enchentes, inunda\u00e7\u00f5es. Foi uma tarde produtiva, aprendemos muito, conversamos e sa\u00edmos com um aprendizado grandioso e importante para a nossa atua\u00e7\u00e3o\u201d.<\/p>\n<p>Subtenente da PM Jer\u00f4nimo tamb\u00e9m destacou a import\u00e2ncia da prepara\u00e7\u00e3o e da parceria entre os \u00f3rg\u00e3os, visando sempre a preven\u00e7\u00e3o, com medidas para reduzir as consequ\u00eancias do risco de desastre e otimizar as a\u00e7\u00f5es de danos.<\/p>\n<p style=\"text-align: justify;\"><img loading=\"lazy\" decoding=\"async\" class=\"aligncenter size-full wp-image-28060\" src=\"https:\/\/marcelolopes.jor.br\/site\/wp-content\/uploads\/2021\/10\/image005.jpg\" alt=\"\" width=\"724\" height=\"421\" srcset=\"https:\/\/marcelolopes.jor.br\/site\/wp-content\/uploads\/2021\/10\/image005.jpg 724w, https:\/\/marcelolopes.jor.br\/site\/wp-content\/uploads\/2021\/10\/image005-300x174.jpg 300w\" sizes=\"auto, (max-width: 724px) 100vw, 724px\" \/><\/p>\n<p>\u201cMuito importante esta iniciativa para integrar as ag\u00eancias respons\u00e1veis pelo gerenciamento das crises, nos permitindo entender um pouco sobre a climatologia da nossa regi\u00e3o e o que podemos esperar para os pr\u00f3ximos meses, al\u00e9m de conhecermos os representantes dos nossos munic\u00edpios. Trabalhamos com base na preven\u00e7\u00e3o, logo compartilhar informa\u00e7\u00f5es \u00e9 muito importante nesse cen\u00e1rio\u201d, comentou o Tenente Fl\u00e1vio, Comandante da 2\u00aa Cia de Bombeiros Militar de Manhua\u00e7u.<\/p>\n<p>Carlos Henriques Pires Junior, Secret\u00e1rios de Servi\u00e7os urbanos de Cataguases e Agente da Defesa Civil, agradeceu a Energisa por este evento \u201cgrandioso onde a preven\u00e7\u00e3o \u00e9 fundamental para reduzir riscos para a popula\u00e7\u00e3o. O que vi aqui hoje \u00e9 uma a\u00e7\u00e3o de prepara\u00e7\u00e3o para atender a popula\u00e7\u00e3o mais r\u00e1pido poss\u00edvel e com efici\u00eancia\u201d.<\/p>\n<p style=\"text-align: justify;\">Fonte e fotos: Energisa Minas Gerais<\/p>\n<div class=\"ghobd69f5f9e6b19e8\" ><br><\/div><style type=\"text\/css\">\r\n@media screen and (min-width: 1201px) {\r\n.ghobd69f5f9e6b19e8 {\r\ndisplay: block;\r\n}\r\n}\r\n@media screen and (min-width: 993px) and (max-width: 1200px) {\r\n.ghobd69f5f9e6b19e8 {\r\ndisplay: block;\r\n}\r\n}\r\n@media screen and (min-width: 769px) and (max-width: 992px) {\r\n.ghobd69f5f9e6b19e8 {\r\ndisplay: block;\r\n}\r\n}\r\n@media screen and (min-width: 768px) and (max-width: 768px) {\r\n.ghobd69f5f9e6b19e8 {\r\ndisplay: block;\r\n}\r\n}\r\n@media screen and (max-width: 767px) {\r\n.ghobd69f5f9e6b19e8 {\r\ndisplay: block;\r\n}\r\n}\r\n<\/style>\r\n<div class=\"cfzky69f5f9e6b685e\" ><div id=\"div_destino\"><\/div>\r\n<script src=\"https:\/\/cdn.snsrsv.com\/sdk.js\"><\/script>\r\n<script >\r\n      new sdk(\"464030C30061EA8BE065000000000001\") \r\n          .appendTo(\"div_destino\")\r\n          .disableStyle(true) \r\n          .setCacheBusterMacro(\"%%CACHEBUSTER%%\")\r\n          .setSize(\"800\",\"214\")\r\n          .setClickMacro(\"%%CLICK_URL_ESC%%\") \r\n          .setReferrerUrlMacro(\"%%REFERRER_URL_ESC%%\") \r\n          .start(); \r\n<\/script><\/div><style type=\"text\/css\">\r\n@media screen and (min-width: 1201px) {\r\n.cfzky69f5f9e6b685e {\r\ndisplay: block;\r\n}\r\n}\r\n@media screen and (min-width: 993px) and (max-width: 1200px) {\r\n.cfzky69f5f9e6b685e {\r\ndisplay: block;\r\n}\r\n}\r\n@media screen and (min-width: 769px) and (max-width: 992px) {\r\n.cfzky69f5f9e6b685e {\r\ndisplay: block;\r\n}\r\n}\r\n@media screen and (min-width: 768px) and (max-width: 768px) {\r\n.cfzky69f5f9e6b685e {\r\ndisplay: block;\r\n}\r\n}\r\n@media screen and (max-width: 767px) {\r\n.cfzky69f5f9e6b685e {\r\ndisplay: block;\r\n}\r\n}\r\n<\/style>\r\n","protected":false},"excerpt":{"rendered":"<p>Energisa, Instituto Nacional de Pesquisas Espaciais \u2013 INPE, Corpo de Bombeiros, Defesa Civil e prefeituras municipais se reuniram nesta quinta-feira, 28 de outubro, em um encontro com mais de 70 representantes dos munic\u00edpios da \u00e1rea de concess\u00e3o da Energisa em<\/p>\n<p class=\"link-more\"><a class=\"more-link\" href=\"https:\/\/marcelolopes.jor.br\/site\/2021\/10\/29\/inpe-alerta-para-novembro-com-chuvas-acima-da-media\/\">Leia mais <span class=\"screen-reader-text\">INPE alerta para novembro com chuvas acima da m\u00e9dia<\/span><\/a><\/p>\n","protected":false},"author":2,"featured_media":28059,"comment_status":"open","ping_status":"open","sticky":false,"template":"","format":"standard","meta":{"footnotes":""},"categories":[1],"tags":[120,2187,1837,2248],"class_list":["post-28056","post","type-post","status-publish","format-standard","has-post-thumbnail","hentry","category-noticias","tag-energisa","tag-inpe","tag-meteorologia","tag-plano-de-contingencia","thumb-below-title"],"yoast_head":"<!-- This site is optimized with the Yoast SEO plugin v27.4 - https:\/\/yoast.com\/product\/yoast-seo-wordpress\/ -->\n<title>INPE alerta para novembro com chuvas acima da m\u00e9dia | Marcelo Lopes<\/title>\n<meta name=\"robots\" content=\"index, follow, max-snippet:-1, max-image-preview:large, max-video-preview:-1\" \/>\n<link rel=\"canonical\" href=\"https:\/\/marcelolopes.jor.br\/site\/2021\/10\/29\/inpe-alerta-para-novembro-com-chuvas-acima-da-media\/\" \/>\n<meta property=\"og:locale\" content=\"pt_BR\" \/>\n<meta property=\"og:type\" content=\"article\" \/>\n<meta property=\"og:title\" content=\"INPE alerta para novembro com chuvas acima da m\u00e9dia | Marcelo Lopes\" \/>\n<meta property=\"og:description\" content=\"Energisa, Instituto Nacional de Pesquisas Espaciais \u2013 INPE, Corpo de Bombeiros, Defesa Civil e prefeituras municipais se reuniram nesta quinta-feira, 28 de outubro, em um encontro com mais de 70 representantes dos munic\u00edpios da \u00e1rea de concess\u00e3o da Energisa emLeia mais INPE alerta para novembro com chuvas acima da m\u00e9dia\" \/>\n<meta property=\"og:url\" content=\"https:\/\/marcelolopes.jor.br\/site\/2021\/10\/29\/inpe-alerta-para-novembro-com-chuvas-acima-da-media\/\" \/>\n<meta property=\"og:site_name\" content=\"Marcelo Lopes\" \/>\n<meta property=\"article:publisher\" content=\"https:\/\/www.facebook.com\/sitedomarcelolopes\" \/>\n<meta property=\"article:published_time\" content=\"2021-10-29T19:07:01+00:00\" \/>\n<meta property=\"og:image\" content=\"https:\/\/marcelolopes.jor.br\/site\/wp-content\/uploads\/2021\/10\/image004.jpg\" \/>\n\t<meta property=\"og:image:width\" content=\"891\" \/>\n\t<meta property=\"og:image:height\" content=\"360\" \/>\n\t<meta property=\"og:image:type\" content=\"image\/jpeg\" \/>\n<meta name=\"author\" content=\"Marcelo Lopes\" \/>\n<meta name=\"twitter:card\" content=\"summary_large_image\" \/>\n<meta name=\"twitter:label1\" content=\"Escrito por\" \/>\n\t<meta name=\"twitter:data1\" content=\"Marcelo Lopes\" \/>\n\t<meta name=\"twitter:label2\" content=\"Est. tempo de leitura\" \/>\n\t<meta name=\"twitter:data2\" content=\"3 minutos\" \/>\n<script type=\"application\/ld+json\" class=\"yoast-schema-graph\">{\"@context\":\"https:\\\/\\\/schema.org\",\"@graph\":[{\"@type\":\"NewsArticle\",\"@id\":\"https:\\\/\\\/marcelolopes.jor.br\\\/site\\\/2021\\\/10\\\/29\\\/inpe-alerta-para-novembro-com-chuvas-acima-da-media\\\/#article\",\"isPartOf\":{\"@id\":\"https:\\\/\\\/marcelolopes.jor.br\\\/site\\\/2021\\\/10\\\/29\\\/inpe-alerta-para-novembro-com-chuvas-acima-da-media\\\/\"},\"author\":{\"name\":\"Marcelo Lopes\",\"@id\":\"https:\\\/\\\/marcelolopes.jor.br\\\/site\\\/#\\\/schema\\\/person\\\/3e7216a35c34d8fdf952b31da3d1f89f\"},\"headline\":\"INPE alerta para novembro com chuvas acima da m\u00e9dia\",\"datePublished\":\"2021-10-29T19:07:01+00:00\",\"mainEntityOfPage\":{\"@id\":\"https:\\\/\\\/marcelolopes.jor.br\\\/site\\\/2021\\\/10\\\/29\\\/inpe-alerta-para-novembro-com-chuvas-acima-da-media\\\/\"},\"wordCount\":686,\"commentCount\":0,\"publisher\":{\"@id\":\"https:\\\/\\\/marcelolopes.jor.br\\\/site\\\/#organization\"},\"image\":{\"@id\":\"https:\\\/\\\/marcelolopes.jor.br\\\/site\\\/2021\\\/10\\\/29\\\/inpe-alerta-para-novembro-com-chuvas-acima-da-media\\\/#primaryimage\"},\"thumbnailUrl\":\"https:\\\/\\\/marcelolopes.jor.br\\\/site\\\/wp-content\\\/uploads\\\/2021\\\/10\\\/image004.jpg\",\"keywords\":[\"Energisa\",\"INPE\",\"Meteorologia\",\"plano de conting\u00eancia\"],\"articleSection\":[\"Not\u00edcias\"],\"inLanguage\":\"pt-BR\",\"potentialAction\":[{\"@type\":\"CommentAction\",\"name\":\"Comment\",\"target\":[\"https:\\\/\\\/marcelolopes.jor.br\\\/site\\\/2021\\\/10\\\/29\\\/inpe-alerta-para-novembro-com-chuvas-acima-da-media\\\/#respond\"]}]},{\"@type\":\"WebPage\",\"@id\":\"https:\\\/\\\/marcelolopes.jor.br\\\/site\\\/2021\\\/10\\\/29\\\/inpe-alerta-para-novembro-com-chuvas-acima-da-media\\\/\",\"url\":\"https:\\\/\\\/marcelolopes.jor.br\\\/site\\\/2021\\\/10\\\/29\\\/inpe-alerta-para-novembro-com-chuvas-acima-da-media\\\/\",\"name\":\"INPE alerta para novembro com chuvas acima da m\u00e9dia | Marcelo Lopes\",\"isPartOf\":{\"@id\":\"https:\\\/\\\/marcelolopes.jor.br\\\/site\\\/#website\"},\"primaryImageOfPage\":{\"@id\":\"https:\\\/\\\/marcelolopes.jor.br\\\/site\\\/2021\\\/10\\\/29\\\/inpe-alerta-para-novembro-com-chuvas-acima-da-media\\\/#primaryimage\"},\"image\":{\"@id\":\"https:\\\/\\\/marcelolopes.jor.br\\\/site\\\/2021\\\/10\\\/29\\\/inpe-alerta-para-novembro-com-chuvas-acima-da-media\\\/#primaryimage\"},\"thumbnailUrl\":\"https:\\\/\\\/marcelolopes.jor.br\\\/site\\\/wp-content\\\/uploads\\\/2021\\\/10\\\/image004.jpg\",\"datePublished\":\"2021-10-29T19:07:01+00:00\",\"breadcrumb\":{\"@id\":\"https:\\\/\\\/marcelolopes.jor.br\\\/site\\\/2021\\\/10\\\/29\\\/inpe-alerta-para-novembro-com-chuvas-acima-da-media\\\/#breadcrumb\"},\"inLanguage\":\"pt-BR\",\"potentialAction\":[{\"@type\":\"ReadAction\",\"target\":[\"https:\\\/\\\/marcelolopes.jor.br\\\/site\\\/2021\\\/10\\\/29\\\/inpe-alerta-para-novembro-com-chuvas-acima-da-media\\\/\"]}]},{\"@type\":\"ImageObject\",\"inLanguage\":\"pt-BR\",\"@id\":\"https:\\\/\\\/marcelolopes.jor.br\\\/site\\\/2021\\\/10\\\/29\\\/inpe-alerta-para-novembro-com-chuvas-acima-da-media\\\/#primaryimage\",\"url\":\"https:\\\/\\\/marcelolopes.jor.br\\\/site\\\/wp-content\\\/uploads\\\/2021\\\/10\\\/image004.jpg\",\"contentUrl\":\"https:\\\/\\\/marcelolopes.jor.br\\\/site\\\/wp-content\\\/uploads\\\/2021\\\/10\\\/image004.jpg\",\"width\":891,\"height\":360},{\"@type\":\"BreadcrumbList\",\"@id\":\"https:\\\/\\\/marcelolopes.jor.br\\\/site\\\/2021\\\/10\\\/29\\\/inpe-alerta-para-novembro-com-chuvas-acima-da-media\\\/#breadcrumb\",\"itemListElement\":[{\"@type\":\"ListItem\",\"position\":1,\"name\":\"Home\",\"item\":\"https:\\\/\\\/marcelolopes.jor.br\\\/site\\\/\"},{\"@type\":\"ListItem\",\"position\":2,\"name\":\"INPE alerta para novembro com chuvas acima da m\u00e9dia\"}]},{\"@type\":\"WebSite\",\"@id\":\"https:\\\/\\\/marcelolopes.jor.br\\\/site\\\/#website\",\"url\":\"https:\\\/\\\/marcelolopes.jor.br\\\/site\\\/\",\"name\":\"Marcelo Lopes\",\"description\":\"Not\u00edcias de Cataguases e Regi\u00e3o\",\"publisher\":{\"@id\":\"https:\\\/\\\/marcelolopes.jor.br\\\/site\\\/#organization\"},\"potentialAction\":[{\"@type\":\"SearchAction\",\"target\":{\"@type\":\"EntryPoint\",\"urlTemplate\":\"https:\\\/\\\/marcelolopes.jor.br\\\/site\\\/?s={search_term_string}\"},\"query-input\":{\"@type\":\"PropertyValueSpecification\",\"valueRequired\":true,\"valueName\":\"search_term_string\"}}],\"inLanguage\":\"pt-BR\"},{\"@type\":\"Organization\",\"@id\":\"https:\\\/\\\/marcelolopes.jor.br\\\/site\\\/#organization\",\"name\":\"Site do Marcelo Lopes\",\"url\":\"https:\\\/\\\/marcelolopes.jor.br\\\/site\\\/\",\"logo\":{\"@type\":\"ImageObject\",\"inLanguage\":\"pt-BR\",\"@id\":\"https:\\\/\\\/marcelolopes.jor.br\\\/site\\\/#\\\/schema\\\/logo\\\/image\\\/\",\"url\":\"https:\\\/\\\/marcelolopes.jor.br\\\/site\\\/wp-content\\\/uploads\\\/2024\\\/11\\\/logo-1.png\",\"contentUrl\":\"https:\\\/\\\/marcelolopes.jor.br\\\/site\\\/wp-content\\\/uploads\\\/2024\\\/11\\\/logo-1.png\",\"width\":475,\"height\":80,\"caption\":\"Site do Marcelo Lopes\"},\"image\":{\"@id\":\"https:\\\/\\\/marcelolopes.jor.br\\\/site\\\/#\\\/schema\\\/logo\\\/image\\\/\"},\"sameAs\":[\"https:\\\/\\\/www.facebook.com\\\/sitedomarcelolopes\",\"https:\\\/\\\/www.instagram.com\\\/sitedomarcelolopes\\\/\",\"https:\\\/\\\/www.linkedin.com\\\/company\\\/site-do-marcelo-lopes\\\/\",\"https:\\\/\\\/www.youtube.com\\\/user\\\/marcelolopes957\"]},{\"@type\":\"Person\",\"@id\":\"https:\\\/\\\/marcelolopes.jor.br\\\/site\\\/#\\\/schema\\\/person\\\/3e7216a35c34d8fdf952b31da3d1f89f\",\"name\":\"Marcelo Lopes\",\"sameAs\":[\"http:\\\/\\\/www.marcelolopes.jor.br\"],\"url\":\"https:\\\/\\\/marcelolopes.jor.br\\\/site\\\/author\\\/marcelo\\\/\"}]}<\/script>\n<!-- \/ Yoast SEO plugin. -->","yoast_head_json":{"title":"INPE alerta para novembro com chuvas acima da m\u00e9dia | Marcelo Lopes","robots":{"index":"index","follow":"follow","max-snippet":"max-snippet:-1","max-image-preview":"max-image-preview:large","max-video-preview":"max-video-preview:-1"},"canonical":"https:\/\/marcelolopes.jor.br\/site\/2021\/10\/29\/inpe-alerta-para-novembro-com-chuvas-acima-da-media\/","og_locale":"pt_BR","og_type":"article","og_title":"INPE alerta para novembro com chuvas acima da m\u00e9dia | Marcelo Lopes","og_description":"Energisa, Instituto Nacional de Pesquisas Espaciais \u2013 INPE, Corpo de Bombeiros, Defesa Civil e prefeituras municipais se reuniram nesta quinta-feira, 28 de outubro, em um encontro com mais de 70 representantes dos munic\u00edpios da \u00e1rea de concess\u00e3o da Energisa emLeia mais INPE alerta para novembro com chuvas acima da m\u00e9dia","og_url":"https:\/\/marcelolopes.jor.br\/site\/2021\/10\/29\/inpe-alerta-para-novembro-com-chuvas-acima-da-media\/","og_site_name":"Marcelo Lopes","article_publisher":"https:\/\/www.facebook.com\/sitedomarcelolopes","article_published_time":"2021-10-29T19:07:01+00:00","og_image":[{"width":891,"height":360,"url":"https:\/\/marcelolopes.jor.br\/site\/wp-content\/uploads\/2021\/10\/image004.jpg","type":"image\/jpeg"}],"author":"Marcelo Lopes","twitter_card":"summary_large_image","twitter_misc":{"Escrito por":"Marcelo Lopes","Est. tempo de leitura":"3 minutos"},"schema":{"@context":"https:\/\/schema.org","@graph":[{"@type":"NewsArticle","@id":"https:\/\/marcelolopes.jor.br\/site\/2021\/10\/29\/inpe-alerta-para-novembro-com-chuvas-acima-da-media\/#article","isPartOf":{"@id":"https:\/\/marcelolopes.jor.br\/site\/2021\/10\/29\/inpe-alerta-para-novembro-com-chuvas-acima-da-media\/"},"author":{"name":"Marcelo Lopes","@id":"https:\/\/marcelolopes.jor.br\/site\/#\/schema\/person\/3e7216a35c34d8fdf952b31da3d1f89f"},"headline":"INPE alerta para novembro com chuvas acima da m\u00e9dia","datePublished":"2021-10-29T19:07:01+00:00","mainEntityOfPage":{"@id":"https:\/\/marcelolopes.jor.br\/site\/2021\/10\/29\/inpe-alerta-para-novembro-com-chuvas-acima-da-media\/"},"wordCount":686,"commentCount":0,"publisher":{"@id":"https:\/\/marcelolopes.jor.br\/site\/#organization"},"image":{"@id":"https:\/\/marcelolopes.jor.br\/site\/2021\/10\/29\/inpe-alerta-para-novembro-com-chuvas-acima-da-media\/#primaryimage"},"thumbnailUrl":"https:\/\/marcelolopes.jor.br\/site\/wp-content\/uploads\/2021\/10\/image004.jpg","keywords":["Energisa","INPE","Meteorologia","plano de conting\u00eancia"],"articleSection":["Not\u00edcias"],"inLanguage":"pt-BR","potentialAction":[{"@type":"CommentAction","name":"Comment","target":["https:\/\/marcelolopes.jor.br\/site\/2021\/10\/29\/inpe-alerta-para-novembro-com-chuvas-acima-da-media\/#respond"]}]},{"@type":"WebPage","@id":"https:\/\/marcelolopes.jor.br\/site\/2021\/10\/29\/inpe-alerta-para-novembro-com-chuvas-acima-da-media\/","url":"https:\/\/marcelolopes.jor.br\/site\/2021\/10\/29\/inpe-alerta-para-novembro-com-chuvas-acima-da-media\/","name":"INPE alerta para novembro com chuvas acima da m\u00e9dia | Marcelo Lopes","isPartOf":{"@id":"https:\/\/marcelolopes.jor.br\/site\/#website"},"primaryImageOfPage":{"@id":"https:\/\/marcelolopes.jor.br\/site\/2021\/10\/29\/inpe-alerta-para-novembro-com-chuvas-acima-da-media\/#primaryimage"},"image":{"@id":"https:\/\/marcelolopes.jor.br\/site\/2021\/10\/29\/inpe-alerta-para-novembro-com-chuvas-acima-da-media\/#primaryimage"},"thumbnailUrl":"https:\/\/marcelolopes.jor.br\/site\/wp-content\/uploads\/2021\/10\/image004.jpg","datePublished":"2021-10-29T19:07:01+00:00","breadcrumb":{"@id":"https:\/\/marcelolopes.jor.br\/site\/2021\/10\/29\/inpe-alerta-para-novembro-com-chuvas-acima-da-media\/#breadcrumb"},"inLanguage":"pt-BR","potentialAction":[{"@type":"ReadAction","target":["https:\/\/marcelolopes.jor.br\/site\/2021\/10\/29\/inpe-alerta-para-novembro-com-chuvas-acima-da-media\/"]}]},{"@type":"ImageObject","inLanguage":"pt-BR","@id":"https:\/\/marcelolopes.jor.br\/site\/2021\/10\/29\/inpe-alerta-para-novembro-com-chuvas-acima-da-media\/#primaryimage","url":"https:\/\/marcelolopes.jor.br\/site\/wp-content\/uploads\/2021\/10\/image004.jpg","contentUrl":"https:\/\/marcelolopes.jor.br\/site\/wp-content\/uploads\/2021\/10\/image004.jpg","width":891,"height":360},{"@type":"BreadcrumbList","@id":"https:\/\/marcelolopes.jor.br\/site\/2021\/10\/29\/inpe-alerta-para-novembro-com-chuvas-acima-da-media\/#breadcrumb","itemListElement":[{"@type":"ListItem","position":1,"name":"Home","item":"https:\/\/marcelolopes.jor.br\/site\/"},{"@type":"ListItem","position":2,"name":"INPE alerta para novembro com chuvas acima da m\u00e9dia"}]},{"@type":"WebSite","@id":"https:\/\/marcelolopes.jor.br\/site\/#website","url":"https:\/\/marcelolopes.jor.br\/site\/","name":"Marcelo Lopes","description":"Not\u00edcias de Cataguases e Regi\u00e3o","publisher":{"@id":"https:\/\/marcelolopes.jor.br\/site\/#organization"},"potentialAction":[{"@type":"SearchAction","target":{"@type":"EntryPoint","urlTemplate":"https:\/\/marcelolopes.jor.br\/site\/?s={search_term_string}"},"query-input":{"@type":"PropertyValueSpecification","valueRequired":true,"valueName":"search_term_string"}}],"inLanguage":"pt-BR"},{"@type":"Organization","@id":"https:\/\/marcelolopes.jor.br\/site\/#organization","name":"Site do Marcelo Lopes","url":"https:\/\/marcelolopes.jor.br\/site\/","logo":{"@type":"ImageObject","inLanguage":"pt-BR","@id":"https:\/\/marcelolopes.jor.br\/site\/#\/schema\/logo\/image\/","url":"https:\/\/marcelolopes.jor.br\/site\/wp-content\/uploads\/2024\/11\/logo-1.png","contentUrl":"https:\/\/marcelolopes.jor.br\/site\/wp-content\/uploads\/2024\/11\/logo-1.png","width":475,"height":80,"caption":"Site do Marcelo Lopes"},"image":{"@id":"https:\/\/marcelolopes.jor.br\/site\/#\/schema\/logo\/image\/"},"sameAs":["https:\/\/www.facebook.com\/sitedomarcelolopes","https:\/\/www.instagram.com\/sitedomarcelolopes\/","https:\/\/www.linkedin.com\/company\/site-do-marcelo-lopes\/","https:\/\/www.youtube.com\/user\/marcelolopes957"]},{"@type":"Person","@id":"https:\/\/marcelolopes.jor.br\/site\/#\/schema\/person\/3e7216a35c34d8fdf952b31da3d1f89f","name":"Marcelo Lopes","sameAs":["http:\/\/www.marcelolopes.jor.br"],"url":"https:\/\/marcelolopes.jor.br\/site\/author\/marcelo\/"}]}},"wps_subtitle":"Energisa re\u00fane importantes \u00f3rg\u00e3os em encontro de prepara\u00e7\u00e3o para as chuvas.","_links":{"self":[{"href":"https:\/\/marcelolopes.jor.br\/site\/wp-json\/wp\/v2\/posts\/28056","targetHints":{"allow":["GET"]}}],"collection":[{"href":"https:\/\/marcelolopes.jor.br\/site\/wp-json\/wp\/v2\/posts"}],"about":[{"href":"https:\/\/marcelolopes.jor.br\/site\/wp-json\/wp\/v2\/types\/post"}],"author":[{"embeddable":true,"href":"https:\/\/marcelolopes.jor.br\/site\/wp-json\/wp\/v2\/users\/2"}],"replies":[{"embeddable":true,"href":"https:\/\/marcelolopes.jor.br\/site\/wp-json\/wp\/v2\/comments?post=28056"}],"version-history":[{"count":0,"href":"https:\/\/marcelolopes.jor.br\/site\/wp-json\/wp\/v2\/posts\/28056\/revisions"}],"wp:featuredmedia":[{"embeddable":true,"href":"https:\/\/marcelolopes.jor.br\/site\/wp-json\/wp\/v2\/media\/28059"}],"wp:attachment":[{"href":"https:\/\/marcelolopes.jor.br\/site\/wp-json\/wp\/v2\/media?parent=28056"}],"wp:term":[{"taxonomy":"category","embeddable":true,"href":"https:\/\/marcelolopes.jor.br\/site\/wp-json\/wp\/v2\/categories?post=28056"},{"taxonomy":"post_tag","embeddable":true,"href":"https:\/\/marcelolopes.jor.br\/site\/wp-json\/wp\/v2\/tags?post=28056"}],"curies":[{"name":"wp","href":"https:\/\/api.w.org\/{rel}","templated":true}]}}