{"id":27917,"date":"2021-10-23T12:04:47","date_gmt":"2021-10-23T15:04:47","guid":{"rendered":"https:\/\/marcelolopes.jor.br\/?p=27917"},"modified":"2021-10-23T12:04:47","modified_gmt":"2021-10-23T15:04:47","slug":"gaeco-e-policia-militar-prendem-homem-foragido-ha-10-anos","status":"publish","type":"post","link":"https:\/\/marcelolopes.jor.br\/site\/2021\/10\/23\/gaeco-e-policia-militar-prendem-homem-foragido-ha-10-anos\/","title":{"rendered":"GAECO e Pol\u00edcia Militar prendem homem foragido h\u00e1 10 anos"},"content":{"rendered":"<p style=\"text-align: justify;\">Uma opera\u00e7\u00e3o do GAECO &#8211; Grupo de Atua\u00e7\u00e3o Especial de Combate ao Crime Organizado &#8211; com apoio do servi\u00e7o de intelig\u00eancia da Pol\u00edcia Militar de Cataguases e de policiais militares de Leopoldina, prendeu um homem de 55 anos, foragido da justi\u00e7a, envolvido com o tr\u00e1fico de drogas h\u00e1 cerca de dez anos e com mandados de pris\u00e3o em aberto.<!--more--><\/p>\n<p style=\"text-align: justify;\">A Opera\u00e7\u00e3o Cortez, assim batizada, foi desencadeada pelo Minist\u00e9rio P\u00fablico de Minas Gerais, por meio do GAECO &#8211; Regional da Zona da Mata\/Juiz de Fora, em apoio a Vara de Execu\u00e7\u00f5es Criminais da cidade de Juiz de Fora, e aconteceu ao longo de toda a manh\u00e3 na zona rural entre Cataguases e Leopoldina. A equipe de Intelig\u00eancia da PM de Cataguases localizou o local onde o foragido estava e militares de Leopoldina juntamente com os agentes do GAECO o prenderam.<\/p>\n<p style=\"text-align: justify;\">No im\u00f3vel onde estava residindo, um s\u00edtio, foram encontrados documentos, tal\u00f5es de cheque e cart\u00f5es de d\u00e9bito com nome falso. O suspeito informou estar usando outra identidade por saber da exist\u00eancia de mandados de pris\u00e3o contra ele. Informou tamb\u00e9m ter recebido os documentos de uma pessoa de Manhua\u00e7u\/MG. O homem foi conduzido \u00e0 Casa de Caridade Leopoldinense pelos militares de Leopoldina onde passou por exames m\u00e9dicos e, em seguida para a Delegacia de Pol\u00edcia Civil daquela cidade onde foram tomadas as medidas administrativas.<\/p>\n<div class=\"yzgct69f5db71a077b\" ><br><\/div><style type=\"text\/css\">\r\n@media screen and (min-width: 1201px) {\r\n.yzgct69f5db71a077b {\r\ndisplay: block;\r\n}\r\n}\r\n@media screen and (min-width: 993px) and (max-width: 1200px) {\r\n.yzgct69f5db71a077b {\r\ndisplay: block;\r\n}\r\n}\r\n@media screen and (min-width: 769px) and (max-width: 992px) {\r\n.yzgct69f5db71a077b {\r\ndisplay: block;\r\n}\r\n}\r\n@media screen and (min-width: 768px) and (max-width: 768px) {\r\n.yzgct69f5db71a077b {\r\ndisplay: block;\r\n}\r\n}\r\n@media screen and (max-width: 767px) {\r\n.yzgct69f5db71a077b {\r\ndisplay: block;\r\n}\r\n}\r\n<\/style>\r\n<div class=\"vbout69f5db71a6028\" ><div id=\"div_destino\"><\/div>\r\n<script src=\"https:\/\/cdn.snsrsv.com\/sdk.js\"><\/script>\r\n<script >\r\n      new sdk(\"464030C30061EA8BE065000000000001\") \r\n          .appendTo(\"div_destino\")\r\n          .disableStyle(true) \r\n          .setCacheBusterMacro(\"%%CACHEBUSTER%%\")\r\n          .setSize(\"800\",\"214\")\r\n          .setClickMacro(\"%%CLICK_URL_ESC%%\") \r\n          .setReferrerUrlMacro(\"%%REFERRER_URL_ESC%%\") \r\n          .start(); \r\n<\/script><\/div><style type=\"text\/css\">\r\n@media screen and (min-width: 1201px) {\r\n.vbout69f5db71a6028 {\r\ndisplay: block;\r\n}\r\n}\r\n@media screen and (min-width: 993px) and (max-width: 1200px) {\r\n.vbout69f5db71a6028 {\r\ndisplay: block;\r\n}\r\n}\r\n@media screen and (min-width: 769px) and (max-width: 992px) {\r\n.vbout69f5db71a6028 {\r\ndisplay: block;\r\n}\r\n}\r\n@media screen and (min-width: 768px) and (max-width: 768px) {\r\n.vbout69f5db71a6028 {\r\ndisplay: block;\r\n}\r\n}\r\n@media screen and (max-width: 767px) {\r\n.vbout69f5db71a6028 {\r\ndisplay: block;\r\n}\r\n}\r\n<\/style>\r\n","protected":false},"excerpt":{"rendered":"<p>Uma opera\u00e7\u00e3o do GAECO &#8211; Grupo de Atua\u00e7\u00e3o Especial de Combate ao Crime Organizado &#8211; com apoio do servi\u00e7o de intelig\u00eancia da Pol\u00edcia Militar de Cataguases e de policiais militares de Leopoldina, prendeu um homem de 55 anos, foragido da<\/p>\n<p class=\"link-more\"><a class=\"more-link\" href=\"https:\/\/marcelolopes.jor.br\/site\/2021\/10\/23\/gaeco-e-policia-militar-prendem-homem-foragido-ha-10-anos\/\">Leia mais <span class=\"screen-reader-text\">GAECO e Pol\u00edcia Militar prendem homem foragido h\u00e1 10 anos<\/span><\/a><\/p>\n","protected":false},"author":2,"featured_media":26666,"comment_status":"open","ping_status":"open","sticky":false,"template":"","format":"standard","meta":{"footnotes":""},"categories":[1],"tags":[770,3147,71,4913],"class_list":["post-27917","post","type-post","status-publish","format-standard","has-post-thumbnail","hentry","category-noticias","tag-foragido","tag-gaeco","tag-ministerio-publico","tag-operacao-cortez","thumb-below-title"],"yoast_head":"<!-- This site is optimized with the Yoast SEO plugin v27.4 - https:\/\/yoast.com\/product\/yoast-seo-wordpress\/ -->\n<title>GAECO e Pol\u00edcia Militar prendem homem foragido h\u00e1 10 anos | Marcelo Lopes<\/title>\n<meta name=\"robots\" content=\"index, follow, max-snippet:-1, max-image-preview:large, max-video-preview:-1\" \/>\n<link rel=\"canonical\" href=\"https:\/\/marcelolopes.jor.br\/site\/2021\/10\/23\/gaeco-e-policia-militar-prendem-homem-foragido-ha-10-anos\/\" \/>\n<meta property=\"og:locale\" content=\"pt_BR\" \/>\n<meta property=\"og:type\" content=\"article\" \/>\n<meta property=\"og:title\" content=\"GAECO e Pol\u00edcia Militar prendem homem foragido h\u00e1 10 anos | Marcelo Lopes\" \/>\n<meta property=\"og:description\" content=\"Uma opera\u00e7\u00e3o do GAECO &#8211; Grupo de Atua\u00e7\u00e3o Especial de Combate ao Crime Organizado &#8211; com apoio do servi\u00e7o de intelig\u00eancia da Pol\u00edcia Militar de Cataguases e de policiais militares de Leopoldina, prendeu um homem de 55 anos, foragido daLeia mais GAECO e Pol\u00edcia Militar prendem homem foragido h\u00e1 10 anos\" \/>\n<meta property=\"og:url\" content=\"https:\/\/marcelolopes.jor.br\/site\/2021\/10\/23\/gaeco-e-policia-militar-prendem-homem-foragido-ha-10-anos\/\" \/>\n<meta property=\"og:site_name\" content=\"Marcelo Lopes\" \/>\n<meta property=\"article:publisher\" content=\"https:\/\/www.facebook.com\/sitedomarcelolopes\" \/>\n<meta property=\"article:published_time\" content=\"2021-10-23T15:04:47+00:00\" \/>\n<meta property=\"og:image\" content=\"https:\/\/marcelolopes.jor.br\/site\/wp-content\/uploads\/2021\/09\/viatura-pm-leopoldina.jpg\" \/>\n\t<meta property=\"og:image:width\" content=\"800\" \/>\n\t<meta property=\"og:image:height\" content=\"466\" \/>\n\t<meta property=\"og:image:type\" content=\"image\/jpeg\" \/>\n<meta name=\"author\" content=\"Marcelo Lopes\" \/>\n<meta name=\"twitter:card\" content=\"summary_large_image\" \/>\n<meta name=\"twitter:label1\" content=\"Escrito por\" \/>\n\t<meta name=\"twitter:data1\" content=\"Marcelo Lopes\" \/>\n\t<meta name=\"twitter:label2\" content=\"Est. tempo de leitura\" \/>\n\t<meta name=\"twitter:data2\" content=\"1 minuto\" \/>\n<script type=\"application\/ld+json\" class=\"yoast-schema-graph\">{\"@context\":\"https:\\\/\\\/schema.org\",\"@graph\":[{\"@type\":\"NewsArticle\",\"@id\":\"https:\\\/\\\/marcelolopes.jor.br\\\/site\\\/2021\\\/10\\\/23\\\/gaeco-e-policia-militar-prendem-homem-foragido-ha-10-anos\\\/#article\",\"isPartOf\":{\"@id\":\"https:\\\/\\\/marcelolopes.jor.br\\\/site\\\/2021\\\/10\\\/23\\\/gaeco-e-policia-militar-prendem-homem-foragido-ha-10-anos\\\/\"},\"author\":{\"name\":\"Marcelo Lopes\",\"@id\":\"https:\\\/\\\/marcelolopes.jor.br\\\/site\\\/#\\\/schema\\\/person\\\/3e7216a35c34d8fdf952b31da3d1f89f\"},\"headline\":\"GAECO e Pol\u00edcia Militar prendem homem foragido h\u00e1 10 anos\",\"datePublished\":\"2021-10-23T15:04:47+00:00\",\"mainEntityOfPage\":{\"@id\":\"https:\\\/\\\/marcelolopes.jor.br\\\/site\\\/2021\\\/10\\\/23\\\/gaeco-e-policia-militar-prendem-homem-foragido-ha-10-anos\\\/\"},\"wordCount\":256,\"commentCount\":0,\"publisher\":{\"@id\":\"https:\\\/\\\/marcelolopes.jor.br\\\/site\\\/#organization\"},\"image\":{\"@id\":\"https:\\\/\\\/marcelolopes.jor.br\\\/site\\\/2021\\\/10\\\/23\\\/gaeco-e-policia-militar-prendem-homem-foragido-ha-10-anos\\\/#primaryimage\"},\"thumbnailUrl\":\"https:\\\/\\\/marcelolopes.jor.br\\\/site\\\/wp-content\\\/uploads\\\/2021\\\/09\\\/viatura-pm-leopoldina.jpg\",\"keywords\":[\"foragido\",\"Gaeco\",\"Minist\u00e9rio P\u00fablico\",\"Opera\u00e7\u00e3o Cortez\"],\"articleSection\":[\"Not\u00edcias\"],\"inLanguage\":\"pt-BR\",\"potentialAction\":[{\"@type\":\"CommentAction\",\"name\":\"Comment\",\"target\":[\"https:\\\/\\\/marcelolopes.jor.br\\\/site\\\/2021\\\/10\\\/23\\\/gaeco-e-policia-militar-prendem-homem-foragido-ha-10-anos\\\/#respond\"]}]},{\"@type\":\"WebPage\",\"@id\":\"https:\\\/\\\/marcelolopes.jor.br\\\/site\\\/2021\\\/10\\\/23\\\/gaeco-e-policia-militar-prendem-homem-foragido-ha-10-anos\\\/\",\"url\":\"https:\\\/\\\/marcelolopes.jor.br\\\/site\\\/2021\\\/10\\\/23\\\/gaeco-e-policia-militar-prendem-homem-foragido-ha-10-anos\\\/\",\"name\":\"GAECO e Pol\u00edcia Militar prendem homem foragido h\u00e1 10 anos | Marcelo Lopes\",\"isPartOf\":{\"@id\":\"https:\\\/\\\/marcelolopes.jor.br\\\/site\\\/#website\"},\"primaryImageOfPage\":{\"@id\":\"https:\\\/\\\/marcelolopes.jor.br\\\/site\\\/2021\\\/10\\\/23\\\/gaeco-e-policia-militar-prendem-homem-foragido-ha-10-anos\\\/#primaryimage\"},\"image\":{\"@id\":\"https:\\\/\\\/marcelolopes.jor.br\\\/site\\\/2021\\\/10\\\/23\\\/gaeco-e-policia-militar-prendem-homem-foragido-ha-10-anos\\\/#primaryimage\"},\"thumbnailUrl\":\"https:\\\/\\\/marcelolopes.jor.br\\\/site\\\/wp-content\\\/uploads\\\/2021\\\/09\\\/viatura-pm-leopoldina.jpg\",\"datePublished\":\"2021-10-23T15:04:47+00:00\",\"breadcrumb\":{\"@id\":\"https:\\\/\\\/marcelolopes.jor.br\\\/site\\\/2021\\\/10\\\/23\\\/gaeco-e-policia-militar-prendem-homem-foragido-ha-10-anos\\\/#breadcrumb\"},\"inLanguage\":\"pt-BR\",\"potentialAction\":[{\"@type\":\"ReadAction\",\"target\":[\"https:\\\/\\\/marcelolopes.jor.br\\\/site\\\/2021\\\/10\\\/23\\\/gaeco-e-policia-militar-prendem-homem-foragido-ha-10-anos\\\/\"]}]},{\"@type\":\"ImageObject\",\"inLanguage\":\"pt-BR\",\"@id\":\"https:\\\/\\\/marcelolopes.jor.br\\\/site\\\/2021\\\/10\\\/23\\\/gaeco-e-policia-militar-prendem-homem-foragido-ha-10-anos\\\/#primaryimage\",\"url\":\"https:\\\/\\\/marcelolopes.jor.br\\\/site\\\/wp-content\\\/uploads\\\/2021\\\/09\\\/viatura-pm-leopoldina.jpg\",\"contentUrl\":\"https:\\\/\\\/marcelolopes.jor.br\\\/site\\\/wp-content\\\/uploads\\\/2021\\\/09\\\/viatura-pm-leopoldina.jpg\",\"width\":800,\"height\":466},{\"@type\":\"BreadcrumbList\",\"@id\":\"https:\\\/\\\/marcelolopes.jor.br\\\/site\\\/2021\\\/10\\\/23\\\/gaeco-e-policia-militar-prendem-homem-foragido-ha-10-anos\\\/#breadcrumb\",\"itemListElement\":[{\"@type\":\"ListItem\",\"position\":1,\"name\":\"Home\",\"item\":\"https:\\\/\\\/marcelolopes.jor.br\\\/site\\\/\"},{\"@type\":\"ListItem\",\"position\":2,\"name\":\"GAECO e Pol\u00edcia Militar prendem homem foragido h\u00e1 10 anos\"}]},{\"@type\":\"WebSite\",\"@id\":\"https:\\\/\\\/marcelolopes.jor.br\\\/site\\\/#website\",\"url\":\"https:\\\/\\\/marcelolopes.jor.br\\\/site\\\/\",\"name\":\"Marcelo Lopes\",\"description\":\"Not\u00edcias de Cataguases e Regi\u00e3o\",\"publisher\":{\"@id\":\"https:\\\/\\\/marcelolopes.jor.br\\\/site\\\/#organization\"},\"potentialAction\":[{\"@type\":\"SearchAction\",\"target\":{\"@type\":\"EntryPoint\",\"urlTemplate\":\"https:\\\/\\\/marcelolopes.jor.br\\\/site\\\/?s={search_term_string}\"},\"query-input\":{\"@type\":\"PropertyValueSpecification\",\"valueRequired\":true,\"valueName\":\"search_term_string\"}}],\"inLanguage\":\"pt-BR\"},{\"@type\":\"Organization\",\"@id\":\"https:\\\/\\\/marcelolopes.jor.br\\\/site\\\/#organization\",\"name\":\"Site do Marcelo Lopes\",\"url\":\"https:\\\/\\\/marcelolopes.jor.br\\\/site\\\/\",\"logo\":{\"@type\":\"ImageObject\",\"inLanguage\":\"pt-BR\",\"@id\":\"https:\\\/\\\/marcelolopes.jor.br\\\/site\\\/#\\\/schema\\\/logo\\\/image\\\/\",\"url\":\"https:\\\/\\\/marcelolopes.jor.br\\\/site\\\/wp-content\\\/uploads\\\/2024\\\/11\\\/logo-1.png\",\"contentUrl\":\"https:\\\/\\\/marcelolopes.jor.br\\\/site\\\/wp-content\\\/uploads\\\/2024\\\/11\\\/logo-1.png\",\"width\":475,\"height\":80,\"caption\":\"Site do Marcelo Lopes\"},\"image\":{\"@id\":\"https:\\\/\\\/marcelolopes.jor.br\\\/site\\\/#\\\/schema\\\/logo\\\/image\\\/\"},\"sameAs\":[\"https:\\\/\\\/www.facebook.com\\\/sitedomarcelolopes\",\"https:\\\/\\\/www.instagram.com\\\/sitedomarcelolopes\\\/\",\"https:\\\/\\\/www.linkedin.com\\\/company\\\/site-do-marcelo-lopes\\\/\",\"https:\\\/\\\/www.youtube.com\\\/user\\\/marcelolopes957\"]},{\"@type\":\"Person\",\"@id\":\"https:\\\/\\\/marcelolopes.jor.br\\\/site\\\/#\\\/schema\\\/person\\\/3e7216a35c34d8fdf952b31da3d1f89f\",\"name\":\"Marcelo Lopes\",\"sameAs\":[\"http:\\\/\\\/www.marcelolopes.jor.br\"],\"url\":\"https:\\\/\\\/marcelolopes.jor.br\\\/site\\\/author\\\/marcelo\\\/\"}]}<\/script>\n<!-- \/ Yoast SEO plugin. -->","yoast_head_json":{"title":"GAECO e Pol\u00edcia Militar prendem homem foragido h\u00e1 10 anos | Marcelo Lopes","robots":{"index":"index","follow":"follow","max-snippet":"max-snippet:-1","max-image-preview":"max-image-preview:large","max-video-preview":"max-video-preview:-1"},"canonical":"https:\/\/marcelolopes.jor.br\/site\/2021\/10\/23\/gaeco-e-policia-militar-prendem-homem-foragido-ha-10-anos\/","og_locale":"pt_BR","og_type":"article","og_title":"GAECO e Pol\u00edcia Militar prendem homem foragido h\u00e1 10 anos | Marcelo Lopes","og_description":"Uma opera\u00e7\u00e3o do GAECO &#8211; Grupo de Atua\u00e7\u00e3o Especial de Combate ao Crime Organizado &#8211; com apoio do servi\u00e7o de intelig\u00eancia da Pol\u00edcia Militar de Cataguases e de policiais militares de Leopoldina, prendeu um homem de 55 anos, foragido daLeia mais GAECO e Pol\u00edcia Militar prendem homem foragido h\u00e1 10 anos","og_url":"https:\/\/marcelolopes.jor.br\/site\/2021\/10\/23\/gaeco-e-policia-militar-prendem-homem-foragido-ha-10-anos\/","og_site_name":"Marcelo Lopes","article_publisher":"https:\/\/www.facebook.com\/sitedomarcelolopes","article_published_time":"2021-10-23T15:04:47+00:00","og_image":[{"width":800,"height":466,"url":"https:\/\/marcelolopes.jor.br\/site\/wp-content\/uploads\/2021\/09\/viatura-pm-leopoldina.jpg","type":"image\/jpeg"}],"author":"Marcelo Lopes","twitter_card":"summary_large_image","twitter_misc":{"Escrito por":"Marcelo Lopes","Est. tempo de leitura":"1 minuto"},"schema":{"@context":"https:\/\/schema.org","@graph":[{"@type":"NewsArticle","@id":"https:\/\/marcelolopes.jor.br\/site\/2021\/10\/23\/gaeco-e-policia-militar-prendem-homem-foragido-ha-10-anos\/#article","isPartOf":{"@id":"https:\/\/marcelolopes.jor.br\/site\/2021\/10\/23\/gaeco-e-policia-militar-prendem-homem-foragido-ha-10-anos\/"},"author":{"name":"Marcelo Lopes","@id":"https:\/\/marcelolopes.jor.br\/site\/#\/schema\/person\/3e7216a35c34d8fdf952b31da3d1f89f"},"headline":"GAECO e Pol\u00edcia Militar prendem homem foragido h\u00e1 10 anos","datePublished":"2021-10-23T15:04:47+00:00","mainEntityOfPage":{"@id":"https:\/\/marcelolopes.jor.br\/site\/2021\/10\/23\/gaeco-e-policia-militar-prendem-homem-foragido-ha-10-anos\/"},"wordCount":256,"commentCount":0,"publisher":{"@id":"https:\/\/marcelolopes.jor.br\/site\/#organization"},"image":{"@id":"https:\/\/marcelolopes.jor.br\/site\/2021\/10\/23\/gaeco-e-policia-militar-prendem-homem-foragido-ha-10-anos\/#primaryimage"},"thumbnailUrl":"https:\/\/marcelolopes.jor.br\/site\/wp-content\/uploads\/2021\/09\/viatura-pm-leopoldina.jpg","keywords":["foragido","Gaeco","Minist\u00e9rio P\u00fablico","Opera\u00e7\u00e3o Cortez"],"articleSection":["Not\u00edcias"],"inLanguage":"pt-BR","potentialAction":[{"@type":"CommentAction","name":"Comment","target":["https:\/\/marcelolopes.jor.br\/site\/2021\/10\/23\/gaeco-e-policia-militar-prendem-homem-foragido-ha-10-anos\/#respond"]}]},{"@type":"WebPage","@id":"https:\/\/marcelolopes.jor.br\/site\/2021\/10\/23\/gaeco-e-policia-militar-prendem-homem-foragido-ha-10-anos\/","url":"https:\/\/marcelolopes.jor.br\/site\/2021\/10\/23\/gaeco-e-policia-militar-prendem-homem-foragido-ha-10-anos\/","name":"GAECO e Pol\u00edcia Militar prendem homem foragido h\u00e1 10 anos | Marcelo Lopes","isPartOf":{"@id":"https:\/\/marcelolopes.jor.br\/site\/#website"},"primaryImageOfPage":{"@id":"https:\/\/marcelolopes.jor.br\/site\/2021\/10\/23\/gaeco-e-policia-militar-prendem-homem-foragido-ha-10-anos\/#primaryimage"},"image":{"@id":"https:\/\/marcelolopes.jor.br\/site\/2021\/10\/23\/gaeco-e-policia-militar-prendem-homem-foragido-ha-10-anos\/#primaryimage"},"thumbnailUrl":"https:\/\/marcelolopes.jor.br\/site\/wp-content\/uploads\/2021\/09\/viatura-pm-leopoldina.jpg","datePublished":"2021-10-23T15:04:47+00:00","breadcrumb":{"@id":"https:\/\/marcelolopes.jor.br\/site\/2021\/10\/23\/gaeco-e-policia-militar-prendem-homem-foragido-ha-10-anos\/#breadcrumb"},"inLanguage":"pt-BR","potentialAction":[{"@type":"ReadAction","target":["https:\/\/marcelolopes.jor.br\/site\/2021\/10\/23\/gaeco-e-policia-militar-prendem-homem-foragido-ha-10-anos\/"]}]},{"@type":"ImageObject","inLanguage":"pt-BR","@id":"https:\/\/marcelolopes.jor.br\/site\/2021\/10\/23\/gaeco-e-policia-militar-prendem-homem-foragido-ha-10-anos\/#primaryimage","url":"https:\/\/marcelolopes.jor.br\/site\/wp-content\/uploads\/2021\/09\/viatura-pm-leopoldina.jpg","contentUrl":"https:\/\/marcelolopes.jor.br\/site\/wp-content\/uploads\/2021\/09\/viatura-pm-leopoldina.jpg","width":800,"height":466},{"@type":"BreadcrumbList","@id":"https:\/\/marcelolopes.jor.br\/site\/2021\/10\/23\/gaeco-e-policia-militar-prendem-homem-foragido-ha-10-anos\/#breadcrumb","itemListElement":[{"@type":"ListItem","position":1,"name":"Home","item":"https:\/\/marcelolopes.jor.br\/site\/"},{"@type":"ListItem","position":2,"name":"GAECO e Pol\u00edcia Militar prendem homem foragido h\u00e1 10 anos"}]},{"@type":"WebSite","@id":"https:\/\/marcelolopes.jor.br\/site\/#website","url":"https:\/\/marcelolopes.jor.br\/site\/","name":"Marcelo Lopes","description":"Not\u00edcias de Cataguases e Regi\u00e3o","publisher":{"@id":"https:\/\/marcelolopes.jor.br\/site\/#organization"},"potentialAction":[{"@type":"SearchAction","target":{"@type":"EntryPoint","urlTemplate":"https:\/\/marcelolopes.jor.br\/site\/?s={search_term_string}"},"query-input":{"@type":"PropertyValueSpecification","valueRequired":true,"valueName":"search_term_string"}}],"inLanguage":"pt-BR"},{"@type":"Organization","@id":"https:\/\/marcelolopes.jor.br\/site\/#organization","name":"Site do Marcelo Lopes","url":"https:\/\/marcelolopes.jor.br\/site\/","logo":{"@type":"ImageObject","inLanguage":"pt-BR","@id":"https:\/\/marcelolopes.jor.br\/site\/#\/schema\/logo\/image\/","url":"https:\/\/marcelolopes.jor.br\/site\/wp-content\/uploads\/2024\/11\/logo-1.png","contentUrl":"https:\/\/marcelolopes.jor.br\/site\/wp-content\/uploads\/2024\/11\/logo-1.png","width":475,"height":80,"caption":"Site do Marcelo Lopes"},"image":{"@id":"https:\/\/marcelolopes.jor.br\/site\/#\/schema\/logo\/image\/"},"sameAs":["https:\/\/www.facebook.com\/sitedomarcelolopes","https:\/\/www.instagram.com\/sitedomarcelolopes\/","https:\/\/www.linkedin.com\/company\/site-do-marcelo-lopes\/","https:\/\/www.youtube.com\/user\/marcelolopes957"]},{"@type":"Person","@id":"https:\/\/marcelolopes.jor.br\/site\/#\/schema\/person\/3e7216a35c34d8fdf952b31da3d1f89f","name":"Marcelo Lopes","sameAs":["http:\/\/www.marcelolopes.jor.br"],"url":"https:\/\/marcelolopes.jor.br\/site\/author\/marcelo\/"}]}},"wps_subtitle":"Ele foi localizado pelo servi\u00e7o de intelig\u00eancia da PM de Cataguases.","_links":{"self":[{"href":"https:\/\/marcelolopes.jor.br\/site\/wp-json\/wp\/v2\/posts\/27917","targetHints":{"allow":["GET"]}}],"collection":[{"href":"https:\/\/marcelolopes.jor.br\/site\/wp-json\/wp\/v2\/posts"}],"about":[{"href":"https:\/\/marcelolopes.jor.br\/site\/wp-json\/wp\/v2\/types\/post"}],"author":[{"embeddable":true,"href":"https:\/\/marcelolopes.jor.br\/site\/wp-json\/wp\/v2\/users\/2"}],"replies":[{"embeddable":true,"href":"https:\/\/marcelolopes.jor.br\/site\/wp-json\/wp\/v2\/comments?post=27917"}],"version-history":[{"count":0,"href":"https:\/\/marcelolopes.jor.br\/site\/wp-json\/wp\/v2\/posts\/27917\/revisions"}],"wp:featuredmedia":[{"embeddable":true,"href":"https:\/\/marcelolopes.jor.br\/site\/wp-json\/wp\/v2\/media\/26666"}],"wp:attachment":[{"href":"https:\/\/marcelolopes.jor.br\/site\/wp-json\/wp\/v2\/media?parent=27917"}],"wp:term":[{"taxonomy":"category","embeddable":true,"href":"https:\/\/marcelolopes.jor.br\/site\/wp-json\/wp\/v2\/categories?post=27917"},{"taxonomy":"post_tag","embeddable":true,"href":"https:\/\/marcelolopes.jor.br\/site\/wp-json\/wp\/v2\/tags?post=27917"}],"curies":[{"name":"wp","href":"https:\/\/api.w.org\/{rel}","templated":true}]}}