{"id":27809,"date":"2021-10-19T11:25:53","date_gmt":"2021-10-19T14:25:53","guid":{"rendered":"https:\/\/marcelolopes.jor.br\/?p=27809"},"modified":"2021-10-19T11:06:22","modified_gmt":"2021-10-19T14:06:22","slug":"justica-eleitoral-mantem-nenzinho-como-prefeito-de-dona-euzebia","status":"publish","type":"post","link":"https:\/\/marcelolopes.jor.br\/site\/2021\/10\/19\/justica-eleitoral-mantem-nenzinho-como-prefeito-de-dona-euzebia\/","title":{"rendered":"Justi\u00e7a Eleitoral mant\u00e9m Nenzinho como prefeito de Dona Euz\u00e9bia"},"content":{"rendered":"<p style=\"text-align: justify;\">O prefeito de Dona Euz\u00e9bia Manoel Franklin Rodrigues, o Nenzinho, e o seu vice, Roberto Marques de Paula, venceram na justi\u00e7a uma a\u00e7\u00e3o de impugna\u00e7\u00e3o de mandato eletivo movida pelo candidato derrotado na elei\u00e7\u00e3o de 2020, Itamar Ribeiro Toledo, o Mazinho. Portanto, ambos seguem \u00e0 frente do Executivo Municipal. Conforme decis\u00e3o da ju\u00edza eleitoral Danielle Rodrigues da Silva, o pedido foi julgado \u201cimprocedente\u201d, e tamb\u00e9m extinguiu o processo com \u201cresolu\u00e7\u00e3o de m\u00e9rito\u201d.<!--more--><\/p>\n<p style=\"text-align: justify;\">Nenzinho e seu vice, \u00e0 \u00e9poca dos fatos, candidatos a prefeito e vice em Dona Euz\u00e9bia, foram acusados do cometimento de dez il\u00edcitos eleitorais elencados no processo movido por seu advers\u00e1rio nas urnas. Eles foram acusados de abuso de poder econ\u00f4mico e abuso de poder pol\u00edtico e de autoridade. Como por exemplo compra de votos, oferecimento de im\u00f3vel popular em troca de voto, asfaltamento de vias p\u00fablicas \u00e0s v\u00e9speras da elei\u00e7\u00e3o, entre outros. Diversas provas foram juntadas ao processo pelas partes, inclusive, \u00e1udios, v\u00eddeos, e-mails e laudos periciais.<\/p>\n<p style=\"text-align: justify;\">Cada uma das dez den\u00fancias foram analisadas e julgadas separadamente por aquela magistrada que considerou n\u00e3o terem sido &#8220;preenchidos os requisitos para a configura\u00e7\u00e3o da capta\u00e7\u00e3o il\u00edcita de sufr\u00e1gio.\u201d Em sua senten\u00e7a de 49 p\u00e1ginas criticou: \u201ca fragilidade das provas trazidas aos autos pelo Impugnante \u00e9 clara e evidente diante da despropor\u00e7\u00e3o entre o que se alega e aquilo que o material probat\u00f3rio produzido \u00e9 apto a comprovar.&#8221; Tamb\u00e9m afirmou que \u201cse tentou tratar como il\u00edcitos atos de propaganda eleitoral regular ou de presta\u00e7\u00e3o continuada de servi\u00e7os p\u00fablicos\u2026&#8221;.<\/p>\n<p style=\"text-align: justify;\">A ju\u00edza eleitoral completou seu racioc\u00ednio com um ensinamento: &#8220;para fundamentar uma a\u00e7\u00e3o desta natureza, que ir\u00e1 influenciar na vontade popular, devem existir elementos objetivos e inequ\u00edvocos que apontem no sentido da pr\u00e1tica de abuso de poder econ\u00f4mico, corrup\u00e7\u00e3o ou fraude perpetrada por candidato diplomado, isto \u00e9, as provas acostadas pelo Impugnante devem ser robustas, n\u00e3o se admitindo meras presun\u00e7\u00f5es ou interpreta\u00e7\u00f5es.&#8221; E, mais adiante, finalizou: \u201co Impugnante n\u00e3o conseguiu comprovar a exist\u00eancia do esquema de compra de votos e sua influ\u00eancia indici\u00e1ria no pleito eleitoral para que a presente a\u00e7\u00e3o seja julgada procedente.&#8221;<\/p>\n<p>Leia a senten\u00e7a completa: <a href=\"https:\/\/marcelolopes.jor.br\/site\/wp-content\/uploads\/2021\/10\/Senten\u00e7a.pdf\">Senten\u00e7a<\/a><\/p>\n<p>Foto: Prefeitura de Dona Euz\u00e9bia<\/p>\n<div class=\"ibing69f5b208aa4fa\" ><br><\/div><style type=\"text\/css\">\r\n@media screen and (min-width: 1201px) {\r\n.ibing69f5b208aa4fa {\r\ndisplay: block;\r\n}\r\n}\r\n@media screen and (min-width: 993px) and (max-width: 1200px) {\r\n.ibing69f5b208aa4fa {\r\ndisplay: block;\r\n}\r\n}\r\n@media screen and (min-width: 769px) and (max-width: 992px) {\r\n.ibing69f5b208aa4fa {\r\ndisplay: block;\r\n}\r\n}\r\n@media screen and (min-width: 768px) and (max-width: 768px) {\r\n.ibing69f5b208aa4fa {\r\ndisplay: block;\r\n}\r\n}\r\n@media screen and (max-width: 767px) {\r\n.ibing69f5b208aa4fa {\r\ndisplay: block;\r\n}\r\n}\r\n<\/style>\r\n<div class=\"ifhrk69f5b208b083e\" ><div id=\"div_destino\"><\/div>\r\n<script src=\"https:\/\/cdn.snsrsv.com\/sdk.js\"><\/script>\r\n<script >\r\n      new sdk(\"464030C30061EA8BE065000000000001\") \r\n          .appendTo(\"div_destino\")\r\n          .disableStyle(true) \r\n          .setCacheBusterMacro(\"%%CACHEBUSTER%%\")\r\n          .setSize(\"800\",\"214\")\r\n          .setClickMacro(\"%%CLICK_URL_ESC%%\") \r\n          .setReferrerUrlMacro(\"%%REFERRER_URL_ESC%%\") \r\n          .start(); \r\n<\/script><\/div><style type=\"text\/css\">\r\n@media screen and (min-width: 1201px) {\r\n.ifhrk69f5b208b083e {\r\ndisplay: block;\r\n}\r\n}\r\n@media screen and (min-width: 993px) and (max-width: 1200px) {\r\n.ifhrk69f5b208b083e {\r\ndisplay: block;\r\n}\r\n}\r\n@media screen and (min-width: 769px) and (max-width: 992px) {\r\n.ifhrk69f5b208b083e {\r\ndisplay: block;\r\n}\r\n}\r\n@media screen and (min-width: 768px) and (max-width: 768px) {\r\n.ifhrk69f5b208b083e {\r\ndisplay: block;\r\n}\r\n}\r\n@media screen and (max-width: 767px) {\r\n.ifhrk69f5b208b083e {\r\ndisplay: block;\r\n}\r\n}\r\n<\/style>\r\n","protected":false},"excerpt":{"rendered":"<p>O prefeito de Dona Euz\u00e9bia Manoel Franklin Rodrigues, o Nenzinho, e o seu vice, Roberto Marques de Paula, venceram na justi\u00e7a uma a\u00e7\u00e3o de impugna\u00e7\u00e3o de mandato eletivo movida pelo candidato derrotado na elei\u00e7\u00e3o de 2020, Itamar Ribeiro Toledo, o<\/p>\n<p class=\"link-more\"><a class=\"more-link\" href=\"https:\/\/marcelolopes.jor.br\/site\/2021\/10\/19\/justica-eleitoral-mantem-nenzinho-como-prefeito-de-dona-euzebia\/\">Leia mais <span class=\"screen-reader-text\">Justi\u00e7a Eleitoral mant\u00e9m Nenzinho como prefeito de Dona Euz\u00e9bia<\/span><\/a><\/p>\n","protected":false},"author":2,"featured_media":27812,"comment_status":"open","ping_status":"open","sticky":false,"template":"","format":"standard","meta":{"footnotes":""},"categories":[1],"tags":[388,2233,1403,128,4886],"class_list":["post-27809","post","type-post","status-publish","format-standard","has-post-thumbnail","hentry","category-noticias","tag-dona-euzebia","tag-eleicao-2020","tag-impugnacao","tag-justica-eleitoral","tag-nenzinho","thumb-below-title"],"yoast_head":"<!-- This site is optimized with the Yoast SEO plugin v27.4 - https:\/\/yoast.com\/product\/yoast-seo-wordpress\/ -->\n<title>Justi\u00e7a Eleitoral mant\u00e9m Nenzinho como prefeito de Dona Euz\u00e9bia | Marcelo Lopes<\/title>\n<meta name=\"robots\" content=\"index, follow, max-snippet:-1, max-image-preview:large, max-video-preview:-1\" \/>\n<link rel=\"canonical\" href=\"https:\/\/marcelolopes.jor.br\/site\/2021\/10\/19\/justica-eleitoral-mantem-nenzinho-como-prefeito-de-dona-euzebia\/\" \/>\n<meta property=\"og:locale\" content=\"pt_BR\" \/>\n<meta property=\"og:type\" content=\"article\" \/>\n<meta property=\"og:title\" content=\"Justi\u00e7a Eleitoral mant\u00e9m Nenzinho como prefeito de Dona Euz\u00e9bia | Marcelo Lopes\" \/>\n<meta property=\"og:description\" content=\"O prefeito de Dona Euz\u00e9bia Manoel Franklin Rodrigues, o Nenzinho, e o seu vice, Roberto Marques de Paula, venceram na justi\u00e7a uma a\u00e7\u00e3o de impugna\u00e7\u00e3o de mandato eletivo movida pelo candidato derrotado na elei\u00e7\u00e3o de 2020, Itamar Ribeiro Toledo, oLeia mais Justi\u00e7a Eleitoral mant\u00e9m Nenzinho como prefeito de Dona Euz\u00e9bia\" \/>\n<meta property=\"og:url\" content=\"https:\/\/marcelolopes.jor.br\/site\/2021\/10\/19\/justica-eleitoral-mantem-nenzinho-como-prefeito-de-dona-euzebia\/\" \/>\n<meta property=\"og:site_name\" content=\"Marcelo Lopes\" \/>\n<meta property=\"article:publisher\" content=\"https:\/\/www.facebook.com\/sitedomarcelolopes\" \/>\n<meta property=\"article:published_time\" content=\"2021-10-19T14:25:53+00:00\" \/>\n<meta property=\"og:image\" content=\"https:\/\/marcelolopes.jor.br\/site\/wp-content\/uploads\/2021\/10\/WhatsApp-Image-2021-10-19-at-10.20.18.jpeg\" \/>\n\t<meta property=\"og:image:width\" content=\"800\" \/>\n\t<meta property=\"og:image:height\" content=\"559\" \/>\n\t<meta property=\"og:image:type\" content=\"image\/jpeg\" \/>\n<meta name=\"author\" content=\"Marcelo Lopes\" \/>\n<meta name=\"twitter:card\" content=\"summary_large_image\" \/>\n<meta name=\"twitter:label1\" content=\"Escrito por\" \/>\n\t<meta name=\"twitter:data1\" content=\"Marcelo Lopes\" \/>\n\t<meta name=\"twitter:label2\" content=\"Est. tempo de leitura\" \/>\n\t<meta name=\"twitter:data2\" content=\"2 minutos\" \/>\n<script type=\"application\/ld+json\" class=\"yoast-schema-graph\">{\"@context\":\"https:\\\/\\\/schema.org\",\"@graph\":[{\"@type\":\"NewsArticle\",\"@id\":\"https:\\\/\\\/marcelolopes.jor.br\\\/site\\\/2021\\\/10\\\/19\\\/justica-eleitoral-mantem-nenzinho-como-prefeito-de-dona-euzebia\\\/#article\",\"isPartOf\":{\"@id\":\"https:\\\/\\\/marcelolopes.jor.br\\\/site\\\/2021\\\/10\\\/19\\\/justica-eleitoral-mantem-nenzinho-como-prefeito-de-dona-euzebia\\\/\"},\"author\":{\"name\":\"Marcelo Lopes\",\"@id\":\"https:\\\/\\\/marcelolopes.jor.br\\\/site\\\/#\\\/schema\\\/person\\\/3e7216a35c34d8fdf952b31da3d1f89f\"},\"headline\":\"Justi\u00e7a Eleitoral mant\u00e9m Nenzinho como prefeito de Dona Euz\u00e9bia\",\"datePublished\":\"2021-10-19T14:25:53+00:00\",\"mainEntityOfPage\":{\"@id\":\"https:\\\/\\\/marcelolopes.jor.br\\\/site\\\/2021\\\/10\\\/19\\\/justica-eleitoral-mantem-nenzinho-como-prefeito-de-dona-euzebia\\\/\"},\"wordCount\":410,\"commentCount\":0,\"publisher\":{\"@id\":\"https:\\\/\\\/marcelolopes.jor.br\\\/site\\\/#organization\"},\"image\":{\"@id\":\"https:\\\/\\\/marcelolopes.jor.br\\\/site\\\/2021\\\/10\\\/19\\\/justica-eleitoral-mantem-nenzinho-como-prefeito-de-dona-euzebia\\\/#primaryimage\"},\"thumbnailUrl\":\"https:\\\/\\\/marcelolopes.jor.br\\\/site\\\/wp-content\\\/uploads\\\/2021\\\/10\\\/WhatsApp-Image-2021-10-19-at-10.20.18.jpeg\",\"keywords\":[\"Dona Euz\u00e9bia\",\"elei\u00e7\u00e3o 2020\",\"impugna\u00e7\u00e3o\",\"justi\u00e7a eleitoral\",\"Nenzinho\"],\"articleSection\":[\"Not\u00edcias\"],\"inLanguage\":\"pt-BR\",\"potentialAction\":[{\"@type\":\"CommentAction\",\"name\":\"Comment\",\"target\":[\"https:\\\/\\\/marcelolopes.jor.br\\\/site\\\/2021\\\/10\\\/19\\\/justica-eleitoral-mantem-nenzinho-como-prefeito-de-dona-euzebia\\\/#respond\"]}]},{\"@type\":\"WebPage\",\"@id\":\"https:\\\/\\\/marcelolopes.jor.br\\\/site\\\/2021\\\/10\\\/19\\\/justica-eleitoral-mantem-nenzinho-como-prefeito-de-dona-euzebia\\\/\",\"url\":\"https:\\\/\\\/marcelolopes.jor.br\\\/site\\\/2021\\\/10\\\/19\\\/justica-eleitoral-mantem-nenzinho-como-prefeito-de-dona-euzebia\\\/\",\"name\":\"Justi\u00e7a Eleitoral mant\u00e9m Nenzinho como prefeito de Dona Euz\u00e9bia | Marcelo Lopes\",\"isPartOf\":{\"@id\":\"https:\\\/\\\/marcelolopes.jor.br\\\/site\\\/#website\"},\"primaryImageOfPage\":{\"@id\":\"https:\\\/\\\/marcelolopes.jor.br\\\/site\\\/2021\\\/10\\\/19\\\/justica-eleitoral-mantem-nenzinho-como-prefeito-de-dona-euzebia\\\/#primaryimage\"},\"image\":{\"@id\":\"https:\\\/\\\/marcelolopes.jor.br\\\/site\\\/2021\\\/10\\\/19\\\/justica-eleitoral-mantem-nenzinho-como-prefeito-de-dona-euzebia\\\/#primaryimage\"},\"thumbnailUrl\":\"https:\\\/\\\/marcelolopes.jor.br\\\/site\\\/wp-content\\\/uploads\\\/2021\\\/10\\\/WhatsApp-Image-2021-10-19-at-10.20.18.jpeg\",\"datePublished\":\"2021-10-19T14:25:53+00:00\",\"breadcrumb\":{\"@id\":\"https:\\\/\\\/marcelolopes.jor.br\\\/site\\\/2021\\\/10\\\/19\\\/justica-eleitoral-mantem-nenzinho-como-prefeito-de-dona-euzebia\\\/#breadcrumb\"},\"inLanguage\":\"pt-BR\",\"potentialAction\":[{\"@type\":\"ReadAction\",\"target\":[\"https:\\\/\\\/marcelolopes.jor.br\\\/site\\\/2021\\\/10\\\/19\\\/justica-eleitoral-mantem-nenzinho-como-prefeito-de-dona-euzebia\\\/\"]}]},{\"@type\":\"ImageObject\",\"inLanguage\":\"pt-BR\",\"@id\":\"https:\\\/\\\/marcelolopes.jor.br\\\/site\\\/2021\\\/10\\\/19\\\/justica-eleitoral-mantem-nenzinho-como-prefeito-de-dona-euzebia\\\/#primaryimage\",\"url\":\"https:\\\/\\\/marcelolopes.jor.br\\\/site\\\/wp-content\\\/uploads\\\/2021\\\/10\\\/WhatsApp-Image-2021-10-19-at-10.20.18.jpeg\",\"contentUrl\":\"https:\\\/\\\/marcelolopes.jor.br\\\/site\\\/wp-content\\\/uploads\\\/2021\\\/10\\\/WhatsApp-Image-2021-10-19-at-10.20.18.jpeg\",\"width\":800,\"height\":559},{\"@type\":\"BreadcrumbList\",\"@id\":\"https:\\\/\\\/marcelolopes.jor.br\\\/site\\\/2021\\\/10\\\/19\\\/justica-eleitoral-mantem-nenzinho-como-prefeito-de-dona-euzebia\\\/#breadcrumb\",\"itemListElement\":[{\"@type\":\"ListItem\",\"position\":1,\"name\":\"Home\",\"item\":\"https:\\\/\\\/marcelolopes.jor.br\\\/site\\\/\"},{\"@type\":\"ListItem\",\"position\":2,\"name\":\"Justi\u00e7a Eleitoral mant\u00e9m Nenzinho como prefeito de Dona Euz\u00e9bia\"}]},{\"@type\":\"WebSite\",\"@id\":\"https:\\\/\\\/marcelolopes.jor.br\\\/site\\\/#website\",\"url\":\"https:\\\/\\\/marcelolopes.jor.br\\\/site\\\/\",\"name\":\"Marcelo Lopes\",\"description\":\"Not\u00edcias de Cataguases e Regi\u00e3o\",\"publisher\":{\"@id\":\"https:\\\/\\\/marcelolopes.jor.br\\\/site\\\/#organization\"},\"potentialAction\":[{\"@type\":\"SearchAction\",\"target\":{\"@type\":\"EntryPoint\",\"urlTemplate\":\"https:\\\/\\\/marcelolopes.jor.br\\\/site\\\/?s={search_term_string}\"},\"query-input\":{\"@type\":\"PropertyValueSpecification\",\"valueRequired\":true,\"valueName\":\"search_term_string\"}}],\"inLanguage\":\"pt-BR\"},{\"@type\":\"Organization\",\"@id\":\"https:\\\/\\\/marcelolopes.jor.br\\\/site\\\/#organization\",\"name\":\"Site do Marcelo Lopes\",\"url\":\"https:\\\/\\\/marcelolopes.jor.br\\\/site\\\/\",\"logo\":{\"@type\":\"ImageObject\",\"inLanguage\":\"pt-BR\",\"@id\":\"https:\\\/\\\/marcelolopes.jor.br\\\/site\\\/#\\\/schema\\\/logo\\\/image\\\/\",\"url\":\"https:\\\/\\\/marcelolopes.jor.br\\\/site\\\/wp-content\\\/uploads\\\/2024\\\/11\\\/logo-1.png\",\"contentUrl\":\"https:\\\/\\\/marcelolopes.jor.br\\\/site\\\/wp-content\\\/uploads\\\/2024\\\/11\\\/logo-1.png\",\"width\":475,\"height\":80,\"caption\":\"Site do Marcelo Lopes\"},\"image\":{\"@id\":\"https:\\\/\\\/marcelolopes.jor.br\\\/site\\\/#\\\/schema\\\/logo\\\/image\\\/\"},\"sameAs\":[\"https:\\\/\\\/www.facebook.com\\\/sitedomarcelolopes\",\"https:\\\/\\\/www.instagram.com\\\/sitedomarcelolopes\\\/\",\"https:\\\/\\\/www.linkedin.com\\\/company\\\/site-do-marcelo-lopes\\\/\",\"https:\\\/\\\/www.youtube.com\\\/user\\\/marcelolopes957\"]},{\"@type\":\"Person\",\"@id\":\"https:\\\/\\\/marcelolopes.jor.br\\\/site\\\/#\\\/schema\\\/person\\\/3e7216a35c34d8fdf952b31da3d1f89f\",\"name\":\"Marcelo Lopes\",\"sameAs\":[\"http:\\\/\\\/www.marcelolopes.jor.br\"],\"url\":\"https:\\\/\\\/marcelolopes.jor.br\\\/site\\\/author\\\/marcelo\\\/\"}]}<\/script>\n<!-- \/ Yoast SEO plugin. -->","yoast_head_json":{"title":"Justi\u00e7a Eleitoral mant\u00e9m Nenzinho como prefeito de Dona Euz\u00e9bia | Marcelo Lopes","robots":{"index":"index","follow":"follow","max-snippet":"max-snippet:-1","max-image-preview":"max-image-preview:large","max-video-preview":"max-video-preview:-1"},"canonical":"https:\/\/marcelolopes.jor.br\/site\/2021\/10\/19\/justica-eleitoral-mantem-nenzinho-como-prefeito-de-dona-euzebia\/","og_locale":"pt_BR","og_type":"article","og_title":"Justi\u00e7a Eleitoral mant\u00e9m Nenzinho como prefeito de Dona Euz\u00e9bia | Marcelo Lopes","og_description":"O prefeito de Dona Euz\u00e9bia Manoel Franklin Rodrigues, o Nenzinho, e o seu vice, Roberto Marques de Paula, venceram na justi\u00e7a uma a\u00e7\u00e3o de impugna\u00e7\u00e3o de mandato eletivo movida pelo candidato derrotado na elei\u00e7\u00e3o de 2020, Itamar Ribeiro Toledo, oLeia mais Justi\u00e7a Eleitoral mant\u00e9m Nenzinho como prefeito de Dona Euz\u00e9bia","og_url":"https:\/\/marcelolopes.jor.br\/site\/2021\/10\/19\/justica-eleitoral-mantem-nenzinho-como-prefeito-de-dona-euzebia\/","og_site_name":"Marcelo Lopes","article_publisher":"https:\/\/www.facebook.com\/sitedomarcelolopes","article_published_time":"2021-10-19T14:25:53+00:00","og_image":[{"width":800,"height":559,"url":"https:\/\/marcelolopes.jor.br\/site\/wp-content\/uploads\/2021\/10\/WhatsApp-Image-2021-10-19-at-10.20.18.jpeg","type":"image\/jpeg"}],"author":"Marcelo Lopes","twitter_card":"summary_large_image","twitter_misc":{"Escrito por":"Marcelo Lopes","Est. tempo de leitura":"2 minutos"},"schema":{"@context":"https:\/\/schema.org","@graph":[{"@type":"NewsArticle","@id":"https:\/\/marcelolopes.jor.br\/site\/2021\/10\/19\/justica-eleitoral-mantem-nenzinho-como-prefeito-de-dona-euzebia\/#article","isPartOf":{"@id":"https:\/\/marcelolopes.jor.br\/site\/2021\/10\/19\/justica-eleitoral-mantem-nenzinho-como-prefeito-de-dona-euzebia\/"},"author":{"name":"Marcelo Lopes","@id":"https:\/\/marcelolopes.jor.br\/site\/#\/schema\/person\/3e7216a35c34d8fdf952b31da3d1f89f"},"headline":"Justi\u00e7a Eleitoral mant\u00e9m Nenzinho como prefeito de Dona Euz\u00e9bia","datePublished":"2021-10-19T14:25:53+00:00","mainEntityOfPage":{"@id":"https:\/\/marcelolopes.jor.br\/site\/2021\/10\/19\/justica-eleitoral-mantem-nenzinho-como-prefeito-de-dona-euzebia\/"},"wordCount":410,"commentCount":0,"publisher":{"@id":"https:\/\/marcelolopes.jor.br\/site\/#organization"},"image":{"@id":"https:\/\/marcelolopes.jor.br\/site\/2021\/10\/19\/justica-eleitoral-mantem-nenzinho-como-prefeito-de-dona-euzebia\/#primaryimage"},"thumbnailUrl":"https:\/\/marcelolopes.jor.br\/site\/wp-content\/uploads\/2021\/10\/WhatsApp-Image-2021-10-19-at-10.20.18.jpeg","keywords":["Dona Euz\u00e9bia","elei\u00e7\u00e3o 2020","impugna\u00e7\u00e3o","justi\u00e7a eleitoral","Nenzinho"],"articleSection":["Not\u00edcias"],"inLanguage":"pt-BR","potentialAction":[{"@type":"CommentAction","name":"Comment","target":["https:\/\/marcelolopes.jor.br\/site\/2021\/10\/19\/justica-eleitoral-mantem-nenzinho-como-prefeito-de-dona-euzebia\/#respond"]}]},{"@type":"WebPage","@id":"https:\/\/marcelolopes.jor.br\/site\/2021\/10\/19\/justica-eleitoral-mantem-nenzinho-como-prefeito-de-dona-euzebia\/","url":"https:\/\/marcelolopes.jor.br\/site\/2021\/10\/19\/justica-eleitoral-mantem-nenzinho-como-prefeito-de-dona-euzebia\/","name":"Justi\u00e7a Eleitoral mant\u00e9m Nenzinho como prefeito de Dona Euz\u00e9bia | Marcelo Lopes","isPartOf":{"@id":"https:\/\/marcelolopes.jor.br\/site\/#website"},"primaryImageOfPage":{"@id":"https:\/\/marcelolopes.jor.br\/site\/2021\/10\/19\/justica-eleitoral-mantem-nenzinho-como-prefeito-de-dona-euzebia\/#primaryimage"},"image":{"@id":"https:\/\/marcelolopes.jor.br\/site\/2021\/10\/19\/justica-eleitoral-mantem-nenzinho-como-prefeito-de-dona-euzebia\/#primaryimage"},"thumbnailUrl":"https:\/\/marcelolopes.jor.br\/site\/wp-content\/uploads\/2021\/10\/WhatsApp-Image-2021-10-19-at-10.20.18.jpeg","datePublished":"2021-10-19T14:25:53+00:00","breadcrumb":{"@id":"https:\/\/marcelolopes.jor.br\/site\/2021\/10\/19\/justica-eleitoral-mantem-nenzinho-como-prefeito-de-dona-euzebia\/#breadcrumb"},"inLanguage":"pt-BR","potentialAction":[{"@type":"ReadAction","target":["https:\/\/marcelolopes.jor.br\/site\/2021\/10\/19\/justica-eleitoral-mantem-nenzinho-como-prefeito-de-dona-euzebia\/"]}]},{"@type":"ImageObject","inLanguage":"pt-BR","@id":"https:\/\/marcelolopes.jor.br\/site\/2021\/10\/19\/justica-eleitoral-mantem-nenzinho-como-prefeito-de-dona-euzebia\/#primaryimage","url":"https:\/\/marcelolopes.jor.br\/site\/wp-content\/uploads\/2021\/10\/WhatsApp-Image-2021-10-19-at-10.20.18.jpeg","contentUrl":"https:\/\/marcelolopes.jor.br\/site\/wp-content\/uploads\/2021\/10\/WhatsApp-Image-2021-10-19-at-10.20.18.jpeg","width":800,"height":559},{"@type":"BreadcrumbList","@id":"https:\/\/marcelolopes.jor.br\/site\/2021\/10\/19\/justica-eleitoral-mantem-nenzinho-como-prefeito-de-dona-euzebia\/#breadcrumb","itemListElement":[{"@type":"ListItem","position":1,"name":"Home","item":"https:\/\/marcelolopes.jor.br\/site\/"},{"@type":"ListItem","position":2,"name":"Justi\u00e7a Eleitoral mant\u00e9m Nenzinho como prefeito de Dona Euz\u00e9bia"}]},{"@type":"WebSite","@id":"https:\/\/marcelolopes.jor.br\/site\/#website","url":"https:\/\/marcelolopes.jor.br\/site\/","name":"Marcelo Lopes","description":"Not\u00edcias de Cataguases e Regi\u00e3o","publisher":{"@id":"https:\/\/marcelolopes.jor.br\/site\/#organization"},"potentialAction":[{"@type":"SearchAction","target":{"@type":"EntryPoint","urlTemplate":"https:\/\/marcelolopes.jor.br\/site\/?s={search_term_string}"},"query-input":{"@type":"PropertyValueSpecification","valueRequired":true,"valueName":"search_term_string"}}],"inLanguage":"pt-BR"},{"@type":"Organization","@id":"https:\/\/marcelolopes.jor.br\/site\/#organization","name":"Site do Marcelo Lopes","url":"https:\/\/marcelolopes.jor.br\/site\/","logo":{"@type":"ImageObject","inLanguage":"pt-BR","@id":"https:\/\/marcelolopes.jor.br\/site\/#\/schema\/logo\/image\/","url":"https:\/\/marcelolopes.jor.br\/site\/wp-content\/uploads\/2024\/11\/logo-1.png","contentUrl":"https:\/\/marcelolopes.jor.br\/site\/wp-content\/uploads\/2024\/11\/logo-1.png","width":475,"height":80,"caption":"Site do Marcelo Lopes"},"image":{"@id":"https:\/\/marcelolopes.jor.br\/site\/#\/schema\/logo\/image\/"},"sameAs":["https:\/\/www.facebook.com\/sitedomarcelolopes","https:\/\/www.instagram.com\/sitedomarcelolopes\/","https:\/\/www.linkedin.com\/company\/site-do-marcelo-lopes\/","https:\/\/www.youtube.com\/user\/marcelolopes957"]},{"@type":"Person","@id":"https:\/\/marcelolopes.jor.br\/site\/#\/schema\/person\/3e7216a35c34d8fdf952b31da3d1f89f","name":"Marcelo Lopes","sameAs":["http:\/\/www.marcelolopes.jor.br"],"url":"https:\/\/marcelolopes.jor.br\/site\/author\/marcelo\/"}]}},"wps_subtitle":"Ele e seu vice venceram a\u00e7\u00e3o que pleiteava impugnar o mandato.","_links":{"self":[{"href":"https:\/\/marcelolopes.jor.br\/site\/wp-json\/wp\/v2\/posts\/27809","targetHints":{"allow":["GET"]}}],"collection":[{"href":"https:\/\/marcelolopes.jor.br\/site\/wp-json\/wp\/v2\/posts"}],"about":[{"href":"https:\/\/marcelolopes.jor.br\/site\/wp-json\/wp\/v2\/types\/post"}],"author":[{"embeddable":true,"href":"https:\/\/marcelolopes.jor.br\/site\/wp-json\/wp\/v2\/users\/2"}],"replies":[{"embeddable":true,"href":"https:\/\/marcelolopes.jor.br\/site\/wp-json\/wp\/v2\/comments?post=27809"}],"version-history":[{"count":0,"href":"https:\/\/marcelolopes.jor.br\/site\/wp-json\/wp\/v2\/posts\/27809\/revisions"}],"wp:featuredmedia":[{"embeddable":true,"href":"https:\/\/marcelolopes.jor.br\/site\/wp-json\/wp\/v2\/media\/27812"}],"wp:attachment":[{"href":"https:\/\/marcelolopes.jor.br\/site\/wp-json\/wp\/v2\/media?parent=27809"}],"wp:term":[{"taxonomy":"category","embeddable":true,"href":"https:\/\/marcelolopes.jor.br\/site\/wp-json\/wp\/v2\/categories?post=27809"},{"taxonomy":"post_tag","embeddable":true,"href":"https:\/\/marcelolopes.jor.br\/site\/wp-json\/wp\/v2\/tags?post=27809"}],"curies":[{"name":"wp","href":"https:\/\/api.w.org\/{rel}","templated":true}]}}