{"id":27793,"date":"2021-10-19T07:00:27","date_gmt":"2021-10-19T10:00:27","guid":{"rendered":"https:\/\/marcelolopes.jor.br\/?p=27793"},"modified":"2021-10-18T17:13:20","modified_gmt":"2021-10-18T20:13:20","slug":"faculdade-sudamerica-abre-inscricoes-para-o-seu-vestibular-social","status":"publish","type":"post","link":"https:\/\/marcelolopes.jor.br\/site\/2021\/10\/19\/faculdade-sudamerica-abre-inscricoes-para-o-seu-vestibular-social\/","title":{"rendered":"Faculdade Sudam\u00e9rica abre inscri\u00e7\u00f5es para o seu Vestibular Social"},"content":{"rendered":"<p style=\"text-align: justify;\">A Faculdade Sudam\u00e9rica est\u00e1 com inscri\u00e7\u00f5es abertas para a segunda edi\u00e7\u00e3o de seu Vestibular Social 2022. O objetivo \u00e9 atender a parcela da popula\u00e7\u00e3o que n\u00e3o tem condi\u00e7\u00f5es financeiras para cursar uma faculdade, pagando o valor integral de uma mensalidade, informa a dire\u00e7\u00e3o daquela institui\u00e7\u00e3o de ensino superior.<!--more--><\/p>\n<p style=\"text-align: justify;\">Este ano a Sudam\u00e9rica vai oferecer 55 bolsas de estudos para quem ingressar em um de seus cursos por meio desta modalidade. As bolsas ter\u00e3o descontos de 70%, 50% e 30%. As <a href=\"http:\/\/www.sudamerica.edu.br\"><strong><span style=\"color: #800080;\">inscri\u00e7\u00f5es online<\/span><\/strong><\/a>\u00a0j\u00e1 est\u00e3o abertas e terminam dia 4 de novembro. Para mais informa\u00e7\u00f5es sobre o processo seletivo ligue para <strong>(32) 3422-7749<\/strong> (tamb\u00e9m \u00e9 Whattsapp) ou <strong>(32) 3422-7879<\/strong>.<\/p>\n<p style=\"text-align: justify;\">Podem participar do Vestibular Social:<br \/>\n\u25cf Brasileiros cuja renda per capita seja de at\u00e9 R$ 1.650,00;<br \/>\n\u25cf Ensino m\u00e9dio completo;<br \/>\n\u25cf N\u00e3o possuir Curso Superior;<br \/>\n\u25cf Ser residente em Cataguases, Leopoldina, Mira\u00ed, Santana de Cataguases, S\u00e3o Sebasti\u00e3o da Vargem Alegre, Dona Eus\u00e9bia, Astolfo Dutra, Rodeiro, Pira\u00faba, Guarani, Itamarati de Minas, Recreio, Laranjal e Muria\u00e9.<\/p>\n<p style=\"text-align: justify;\">O Vestibular Social \u00e9 composto por seis etapas: a primeira \u00e9 a inscri\u00e7\u00e3o online; a segunda \u00e9 a prova online, que acontece no dia 06 de novembro, \u00e0s 14h. Do dia 11 at\u00e9 o dia 19 de novembro, ser\u00e1 realizada a entrega de documentos para os alunos que forem classificados na prova online, para que, do dia 22 de novembro a 08 de dezembro, seja realizada a confer\u00eancia documental e sua valida\u00e7\u00e3o. O resultado ser\u00e1 divulgado dia 9 de novembro e os aprovados devem se matricular no curso escolhido at\u00e9 o dia 15 de dezembro.<\/p>\n<p style=\"text-align: justify;\">Conforme explica a dire\u00e7\u00e3o da Sudam\u00e9rica, \u201cestamos realizando um processo isento, e que realmente as bolsas sejam oferecidas a pessoas que n\u00e3o podem pagar o valor de uma mensalidade integral de um curso de gradua\u00e7\u00e3o de qualidade.&#8221; Para quem n\u00e3o se enquadra no Vestibular Social, a Sudam\u00e9rica ir\u00e1 realizar o vestibular tradicional no dia 11 de dezembro. As inscri\u00e7\u00f5es para esta modalidade ser\u00e3o abertas em breve.<\/p>\n<p style=\"text-align: justify;\">Os cursos superiores oferecidos pela Faculdade Sudam\u00e9rica s\u00e3o Ci\u00eancias Cont\u00e1beis, Direito, Educa\u00e7\u00e3o F\u00edsica (Licenciatura e Bacharelado), Fisioterapia, Medicina Veterin\u00e1ria e Psicologia.<\/p>\n<p style=\"text-align: justify;\">Foto: Faculdade Sudam\u00e9rica<\/p>\n<div class=\"ygotr69f5db4369ecc\" ><br><\/div><style type=\"text\/css\">\r\n@media screen and (min-width: 1201px) {\r\n.ygotr69f5db4369ecc {\r\ndisplay: block;\r\n}\r\n}\r\n@media screen and (min-width: 993px) and (max-width: 1200px) {\r\n.ygotr69f5db4369ecc {\r\ndisplay: block;\r\n}\r\n}\r\n@media screen and (min-width: 769px) and (max-width: 992px) {\r\n.ygotr69f5db4369ecc {\r\ndisplay: block;\r\n}\r\n}\r\n@media screen and (min-width: 768px) and (max-width: 768px) {\r\n.ygotr69f5db4369ecc {\r\ndisplay: block;\r\n}\r\n}\r\n@media screen and (max-width: 767px) {\r\n.ygotr69f5db4369ecc {\r\ndisplay: block;\r\n}\r\n}\r\n<\/style>\r\n<div class=\"qlstw69f5db4370396\" ><div id=\"div_destino\"><\/div>\r\n<script src=\"https:\/\/cdn.snsrsv.com\/sdk.js\"><\/script>\r\n<script >\r\n      new sdk(\"464030C30061EA8BE065000000000001\") \r\n          .appendTo(\"div_destino\")\r\n          .disableStyle(true) \r\n          .setCacheBusterMacro(\"%%CACHEBUSTER%%\")\r\n          .setSize(\"800\",\"214\")\r\n          .setClickMacro(\"%%CLICK_URL_ESC%%\") \r\n          .setReferrerUrlMacro(\"%%REFERRER_URL_ESC%%\") \r\n          .start(); \r\n<\/script><\/div><style type=\"text\/css\">\r\n@media screen and (min-width: 1201px) {\r\n.qlstw69f5db4370396 {\r\ndisplay: block;\r\n}\r\n}\r\n@media screen and (min-width: 993px) and (max-width: 1200px) {\r\n.qlstw69f5db4370396 {\r\ndisplay: block;\r\n}\r\n}\r\n@media screen and (min-width: 769px) and (max-width: 992px) {\r\n.qlstw69f5db4370396 {\r\ndisplay: block;\r\n}\r\n}\r\n@media screen and (min-width: 768px) and (max-width: 768px) {\r\n.qlstw69f5db4370396 {\r\ndisplay: block;\r\n}\r\n}\r\n@media screen and (max-width: 767px) {\r\n.qlstw69f5db4370396 {\r\ndisplay: block;\r\n}\r\n}\r\n<\/style>\r\n","protected":false},"excerpt":{"rendered":"<p>A Faculdade Sudam\u00e9rica est\u00e1 com inscri\u00e7\u00f5es abertas para a segunda edi\u00e7\u00e3o de seu Vestibular Social 2022. O objetivo \u00e9 atender a parcela da popula\u00e7\u00e3o que n\u00e3o tem condi\u00e7\u00f5es financeiras para cursar uma faculdade, pagando o valor integral de uma mensalidade,<\/p>\n<p class=\"link-more\"><a class=\"more-link\" href=\"https:\/\/marcelolopes.jor.br\/site\/2021\/10\/19\/faculdade-sudamerica-abre-inscricoes-para-o-seu-vestibular-social\/\">Leia mais <span class=\"screen-reader-text\">Faculdade Sudam\u00e9rica abre inscri\u00e7\u00f5es para o seu Vestibular Social<\/span><\/a><\/p>\n","protected":false},"author":2,"featured_media":27795,"comment_status":"open","ping_status":"open","sticky":false,"template":"","format":"standard","meta":{"footnotes":""},"categories":[1],"tags":[4882,1498,4883,3320],"class_list":["post-27793","post","type-post","status-publish","format-standard","has-post-thumbnail","hentry","category-noticias","tag-bolsas-de-estudos","tag-faculdade-sudamerica","tag-mensalidade","tag-vestibular-social","thumb-below-title"],"yoast_head":"<!-- This site is optimized with the Yoast SEO plugin v27.4 - https:\/\/yoast.com\/product\/yoast-seo-wordpress\/ -->\n<title>Faculdade Sudam\u00e9rica abre inscri\u00e7\u00f5es para o seu Vestibular Social | Marcelo Lopes<\/title>\n<meta name=\"robots\" content=\"index, follow, max-snippet:-1, max-image-preview:large, max-video-preview:-1\" \/>\n<link rel=\"canonical\" href=\"https:\/\/marcelolopes.jor.br\/site\/2021\/10\/19\/faculdade-sudamerica-abre-inscricoes-para-o-seu-vestibular-social\/\" \/>\n<meta property=\"og:locale\" content=\"pt_BR\" \/>\n<meta property=\"og:type\" content=\"article\" \/>\n<meta property=\"og:title\" content=\"Faculdade Sudam\u00e9rica abre inscri\u00e7\u00f5es para o seu Vestibular Social | Marcelo Lopes\" \/>\n<meta property=\"og:description\" content=\"A Faculdade Sudam\u00e9rica est\u00e1 com inscri\u00e7\u00f5es abertas para a segunda edi\u00e7\u00e3o de seu Vestibular Social 2022. O objetivo \u00e9 atender a parcela da popula\u00e7\u00e3o que n\u00e3o tem condi\u00e7\u00f5es financeiras para cursar uma faculdade, pagando o valor integral de uma mensalidade,Leia mais Faculdade Sudam\u00e9rica abre inscri\u00e7\u00f5es para o seu Vestibular Social\" \/>\n<meta property=\"og:url\" content=\"https:\/\/marcelolopes.jor.br\/site\/2021\/10\/19\/faculdade-sudamerica-abre-inscricoes-para-o-seu-vestibular-social\/\" \/>\n<meta property=\"og:site_name\" content=\"Marcelo Lopes\" \/>\n<meta property=\"article:publisher\" content=\"https:\/\/www.facebook.com\/sitedomarcelolopes\" \/>\n<meta property=\"article:published_time\" content=\"2021-10-19T10:00:27+00:00\" \/>\n<meta property=\"og:image\" content=\"https:\/\/marcelolopes.jor.br\/site\/wp-content\/uploads\/2021\/10\/WhatsApp-Image-2021-10-18-at-14.19.45.jpeg\" \/>\n\t<meta property=\"og:image:width\" content=\"800\" \/>\n\t<meta property=\"og:image:height\" content=\"415\" \/>\n\t<meta property=\"og:image:type\" content=\"image\/jpeg\" \/>\n<meta name=\"author\" content=\"Marcelo Lopes\" \/>\n<meta name=\"twitter:card\" content=\"summary_large_image\" \/>\n<meta name=\"twitter:label1\" content=\"Escrito por\" \/>\n\t<meta name=\"twitter:data1\" content=\"Marcelo Lopes\" \/>\n\t<meta name=\"twitter:label2\" content=\"Est. tempo de leitura\" \/>\n\t<meta name=\"twitter:data2\" content=\"2 minutos\" \/>\n<script type=\"application\/ld+json\" class=\"yoast-schema-graph\">{\"@context\":\"https:\\\/\\\/schema.org\",\"@graph\":[{\"@type\":\"NewsArticle\",\"@id\":\"https:\\\/\\\/marcelolopes.jor.br\\\/site\\\/2021\\\/10\\\/19\\\/faculdade-sudamerica-abre-inscricoes-para-o-seu-vestibular-social\\\/#article\",\"isPartOf\":{\"@id\":\"https:\\\/\\\/marcelolopes.jor.br\\\/site\\\/2021\\\/10\\\/19\\\/faculdade-sudamerica-abre-inscricoes-para-o-seu-vestibular-social\\\/\"},\"author\":{\"name\":\"Marcelo Lopes\",\"@id\":\"https:\\\/\\\/marcelolopes.jor.br\\\/site\\\/#\\\/schema\\\/person\\\/3e7216a35c34d8fdf952b31da3d1f89f\"},\"headline\":\"Faculdade Sudam\u00e9rica abre inscri\u00e7\u00f5es para o seu Vestibular Social\",\"datePublished\":\"2021-10-19T10:00:27+00:00\",\"mainEntityOfPage\":{\"@id\":\"https:\\\/\\\/marcelolopes.jor.br\\\/site\\\/2021\\\/10\\\/19\\\/faculdade-sudamerica-abre-inscricoes-para-o-seu-vestibular-social\\\/\"},\"wordCount\":371,\"commentCount\":0,\"publisher\":{\"@id\":\"https:\\\/\\\/marcelolopes.jor.br\\\/site\\\/#organization\"},\"image\":{\"@id\":\"https:\\\/\\\/marcelolopes.jor.br\\\/site\\\/2021\\\/10\\\/19\\\/faculdade-sudamerica-abre-inscricoes-para-o-seu-vestibular-social\\\/#primaryimage\"},\"thumbnailUrl\":\"https:\\\/\\\/marcelolopes.jor.br\\\/site\\\/wp-content\\\/uploads\\\/2021\\\/10\\\/WhatsApp-Image-2021-10-18-at-14.19.45.jpeg\",\"keywords\":[\"bolsas de estudos\",\"Faculdade Sudam\u00e9rica\",\"mensalidade\",\"Vestibular Social\"],\"articleSection\":[\"Not\u00edcias\"],\"inLanguage\":\"pt-BR\",\"potentialAction\":[{\"@type\":\"CommentAction\",\"name\":\"Comment\",\"target\":[\"https:\\\/\\\/marcelolopes.jor.br\\\/site\\\/2021\\\/10\\\/19\\\/faculdade-sudamerica-abre-inscricoes-para-o-seu-vestibular-social\\\/#respond\"]}]},{\"@type\":\"WebPage\",\"@id\":\"https:\\\/\\\/marcelolopes.jor.br\\\/site\\\/2021\\\/10\\\/19\\\/faculdade-sudamerica-abre-inscricoes-para-o-seu-vestibular-social\\\/\",\"url\":\"https:\\\/\\\/marcelolopes.jor.br\\\/site\\\/2021\\\/10\\\/19\\\/faculdade-sudamerica-abre-inscricoes-para-o-seu-vestibular-social\\\/\",\"name\":\"Faculdade Sudam\u00e9rica abre inscri\u00e7\u00f5es para o seu Vestibular Social | Marcelo Lopes\",\"isPartOf\":{\"@id\":\"https:\\\/\\\/marcelolopes.jor.br\\\/site\\\/#website\"},\"primaryImageOfPage\":{\"@id\":\"https:\\\/\\\/marcelolopes.jor.br\\\/site\\\/2021\\\/10\\\/19\\\/faculdade-sudamerica-abre-inscricoes-para-o-seu-vestibular-social\\\/#primaryimage\"},\"image\":{\"@id\":\"https:\\\/\\\/marcelolopes.jor.br\\\/site\\\/2021\\\/10\\\/19\\\/faculdade-sudamerica-abre-inscricoes-para-o-seu-vestibular-social\\\/#primaryimage\"},\"thumbnailUrl\":\"https:\\\/\\\/marcelolopes.jor.br\\\/site\\\/wp-content\\\/uploads\\\/2021\\\/10\\\/WhatsApp-Image-2021-10-18-at-14.19.45.jpeg\",\"datePublished\":\"2021-10-19T10:00:27+00:00\",\"breadcrumb\":{\"@id\":\"https:\\\/\\\/marcelolopes.jor.br\\\/site\\\/2021\\\/10\\\/19\\\/faculdade-sudamerica-abre-inscricoes-para-o-seu-vestibular-social\\\/#breadcrumb\"},\"inLanguage\":\"pt-BR\",\"potentialAction\":[{\"@type\":\"ReadAction\",\"target\":[\"https:\\\/\\\/marcelolopes.jor.br\\\/site\\\/2021\\\/10\\\/19\\\/faculdade-sudamerica-abre-inscricoes-para-o-seu-vestibular-social\\\/\"]}]},{\"@type\":\"ImageObject\",\"inLanguage\":\"pt-BR\",\"@id\":\"https:\\\/\\\/marcelolopes.jor.br\\\/site\\\/2021\\\/10\\\/19\\\/faculdade-sudamerica-abre-inscricoes-para-o-seu-vestibular-social\\\/#primaryimage\",\"url\":\"https:\\\/\\\/marcelolopes.jor.br\\\/site\\\/wp-content\\\/uploads\\\/2021\\\/10\\\/WhatsApp-Image-2021-10-18-at-14.19.45.jpeg\",\"contentUrl\":\"https:\\\/\\\/marcelolopes.jor.br\\\/site\\\/wp-content\\\/uploads\\\/2021\\\/10\\\/WhatsApp-Image-2021-10-18-at-14.19.45.jpeg\",\"width\":800,\"height\":415},{\"@type\":\"BreadcrumbList\",\"@id\":\"https:\\\/\\\/marcelolopes.jor.br\\\/site\\\/2021\\\/10\\\/19\\\/faculdade-sudamerica-abre-inscricoes-para-o-seu-vestibular-social\\\/#breadcrumb\",\"itemListElement\":[{\"@type\":\"ListItem\",\"position\":1,\"name\":\"Home\",\"item\":\"https:\\\/\\\/marcelolopes.jor.br\\\/site\\\/\"},{\"@type\":\"ListItem\",\"position\":2,\"name\":\"Faculdade Sudam\u00e9rica abre inscri\u00e7\u00f5es para o seu Vestibular Social\"}]},{\"@type\":\"WebSite\",\"@id\":\"https:\\\/\\\/marcelolopes.jor.br\\\/site\\\/#website\",\"url\":\"https:\\\/\\\/marcelolopes.jor.br\\\/site\\\/\",\"name\":\"Marcelo Lopes\",\"description\":\"Not\u00edcias de Cataguases e Regi\u00e3o\",\"publisher\":{\"@id\":\"https:\\\/\\\/marcelolopes.jor.br\\\/site\\\/#organization\"},\"potentialAction\":[{\"@type\":\"SearchAction\",\"target\":{\"@type\":\"EntryPoint\",\"urlTemplate\":\"https:\\\/\\\/marcelolopes.jor.br\\\/site\\\/?s={search_term_string}\"},\"query-input\":{\"@type\":\"PropertyValueSpecification\",\"valueRequired\":true,\"valueName\":\"search_term_string\"}}],\"inLanguage\":\"pt-BR\"},{\"@type\":\"Organization\",\"@id\":\"https:\\\/\\\/marcelolopes.jor.br\\\/site\\\/#organization\",\"name\":\"Site do Marcelo Lopes\",\"url\":\"https:\\\/\\\/marcelolopes.jor.br\\\/site\\\/\",\"logo\":{\"@type\":\"ImageObject\",\"inLanguage\":\"pt-BR\",\"@id\":\"https:\\\/\\\/marcelolopes.jor.br\\\/site\\\/#\\\/schema\\\/logo\\\/image\\\/\",\"url\":\"https:\\\/\\\/marcelolopes.jor.br\\\/site\\\/wp-content\\\/uploads\\\/2024\\\/11\\\/logo-1.png\",\"contentUrl\":\"https:\\\/\\\/marcelolopes.jor.br\\\/site\\\/wp-content\\\/uploads\\\/2024\\\/11\\\/logo-1.png\",\"width\":475,\"height\":80,\"caption\":\"Site do Marcelo Lopes\"},\"image\":{\"@id\":\"https:\\\/\\\/marcelolopes.jor.br\\\/site\\\/#\\\/schema\\\/logo\\\/image\\\/\"},\"sameAs\":[\"https:\\\/\\\/www.facebook.com\\\/sitedomarcelolopes\",\"https:\\\/\\\/www.instagram.com\\\/sitedomarcelolopes\\\/\",\"https:\\\/\\\/www.linkedin.com\\\/company\\\/site-do-marcelo-lopes\\\/\",\"https:\\\/\\\/www.youtube.com\\\/user\\\/marcelolopes957\"]},{\"@type\":\"Person\",\"@id\":\"https:\\\/\\\/marcelolopes.jor.br\\\/site\\\/#\\\/schema\\\/person\\\/3e7216a35c34d8fdf952b31da3d1f89f\",\"name\":\"Marcelo Lopes\",\"sameAs\":[\"http:\\\/\\\/www.marcelolopes.jor.br\"],\"url\":\"https:\\\/\\\/marcelolopes.jor.br\\\/site\\\/author\\\/marcelo\\\/\"}]}<\/script>\n<!-- \/ Yoast SEO plugin. -->","yoast_head_json":{"title":"Faculdade Sudam\u00e9rica abre inscri\u00e7\u00f5es para o seu Vestibular Social | Marcelo Lopes","robots":{"index":"index","follow":"follow","max-snippet":"max-snippet:-1","max-image-preview":"max-image-preview:large","max-video-preview":"max-video-preview:-1"},"canonical":"https:\/\/marcelolopes.jor.br\/site\/2021\/10\/19\/faculdade-sudamerica-abre-inscricoes-para-o-seu-vestibular-social\/","og_locale":"pt_BR","og_type":"article","og_title":"Faculdade Sudam\u00e9rica abre inscri\u00e7\u00f5es para o seu Vestibular Social | Marcelo Lopes","og_description":"A Faculdade Sudam\u00e9rica est\u00e1 com inscri\u00e7\u00f5es abertas para a segunda edi\u00e7\u00e3o de seu Vestibular Social 2022. O objetivo \u00e9 atender a parcela da popula\u00e7\u00e3o que n\u00e3o tem condi\u00e7\u00f5es financeiras para cursar uma faculdade, pagando o valor integral de uma mensalidade,Leia mais Faculdade Sudam\u00e9rica abre inscri\u00e7\u00f5es para o seu Vestibular Social","og_url":"https:\/\/marcelolopes.jor.br\/site\/2021\/10\/19\/faculdade-sudamerica-abre-inscricoes-para-o-seu-vestibular-social\/","og_site_name":"Marcelo Lopes","article_publisher":"https:\/\/www.facebook.com\/sitedomarcelolopes","article_published_time":"2021-10-19T10:00:27+00:00","og_image":[{"width":800,"height":415,"url":"https:\/\/marcelolopes.jor.br\/site\/wp-content\/uploads\/2021\/10\/WhatsApp-Image-2021-10-18-at-14.19.45.jpeg","type":"image\/jpeg"}],"author":"Marcelo Lopes","twitter_card":"summary_large_image","twitter_misc":{"Escrito por":"Marcelo Lopes","Est. tempo de leitura":"2 minutos"},"schema":{"@context":"https:\/\/schema.org","@graph":[{"@type":"NewsArticle","@id":"https:\/\/marcelolopes.jor.br\/site\/2021\/10\/19\/faculdade-sudamerica-abre-inscricoes-para-o-seu-vestibular-social\/#article","isPartOf":{"@id":"https:\/\/marcelolopes.jor.br\/site\/2021\/10\/19\/faculdade-sudamerica-abre-inscricoes-para-o-seu-vestibular-social\/"},"author":{"name":"Marcelo Lopes","@id":"https:\/\/marcelolopes.jor.br\/site\/#\/schema\/person\/3e7216a35c34d8fdf952b31da3d1f89f"},"headline":"Faculdade Sudam\u00e9rica abre inscri\u00e7\u00f5es para o seu Vestibular Social","datePublished":"2021-10-19T10:00:27+00:00","mainEntityOfPage":{"@id":"https:\/\/marcelolopes.jor.br\/site\/2021\/10\/19\/faculdade-sudamerica-abre-inscricoes-para-o-seu-vestibular-social\/"},"wordCount":371,"commentCount":0,"publisher":{"@id":"https:\/\/marcelolopes.jor.br\/site\/#organization"},"image":{"@id":"https:\/\/marcelolopes.jor.br\/site\/2021\/10\/19\/faculdade-sudamerica-abre-inscricoes-para-o-seu-vestibular-social\/#primaryimage"},"thumbnailUrl":"https:\/\/marcelolopes.jor.br\/site\/wp-content\/uploads\/2021\/10\/WhatsApp-Image-2021-10-18-at-14.19.45.jpeg","keywords":["bolsas de estudos","Faculdade Sudam\u00e9rica","mensalidade","Vestibular Social"],"articleSection":["Not\u00edcias"],"inLanguage":"pt-BR","potentialAction":[{"@type":"CommentAction","name":"Comment","target":["https:\/\/marcelolopes.jor.br\/site\/2021\/10\/19\/faculdade-sudamerica-abre-inscricoes-para-o-seu-vestibular-social\/#respond"]}]},{"@type":"WebPage","@id":"https:\/\/marcelolopes.jor.br\/site\/2021\/10\/19\/faculdade-sudamerica-abre-inscricoes-para-o-seu-vestibular-social\/","url":"https:\/\/marcelolopes.jor.br\/site\/2021\/10\/19\/faculdade-sudamerica-abre-inscricoes-para-o-seu-vestibular-social\/","name":"Faculdade Sudam\u00e9rica abre inscri\u00e7\u00f5es para o seu Vestibular Social | Marcelo Lopes","isPartOf":{"@id":"https:\/\/marcelolopes.jor.br\/site\/#website"},"primaryImageOfPage":{"@id":"https:\/\/marcelolopes.jor.br\/site\/2021\/10\/19\/faculdade-sudamerica-abre-inscricoes-para-o-seu-vestibular-social\/#primaryimage"},"image":{"@id":"https:\/\/marcelolopes.jor.br\/site\/2021\/10\/19\/faculdade-sudamerica-abre-inscricoes-para-o-seu-vestibular-social\/#primaryimage"},"thumbnailUrl":"https:\/\/marcelolopes.jor.br\/site\/wp-content\/uploads\/2021\/10\/WhatsApp-Image-2021-10-18-at-14.19.45.jpeg","datePublished":"2021-10-19T10:00:27+00:00","breadcrumb":{"@id":"https:\/\/marcelolopes.jor.br\/site\/2021\/10\/19\/faculdade-sudamerica-abre-inscricoes-para-o-seu-vestibular-social\/#breadcrumb"},"inLanguage":"pt-BR","potentialAction":[{"@type":"ReadAction","target":["https:\/\/marcelolopes.jor.br\/site\/2021\/10\/19\/faculdade-sudamerica-abre-inscricoes-para-o-seu-vestibular-social\/"]}]},{"@type":"ImageObject","inLanguage":"pt-BR","@id":"https:\/\/marcelolopes.jor.br\/site\/2021\/10\/19\/faculdade-sudamerica-abre-inscricoes-para-o-seu-vestibular-social\/#primaryimage","url":"https:\/\/marcelolopes.jor.br\/site\/wp-content\/uploads\/2021\/10\/WhatsApp-Image-2021-10-18-at-14.19.45.jpeg","contentUrl":"https:\/\/marcelolopes.jor.br\/site\/wp-content\/uploads\/2021\/10\/WhatsApp-Image-2021-10-18-at-14.19.45.jpeg","width":800,"height":415},{"@type":"BreadcrumbList","@id":"https:\/\/marcelolopes.jor.br\/site\/2021\/10\/19\/faculdade-sudamerica-abre-inscricoes-para-o-seu-vestibular-social\/#breadcrumb","itemListElement":[{"@type":"ListItem","position":1,"name":"Home","item":"https:\/\/marcelolopes.jor.br\/site\/"},{"@type":"ListItem","position":2,"name":"Faculdade Sudam\u00e9rica abre inscri\u00e7\u00f5es para o seu Vestibular Social"}]},{"@type":"WebSite","@id":"https:\/\/marcelolopes.jor.br\/site\/#website","url":"https:\/\/marcelolopes.jor.br\/site\/","name":"Marcelo Lopes","description":"Not\u00edcias de Cataguases e Regi\u00e3o","publisher":{"@id":"https:\/\/marcelolopes.jor.br\/site\/#organization"},"potentialAction":[{"@type":"SearchAction","target":{"@type":"EntryPoint","urlTemplate":"https:\/\/marcelolopes.jor.br\/site\/?s={search_term_string}"},"query-input":{"@type":"PropertyValueSpecification","valueRequired":true,"valueName":"search_term_string"}}],"inLanguage":"pt-BR"},{"@type":"Organization","@id":"https:\/\/marcelolopes.jor.br\/site\/#organization","name":"Site do Marcelo Lopes","url":"https:\/\/marcelolopes.jor.br\/site\/","logo":{"@type":"ImageObject","inLanguage":"pt-BR","@id":"https:\/\/marcelolopes.jor.br\/site\/#\/schema\/logo\/image\/","url":"https:\/\/marcelolopes.jor.br\/site\/wp-content\/uploads\/2024\/11\/logo-1.png","contentUrl":"https:\/\/marcelolopes.jor.br\/site\/wp-content\/uploads\/2024\/11\/logo-1.png","width":475,"height":80,"caption":"Site do Marcelo Lopes"},"image":{"@id":"https:\/\/marcelolopes.jor.br\/site\/#\/schema\/logo\/image\/"},"sameAs":["https:\/\/www.facebook.com\/sitedomarcelolopes","https:\/\/www.instagram.com\/sitedomarcelolopes\/","https:\/\/www.linkedin.com\/company\/site-do-marcelo-lopes\/","https:\/\/www.youtube.com\/user\/marcelolopes957"]},{"@type":"Person","@id":"https:\/\/marcelolopes.jor.br\/site\/#\/schema\/person\/3e7216a35c34d8fdf952b31da3d1f89f","name":"Marcelo Lopes","sameAs":["http:\/\/www.marcelolopes.jor.br"],"url":"https:\/\/marcelolopes.jor.br\/site\/author\/marcelo\/"}]}},"wps_subtitle":"Este ano ser\u00e3o oferecidas 55 bolsas de estudos com descontos de at\u00e9 70%.","_links":{"self":[{"href":"https:\/\/marcelolopes.jor.br\/site\/wp-json\/wp\/v2\/posts\/27793","targetHints":{"allow":["GET"]}}],"collection":[{"href":"https:\/\/marcelolopes.jor.br\/site\/wp-json\/wp\/v2\/posts"}],"about":[{"href":"https:\/\/marcelolopes.jor.br\/site\/wp-json\/wp\/v2\/types\/post"}],"author":[{"embeddable":true,"href":"https:\/\/marcelolopes.jor.br\/site\/wp-json\/wp\/v2\/users\/2"}],"replies":[{"embeddable":true,"href":"https:\/\/marcelolopes.jor.br\/site\/wp-json\/wp\/v2\/comments?post=27793"}],"version-history":[{"count":0,"href":"https:\/\/marcelolopes.jor.br\/site\/wp-json\/wp\/v2\/posts\/27793\/revisions"}],"wp:featuredmedia":[{"embeddable":true,"href":"https:\/\/marcelolopes.jor.br\/site\/wp-json\/wp\/v2\/media\/27795"}],"wp:attachment":[{"href":"https:\/\/marcelolopes.jor.br\/site\/wp-json\/wp\/v2\/media?parent=27793"}],"wp:term":[{"taxonomy":"category","embeddable":true,"href":"https:\/\/marcelolopes.jor.br\/site\/wp-json\/wp\/v2\/categories?post=27793"},{"taxonomy":"post_tag","embeddable":true,"href":"https:\/\/marcelolopes.jor.br\/site\/wp-json\/wp\/v2\/tags?post=27793"}],"curies":[{"name":"wp","href":"https:\/\/api.w.org\/{rel}","templated":true}]}}