{"id":27734,"date":"2021-10-17T07:00:07","date_gmt":"2021-10-17T10:00:07","guid":{"rendered":"https:\/\/marcelolopes.jor.br\/?p=27734"},"modified":"2021-10-16T11:20:33","modified_gmt":"2021-10-16T14:20:33","slug":"eletricistas-da-energisa-contam-os-desafios-que-vivem-no-dia-a-dia","status":"publish","type":"post","link":"https:\/\/marcelolopes.jor.br\/site\/2021\/10\/17\/eletricistas-da-energisa-contam-os-desafios-que-vivem-no-dia-a-dia\/","title":{"rendered":"Eletricistas da Energisa contam os desafios que vivem no dia a dia"},"content":{"rendered":"<p style=\"text-align: justify;\">O trabalho \u00e9 desafiador e a rotina, imprevis\u00edvel. No campo, nas ruas, ao longo das rodovias, debaixo de sol e chuva, eles trabalham dia e noite para levar energia em forma de conforto, seguran\u00e7a e qualidade de vida aos mais de 470 mil clientes da Energisa em Minas Gerais. S\u00e3o jovens, pais, experientes ou em in\u00edcio de carreira, mas todos engajados nesse desafio di\u00e1rio, que vai muito al\u00e9m da manuten\u00e7\u00e3o da rede de energia. S\u00e3o profissionais que neste dia 17 de outubro recebem o reconhecimento pelo Dia do Eletricista.<!--more--><br \/>\nH\u00e1 quase 18 anos trabalhando na Energisa Minas Gerais, o eletricista Everaldo Machado da Silveira (foto abaixo) sente-se orgulhoso por atuar em um servi\u00e7o essencial para a comunidade. E n\u00e3o h\u00e1 nada que o desanime em suas atividades. Com o diagn\u00f3stico de um encurtamento no bra\u00e7o esquerdo desde os primeiros dias de vida, ele viu na Energisa a oportunidade de ascens\u00e3o profissional.<\/p>\n<p style=\"text-align: justify;\">\u201cTrabalhava em obras, quando passei por um processo seletivo e avalia\u00e7\u00e3o m\u00e9dica aqui na empresa. Entrei como como entregador de fatura, depois passei para leiturista e desde 2007 estou como eletricista de Distribui\u00e7\u00e3o em Muria\u00e9, fazendo parte de uma empresa que oferece todas as condi\u00e7\u00f5es para trabalharmos com seguran\u00e7a e trata todos os colaboradores com igualdade e oportunidades. Sou feliz trabalhando aqui e cada dia, em campo, encaramos um desafio diferente\u201d.<\/p>\n<figure id=\"attachment_27736\" aria-describedby=\"caption-attachment-27736\" style=\"width: 700px\" class=\"wp-caption aligncenter\"><img loading=\"lazy\" decoding=\"async\" class=\"wp-image-27736\" src=\"https:\/\/marcelolopes.jor.br\/site\/wp-content\/uploads\/2021\/10\/image001-1024x768.jpg\" alt=\"\" width=\"700\" height=\"525\" srcset=\"https:\/\/marcelolopes.jor.br\/site\/wp-content\/uploads\/2021\/10\/image001-1024x768.jpg 1024w, https:\/\/marcelolopes.jor.br\/site\/wp-content\/uploads\/2021\/10\/image001-300x225.jpg 300w, https:\/\/marcelolopes.jor.br\/site\/wp-content\/uploads\/2021\/10\/image001-768x576.jpg 768w, https:\/\/marcelolopes.jor.br\/site\/wp-content\/uploads\/2021\/10\/image001-1200x900.jpg 1200w, https:\/\/marcelolopes.jor.br\/site\/wp-content\/uploads\/2021\/10\/image001-320x240.jpg 320w, https:\/\/marcelolopes.jor.br\/site\/wp-content\/uploads\/2021\/10\/image001.jpg 1600w\" sizes=\"auto, (max-width: 700px) 100vw, 700px\" \/><figcaption id=\"caption-attachment-27736\" class=\"wp-caption-text\">Everaldo Machado da Silveira encara os desafios di\u00e1rios.<\/figcaption><\/figure>\n<p style=\"text-align: justify;\">Os eletricistas de Distribui\u00e7\u00e3o Silvany Francisco da Silva e Thom\u00e1s Jos\u00e9 Henriques Gon\u00e7alves (foto abaixo), que atuam em Mira\u00ed, colecionam hist\u00f3rias e tamb\u00e9m sentem orgulho da profiss\u00e3o. \u201cA gente se depara com diversas situa\u00e7\u00f5es como animais, chuvas, escurid\u00e3o, andamos a p\u00e9 com equipamentos onde quer que seja. Para n\u00f3s, a satisfa\u00e7\u00e3o do cliente est\u00e1 em primeiro lugar. Por isso, enfrentamos os desafios e atuamos para retornar o fornecimento de energia o mais r\u00e1pido poss\u00edvel\u201d, contou Silvany.<\/p>\n<figure id=\"attachment_27737\" aria-describedby=\"caption-attachment-27737\" style=\"width: 700px\" class=\"wp-caption aligncenter\"><img loading=\"lazy\" decoding=\"async\" class=\"wp-image-27737\" src=\"https:\/\/marcelolopes.jor.br\/site\/wp-content\/uploads\/2021\/10\/image002-1-1024x768.jpg\" alt=\"\" width=\"700\" height=\"525\" srcset=\"https:\/\/marcelolopes.jor.br\/site\/wp-content\/uploads\/2021\/10\/image002-1-1024x768.jpg 1024w, https:\/\/marcelolopes.jor.br\/site\/wp-content\/uploads\/2021\/10\/image002-1-300x225.jpg 300w, https:\/\/marcelolopes.jor.br\/site\/wp-content\/uploads\/2021\/10\/image002-1-768x576.jpg 768w, https:\/\/marcelolopes.jor.br\/site\/wp-content\/uploads\/2021\/10\/image002-1-1200x900.jpg 1200w, https:\/\/marcelolopes.jor.br\/site\/wp-content\/uploads\/2021\/10\/image002-1-320x240.jpg 320w, https:\/\/marcelolopes.jor.br\/site\/wp-content\/uploads\/2021\/10\/image002-1.jpg 1600w\" sizes=\"auto, (max-width: 700px) 100vw, 700px\" \/><figcaption id=\"caption-attachment-27737\" class=\"wp-caption-text\">Thom\u00e1s Jos\u00e9 Henriques Gon\u00e7alves e Silvany Francisco da Silvas sentem orgulho da profiss\u00e3o.<\/figcaption><\/figure>\n<p style=\"text-align: justify;\">No meio do caminho, imprevistos podem acontecer. No \u00faltimo final de semana, Silvany e Thom\u00e1s estavam a caminho de Mira\u00ed, quando viram uma pessoa com mais idade ca\u00edda na estrada junto \u00e0 moto. \u201cParamos para dar assist\u00eancia. Ele estava um pouco machucado, passando mal e com dor, sem ningu\u00e9m por perto para ajudar. Prestamos os primeiros socorros, ligamos para a fam\u00edlia que veio junto com a ambul\u00e2ncia do hospital\u201d, relatou Thom\u00e1s. \u201cEstamos sempre prontos para atender os clientes. \u00c9 uma profiss\u00e3o que gosto e me orgulho. A minha satisfa\u00e7\u00e3o \u00e9 a hora que resolvo o problema, viro a chave e acendo a luz. E quando n\u00e3o consigo resolver rapidamente, tamb\u00e9m fico triste, porque a satisfa\u00e7\u00e3o do cliente \u00e9 a minha\u201d, disse Thom\u00e1s.<\/p>\n<h4 style=\"text-align: justify;\">Vagas abertas<\/h4>\n<p style=\"text-align: justify;\">Uma das respons\u00e1veis pela gera\u00e7\u00e3o de emprego em Minas Gerais com mais de 1.030 colaboradores pr\u00f3prios e terceiros na \u00e1rea de concess\u00e3o, a Energia continua contratando profissionais. Atualmente s\u00e3o 21 vagas abertas para as \u00e1reas de Comercializa\u00e7\u00e3o de Energia, Compras e Servi\u00e7os, Inova\u00e7\u00e3o, Administrativo, Servi\u00e7os Comerciais, Opera\u00e7\u00f5es e Tecnologia da Informa\u00e7\u00e3o. Por meio da plataforma <a href=\"https:\/\/jobs.kenoby.com\/grupoenergisa\"><strong><span style=\"color: #800080;\">Kenoby<\/span><\/strong><\/a>, o candidato conhece os requisitos necess\u00e1rios e pode ser inscrever para a vaga. E se n\u00e3o tiver a vaga desejada, no momento, o interessado tamb\u00e9m pode cadastrar o curr\u00edculo na plataforma, que a Energisa entrar\u00e1 e contato. Pessoas com Defici\u00eancia tamb\u00e9m podem se candidatar.<\/p>\n<p style=\"text-align: justify;\">O processo seletivo ocorre em ambiente digital, por isso \u00e9 importante que o candidato preencha corretamente todos os campos e sempre esteja atento ao seu e-mail. Entre os benef\u00edcios oferecidos pela empresa est\u00e3o: plano de sa\u00fade e seguro de vida, plano odontol\u00f3gico, previd\u00eancia privada, participa\u00e7\u00e3o nos lucros, vale-alimenta\u00e7\u00e3o ou refei\u00e7\u00e3o, aux\u00edlio creche e programas de qualidade de vida.<\/p>\n<p style=\"text-align: justify;\">Fonte e fotos: Comunica\u00e7\u00e3o Energisa<\/p>\n<div class=\"mlxai69f7263ede82b\" ><br><\/div><style type=\"text\/css\">\r\n@media screen and (min-width: 1201px) {\r\n.mlxai69f7263ede82b {\r\ndisplay: block;\r\n}\r\n}\r\n@media screen and (min-width: 993px) and (max-width: 1200px) {\r\n.mlxai69f7263ede82b {\r\ndisplay: block;\r\n}\r\n}\r\n@media screen and (min-width: 769px) and (max-width: 992px) {\r\n.mlxai69f7263ede82b {\r\ndisplay: block;\r\n}\r\n}\r\n@media screen and (min-width: 768px) and (max-width: 768px) {\r\n.mlxai69f7263ede82b {\r\ndisplay: block;\r\n}\r\n}\r\n@media screen and (max-width: 767px) {\r\n.mlxai69f7263ede82b {\r\ndisplay: block;\r\n}\r\n}\r\n<\/style>\r\n<div class=\"popzv69f7263ee4b07\" ><div id=\"div_destino\"><\/div>\r\n<script src=\"https:\/\/cdn.snsrsv.com\/sdk.js\"><\/script>\r\n<script >\r\n      new sdk(\"464030C30061EA8BE065000000000001\") \r\n          .appendTo(\"div_destino\")\r\n          .disableStyle(true) \r\n          .setCacheBusterMacro(\"%%CACHEBUSTER%%\")\r\n          .setSize(\"800\",\"214\")\r\n          .setClickMacro(\"%%CLICK_URL_ESC%%\") \r\n          .setReferrerUrlMacro(\"%%REFERRER_URL_ESC%%\") \r\n          .start(); \r\n<\/script><\/div><style type=\"text\/css\">\r\n@media screen and (min-width: 1201px) {\r\n.popzv69f7263ee4b07 {\r\ndisplay: block;\r\n}\r\n}\r\n@media screen and (min-width: 993px) and (max-width: 1200px) {\r\n.popzv69f7263ee4b07 {\r\ndisplay: block;\r\n}\r\n}\r\n@media screen and (min-width: 769px) and (max-width: 992px) {\r\n.popzv69f7263ee4b07 {\r\ndisplay: block;\r\n}\r\n}\r\n@media screen and (min-width: 768px) and (max-width: 768px) {\r\n.popzv69f7263ee4b07 {\r\ndisplay: block;\r\n}\r\n}\r\n@media screen and (max-width: 767px) {\r\n.popzv69f7263ee4b07 {\r\ndisplay: block;\r\n}\r\n}\r\n<\/style>\r\n","protected":false},"excerpt":{"rendered":"<p>O trabalho \u00e9 desafiador e a rotina, imprevis\u00edvel. No campo, nas ruas, ao longo das rodovias, debaixo de sol e chuva, eles trabalham dia e noite para levar energia em forma de conforto, seguran\u00e7a e qualidade de vida aos mais<\/p>\n<p class=\"link-more\"><a class=\"more-link\" href=\"https:\/\/marcelolopes.jor.br\/site\/2021\/10\/17\/eletricistas-da-energisa-contam-os-desafios-que-vivem-no-dia-a-dia\/\">Leia mais <span class=\"screen-reader-text\">Eletricistas da Energisa contam os desafios que vivem no dia a dia<\/span><\/a><\/p>\n","protected":false},"author":2,"featured_media":8536,"comment_status":"open","ping_status":"open","sticky":false,"template":"","format":"standard","meta":{"footnotes":""},"categories":[1],"tags":[3604,4869,120,4870],"class_list":["post-27734","post","type-post","status-publish","format-standard","has-post-thumbnail","hentry","category-noticias","tag-cadastro-energisa","tag-dia-do-eletricista","tag-energisa","tag-vagas-na-energisa","thumb-below-title"],"yoast_head":"<!-- This site is optimized with the Yoast SEO plugin v27.4 - https:\/\/yoast.com\/product\/yoast-seo-wordpress\/ -->\n<title>Eletricistas da Energisa contam os desafios que vivem no dia a dia | Marcelo Lopes<\/title>\n<meta name=\"robots\" content=\"index, follow, max-snippet:-1, max-image-preview:large, max-video-preview:-1\" \/>\n<link rel=\"canonical\" href=\"https:\/\/marcelolopes.jor.br\/site\/2021\/10\/17\/eletricistas-da-energisa-contam-os-desafios-que-vivem-no-dia-a-dia\/\" \/>\n<meta property=\"og:locale\" content=\"pt_BR\" \/>\n<meta property=\"og:type\" content=\"article\" \/>\n<meta property=\"og:title\" content=\"Eletricistas da Energisa contam os desafios que vivem no dia a dia | Marcelo Lopes\" \/>\n<meta property=\"og:description\" content=\"O trabalho \u00e9 desafiador e a rotina, imprevis\u00edvel. No campo, nas ruas, ao longo das rodovias, debaixo de sol e chuva, eles trabalham dia e noite para levar energia em forma de conforto, seguran\u00e7a e qualidade de vida aos maisLeia mais Eletricistas da Energisa contam os desafios que vivem no dia a dia\" \/>\n<meta property=\"og:url\" content=\"https:\/\/marcelolopes.jor.br\/site\/2021\/10\/17\/eletricistas-da-energisa-contam-os-desafios-que-vivem-no-dia-a-dia\/\" \/>\n<meta property=\"og:site_name\" content=\"Marcelo Lopes\" \/>\n<meta property=\"article:publisher\" content=\"https:\/\/www.facebook.com\/sitedomarcelolopes\" \/>\n<meta property=\"article:published_time\" content=\"2021-10-17T10:00:07+00:00\" \/>\n<meta property=\"og:image\" content=\"https:\/\/marcelolopes.jor.br\/site\/wp-content\/uploads\/2019\/11\/Energisa-fachada1.jpg\" \/>\n\t<meta property=\"og:image:width\" content=\"640\" \/>\n\t<meta property=\"og:image:height\" content=\"480\" \/>\n\t<meta property=\"og:image:type\" content=\"image\/jpeg\" \/>\n<meta name=\"author\" content=\"Marcelo Lopes\" \/>\n<meta name=\"twitter:card\" content=\"summary_large_image\" \/>\n<meta name=\"twitter:label1\" content=\"Escrito por\" \/>\n\t<meta name=\"twitter:data1\" content=\"Marcelo Lopes\" \/>\n\t<meta name=\"twitter:label2\" content=\"Est. tempo de leitura\" \/>\n\t<meta name=\"twitter:data2\" content=\"3 minutos\" \/>\n<script type=\"application\/ld+json\" class=\"yoast-schema-graph\">{\"@context\":\"https:\\\/\\\/schema.org\",\"@graph\":[{\"@type\":\"NewsArticle\",\"@id\":\"https:\\\/\\\/marcelolopes.jor.br\\\/site\\\/2021\\\/10\\\/17\\\/eletricistas-da-energisa-contam-os-desafios-que-vivem-no-dia-a-dia\\\/#article\",\"isPartOf\":{\"@id\":\"https:\\\/\\\/marcelolopes.jor.br\\\/site\\\/2021\\\/10\\\/17\\\/eletricistas-da-energisa-contam-os-desafios-que-vivem-no-dia-a-dia\\\/\"},\"author\":{\"name\":\"Marcelo Lopes\",\"@id\":\"https:\\\/\\\/marcelolopes.jor.br\\\/site\\\/#\\\/schema\\\/person\\\/3e7216a35c34d8fdf952b31da3d1f89f\"},\"headline\":\"Eletricistas da Energisa contam os desafios que vivem no dia a dia\",\"datePublished\":\"2021-10-17T10:00:07+00:00\",\"mainEntityOfPage\":{\"@id\":\"https:\\\/\\\/marcelolopes.jor.br\\\/site\\\/2021\\\/10\\\/17\\\/eletricistas-da-energisa-contam-os-desafios-que-vivem-no-dia-a-dia\\\/\"},\"wordCount\":694,\"commentCount\":0,\"publisher\":{\"@id\":\"https:\\\/\\\/marcelolopes.jor.br\\\/site\\\/#organization\"},\"image\":{\"@id\":\"https:\\\/\\\/marcelolopes.jor.br\\\/site\\\/2021\\\/10\\\/17\\\/eletricistas-da-energisa-contam-os-desafios-que-vivem-no-dia-a-dia\\\/#primaryimage\"},\"thumbnailUrl\":\"https:\\\/\\\/marcelolopes.jor.br\\\/site\\\/wp-content\\\/uploads\\\/2019\\\/11\\\/Energisa-fachada1.jpg\",\"keywords\":[\"cadastro Energisa\",\"Dia do Eletricista\",\"Energisa\",\"vagas na Energisa\"],\"articleSection\":[\"Not\u00edcias\"],\"inLanguage\":\"pt-BR\",\"potentialAction\":[{\"@type\":\"CommentAction\",\"name\":\"Comment\",\"target\":[\"https:\\\/\\\/marcelolopes.jor.br\\\/site\\\/2021\\\/10\\\/17\\\/eletricistas-da-energisa-contam-os-desafios-que-vivem-no-dia-a-dia\\\/#respond\"]}]},{\"@type\":\"WebPage\",\"@id\":\"https:\\\/\\\/marcelolopes.jor.br\\\/site\\\/2021\\\/10\\\/17\\\/eletricistas-da-energisa-contam-os-desafios-que-vivem-no-dia-a-dia\\\/\",\"url\":\"https:\\\/\\\/marcelolopes.jor.br\\\/site\\\/2021\\\/10\\\/17\\\/eletricistas-da-energisa-contam-os-desafios-que-vivem-no-dia-a-dia\\\/\",\"name\":\"Eletricistas da Energisa contam os desafios que vivem no dia a dia | Marcelo Lopes\",\"isPartOf\":{\"@id\":\"https:\\\/\\\/marcelolopes.jor.br\\\/site\\\/#website\"},\"primaryImageOfPage\":{\"@id\":\"https:\\\/\\\/marcelolopes.jor.br\\\/site\\\/2021\\\/10\\\/17\\\/eletricistas-da-energisa-contam-os-desafios-que-vivem-no-dia-a-dia\\\/#primaryimage\"},\"image\":{\"@id\":\"https:\\\/\\\/marcelolopes.jor.br\\\/site\\\/2021\\\/10\\\/17\\\/eletricistas-da-energisa-contam-os-desafios-que-vivem-no-dia-a-dia\\\/#primaryimage\"},\"thumbnailUrl\":\"https:\\\/\\\/marcelolopes.jor.br\\\/site\\\/wp-content\\\/uploads\\\/2019\\\/11\\\/Energisa-fachada1.jpg\",\"datePublished\":\"2021-10-17T10:00:07+00:00\",\"breadcrumb\":{\"@id\":\"https:\\\/\\\/marcelolopes.jor.br\\\/site\\\/2021\\\/10\\\/17\\\/eletricistas-da-energisa-contam-os-desafios-que-vivem-no-dia-a-dia\\\/#breadcrumb\"},\"inLanguage\":\"pt-BR\",\"potentialAction\":[{\"@type\":\"ReadAction\",\"target\":[\"https:\\\/\\\/marcelolopes.jor.br\\\/site\\\/2021\\\/10\\\/17\\\/eletricistas-da-energisa-contam-os-desafios-que-vivem-no-dia-a-dia\\\/\"]}]},{\"@type\":\"ImageObject\",\"inLanguage\":\"pt-BR\",\"@id\":\"https:\\\/\\\/marcelolopes.jor.br\\\/site\\\/2021\\\/10\\\/17\\\/eletricistas-da-energisa-contam-os-desafios-que-vivem-no-dia-a-dia\\\/#primaryimage\",\"url\":\"https:\\\/\\\/marcelolopes.jor.br\\\/site\\\/wp-content\\\/uploads\\\/2019\\\/11\\\/Energisa-fachada1.jpg\",\"contentUrl\":\"https:\\\/\\\/marcelolopes.jor.br\\\/site\\\/wp-content\\\/uploads\\\/2019\\\/11\\\/Energisa-fachada1.jpg\",\"width\":640,\"height\":480},{\"@type\":\"BreadcrumbList\",\"@id\":\"https:\\\/\\\/marcelolopes.jor.br\\\/site\\\/2021\\\/10\\\/17\\\/eletricistas-da-energisa-contam-os-desafios-que-vivem-no-dia-a-dia\\\/#breadcrumb\",\"itemListElement\":[{\"@type\":\"ListItem\",\"position\":1,\"name\":\"Home\",\"item\":\"https:\\\/\\\/marcelolopes.jor.br\\\/site\\\/\"},{\"@type\":\"ListItem\",\"position\":2,\"name\":\"Eletricistas da Energisa contam os desafios que vivem no dia a dia\"}]},{\"@type\":\"WebSite\",\"@id\":\"https:\\\/\\\/marcelolopes.jor.br\\\/site\\\/#website\",\"url\":\"https:\\\/\\\/marcelolopes.jor.br\\\/site\\\/\",\"name\":\"Marcelo Lopes\",\"description\":\"Not\u00edcias de Cataguases e Regi\u00e3o\",\"publisher\":{\"@id\":\"https:\\\/\\\/marcelolopes.jor.br\\\/site\\\/#organization\"},\"potentialAction\":[{\"@type\":\"SearchAction\",\"target\":{\"@type\":\"EntryPoint\",\"urlTemplate\":\"https:\\\/\\\/marcelolopes.jor.br\\\/site\\\/?s={search_term_string}\"},\"query-input\":{\"@type\":\"PropertyValueSpecification\",\"valueRequired\":true,\"valueName\":\"search_term_string\"}}],\"inLanguage\":\"pt-BR\"},{\"@type\":\"Organization\",\"@id\":\"https:\\\/\\\/marcelolopes.jor.br\\\/site\\\/#organization\",\"name\":\"Site do Marcelo Lopes\",\"url\":\"https:\\\/\\\/marcelolopes.jor.br\\\/site\\\/\",\"logo\":{\"@type\":\"ImageObject\",\"inLanguage\":\"pt-BR\",\"@id\":\"https:\\\/\\\/marcelolopes.jor.br\\\/site\\\/#\\\/schema\\\/logo\\\/image\\\/\",\"url\":\"https:\\\/\\\/marcelolopes.jor.br\\\/site\\\/wp-content\\\/uploads\\\/2024\\\/11\\\/logo-1.png\",\"contentUrl\":\"https:\\\/\\\/marcelolopes.jor.br\\\/site\\\/wp-content\\\/uploads\\\/2024\\\/11\\\/logo-1.png\",\"width\":475,\"height\":80,\"caption\":\"Site do Marcelo Lopes\"},\"image\":{\"@id\":\"https:\\\/\\\/marcelolopes.jor.br\\\/site\\\/#\\\/schema\\\/logo\\\/image\\\/\"},\"sameAs\":[\"https:\\\/\\\/www.facebook.com\\\/sitedomarcelolopes\",\"https:\\\/\\\/www.instagram.com\\\/sitedomarcelolopes\\\/\",\"https:\\\/\\\/www.linkedin.com\\\/company\\\/site-do-marcelo-lopes\\\/\",\"https:\\\/\\\/www.youtube.com\\\/user\\\/marcelolopes957\"]},{\"@type\":\"Person\",\"@id\":\"https:\\\/\\\/marcelolopes.jor.br\\\/site\\\/#\\\/schema\\\/person\\\/3e7216a35c34d8fdf952b31da3d1f89f\",\"name\":\"Marcelo Lopes\",\"sameAs\":[\"http:\\\/\\\/www.marcelolopes.jor.br\"],\"url\":\"https:\\\/\\\/marcelolopes.jor.br\\\/site\\\/author\\\/marcelo\\\/\"}]}<\/script>\n<!-- \/ Yoast SEO plugin. -->","yoast_head_json":{"title":"Eletricistas da Energisa contam os desafios que vivem no dia a dia | Marcelo Lopes","robots":{"index":"index","follow":"follow","max-snippet":"max-snippet:-1","max-image-preview":"max-image-preview:large","max-video-preview":"max-video-preview:-1"},"canonical":"https:\/\/marcelolopes.jor.br\/site\/2021\/10\/17\/eletricistas-da-energisa-contam-os-desafios-que-vivem-no-dia-a-dia\/","og_locale":"pt_BR","og_type":"article","og_title":"Eletricistas da Energisa contam os desafios que vivem no dia a dia | Marcelo Lopes","og_description":"O trabalho \u00e9 desafiador e a rotina, imprevis\u00edvel. No campo, nas ruas, ao longo das rodovias, debaixo de sol e chuva, eles trabalham dia e noite para levar energia em forma de conforto, seguran\u00e7a e qualidade de vida aos maisLeia mais Eletricistas da Energisa contam os desafios que vivem no dia a dia","og_url":"https:\/\/marcelolopes.jor.br\/site\/2021\/10\/17\/eletricistas-da-energisa-contam-os-desafios-que-vivem-no-dia-a-dia\/","og_site_name":"Marcelo Lopes","article_publisher":"https:\/\/www.facebook.com\/sitedomarcelolopes","article_published_time":"2021-10-17T10:00:07+00:00","og_image":[{"width":640,"height":480,"url":"https:\/\/marcelolopes.jor.br\/site\/wp-content\/uploads\/2019\/11\/Energisa-fachada1.jpg","type":"image\/jpeg"}],"author":"Marcelo Lopes","twitter_card":"summary_large_image","twitter_misc":{"Escrito por":"Marcelo Lopes","Est. tempo de leitura":"3 minutos"},"schema":{"@context":"https:\/\/schema.org","@graph":[{"@type":"NewsArticle","@id":"https:\/\/marcelolopes.jor.br\/site\/2021\/10\/17\/eletricistas-da-energisa-contam-os-desafios-que-vivem-no-dia-a-dia\/#article","isPartOf":{"@id":"https:\/\/marcelolopes.jor.br\/site\/2021\/10\/17\/eletricistas-da-energisa-contam-os-desafios-que-vivem-no-dia-a-dia\/"},"author":{"name":"Marcelo Lopes","@id":"https:\/\/marcelolopes.jor.br\/site\/#\/schema\/person\/3e7216a35c34d8fdf952b31da3d1f89f"},"headline":"Eletricistas da Energisa contam os desafios que vivem no dia a dia","datePublished":"2021-10-17T10:00:07+00:00","mainEntityOfPage":{"@id":"https:\/\/marcelolopes.jor.br\/site\/2021\/10\/17\/eletricistas-da-energisa-contam-os-desafios-que-vivem-no-dia-a-dia\/"},"wordCount":694,"commentCount":0,"publisher":{"@id":"https:\/\/marcelolopes.jor.br\/site\/#organization"},"image":{"@id":"https:\/\/marcelolopes.jor.br\/site\/2021\/10\/17\/eletricistas-da-energisa-contam-os-desafios-que-vivem-no-dia-a-dia\/#primaryimage"},"thumbnailUrl":"https:\/\/marcelolopes.jor.br\/site\/wp-content\/uploads\/2019\/11\/Energisa-fachada1.jpg","keywords":["cadastro Energisa","Dia do Eletricista","Energisa","vagas na Energisa"],"articleSection":["Not\u00edcias"],"inLanguage":"pt-BR","potentialAction":[{"@type":"CommentAction","name":"Comment","target":["https:\/\/marcelolopes.jor.br\/site\/2021\/10\/17\/eletricistas-da-energisa-contam-os-desafios-que-vivem-no-dia-a-dia\/#respond"]}]},{"@type":"WebPage","@id":"https:\/\/marcelolopes.jor.br\/site\/2021\/10\/17\/eletricistas-da-energisa-contam-os-desafios-que-vivem-no-dia-a-dia\/","url":"https:\/\/marcelolopes.jor.br\/site\/2021\/10\/17\/eletricistas-da-energisa-contam-os-desafios-que-vivem-no-dia-a-dia\/","name":"Eletricistas da Energisa contam os desafios que vivem no dia a dia | Marcelo Lopes","isPartOf":{"@id":"https:\/\/marcelolopes.jor.br\/site\/#website"},"primaryImageOfPage":{"@id":"https:\/\/marcelolopes.jor.br\/site\/2021\/10\/17\/eletricistas-da-energisa-contam-os-desafios-que-vivem-no-dia-a-dia\/#primaryimage"},"image":{"@id":"https:\/\/marcelolopes.jor.br\/site\/2021\/10\/17\/eletricistas-da-energisa-contam-os-desafios-que-vivem-no-dia-a-dia\/#primaryimage"},"thumbnailUrl":"https:\/\/marcelolopes.jor.br\/site\/wp-content\/uploads\/2019\/11\/Energisa-fachada1.jpg","datePublished":"2021-10-17T10:00:07+00:00","breadcrumb":{"@id":"https:\/\/marcelolopes.jor.br\/site\/2021\/10\/17\/eletricistas-da-energisa-contam-os-desafios-que-vivem-no-dia-a-dia\/#breadcrumb"},"inLanguage":"pt-BR","potentialAction":[{"@type":"ReadAction","target":["https:\/\/marcelolopes.jor.br\/site\/2021\/10\/17\/eletricistas-da-energisa-contam-os-desafios-que-vivem-no-dia-a-dia\/"]}]},{"@type":"ImageObject","inLanguage":"pt-BR","@id":"https:\/\/marcelolopes.jor.br\/site\/2021\/10\/17\/eletricistas-da-energisa-contam-os-desafios-que-vivem-no-dia-a-dia\/#primaryimage","url":"https:\/\/marcelolopes.jor.br\/site\/wp-content\/uploads\/2019\/11\/Energisa-fachada1.jpg","contentUrl":"https:\/\/marcelolopes.jor.br\/site\/wp-content\/uploads\/2019\/11\/Energisa-fachada1.jpg","width":640,"height":480},{"@type":"BreadcrumbList","@id":"https:\/\/marcelolopes.jor.br\/site\/2021\/10\/17\/eletricistas-da-energisa-contam-os-desafios-que-vivem-no-dia-a-dia\/#breadcrumb","itemListElement":[{"@type":"ListItem","position":1,"name":"Home","item":"https:\/\/marcelolopes.jor.br\/site\/"},{"@type":"ListItem","position":2,"name":"Eletricistas da Energisa contam os desafios que vivem no dia a dia"}]},{"@type":"WebSite","@id":"https:\/\/marcelolopes.jor.br\/site\/#website","url":"https:\/\/marcelolopes.jor.br\/site\/","name":"Marcelo Lopes","description":"Not\u00edcias de Cataguases e Regi\u00e3o","publisher":{"@id":"https:\/\/marcelolopes.jor.br\/site\/#organization"},"potentialAction":[{"@type":"SearchAction","target":{"@type":"EntryPoint","urlTemplate":"https:\/\/marcelolopes.jor.br\/site\/?s={search_term_string}"},"query-input":{"@type":"PropertyValueSpecification","valueRequired":true,"valueName":"search_term_string"}}],"inLanguage":"pt-BR"},{"@type":"Organization","@id":"https:\/\/marcelolopes.jor.br\/site\/#organization","name":"Site do Marcelo Lopes","url":"https:\/\/marcelolopes.jor.br\/site\/","logo":{"@type":"ImageObject","inLanguage":"pt-BR","@id":"https:\/\/marcelolopes.jor.br\/site\/#\/schema\/logo\/image\/","url":"https:\/\/marcelolopes.jor.br\/site\/wp-content\/uploads\/2024\/11\/logo-1.png","contentUrl":"https:\/\/marcelolopes.jor.br\/site\/wp-content\/uploads\/2024\/11\/logo-1.png","width":475,"height":80,"caption":"Site do Marcelo Lopes"},"image":{"@id":"https:\/\/marcelolopes.jor.br\/site\/#\/schema\/logo\/image\/"},"sameAs":["https:\/\/www.facebook.com\/sitedomarcelolopes","https:\/\/www.instagram.com\/sitedomarcelolopes\/","https:\/\/www.linkedin.com\/company\/site-do-marcelo-lopes\/","https:\/\/www.youtube.com\/user\/marcelolopes957"]},{"@type":"Person","@id":"https:\/\/marcelolopes.jor.br\/site\/#\/schema\/person\/3e7216a35c34d8fdf952b31da3d1f89f","name":"Marcelo Lopes","sameAs":["http:\/\/www.marcelolopes.jor.br"],"url":"https:\/\/marcelolopes.jor.br\/site\/author\/marcelo\/"}]}},"wps_subtitle":"Hoje \u00e9 o Dia do Eletricista. Energisa est\u00e1 com vagas abertas.","_links":{"self":[{"href":"https:\/\/marcelolopes.jor.br\/site\/wp-json\/wp\/v2\/posts\/27734","targetHints":{"allow":["GET"]}}],"collection":[{"href":"https:\/\/marcelolopes.jor.br\/site\/wp-json\/wp\/v2\/posts"}],"about":[{"href":"https:\/\/marcelolopes.jor.br\/site\/wp-json\/wp\/v2\/types\/post"}],"author":[{"embeddable":true,"href":"https:\/\/marcelolopes.jor.br\/site\/wp-json\/wp\/v2\/users\/2"}],"replies":[{"embeddable":true,"href":"https:\/\/marcelolopes.jor.br\/site\/wp-json\/wp\/v2\/comments?post=27734"}],"version-history":[{"count":0,"href":"https:\/\/marcelolopes.jor.br\/site\/wp-json\/wp\/v2\/posts\/27734\/revisions"}],"wp:featuredmedia":[{"embeddable":true,"href":"https:\/\/marcelolopes.jor.br\/site\/wp-json\/wp\/v2\/media\/8536"}],"wp:attachment":[{"href":"https:\/\/marcelolopes.jor.br\/site\/wp-json\/wp\/v2\/media?parent=27734"}],"wp:term":[{"taxonomy":"category","embeddable":true,"href":"https:\/\/marcelolopes.jor.br\/site\/wp-json\/wp\/v2\/categories?post=27734"},{"taxonomy":"post_tag","embeddable":true,"href":"https:\/\/marcelolopes.jor.br\/site\/wp-json\/wp\/v2\/tags?post=27734"}],"curies":[{"name":"wp","href":"https:\/\/api.w.org\/{rel}","templated":true}]}}