{"id":27584,"date":"2021-10-09T19:00:51","date_gmt":"2021-10-09T22:00:51","guid":{"rendered":"https:\/\/marcelolopes.jor.br\/?p=27584"},"modified":"2021-10-09T14:37:07","modified_gmt":"2021-10-09T17:37:07","slug":"paroquia-de-santa-rita-de-cassia-completa-170-anos-de-criacao","status":"publish","type":"post","link":"https:\/\/marcelolopes.jor.br\/site\/2021\/10\/09\/paroquia-de-santa-rita-de-cassia-completa-170-anos-de-criacao\/","title":{"rendered":"Par\u00f3quia de Santa Rita de C\u00e1ssia completa 170 anos de cria\u00e7\u00e3o"},"content":{"rendered":"<p style=\"text-align: justify;\">A Par\u00f3quia de Santa Rita de C\u00e1ssia est\u00e1 comemorando 170 anos de cria\u00e7\u00e3o. Para festejar a data, est\u00e1 acontecendo uma s\u00e9rie de atividades religiosas. Outra novidade \u00e9 que durante os dias de festa, 10, 11 e 12 de outubro, os fi\u00e9is e a comunidade em geral poder\u00e3o voltar a saborear o pastel de Santa Rita, quentinho e delicioso como sempre, que ser\u00e1 vendido no Sal\u00e3o de Santa Rita, ao lado da casa paroquial, bem como outros salgados, caldos e o tradicional arroz doce.<!--more--><\/p>\n<p style=\"text-align: justify;\">Para matar a saudade do pastel o p\u00fablico ser\u00e1 atendido nos seguintes dias e hor\u00e1rios: Domingo, dia 10, das 8h \u00e0s 19h; Segunda, dia 11, das 17h \u00e0s 20h, e na ter\u00e7a-feira, 12 de outubro, das 8h \u00e0s 19h. Padre Jorge Luiz Passon informa que todo o trabalho e atendimento ao p\u00fablico ser\u00e1 feito obedecendo todas as normas de seguran\u00e7a de preven\u00e7\u00e3o \u00e0 Covid-19, com uso de \u00e1lcool em gel, m\u00e1scaras e mantendo o distanciamento.<\/p>\n<p style=\"text-align: justify;\">As celebra\u00e7\u00f5es religiosas come\u00e7am nesta noite de s\u00e1bado, 9, \u00e0s 19 horas, no Santu\u00e1rio de Santa Rita de C\u00e1ssia, com uma eucaristia. Domingo, ser\u00e3o celebradas missas em homenagem aos 170 anos da Par\u00f3quia \u00e0s 7h, 8:30h, 10h e 18h. Todas as celebra\u00e7\u00f5es podem ser acompanhadas pelos fieis pelos canais do Santu\u00e1rio no Facebook e no YouTube, informa padre Jorge.<\/p>\n<p style=\"text-align: justify;\">&#8220;\u00c9 tempo de louvar e agradecer ao Senhor por todas as gra\u00e7as que nos foram concedidas nestes 170 anos, por isso contamos com a sua participa\u00e7\u00e3o atrav\u00e9s da internet e, tamb\u00e9m, presencialmente, at\u00e9 o limite da nossa capacidade determinada pelas autoridades de sa\u00fade porque ainda estamos vivendo um per\u00edodo dif\u00edcil para todos n\u00f3s\u201d, explica o padre, que \u00e9 respons\u00e1vel pela par\u00f3quia de Santa Rita de C\u00e1ssia.<\/p>\n<p><img loading=\"lazy\" decoding=\"async\" class=\"aligncenter wp-image-27586 size-full\" src=\"https:\/\/marcelolopes.jor.br\/site\/wp-content\/uploads\/2021\/10\/244984934_2929246474072396_4625178923391767862_n.jpg\" alt=\"\" width=\"678\" height=\"960\" srcset=\"https:\/\/marcelolopes.jor.br\/site\/wp-content\/uploads\/2021\/10\/244984934_2929246474072396_4625178923391767862_n.jpg 678w, https:\/\/marcelolopes.jor.br\/site\/wp-content\/uploads\/2021\/10\/244984934_2929246474072396_4625178923391767862_n-212x300.jpg 212w\" sizes=\"auto, (max-width: 678px) 100vw, 678px\" \/><\/p>\n<div class=\"mkxol6a94fc6eeaec4\" ><br><\/div><style type=\"text\/css\">\r\n@media screen and (min-width: 1201px) {\r\n.mkxol6a94fc6eeaec4 {\r\ndisplay: block;\r\n}\r\n}\r\n@media screen and (min-width: 993px) and (max-width: 1200px) {\r\n.mkxol6a94fc6eeaec4 {\r\ndisplay: block;\r\n}\r\n}\r\n@media screen and (min-width: 769px) and (max-width: 992px) {\r\n.mkxol6a94fc6eeaec4 {\r\ndisplay: block;\r\n}\r\n}\r\n@media screen and (min-width: 768px) and (max-width: 768px) {\r\n.mkxol6a94fc6eeaec4 {\r\ndisplay: block;\r\n}\r\n}\r\n@media screen and (max-width: 767px) {\r\n.mkxol6a94fc6eeaec4 {\r\ndisplay: block;\r\n}\r\n}\r\n<\/style>\r\n<div class=\"jiegv6a94fc6ef1e2a\" ><div id=\"div_destino\"><\/div>\r\n<script src=\"https:\/\/cdn.snsrsv.com\/sdk.js\"><\/script>\r\n<script >\r\n      new sdk(\"464030C30061EA8BE065000000000001\") \r\n          .appendTo(\"div_destino\")\r\n          .disableStyle(true) \r\n          .setCacheBusterMacro(\"%%CACHEBUSTER%%\")\r\n          .setSize(\"800\",\"214\")\r\n          .setClickMacro(\"%%CLICK_URL_ESC%%\") \r\n          .setReferrerUrlMacro(\"%%REFERRER_URL_ESC%%\") \r\n          .start(); \r\n<\/script><\/div><style type=\"text\/css\">\r\n@media screen and (min-width: 1201px) {\r\n.jiegv6a94fc6ef1e2a {\r\ndisplay: block;\r\n}\r\n}\r\n@media screen and (min-width: 993px) and (max-width: 1200px) {\r\n.jiegv6a94fc6ef1e2a {\r\ndisplay: block;\r\n}\r\n}\r\n@media screen and (min-width: 769px) and (max-width: 992px) {\r\n.jiegv6a94fc6ef1e2a {\r\ndisplay: block;\r\n}\r\n}\r\n@media screen and (min-width: 768px) and (max-width: 768px) {\r\n.jiegv6a94fc6ef1e2a {\r\ndisplay: block;\r\n}\r\n}\r\n@media screen and (max-width: 767px) {\r\n.jiegv6a94fc6ef1e2a {\r\ndisplay: block;\r\n}\r\n}\r\n<\/style>\r\n","protected":false},"excerpt":{"rendered":"<p>A Par\u00f3quia de Santa Rita de C\u00e1ssia est\u00e1 comemorando 170 anos de cria\u00e7\u00e3o. Para festejar a data, est\u00e1 acontecendo uma s\u00e9rie de atividades religiosas. Outra novidade \u00e9 que durante os dias de festa, 10, 11 e 12 de outubro, os<\/p>\n<p class=\"link-more\"><a class=\"more-link\" href=\"https:\/\/marcelolopes.jor.br\/site\/2021\/10\/09\/paroquia-de-santa-rita-de-cassia-completa-170-anos-de-criacao\/\">Leia mais <span class=\"screen-reader-text\">Par\u00f3quia de Santa Rita de C\u00e1ssia completa 170 anos de cria\u00e7\u00e3o<\/span><\/a><\/p>\n","protected":false},"author":2,"featured_media":27587,"comment_status":"open","ping_status":"open","sticky":false,"template":"","format":"standard","meta":{"footnotes":""},"categories":[1],"tags":[4838,4836,4835,4837],"class_list":["post-27584","post","type-post","status-publish","format-standard","has-post-thumbnail","hentry","category-noticias","tag-170-anos-da-paroquia","tag-celebracao-religiosa","tag-paroquia-de-santa-rita","tag-pastel-de-santa-rita","thumb-below-title"],"yoast_head":"<!-- This site is optimized with the Yoast SEO plugin v28.3 - https:\/\/yoast.com\/product\/yoast-seo-wordpress\/ -->\n<title>Par\u00f3quia de Santa Rita de C\u00e1ssia completa 170 anos de cria\u00e7\u00e3o | Marcelo Lopes<\/title>\n<meta name=\"robots\" content=\"index, follow, max-snippet:-1, max-image-preview:large, max-video-preview:-1\" \/>\n<link rel=\"canonical\" href=\"https:\/\/marcelolopes.jor.br\/site\/2021\/10\/09\/paroquia-de-santa-rita-de-cassia-completa-170-anos-de-criacao\/\" \/>\n<meta property=\"og:locale\" content=\"pt_BR\" \/>\n<meta property=\"og:type\" content=\"article\" \/>\n<meta property=\"og:title\" content=\"Par\u00f3quia de Santa Rita de C\u00e1ssia completa 170 anos de cria\u00e7\u00e3o | Marcelo Lopes\" \/>\n<meta property=\"og:description\" content=\"A Par\u00f3quia de Santa Rita de C\u00e1ssia est\u00e1 comemorando 170 anos de cria\u00e7\u00e3o. Para festejar a data, est\u00e1 acontecendo uma s\u00e9rie de atividades religiosas. Outra novidade \u00e9 que durante os dias de festa, 10, 11 e 12 de outubro, osLeia mais Par\u00f3quia de Santa Rita de C\u00e1ssia completa 170 anos de cria\u00e7\u00e3o\" \/>\n<meta property=\"og:url\" content=\"https:\/\/marcelolopes.jor.br\/site\/2021\/10\/09\/paroquia-de-santa-rita-de-cassia-completa-170-anos-de-criacao\/\" \/>\n<meta property=\"og:site_name\" content=\"Marcelo Lopes\" \/>\n<meta property=\"article:publisher\" content=\"https:\/\/www.facebook.com\/sitedomarcelolopes\" \/>\n<meta property=\"article:published_time\" content=\"2021-10-09T22:00:51+00:00\" \/>\n<meta property=\"og:image\" content=\"https:\/\/marcelolopes.jor.br\/site\/wp-content\/uploads\/2021\/10\/IMG_6031.jpg\" \/>\n\t<meta property=\"og:image:width\" content=\"800\" \/>\n\t<meta property=\"og:image:height\" content=\"600\" \/>\n\t<meta property=\"og:image:type\" content=\"image\/jpeg\" \/>\n<meta name=\"author\" content=\"Marcelo Lopes\" \/>\n<meta name=\"twitter:card\" content=\"summary_large_image\" \/>\n<meta name=\"twitter:label1\" content=\"Escrito por\" \/>\n\t<meta name=\"twitter:data1\" content=\"Marcelo Lopes\" \/>\n\t<meta name=\"twitter:label2\" content=\"Est. tempo de leitura\" \/>\n\t<meta name=\"twitter:data2\" content=\"2 minutos\" \/>\n<script type=\"application\/ld+json\" class=\"yoast-schema-graph\">{\"@context\":\"https:\\\/\\\/schema.org\",\"@graph\":[{\"@type\":\"NewsArticle\",\"@id\":\"https:\\\/\\\/marcelolopes.jor.br\\\/site\\\/2021\\\/10\\\/09\\\/paroquia-de-santa-rita-de-cassia-completa-170-anos-de-criacao\\\/#article\",\"isPartOf\":{\"@id\":\"https:\\\/\\\/marcelolopes.jor.br\\\/site\\\/2021\\\/10\\\/09\\\/paroquia-de-santa-rita-de-cassia-completa-170-anos-de-criacao\\\/\"},\"author\":{\"name\":\"Marcelo Lopes\",\"@id\":\"https:\\\/\\\/marcelolopes.jor.br\\\/site\\\/#\\\/schema\\\/person\\\/3e7216a35c34d8fdf952b31da3d1f89f\"},\"headline\":\"Par\u00f3quia de Santa Rita de C\u00e1ssia completa 170 anos de cria\u00e7\u00e3o\",\"datePublished\":\"2021-10-09T22:00:51+00:00\",\"mainEntityOfPage\":{\"@id\":\"https:\\\/\\\/marcelolopes.jor.br\\\/site\\\/2021\\\/10\\\/09\\\/paroquia-de-santa-rita-de-cassia-completa-170-anos-de-criacao\\\/\"},\"wordCount\":315,\"commentCount\":0,\"publisher\":{\"@id\":\"https:\\\/\\\/marcelolopes.jor.br\\\/site\\\/#organization\"},\"image\":{\"@id\":\"https:\\\/\\\/marcelolopes.jor.br\\\/site\\\/2021\\\/10\\\/09\\\/paroquia-de-santa-rita-de-cassia-completa-170-anos-de-criacao\\\/#primaryimage\"},\"thumbnailUrl\":\"https:\\\/\\\/marcelolopes.jor.br\\\/site\\\/wp-content\\\/uploads\\\/2021\\\/10\\\/IMG_6031.jpg\",\"keywords\":[\"170 anos da par\u00f3quia\",\"celebra\u00e7\u00e3o religiosa\",\"par\u00f3quia de Santa Rita\",\"pastel de Santa Rita\"],\"articleSection\":[\"Not\u00edcias\"],\"inLanguage\":\"pt-BR\",\"potentialAction\":[{\"@type\":\"CommentAction\",\"name\":\"Comment\",\"target\":[\"https:\\\/\\\/marcelolopes.jor.br\\\/site\\\/2021\\\/10\\\/09\\\/paroquia-de-santa-rita-de-cassia-completa-170-anos-de-criacao\\\/#respond\"]}]},{\"@type\":\"WebPage\",\"@id\":\"https:\\\/\\\/marcelolopes.jor.br\\\/site\\\/2021\\\/10\\\/09\\\/paroquia-de-santa-rita-de-cassia-completa-170-anos-de-criacao\\\/\",\"url\":\"https:\\\/\\\/marcelolopes.jor.br\\\/site\\\/2021\\\/10\\\/09\\\/paroquia-de-santa-rita-de-cassia-completa-170-anos-de-criacao\\\/\",\"name\":\"Par\u00f3quia de Santa Rita de C\u00e1ssia completa 170 anos de cria\u00e7\u00e3o | Marcelo Lopes\",\"isPartOf\":{\"@id\":\"https:\\\/\\\/marcelolopes.jor.br\\\/site\\\/#website\"},\"primaryImageOfPage\":{\"@id\":\"https:\\\/\\\/marcelolopes.jor.br\\\/site\\\/2021\\\/10\\\/09\\\/paroquia-de-santa-rita-de-cassia-completa-170-anos-de-criacao\\\/#primaryimage\"},\"image\":{\"@id\":\"https:\\\/\\\/marcelolopes.jor.br\\\/site\\\/2021\\\/10\\\/09\\\/paroquia-de-santa-rita-de-cassia-completa-170-anos-de-criacao\\\/#primaryimage\"},\"thumbnailUrl\":\"https:\\\/\\\/marcelolopes.jor.br\\\/site\\\/wp-content\\\/uploads\\\/2021\\\/10\\\/IMG_6031.jpg\",\"datePublished\":\"2021-10-09T22:00:51+00:00\",\"breadcrumb\":{\"@id\":\"https:\\\/\\\/marcelolopes.jor.br\\\/site\\\/2021\\\/10\\\/09\\\/paroquia-de-santa-rita-de-cassia-completa-170-anos-de-criacao\\\/#breadcrumb\"},\"inLanguage\":\"pt-BR\",\"potentialAction\":[{\"@type\":\"ReadAction\",\"target\":[\"https:\\\/\\\/marcelolopes.jor.br\\\/site\\\/2021\\\/10\\\/09\\\/paroquia-de-santa-rita-de-cassia-completa-170-anos-de-criacao\\\/\"]}]},{\"@type\":\"ImageObject\",\"inLanguage\":\"pt-BR\",\"@id\":\"https:\\\/\\\/marcelolopes.jor.br\\\/site\\\/2021\\\/10\\\/09\\\/paroquia-de-santa-rita-de-cassia-completa-170-anos-de-criacao\\\/#primaryimage\",\"url\":\"https:\\\/\\\/marcelolopes.jor.br\\\/site\\\/wp-content\\\/uploads\\\/2021\\\/10\\\/IMG_6031.jpg\",\"contentUrl\":\"https:\\\/\\\/marcelolopes.jor.br\\\/site\\\/wp-content\\\/uploads\\\/2021\\\/10\\\/IMG_6031.jpg\",\"width\":800,\"height\":600},{\"@type\":\"BreadcrumbList\",\"@id\":\"https:\\\/\\\/marcelolopes.jor.br\\\/site\\\/2021\\\/10\\\/09\\\/paroquia-de-santa-rita-de-cassia-completa-170-anos-de-criacao\\\/#breadcrumb\",\"itemListElement\":[{\"@type\":\"ListItem\",\"position\":1,\"name\":\"Home\",\"item\":\"https:\\\/\\\/marcelolopes.jor.br\\\/site\\\/\"},{\"@type\":\"ListItem\",\"position\":2,\"name\":\"Par\u00f3quia de Santa Rita de C\u00e1ssia completa 170 anos de cria\u00e7\u00e3o\"}]},{\"@type\":\"WebSite\",\"@id\":\"https:\\\/\\\/marcelolopes.jor.br\\\/site\\\/#website\",\"url\":\"https:\\\/\\\/marcelolopes.jor.br\\\/site\\\/\",\"name\":\"Marcelo Lopes\",\"description\":\"Not\u00edcias de Cataguases e Regi\u00e3o\",\"publisher\":{\"@id\":\"https:\\\/\\\/marcelolopes.jor.br\\\/site\\\/#organization\"},\"potentialAction\":[{\"@type\":\"SearchAction\",\"target\":{\"@type\":\"EntryPoint\",\"urlTemplate\":\"https:\\\/\\\/marcelolopes.jor.br\\\/site\\\/?s={search_term_string}\"},\"query-input\":{\"@type\":\"PropertyValueSpecification\",\"valueRequired\":true,\"valueName\":\"search_term_string\"}}],\"inLanguage\":\"pt-BR\"},{\"@type\":\"Organization\",\"@id\":\"https:\\\/\\\/marcelolopes.jor.br\\\/site\\\/#organization\",\"name\":\"Site do Marcelo Lopes\",\"url\":\"https:\\\/\\\/marcelolopes.jor.br\\\/site\\\/\",\"logo\":{\"@type\":\"ImageObject\",\"inLanguage\":\"pt-BR\",\"@id\":\"https:\\\/\\\/marcelolopes.jor.br\\\/site\\\/#\\\/schema\\\/logo\\\/image\\\/\",\"url\":\"https:\\\/\\\/marcelolopes.jor.br\\\/site\\\/wp-content\\\/uploads\\\/2026\\\/07\\\/cropped-logo2026.png\",\"contentUrl\":\"https:\\\/\\\/marcelolopes.jor.br\\\/site\\\/wp-content\\\/uploads\\\/2026\\\/07\\\/cropped-logo2026.png\",\"width\":328,\"height\":96,\"caption\":\"Site do Marcelo Lopes\"},\"image\":{\"@id\":\"https:\\\/\\\/marcelolopes.jor.br\\\/site\\\/#\\\/schema\\\/logo\\\/image\\\/\"},\"sameAs\":[\"https:\\\/\\\/www.facebook.com\\\/sitedomarcelolopes\",\"https:\\\/\\\/www.instagram.com\\\/sitedomarcelolopes\\\/\",\"https:\\\/\\\/www.linkedin.com\\\/company\\\/site-do-marcelo-lopes\\\/\",\"https:\\\/\\\/www.youtube.com\\\/user\\\/marcelolopes957\"]},{\"@type\":\"Person\",\"@id\":\"https:\\\/\\\/marcelolopes.jor.br\\\/site\\\/#\\\/schema\\\/person\\\/3e7216a35c34d8fdf952b31da3d1f89f\",\"name\":\"Marcelo Lopes\",\"sameAs\":[\"http:\\\/\\\/www.marcelolopes.jor.br\"],\"url\":\"https:\\\/\\\/marcelolopes.jor.br\\\/site\\\/author\\\/marcelo\\\/\"}]}<\/script>\n<!-- \/ Yoast SEO plugin. -->","yoast_head_json":{"title":"Par\u00f3quia de Santa Rita de C\u00e1ssia completa 170 anos de cria\u00e7\u00e3o | Marcelo Lopes","robots":{"index":"index","follow":"follow","max-snippet":"max-snippet:-1","max-image-preview":"max-image-preview:large","max-video-preview":"max-video-preview:-1"},"canonical":"https:\/\/marcelolopes.jor.br\/site\/2021\/10\/09\/paroquia-de-santa-rita-de-cassia-completa-170-anos-de-criacao\/","og_locale":"pt_BR","og_type":"article","og_title":"Par\u00f3quia de Santa Rita de C\u00e1ssia completa 170 anos de cria\u00e7\u00e3o | Marcelo Lopes","og_description":"A Par\u00f3quia de Santa Rita de C\u00e1ssia est\u00e1 comemorando 170 anos de cria\u00e7\u00e3o. Para festejar a data, est\u00e1 acontecendo uma s\u00e9rie de atividades religiosas. Outra novidade \u00e9 que durante os dias de festa, 10, 11 e 12 de outubro, osLeia mais Par\u00f3quia de Santa Rita de C\u00e1ssia completa 170 anos de cria\u00e7\u00e3o","og_url":"https:\/\/marcelolopes.jor.br\/site\/2021\/10\/09\/paroquia-de-santa-rita-de-cassia-completa-170-anos-de-criacao\/","og_site_name":"Marcelo Lopes","article_publisher":"https:\/\/www.facebook.com\/sitedomarcelolopes","article_published_time":"2021-10-09T22:00:51+00:00","og_image":[{"width":800,"height":600,"url":"https:\/\/marcelolopes.jor.br\/site\/wp-content\/uploads\/2021\/10\/IMG_6031.jpg","type":"image\/jpeg"}],"author":"Marcelo Lopes","twitter_card":"summary_large_image","twitter_misc":{"Escrito por":"Marcelo Lopes","Est. tempo de leitura":"2 minutos"},"schema":{"@context":"https:\/\/schema.org","@graph":[{"@type":"NewsArticle","@id":"https:\/\/marcelolopes.jor.br\/site\/2021\/10\/09\/paroquia-de-santa-rita-de-cassia-completa-170-anos-de-criacao\/#article","isPartOf":{"@id":"https:\/\/marcelolopes.jor.br\/site\/2021\/10\/09\/paroquia-de-santa-rita-de-cassia-completa-170-anos-de-criacao\/"},"author":{"name":"Marcelo Lopes","@id":"https:\/\/marcelolopes.jor.br\/site\/#\/schema\/person\/3e7216a35c34d8fdf952b31da3d1f89f"},"headline":"Par\u00f3quia de Santa Rita de C\u00e1ssia completa 170 anos de cria\u00e7\u00e3o","datePublished":"2021-10-09T22:00:51+00:00","mainEntityOfPage":{"@id":"https:\/\/marcelolopes.jor.br\/site\/2021\/10\/09\/paroquia-de-santa-rita-de-cassia-completa-170-anos-de-criacao\/"},"wordCount":315,"commentCount":0,"publisher":{"@id":"https:\/\/marcelolopes.jor.br\/site\/#organization"},"image":{"@id":"https:\/\/marcelolopes.jor.br\/site\/2021\/10\/09\/paroquia-de-santa-rita-de-cassia-completa-170-anos-de-criacao\/#primaryimage"},"thumbnailUrl":"https:\/\/marcelolopes.jor.br\/site\/wp-content\/uploads\/2021\/10\/IMG_6031.jpg","keywords":["170 anos da par\u00f3quia","celebra\u00e7\u00e3o religiosa","par\u00f3quia de Santa Rita","pastel de Santa Rita"],"articleSection":["Not\u00edcias"],"inLanguage":"pt-BR","potentialAction":[{"@type":"CommentAction","name":"Comment","target":["https:\/\/marcelolopes.jor.br\/site\/2021\/10\/09\/paroquia-de-santa-rita-de-cassia-completa-170-anos-de-criacao\/#respond"]}]},{"@type":"WebPage","@id":"https:\/\/marcelolopes.jor.br\/site\/2021\/10\/09\/paroquia-de-santa-rita-de-cassia-completa-170-anos-de-criacao\/","url":"https:\/\/marcelolopes.jor.br\/site\/2021\/10\/09\/paroquia-de-santa-rita-de-cassia-completa-170-anos-de-criacao\/","name":"Par\u00f3quia de Santa Rita de C\u00e1ssia completa 170 anos de cria\u00e7\u00e3o | Marcelo Lopes","isPartOf":{"@id":"https:\/\/marcelolopes.jor.br\/site\/#website"},"primaryImageOfPage":{"@id":"https:\/\/marcelolopes.jor.br\/site\/2021\/10\/09\/paroquia-de-santa-rita-de-cassia-completa-170-anos-de-criacao\/#primaryimage"},"image":{"@id":"https:\/\/marcelolopes.jor.br\/site\/2021\/10\/09\/paroquia-de-santa-rita-de-cassia-completa-170-anos-de-criacao\/#primaryimage"},"thumbnailUrl":"https:\/\/marcelolopes.jor.br\/site\/wp-content\/uploads\/2021\/10\/IMG_6031.jpg","datePublished":"2021-10-09T22:00:51+00:00","breadcrumb":{"@id":"https:\/\/marcelolopes.jor.br\/site\/2021\/10\/09\/paroquia-de-santa-rita-de-cassia-completa-170-anos-de-criacao\/#breadcrumb"},"inLanguage":"pt-BR","potentialAction":[{"@type":"ReadAction","target":["https:\/\/marcelolopes.jor.br\/site\/2021\/10\/09\/paroquia-de-santa-rita-de-cassia-completa-170-anos-de-criacao\/"]}]},{"@type":"ImageObject","inLanguage":"pt-BR","@id":"https:\/\/marcelolopes.jor.br\/site\/2021\/10\/09\/paroquia-de-santa-rita-de-cassia-completa-170-anos-de-criacao\/#primaryimage","url":"https:\/\/marcelolopes.jor.br\/site\/wp-content\/uploads\/2021\/10\/IMG_6031.jpg","contentUrl":"https:\/\/marcelolopes.jor.br\/site\/wp-content\/uploads\/2021\/10\/IMG_6031.jpg","width":800,"height":600},{"@type":"BreadcrumbList","@id":"https:\/\/marcelolopes.jor.br\/site\/2021\/10\/09\/paroquia-de-santa-rita-de-cassia-completa-170-anos-de-criacao\/#breadcrumb","itemListElement":[{"@type":"ListItem","position":1,"name":"Home","item":"https:\/\/marcelolopes.jor.br\/site\/"},{"@type":"ListItem","position":2,"name":"Par\u00f3quia de Santa Rita de C\u00e1ssia completa 170 anos de cria\u00e7\u00e3o"}]},{"@type":"WebSite","@id":"https:\/\/marcelolopes.jor.br\/site\/#website","url":"https:\/\/marcelolopes.jor.br\/site\/","name":"Marcelo Lopes","description":"Not\u00edcias de Cataguases e Regi\u00e3o","publisher":{"@id":"https:\/\/marcelolopes.jor.br\/site\/#organization"},"potentialAction":[{"@type":"SearchAction","target":{"@type":"EntryPoint","urlTemplate":"https:\/\/marcelolopes.jor.br\/site\/?s={search_term_string}"},"query-input":{"@type":"PropertyValueSpecification","valueRequired":true,"valueName":"search_term_string"}}],"inLanguage":"pt-BR"},{"@type":"Organization","@id":"https:\/\/marcelolopes.jor.br\/site\/#organization","name":"Site do Marcelo Lopes","url":"https:\/\/marcelolopes.jor.br\/site\/","logo":{"@type":"ImageObject","inLanguage":"pt-BR","@id":"https:\/\/marcelolopes.jor.br\/site\/#\/schema\/logo\/image\/","url":"https:\/\/marcelolopes.jor.br\/site\/wp-content\/uploads\/2026\/07\/cropped-logo2026.png","contentUrl":"https:\/\/marcelolopes.jor.br\/site\/wp-content\/uploads\/2026\/07\/cropped-logo2026.png","width":328,"height":96,"caption":"Site do Marcelo Lopes"},"image":{"@id":"https:\/\/marcelolopes.jor.br\/site\/#\/schema\/logo\/image\/"},"sameAs":["https:\/\/www.facebook.com\/sitedomarcelolopes","https:\/\/www.instagram.com\/sitedomarcelolopes\/","https:\/\/www.linkedin.com\/company\/site-do-marcelo-lopes\/","https:\/\/www.youtube.com\/user\/marcelolopes957"]},{"@type":"Person","@id":"https:\/\/marcelolopes.jor.br\/site\/#\/schema\/person\/3e7216a35c34d8fdf952b31da3d1f89f","name":"Marcelo Lopes","sameAs":["http:\/\/www.marcelolopes.jor.br"],"url":"https:\/\/marcelolopes.jor.br\/site\/author\/marcelo\/"}]}},"wps_subtitle":"Celebra\u00e7\u00f5es marcam a data que traz de volta o pastel de Santa Rita.","_links":{"self":[{"href":"https:\/\/marcelolopes.jor.br\/site\/wp-json\/wp\/v2\/posts\/27584","targetHints":{"allow":["GET"]}}],"collection":[{"href":"https:\/\/marcelolopes.jor.br\/site\/wp-json\/wp\/v2\/posts"}],"about":[{"href":"https:\/\/marcelolopes.jor.br\/site\/wp-json\/wp\/v2\/types\/post"}],"author":[{"embeddable":true,"href":"https:\/\/marcelolopes.jor.br\/site\/wp-json\/wp\/v2\/users\/2"}],"replies":[{"embeddable":true,"href":"https:\/\/marcelolopes.jor.br\/site\/wp-json\/wp\/v2\/comments?post=27584"}],"version-history":[{"count":0,"href":"https:\/\/marcelolopes.jor.br\/site\/wp-json\/wp\/v2\/posts\/27584\/revisions"}],"wp:featuredmedia":[{"embeddable":true,"href":"https:\/\/marcelolopes.jor.br\/site\/wp-json\/wp\/v2\/media\/27587"}],"wp:attachment":[{"href":"https:\/\/marcelolopes.jor.br\/site\/wp-json\/wp\/v2\/media?parent=27584"}],"wp:term":[{"taxonomy":"category","embeddable":true,"href":"https:\/\/marcelolopes.jor.br\/site\/wp-json\/wp\/v2\/categories?post=27584"},{"taxonomy":"post_tag","embeddable":true,"href":"https:\/\/marcelolopes.jor.br\/site\/wp-json\/wp\/v2\/tags?post=27584"}],"curies":[{"name":"wp","href":"https:\/\/api.w.org\/{rel}","templated":true}]}}