{"id":27442,"date":"2021-10-04T13:00:20","date_gmt":"2021-10-04T16:00:20","guid":{"rendered":"https:\/\/marcelolopes.jor.br\/?p=27442"},"modified":"2021-10-04T11:47:53","modified_gmt":"2021-10-04T14:47:53","slug":"cataguases-volta-a-ser-cenario-de-producoes-cinematograficas","status":"publish","type":"post","link":"https:\/\/marcelolopes.jor.br\/site\/2021\/10\/04\/cataguases-volta-a-ser-cenario-de-producoes-cinematograficas\/","title":{"rendered":"Cataguases volta a ser cen\u00e1rio de produ\u00e7\u00f5es cinematogr\u00e1ficas"},"content":{"rendered":"<p style=\"text-align: justify;\">Ap\u00f3s um ano e meio, Cataguases volta a receber produ\u00e7\u00f5es cinematogr\u00e1ficas reiniciando as atividades do Polo Audiovisual de Cinema da Zona da Mata. E o primeiro filme que vai dar a largada neste recome\u00e7o \u00e9 \u201cZ\u00e9\u201d, com dire\u00e7\u00e3o de Rafael Conde e a produ\u00e7\u00e3o de Samantha Capdeville, cujas grava\u00e7\u00f5es come\u00e7ar\u00e3o no pr\u00f3ximo dia 9 e v\u00e3o at\u00e9 meados de novembro.<!--more--><\/p>\n<p style=\"text-align: justify;\">Como em outras produ\u00e7\u00f5es do g\u00eanero, &#8220;Z\u00e9&#8221; deve movimentar a economia local, inclusive com a gera\u00e7\u00e3o de empregos. O elenco secund\u00e1rio, figurantes e parte da equipe t\u00e9cnica \u00e9 composta por moradores locais, sem falar no movimento que haver\u00e1 nos setores de hotelaria, restaurantes, com\u00e9rcio e prestadores de servi\u00e7o em geral.<\/p>\n<p style=\"text-align: justify;\">Na \u00faltima semana a equipe de produ\u00e7\u00e3o do longa esteve com o prefeito Jos\u00e9 Henriques, que recebeu com alegria a retomada da produ\u00e7\u00e3o cinematogr\u00e1fica em Cataguases. Durante a conversa ficou acertada a participa\u00e7\u00e3o da Catrans nas prov\u00e1veis interdi\u00e7\u00f5es no tr\u00e2nsito da cidade durante as filmagens externas do filme. Um cronograma vai informar \u00e0 popula\u00e7\u00e3o sobre dias, hor\u00e1rios e locais que ter\u00e3o o tr\u00e2nsito desviado ou interditado para que as filmagens possam acontecer.<\/p>\n<p style=\"text-align: justify;\"><img loading=\"lazy\" decoding=\"async\" class=\"alignright wp-image-27444\" src=\"https:\/\/marcelolopes.jor.br\/site\/wp-content\/uploads\/2021\/10\/Foto-Rafael-Conde-300x186.png\" alt=\"\" width=\"200\" height=\"124\" \/>&#8220;Z\u00e9&#8221; \u00e9 um filme de fic\u00e7\u00e3o sobre o movimento estudantil brasileiro, tendo como cen\u00e1rio o rico painel social e cultural nos anos 70, e conta com v\u00e1rios atores da Zona da Mata mineira e de outros estados do Brasil. O filme ser\u00e1 inteiramente rodado em Cataguases, Mira\u00ed e seus arredores. O roteiro tamb\u00e9m \u00e9 de Rafael Conde (foto ao lado), com a colabora\u00e7\u00e3o de Anna Fl\u00e1via Dias Salles, baseado em pesquisa e livro de Samarone Lima. Outros 15 projetos foram aprovados no final de 2019, e ser\u00e3o realizados atrav\u00e9s do Edital Coinvestimentos Regionais, na regi\u00e3o do Polo Audiovisual da Zona da Mata.<\/p>\n<p style=\"text-align: justify;\">Fonte e fotos: Polo Audiovisual e Jornal Cataguases<\/p>\n<div class=\"ifvxp69f72e8fde1bf\" ><br><\/div><style type=\"text\/css\">\r\n@media screen and (min-width: 1201px) {\r\n.ifvxp69f72e8fde1bf {\r\ndisplay: block;\r\n}\r\n}\r\n@media screen and (min-width: 993px) and (max-width: 1200px) {\r\n.ifvxp69f72e8fde1bf {\r\ndisplay: block;\r\n}\r\n}\r\n@media screen and (min-width: 769px) and (max-width: 992px) {\r\n.ifvxp69f72e8fde1bf {\r\ndisplay: block;\r\n}\r\n}\r\n@media screen and (min-width: 768px) and (max-width: 768px) {\r\n.ifvxp69f72e8fde1bf {\r\ndisplay: block;\r\n}\r\n}\r\n@media screen and (max-width: 767px) {\r\n.ifvxp69f72e8fde1bf {\r\ndisplay: block;\r\n}\r\n}\r\n<\/style>\r\n<div class=\"pltar69f72e8fe3cb1\" ><div id=\"div_destino\"><\/div>\r\n<script src=\"https:\/\/cdn.snsrsv.com\/sdk.js\"><\/script>\r\n<script >\r\n      new sdk(\"464030C30061EA8BE065000000000001\") \r\n          .appendTo(\"div_destino\")\r\n          .disableStyle(true) \r\n          .setCacheBusterMacro(\"%%CACHEBUSTER%%\")\r\n          .setSize(\"800\",\"214\")\r\n          .setClickMacro(\"%%CLICK_URL_ESC%%\") \r\n          .setReferrerUrlMacro(\"%%REFERRER_URL_ESC%%\") \r\n          .start(); \r\n<\/script><\/div><style type=\"text\/css\">\r\n@media screen and (min-width: 1201px) {\r\n.pltar69f72e8fe3cb1 {\r\ndisplay: block;\r\n}\r\n}\r\n@media screen and (min-width: 993px) and (max-width: 1200px) {\r\n.pltar69f72e8fe3cb1 {\r\ndisplay: block;\r\n}\r\n}\r\n@media screen and (min-width: 769px) and (max-width: 992px) {\r\n.pltar69f72e8fe3cb1 {\r\ndisplay: block;\r\n}\r\n}\r\n@media screen and (min-width: 768px) and (max-width: 768px) {\r\n.pltar69f72e8fe3cb1 {\r\ndisplay: block;\r\n}\r\n}\r\n@media screen and (max-width: 767px) {\r\n.pltar69f72e8fe3cb1 {\r\ndisplay: block;\r\n}\r\n}\r\n<\/style>\r\n","protected":false},"excerpt":{"rendered":"<p>Ap\u00f3s um ano e meio, Cataguases volta a receber produ\u00e7\u00f5es cinematogr\u00e1ficas reiniciando as atividades do Polo Audiovisual de Cinema da Zona da Mata. E o primeiro filme que vai dar a largada neste recome\u00e7o \u00e9 \u201cZ\u00e9\u201d, com dire\u00e7\u00e3o de Rafael<\/p>\n<p class=\"link-more\"><a class=\"more-link\" href=\"https:\/\/marcelolopes.jor.br\/site\/2021\/10\/04\/cataguases-volta-a-ser-cenario-de-producoes-cinematograficas\/\">Leia mais <span class=\"screen-reader-text\">Cataguases volta a ser cen\u00e1rio de produ\u00e7\u00f5es cinematogr\u00e1ficas<\/span><\/a><\/p>\n","protected":false},"author":2,"featured_media":27445,"comment_status":"open","ping_status":"open","sticky":false,"template":"","format":"standard","meta":{"footnotes":""},"categories":[1],"tags":[347,4802,349,4801],"class_list":["post-27442","post","type-post","status-publish","format-standard","has-post-thumbnail","hentry","category-noticias","tag-cinema","tag-filme-ze","tag-polo-audiovisual","tag-producao-cinematografica","thumb-below-title"],"yoast_head":"<!-- This site is optimized with the Yoast SEO plugin v27.4 - https:\/\/yoast.com\/product\/yoast-seo-wordpress\/ -->\n<title>Cataguases volta a ser cen\u00e1rio de produ\u00e7\u00f5es cinematogr\u00e1ficas | Marcelo Lopes<\/title>\n<meta name=\"robots\" content=\"index, follow, max-snippet:-1, max-image-preview:large, max-video-preview:-1\" \/>\n<link rel=\"canonical\" href=\"https:\/\/marcelolopes.jor.br\/site\/2021\/10\/04\/cataguases-volta-a-ser-cenario-de-producoes-cinematograficas\/\" \/>\n<meta property=\"og:locale\" content=\"pt_BR\" \/>\n<meta property=\"og:type\" content=\"article\" \/>\n<meta property=\"og:title\" content=\"Cataguases volta a ser cen\u00e1rio de produ\u00e7\u00f5es cinematogr\u00e1ficas | Marcelo Lopes\" \/>\n<meta property=\"og:description\" content=\"Ap\u00f3s um ano e meio, Cataguases volta a receber produ\u00e7\u00f5es cinematogr\u00e1ficas reiniciando as atividades do Polo Audiovisual de Cinema da Zona da Mata. E o primeiro filme que vai dar a largada neste recome\u00e7o \u00e9 \u201cZ\u00e9\u201d, com dire\u00e7\u00e3o de RafaelLeia mais Cataguases volta a ser cen\u00e1rio de produ\u00e7\u00f5es cinematogr\u00e1ficas\" \/>\n<meta property=\"og:url\" content=\"https:\/\/marcelolopes.jor.br\/site\/2021\/10\/04\/cataguases-volta-a-ser-cenario-de-producoes-cinematograficas\/\" \/>\n<meta property=\"og:site_name\" content=\"Marcelo Lopes\" \/>\n<meta property=\"article:publisher\" content=\"https:\/\/www.facebook.com\/sitedomarcelolopes\" \/>\n<meta property=\"article:published_time\" content=\"2021-10-04T16:00:20+00:00\" \/>\n<meta property=\"og:image\" content=\"https:\/\/marcelolopes.jor.br\/site\/wp-content\/uploads\/2021\/10\/Filmagem-Z\u00e9.jpg\" \/>\n\t<meta property=\"og:image:width\" content=\"800\" \/>\n\t<meta property=\"og:image:height\" content=\"539\" \/>\n\t<meta property=\"og:image:type\" content=\"image\/jpeg\" \/>\n<meta name=\"author\" content=\"Marcelo Lopes\" \/>\n<meta name=\"twitter:card\" content=\"summary_large_image\" \/>\n<meta name=\"twitter:label1\" content=\"Escrito por\" \/>\n\t<meta name=\"twitter:data1\" content=\"Marcelo Lopes\" \/>\n\t<meta name=\"twitter:label2\" content=\"Est. tempo de leitura\" \/>\n\t<meta name=\"twitter:data2\" content=\"2 minutos\" \/>\n<script type=\"application\/ld+json\" class=\"yoast-schema-graph\">{\"@context\":\"https:\\\/\\\/schema.org\",\"@graph\":[{\"@type\":\"NewsArticle\",\"@id\":\"https:\\\/\\\/marcelolopes.jor.br\\\/site\\\/2021\\\/10\\\/04\\\/cataguases-volta-a-ser-cenario-de-producoes-cinematograficas\\\/#article\",\"isPartOf\":{\"@id\":\"https:\\\/\\\/marcelolopes.jor.br\\\/site\\\/2021\\\/10\\\/04\\\/cataguases-volta-a-ser-cenario-de-producoes-cinematograficas\\\/\"},\"author\":{\"name\":\"Marcelo Lopes\",\"@id\":\"https:\\\/\\\/marcelolopes.jor.br\\\/site\\\/#\\\/schema\\\/person\\\/3e7216a35c34d8fdf952b31da3d1f89f\"},\"headline\":\"Cataguases volta a ser cen\u00e1rio de produ\u00e7\u00f5es cinematogr\u00e1ficas\",\"datePublished\":\"2021-10-04T16:00:20+00:00\",\"mainEntityOfPage\":{\"@id\":\"https:\\\/\\\/marcelolopes.jor.br\\\/site\\\/2021\\\/10\\\/04\\\/cataguases-volta-a-ser-cenario-de-producoes-cinematograficas\\\/\"},\"wordCount\":332,\"commentCount\":0,\"publisher\":{\"@id\":\"https:\\\/\\\/marcelolopes.jor.br\\\/site\\\/#organization\"},\"image\":{\"@id\":\"https:\\\/\\\/marcelolopes.jor.br\\\/site\\\/2021\\\/10\\\/04\\\/cataguases-volta-a-ser-cenario-de-producoes-cinematograficas\\\/#primaryimage\"},\"thumbnailUrl\":\"https:\\\/\\\/marcelolopes.jor.br\\\/site\\\/wp-content\\\/uploads\\\/2021\\\/10\\\/Filmagem-Z\u00e9.jpg\",\"keywords\":[\"Cinema\",\"filme Z\u00e9\",\"Polo Audiovisual\",\"produ\u00e7\u00e3o cinematogr\u00e1fica\"],\"articleSection\":[\"Not\u00edcias\"],\"inLanguage\":\"pt-BR\",\"potentialAction\":[{\"@type\":\"CommentAction\",\"name\":\"Comment\",\"target\":[\"https:\\\/\\\/marcelolopes.jor.br\\\/site\\\/2021\\\/10\\\/04\\\/cataguases-volta-a-ser-cenario-de-producoes-cinematograficas\\\/#respond\"]}]},{\"@type\":\"WebPage\",\"@id\":\"https:\\\/\\\/marcelolopes.jor.br\\\/site\\\/2021\\\/10\\\/04\\\/cataguases-volta-a-ser-cenario-de-producoes-cinematograficas\\\/\",\"url\":\"https:\\\/\\\/marcelolopes.jor.br\\\/site\\\/2021\\\/10\\\/04\\\/cataguases-volta-a-ser-cenario-de-producoes-cinematograficas\\\/\",\"name\":\"Cataguases volta a ser cen\u00e1rio de produ\u00e7\u00f5es cinematogr\u00e1ficas | Marcelo Lopes\",\"isPartOf\":{\"@id\":\"https:\\\/\\\/marcelolopes.jor.br\\\/site\\\/#website\"},\"primaryImageOfPage\":{\"@id\":\"https:\\\/\\\/marcelolopes.jor.br\\\/site\\\/2021\\\/10\\\/04\\\/cataguases-volta-a-ser-cenario-de-producoes-cinematograficas\\\/#primaryimage\"},\"image\":{\"@id\":\"https:\\\/\\\/marcelolopes.jor.br\\\/site\\\/2021\\\/10\\\/04\\\/cataguases-volta-a-ser-cenario-de-producoes-cinematograficas\\\/#primaryimage\"},\"thumbnailUrl\":\"https:\\\/\\\/marcelolopes.jor.br\\\/site\\\/wp-content\\\/uploads\\\/2021\\\/10\\\/Filmagem-Z\u00e9.jpg\",\"datePublished\":\"2021-10-04T16:00:20+00:00\",\"breadcrumb\":{\"@id\":\"https:\\\/\\\/marcelolopes.jor.br\\\/site\\\/2021\\\/10\\\/04\\\/cataguases-volta-a-ser-cenario-de-producoes-cinematograficas\\\/#breadcrumb\"},\"inLanguage\":\"pt-BR\",\"potentialAction\":[{\"@type\":\"ReadAction\",\"target\":[\"https:\\\/\\\/marcelolopes.jor.br\\\/site\\\/2021\\\/10\\\/04\\\/cataguases-volta-a-ser-cenario-de-producoes-cinematograficas\\\/\"]}]},{\"@type\":\"ImageObject\",\"inLanguage\":\"pt-BR\",\"@id\":\"https:\\\/\\\/marcelolopes.jor.br\\\/site\\\/2021\\\/10\\\/04\\\/cataguases-volta-a-ser-cenario-de-producoes-cinematograficas\\\/#primaryimage\",\"url\":\"https:\\\/\\\/marcelolopes.jor.br\\\/site\\\/wp-content\\\/uploads\\\/2021\\\/10\\\/Filmagem-Z\u00e9.jpg\",\"contentUrl\":\"https:\\\/\\\/marcelolopes.jor.br\\\/site\\\/wp-content\\\/uploads\\\/2021\\\/10\\\/Filmagem-Z\u00e9.jpg\",\"width\":800,\"height\":539},{\"@type\":\"BreadcrumbList\",\"@id\":\"https:\\\/\\\/marcelolopes.jor.br\\\/site\\\/2021\\\/10\\\/04\\\/cataguases-volta-a-ser-cenario-de-producoes-cinematograficas\\\/#breadcrumb\",\"itemListElement\":[{\"@type\":\"ListItem\",\"position\":1,\"name\":\"Home\",\"item\":\"https:\\\/\\\/marcelolopes.jor.br\\\/site\\\/\"},{\"@type\":\"ListItem\",\"position\":2,\"name\":\"Cataguases volta a ser cen\u00e1rio de produ\u00e7\u00f5es cinematogr\u00e1ficas\"}]},{\"@type\":\"WebSite\",\"@id\":\"https:\\\/\\\/marcelolopes.jor.br\\\/site\\\/#website\",\"url\":\"https:\\\/\\\/marcelolopes.jor.br\\\/site\\\/\",\"name\":\"Marcelo Lopes\",\"description\":\"Not\u00edcias de Cataguases e Regi\u00e3o\",\"publisher\":{\"@id\":\"https:\\\/\\\/marcelolopes.jor.br\\\/site\\\/#organization\"},\"potentialAction\":[{\"@type\":\"SearchAction\",\"target\":{\"@type\":\"EntryPoint\",\"urlTemplate\":\"https:\\\/\\\/marcelolopes.jor.br\\\/site\\\/?s={search_term_string}\"},\"query-input\":{\"@type\":\"PropertyValueSpecification\",\"valueRequired\":true,\"valueName\":\"search_term_string\"}}],\"inLanguage\":\"pt-BR\"},{\"@type\":\"Organization\",\"@id\":\"https:\\\/\\\/marcelolopes.jor.br\\\/site\\\/#organization\",\"name\":\"Site do Marcelo Lopes\",\"url\":\"https:\\\/\\\/marcelolopes.jor.br\\\/site\\\/\",\"logo\":{\"@type\":\"ImageObject\",\"inLanguage\":\"pt-BR\",\"@id\":\"https:\\\/\\\/marcelolopes.jor.br\\\/site\\\/#\\\/schema\\\/logo\\\/image\\\/\",\"url\":\"https:\\\/\\\/marcelolopes.jor.br\\\/site\\\/wp-content\\\/uploads\\\/2024\\\/11\\\/logo-1.png\",\"contentUrl\":\"https:\\\/\\\/marcelolopes.jor.br\\\/site\\\/wp-content\\\/uploads\\\/2024\\\/11\\\/logo-1.png\",\"width\":475,\"height\":80,\"caption\":\"Site do Marcelo Lopes\"},\"image\":{\"@id\":\"https:\\\/\\\/marcelolopes.jor.br\\\/site\\\/#\\\/schema\\\/logo\\\/image\\\/\"},\"sameAs\":[\"https:\\\/\\\/www.facebook.com\\\/sitedomarcelolopes\",\"https:\\\/\\\/www.instagram.com\\\/sitedomarcelolopes\\\/\",\"https:\\\/\\\/www.linkedin.com\\\/company\\\/site-do-marcelo-lopes\\\/\",\"https:\\\/\\\/www.youtube.com\\\/user\\\/marcelolopes957\"]},{\"@type\":\"Person\",\"@id\":\"https:\\\/\\\/marcelolopes.jor.br\\\/site\\\/#\\\/schema\\\/person\\\/3e7216a35c34d8fdf952b31da3d1f89f\",\"name\":\"Marcelo Lopes\",\"sameAs\":[\"http:\\\/\\\/www.marcelolopes.jor.br\"],\"url\":\"https:\\\/\\\/marcelolopes.jor.br\\\/site\\\/author\\\/marcelo\\\/\"}]}<\/script>\n<!-- \/ Yoast SEO plugin. -->","yoast_head_json":{"title":"Cataguases volta a ser cen\u00e1rio de produ\u00e7\u00f5es cinematogr\u00e1ficas | Marcelo Lopes","robots":{"index":"index","follow":"follow","max-snippet":"max-snippet:-1","max-image-preview":"max-image-preview:large","max-video-preview":"max-video-preview:-1"},"canonical":"https:\/\/marcelolopes.jor.br\/site\/2021\/10\/04\/cataguases-volta-a-ser-cenario-de-producoes-cinematograficas\/","og_locale":"pt_BR","og_type":"article","og_title":"Cataguases volta a ser cen\u00e1rio de produ\u00e7\u00f5es cinematogr\u00e1ficas | Marcelo Lopes","og_description":"Ap\u00f3s um ano e meio, Cataguases volta a receber produ\u00e7\u00f5es cinematogr\u00e1ficas reiniciando as atividades do Polo Audiovisual de Cinema da Zona da Mata. E o primeiro filme que vai dar a largada neste recome\u00e7o \u00e9 \u201cZ\u00e9\u201d, com dire\u00e7\u00e3o de RafaelLeia mais Cataguases volta a ser cen\u00e1rio de produ\u00e7\u00f5es cinematogr\u00e1ficas","og_url":"https:\/\/marcelolopes.jor.br\/site\/2021\/10\/04\/cataguases-volta-a-ser-cenario-de-producoes-cinematograficas\/","og_site_name":"Marcelo Lopes","article_publisher":"https:\/\/www.facebook.com\/sitedomarcelolopes","article_published_time":"2021-10-04T16:00:20+00:00","og_image":[{"width":800,"height":539,"url":"https:\/\/marcelolopes.jor.br\/site\/wp-content\/uploads\/2021\/10\/Filmagem-Z\u00e9.jpg","type":"image\/jpeg"}],"author":"Marcelo Lopes","twitter_card":"summary_large_image","twitter_misc":{"Escrito por":"Marcelo Lopes","Est. tempo de leitura":"2 minutos"},"schema":{"@context":"https:\/\/schema.org","@graph":[{"@type":"NewsArticle","@id":"https:\/\/marcelolopes.jor.br\/site\/2021\/10\/04\/cataguases-volta-a-ser-cenario-de-producoes-cinematograficas\/#article","isPartOf":{"@id":"https:\/\/marcelolopes.jor.br\/site\/2021\/10\/04\/cataguases-volta-a-ser-cenario-de-producoes-cinematograficas\/"},"author":{"name":"Marcelo Lopes","@id":"https:\/\/marcelolopes.jor.br\/site\/#\/schema\/person\/3e7216a35c34d8fdf952b31da3d1f89f"},"headline":"Cataguases volta a ser cen\u00e1rio de produ\u00e7\u00f5es cinematogr\u00e1ficas","datePublished":"2021-10-04T16:00:20+00:00","mainEntityOfPage":{"@id":"https:\/\/marcelolopes.jor.br\/site\/2021\/10\/04\/cataguases-volta-a-ser-cenario-de-producoes-cinematograficas\/"},"wordCount":332,"commentCount":0,"publisher":{"@id":"https:\/\/marcelolopes.jor.br\/site\/#organization"},"image":{"@id":"https:\/\/marcelolopes.jor.br\/site\/2021\/10\/04\/cataguases-volta-a-ser-cenario-de-producoes-cinematograficas\/#primaryimage"},"thumbnailUrl":"https:\/\/marcelolopes.jor.br\/site\/wp-content\/uploads\/2021\/10\/Filmagem-Z\u00e9.jpg","keywords":["Cinema","filme Z\u00e9","Polo Audiovisual","produ\u00e7\u00e3o cinematogr\u00e1fica"],"articleSection":["Not\u00edcias"],"inLanguage":"pt-BR","potentialAction":[{"@type":"CommentAction","name":"Comment","target":["https:\/\/marcelolopes.jor.br\/site\/2021\/10\/04\/cataguases-volta-a-ser-cenario-de-producoes-cinematograficas\/#respond"]}]},{"@type":"WebPage","@id":"https:\/\/marcelolopes.jor.br\/site\/2021\/10\/04\/cataguases-volta-a-ser-cenario-de-producoes-cinematograficas\/","url":"https:\/\/marcelolopes.jor.br\/site\/2021\/10\/04\/cataguases-volta-a-ser-cenario-de-producoes-cinematograficas\/","name":"Cataguases volta a ser cen\u00e1rio de produ\u00e7\u00f5es cinematogr\u00e1ficas | Marcelo Lopes","isPartOf":{"@id":"https:\/\/marcelolopes.jor.br\/site\/#website"},"primaryImageOfPage":{"@id":"https:\/\/marcelolopes.jor.br\/site\/2021\/10\/04\/cataguases-volta-a-ser-cenario-de-producoes-cinematograficas\/#primaryimage"},"image":{"@id":"https:\/\/marcelolopes.jor.br\/site\/2021\/10\/04\/cataguases-volta-a-ser-cenario-de-producoes-cinematograficas\/#primaryimage"},"thumbnailUrl":"https:\/\/marcelolopes.jor.br\/site\/wp-content\/uploads\/2021\/10\/Filmagem-Z\u00e9.jpg","datePublished":"2021-10-04T16:00:20+00:00","breadcrumb":{"@id":"https:\/\/marcelolopes.jor.br\/site\/2021\/10\/04\/cataguases-volta-a-ser-cenario-de-producoes-cinematograficas\/#breadcrumb"},"inLanguage":"pt-BR","potentialAction":[{"@type":"ReadAction","target":["https:\/\/marcelolopes.jor.br\/site\/2021\/10\/04\/cataguases-volta-a-ser-cenario-de-producoes-cinematograficas\/"]}]},{"@type":"ImageObject","inLanguage":"pt-BR","@id":"https:\/\/marcelolopes.jor.br\/site\/2021\/10\/04\/cataguases-volta-a-ser-cenario-de-producoes-cinematograficas\/#primaryimage","url":"https:\/\/marcelolopes.jor.br\/site\/wp-content\/uploads\/2021\/10\/Filmagem-Z\u00e9.jpg","contentUrl":"https:\/\/marcelolopes.jor.br\/site\/wp-content\/uploads\/2021\/10\/Filmagem-Z\u00e9.jpg","width":800,"height":539},{"@type":"BreadcrumbList","@id":"https:\/\/marcelolopes.jor.br\/site\/2021\/10\/04\/cataguases-volta-a-ser-cenario-de-producoes-cinematograficas\/#breadcrumb","itemListElement":[{"@type":"ListItem","position":1,"name":"Home","item":"https:\/\/marcelolopes.jor.br\/site\/"},{"@type":"ListItem","position":2,"name":"Cataguases volta a ser cen\u00e1rio de produ\u00e7\u00f5es cinematogr\u00e1ficas"}]},{"@type":"WebSite","@id":"https:\/\/marcelolopes.jor.br\/site\/#website","url":"https:\/\/marcelolopes.jor.br\/site\/","name":"Marcelo Lopes","description":"Not\u00edcias de Cataguases e Regi\u00e3o","publisher":{"@id":"https:\/\/marcelolopes.jor.br\/site\/#organization"},"potentialAction":[{"@type":"SearchAction","target":{"@type":"EntryPoint","urlTemplate":"https:\/\/marcelolopes.jor.br\/site\/?s={search_term_string}"},"query-input":{"@type":"PropertyValueSpecification","valueRequired":true,"valueName":"search_term_string"}}],"inLanguage":"pt-BR"},{"@type":"Organization","@id":"https:\/\/marcelolopes.jor.br\/site\/#organization","name":"Site do Marcelo Lopes","url":"https:\/\/marcelolopes.jor.br\/site\/","logo":{"@type":"ImageObject","inLanguage":"pt-BR","@id":"https:\/\/marcelolopes.jor.br\/site\/#\/schema\/logo\/image\/","url":"https:\/\/marcelolopes.jor.br\/site\/wp-content\/uploads\/2024\/11\/logo-1.png","contentUrl":"https:\/\/marcelolopes.jor.br\/site\/wp-content\/uploads\/2024\/11\/logo-1.png","width":475,"height":80,"caption":"Site do Marcelo Lopes"},"image":{"@id":"https:\/\/marcelolopes.jor.br\/site\/#\/schema\/logo\/image\/"},"sameAs":["https:\/\/www.facebook.com\/sitedomarcelolopes","https:\/\/www.instagram.com\/sitedomarcelolopes\/","https:\/\/www.linkedin.com\/company\/site-do-marcelo-lopes\/","https:\/\/www.youtube.com\/user\/marcelolopes957"]},{"@type":"Person","@id":"https:\/\/marcelolopes.jor.br\/site\/#\/schema\/person\/3e7216a35c34d8fdf952b31da3d1f89f","name":"Marcelo Lopes","sameAs":["http:\/\/www.marcelolopes.jor.br"],"url":"https:\/\/marcelolopes.jor.br\/site\/author\/marcelo\/"}]}},"wps_subtitle":"O longa \u201cZ\u00e9\" retoma as atividades e vai movimentar a cidade at\u00e9 novembro.","_links":{"self":[{"href":"https:\/\/marcelolopes.jor.br\/site\/wp-json\/wp\/v2\/posts\/27442","targetHints":{"allow":["GET"]}}],"collection":[{"href":"https:\/\/marcelolopes.jor.br\/site\/wp-json\/wp\/v2\/posts"}],"about":[{"href":"https:\/\/marcelolopes.jor.br\/site\/wp-json\/wp\/v2\/types\/post"}],"author":[{"embeddable":true,"href":"https:\/\/marcelolopes.jor.br\/site\/wp-json\/wp\/v2\/users\/2"}],"replies":[{"embeddable":true,"href":"https:\/\/marcelolopes.jor.br\/site\/wp-json\/wp\/v2\/comments?post=27442"}],"version-history":[{"count":0,"href":"https:\/\/marcelolopes.jor.br\/site\/wp-json\/wp\/v2\/posts\/27442\/revisions"}],"wp:featuredmedia":[{"embeddable":true,"href":"https:\/\/marcelolopes.jor.br\/site\/wp-json\/wp\/v2\/media\/27445"}],"wp:attachment":[{"href":"https:\/\/marcelolopes.jor.br\/site\/wp-json\/wp\/v2\/media?parent=27442"}],"wp:term":[{"taxonomy":"category","embeddable":true,"href":"https:\/\/marcelolopes.jor.br\/site\/wp-json\/wp\/v2\/categories?post=27442"},{"taxonomy":"post_tag","embeddable":true,"href":"https:\/\/marcelolopes.jor.br\/site\/wp-json\/wp\/v2\/tags?post=27442"}],"curies":[{"name":"wp","href":"https:\/\/api.w.org\/{rel}","templated":true}]}}