{"id":27347,"date":"2021-10-01T12:00:56","date_gmt":"2021-10-01T15:00:56","guid":{"rendered":"https:\/\/marcelolopes.jor.br\/?p=27347"},"modified":"2021-10-01T11:54:55","modified_gmt":"2021-10-01T14:54:55","slug":"lagoa-de-esgoto-no-sao-marcos-mobiliza-policia-militar-do-meio-ambiente","status":"publish","type":"post","link":"https:\/\/marcelolopes.jor.br\/site\/2021\/10\/01\/lagoa-de-esgoto-no-sao-marcos-mobiliza-policia-militar-do-meio-ambiente\/","title":{"rendered":"Lagoa de esgoto no S\u00e3o Marcos mobiliza Pol\u00edcia Militar do Meio Ambiente"},"content":{"rendered":"<p style=\"text-align: justify;\">Den\u00fancia de moradores do Bairro S\u00e3o Marcos levou a uma dilig\u00eancia conjunta da Secretaria Municipal de Meio Ambiente, Procuradoria do Munic\u00edpio, Pol\u00edcia Militar do Meio Ambiente e Minist\u00e9rio P\u00fablico no Bairro S\u00e3o Marcos nesta sexta-feira, 1\u00ba de outubro. O motivo \u00e9 o entupimento da rede de esgoto que atende ao bairro e que formou uma lagoa em um trecho utilizado como passagem, exalando forte mau cheiro, al\u00e9m da infesta\u00e7\u00e3o de pernilongos e propiciando o surgimento de outros problemas de sa\u00fade.<!--more--><\/p>\n<p style=\"text-align: justify;\"><img loading=\"lazy\" decoding=\"async\" class=\"aligncenter wp-image-27350\" src=\"https:\/\/marcelolopes.jor.br\/site\/wp-content\/uploads\/2021\/10\/IMG_9955.jpeg\" alt=\"\" width=\"700\" height=\"394\" srcset=\"https:\/\/marcelolopes.jor.br\/site\/wp-content\/uploads\/2021\/10\/IMG_9955.jpeg 800w, https:\/\/marcelolopes.jor.br\/site\/wp-content\/uploads\/2021\/10\/IMG_9955-300x169.jpeg 300w, https:\/\/marcelolopes.jor.br\/site\/wp-content\/uploads\/2021\/10\/IMG_9955-768x432.jpeg 768w\" sizes=\"auto, (max-width: 700px) 100vw, 700px\" \/>Nesta manh\u00e3, uma equipe da Copasa trabalhava no local quando os policiais ambientais chegaram. Mesmo assim foi lavrado um Termo Circunstanciado de Ocorr\u00eancia (TCO) sobre o problema que, agora, conforme informou o tenente Lucas Carvalho, comandante da PM Ambiental no munic\u00edpio, ser\u00e1 encaminhado \u00e0 Promotoria de Justi\u00e7a para as demais provid\u00eancias. Conforme acrescentou, no dia 24 de agosto, data da primeira den\u00fancia, tamb\u00e9m foi lavrada uma ocorr\u00eancia policial sobre o mesmo problema e que j\u00e1 est\u00e1 em poder do Minist\u00e9rio P\u00fablico.<\/p>\n<p style=\"text-align: justify;\">Conforme apuraram os policiais ambientais, diversos objetos como bola, garrafas pet, papel\u00e3o, entre outros, foram retirados das caixas coletoras de esgoto pelos funcion\u00e1rios da Copasa durante o servi\u00e7o de desentupimento. Uma dessas caixas est\u00e1 destampada porque a tampa foi furtada. Tenente Carvalho lembrou que cabe \u00e0 Copasa fazer a manuten\u00e7\u00e3o da rede salientando que a popula\u00e7\u00e3o pode ajudar evitando jogar entulho na rede.<\/p>\n<p><img loading=\"lazy\" decoding=\"async\" class=\"aligncenter wp-image-27351\" src=\"https:\/\/marcelolopes.jor.br\/site\/wp-content\/uploads\/2021\/10\/IMG_9951.jpeg\" alt=\"\" width=\"700\" height=\"394\" srcset=\"https:\/\/marcelolopes.jor.br\/site\/wp-content\/uploads\/2021\/10\/IMG_9951.jpeg 800w, https:\/\/marcelolopes.jor.br\/site\/wp-content\/uploads\/2021\/10\/IMG_9951-300x169.jpeg 300w, https:\/\/marcelolopes.jor.br\/site\/wp-content\/uploads\/2021\/10\/IMG_9951-768x432.jpeg 768w\" sizes=\"auto, (max-width: 700px) 100vw, 700px\" \/><\/p>\n<p><img loading=\"lazy\" decoding=\"async\" class=\"aligncenter wp-image-27352\" src=\"https:\/\/marcelolopes.jor.br\/site\/wp-content\/uploads\/2021\/10\/WhatsApp-Image-2021-10-01-at-11.33.47-1-1024x576.jpeg\" alt=\"\" width=\"700\" height=\"394\" srcset=\"https:\/\/marcelolopes.jor.br\/site\/wp-content\/uploads\/2021\/10\/WhatsApp-Image-2021-10-01-at-11.33.47-1-1024x576.jpeg 1024w, https:\/\/marcelolopes.jor.br\/site\/wp-content\/uploads\/2021\/10\/WhatsApp-Image-2021-10-01-at-11.33.47-1-300x169.jpeg 300w, https:\/\/marcelolopes.jor.br\/site\/wp-content\/uploads\/2021\/10\/WhatsApp-Image-2021-10-01-at-11.33.47-1-768x432.jpeg 768w, https:\/\/marcelolopes.jor.br\/site\/wp-content\/uploads\/2021\/10\/WhatsApp-Image-2021-10-01-at-11.33.47-1-1200x675.jpeg 1200w, https:\/\/marcelolopes.jor.br\/site\/wp-content\/uploads\/2021\/10\/WhatsApp-Image-2021-10-01-at-11.33.47-1.jpeg 1280w\" sizes=\"auto, (max-width: 700px) 100vw, 700px\" \/><\/p>\n<p style=\"text-align: justify;\">Veja detalhes no v\u00eddeo abaixo.<\/p>\n<p><iframe loading=\"lazy\" width=\"880\" height=\"495\" src=\"https:\/\/www.youtube.com\/embed\/AsRN9TBb2jo?feature=oembed\" frameborder=\"0\" allow=\"accelerometer; autoplay; clipboard-write; encrypted-media; gyroscope; picture-in-picture\" allowfullscreen><\/iframe><\/p>\n<p>*Com fotos a\u00e9reas da Pol\u00edcia Militar do Meio Ambiente<\/p>\n<div class=\"tqkms69f774ba08102\" ><br><\/div><style type=\"text\/css\">\r\n@media screen and (min-width: 1201px) {\r\n.tqkms69f774ba08102 {\r\ndisplay: block;\r\n}\r\n}\r\n@media screen and (min-width: 993px) and (max-width: 1200px) {\r\n.tqkms69f774ba08102 {\r\ndisplay: block;\r\n}\r\n}\r\n@media screen and (min-width: 769px) and (max-width: 992px) {\r\n.tqkms69f774ba08102 {\r\ndisplay: block;\r\n}\r\n}\r\n@media screen and (min-width: 768px) and (max-width: 768px) {\r\n.tqkms69f774ba08102 {\r\ndisplay: block;\r\n}\r\n}\r\n@media screen and (max-width: 767px) {\r\n.tqkms69f774ba08102 {\r\ndisplay: block;\r\n}\r\n}\r\n<\/style>\r\n<div class=\"wqekl69f774ba0cac9\" ><div id=\"div_destino\"><\/div>\r\n<script src=\"https:\/\/cdn.snsrsv.com\/sdk.js\"><\/script>\r\n<script >\r\n      new sdk(\"464030C30061EA8BE065000000000001\") \r\n          .appendTo(\"div_destino\")\r\n          .disableStyle(true) \r\n          .setCacheBusterMacro(\"%%CACHEBUSTER%%\")\r\n          .setSize(\"800\",\"214\")\r\n          .setClickMacro(\"%%CLICK_URL_ESC%%\") \r\n          .setReferrerUrlMacro(\"%%REFERRER_URL_ESC%%\") \r\n          .start(); \r\n<\/script><\/div><style type=\"text\/css\">\r\n@media screen and (min-width: 1201px) {\r\n.wqekl69f774ba0cac9 {\r\ndisplay: block;\r\n}\r\n}\r\n@media screen and (min-width: 993px) and (max-width: 1200px) {\r\n.wqekl69f774ba0cac9 {\r\ndisplay: block;\r\n}\r\n}\r\n@media screen and (min-width: 769px) and (max-width: 992px) {\r\n.wqekl69f774ba0cac9 {\r\ndisplay: block;\r\n}\r\n}\r\n@media screen and (min-width: 768px) and (max-width: 768px) {\r\n.wqekl69f774ba0cac9 {\r\ndisplay: block;\r\n}\r\n}\r\n@media screen and (max-width: 767px) {\r\n.wqekl69f774ba0cac9 {\r\ndisplay: block;\r\n}\r\n}\r\n<\/style>\r\n","protected":false},"excerpt":{"rendered":"<p>Den\u00fancia de moradores do Bairro S\u00e3o Marcos levou a uma dilig\u00eancia conjunta da Secretaria Municipal de Meio Ambiente, Procuradoria do Munic\u00edpio, Pol\u00edcia Militar do Meio Ambiente e Minist\u00e9rio P\u00fablico no Bairro S\u00e3o Marcos nesta sexta-feira, 1\u00ba de outubro. O motivo<\/p>\n<p class=\"link-more\"><a class=\"more-link\" href=\"https:\/\/marcelolopes.jor.br\/site\/2021\/10\/01\/lagoa-de-esgoto-no-sao-marcos-mobiliza-policia-militar-do-meio-ambiente\/\">Leia mais <span class=\"screen-reader-text\">Lagoa de esgoto no S\u00e3o Marcos mobiliza Pol\u00edcia Militar do Meio Ambiente<\/span><\/a><\/p>\n","protected":false},"author":2,"featured_media":27349,"comment_status":"open","ping_status":"open","sticky":false,"template":"","format":"standard","meta":{"footnotes":""},"categories":[1],"tags":[862,861,4785,1015],"class_list":["post-27347","post","type-post","status-publish","format-standard","has-post-thumbnail","hentry","category-noticias","tag-copasa","tag-esgoto","tag-lagoa-de-esgoto","tag-sao-marcos","thumb-below-title"],"yoast_head":"<!-- This site is optimized with the Yoast SEO plugin v27.4 - https:\/\/yoast.com\/product\/yoast-seo-wordpress\/ -->\n<title>Lagoa de esgoto no S\u00e3o Marcos mobiliza Pol\u00edcia Militar do Meio Ambiente | Marcelo Lopes<\/title>\n<meta name=\"robots\" content=\"index, follow, max-snippet:-1, max-image-preview:large, max-video-preview:-1\" \/>\n<link rel=\"canonical\" href=\"https:\/\/marcelolopes.jor.br\/site\/2021\/10\/01\/lagoa-de-esgoto-no-sao-marcos-mobiliza-policia-militar-do-meio-ambiente\/\" \/>\n<meta property=\"og:locale\" content=\"pt_BR\" \/>\n<meta property=\"og:type\" content=\"article\" \/>\n<meta property=\"og:title\" content=\"Lagoa de esgoto no S\u00e3o Marcos mobiliza Pol\u00edcia Militar do Meio Ambiente | Marcelo Lopes\" \/>\n<meta property=\"og:description\" content=\"Den\u00fancia de moradores do Bairro S\u00e3o Marcos levou a uma dilig\u00eancia conjunta da Secretaria Municipal de Meio Ambiente, Procuradoria do Munic\u00edpio, Pol\u00edcia Militar do Meio Ambiente e Minist\u00e9rio P\u00fablico no Bairro S\u00e3o Marcos nesta sexta-feira, 1\u00ba de outubro. O motivoLeia mais Lagoa de esgoto no S\u00e3o Marcos mobiliza Pol\u00edcia Militar do Meio Ambiente\" \/>\n<meta property=\"og:url\" content=\"https:\/\/marcelolopes.jor.br\/site\/2021\/10\/01\/lagoa-de-esgoto-no-sao-marcos-mobiliza-policia-militar-do-meio-ambiente\/\" \/>\n<meta property=\"og:site_name\" content=\"Marcelo Lopes\" \/>\n<meta property=\"article:publisher\" content=\"https:\/\/www.facebook.com\/sitedomarcelolopes\" \/>\n<meta property=\"article:published_time\" content=\"2021-10-01T15:00:56+00:00\" \/>\n<meta property=\"og:image\" content=\"https:\/\/marcelolopes.jor.br\/site\/wp-content\/uploads\/2021\/10\/WhatsApp-Image-2021-10-01-at-11.33.47.jpeg\" \/>\n\t<meta property=\"og:image:width\" content=\"1280\" \/>\n\t<meta property=\"og:image:height\" content=\"720\" \/>\n\t<meta property=\"og:image:type\" content=\"image\/jpeg\" \/>\n<meta name=\"author\" content=\"Marcelo Lopes\" \/>\n<meta name=\"twitter:card\" content=\"summary_large_image\" \/>\n<meta name=\"twitter:label1\" content=\"Escrito por\" \/>\n\t<meta name=\"twitter:data1\" content=\"Marcelo Lopes\" \/>\n\t<meta name=\"twitter:label2\" content=\"Est. tempo de leitura\" \/>\n\t<meta name=\"twitter:data2\" content=\"1 minuto\" \/>\n<script type=\"application\/ld+json\" class=\"yoast-schema-graph\">{\"@context\":\"https:\\\/\\\/schema.org\",\"@graph\":[{\"@type\":\"NewsArticle\",\"@id\":\"https:\\\/\\\/marcelolopes.jor.br\\\/site\\\/2021\\\/10\\\/01\\\/lagoa-de-esgoto-no-sao-marcos-mobiliza-policia-militar-do-meio-ambiente\\\/#article\",\"isPartOf\":{\"@id\":\"https:\\\/\\\/marcelolopes.jor.br\\\/site\\\/2021\\\/10\\\/01\\\/lagoa-de-esgoto-no-sao-marcos-mobiliza-policia-militar-do-meio-ambiente\\\/\"},\"author\":{\"name\":\"Marcelo Lopes\",\"@id\":\"https:\\\/\\\/marcelolopes.jor.br\\\/site\\\/#\\\/schema\\\/person\\\/3e7216a35c34d8fdf952b31da3d1f89f\"},\"headline\":\"Lagoa de esgoto no S\u00e3o Marcos mobiliza Pol\u00edcia Militar do Meio Ambiente\",\"datePublished\":\"2021-10-01T15:00:56+00:00\",\"mainEntityOfPage\":{\"@id\":\"https:\\\/\\\/marcelolopes.jor.br\\\/site\\\/2021\\\/10\\\/01\\\/lagoa-de-esgoto-no-sao-marcos-mobiliza-policia-militar-do-meio-ambiente\\\/\"},\"wordCount\":283,\"commentCount\":0,\"publisher\":{\"@id\":\"https:\\\/\\\/marcelolopes.jor.br\\\/site\\\/#organization\"},\"image\":{\"@id\":\"https:\\\/\\\/marcelolopes.jor.br\\\/site\\\/2021\\\/10\\\/01\\\/lagoa-de-esgoto-no-sao-marcos-mobiliza-policia-militar-do-meio-ambiente\\\/#primaryimage\"},\"thumbnailUrl\":\"https:\\\/\\\/marcelolopes.jor.br\\\/site\\\/wp-content\\\/uploads\\\/2021\\\/10\\\/WhatsApp-Image-2021-10-01-at-11.33.47.jpeg\",\"keywords\":[\"Copasa\",\"esgoto\",\"lagoa de esgoto\",\"S\u00e3o Marcos\"],\"articleSection\":[\"Not\u00edcias\"],\"inLanguage\":\"pt-BR\",\"potentialAction\":[{\"@type\":\"CommentAction\",\"name\":\"Comment\",\"target\":[\"https:\\\/\\\/marcelolopes.jor.br\\\/site\\\/2021\\\/10\\\/01\\\/lagoa-de-esgoto-no-sao-marcos-mobiliza-policia-militar-do-meio-ambiente\\\/#respond\"]}]},{\"@type\":\"WebPage\",\"@id\":\"https:\\\/\\\/marcelolopes.jor.br\\\/site\\\/2021\\\/10\\\/01\\\/lagoa-de-esgoto-no-sao-marcos-mobiliza-policia-militar-do-meio-ambiente\\\/\",\"url\":\"https:\\\/\\\/marcelolopes.jor.br\\\/site\\\/2021\\\/10\\\/01\\\/lagoa-de-esgoto-no-sao-marcos-mobiliza-policia-militar-do-meio-ambiente\\\/\",\"name\":\"Lagoa de esgoto no S\u00e3o Marcos mobiliza Pol\u00edcia Militar do Meio Ambiente | Marcelo Lopes\",\"isPartOf\":{\"@id\":\"https:\\\/\\\/marcelolopes.jor.br\\\/site\\\/#website\"},\"primaryImageOfPage\":{\"@id\":\"https:\\\/\\\/marcelolopes.jor.br\\\/site\\\/2021\\\/10\\\/01\\\/lagoa-de-esgoto-no-sao-marcos-mobiliza-policia-militar-do-meio-ambiente\\\/#primaryimage\"},\"image\":{\"@id\":\"https:\\\/\\\/marcelolopes.jor.br\\\/site\\\/2021\\\/10\\\/01\\\/lagoa-de-esgoto-no-sao-marcos-mobiliza-policia-militar-do-meio-ambiente\\\/#primaryimage\"},\"thumbnailUrl\":\"https:\\\/\\\/marcelolopes.jor.br\\\/site\\\/wp-content\\\/uploads\\\/2021\\\/10\\\/WhatsApp-Image-2021-10-01-at-11.33.47.jpeg\",\"datePublished\":\"2021-10-01T15:00:56+00:00\",\"breadcrumb\":{\"@id\":\"https:\\\/\\\/marcelolopes.jor.br\\\/site\\\/2021\\\/10\\\/01\\\/lagoa-de-esgoto-no-sao-marcos-mobiliza-policia-militar-do-meio-ambiente\\\/#breadcrumb\"},\"inLanguage\":\"pt-BR\",\"potentialAction\":[{\"@type\":\"ReadAction\",\"target\":[\"https:\\\/\\\/marcelolopes.jor.br\\\/site\\\/2021\\\/10\\\/01\\\/lagoa-de-esgoto-no-sao-marcos-mobiliza-policia-militar-do-meio-ambiente\\\/\"]}]},{\"@type\":\"ImageObject\",\"inLanguage\":\"pt-BR\",\"@id\":\"https:\\\/\\\/marcelolopes.jor.br\\\/site\\\/2021\\\/10\\\/01\\\/lagoa-de-esgoto-no-sao-marcos-mobiliza-policia-militar-do-meio-ambiente\\\/#primaryimage\",\"url\":\"https:\\\/\\\/marcelolopes.jor.br\\\/site\\\/wp-content\\\/uploads\\\/2021\\\/10\\\/WhatsApp-Image-2021-10-01-at-11.33.47.jpeg\",\"contentUrl\":\"https:\\\/\\\/marcelolopes.jor.br\\\/site\\\/wp-content\\\/uploads\\\/2021\\\/10\\\/WhatsApp-Image-2021-10-01-at-11.33.47.jpeg\",\"width\":1280,\"height\":720},{\"@type\":\"BreadcrumbList\",\"@id\":\"https:\\\/\\\/marcelolopes.jor.br\\\/site\\\/2021\\\/10\\\/01\\\/lagoa-de-esgoto-no-sao-marcos-mobiliza-policia-militar-do-meio-ambiente\\\/#breadcrumb\",\"itemListElement\":[{\"@type\":\"ListItem\",\"position\":1,\"name\":\"Home\",\"item\":\"https:\\\/\\\/marcelolopes.jor.br\\\/site\\\/\"},{\"@type\":\"ListItem\",\"position\":2,\"name\":\"Lagoa de esgoto no S\u00e3o Marcos mobiliza Pol\u00edcia Militar do Meio Ambiente\"}]},{\"@type\":\"WebSite\",\"@id\":\"https:\\\/\\\/marcelolopes.jor.br\\\/site\\\/#website\",\"url\":\"https:\\\/\\\/marcelolopes.jor.br\\\/site\\\/\",\"name\":\"Marcelo Lopes\",\"description\":\"Not\u00edcias de Cataguases e Regi\u00e3o\",\"publisher\":{\"@id\":\"https:\\\/\\\/marcelolopes.jor.br\\\/site\\\/#organization\"},\"potentialAction\":[{\"@type\":\"SearchAction\",\"target\":{\"@type\":\"EntryPoint\",\"urlTemplate\":\"https:\\\/\\\/marcelolopes.jor.br\\\/site\\\/?s={search_term_string}\"},\"query-input\":{\"@type\":\"PropertyValueSpecification\",\"valueRequired\":true,\"valueName\":\"search_term_string\"}}],\"inLanguage\":\"pt-BR\"},{\"@type\":\"Organization\",\"@id\":\"https:\\\/\\\/marcelolopes.jor.br\\\/site\\\/#organization\",\"name\":\"Site do Marcelo Lopes\",\"url\":\"https:\\\/\\\/marcelolopes.jor.br\\\/site\\\/\",\"logo\":{\"@type\":\"ImageObject\",\"inLanguage\":\"pt-BR\",\"@id\":\"https:\\\/\\\/marcelolopes.jor.br\\\/site\\\/#\\\/schema\\\/logo\\\/image\\\/\",\"url\":\"https:\\\/\\\/marcelolopes.jor.br\\\/site\\\/wp-content\\\/uploads\\\/2024\\\/11\\\/logo-1.png\",\"contentUrl\":\"https:\\\/\\\/marcelolopes.jor.br\\\/site\\\/wp-content\\\/uploads\\\/2024\\\/11\\\/logo-1.png\",\"width\":475,\"height\":80,\"caption\":\"Site do Marcelo Lopes\"},\"image\":{\"@id\":\"https:\\\/\\\/marcelolopes.jor.br\\\/site\\\/#\\\/schema\\\/logo\\\/image\\\/\"},\"sameAs\":[\"https:\\\/\\\/www.facebook.com\\\/sitedomarcelolopes\",\"https:\\\/\\\/www.instagram.com\\\/sitedomarcelolopes\\\/\",\"https:\\\/\\\/www.linkedin.com\\\/company\\\/site-do-marcelo-lopes\\\/\",\"https:\\\/\\\/www.youtube.com\\\/user\\\/marcelolopes957\"]},{\"@type\":\"Person\",\"@id\":\"https:\\\/\\\/marcelolopes.jor.br\\\/site\\\/#\\\/schema\\\/person\\\/3e7216a35c34d8fdf952b31da3d1f89f\",\"name\":\"Marcelo Lopes\",\"sameAs\":[\"http:\\\/\\\/www.marcelolopes.jor.br\"],\"url\":\"https:\\\/\\\/marcelolopes.jor.br\\\/site\\\/author\\\/marcelo\\\/\"}]}<\/script>\n<!-- \/ Yoast SEO plugin. -->","yoast_head_json":{"title":"Lagoa de esgoto no S\u00e3o Marcos mobiliza Pol\u00edcia Militar do Meio Ambiente | Marcelo Lopes","robots":{"index":"index","follow":"follow","max-snippet":"max-snippet:-1","max-image-preview":"max-image-preview:large","max-video-preview":"max-video-preview:-1"},"canonical":"https:\/\/marcelolopes.jor.br\/site\/2021\/10\/01\/lagoa-de-esgoto-no-sao-marcos-mobiliza-policia-militar-do-meio-ambiente\/","og_locale":"pt_BR","og_type":"article","og_title":"Lagoa de esgoto no S\u00e3o Marcos mobiliza Pol\u00edcia Militar do Meio Ambiente | Marcelo Lopes","og_description":"Den\u00fancia de moradores do Bairro S\u00e3o Marcos levou a uma dilig\u00eancia conjunta da Secretaria Municipal de Meio Ambiente, Procuradoria do Munic\u00edpio, Pol\u00edcia Militar do Meio Ambiente e Minist\u00e9rio P\u00fablico no Bairro S\u00e3o Marcos nesta sexta-feira, 1\u00ba de outubro. O motivoLeia mais Lagoa de esgoto no S\u00e3o Marcos mobiliza Pol\u00edcia Militar do Meio Ambiente","og_url":"https:\/\/marcelolopes.jor.br\/site\/2021\/10\/01\/lagoa-de-esgoto-no-sao-marcos-mobiliza-policia-militar-do-meio-ambiente\/","og_site_name":"Marcelo Lopes","article_publisher":"https:\/\/www.facebook.com\/sitedomarcelolopes","article_published_time":"2021-10-01T15:00:56+00:00","og_image":[{"width":1280,"height":720,"url":"https:\/\/marcelolopes.jor.br\/site\/wp-content\/uploads\/2021\/10\/WhatsApp-Image-2021-10-01-at-11.33.47.jpeg","type":"image\/jpeg"}],"author":"Marcelo Lopes","twitter_card":"summary_large_image","twitter_misc":{"Escrito por":"Marcelo Lopes","Est. tempo de leitura":"1 minuto"},"schema":{"@context":"https:\/\/schema.org","@graph":[{"@type":"NewsArticle","@id":"https:\/\/marcelolopes.jor.br\/site\/2021\/10\/01\/lagoa-de-esgoto-no-sao-marcos-mobiliza-policia-militar-do-meio-ambiente\/#article","isPartOf":{"@id":"https:\/\/marcelolopes.jor.br\/site\/2021\/10\/01\/lagoa-de-esgoto-no-sao-marcos-mobiliza-policia-militar-do-meio-ambiente\/"},"author":{"name":"Marcelo Lopes","@id":"https:\/\/marcelolopes.jor.br\/site\/#\/schema\/person\/3e7216a35c34d8fdf952b31da3d1f89f"},"headline":"Lagoa de esgoto no S\u00e3o Marcos mobiliza Pol\u00edcia Militar do Meio Ambiente","datePublished":"2021-10-01T15:00:56+00:00","mainEntityOfPage":{"@id":"https:\/\/marcelolopes.jor.br\/site\/2021\/10\/01\/lagoa-de-esgoto-no-sao-marcos-mobiliza-policia-militar-do-meio-ambiente\/"},"wordCount":283,"commentCount":0,"publisher":{"@id":"https:\/\/marcelolopes.jor.br\/site\/#organization"},"image":{"@id":"https:\/\/marcelolopes.jor.br\/site\/2021\/10\/01\/lagoa-de-esgoto-no-sao-marcos-mobiliza-policia-militar-do-meio-ambiente\/#primaryimage"},"thumbnailUrl":"https:\/\/marcelolopes.jor.br\/site\/wp-content\/uploads\/2021\/10\/WhatsApp-Image-2021-10-01-at-11.33.47.jpeg","keywords":["Copasa","esgoto","lagoa de esgoto","S\u00e3o Marcos"],"articleSection":["Not\u00edcias"],"inLanguage":"pt-BR","potentialAction":[{"@type":"CommentAction","name":"Comment","target":["https:\/\/marcelolopes.jor.br\/site\/2021\/10\/01\/lagoa-de-esgoto-no-sao-marcos-mobiliza-policia-militar-do-meio-ambiente\/#respond"]}]},{"@type":"WebPage","@id":"https:\/\/marcelolopes.jor.br\/site\/2021\/10\/01\/lagoa-de-esgoto-no-sao-marcos-mobiliza-policia-militar-do-meio-ambiente\/","url":"https:\/\/marcelolopes.jor.br\/site\/2021\/10\/01\/lagoa-de-esgoto-no-sao-marcos-mobiliza-policia-militar-do-meio-ambiente\/","name":"Lagoa de esgoto no S\u00e3o Marcos mobiliza Pol\u00edcia Militar do Meio Ambiente | Marcelo Lopes","isPartOf":{"@id":"https:\/\/marcelolopes.jor.br\/site\/#website"},"primaryImageOfPage":{"@id":"https:\/\/marcelolopes.jor.br\/site\/2021\/10\/01\/lagoa-de-esgoto-no-sao-marcos-mobiliza-policia-militar-do-meio-ambiente\/#primaryimage"},"image":{"@id":"https:\/\/marcelolopes.jor.br\/site\/2021\/10\/01\/lagoa-de-esgoto-no-sao-marcos-mobiliza-policia-militar-do-meio-ambiente\/#primaryimage"},"thumbnailUrl":"https:\/\/marcelolopes.jor.br\/site\/wp-content\/uploads\/2021\/10\/WhatsApp-Image-2021-10-01-at-11.33.47.jpeg","datePublished":"2021-10-01T15:00:56+00:00","breadcrumb":{"@id":"https:\/\/marcelolopes.jor.br\/site\/2021\/10\/01\/lagoa-de-esgoto-no-sao-marcos-mobiliza-policia-militar-do-meio-ambiente\/#breadcrumb"},"inLanguage":"pt-BR","potentialAction":[{"@type":"ReadAction","target":["https:\/\/marcelolopes.jor.br\/site\/2021\/10\/01\/lagoa-de-esgoto-no-sao-marcos-mobiliza-policia-militar-do-meio-ambiente\/"]}]},{"@type":"ImageObject","inLanguage":"pt-BR","@id":"https:\/\/marcelolopes.jor.br\/site\/2021\/10\/01\/lagoa-de-esgoto-no-sao-marcos-mobiliza-policia-militar-do-meio-ambiente\/#primaryimage","url":"https:\/\/marcelolopes.jor.br\/site\/wp-content\/uploads\/2021\/10\/WhatsApp-Image-2021-10-01-at-11.33.47.jpeg","contentUrl":"https:\/\/marcelolopes.jor.br\/site\/wp-content\/uploads\/2021\/10\/WhatsApp-Image-2021-10-01-at-11.33.47.jpeg","width":1280,"height":720},{"@type":"BreadcrumbList","@id":"https:\/\/marcelolopes.jor.br\/site\/2021\/10\/01\/lagoa-de-esgoto-no-sao-marcos-mobiliza-policia-militar-do-meio-ambiente\/#breadcrumb","itemListElement":[{"@type":"ListItem","position":1,"name":"Home","item":"https:\/\/marcelolopes.jor.br\/site\/"},{"@type":"ListItem","position":2,"name":"Lagoa de esgoto no S\u00e3o Marcos mobiliza Pol\u00edcia Militar do Meio Ambiente"}]},{"@type":"WebSite","@id":"https:\/\/marcelolopes.jor.br\/site\/#website","url":"https:\/\/marcelolopes.jor.br\/site\/","name":"Marcelo Lopes","description":"Not\u00edcias de Cataguases e Regi\u00e3o","publisher":{"@id":"https:\/\/marcelolopes.jor.br\/site\/#organization"},"potentialAction":[{"@type":"SearchAction","target":{"@type":"EntryPoint","urlTemplate":"https:\/\/marcelolopes.jor.br\/site\/?s={search_term_string}"},"query-input":{"@type":"PropertyValueSpecification","valueRequired":true,"valueName":"search_term_string"}}],"inLanguage":"pt-BR"},{"@type":"Organization","@id":"https:\/\/marcelolopes.jor.br\/site\/#organization","name":"Site do Marcelo Lopes","url":"https:\/\/marcelolopes.jor.br\/site\/","logo":{"@type":"ImageObject","inLanguage":"pt-BR","@id":"https:\/\/marcelolopes.jor.br\/site\/#\/schema\/logo\/image\/","url":"https:\/\/marcelolopes.jor.br\/site\/wp-content\/uploads\/2024\/11\/logo-1.png","contentUrl":"https:\/\/marcelolopes.jor.br\/site\/wp-content\/uploads\/2024\/11\/logo-1.png","width":475,"height":80,"caption":"Site do Marcelo Lopes"},"image":{"@id":"https:\/\/marcelolopes.jor.br\/site\/#\/schema\/logo\/image\/"},"sameAs":["https:\/\/www.facebook.com\/sitedomarcelolopes","https:\/\/www.instagram.com\/sitedomarcelolopes\/","https:\/\/www.linkedin.com\/company\/site-do-marcelo-lopes\/","https:\/\/www.youtube.com\/user\/marcelolopes957"]},{"@type":"Person","@id":"https:\/\/marcelolopes.jor.br\/site\/#\/schema\/person\/3e7216a35c34d8fdf952b31da3d1f89f","name":"Marcelo Lopes","sameAs":["http:\/\/www.marcelolopes.jor.br"],"url":"https:\/\/marcelolopes.jor.br\/site\/author\/marcelo\/"}]}},"wps_subtitle":"Primeira den\u00fancia aconteceu em agosto e equipe da Copasa trabalha no local.","_links":{"self":[{"href":"https:\/\/marcelolopes.jor.br\/site\/wp-json\/wp\/v2\/posts\/27347","targetHints":{"allow":["GET"]}}],"collection":[{"href":"https:\/\/marcelolopes.jor.br\/site\/wp-json\/wp\/v2\/posts"}],"about":[{"href":"https:\/\/marcelolopes.jor.br\/site\/wp-json\/wp\/v2\/types\/post"}],"author":[{"embeddable":true,"href":"https:\/\/marcelolopes.jor.br\/site\/wp-json\/wp\/v2\/users\/2"}],"replies":[{"embeddable":true,"href":"https:\/\/marcelolopes.jor.br\/site\/wp-json\/wp\/v2\/comments?post=27347"}],"version-history":[{"count":0,"href":"https:\/\/marcelolopes.jor.br\/site\/wp-json\/wp\/v2\/posts\/27347\/revisions"}],"wp:featuredmedia":[{"embeddable":true,"href":"https:\/\/marcelolopes.jor.br\/site\/wp-json\/wp\/v2\/media\/27349"}],"wp:attachment":[{"href":"https:\/\/marcelolopes.jor.br\/site\/wp-json\/wp\/v2\/media?parent=27347"}],"wp:term":[{"taxonomy":"category","embeddable":true,"href":"https:\/\/marcelolopes.jor.br\/site\/wp-json\/wp\/v2\/categories?post=27347"},{"taxonomy":"post_tag","embeddable":true,"href":"https:\/\/marcelolopes.jor.br\/site\/wp-json\/wp\/v2\/tags?post=27347"}],"curies":[{"name":"wp","href":"https:\/\/api.w.org\/{rel}","templated":true}]}}